{"id":8892,"date":"2025-09-03T20:59:46","date_gmt":"2025-09-03T18:59:46","guid":{"rendered":"https:\/\/lavoixdelanation.tg\/?p=8892"},"modified":"2025-09-04T21:06:06","modified_gmt":"2025-09-04T19:06:06","slug":"togo-renforcement-des-dispositifs-securitaires-a-la-frontiere-ouest-du-grand-lome","status":"publish","type":"post","link":"https:\/\/lavoixdelanation.tg\/index.php\/2025\/09\/03\/togo-renforcement-des-dispositifs-securitaires-a-la-frontiere-ouest-du-grand-lome\/","title":{"rendered":"Togo\u00a0: Renforcement des dispositifs s\u00e9curitaires \u00e0 la fronti\u00e8re ouest du Grand Lom\u00e9"},"content":{"rendered":"\n<p><strong>Le Gouvernement togolais a engag\u00e9 un processus de renforcement des dispositifs de contr\u00f4le et de surveillance sur la fronti\u00e8re ouest, dans le District autonome du Grand Lom\u00e9 (DAGL).<\/strong><\/p>\n\n\n\n<p>Cette mesure fait suite \u00e0 une \u00e9valuation rigoureuse de la situation s\u00e9curitaire dans la ville de Lom\u00e9, selon le Ministre de la s\u00e9curit\u00e9 et de la protection civile, Calixte Batossie Madjoulba.<\/p>\n\n\n\n<p>Dans un communiqu\u00e9 publi\u00e9 \u00e0 cet effet ce 02 septembre 2025, le ministre a indiqu\u00e9 que cette initiative s&rsquo;inscrit dans une d\u00e9marche visant \u00e0 renforcer le dispositif de s\u00e9curisation du territoire afin de garantir son int\u00e9grit\u00e9 face aux menaces internes et externes.<\/p>\n\n\n\n<p>Elle vise particuli\u00e8rement \u00e0 lutter contre la criminalit\u00e9 sous toutes ses formes et \u00e0 endiguer les menaces croissantes li\u00e9es notamment \u00e0 l&rsquo;immigration irr\u00e9guli\u00e8re, aux trafics transfrontaliers illicites, ainsi qu&rsquo;aux atteintes \u00e0 la s\u00e9curit\u00e9 publique observ\u00e9es dans certaines zones sensibles.<\/p>\n\n\n\n<p class=\"has-text-align-center\"><strong>Les activit\u00e9s illicites identifi\u00e9es<\/strong><\/p>\n\n\n\n<p>Parmi les activit\u00e9s illicites identifi\u00e9es figurent notamment selon le gouvernement, le trafic de drogue et de produits prohib\u00e9s, la traite des \u00eatres humains et le transport de migrants en situation irr\u00e9guli\u00e8re, la contrebande de marchandises (carburant, gaz, m\u00e9dicaments, denr\u00e9es, etc.), le trafic d&rsquo;armes et de munitions, la contrebande de ressources naturelles. A cela s\u2019ajoute \u00e9galement le trafic transfrontalier de v\u00e9hicules et de motos vol\u00e9s, souvent utilis\u00e9s \u00e0 des fins criminelles.<\/p>\n\n\n\n<p class=\"has-text-align-center\"><strong>Les mesures prises<\/strong><\/p>\n\n\n\n<p>Pour y rem\u00e9dier, des mesures sont imm\u00e9diatement mises en vigueur dans le Grand Lom\u00e9. Il s\u2019agit de la fermeture de tous les points de passage non autoris\u00e9s et des br\u00e8ches clandestines identifi\u00e9es le long de la fronti\u00e8re ouest, du renforcement des dispositifs de surveillance, avec une red\u00e9finition du dispositif s\u00e9curitaire dans les zones frontali\u00e8res.<\/p>\n\n\n\n<p>Par ailleurs, afin de faciliter les \u00e9changes transfrontaliers et de permettre aux paisibles populations riveraines de poursuivre, sans d\u00e9sagr\u00e9ments, leurs activit\u00e9s, des postes d&rsquo;immigration sont sp\u00e9cialement am\u00e9nag\u00e9s tout le long de la fronti\u00e8re.<\/p>\n\n\n\n<p>Dans le ressort des services d&rsquo;immigration de S\u00e9gb\u00e9, il s&rsquo;agit de AKPOKPLO\u00c9, YOKO\u00c9 COPEGAN, LANKOUVI, AKATO VIEP\u00c9,<\/p>\n\n\n\n<p>Dans le ressort des services d&rsquo;immigration d&rsquo;Aflao, il s\u2019agit de KODOM\u00c9, CASABLANCA, TODMAN et ADJINAMOTO.<\/p>\n\n\n\n<p>\u00ab&nbsp;Ces huit (08) postes d&rsquo;immigration \u00e0 franchissement pi\u00e9ton sont d\u00e9sormais les seuls autoris\u00e9s pour les travers\u00e9es \u00e0 pied dans la zone frontali\u00e8re du District Autonome du Grand Lom\u00e9. Tous les franchissements en v\u00e9hicules, motos et tricycles doivent obligatoirement s&rsquo;effectuer par les postes frontaliers officiels de S\u00e9gb\u00e9 et d&rsquo;Aflao. Tout franchissement effectu\u00e9 en violation de ces prescriptions sera constitutif d&rsquo;une infraction et sera sanctionn\u00e9 conform\u00e9ment \u00e0 la loi et aux r\u00e8glements en vigueur&nbsp;\u00bb, pr\u00e9cise le ministre de la s\u00e9curit\u00e9.<\/p>\n\n\n\n<p>\u00ab&nbsp;Ces mesures de s\u00e9curisation des fronti\u00e8res seront progressivement \u00e9tendues aux autres r\u00e9gions du pays, en fonction des \u00e9valuations locales et des priorit\u00e9s strat\u00e9giques d\u00e9finies par le Gouvernement&nbsp;\u00bb, a-t-il ajout\u00e9, exhortant les populations concern\u00e9es \u00e0 respecter strictement les consignes en mati\u00e8re de franchissement des fronti\u00e8res, et \u00e0 coop\u00e9rer pleinement avec les forces de d\u00e9fense, de s\u00e9curit\u00e9 et les agents d&rsquo;immigration.<\/p>\n\n\n\n<p>Les populations sont \u00e9galement invit\u00e9es \u00e0 signaler sans d\u00e9lai, tout comportement suspect ou toute activit\u00e9 irr\u00e9guli\u00e8re en appelant le num\u00e9ro gratuit 1014.<\/p>\n\n\n\n<p>&nbsp;\u00ab&nbsp;Ces mesures visent \u00e0 prot\u00e9ger notre territoire, \u00e0 pr\u00e9server l&rsquo;ordre public et \u00e0 garantir la s\u00e9curit\u00e9 des citoyens. Leur succ\u00e8s repose sur la mobilisation et l&rsquo;engagement de tous&nbsp;\u00bb, a rappel\u00e9 le ministre de la s\u00e9curit\u00e9 et de la protection civile, Calixte Batossie MADJOULBA.<\/p>\n\n\n\n<p><strong>La R\u00e9daction<\/strong><\/p>\n","protected":false},"excerpt":{"rendered":"<p>Le Gouvernement togolais a engag\u00e9 un processus de renforcement des dispositifs de contr\u00f4le et de surveillance sur la fronti\u00e8re ouest, dans le District autonome du Grand Lom\u00e9 (DAGL). Cette mesure&hellip; <\/p>\n","protected":false},"author":1,"featured_media":8893,"comment_status":"open","ping_status":"closed","sticky":false,"template":"","format":"standard","meta":{"footnotes":""},"categories":[29],"tags":[384,125,39],"class_list":["post-8892","post","type-post","status-publish","format-standard","has-post-thumbnail","hentry","category-societe","tag-grand-lome","tag-securite","tag-togo"],"yoast_head":"<!-- This site is optimized with the Yoast SEO plugin v26.4 - https:\/\/yoast.com\/wordpress\/plugins\/seo\/ -->\n<title>Togo\u00a0: Renforcement des dispositifs s\u00e9curitaires \u00e0 la fronti\u00e8re ouest du Grand Lom\u00e9 - La Voix de la Nation<\/title>\n<meta name=\"robots\" content=\"index, follow, max-snippet:-1, max-image-preview:large, max-video-preview:-1\" \/>\n<link rel=\"canonical\" href=\"https:\/\/lavoixdelanation.tg\/index.php\/2025\/09\/03\/togo-renforcement-des-dispositifs-securitaires-a-la-frontiere-ouest-du-grand-lome\/\" \/>\n<meta property=\"og:locale\" content=\"fr_FR\" \/>\n<meta property=\"og:type\" content=\"article\" \/>\n<meta property=\"og:title\" content=\"Togo\u00a0: Renforcement des dispositifs s\u00e9curitaires \u00e0 la fronti\u00e8re ouest du Grand Lom\u00e9 - La Voix de la Nation\" \/>\n<meta property=\"og:description\" content=\"Le Gouvernement togolais a engag\u00e9 un processus de renforcement des dispositifs de contr\u00f4le et de surveillance sur la fronti\u00e8re ouest, dans le District autonome du Grand Lom\u00e9 (DAGL). Cette mesure&hellip;\" \/>\n<meta property=\"og:url\" content=\"https:\/\/lavoixdelanation.tg\/index.php\/2025\/09\/03\/togo-renforcement-des-dispositifs-securitaires-a-la-frontiere-ouest-du-grand-lome\/\" \/>\n<meta property=\"og:site_name\" content=\"La Voix de la Nation\" \/>\n<meta property=\"article:publisher\" content=\"https:\/\/www.facebook.com\/lavoixdelanation\" \/>\n<meta property=\"article:published_time\" content=\"2025-09-03T18:59:46+00:00\" \/>\n<meta property=\"article:modified_time\" content=\"2025-09-04T19:06:06+00:00\" \/>\n<meta property=\"og:image\" content=\"https:\/\/lavoixdelanation.tg\/wp-content\/uploads\/2025\/09\/Ambassadeur-Calixte-Batossie-MADJOULBA-Ministre-de-la-securite-et-de-la-protection-civile.jpg\" \/>\n\t<meta property=\"og:image:width\" content=\"489\" \/>\n\t<meta property=\"og:image:height\" content=\"334\" \/>\n\t<meta property=\"og:image:type\" content=\"image\/jpeg\" \/>\n<meta name=\"author\" content=\"La voix de la nation\" \/>\n<meta name=\"twitter:card\" content=\"summary_large_image\" \/>\n<meta name=\"twitter:label1\" content=\"\u00c9crit par\" \/>\n\t<meta name=\"twitter:data1\" content=\"La voix de la nation\" \/>\n\t<meta name=\"twitter:label2\" content=\"Dur\u00e9e de lecture estim\u00e9e\" \/>\n\t<meta name=\"twitter:data2\" content=\"3 minutes\" \/>\n<script type=\"application\/ld+json\" class=\"yoast-schema-graph\">{\"@context\":\"https:\/\/schema.org\",\"@graph\":[{\"@type\":\"Article\",\"@id\":\"https:\/\/lavoixdelanation.tg\/index.php\/2025\/09\/03\/togo-renforcement-des-dispositifs-securitaires-a-la-frontiere-ouest-du-grand-lome\/#article\",\"isPartOf\":{\"@id\":\"https:\/\/lavoixdelanation.tg\/index.php\/2025\/09\/03\/togo-renforcement-des-dispositifs-securitaires-a-la-frontiere-ouest-du-grand-lome\/\"},\"author\":{\"name\":\"La voix de la nation\",\"@id\":\"https:\/\/lavoixdelanation.tg\/#\/schema\/person\/6c489293aa38053673a9e554acb6e224\"},\"headline\":\"Togo\u00a0: Renforcement des dispositifs s\u00e9curitaires \u00e0 la fronti\u00e8re ouest du Grand Lom\u00e9\",\"datePublished\":\"2025-09-03T18:59:46+00:00\",\"dateModified\":\"2025-09-04T19:06:06+00:00\",\"mainEntityOfPage\":{\"@id\":\"https:\/\/lavoixdelanation.tg\/index.php\/2025\/09\/03\/togo-renforcement-des-dispositifs-securitaires-a-la-frontiere-ouest-du-grand-lome\/\"},\"wordCount\":634,\"commentCount\":0,\"publisher\":{\"@id\":\"https:\/\/lavoixdelanation.tg\/#organization\"},\"image\":{\"@id\":\"https:\/\/lavoixdelanation.tg\/index.php\/2025\/09\/03\/togo-renforcement-des-dispositifs-securitaires-a-la-frontiere-ouest-du-grand-lome\/#primaryimage\"},\"thumbnailUrl\":\"https:\/\/lavoixdelanation.tg\/wp-content\/uploads\/2025\/09\/Ambassadeur-Calixte-Batossie-MADJOULBA-Ministre-de-la-securite-et-de-la-protection-civile.jpg\",\"keywords\":[\"Grand Lom\u00e9\",\"S\u00e9curit\u00e9\",\"Togo\"],\"articleSection\":[\"Soci\u00e9t\u00e9\"],\"inLanguage\":\"fr-FR\",\"potentialAction\":[{\"@type\":\"CommentAction\",\"name\":\"Comment\",\"target\":[\"https:\/\/lavoixdelanation.tg\/index.php\/2025\/09\/03\/togo-renforcement-des-dispositifs-securitaires-a-la-frontiere-ouest-du-grand-lome\/#respond\"]}]},{\"@type\":\"WebPage\",\"@id\":\"https:\/\/lavoixdelanation.tg\/index.php\/2025\/09\/03\/togo-renforcement-des-dispositifs-securitaires-a-la-frontiere-ouest-du-grand-lome\/\",\"url\":\"https:\/\/lavoixdelanation.tg\/index.php\/2025\/09\/03\/togo-renforcement-des-dispositifs-securitaires-a-la-frontiere-ouest-du-grand-lome\/\",\"name\":\"Togo\u00a0: Renforcement des dispositifs s\u00e9curitaires \u00e0 la fronti\u00e8re ouest du Grand Lom\u00e9 - La Voix de la Nation\",\"isPartOf\":{\"@id\":\"https:\/\/lavoixdelanation.tg\/#website\"},\"primaryImageOfPage\":{\"@id\":\"https:\/\/lavoixdelanation.tg\/index.php\/2025\/09\/03\/togo-renforcement-des-dispositifs-securitaires-a-la-frontiere-ouest-du-grand-lome\/#primaryimage\"},\"image\":{\"@id\":\"https:\/\/lavoixdelanation.tg\/index.php\/2025\/09\/03\/togo-renforcement-des-dispositifs-securitaires-a-la-frontiere-ouest-du-grand-lome\/#primaryimage\"},\"thumbnailUrl\":\"https:\/\/lavoixdelanation.tg\/wp-content\/uploads\/2025\/09\/Ambassadeur-Calixte-Batossie-MADJOULBA-Ministre-de-la-securite-et-de-la-protection-civile.jpg\",\"datePublished\":\"2025-09-03T18:59:46+00:00\",\"dateModified\":\"2025-09-04T19:06:06+00:00\",\"breadcrumb\":{\"@id\":\"https:\/\/lavoixdelanation.tg\/index.php\/2025\/09\/03\/togo-renforcement-des-dispositifs-securitaires-a-la-frontiere-ouest-du-grand-lome\/#breadcrumb\"},\"inLanguage\":\"fr-FR\",\"potentialAction\":[{\"@type\":\"ReadAction\",\"target\":[\"https:\/\/lavoixdelanation.tg\/index.php\/2025\/09\/03\/togo-renforcement-des-dispositifs-securitaires-a-la-frontiere-ouest-du-grand-lome\/\"]}]},{\"@type\":\"ImageObject\",\"inLanguage\":\"fr-FR\",\"@id\":\"https:\/\/lavoixdelanation.tg\/index.php\/2025\/09\/03\/togo-renforcement-des-dispositifs-securitaires-a-la-frontiere-ouest-du-grand-lome\/#primaryimage\",\"url\":\"https:\/\/lavoixdelanation.tg\/wp-content\/uploads\/2025\/09\/Ambassadeur-Calixte-Batossie-MADJOULBA-Ministre-de-la-securite-et-de-la-protection-civile.jpg\",\"contentUrl\":\"https:\/\/lavoixdelanation.tg\/wp-content\/uploads\/2025\/09\/Ambassadeur-Calixte-Batossie-MADJOULBA-Ministre-de-la-securite-et-de-la-protection-civile.jpg\",\"width\":489,\"height\":334,\"caption\":\"Ambassadeur Calixte Batossie MADJOULBA, Ministre de la s\u00e9curit\u00e9 et de la protection civile\"},{\"@type\":\"BreadcrumbList\",\"@id\":\"https:\/\/lavoixdelanation.tg\/index.php\/2025\/09\/03\/togo-renforcement-des-dispositifs-securitaires-a-la-frontiere-ouest-du-grand-lome\/#breadcrumb\",\"itemListElement\":[{\"@type\":\"ListItem\",\"position\":1,\"name\":\"Accueil\",\"item\":\"https:\/\/lavoixdelanation.tg\/\"},{\"@type\":\"ListItem\",\"position\":2,\"name\":\"Togo\u00a0: Renforcement des dispositifs s\u00e9curitaires \u00e0 la fronti\u00e8re ouest du Grand Lom\u00e9\"}]},{\"@type\":\"WebSite\",\"@id\":\"https:\/\/lavoixdelanation.tg\/#website\",\"url\":\"https:\/\/lavoixdelanation.tg\/\",\"name\":\"La Voix de la Nation\",\"description\":\"R\u00e9c\u00e9piss\u00e9 n\u00b00108\/HAAC\/01-2024\/pl\/P\",\"publisher\":{\"@id\":\"https:\/\/lavoixdelanation.tg\/#organization\"},\"alternateName\":\"VON\",\"potentialAction\":[{\"@type\":\"SearchAction\",\"target\":{\"@type\":\"EntryPoint\",\"urlTemplate\":\"https:\/\/lavoixdelanation.tg\/?s={search_term_string}\"},\"query-input\":{\"@type\":\"PropertyValueSpecification\",\"valueRequired\":true,\"valueName\":\"search_term_string\"}}],\"inLanguage\":\"fr-FR\"},{\"@type\":\"Organization\",\"@id\":\"https:\/\/lavoixdelanation.tg\/#organization\",\"name\":\"La Voix de la Nation\",\"url\":\"https:\/\/lavoixdelanation.tg\/\",\"logo\":{\"@type\":\"ImageObject\",\"inLanguage\":\"fr-FR\",\"@id\":\"https:\/\/lavoixdelanation.tg\/#\/schema\/logo\/image\/\",\"url\":\"https:\/\/lavoixdelanation.tg\/wp-content\/uploads\/2024\/12\/lavn-1.png\",\"contentUrl\":\"https:\/\/lavoixdelanation.tg\/wp-content\/uploads\/2024\/12\/lavn-1.png\",\"width\":1024,\"height\":464,\"caption\":\"La Voix de la Nation\"},\"image\":{\"@id\":\"https:\/\/lavoixdelanation.tg\/#\/schema\/logo\/image\/\"},\"sameAs\":[\"https:\/\/www.facebook.com\/lavoixdelanation\"]},{\"@type\":\"Person\",\"@id\":\"https:\/\/lavoixdelanation.tg\/#\/schema\/person\/6c489293aa38053673a9e554acb6e224\",\"name\":\"La voix de la nation\",\"image\":{\"@type\":\"ImageObject\",\"inLanguage\":\"fr-FR\",\"@id\":\"https:\/\/lavoixdelanation.tg\/#\/schema\/person\/image\/\",\"url\":\"https:\/\/secure.gravatar.com\/avatar\/8aa135d4bbc794494cecaa8d483f6d6cc1023624868deaff686baed5e727a5a1?s=96&d=mm&r=g\",\"contentUrl\":\"https:\/\/secure.gravatar.com\/avatar\/8aa135d4bbc794494cecaa8d483f6d6cc1023624868deaff686baed5e727a5a1?s=96&d=mm&r=g\",\"caption\":\"La voix de la nation\"},\"sameAs\":[\"https:\/\/lavoixdelanation.tg\"],\"url\":\"https:\/\/lavoixdelanation.tg\/index.php\/author\/lavn\/\"}]}<\/script>\n<!-- \/ Yoast SEO plugin. -->","yoast_head_json":{"title":"Togo\u00a0: Renforcement des dispositifs s\u00e9curitaires \u00e0 la fronti\u00e8re ouest du Grand Lom\u00e9 - La Voix de la Nation","robots":{"index":"index","follow":"follow","max-snippet":"max-snippet:-1","max-image-preview":"max-image-preview:large","max-video-preview":"max-video-preview:-1"},"canonical":"https:\/\/lavoixdelanation.tg\/index.php\/2025\/09\/03\/togo-renforcement-des-dispositifs-securitaires-a-la-frontiere-ouest-du-grand-lome\/","og_locale":"fr_FR","og_type":"article","og_title":"Togo\u00a0: Renforcement des dispositifs s\u00e9curitaires \u00e0 la fronti\u00e8re ouest du Grand Lom\u00e9 - La Voix de la Nation","og_description":"Le Gouvernement togolais a engag\u00e9 un processus de renforcement des dispositifs de contr\u00f4le et de surveillance sur la fronti\u00e8re ouest, dans le District autonome du Grand Lom\u00e9 (DAGL). Cette mesure&hellip;","og_url":"https:\/\/lavoixdelanation.tg\/index.php\/2025\/09\/03\/togo-renforcement-des-dispositifs-securitaires-a-la-frontiere-ouest-du-grand-lome\/","og_site_name":"La Voix de la Nation","article_publisher":"https:\/\/www.facebook.com\/lavoixdelanation","article_published_time":"2025-09-03T18:59:46+00:00","article_modified_time":"2025-09-04T19:06:06+00:00","og_image":[{"width":489,"height":334,"url":"https:\/\/lavoixdelanation.tg\/wp-content\/uploads\/2025\/09\/Ambassadeur-Calixte-Batossie-MADJOULBA-Ministre-de-la-securite-et-de-la-protection-civile.jpg","type":"image\/jpeg"}],"author":"La voix de la nation","twitter_card":"summary_large_image","twitter_misc":{"\u00c9crit par":"La voix de la nation","Dur\u00e9e de lecture estim\u00e9e":"3 minutes"},"schema":{"@context":"https:\/\/schema.org","@graph":[{"@type":"Article","@id":"https:\/\/lavoixdelanation.tg\/index.php\/2025\/09\/03\/togo-renforcement-des-dispositifs-securitaires-a-la-frontiere-ouest-du-grand-lome\/#article","isPartOf":{"@id":"https:\/\/lavoixdelanation.tg\/index.php\/2025\/09\/03\/togo-renforcement-des-dispositifs-securitaires-a-la-frontiere-ouest-du-grand-lome\/"},"author":{"name":"La voix de la nation","@id":"https:\/\/lavoixdelanation.tg\/#\/schema\/person\/6c489293aa38053673a9e554acb6e224"},"headline":"Togo\u00a0: Renforcement des dispositifs s\u00e9curitaires \u00e0 la fronti\u00e8re ouest du Grand Lom\u00e9","datePublished":"2025-09-03T18:59:46+00:00","dateModified":"2025-09-04T19:06:06+00:00","mainEntityOfPage":{"@id":"https:\/\/lavoixdelanation.tg\/index.php\/2025\/09\/03\/togo-renforcement-des-dispositifs-securitaires-a-la-frontiere-ouest-du-grand-lome\/"},"wordCount":634,"commentCount":0,"publisher":{"@id":"https:\/\/lavoixdelanation.tg\/#organization"},"image":{"@id":"https:\/\/lavoixdelanation.tg\/index.php\/2025\/09\/03\/togo-renforcement-des-dispositifs-securitaires-a-la-frontiere-ouest-du-grand-lome\/#primaryimage"},"thumbnailUrl":"https:\/\/lavoixdelanation.tg\/wp-content\/uploads\/2025\/09\/Ambassadeur-Calixte-Batossie-MADJOULBA-Ministre-de-la-securite-et-de-la-protection-civile.jpg","keywords":["Grand Lom\u00e9","S\u00e9curit\u00e9","Togo"],"articleSection":["Soci\u00e9t\u00e9"],"inLanguage":"fr-FR","potentialAction":[{"@type":"CommentAction","name":"Comment","target":["https:\/\/lavoixdelanation.tg\/index.php\/2025\/09\/03\/togo-renforcement-des-dispositifs-securitaires-a-la-frontiere-ouest-du-grand-lome\/#respond"]}]},{"@type":"WebPage","@id":"https:\/\/lavoixdelanation.tg\/index.php\/2025\/09\/03\/togo-renforcement-des-dispositifs-securitaires-a-la-frontiere-ouest-du-grand-lome\/","url":"https:\/\/lavoixdelanation.tg\/index.php\/2025\/09\/03\/togo-renforcement-des-dispositifs-securitaires-a-la-frontiere-ouest-du-grand-lome\/","name":"Togo\u00a0: Renforcement des dispositifs s\u00e9curitaires \u00e0 la fronti\u00e8re ouest du Grand Lom\u00e9 - La Voix de la Nation","isPartOf":{"@id":"https:\/\/lavoixdelanation.tg\/#website"},"primaryImageOfPage":{"@id":"https:\/\/lavoixdelanation.tg\/index.php\/2025\/09\/03\/togo-renforcement-des-dispositifs-securitaires-a-la-frontiere-ouest-du-grand-lome\/#primaryimage"},"image":{"@id":"https:\/\/lavoixdelanation.tg\/index.php\/2025\/09\/03\/togo-renforcement-des-dispositifs-securitaires-a-la-frontiere-ouest-du-grand-lome\/#primaryimage"},"thumbnailUrl":"https:\/\/lavoixdelanation.tg\/wp-content\/uploads\/2025\/09\/Ambassadeur-Calixte-Batossie-MADJOULBA-Ministre-de-la-securite-et-de-la-protection-civile.jpg","datePublished":"2025-09-03T18:59:46+00:00","dateModified":"2025-09-04T19:06:06+00:00","breadcrumb":{"@id":"https:\/\/lavoixdelanation.tg\/index.php\/2025\/09\/03\/togo-renforcement-des-dispositifs-securitaires-a-la-frontiere-ouest-du-grand-lome\/#breadcrumb"},"inLanguage":"fr-FR","potentialAction":[{"@type":"ReadAction","target":["https:\/\/lavoixdelanation.tg\/index.php\/2025\/09\/03\/togo-renforcement-des-dispositifs-securitaires-a-la-frontiere-ouest-du-grand-lome\/"]}]},{"@type":"ImageObject","inLanguage":"fr-FR","@id":"https:\/\/lavoixdelanation.tg\/index.php\/2025\/09\/03\/togo-renforcement-des-dispositifs-securitaires-a-la-frontiere-ouest-du-grand-lome\/#primaryimage","url":"https:\/\/lavoixdelanation.tg\/wp-content\/uploads\/2025\/09\/Ambassadeur-Calixte-Batossie-MADJOULBA-Ministre-de-la-securite-et-de-la-protection-civile.jpg","contentUrl":"https:\/\/lavoixdelanation.tg\/wp-content\/uploads\/2025\/09\/Ambassadeur-Calixte-Batossie-MADJOULBA-Ministre-de-la-securite-et-de-la-protection-civile.jpg","width":489,"height":334,"caption":"Ambassadeur Calixte Batossie MADJOULBA, Ministre de la s\u00e9curit\u00e9 et de la protection civile"},{"@type":"BreadcrumbList","@id":"https:\/\/lavoixdelanation.tg\/index.php\/2025\/09\/03\/togo-renforcement-des-dispositifs-securitaires-a-la-frontiere-ouest-du-grand-lome\/#breadcrumb","itemListElement":[{"@type":"ListItem","position":1,"name":"Accueil","item":"https:\/\/lavoixdelanation.tg\/"},{"@type":"ListItem","position":2,"name":"Togo\u00a0: Renforcement des dispositifs s\u00e9curitaires \u00e0 la fronti\u00e8re ouest du Grand Lom\u00e9"}]},{"@type":"WebSite","@id":"https:\/\/lavoixdelanation.tg\/#website","url":"https:\/\/lavoixdelanation.tg\/","name":"La Voix de la Nation","description":"R\u00e9c\u00e9piss\u00e9 n\u00b00108\/HAAC\/01-2024\/pl\/P","publisher":{"@id":"https:\/\/lavoixdelanation.tg\/#organization"},"alternateName":"VON","potentialAction":[{"@type":"SearchAction","target":{"@type":"EntryPoint","urlTemplate":"https:\/\/lavoixdelanation.tg\/?s={search_term_string}"},"query-input":{"@type":"PropertyValueSpecification","valueRequired":true,"valueName":"search_term_string"}}],"inLanguage":"fr-FR"},{"@type":"Organization","@id":"https:\/\/lavoixdelanation.tg\/#organization","name":"La Voix de la Nation","url":"https:\/\/lavoixdelanation.tg\/","logo":{"@type":"ImageObject","inLanguage":"fr-FR","@id":"https:\/\/lavoixdelanation.tg\/#\/schema\/logo\/image\/","url":"https:\/\/lavoixdelanation.tg\/wp-content\/uploads\/2024\/12\/lavn-1.png","contentUrl":"https:\/\/lavoixdelanation.tg\/wp-content\/uploads\/2024\/12\/lavn-1.png","width":1024,"height":464,"caption":"La Voix de la Nation"},"image":{"@id":"https:\/\/lavoixdelanation.tg\/#\/schema\/logo\/image\/"},"sameAs":["https:\/\/www.facebook.com\/lavoixdelanation"]},{"@type":"Person","@id":"https:\/\/lavoixdelanation.tg\/#\/schema\/person\/6c489293aa38053673a9e554acb6e224","name":"La voix de la nation","image":{"@type":"ImageObject","inLanguage":"fr-FR","@id":"https:\/\/lavoixdelanation.tg\/#\/schema\/person\/image\/","url":"https:\/\/secure.gravatar.com\/avatar\/8aa135d4bbc794494cecaa8d483f6d6cc1023624868deaff686baed5e727a5a1?s=96&d=mm&r=g","contentUrl":"https:\/\/secure.gravatar.com\/avatar\/8aa135d4bbc794494cecaa8d483f6d6cc1023624868deaff686baed5e727a5a1?s=96&d=mm&r=g","caption":"La voix de la nation"},"sameAs":["https:\/\/lavoixdelanation.tg"],"url":"https:\/\/lavoixdelanation.tg\/index.php\/author\/lavn\/"}]}},"_links":{"self":[{"href":"https:\/\/lavoixdelanation.tg\/index.php\/wp-json\/wp\/v2\/posts\/8892","targetHints":{"allow":["GET"]}}],"collection":[{"href":"https:\/\/lavoixdelanation.tg\/index.php\/wp-json\/wp\/v2\/posts"}],"about":[{"href":"https:\/\/lavoixdelanation.tg\/index.php\/wp-json\/wp\/v2\/types\/post"}],"author":[{"embeddable":true,"href":"https:\/\/lavoixdelanation.tg\/index.php\/wp-json\/wp\/v2\/users\/1"}],"replies":[{"embeddable":true,"href":"https:\/\/lavoixdelanation.tg\/index.php\/wp-json\/wp\/v2\/comments?post=8892"}],"version-history":[{"count":1,"href":"https:\/\/lavoixdelanation.tg\/index.php\/wp-json\/wp\/v2\/posts\/8892\/revisions"}],"predecessor-version":[{"id":8894,"href":"https:\/\/lavoixdelanation.tg\/index.php\/wp-json\/wp\/v2\/posts\/8892\/revisions\/8894"}],"wp:featuredmedia":[{"embeddable":true,"href":"https:\/\/lavoixdelanation.tg\/index.php\/wp-json\/wp\/v2\/media\/8893"}],"wp:attachment":[{"href":"https:\/\/lavoixdelanation.tg\/index.php\/wp-json\/wp\/v2\/media?parent=8892"}],"wp:term":[{"taxonomy":"category","embeddable":true,"href":"https:\/\/lavoixdelanation.tg\/index.php\/wp-json\/wp\/v2\/categories?post=8892"},{"taxonomy":"post_tag","embeddable":true,"href":"https:\/\/lavoixdelanation.tg\/index.php\/wp-json\/wp\/v2\/tags?post=8892"}],"curies":[{"name":"wp","href":"https:\/\/api.w.org\/{rel}","templated":true}]}}