{"id":8888,"date":"2025-09-02T20:28:01","date_gmt":"2025-09-02T18:28:01","guid":{"rendered":"https:\/\/lavoixdelanation.tg\/?p=8888"},"modified":"2025-09-04T20:38:00","modified_gmt":"2025-09-04T18:38:00","slug":"mamadou-moustapha-loum-nouvel-ambassadeur-du-senegal-au-togo","status":"publish","type":"post","link":"https:\/\/lavoixdelanation.tg\/index.php\/2025\/09\/02\/mamadou-moustapha-loum-nouvel-ambassadeur-du-senegal-au-togo\/","title":{"rendered":"Mamadou Moustapha Loum, nouvel ambassadeur du S\u00e9n\u00e9gal au Togo"},"content":{"rendered":"\n<p><strong>Le S\u00e9n\u00e9gal dispose d\u2019un nouvel ambassadeur au Togo en la personne du diplomate Mamadou Moustapha Loum. Il a pr\u00e9sent\u00e9 ce lundi 1er septembre 2025, la copie de ses lettres de cr\u00e9ance au ministre togolais des affaires \u00e9trang\u00e8res, Pr Robert Dussey.<\/strong><\/p>\n\n\n\n<p>\u00ab Bienvenu \u00e0 Lom\u00e9 \u00e0 M. Mamadou Moustapha LOUM, nouvel Ambassadeur d\u00e9sign\u00e9 du S\u00e9n\u00e9gal au Togo. Nos deux pays, membres fondateurs de la CEDEAO sont li\u00e9s par l\u2019histoire et une coop\u00e9ration bilat\u00e9rale exceptionnelle \u00bb, a indiqu\u00e9 le patron de la diplomatie togolaise.<\/p>\n\n\n\n<p>Nomm\u00e9 en juillet dernier, le nouvel ambassadeur est pr\u00e9c\u00e9demment consul g\u00e9n\u00e9ral \u00e0 Madrid en Espagne. \u00c0 Lom\u00e9, Moustapha Loum aura pour mission de renforcer davantage la coop\u00e9ration entre les deux pays.<\/p>\n\n\n\n<p><strong>Lire aussi\u00a0: <a href=\"https:\/\/lavoixdelanation.tg\/index.php\/2025\/07\/26\/cooperation-ce-quil-faut-retenir-de-la-visite-du-president-senegalais-diomaye-faye-au-togo\/\">Coop\u00e9ration\u00a0: Ce qu\u2019il faut retenir de la visite du Pr\u00e9sident S\u00e9n\u00e9galais Diomaye Faye au Togo<\/a><\/strong><\/p>\n\n\n\n<p>Le nouveau diplomate sera formellement accr\u00e9dit\u00e9 par le pr\u00e9sident de la R\u00e9publique.<\/p>\n\n\n\n<p>Pour rappel, le Togo et le S\u00e9n\u00e9gal sont li\u00e9s depuis des d\u00e9cennies par des relations \u00e9troites et cordiales. En t\u00e9moigne la visite du pr\u00e9sident S\u00e9n\u00e9galais Bassirou Diomaye Faye en juillet dernier au Togo.<\/p>\n","protected":false},"excerpt":{"rendered":"<p>Le S\u00e9n\u00e9gal dispose d\u2019un nouvel ambassadeur au Togo en la personne du diplomate Mamadou Moustapha Loum. Il a pr\u00e9sent\u00e9 ce lundi 1er septembre 2025, la copie de ses lettres de&hellip; <\/p>\n","protected":false},"author":1,"featured_media":8889,"comment_status":"open","ping_status":"closed","sticky":false,"template":"","format":"standard","meta":{"footnotes":""},"categories":[12],"tags":[940,939,39],"class_list":["post-8888","post","type-post","status-publish","format-standard","has-post-thumbnail","hentry","category-diplomatie","tag-ambassadeur-du-senegal","tag-mamadou-moustapha-loum","tag-togo"],"yoast_head":"<!-- This site is optimized with the Yoast SEO plugin v26.4 - https:\/\/yoast.com\/wordpress\/plugins\/seo\/ -->\n<title>Mamadou Moustapha Loum, nouvel ambassadeur du S\u00e9n\u00e9gal au Togo - La Voix de la Nation<\/title>\n<meta name=\"robots\" content=\"index, follow, max-snippet:-1, max-image-preview:large, max-video-preview:-1\" \/>\n<link rel=\"canonical\" href=\"https:\/\/lavoixdelanation.tg\/index.php\/2025\/09\/02\/mamadou-moustapha-loum-nouvel-ambassadeur-du-senegal-au-togo\/\" \/>\n<meta property=\"og:locale\" content=\"fr_FR\" \/>\n<meta property=\"og:type\" content=\"article\" \/>\n<meta property=\"og:title\" content=\"Mamadou Moustapha Loum, nouvel ambassadeur du S\u00e9n\u00e9gal au Togo - La Voix de la Nation\" \/>\n<meta property=\"og:description\" content=\"Le S\u00e9n\u00e9gal dispose d\u2019un nouvel ambassadeur au Togo en la personne du diplomate Mamadou Moustapha Loum. Il a pr\u00e9sent\u00e9 ce lundi 1er septembre 2025, la copie de ses lettres de&hellip;\" \/>\n<meta property=\"og:url\" content=\"https:\/\/lavoixdelanation.tg\/index.php\/2025\/09\/02\/mamadou-moustapha-loum-nouvel-ambassadeur-du-senegal-au-togo\/\" \/>\n<meta property=\"og:site_name\" content=\"La Voix de la Nation\" \/>\n<meta property=\"article:publisher\" content=\"https:\/\/www.facebook.com\/lavoixdelanation\" \/>\n<meta property=\"article:published_time\" content=\"2025-09-02T18:28:01+00:00\" \/>\n<meta property=\"article:modified_time\" content=\"2025-09-04T18:38:00+00:00\" \/>\n<meta property=\"og:image\" content=\"https:\/\/lavoixdelanation.tg\/wp-content\/uploads\/2025\/09\/Mamadou-Moustapha-Loum-nouvel-ambassadeur-du-Senegal-au-Togo.jpeg\" \/>\n\t<meta property=\"og:image:width\" content=\"938\" \/>\n\t<meta property=\"og:image:height\" content=\"681\" \/>\n\t<meta property=\"og:image:type\" content=\"image\/jpeg\" \/>\n<meta name=\"author\" content=\"La voix de la nation\" \/>\n<meta name=\"twitter:card\" content=\"summary_large_image\" \/>\n<meta name=\"twitter:label1\" content=\"\u00c9crit par\" \/>\n\t<meta name=\"twitter:data1\" content=\"La voix de la nation\" \/>\n\t<meta name=\"twitter:label2\" content=\"Dur\u00e9e de lecture estim\u00e9e\" \/>\n\t<meta name=\"twitter:data2\" content=\"1 minute\" \/>\n<script type=\"application\/ld+json\" class=\"yoast-schema-graph\">{\"@context\":\"https:\/\/schema.org\",\"@graph\":[{\"@type\":\"Article\",\"@id\":\"https:\/\/lavoixdelanation.tg\/index.php\/2025\/09\/02\/mamadou-moustapha-loum-nouvel-ambassadeur-du-senegal-au-togo\/#article\",\"isPartOf\":{\"@id\":\"https:\/\/lavoixdelanation.tg\/index.php\/2025\/09\/02\/mamadou-moustapha-loum-nouvel-ambassadeur-du-senegal-au-togo\/\"},\"author\":{\"name\":\"La voix de la nation\",\"@id\":\"https:\/\/lavoixdelanation.tg\/#\/schema\/person\/6c489293aa38053673a9e554acb6e224\"},\"headline\":\"Mamadou Moustapha Loum, nouvel ambassadeur du S\u00e9n\u00e9gal au Togo\",\"datePublished\":\"2025-09-02T18:28:01+00:00\",\"dateModified\":\"2025-09-04T18:38:00+00:00\",\"mainEntityOfPage\":{\"@id\":\"https:\/\/lavoixdelanation.tg\/index.php\/2025\/09\/02\/mamadou-moustapha-loum-nouvel-ambassadeur-du-senegal-au-togo\/\"},\"wordCount\":213,\"commentCount\":0,\"publisher\":{\"@id\":\"https:\/\/lavoixdelanation.tg\/#organization\"},\"image\":{\"@id\":\"https:\/\/lavoixdelanation.tg\/index.php\/2025\/09\/02\/mamadou-moustapha-loum-nouvel-ambassadeur-du-senegal-au-togo\/#primaryimage\"},\"thumbnailUrl\":\"https:\/\/lavoixdelanation.tg\/wp-content\/uploads\/2025\/09\/Mamadou-Moustapha-Loum-nouvel-ambassadeur-du-Senegal-au-Togo.jpeg\",\"keywords\":[\"ambassadeur du S\u00e9n\u00e9gal\",\"Mamadou Moustapha Loum\",\"Togo\"],\"articleSection\":[\"Diplomatie\"],\"inLanguage\":\"fr-FR\",\"potentialAction\":[{\"@type\":\"CommentAction\",\"name\":\"Comment\",\"target\":[\"https:\/\/lavoixdelanation.tg\/index.php\/2025\/09\/02\/mamadou-moustapha-loum-nouvel-ambassadeur-du-senegal-au-togo\/#respond\"]}]},{\"@type\":\"WebPage\",\"@id\":\"https:\/\/lavoixdelanation.tg\/index.php\/2025\/09\/02\/mamadou-moustapha-loum-nouvel-ambassadeur-du-senegal-au-togo\/\",\"url\":\"https:\/\/lavoixdelanation.tg\/index.php\/2025\/09\/02\/mamadou-moustapha-loum-nouvel-ambassadeur-du-senegal-au-togo\/\",\"name\":\"Mamadou Moustapha Loum, nouvel ambassadeur du S\u00e9n\u00e9gal au Togo - La Voix de la Nation\",\"isPartOf\":{\"@id\":\"https:\/\/lavoixdelanation.tg\/#website\"},\"primaryImageOfPage\":{\"@id\":\"https:\/\/lavoixdelanation.tg\/index.php\/2025\/09\/02\/mamadou-moustapha-loum-nouvel-ambassadeur-du-senegal-au-togo\/#primaryimage\"},\"image\":{\"@id\":\"https:\/\/lavoixdelanation.tg\/index.php\/2025\/09\/02\/mamadou-moustapha-loum-nouvel-ambassadeur-du-senegal-au-togo\/#primaryimage\"},\"thumbnailUrl\":\"https:\/\/lavoixdelanation.tg\/wp-content\/uploads\/2025\/09\/Mamadou-Moustapha-Loum-nouvel-ambassadeur-du-Senegal-au-Togo.jpeg\",\"datePublished\":\"2025-09-02T18:28:01+00:00\",\"dateModified\":\"2025-09-04T18:38:00+00:00\",\"breadcrumb\":{\"@id\":\"https:\/\/lavoixdelanation.tg\/index.php\/2025\/09\/02\/mamadou-moustapha-loum-nouvel-ambassadeur-du-senegal-au-togo\/#breadcrumb\"},\"inLanguage\":\"fr-FR\",\"potentialAction\":[{\"@type\":\"ReadAction\",\"target\":[\"https:\/\/lavoixdelanation.tg\/index.php\/2025\/09\/02\/mamadou-moustapha-loum-nouvel-ambassadeur-du-senegal-au-togo\/\"]}]},{\"@type\":\"ImageObject\",\"inLanguage\":\"fr-FR\",\"@id\":\"https:\/\/lavoixdelanation.tg\/index.php\/2025\/09\/02\/mamadou-moustapha-loum-nouvel-ambassadeur-du-senegal-au-togo\/#primaryimage\",\"url\":\"https:\/\/lavoixdelanation.tg\/wp-content\/uploads\/2025\/09\/Mamadou-Moustapha-Loum-nouvel-ambassadeur-du-Senegal-au-Togo.jpeg\",\"contentUrl\":\"https:\/\/lavoixdelanation.tg\/wp-content\/uploads\/2025\/09\/Mamadou-Moustapha-Loum-nouvel-ambassadeur-du-Senegal-au-Togo.jpeg\",\"width\":938,\"height\":681},{\"@type\":\"BreadcrumbList\",\"@id\":\"https:\/\/lavoixdelanation.tg\/index.php\/2025\/09\/02\/mamadou-moustapha-loum-nouvel-ambassadeur-du-senegal-au-togo\/#breadcrumb\",\"itemListElement\":[{\"@type\":\"ListItem\",\"position\":1,\"name\":\"Accueil\",\"item\":\"https:\/\/lavoixdelanation.tg\/\"},{\"@type\":\"ListItem\",\"position\":2,\"name\":\"Mamadou Moustapha Loum, nouvel ambassadeur du S\u00e9n\u00e9gal au Togo\"}]},{\"@type\":\"WebSite\",\"@id\":\"https:\/\/lavoixdelanation.tg\/#website\",\"url\":\"https:\/\/lavoixdelanation.tg\/\",\"name\":\"La Voix de la Nation\",\"description\":\"R\u00e9c\u00e9piss\u00e9 n\u00b00108\/HAAC\/01-2024\/pl\/P\",\"publisher\":{\"@id\":\"https:\/\/lavoixdelanation.tg\/#organization\"},\"alternateName\":\"VON\",\"potentialAction\":[{\"@type\":\"SearchAction\",\"target\":{\"@type\":\"EntryPoint\",\"urlTemplate\":\"https:\/\/lavoixdelanation.tg\/?s={search_term_string}\"},\"query-input\":{\"@type\":\"PropertyValueSpecification\",\"valueRequired\":true,\"valueName\":\"search_term_string\"}}],\"inLanguage\":\"fr-FR\"},{\"@type\":\"Organization\",\"@id\":\"https:\/\/lavoixdelanation.tg\/#organization\",\"name\":\"La Voix de la Nation\",\"url\":\"https:\/\/lavoixdelanation.tg\/\",\"logo\":{\"@type\":\"ImageObject\",\"inLanguage\":\"fr-FR\",\"@id\":\"https:\/\/lavoixdelanation.tg\/#\/schema\/logo\/image\/\",\"url\":\"https:\/\/lavoixdelanation.tg\/wp-content\/uploads\/2024\/12\/lavn-1.png\",\"contentUrl\":\"https:\/\/lavoixdelanation.tg\/wp-content\/uploads\/2024\/12\/lavn-1.png\",\"width\":1024,\"height\":464,\"caption\":\"La Voix de la Nation\"},\"image\":{\"@id\":\"https:\/\/lavoixdelanation.tg\/#\/schema\/logo\/image\/\"},\"sameAs\":[\"https:\/\/www.facebook.com\/lavoixdelanation\"]},{\"@type\":\"Person\",\"@id\":\"https:\/\/lavoixdelanation.tg\/#\/schema\/person\/6c489293aa38053673a9e554acb6e224\",\"name\":\"La voix de la nation\",\"image\":{\"@type\":\"ImageObject\",\"inLanguage\":\"fr-FR\",\"@id\":\"https:\/\/lavoixdelanation.tg\/#\/schema\/person\/image\/\",\"url\":\"https:\/\/secure.gravatar.com\/avatar\/8aa135d4bbc794494cecaa8d483f6d6cc1023624868deaff686baed5e727a5a1?s=96&d=mm&r=g\",\"contentUrl\":\"https:\/\/secure.gravatar.com\/avatar\/8aa135d4bbc794494cecaa8d483f6d6cc1023624868deaff686baed5e727a5a1?s=96&d=mm&r=g\",\"caption\":\"La voix de la nation\"},\"sameAs\":[\"https:\/\/lavoixdelanation.tg\"],\"url\":\"https:\/\/lavoixdelanation.tg\/index.php\/author\/lavn\/\"}]}<\/script>\n<!-- \/ Yoast SEO plugin. -->","yoast_head_json":{"title":"Mamadou Moustapha Loum, nouvel ambassadeur du S\u00e9n\u00e9gal au Togo - La Voix de la Nation","robots":{"index":"index","follow":"follow","max-snippet":"max-snippet:-1","max-image-preview":"max-image-preview:large","max-video-preview":"max-video-preview:-1"},"canonical":"https:\/\/lavoixdelanation.tg\/index.php\/2025\/09\/02\/mamadou-moustapha-loum-nouvel-ambassadeur-du-senegal-au-togo\/","og_locale":"fr_FR","og_type":"article","og_title":"Mamadou Moustapha Loum, nouvel ambassadeur du S\u00e9n\u00e9gal au Togo - La Voix de la Nation","og_description":"Le S\u00e9n\u00e9gal dispose d\u2019un nouvel ambassadeur au Togo en la personne du diplomate Mamadou Moustapha Loum. Il a pr\u00e9sent\u00e9 ce lundi 1er septembre 2025, la copie de ses lettres de&hellip;","og_url":"https:\/\/lavoixdelanation.tg\/index.php\/2025\/09\/02\/mamadou-moustapha-loum-nouvel-ambassadeur-du-senegal-au-togo\/","og_site_name":"La Voix de la Nation","article_publisher":"https:\/\/www.facebook.com\/lavoixdelanation","article_published_time":"2025-09-02T18:28:01+00:00","article_modified_time":"2025-09-04T18:38:00+00:00","og_image":[{"width":938,"height":681,"url":"https:\/\/lavoixdelanation.tg\/wp-content\/uploads\/2025\/09\/Mamadou-Moustapha-Loum-nouvel-ambassadeur-du-Senegal-au-Togo.jpeg","type":"image\/jpeg"}],"author":"La voix de la nation","twitter_card":"summary_large_image","twitter_misc":{"\u00c9crit par":"La voix de la nation","Dur\u00e9e de lecture estim\u00e9e":"1 minute"},"schema":{"@context":"https:\/\/schema.org","@graph":[{"@type":"Article","@id":"https:\/\/lavoixdelanation.tg\/index.php\/2025\/09\/02\/mamadou-moustapha-loum-nouvel-ambassadeur-du-senegal-au-togo\/#article","isPartOf":{"@id":"https:\/\/lavoixdelanation.tg\/index.php\/2025\/09\/02\/mamadou-moustapha-loum-nouvel-ambassadeur-du-senegal-au-togo\/"},"author":{"name":"La voix de la nation","@id":"https:\/\/lavoixdelanation.tg\/#\/schema\/person\/6c489293aa38053673a9e554acb6e224"},"headline":"Mamadou Moustapha Loum, nouvel ambassadeur du S\u00e9n\u00e9gal au Togo","datePublished":"2025-09-02T18:28:01+00:00","dateModified":"2025-09-04T18:38:00+00:00","mainEntityOfPage":{"@id":"https:\/\/lavoixdelanation.tg\/index.php\/2025\/09\/02\/mamadou-moustapha-loum-nouvel-ambassadeur-du-senegal-au-togo\/"},"wordCount":213,"commentCount":0,"publisher":{"@id":"https:\/\/lavoixdelanation.tg\/#organization"},"image":{"@id":"https:\/\/lavoixdelanation.tg\/index.php\/2025\/09\/02\/mamadou-moustapha-loum-nouvel-ambassadeur-du-senegal-au-togo\/#primaryimage"},"thumbnailUrl":"https:\/\/lavoixdelanation.tg\/wp-content\/uploads\/2025\/09\/Mamadou-Moustapha-Loum-nouvel-ambassadeur-du-Senegal-au-Togo.jpeg","keywords":["ambassadeur du S\u00e9n\u00e9gal","Mamadou Moustapha Loum","Togo"],"articleSection":["Diplomatie"],"inLanguage":"fr-FR","potentialAction":[{"@type":"CommentAction","name":"Comment","target":["https:\/\/lavoixdelanation.tg\/index.php\/2025\/09\/02\/mamadou-moustapha-loum-nouvel-ambassadeur-du-senegal-au-togo\/#respond"]}]},{"@type":"WebPage","@id":"https:\/\/lavoixdelanation.tg\/index.php\/2025\/09\/02\/mamadou-moustapha-loum-nouvel-ambassadeur-du-senegal-au-togo\/","url":"https:\/\/lavoixdelanation.tg\/index.php\/2025\/09\/02\/mamadou-moustapha-loum-nouvel-ambassadeur-du-senegal-au-togo\/","name":"Mamadou Moustapha Loum, nouvel ambassadeur du S\u00e9n\u00e9gal au Togo - La Voix de la Nation","isPartOf":{"@id":"https:\/\/lavoixdelanation.tg\/#website"},"primaryImageOfPage":{"@id":"https:\/\/lavoixdelanation.tg\/index.php\/2025\/09\/02\/mamadou-moustapha-loum-nouvel-ambassadeur-du-senegal-au-togo\/#primaryimage"},"image":{"@id":"https:\/\/lavoixdelanation.tg\/index.php\/2025\/09\/02\/mamadou-moustapha-loum-nouvel-ambassadeur-du-senegal-au-togo\/#primaryimage"},"thumbnailUrl":"https:\/\/lavoixdelanation.tg\/wp-content\/uploads\/2025\/09\/Mamadou-Moustapha-Loum-nouvel-ambassadeur-du-Senegal-au-Togo.jpeg","datePublished":"2025-09-02T18:28:01+00:00","dateModified":"2025-09-04T18:38:00+00:00","breadcrumb":{"@id":"https:\/\/lavoixdelanation.tg\/index.php\/2025\/09\/02\/mamadou-moustapha-loum-nouvel-ambassadeur-du-senegal-au-togo\/#breadcrumb"},"inLanguage":"fr-FR","potentialAction":[{"@type":"ReadAction","target":["https:\/\/lavoixdelanation.tg\/index.php\/2025\/09\/02\/mamadou-moustapha-loum-nouvel-ambassadeur-du-senegal-au-togo\/"]}]},{"@type":"ImageObject","inLanguage":"fr-FR","@id":"https:\/\/lavoixdelanation.tg\/index.php\/2025\/09\/02\/mamadou-moustapha-loum-nouvel-ambassadeur-du-senegal-au-togo\/#primaryimage","url":"https:\/\/lavoixdelanation.tg\/wp-content\/uploads\/2025\/09\/Mamadou-Moustapha-Loum-nouvel-ambassadeur-du-Senegal-au-Togo.jpeg","contentUrl":"https:\/\/lavoixdelanation.tg\/wp-content\/uploads\/2025\/09\/Mamadou-Moustapha-Loum-nouvel-ambassadeur-du-Senegal-au-Togo.jpeg","width":938,"height":681},{"@type":"BreadcrumbList","@id":"https:\/\/lavoixdelanation.tg\/index.php\/2025\/09\/02\/mamadou-moustapha-loum-nouvel-ambassadeur-du-senegal-au-togo\/#breadcrumb","itemListElement":[{"@type":"ListItem","position":1,"name":"Accueil","item":"https:\/\/lavoixdelanation.tg\/"},{"@type":"ListItem","position":2,"name":"Mamadou Moustapha Loum, nouvel ambassadeur du S\u00e9n\u00e9gal au Togo"}]},{"@type":"WebSite","@id":"https:\/\/lavoixdelanation.tg\/#website","url":"https:\/\/lavoixdelanation.tg\/","name":"La Voix de la Nation","description":"R\u00e9c\u00e9piss\u00e9 n\u00b00108\/HAAC\/01-2024\/pl\/P","publisher":{"@id":"https:\/\/lavoixdelanation.tg\/#organization"},"alternateName":"VON","potentialAction":[{"@type":"SearchAction","target":{"@type":"EntryPoint","urlTemplate":"https:\/\/lavoixdelanation.tg\/?s={search_term_string}"},"query-input":{"@type":"PropertyValueSpecification","valueRequired":true,"valueName":"search_term_string"}}],"inLanguage":"fr-FR"},{"@type":"Organization","@id":"https:\/\/lavoixdelanation.tg\/#organization","name":"La Voix de la Nation","url":"https:\/\/lavoixdelanation.tg\/","logo":{"@type":"ImageObject","inLanguage":"fr-FR","@id":"https:\/\/lavoixdelanation.tg\/#\/schema\/logo\/image\/","url":"https:\/\/lavoixdelanation.tg\/wp-content\/uploads\/2024\/12\/lavn-1.png","contentUrl":"https:\/\/lavoixdelanation.tg\/wp-content\/uploads\/2024\/12\/lavn-1.png","width":1024,"height":464,"caption":"La Voix de la Nation"},"image":{"@id":"https:\/\/lavoixdelanation.tg\/#\/schema\/logo\/image\/"},"sameAs":["https:\/\/www.facebook.com\/lavoixdelanation"]},{"@type":"Person","@id":"https:\/\/lavoixdelanation.tg\/#\/schema\/person\/6c489293aa38053673a9e554acb6e224","name":"La voix de la nation","image":{"@type":"ImageObject","inLanguage":"fr-FR","@id":"https:\/\/lavoixdelanation.tg\/#\/schema\/person\/image\/","url":"https:\/\/secure.gravatar.com\/avatar\/8aa135d4bbc794494cecaa8d483f6d6cc1023624868deaff686baed5e727a5a1?s=96&d=mm&r=g","contentUrl":"https:\/\/secure.gravatar.com\/avatar\/8aa135d4bbc794494cecaa8d483f6d6cc1023624868deaff686baed5e727a5a1?s=96&d=mm&r=g","caption":"La voix de la nation"},"sameAs":["https:\/\/lavoixdelanation.tg"],"url":"https:\/\/lavoixdelanation.tg\/index.php\/author\/lavn\/"}]}},"_links":{"self":[{"href":"https:\/\/lavoixdelanation.tg\/index.php\/wp-json\/wp\/v2\/posts\/8888","targetHints":{"allow":["GET"]}}],"collection":[{"href":"https:\/\/lavoixdelanation.tg\/index.php\/wp-json\/wp\/v2\/posts"}],"about":[{"href":"https:\/\/lavoixdelanation.tg\/index.php\/wp-json\/wp\/v2\/types\/post"}],"author":[{"embeddable":true,"href":"https:\/\/lavoixdelanation.tg\/index.php\/wp-json\/wp\/v2\/users\/1"}],"replies":[{"embeddable":true,"href":"https:\/\/lavoixdelanation.tg\/index.php\/wp-json\/wp\/v2\/comments?post=8888"}],"version-history":[{"count":2,"href":"https:\/\/lavoixdelanation.tg\/index.php\/wp-json\/wp\/v2\/posts\/8888\/revisions"}],"predecessor-version":[{"id":8891,"href":"https:\/\/lavoixdelanation.tg\/index.php\/wp-json\/wp\/v2\/posts\/8888\/revisions\/8891"}],"wp:featuredmedia":[{"embeddable":true,"href":"https:\/\/lavoixdelanation.tg\/index.php\/wp-json\/wp\/v2\/media\/8889"}],"wp:attachment":[{"href":"https:\/\/lavoixdelanation.tg\/index.php\/wp-json\/wp\/v2\/media?parent=8888"}],"wp:term":[{"taxonomy":"category","embeddable":true,"href":"https:\/\/lavoixdelanation.tg\/index.php\/wp-json\/wp\/v2\/categories?post=8888"},{"taxonomy":"post_tag","embeddable":true,"href":"https:\/\/lavoixdelanation.tg\/index.php\/wp-json\/wp\/v2\/tags?post=8888"}],"curies":[{"name":"wp","href":"https:\/\/api.w.org\/{rel}","templated":true}]}}