{"id":8874,"date":"2025-09-03T18:18:26","date_gmt":"2025-09-03T16:18:26","guid":{"rendered":"https:\/\/lavoixdelanation.tg\/?p=8874"},"modified":"2025-09-04T18:22:16","modified_gmt":"2025-09-04T16:22:16","slug":"togo-stanislas-baba-nouveau-secretaire-general-du-gouvernement","status":"publish","type":"post","link":"https:\/\/lavoixdelanation.tg\/index.php\/2025\/09\/03\/togo-stanislas-baba-nouveau-secretaire-general-du-gouvernement\/","title":{"rendered":"Togo\u00a0: Stanislas BABA, nouveau Secr\u00e9taire g\u00e9n\u00e9ral du Gouvernement"},"content":{"rendered":"\n<p>Le gouvernement togolais dispose d\u2019un nouveau Secr\u00e9taire g\u00e9n\u00e9ral en la personne de Stanislas Baba nomm\u00e9 ce mercredi 03 septembre 2025 par d\u00e9cret sign\u00e9 du Pr\u00e9sident du Conseil, Faure Gnassingb\u00e9.<\/p>\n\n\n\n<p>Egalement avec rang de ministre, Stanislas Baba aura entre autres pour missions d\u2019assurer le bon fonctionnement et la r\u00e9gularit\u00e9 du travail gouvernemental.&nbsp;<\/p>\n\n\n\n<p>Il \u00e9tait avant sa nomination conseiller sur les questions maritimes. Le d\u00e9sormais Secr\u00e9taire g\u00e9n\u00e9ral du gouvernement a d\u00e9j\u00e0 \u00e9t\u00e9 plusieurs fois membre de l\u2019ex\u00e9cutif (ministre de l\u2019\u00e9ducation et des secteurs techniques) et proche collaborateur du Pr\u00e9sident du Conseil.<\/p>\n\n\n\n<p>Stanislas Baba a par ailleurs coordonn\u00e9 le programme am\u00e9ricain de coop\u00e9ration, le Millennium Challenge Account pour le Togo, \u00e0 travers lequel le pays a op\u00e9r\u00e9 plusieurs r\u00e9formes de gouvernance.<\/p>\n","protected":false},"excerpt":{"rendered":"<p>Le gouvernement togolais dispose d\u2019un nouveau Secr\u00e9taire g\u00e9n\u00e9ral en la personne de Stanislas Baba nomm\u00e9 ce mercredi 03 septembre 2025 par d\u00e9cret sign\u00e9 du Pr\u00e9sident du Conseil, Faure Gnassingb\u00e9. Egalement&hellip; <\/p>\n","protected":false},"author":1,"featured_media":8875,"comment_status":"open","ping_status":"closed","sticky":false,"template":"","format":"standard","meta":{"footnotes":""},"categories":[21],"tags":[934,39],"class_list":["post-8874","post","type-post","status-publish","format-standard","has-post-thumbnail","hentry","category-politique","tag-stanislas-baba","tag-togo"],"yoast_head":"<!-- This site is optimized with the Yoast SEO plugin v26.4 - https:\/\/yoast.com\/wordpress\/plugins\/seo\/ -->\n<title>Togo\u00a0: Stanislas BABA, nouveau Secr\u00e9taire g\u00e9n\u00e9ral du Gouvernement - La Voix de la Nation<\/title>\n<meta name=\"robots\" content=\"index, follow, max-snippet:-1, max-image-preview:large, max-video-preview:-1\" \/>\n<link rel=\"canonical\" href=\"https:\/\/lavoixdelanation.tg\/index.php\/2025\/09\/03\/togo-stanislas-baba-nouveau-secretaire-general-du-gouvernement\/\" \/>\n<meta property=\"og:locale\" content=\"fr_FR\" \/>\n<meta property=\"og:type\" content=\"article\" \/>\n<meta property=\"og:title\" content=\"Togo\u00a0: Stanislas BABA, nouveau Secr\u00e9taire g\u00e9n\u00e9ral du Gouvernement - La Voix de la Nation\" \/>\n<meta property=\"og:description\" content=\"Le gouvernement togolais dispose d\u2019un nouveau Secr\u00e9taire g\u00e9n\u00e9ral en la personne de Stanislas Baba nomm\u00e9 ce mercredi 03 septembre 2025 par d\u00e9cret sign\u00e9 du Pr\u00e9sident du Conseil, Faure Gnassingb\u00e9. Egalement&hellip;\" \/>\n<meta property=\"og:url\" content=\"https:\/\/lavoixdelanation.tg\/index.php\/2025\/09\/03\/togo-stanislas-baba-nouveau-secretaire-general-du-gouvernement\/\" \/>\n<meta property=\"og:site_name\" content=\"La Voix de la Nation\" \/>\n<meta property=\"article:publisher\" content=\"https:\/\/www.facebook.com\/lavoixdelanation\" \/>\n<meta property=\"article:published_time\" content=\"2025-09-03T16:18:26+00:00\" \/>\n<meta property=\"article:modified_time\" content=\"2025-09-04T16:22:16+00:00\" \/>\n<meta property=\"og:image\" content=\"https:\/\/lavoixdelanation.tg\/wp-content\/uploads\/2025\/09\/Stanislas-BABA-nouveau-Secretaire-general-du-Gouvernement-du-Togo.jpg\" \/>\n\t<meta property=\"og:image:width\" content=\"600\" \/>\n\t<meta property=\"og:image:height\" content=\"360\" \/>\n\t<meta property=\"og:image:type\" content=\"image\/jpeg\" \/>\n<meta name=\"author\" content=\"La voix de la nation\" \/>\n<meta name=\"twitter:card\" content=\"summary_large_image\" \/>\n<meta name=\"twitter:label1\" content=\"\u00c9crit par\" \/>\n\t<meta name=\"twitter:data1\" content=\"La voix de la nation\" \/>\n\t<meta name=\"twitter:label2\" content=\"Dur\u00e9e de lecture estim\u00e9e\" \/>\n\t<meta name=\"twitter:data2\" content=\"1 minute\" \/>\n<script type=\"application\/ld+json\" class=\"yoast-schema-graph\">{\"@context\":\"https:\/\/schema.org\",\"@graph\":[{\"@type\":\"Article\",\"@id\":\"https:\/\/lavoixdelanation.tg\/index.php\/2025\/09\/03\/togo-stanislas-baba-nouveau-secretaire-general-du-gouvernement\/#article\",\"isPartOf\":{\"@id\":\"https:\/\/lavoixdelanation.tg\/index.php\/2025\/09\/03\/togo-stanislas-baba-nouveau-secretaire-general-du-gouvernement\/\"},\"author\":{\"name\":\"La voix de la nation\",\"@id\":\"https:\/\/lavoixdelanation.tg\/#\/schema\/person\/6c489293aa38053673a9e554acb6e224\"},\"headline\":\"Togo\u00a0: Stanislas BABA, nouveau Secr\u00e9taire g\u00e9n\u00e9ral du Gouvernement\",\"datePublished\":\"2025-09-03T16:18:26+00:00\",\"dateModified\":\"2025-09-04T16:22:16+00:00\",\"mainEntityOfPage\":{\"@id\":\"https:\/\/lavoixdelanation.tg\/index.php\/2025\/09\/03\/togo-stanislas-baba-nouveau-secretaire-general-du-gouvernement\/\"},\"wordCount\":148,\"commentCount\":0,\"publisher\":{\"@id\":\"https:\/\/lavoixdelanation.tg\/#organization\"},\"image\":{\"@id\":\"https:\/\/lavoixdelanation.tg\/index.php\/2025\/09\/03\/togo-stanislas-baba-nouveau-secretaire-general-du-gouvernement\/#primaryimage\"},\"thumbnailUrl\":\"https:\/\/lavoixdelanation.tg\/wp-content\/uploads\/2025\/09\/Stanislas-BABA-nouveau-Secretaire-general-du-Gouvernement-du-Togo.jpg\",\"keywords\":[\"Stanislas BABA\",\"Togo\"],\"articleSection\":[\"Politique\"],\"inLanguage\":\"fr-FR\",\"potentialAction\":[{\"@type\":\"CommentAction\",\"name\":\"Comment\",\"target\":[\"https:\/\/lavoixdelanation.tg\/index.php\/2025\/09\/03\/togo-stanislas-baba-nouveau-secretaire-general-du-gouvernement\/#respond\"]}]},{\"@type\":\"WebPage\",\"@id\":\"https:\/\/lavoixdelanation.tg\/index.php\/2025\/09\/03\/togo-stanislas-baba-nouveau-secretaire-general-du-gouvernement\/\",\"url\":\"https:\/\/lavoixdelanation.tg\/index.php\/2025\/09\/03\/togo-stanislas-baba-nouveau-secretaire-general-du-gouvernement\/\",\"name\":\"Togo\u00a0: Stanislas BABA, nouveau Secr\u00e9taire g\u00e9n\u00e9ral du Gouvernement - La Voix de la Nation\",\"isPartOf\":{\"@id\":\"https:\/\/lavoixdelanation.tg\/#website\"},\"primaryImageOfPage\":{\"@id\":\"https:\/\/lavoixdelanation.tg\/index.php\/2025\/09\/03\/togo-stanislas-baba-nouveau-secretaire-general-du-gouvernement\/#primaryimage\"},\"image\":{\"@id\":\"https:\/\/lavoixdelanation.tg\/index.php\/2025\/09\/03\/togo-stanislas-baba-nouveau-secretaire-general-du-gouvernement\/#primaryimage\"},\"thumbnailUrl\":\"https:\/\/lavoixdelanation.tg\/wp-content\/uploads\/2025\/09\/Stanislas-BABA-nouveau-Secretaire-general-du-Gouvernement-du-Togo.jpg\",\"datePublished\":\"2025-09-03T16:18:26+00:00\",\"dateModified\":\"2025-09-04T16:22:16+00:00\",\"breadcrumb\":{\"@id\":\"https:\/\/lavoixdelanation.tg\/index.php\/2025\/09\/03\/togo-stanislas-baba-nouveau-secretaire-general-du-gouvernement\/#breadcrumb\"},\"inLanguage\":\"fr-FR\",\"potentialAction\":[{\"@type\":\"ReadAction\",\"target\":[\"https:\/\/lavoixdelanation.tg\/index.php\/2025\/09\/03\/togo-stanislas-baba-nouveau-secretaire-general-du-gouvernement\/\"]}]},{\"@type\":\"ImageObject\",\"inLanguage\":\"fr-FR\",\"@id\":\"https:\/\/lavoixdelanation.tg\/index.php\/2025\/09\/03\/togo-stanislas-baba-nouveau-secretaire-general-du-gouvernement\/#primaryimage\",\"url\":\"https:\/\/lavoixdelanation.tg\/wp-content\/uploads\/2025\/09\/Stanislas-BABA-nouveau-Secretaire-general-du-Gouvernement-du-Togo.jpg\",\"contentUrl\":\"https:\/\/lavoixdelanation.tg\/wp-content\/uploads\/2025\/09\/Stanislas-BABA-nouveau-Secretaire-general-du-Gouvernement-du-Togo.jpg\",\"width\":600,\"height\":360},{\"@type\":\"BreadcrumbList\",\"@id\":\"https:\/\/lavoixdelanation.tg\/index.php\/2025\/09\/03\/togo-stanislas-baba-nouveau-secretaire-general-du-gouvernement\/#breadcrumb\",\"itemListElement\":[{\"@type\":\"ListItem\",\"position\":1,\"name\":\"Accueil\",\"item\":\"https:\/\/lavoixdelanation.tg\/\"},{\"@type\":\"ListItem\",\"position\":2,\"name\":\"Togo\u00a0: Stanislas BABA, nouveau Secr\u00e9taire g\u00e9n\u00e9ral du Gouvernement\"}]},{\"@type\":\"WebSite\",\"@id\":\"https:\/\/lavoixdelanation.tg\/#website\",\"url\":\"https:\/\/lavoixdelanation.tg\/\",\"name\":\"La Voix de la Nation\",\"description\":\"R\u00e9c\u00e9piss\u00e9 n\u00b00108\/HAAC\/01-2024\/pl\/P\",\"publisher\":{\"@id\":\"https:\/\/lavoixdelanation.tg\/#organization\"},\"alternateName\":\"VON\",\"potentialAction\":[{\"@type\":\"SearchAction\",\"target\":{\"@type\":\"EntryPoint\",\"urlTemplate\":\"https:\/\/lavoixdelanation.tg\/?s={search_term_string}\"},\"query-input\":{\"@type\":\"PropertyValueSpecification\",\"valueRequired\":true,\"valueName\":\"search_term_string\"}}],\"inLanguage\":\"fr-FR\"},{\"@type\":\"Organization\",\"@id\":\"https:\/\/lavoixdelanation.tg\/#organization\",\"name\":\"La Voix de la Nation\",\"url\":\"https:\/\/lavoixdelanation.tg\/\",\"logo\":{\"@type\":\"ImageObject\",\"inLanguage\":\"fr-FR\",\"@id\":\"https:\/\/lavoixdelanation.tg\/#\/schema\/logo\/image\/\",\"url\":\"https:\/\/lavoixdelanation.tg\/wp-content\/uploads\/2024\/12\/lavn-1.png\",\"contentUrl\":\"https:\/\/lavoixdelanation.tg\/wp-content\/uploads\/2024\/12\/lavn-1.png\",\"width\":1024,\"height\":464,\"caption\":\"La Voix de la Nation\"},\"image\":{\"@id\":\"https:\/\/lavoixdelanation.tg\/#\/schema\/logo\/image\/\"},\"sameAs\":[\"https:\/\/www.facebook.com\/lavoixdelanation\"]},{\"@type\":\"Person\",\"@id\":\"https:\/\/lavoixdelanation.tg\/#\/schema\/person\/6c489293aa38053673a9e554acb6e224\",\"name\":\"La voix de la nation\",\"image\":{\"@type\":\"ImageObject\",\"inLanguage\":\"fr-FR\",\"@id\":\"https:\/\/lavoixdelanation.tg\/#\/schema\/person\/image\/\",\"url\":\"https:\/\/secure.gravatar.com\/avatar\/8aa135d4bbc794494cecaa8d483f6d6cc1023624868deaff686baed5e727a5a1?s=96&d=mm&r=g\",\"contentUrl\":\"https:\/\/secure.gravatar.com\/avatar\/8aa135d4bbc794494cecaa8d483f6d6cc1023624868deaff686baed5e727a5a1?s=96&d=mm&r=g\",\"caption\":\"La voix de la nation\"},\"sameAs\":[\"https:\/\/lavoixdelanation.tg\"],\"url\":\"https:\/\/lavoixdelanation.tg\/index.php\/author\/lavn\/\"}]}<\/script>\n<!-- \/ Yoast SEO plugin. -->","yoast_head_json":{"title":"Togo\u00a0: Stanislas BABA, nouveau Secr\u00e9taire g\u00e9n\u00e9ral du Gouvernement - La Voix de la Nation","robots":{"index":"index","follow":"follow","max-snippet":"max-snippet:-1","max-image-preview":"max-image-preview:large","max-video-preview":"max-video-preview:-1"},"canonical":"https:\/\/lavoixdelanation.tg\/index.php\/2025\/09\/03\/togo-stanislas-baba-nouveau-secretaire-general-du-gouvernement\/","og_locale":"fr_FR","og_type":"article","og_title":"Togo\u00a0: Stanislas BABA, nouveau Secr\u00e9taire g\u00e9n\u00e9ral du Gouvernement - La Voix de la Nation","og_description":"Le gouvernement togolais dispose d\u2019un nouveau Secr\u00e9taire g\u00e9n\u00e9ral en la personne de Stanislas Baba nomm\u00e9 ce mercredi 03 septembre 2025 par d\u00e9cret sign\u00e9 du Pr\u00e9sident du Conseil, Faure Gnassingb\u00e9. Egalement&hellip;","og_url":"https:\/\/lavoixdelanation.tg\/index.php\/2025\/09\/03\/togo-stanislas-baba-nouveau-secretaire-general-du-gouvernement\/","og_site_name":"La Voix de la Nation","article_publisher":"https:\/\/www.facebook.com\/lavoixdelanation","article_published_time":"2025-09-03T16:18:26+00:00","article_modified_time":"2025-09-04T16:22:16+00:00","og_image":[{"width":600,"height":360,"url":"https:\/\/lavoixdelanation.tg\/wp-content\/uploads\/2025\/09\/Stanislas-BABA-nouveau-Secretaire-general-du-Gouvernement-du-Togo.jpg","type":"image\/jpeg"}],"author":"La voix de la nation","twitter_card":"summary_large_image","twitter_misc":{"\u00c9crit par":"La voix de la nation","Dur\u00e9e de lecture estim\u00e9e":"1 minute"},"schema":{"@context":"https:\/\/schema.org","@graph":[{"@type":"Article","@id":"https:\/\/lavoixdelanation.tg\/index.php\/2025\/09\/03\/togo-stanislas-baba-nouveau-secretaire-general-du-gouvernement\/#article","isPartOf":{"@id":"https:\/\/lavoixdelanation.tg\/index.php\/2025\/09\/03\/togo-stanislas-baba-nouveau-secretaire-general-du-gouvernement\/"},"author":{"name":"La voix de la nation","@id":"https:\/\/lavoixdelanation.tg\/#\/schema\/person\/6c489293aa38053673a9e554acb6e224"},"headline":"Togo\u00a0: Stanislas BABA, nouveau Secr\u00e9taire g\u00e9n\u00e9ral du Gouvernement","datePublished":"2025-09-03T16:18:26+00:00","dateModified":"2025-09-04T16:22:16+00:00","mainEntityOfPage":{"@id":"https:\/\/lavoixdelanation.tg\/index.php\/2025\/09\/03\/togo-stanislas-baba-nouveau-secretaire-general-du-gouvernement\/"},"wordCount":148,"commentCount":0,"publisher":{"@id":"https:\/\/lavoixdelanation.tg\/#organization"},"image":{"@id":"https:\/\/lavoixdelanation.tg\/index.php\/2025\/09\/03\/togo-stanislas-baba-nouveau-secretaire-general-du-gouvernement\/#primaryimage"},"thumbnailUrl":"https:\/\/lavoixdelanation.tg\/wp-content\/uploads\/2025\/09\/Stanislas-BABA-nouveau-Secretaire-general-du-Gouvernement-du-Togo.jpg","keywords":["Stanislas BABA","Togo"],"articleSection":["Politique"],"inLanguage":"fr-FR","potentialAction":[{"@type":"CommentAction","name":"Comment","target":["https:\/\/lavoixdelanation.tg\/index.php\/2025\/09\/03\/togo-stanislas-baba-nouveau-secretaire-general-du-gouvernement\/#respond"]}]},{"@type":"WebPage","@id":"https:\/\/lavoixdelanation.tg\/index.php\/2025\/09\/03\/togo-stanislas-baba-nouveau-secretaire-general-du-gouvernement\/","url":"https:\/\/lavoixdelanation.tg\/index.php\/2025\/09\/03\/togo-stanislas-baba-nouveau-secretaire-general-du-gouvernement\/","name":"Togo\u00a0: Stanislas BABA, nouveau Secr\u00e9taire g\u00e9n\u00e9ral du Gouvernement - La Voix de la Nation","isPartOf":{"@id":"https:\/\/lavoixdelanation.tg\/#website"},"primaryImageOfPage":{"@id":"https:\/\/lavoixdelanation.tg\/index.php\/2025\/09\/03\/togo-stanislas-baba-nouveau-secretaire-general-du-gouvernement\/#primaryimage"},"image":{"@id":"https:\/\/lavoixdelanation.tg\/index.php\/2025\/09\/03\/togo-stanislas-baba-nouveau-secretaire-general-du-gouvernement\/#primaryimage"},"thumbnailUrl":"https:\/\/lavoixdelanation.tg\/wp-content\/uploads\/2025\/09\/Stanislas-BABA-nouveau-Secretaire-general-du-Gouvernement-du-Togo.jpg","datePublished":"2025-09-03T16:18:26+00:00","dateModified":"2025-09-04T16:22:16+00:00","breadcrumb":{"@id":"https:\/\/lavoixdelanation.tg\/index.php\/2025\/09\/03\/togo-stanislas-baba-nouveau-secretaire-general-du-gouvernement\/#breadcrumb"},"inLanguage":"fr-FR","potentialAction":[{"@type":"ReadAction","target":["https:\/\/lavoixdelanation.tg\/index.php\/2025\/09\/03\/togo-stanislas-baba-nouveau-secretaire-general-du-gouvernement\/"]}]},{"@type":"ImageObject","inLanguage":"fr-FR","@id":"https:\/\/lavoixdelanation.tg\/index.php\/2025\/09\/03\/togo-stanislas-baba-nouveau-secretaire-general-du-gouvernement\/#primaryimage","url":"https:\/\/lavoixdelanation.tg\/wp-content\/uploads\/2025\/09\/Stanislas-BABA-nouveau-Secretaire-general-du-Gouvernement-du-Togo.jpg","contentUrl":"https:\/\/lavoixdelanation.tg\/wp-content\/uploads\/2025\/09\/Stanislas-BABA-nouveau-Secretaire-general-du-Gouvernement-du-Togo.jpg","width":600,"height":360},{"@type":"BreadcrumbList","@id":"https:\/\/lavoixdelanation.tg\/index.php\/2025\/09\/03\/togo-stanislas-baba-nouveau-secretaire-general-du-gouvernement\/#breadcrumb","itemListElement":[{"@type":"ListItem","position":1,"name":"Accueil","item":"https:\/\/lavoixdelanation.tg\/"},{"@type":"ListItem","position":2,"name":"Togo\u00a0: Stanislas BABA, nouveau Secr\u00e9taire g\u00e9n\u00e9ral du Gouvernement"}]},{"@type":"WebSite","@id":"https:\/\/lavoixdelanation.tg\/#website","url":"https:\/\/lavoixdelanation.tg\/","name":"La Voix de la Nation","description":"R\u00e9c\u00e9piss\u00e9 n\u00b00108\/HAAC\/01-2024\/pl\/P","publisher":{"@id":"https:\/\/lavoixdelanation.tg\/#organization"},"alternateName":"VON","potentialAction":[{"@type":"SearchAction","target":{"@type":"EntryPoint","urlTemplate":"https:\/\/lavoixdelanation.tg\/?s={search_term_string}"},"query-input":{"@type":"PropertyValueSpecification","valueRequired":true,"valueName":"search_term_string"}}],"inLanguage":"fr-FR"},{"@type":"Organization","@id":"https:\/\/lavoixdelanation.tg\/#organization","name":"La Voix de la Nation","url":"https:\/\/lavoixdelanation.tg\/","logo":{"@type":"ImageObject","inLanguage":"fr-FR","@id":"https:\/\/lavoixdelanation.tg\/#\/schema\/logo\/image\/","url":"https:\/\/lavoixdelanation.tg\/wp-content\/uploads\/2024\/12\/lavn-1.png","contentUrl":"https:\/\/lavoixdelanation.tg\/wp-content\/uploads\/2024\/12\/lavn-1.png","width":1024,"height":464,"caption":"La Voix de la Nation"},"image":{"@id":"https:\/\/lavoixdelanation.tg\/#\/schema\/logo\/image\/"},"sameAs":["https:\/\/www.facebook.com\/lavoixdelanation"]},{"@type":"Person","@id":"https:\/\/lavoixdelanation.tg\/#\/schema\/person\/6c489293aa38053673a9e554acb6e224","name":"La voix de la nation","image":{"@type":"ImageObject","inLanguage":"fr-FR","@id":"https:\/\/lavoixdelanation.tg\/#\/schema\/person\/image\/","url":"https:\/\/secure.gravatar.com\/avatar\/8aa135d4bbc794494cecaa8d483f6d6cc1023624868deaff686baed5e727a5a1?s=96&d=mm&r=g","contentUrl":"https:\/\/secure.gravatar.com\/avatar\/8aa135d4bbc794494cecaa8d483f6d6cc1023624868deaff686baed5e727a5a1?s=96&d=mm&r=g","caption":"La voix de la nation"},"sameAs":["https:\/\/lavoixdelanation.tg"],"url":"https:\/\/lavoixdelanation.tg\/index.php\/author\/lavn\/"}]}},"_links":{"self":[{"href":"https:\/\/lavoixdelanation.tg\/index.php\/wp-json\/wp\/v2\/posts\/8874","targetHints":{"allow":["GET"]}}],"collection":[{"href":"https:\/\/lavoixdelanation.tg\/index.php\/wp-json\/wp\/v2\/posts"}],"about":[{"href":"https:\/\/lavoixdelanation.tg\/index.php\/wp-json\/wp\/v2\/types\/post"}],"author":[{"embeddable":true,"href":"https:\/\/lavoixdelanation.tg\/index.php\/wp-json\/wp\/v2\/users\/1"}],"replies":[{"embeddable":true,"href":"https:\/\/lavoixdelanation.tg\/index.php\/wp-json\/wp\/v2\/comments?post=8874"}],"version-history":[{"count":1,"href":"https:\/\/lavoixdelanation.tg\/index.php\/wp-json\/wp\/v2\/posts\/8874\/revisions"}],"predecessor-version":[{"id":8876,"href":"https:\/\/lavoixdelanation.tg\/index.php\/wp-json\/wp\/v2\/posts\/8874\/revisions\/8876"}],"wp:featuredmedia":[{"embeddable":true,"href":"https:\/\/lavoixdelanation.tg\/index.php\/wp-json\/wp\/v2\/media\/8875"}],"wp:attachment":[{"href":"https:\/\/lavoixdelanation.tg\/index.php\/wp-json\/wp\/v2\/media?parent=8874"}],"wp:term":[{"taxonomy":"category","embeddable":true,"href":"https:\/\/lavoixdelanation.tg\/index.php\/wp-json\/wp\/v2\/categories?post=8874"},{"taxonomy":"post_tag","embeddable":true,"href":"https:\/\/lavoixdelanation.tg\/index.php\/wp-json\/wp\/v2\/tags?post=8874"}],"curies":[{"name":"wp","href":"https:\/\/api.w.org\/{rel}","templated":true}]}}