{"id":8673,"date":"2025-09-01T12:46:46","date_gmt":"2025-09-01T10:46:46","guid":{"rendered":"https:\/\/lavoixdelanation.tg\/?p=8673"},"modified":"2025-09-02T12:53:30","modified_gmt":"2025-09-02T10:53:30","slug":"education-financiere-le-cfel-et-le-cabinet-wodewole-produisent-une-nouvelle-generation-de-formateurs","status":"publish","type":"post","link":"https:\/\/lavoixdelanation.tg\/index.php\/2025\/09\/01\/education-financiere-le-cfel-et-le-cabinet-wodewole-produisent-une-nouvelle-generation-de-formateurs\/","title":{"rendered":"Education financi\u00e8re\u00a0: Le CFEL et le Cabinet WODEWOLE produisent une nouvelle g\u00e9n\u00e9ration de formateurs"},"content":{"rendered":"\n<p><strong>Renforcer les capacit\u00e9s techniques des cadres d\u00e9sireux de mener des activit\u00e9s de consultance et de formation en \u00e9ducation financi\u00e8re&nbsp;: tel est l\u2019objectif d\u2019une session de formation initi\u00e9e le 25 ao\u00fbt 2025 \u00e0 Lom\u00e9 par le Centre de Formation <\/strong><strong>Etincelle Light en collaboration avec le Cabinet Wodewole.<\/strong><strong><\/strong><\/p>\n\n\n\n<p>Il s\u2019agit d\u2019une formation de formateurs et consultants pour b\u00e2tir une nouvelle g\u00e9n\u00e9ration de formateurs capables de transmettre ces savoirs \u00e0 grande \u00e9chelle, et ainsi contribuer \u00e0 b\u00e2tir une soci\u00e9t\u00e9 plus r\u00e9siliente et \u00e9conomiquement autonome.<\/p>\n\n\n\n<p>\u00ab\u00a0Beaucoup de nos concitoyens, qu\u2019ils soient instruits ou non, urbains ou ruraux, hommes ou femmes, connaissent des difficult\u00e9s financi\u00e8res majeures durant leur vie active et surtout \u00e0 la retraite, parfois au prix de graves cons\u00e9quences sociales et sanitaires. Pourtant, il n\u2019existe pas encore d\u2019\u00e9coles ni de cursus v\u00e9ritablement d\u00e9di\u00e9s \u00e0 l\u2019\u00e9ducation financi\u00e8re dans notre pays\u00a0\u00bb, a indiqu\u00e9, Ako\u00e9t\u00e9 Adjewonu, Directeur du Centre de Formation Etincelle Light.<\/p>\n\n\n\n<p>\u00ab&nbsp;Face \u00e0 ce constat, nous avons jug\u00e9 n\u00e9cessaire de mettre en place des initiatives porteuses d\u2019avenir. C\u2019est dans cette logique que le CFEL, en partenariat avec le Cabinet WODEWOLE, a pris l\u2019initiative de concevoir et de lancer cette formation innovante, destin\u00e9e aux consultants et formateurs d\u00e9sireux de renforcer leurs capacit\u00e9s&nbsp;\u00bb, a-t-il expliqu\u00e9.<\/p>\n\n\n\n<figure class=\"wp-block-image size-full is-resized\"><img loading=\"lazy\" decoding=\"async\" width=\"673\" height=\"387\" src=\"https:\/\/lavoixdelanation.tg\/wp-content\/uploads\/2025\/09\/Formation-en-education-financiere-au-Togo.jpg\" alt=\"\" class=\"wp-image-8675\" style=\"width:840px;height:auto\" srcset=\"https:\/\/lavoixdelanation.tg\/wp-content\/uploads\/2025\/09\/Formation-en-education-financiere-au-Togo.jpg 673w, https:\/\/lavoixdelanation.tg\/wp-content\/uploads\/2025\/09\/Formation-en-education-financiere-au-Togo-300x173.jpg 300w\" sizes=\"auto, (max-width: 673px) 100vw, 673px\" \/><\/figure>\n\n\n\n<p>Cette formation s\u2019est d\u00e9roul\u00e9e suivant une approche participative anim\u00e9e par une \u00e9quipe de trois (3) experts du Centre Etincelle Light et du Cabinet Wodewole.<\/p>\n\n\n\n<p>Il s\u2019agit notamment de Michel ADOPRE<em>, <\/em>Consultant, Formateur et Coach, Expert en \u00e9ducation financi\u00e8re et en \u00e9ducation aux comp\u00e9tences de la vie, Directeur G\u00e9n\u00e9ral du Cabinet WODEWOLE, de Gilles Lazare AKOMAGNI, Agro\u00e9conomiste, Consultant-formateur, responsable du Cabinet AGRITORCH, et WUSSU Koku Mawu-Lolo, Gestionnaire-Comptable, Consultant-Formateur en D\u00e9veloppement des ressources humaines et en organisation d&rsquo;entreprise, Promoteur de POLE CONSULT Sarl-U.<\/p>\n\n\n\n<p>Durant cinq (05) jours, les participants ont eu l\u2019opportunit\u00e9 de partager les approches de formation d\u2019adultes, de mieux comprendre les concepts cl\u00e9s de l\u2019\u00e9ducation financi\u00e8re, de ma\u00eetriser les piliers de l\u2019ind\u00e9pendance financi\u00e8re et de d\u00e9couvrir par ailleurs des m\u00e9thodes et outils concrets de gestion et de planification.<\/p>\n\n\n\n<p>Plus qu\u2019une formation, cette session a offert aux participants, une responsabilit\u00e9 : celle de devenir des multiplicateurs de savoir, des porteurs de solutions et des b\u00e2tisseurs d\u2019avenir pour les communaut\u00e9s.<\/p>\n\n\n\n<p><strong>DKS<\/strong><\/p>\n","protected":false},"excerpt":{"rendered":"<p>Renforcer les capacit\u00e9s techniques des cadres d\u00e9sireux de mener des activit\u00e9s de consultance et de formation en \u00e9ducation financi\u00e8re&nbsp;: tel est l\u2019objectif d\u2019une session de formation initi\u00e9e le 25 ao\u00fbt&hellip; <\/p>\n","protected":false},"author":1,"featured_media":8674,"comment_status":"open","ping_status":"closed","sticky":false,"template":"","format":"standard","meta":{"footnotes":""},"categories":[10],"tags":[932,933,931,39],"class_list":["post-8673","post","type-post","status-publish","format-standard","has-post-thumbnail","hentry","category-education","tag-cabinet-wodewole","tag-centre-de-formation-etincelle-light","tag-education-financiere","tag-togo"],"yoast_head":"<!-- This site is optimized with the Yoast SEO plugin v26.4 - https:\/\/yoast.com\/wordpress\/plugins\/seo\/ -->\n<title>Education financi\u00e8re\u00a0: Le CFEL et le Cabinet WODEWOLE produisent une nouvelle g\u00e9n\u00e9ration de formateurs - La Voix de la Nation<\/title>\n<meta name=\"robots\" content=\"index, follow, max-snippet:-1, max-image-preview:large, max-video-preview:-1\" \/>\n<link rel=\"canonical\" href=\"https:\/\/lavoixdelanation.tg\/index.php\/2025\/09\/01\/education-financiere-le-cfel-et-le-cabinet-wodewole-produisent-une-nouvelle-generation-de-formateurs\/\" \/>\n<meta property=\"og:locale\" content=\"fr_FR\" \/>\n<meta property=\"og:type\" content=\"article\" \/>\n<meta property=\"og:title\" content=\"Education financi\u00e8re\u00a0: Le CFEL et le Cabinet WODEWOLE produisent une nouvelle g\u00e9n\u00e9ration de formateurs - La Voix de la Nation\" \/>\n<meta property=\"og:description\" content=\"Renforcer les capacit\u00e9s techniques des cadres d\u00e9sireux de mener des activit\u00e9s de consultance et de formation en \u00e9ducation financi\u00e8re&nbsp;: tel est l\u2019objectif d\u2019une session de formation initi\u00e9e le 25 ao\u00fbt&hellip;\" \/>\n<meta property=\"og:url\" content=\"https:\/\/lavoixdelanation.tg\/index.php\/2025\/09\/01\/education-financiere-le-cfel-et-le-cabinet-wodewole-produisent-une-nouvelle-generation-de-formateurs\/\" \/>\n<meta property=\"og:site_name\" content=\"La Voix de la Nation\" \/>\n<meta property=\"article:publisher\" content=\"https:\/\/www.facebook.com\/lavoixdelanation\" \/>\n<meta property=\"article:published_time\" content=\"2025-09-01T10:46:46+00:00\" \/>\n<meta property=\"article:modified_time\" content=\"2025-09-02T10:53:30+00:00\" \/>\n<meta property=\"og:image\" content=\"https:\/\/lavoixdelanation.tg\/wp-content\/uploads\/2025\/09\/Formation-en-education-financiere-a-Lome.jpg\" \/>\n\t<meta property=\"og:image:width\" content=\"700\" \/>\n\t<meta property=\"og:image:height\" content=\"485\" \/>\n\t<meta property=\"og:image:type\" content=\"image\/jpeg\" \/>\n<meta name=\"author\" content=\"La voix de la nation\" \/>\n<meta name=\"twitter:card\" content=\"summary_large_image\" \/>\n<meta name=\"twitter:label1\" content=\"\u00c9crit par\" \/>\n\t<meta name=\"twitter:data1\" content=\"La voix de la nation\" \/>\n\t<meta name=\"twitter:label2\" content=\"Dur\u00e9e de lecture estim\u00e9e\" \/>\n\t<meta name=\"twitter:data2\" content=\"2 minutes\" \/>\n<script type=\"application\/ld+json\" class=\"yoast-schema-graph\">{\"@context\":\"https:\/\/schema.org\",\"@graph\":[{\"@type\":\"Article\",\"@id\":\"https:\/\/lavoixdelanation.tg\/index.php\/2025\/09\/01\/education-financiere-le-cfel-et-le-cabinet-wodewole-produisent-une-nouvelle-generation-de-formateurs\/#article\",\"isPartOf\":{\"@id\":\"https:\/\/lavoixdelanation.tg\/index.php\/2025\/09\/01\/education-financiere-le-cfel-et-le-cabinet-wodewole-produisent-une-nouvelle-generation-de-formateurs\/\"},\"author\":{\"name\":\"La voix de la nation\",\"@id\":\"https:\/\/lavoixdelanation.tg\/#\/schema\/person\/6c489293aa38053673a9e554acb6e224\"},\"headline\":\"Education financi\u00e8re\u00a0: Le CFEL et le Cabinet WODEWOLE produisent une nouvelle g\u00e9n\u00e9ration de formateurs\",\"datePublished\":\"2025-09-01T10:46:46+00:00\",\"dateModified\":\"2025-09-02T10:53:30+00:00\",\"mainEntityOfPage\":{\"@id\":\"https:\/\/lavoixdelanation.tg\/index.php\/2025\/09\/01\/education-financiere-le-cfel-et-le-cabinet-wodewole-produisent-une-nouvelle-generation-de-formateurs\/\"},\"wordCount\":429,\"commentCount\":0,\"publisher\":{\"@id\":\"https:\/\/lavoixdelanation.tg\/#organization\"},\"image\":{\"@id\":\"https:\/\/lavoixdelanation.tg\/index.php\/2025\/09\/01\/education-financiere-le-cfel-et-le-cabinet-wodewole-produisent-une-nouvelle-generation-de-formateurs\/#primaryimage\"},\"thumbnailUrl\":\"https:\/\/lavoixdelanation.tg\/wp-content\/uploads\/2025\/09\/Formation-en-education-financiere-a-Lome.jpg\",\"keywords\":[\"Cabinet Wodewole\",\"Centre de Formation Etincelle Light\",\"Education financi\u00e8re\",\"Togo\"],\"articleSection\":[\"Education\"],\"inLanguage\":\"fr-FR\",\"potentialAction\":[{\"@type\":\"CommentAction\",\"name\":\"Comment\",\"target\":[\"https:\/\/lavoixdelanation.tg\/index.php\/2025\/09\/01\/education-financiere-le-cfel-et-le-cabinet-wodewole-produisent-une-nouvelle-generation-de-formateurs\/#respond\"]}]},{\"@type\":\"WebPage\",\"@id\":\"https:\/\/lavoixdelanation.tg\/index.php\/2025\/09\/01\/education-financiere-le-cfel-et-le-cabinet-wodewole-produisent-une-nouvelle-generation-de-formateurs\/\",\"url\":\"https:\/\/lavoixdelanation.tg\/index.php\/2025\/09\/01\/education-financiere-le-cfel-et-le-cabinet-wodewole-produisent-une-nouvelle-generation-de-formateurs\/\",\"name\":\"Education financi\u00e8re\u00a0: Le CFEL et le Cabinet WODEWOLE produisent une nouvelle g\u00e9n\u00e9ration de formateurs - La Voix de la Nation\",\"isPartOf\":{\"@id\":\"https:\/\/lavoixdelanation.tg\/#website\"},\"primaryImageOfPage\":{\"@id\":\"https:\/\/lavoixdelanation.tg\/index.php\/2025\/09\/01\/education-financiere-le-cfel-et-le-cabinet-wodewole-produisent-une-nouvelle-generation-de-formateurs\/#primaryimage\"},\"image\":{\"@id\":\"https:\/\/lavoixdelanation.tg\/index.php\/2025\/09\/01\/education-financiere-le-cfel-et-le-cabinet-wodewole-produisent-une-nouvelle-generation-de-formateurs\/#primaryimage\"},\"thumbnailUrl\":\"https:\/\/lavoixdelanation.tg\/wp-content\/uploads\/2025\/09\/Formation-en-education-financiere-a-Lome.jpg\",\"datePublished\":\"2025-09-01T10:46:46+00:00\",\"dateModified\":\"2025-09-02T10:53:30+00:00\",\"breadcrumb\":{\"@id\":\"https:\/\/lavoixdelanation.tg\/index.php\/2025\/09\/01\/education-financiere-le-cfel-et-le-cabinet-wodewole-produisent-une-nouvelle-generation-de-formateurs\/#breadcrumb\"},\"inLanguage\":\"fr-FR\",\"potentialAction\":[{\"@type\":\"ReadAction\",\"target\":[\"https:\/\/lavoixdelanation.tg\/index.php\/2025\/09\/01\/education-financiere-le-cfel-et-le-cabinet-wodewole-produisent-une-nouvelle-generation-de-formateurs\/\"]}]},{\"@type\":\"ImageObject\",\"inLanguage\":\"fr-FR\",\"@id\":\"https:\/\/lavoixdelanation.tg\/index.php\/2025\/09\/01\/education-financiere-le-cfel-et-le-cabinet-wodewole-produisent-une-nouvelle-generation-de-formateurs\/#primaryimage\",\"url\":\"https:\/\/lavoixdelanation.tg\/wp-content\/uploads\/2025\/09\/Formation-en-education-financiere-a-Lome.jpg\",\"contentUrl\":\"https:\/\/lavoixdelanation.tg\/wp-content\/uploads\/2025\/09\/Formation-en-education-financiere-a-Lome.jpg\",\"width\":700,\"height\":485},{\"@type\":\"BreadcrumbList\",\"@id\":\"https:\/\/lavoixdelanation.tg\/index.php\/2025\/09\/01\/education-financiere-le-cfel-et-le-cabinet-wodewole-produisent-une-nouvelle-generation-de-formateurs\/#breadcrumb\",\"itemListElement\":[{\"@type\":\"ListItem\",\"position\":1,\"name\":\"Accueil\",\"item\":\"https:\/\/lavoixdelanation.tg\/\"},{\"@type\":\"ListItem\",\"position\":2,\"name\":\"Education financi\u00e8re\u00a0: Le CFEL et le Cabinet WODEWOLE produisent une nouvelle g\u00e9n\u00e9ration de formateurs\"}]},{\"@type\":\"WebSite\",\"@id\":\"https:\/\/lavoixdelanation.tg\/#website\",\"url\":\"https:\/\/lavoixdelanation.tg\/\",\"name\":\"La Voix de la Nation\",\"description\":\"R\u00e9c\u00e9piss\u00e9 n\u00b00108\/HAAC\/01-2024\/pl\/P\",\"publisher\":{\"@id\":\"https:\/\/lavoixdelanation.tg\/#organization\"},\"alternateName\":\"VON\",\"potentialAction\":[{\"@type\":\"SearchAction\",\"target\":{\"@type\":\"EntryPoint\",\"urlTemplate\":\"https:\/\/lavoixdelanation.tg\/?s={search_term_string}\"},\"query-input\":{\"@type\":\"PropertyValueSpecification\",\"valueRequired\":true,\"valueName\":\"search_term_string\"}}],\"inLanguage\":\"fr-FR\"},{\"@type\":\"Organization\",\"@id\":\"https:\/\/lavoixdelanation.tg\/#organization\",\"name\":\"La Voix de la Nation\",\"url\":\"https:\/\/lavoixdelanation.tg\/\",\"logo\":{\"@type\":\"ImageObject\",\"inLanguage\":\"fr-FR\",\"@id\":\"https:\/\/lavoixdelanation.tg\/#\/schema\/logo\/image\/\",\"url\":\"https:\/\/lavoixdelanation.tg\/wp-content\/uploads\/2024\/12\/lavn-1.png\",\"contentUrl\":\"https:\/\/lavoixdelanation.tg\/wp-content\/uploads\/2024\/12\/lavn-1.png\",\"width\":1024,\"height\":464,\"caption\":\"La Voix de la Nation\"},\"image\":{\"@id\":\"https:\/\/lavoixdelanation.tg\/#\/schema\/logo\/image\/\"},\"sameAs\":[\"https:\/\/www.facebook.com\/lavoixdelanation\"]},{\"@type\":\"Person\",\"@id\":\"https:\/\/lavoixdelanation.tg\/#\/schema\/person\/6c489293aa38053673a9e554acb6e224\",\"name\":\"La voix de la nation\",\"image\":{\"@type\":\"ImageObject\",\"inLanguage\":\"fr-FR\",\"@id\":\"https:\/\/lavoixdelanation.tg\/#\/schema\/person\/image\/\",\"url\":\"https:\/\/secure.gravatar.com\/avatar\/8aa135d4bbc794494cecaa8d483f6d6cc1023624868deaff686baed5e727a5a1?s=96&d=mm&r=g\",\"contentUrl\":\"https:\/\/secure.gravatar.com\/avatar\/8aa135d4bbc794494cecaa8d483f6d6cc1023624868deaff686baed5e727a5a1?s=96&d=mm&r=g\",\"caption\":\"La voix de la nation\"},\"sameAs\":[\"https:\/\/lavoixdelanation.tg\"],\"url\":\"https:\/\/lavoixdelanation.tg\/index.php\/author\/lavn\/\"}]}<\/script>\n<!-- \/ Yoast SEO plugin. -->","yoast_head_json":{"title":"Education financi\u00e8re\u00a0: Le CFEL et le Cabinet WODEWOLE produisent une nouvelle g\u00e9n\u00e9ration de formateurs - La Voix de la Nation","robots":{"index":"index","follow":"follow","max-snippet":"max-snippet:-1","max-image-preview":"max-image-preview:large","max-video-preview":"max-video-preview:-1"},"canonical":"https:\/\/lavoixdelanation.tg\/index.php\/2025\/09\/01\/education-financiere-le-cfel-et-le-cabinet-wodewole-produisent-une-nouvelle-generation-de-formateurs\/","og_locale":"fr_FR","og_type":"article","og_title":"Education financi\u00e8re\u00a0: Le CFEL et le Cabinet WODEWOLE produisent une nouvelle g\u00e9n\u00e9ration de formateurs - La Voix de la Nation","og_description":"Renforcer les capacit\u00e9s techniques des cadres d\u00e9sireux de mener des activit\u00e9s de consultance et de formation en \u00e9ducation financi\u00e8re&nbsp;: tel est l\u2019objectif d\u2019une session de formation initi\u00e9e le 25 ao\u00fbt&hellip;","og_url":"https:\/\/lavoixdelanation.tg\/index.php\/2025\/09\/01\/education-financiere-le-cfel-et-le-cabinet-wodewole-produisent-une-nouvelle-generation-de-formateurs\/","og_site_name":"La Voix de la Nation","article_publisher":"https:\/\/www.facebook.com\/lavoixdelanation","article_published_time":"2025-09-01T10:46:46+00:00","article_modified_time":"2025-09-02T10:53:30+00:00","og_image":[{"width":700,"height":485,"url":"https:\/\/lavoixdelanation.tg\/wp-content\/uploads\/2025\/09\/Formation-en-education-financiere-a-Lome.jpg","type":"image\/jpeg"}],"author":"La voix de la nation","twitter_card":"summary_large_image","twitter_misc":{"\u00c9crit par":"La voix de la nation","Dur\u00e9e de lecture estim\u00e9e":"2 minutes"},"schema":{"@context":"https:\/\/schema.org","@graph":[{"@type":"Article","@id":"https:\/\/lavoixdelanation.tg\/index.php\/2025\/09\/01\/education-financiere-le-cfel-et-le-cabinet-wodewole-produisent-une-nouvelle-generation-de-formateurs\/#article","isPartOf":{"@id":"https:\/\/lavoixdelanation.tg\/index.php\/2025\/09\/01\/education-financiere-le-cfel-et-le-cabinet-wodewole-produisent-une-nouvelle-generation-de-formateurs\/"},"author":{"name":"La voix de la nation","@id":"https:\/\/lavoixdelanation.tg\/#\/schema\/person\/6c489293aa38053673a9e554acb6e224"},"headline":"Education financi\u00e8re\u00a0: Le CFEL et le Cabinet WODEWOLE produisent une nouvelle g\u00e9n\u00e9ration de formateurs","datePublished":"2025-09-01T10:46:46+00:00","dateModified":"2025-09-02T10:53:30+00:00","mainEntityOfPage":{"@id":"https:\/\/lavoixdelanation.tg\/index.php\/2025\/09\/01\/education-financiere-le-cfel-et-le-cabinet-wodewole-produisent-une-nouvelle-generation-de-formateurs\/"},"wordCount":429,"commentCount":0,"publisher":{"@id":"https:\/\/lavoixdelanation.tg\/#organization"},"image":{"@id":"https:\/\/lavoixdelanation.tg\/index.php\/2025\/09\/01\/education-financiere-le-cfel-et-le-cabinet-wodewole-produisent-une-nouvelle-generation-de-formateurs\/#primaryimage"},"thumbnailUrl":"https:\/\/lavoixdelanation.tg\/wp-content\/uploads\/2025\/09\/Formation-en-education-financiere-a-Lome.jpg","keywords":["Cabinet Wodewole","Centre de Formation Etincelle Light","Education financi\u00e8re","Togo"],"articleSection":["Education"],"inLanguage":"fr-FR","potentialAction":[{"@type":"CommentAction","name":"Comment","target":["https:\/\/lavoixdelanation.tg\/index.php\/2025\/09\/01\/education-financiere-le-cfel-et-le-cabinet-wodewole-produisent-une-nouvelle-generation-de-formateurs\/#respond"]}]},{"@type":"WebPage","@id":"https:\/\/lavoixdelanation.tg\/index.php\/2025\/09\/01\/education-financiere-le-cfel-et-le-cabinet-wodewole-produisent-une-nouvelle-generation-de-formateurs\/","url":"https:\/\/lavoixdelanation.tg\/index.php\/2025\/09\/01\/education-financiere-le-cfel-et-le-cabinet-wodewole-produisent-une-nouvelle-generation-de-formateurs\/","name":"Education financi\u00e8re\u00a0: Le CFEL et le Cabinet WODEWOLE produisent une nouvelle g\u00e9n\u00e9ration de formateurs - La Voix de la Nation","isPartOf":{"@id":"https:\/\/lavoixdelanation.tg\/#website"},"primaryImageOfPage":{"@id":"https:\/\/lavoixdelanation.tg\/index.php\/2025\/09\/01\/education-financiere-le-cfel-et-le-cabinet-wodewole-produisent-une-nouvelle-generation-de-formateurs\/#primaryimage"},"image":{"@id":"https:\/\/lavoixdelanation.tg\/index.php\/2025\/09\/01\/education-financiere-le-cfel-et-le-cabinet-wodewole-produisent-une-nouvelle-generation-de-formateurs\/#primaryimage"},"thumbnailUrl":"https:\/\/lavoixdelanation.tg\/wp-content\/uploads\/2025\/09\/Formation-en-education-financiere-a-Lome.jpg","datePublished":"2025-09-01T10:46:46+00:00","dateModified":"2025-09-02T10:53:30+00:00","breadcrumb":{"@id":"https:\/\/lavoixdelanation.tg\/index.php\/2025\/09\/01\/education-financiere-le-cfel-et-le-cabinet-wodewole-produisent-une-nouvelle-generation-de-formateurs\/#breadcrumb"},"inLanguage":"fr-FR","potentialAction":[{"@type":"ReadAction","target":["https:\/\/lavoixdelanation.tg\/index.php\/2025\/09\/01\/education-financiere-le-cfel-et-le-cabinet-wodewole-produisent-une-nouvelle-generation-de-formateurs\/"]}]},{"@type":"ImageObject","inLanguage":"fr-FR","@id":"https:\/\/lavoixdelanation.tg\/index.php\/2025\/09\/01\/education-financiere-le-cfel-et-le-cabinet-wodewole-produisent-une-nouvelle-generation-de-formateurs\/#primaryimage","url":"https:\/\/lavoixdelanation.tg\/wp-content\/uploads\/2025\/09\/Formation-en-education-financiere-a-Lome.jpg","contentUrl":"https:\/\/lavoixdelanation.tg\/wp-content\/uploads\/2025\/09\/Formation-en-education-financiere-a-Lome.jpg","width":700,"height":485},{"@type":"BreadcrumbList","@id":"https:\/\/lavoixdelanation.tg\/index.php\/2025\/09\/01\/education-financiere-le-cfel-et-le-cabinet-wodewole-produisent-une-nouvelle-generation-de-formateurs\/#breadcrumb","itemListElement":[{"@type":"ListItem","position":1,"name":"Accueil","item":"https:\/\/lavoixdelanation.tg\/"},{"@type":"ListItem","position":2,"name":"Education financi\u00e8re\u00a0: Le CFEL et le Cabinet WODEWOLE produisent une nouvelle g\u00e9n\u00e9ration de formateurs"}]},{"@type":"WebSite","@id":"https:\/\/lavoixdelanation.tg\/#website","url":"https:\/\/lavoixdelanation.tg\/","name":"La Voix de la Nation","description":"R\u00e9c\u00e9piss\u00e9 n\u00b00108\/HAAC\/01-2024\/pl\/P","publisher":{"@id":"https:\/\/lavoixdelanation.tg\/#organization"},"alternateName":"VON","potentialAction":[{"@type":"SearchAction","target":{"@type":"EntryPoint","urlTemplate":"https:\/\/lavoixdelanation.tg\/?s={search_term_string}"},"query-input":{"@type":"PropertyValueSpecification","valueRequired":true,"valueName":"search_term_string"}}],"inLanguage":"fr-FR"},{"@type":"Organization","@id":"https:\/\/lavoixdelanation.tg\/#organization","name":"La Voix de la Nation","url":"https:\/\/lavoixdelanation.tg\/","logo":{"@type":"ImageObject","inLanguage":"fr-FR","@id":"https:\/\/lavoixdelanation.tg\/#\/schema\/logo\/image\/","url":"https:\/\/lavoixdelanation.tg\/wp-content\/uploads\/2024\/12\/lavn-1.png","contentUrl":"https:\/\/lavoixdelanation.tg\/wp-content\/uploads\/2024\/12\/lavn-1.png","width":1024,"height":464,"caption":"La Voix de la Nation"},"image":{"@id":"https:\/\/lavoixdelanation.tg\/#\/schema\/logo\/image\/"},"sameAs":["https:\/\/www.facebook.com\/lavoixdelanation"]},{"@type":"Person","@id":"https:\/\/lavoixdelanation.tg\/#\/schema\/person\/6c489293aa38053673a9e554acb6e224","name":"La voix de la nation","image":{"@type":"ImageObject","inLanguage":"fr-FR","@id":"https:\/\/lavoixdelanation.tg\/#\/schema\/person\/image\/","url":"https:\/\/secure.gravatar.com\/avatar\/8aa135d4bbc794494cecaa8d483f6d6cc1023624868deaff686baed5e727a5a1?s=96&d=mm&r=g","contentUrl":"https:\/\/secure.gravatar.com\/avatar\/8aa135d4bbc794494cecaa8d483f6d6cc1023624868deaff686baed5e727a5a1?s=96&d=mm&r=g","caption":"La voix de la nation"},"sameAs":["https:\/\/lavoixdelanation.tg"],"url":"https:\/\/lavoixdelanation.tg\/index.php\/author\/lavn\/"}]}},"_links":{"self":[{"href":"https:\/\/lavoixdelanation.tg\/index.php\/wp-json\/wp\/v2\/posts\/8673","targetHints":{"allow":["GET"]}}],"collection":[{"href":"https:\/\/lavoixdelanation.tg\/index.php\/wp-json\/wp\/v2\/posts"}],"about":[{"href":"https:\/\/lavoixdelanation.tg\/index.php\/wp-json\/wp\/v2\/types\/post"}],"author":[{"embeddable":true,"href":"https:\/\/lavoixdelanation.tg\/index.php\/wp-json\/wp\/v2\/users\/1"}],"replies":[{"embeddable":true,"href":"https:\/\/lavoixdelanation.tg\/index.php\/wp-json\/wp\/v2\/comments?post=8673"}],"version-history":[{"count":2,"href":"https:\/\/lavoixdelanation.tg\/index.php\/wp-json\/wp\/v2\/posts\/8673\/revisions"}],"predecessor-version":[{"id":8678,"href":"https:\/\/lavoixdelanation.tg\/index.php\/wp-json\/wp\/v2\/posts\/8673\/revisions\/8678"}],"wp:featuredmedia":[{"embeddable":true,"href":"https:\/\/lavoixdelanation.tg\/index.php\/wp-json\/wp\/v2\/media\/8674"}],"wp:attachment":[{"href":"https:\/\/lavoixdelanation.tg\/index.php\/wp-json\/wp\/v2\/media?parent=8673"}],"wp:term":[{"taxonomy":"category","embeddable":true,"href":"https:\/\/lavoixdelanation.tg\/index.php\/wp-json\/wp\/v2\/categories?post=8673"},{"taxonomy":"post_tag","embeddable":true,"href":"https:\/\/lavoixdelanation.tg\/index.php\/wp-json\/wp\/v2\/tags?post=8673"}],"curies":[{"name":"wp","href":"https:\/\/api.w.org\/{rel}","templated":true}]}}