{"id":8669,"date":"2025-09-02T11:04:37","date_gmt":"2025-09-02T09:04:37","guid":{"rendered":"https:\/\/lavoixdelanation.tg\/?p=8669"},"modified":"2025-09-02T11:04:37","modified_gmt":"2025-09-02T09:04:37","slug":"togo-les-entites-deconcentrees-outillees-pour-une-meilleure-protection-des-donnees-a-caractere-personnel","status":"publish","type":"post","link":"https:\/\/lavoixdelanation.tg\/index.php\/2025\/09\/02\/togo-les-entites-deconcentrees-outillees-pour-une-meilleure-protection-des-donnees-a-caractere-personnel\/","title":{"rendered":"Togo\u00a0: Les entit\u00e9s d\u00e9concentr\u00e9es outill\u00e9es pour une meilleure protection des donn\u00e9es \u00e0 caract\u00e8re personnel"},"content":{"rendered":"\n<p><strong>Au Togo, l\u2019Instance de Protection des Donn\u00e9es \u00e0 Caract\u00e8re Personnel (IPDCP) a entam\u00e9 une campagne nationale de sensibilisation consacr\u00e9e \u00e0 la vulgarisation des textes relatifs \u00e0 la protection des donn\u00e9es personnelles.<\/strong><\/p>\n\n\n\n<p><strong>Une d\u00e9l\u00e9gation de l\u2019IPDCP \u00e9tait \u00e0 cet effet ce 1<sup>er<\/sup> septembre 2025 \u00e0 Ts\u00e9vi\u00e9 o\u00f9 elle a \u00e9chang\u00e9 sur le sujet avec le secr\u00e9taire g\u00e9n\u00e9ral du gouvernorat et ses coll\u00e8gues des pr\u00e9fectures de la R\u00e9gion Maritime.<\/strong><\/p>\n\n\n\n<p><strong>Il a \u00e9t\u00e9 rappel\u00e9 aux responsables de ces diff\u00e9rentes entit\u00e9s d\u00e9concentr\u00e9es de l\u2019Etat, leur r\u00f4le de relais, en mati\u00e8re de sensibilisation sur les risques num\u00e9riques et les traitements illicites des donn\u00e9es \u00e0 caract\u00e8re personnel des citoyens.<\/strong><\/p>\n\n\n\n<p>Le Pr\u00e9sident de l\u2019IPDCP, Lieutenant-Colonel Bediani B\u00e9l\u00e9i a expliqu\u00e9 que les donn\u00e9es \u00e0 caract\u00e8re personnel sont toutes les informations relatives \u00e0 la personne physique\u00a0: nom, Etat civil, compte bancaire, num\u00e9ro de t\u00e9l\u00e9phone, donn\u00e9es biom\u00e9triques et m\u00e9dicales.<\/p>\n\n\n\n<p>Pour l\u2019IPDCP, il s\u2019agira par exemple de faire en sorte que le traitement de ces donn\u00e9es par les administrations, se fassent conform\u00e9ment \u00e0 la loi, et que les personnes prot\u00e8gent beaucoup leur vie priv\u00e9e, lorsqu\u2019ils sont sur les r\u00e9seaux sociaux, les syst\u00e8mes num\u00e9riques en g\u00e9n\u00e9ral, en ne laissent pas aussi trop de traces.<\/p>\n\n\n\n<p>L\u2019IPDCP a mis deux outils essentiels \u00e0 disposition des responsables des services d\u00e9concentr\u00e9s et d\u00e9centralis\u00e9s.<\/p>\n\n\n\n<p>Il s\u2019agit du recueil de textes regroupant la loi du 29 octobre 2019 relative \u00e0 la protection des donn\u00e9es \u00e0 caract\u00e8re personnel et le d\u00e9cret pr\u00e9sidentiel du 09 d\u00e9cembre 2020, portant organisation et fonctionnement de l\u2019IPDCP, et un d\u00e9pliant de sensibilisation pr\u00e9sentant les droits, obligations et bonnes pratiques pour prot\u00e9ger les donn\u00e9es personnelles.<\/p>\n\n\n\n<p>Apr\u00e8s Ts\u00e9vi\u00e9, la tourn\u00e9e de l\u2019IPDCP se poursuivra \u00e0 Kpalim\u00e9, Atakpam\u00e9, Sokod\u00e9, Kara et Dapaong toujours avec les secr\u00e9taires g\u00e9n\u00e9raux des gouvernorats et des pr\u00e9fectures du pays.<\/p>\n\n\n\n<p><strong>Cris DADA<\/strong><\/p>\n","protected":false},"excerpt":{"rendered":"<p>Au Togo, l\u2019Instance de Protection des Donn\u00e9es \u00e0 Caract\u00e8re Personnel (IPDCP) a entam\u00e9 une campagne nationale de sensibilisation consacr\u00e9e \u00e0 la vulgarisation des textes relatifs \u00e0 la protection des donn\u00e9es&hellip; <\/p>\n","protected":false},"author":1,"featured_media":8671,"comment_status":"open","ping_status":"closed","sticky":false,"template":"","format":"standard","meta":{"footnotes":""},"categories":[29],"tags":[929,930,39],"class_list":["post-8669","post","type-post","status-publish","format-standard","has-post-thumbnail","hentry","category-societe","tag-donnees-a-caractere-personnel","tag-ipdcp","tag-togo"],"yoast_head":"<!-- This site is optimized with the Yoast SEO plugin v26.4 - https:\/\/yoast.com\/wordpress\/plugins\/seo\/ -->\n<title>Togo\u00a0: Les entit\u00e9s d\u00e9concentr\u00e9es outill\u00e9es pour une meilleure protection des donn\u00e9es \u00e0 caract\u00e8re personnel - La Voix de la Nation<\/title>\n<meta name=\"robots\" content=\"index, follow, max-snippet:-1, max-image-preview:large, max-video-preview:-1\" \/>\n<link rel=\"canonical\" href=\"https:\/\/lavoixdelanation.tg\/index.php\/2025\/09\/02\/togo-les-entites-deconcentrees-outillees-pour-une-meilleure-protection-des-donnees-a-caractere-personnel\/\" \/>\n<meta property=\"og:locale\" content=\"fr_FR\" \/>\n<meta property=\"og:type\" content=\"article\" \/>\n<meta property=\"og:title\" content=\"Togo\u00a0: Les entit\u00e9s d\u00e9concentr\u00e9es outill\u00e9es pour une meilleure protection des donn\u00e9es \u00e0 caract\u00e8re personnel - La Voix de la Nation\" \/>\n<meta property=\"og:description\" content=\"Au Togo, l\u2019Instance de Protection des Donn\u00e9es \u00e0 Caract\u00e8re Personnel (IPDCP) a entam\u00e9 une campagne nationale de sensibilisation consacr\u00e9e \u00e0 la vulgarisation des textes relatifs \u00e0 la protection des donn\u00e9es&hellip;\" \/>\n<meta property=\"og:url\" content=\"https:\/\/lavoixdelanation.tg\/index.php\/2025\/09\/02\/togo-les-entites-deconcentrees-outillees-pour-une-meilleure-protection-des-donnees-a-caractere-personnel\/\" \/>\n<meta property=\"og:site_name\" content=\"La Voix de la Nation\" \/>\n<meta property=\"article:publisher\" content=\"https:\/\/www.facebook.com\/lavoixdelanation\" \/>\n<meta property=\"article:published_time\" content=\"2025-09-02T09:04:37+00:00\" \/>\n<meta property=\"og:image\" content=\"https:\/\/lavoixdelanation.tg\/wp-content\/uploads\/2025\/09\/Le-President-de-lIPDCP-a-gauche-remettant-les-documents-au-SG-du-gouvernorat-maritime.jpg\" \/>\n\t<meta property=\"og:image:width\" content=\"660\" \/>\n\t<meta property=\"og:image:height\" content=\"400\" \/>\n\t<meta property=\"og:image:type\" content=\"image\/jpeg\" \/>\n<meta name=\"author\" content=\"La voix de la nation\" \/>\n<meta name=\"twitter:card\" content=\"summary_large_image\" \/>\n<meta name=\"twitter:label1\" content=\"\u00c9crit par\" \/>\n\t<meta name=\"twitter:data1\" content=\"La voix de la nation\" \/>\n\t<meta name=\"twitter:label2\" content=\"Dur\u00e9e de lecture estim\u00e9e\" \/>\n\t<meta name=\"twitter:data2\" content=\"2 minutes\" \/>\n<script type=\"application\/ld+json\" class=\"yoast-schema-graph\">{\"@context\":\"https:\/\/schema.org\",\"@graph\":[{\"@type\":\"Article\",\"@id\":\"https:\/\/lavoixdelanation.tg\/index.php\/2025\/09\/02\/togo-les-entites-deconcentrees-outillees-pour-une-meilleure-protection-des-donnees-a-caractere-personnel\/#article\",\"isPartOf\":{\"@id\":\"https:\/\/lavoixdelanation.tg\/index.php\/2025\/09\/02\/togo-les-entites-deconcentrees-outillees-pour-une-meilleure-protection-des-donnees-a-caractere-personnel\/\"},\"author\":{\"name\":\"La voix de la nation\",\"@id\":\"https:\/\/lavoixdelanation.tg\/#\/schema\/person\/6c489293aa38053673a9e554acb6e224\"},\"headline\":\"Togo\u00a0: Les entit\u00e9s d\u00e9concentr\u00e9es outill\u00e9es pour une meilleure protection des donn\u00e9es \u00e0 caract\u00e8re personnel\",\"datePublished\":\"2025-09-02T09:04:37+00:00\",\"mainEntityOfPage\":{\"@id\":\"https:\/\/lavoixdelanation.tg\/index.php\/2025\/09\/02\/togo-les-entites-deconcentrees-outillees-pour-une-meilleure-protection-des-donnees-a-caractere-personnel\/\"},\"wordCount\":363,\"commentCount\":0,\"publisher\":{\"@id\":\"https:\/\/lavoixdelanation.tg\/#organization\"},\"image\":{\"@id\":\"https:\/\/lavoixdelanation.tg\/index.php\/2025\/09\/02\/togo-les-entites-deconcentrees-outillees-pour-une-meilleure-protection-des-donnees-a-caractere-personnel\/#primaryimage\"},\"thumbnailUrl\":\"https:\/\/lavoixdelanation.tg\/wp-content\/uploads\/2025\/09\/Le-President-de-lIPDCP-a-gauche-remettant-les-documents-au-SG-du-gouvernorat-maritime.jpg\",\"keywords\":[\"Donn\u00e9es \u00e0 Caract\u00e8re Personnel\",\"IPDCP\",\"Togo\"],\"articleSection\":[\"Soci\u00e9t\u00e9\"],\"inLanguage\":\"fr-FR\",\"potentialAction\":[{\"@type\":\"CommentAction\",\"name\":\"Comment\",\"target\":[\"https:\/\/lavoixdelanation.tg\/index.php\/2025\/09\/02\/togo-les-entites-deconcentrees-outillees-pour-une-meilleure-protection-des-donnees-a-caractere-personnel\/#respond\"]}]},{\"@type\":\"WebPage\",\"@id\":\"https:\/\/lavoixdelanation.tg\/index.php\/2025\/09\/02\/togo-les-entites-deconcentrees-outillees-pour-une-meilleure-protection-des-donnees-a-caractere-personnel\/\",\"url\":\"https:\/\/lavoixdelanation.tg\/index.php\/2025\/09\/02\/togo-les-entites-deconcentrees-outillees-pour-une-meilleure-protection-des-donnees-a-caractere-personnel\/\",\"name\":\"Togo\u00a0: Les entit\u00e9s d\u00e9concentr\u00e9es outill\u00e9es pour une meilleure protection des donn\u00e9es \u00e0 caract\u00e8re personnel - La Voix de la Nation\",\"isPartOf\":{\"@id\":\"https:\/\/lavoixdelanation.tg\/#website\"},\"primaryImageOfPage\":{\"@id\":\"https:\/\/lavoixdelanation.tg\/index.php\/2025\/09\/02\/togo-les-entites-deconcentrees-outillees-pour-une-meilleure-protection-des-donnees-a-caractere-personnel\/#primaryimage\"},\"image\":{\"@id\":\"https:\/\/lavoixdelanation.tg\/index.php\/2025\/09\/02\/togo-les-entites-deconcentrees-outillees-pour-une-meilleure-protection-des-donnees-a-caractere-personnel\/#primaryimage\"},\"thumbnailUrl\":\"https:\/\/lavoixdelanation.tg\/wp-content\/uploads\/2025\/09\/Le-President-de-lIPDCP-a-gauche-remettant-les-documents-au-SG-du-gouvernorat-maritime.jpg\",\"datePublished\":\"2025-09-02T09:04:37+00:00\",\"breadcrumb\":{\"@id\":\"https:\/\/lavoixdelanation.tg\/index.php\/2025\/09\/02\/togo-les-entites-deconcentrees-outillees-pour-une-meilleure-protection-des-donnees-a-caractere-personnel\/#breadcrumb\"},\"inLanguage\":\"fr-FR\",\"potentialAction\":[{\"@type\":\"ReadAction\",\"target\":[\"https:\/\/lavoixdelanation.tg\/index.php\/2025\/09\/02\/togo-les-entites-deconcentrees-outillees-pour-une-meilleure-protection-des-donnees-a-caractere-personnel\/\"]}]},{\"@type\":\"ImageObject\",\"inLanguage\":\"fr-FR\",\"@id\":\"https:\/\/lavoixdelanation.tg\/index.php\/2025\/09\/02\/togo-les-entites-deconcentrees-outillees-pour-une-meilleure-protection-des-donnees-a-caractere-personnel\/#primaryimage\",\"url\":\"https:\/\/lavoixdelanation.tg\/wp-content\/uploads\/2025\/09\/Le-President-de-lIPDCP-a-gauche-remettant-les-documents-au-SG-du-gouvernorat-maritime.jpg\",\"contentUrl\":\"https:\/\/lavoixdelanation.tg\/wp-content\/uploads\/2025\/09\/Le-President-de-lIPDCP-a-gauche-remettant-les-documents-au-SG-du-gouvernorat-maritime.jpg\",\"width\":660,\"height\":400,\"caption\":\"Le Pr\u00e9sident de l\u2019IPDCP (\u00e0 gauche) remettant les documents au SG du gouvernorat maritime \u00a9Togo Presse\"},{\"@type\":\"BreadcrumbList\",\"@id\":\"https:\/\/lavoixdelanation.tg\/index.php\/2025\/09\/02\/togo-les-entites-deconcentrees-outillees-pour-une-meilleure-protection-des-donnees-a-caractere-personnel\/#breadcrumb\",\"itemListElement\":[{\"@type\":\"ListItem\",\"position\":1,\"name\":\"Accueil\",\"item\":\"https:\/\/lavoixdelanation.tg\/\"},{\"@type\":\"ListItem\",\"position\":2,\"name\":\"Togo\u00a0: Les entit\u00e9s d\u00e9concentr\u00e9es outill\u00e9es pour une meilleure protection des donn\u00e9es \u00e0 caract\u00e8re personnel\"}]},{\"@type\":\"WebSite\",\"@id\":\"https:\/\/lavoixdelanation.tg\/#website\",\"url\":\"https:\/\/lavoixdelanation.tg\/\",\"name\":\"La Voix de la Nation\",\"description\":\"R\u00e9c\u00e9piss\u00e9 n\u00b00108\/HAAC\/01-2024\/pl\/P\",\"publisher\":{\"@id\":\"https:\/\/lavoixdelanation.tg\/#organization\"},\"alternateName\":\"VON\",\"potentialAction\":[{\"@type\":\"SearchAction\",\"target\":{\"@type\":\"EntryPoint\",\"urlTemplate\":\"https:\/\/lavoixdelanation.tg\/?s={search_term_string}\"},\"query-input\":{\"@type\":\"PropertyValueSpecification\",\"valueRequired\":true,\"valueName\":\"search_term_string\"}}],\"inLanguage\":\"fr-FR\"},{\"@type\":\"Organization\",\"@id\":\"https:\/\/lavoixdelanation.tg\/#organization\",\"name\":\"La Voix de la Nation\",\"url\":\"https:\/\/lavoixdelanation.tg\/\",\"logo\":{\"@type\":\"ImageObject\",\"inLanguage\":\"fr-FR\",\"@id\":\"https:\/\/lavoixdelanation.tg\/#\/schema\/logo\/image\/\",\"url\":\"https:\/\/lavoixdelanation.tg\/wp-content\/uploads\/2024\/12\/lavn-1.png\",\"contentUrl\":\"https:\/\/lavoixdelanation.tg\/wp-content\/uploads\/2024\/12\/lavn-1.png\",\"width\":1024,\"height\":464,\"caption\":\"La Voix de la Nation\"},\"image\":{\"@id\":\"https:\/\/lavoixdelanation.tg\/#\/schema\/logo\/image\/\"},\"sameAs\":[\"https:\/\/www.facebook.com\/lavoixdelanation\"]},{\"@type\":\"Person\",\"@id\":\"https:\/\/lavoixdelanation.tg\/#\/schema\/person\/6c489293aa38053673a9e554acb6e224\",\"name\":\"La voix de la nation\",\"image\":{\"@type\":\"ImageObject\",\"inLanguage\":\"fr-FR\",\"@id\":\"https:\/\/lavoixdelanation.tg\/#\/schema\/person\/image\/\",\"url\":\"https:\/\/secure.gravatar.com\/avatar\/8aa135d4bbc794494cecaa8d483f6d6cc1023624868deaff686baed5e727a5a1?s=96&d=mm&r=g\",\"contentUrl\":\"https:\/\/secure.gravatar.com\/avatar\/8aa135d4bbc794494cecaa8d483f6d6cc1023624868deaff686baed5e727a5a1?s=96&d=mm&r=g\",\"caption\":\"La voix de la nation\"},\"sameAs\":[\"https:\/\/lavoixdelanation.tg\"],\"url\":\"https:\/\/lavoixdelanation.tg\/index.php\/author\/lavn\/\"}]}<\/script>\n<!-- \/ Yoast SEO plugin. -->","yoast_head_json":{"title":"Togo\u00a0: Les entit\u00e9s d\u00e9concentr\u00e9es outill\u00e9es pour une meilleure protection des donn\u00e9es \u00e0 caract\u00e8re personnel - La Voix de la Nation","robots":{"index":"index","follow":"follow","max-snippet":"max-snippet:-1","max-image-preview":"max-image-preview:large","max-video-preview":"max-video-preview:-1"},"canonical":"https:\/\/lavoixdelanation.tg\/index.php\/2025\/09\/02\/togo-les-entites-deconcentrees-outillees-pour-une-meilleure-protection-des-donnees-a-caractere-personnel\/","og_locale":"fr_FR","og_type":"article","og_title":"Togo\u00a0: Les entit\u00e9s d\u00e9concentr\u00e9es outill\u00e9es pour une meilleure protection des donn\u00e9es \u00e0 caract\u00e8re personnel - La Voix de la Nation","og_description":"Au Togo, l\u2019Instance de Protection des Donn\u00e9es \u00e0 Caract\u00e8re Personnel (IPDCP) a entam\u00e9 une campagne nationale de sensibilisation consacr\u00e9e \u00e0 la vulgarisation des textes relatifs \u00e0 la protection des donn\u00e9es&hellip;","og_url":"https:\/\/lavoixdelanation.tg\/index.php\/2025\/09\/02\/togo-les-entites-deconcentrees-outillees-pour-une-meilleure-protection-des-donnees-a-caractere-personnel\/","og_site_name":"La Voix de la Nation","article_publisher":"https:\/\/www.facebook.com\/lavoixdelanation","article_published_time":"2025-09-02T09:04:37+00:00","og_image":[{"width":660,"height":400,"url":"https:\/\/lavoixdelanation.tg\/wp-content\/uploads\/2025\/09\/Le-President-de-lIPDCP-a-gauche-remettant-les-documents-au-SG-du-gouvernorat-maritime.jpg","type":"image\/jpeg"}],"author":"La voix de la nation","twitter_card":"summary_large_image","twitter_misc":{"\u00c9crit par":"La voix de la nation","Dur\u00e9e de lecture estim\u00e9e":"2 minutes"},"schema":{"@context":"https:\/\/schema.org","@graph":[{"@type":"Article","@id":"https:\/\/lavoixdelanation.tg\/index.php\/2025\/09\/02\/togo-les-entites-deconcentrees-outillees-pour-une-meilleure-protection-des-donnees-a-caractere-personnel\/#article","isPartOf":{"@id":"https:\/\/lavoixdelanation.tg\/index.php\/2025\/09\/02\/togo-les-entites-deconcentrees-outillees-pour-une-meilleure-protection-des-donnees-a-caractere-personnel\/"},"author":{"name":"La voix de la nation","@id":"https:\/\/lavoixdelanation.tg\/#\/schema\/person\/6c489293aa38053673a9e554acb6e224"},"headline":"Togo\u00a0: Les entit\u00e9s d\u00e9concentr\u00e9es outill\u00e9es pour une meilleure protection des donn\u00e9es \u00e0 caract\u00e8re personnel","datePublished":"2025-09-02T09:04:37+00:00","mainEntityOfPage":{"@id":"https:\/\/lavoixdelanation.tg\/index.php\/2025\/09\/02\/togo-les-entites-deconcentrees-outillees-pour-une-meilleure-protection-des-donnees-a-caractere-personnel\/"},"wordCount":363,"commentCount":0,"publisher":{"@id":"https:\/\/lavoixdelanation.tg\/#organization"},"image":{"@id":"https:\/\/lavoixdelanation.tg\/index.php\/2025\/09\/02\/togo-les-entites-deconcentrees-outillees-pour-une-meilleure-protection-des-donnees-a-caractere-personnel\/#primaryimage"},"thumbnailUrl":"https:\/\/lavoixdelanation.tg\/wp-content\/uploads\/2025\/09\/Le-President-de-lIPDCP-a-gauche-remettant-les-documents-au-SG-du-gouvernorat-maritime.jpg","keywords":["Donn\u00e9es \u00e0 Caract\u00e8re Personnel","IPDCP","Togo"],"articleSection":["Soci\u00e9t\u00e9"],"inLanguage":"fr-FR","potentialAction":[{"@type":"CommentAction","name":"Comment","target":["https:\/\/lavoixdelanation.tg\/index.php\/2025\/09\/02\/togo-les-entites-deconcentrees-outillees-pour-une-meilleure-protection-des-donnees-a-caractere-personnel\/#respond"]}]},{"@type":"WebPage","@id":"https:\/\/lavoixdelanation.tg\/index.php\/2025\/09\/02\/togo-les-entites-deconcentrees-outillees-pour-une-meilleure-protection-des-donnees-a-caractere-personnel\/","url":"https:\/\/lavoixdelanation.tg\/index.php\/2025\/09\/02\/togo-les-entites-deconcentrees-outillees-pour-une-meilleure-protection-des-donnees-a-caractere-personnel\/","name":"Togo\u00a0: Les entit\u00e9s d\u00e9concentr\u00e9es outill\u00e9es pour une meilleure protection des donn\u00e9es \u00e0 caract\u00e8re personnel - La Voix de la Nation","isPartOf":{"@id":"https:\/\/lavoixdelanation.tg\/#website"},"primaryImageOfPage":{"@id":"https:\/\/lavoixdelanation.tg\/index.php\/2025\/09\/02\/togo-les-entites-deconcentrees-outillees-pour-une-meilleure-protection-des-donnees-a-caractere-personnel\/#primaryimage"},"image":{"@id":"https:\/\/lavoixdelanation.tg\/index.php\/2025\/09\/02\/togo-les-entites-deconcentrees-outillees-pour-une-meilleure-protection-des-donnees-a-caractere-personnel\/#primaryimage"},"thumbnailUrl":"https:\/\/lavoixdelanation.tg\/wp-content\/uploads\/2025\/09\/Le-President-de-lIPDCP-a-gauche-remettant-les-documents-au-SG-du-gouvernorat-maritime.jpg","datePublished":"2025-09-02T09:04:37+00:00","breadcrumb":{"@id":"https:\/\/lavoixdelanation.tg\/index.php\/2025\/09\/02\/togo-les-entites-deconcentrees-outillees-pour-une-meilleure-protection-des-donnees-a-caractere-personnel\/#breadcrumb"},"inLanguage":"fr-FR","potentialAction":[{"@type":"ReadAction","target":["https:\/\/lavoixdelanation.tg\/index.php\/2025\/09\/02\/togo-les-entites-deconcentrees-outillees-pour-une-meilleure-protection-des-donnees-a-caractere-personnel\/"]}]},{"@type":"ImageObject","inLanguage":"fr-FR","@id":"https:\/\/lavoixdelanation.tg\/index.php\/2025\/09\/02\/togo-les-entites-deconcentrees-outillees-pour-une-meilleure-protection-des-donnees-a-caractere-personnel\/#primaryimage","url":"https:\/\/lavoixdelanation.tg\/wp-content\/uploads\/2025\/09\/Le-President-de-lIPDCP-a-gauche-remettant-les-documents-au-SG-du-gouvernorat-maritime.jpg","contentUrl":"https:\/\/lavoixdelanation.tg\/wp-content\/uploads\/2025\/09\/Le-President-de-lIPDCP-a-gauche-remettant-les-documents-au-SG-du-gouvernorat-maritime.jpg","width":660,"height":400,"caption":"Le Pr\u00e9sident de l\u2019IPDCP (\u00e0 gauche) remettant les documents au SG du gouvernorat maritime \u00a9Togo Presse"},{"@type":"BreadcrumbList","@id":"https:\/\/lavoixdelanation.tg\/index.php\/2025\/09\/02\/togo-les-entites-deconcentrees-outillees-pour-une-meilleure-protection-des-donnees-a-caractere-personnel\/#breadcrumb","itemListElement":[{"@type":"ListItem","position":1,"name":"Accueil","item":"https:\/\/lavoixdelanation.tg\/"},{"@type":"ListItem","position":2,"name":"Togo\u00a0: Les entit\u00e9s d\u00e9concentr\u00e9es outill\u00e9es pour une meilleure protection des donn\u00e9es \u00e0 caract\u00e8re personnel"}]},{"@type":"WebSite","@id":"https:\/\/lavoixdelanation.tg\/#website","url":"https:\/\/lavoixdelanation.tg\/","name":"La Voix de la Nation","description":"R\u00e9c\u00e9piss\u00e9 n\u00b00108\/HAAC\/01-2024\/pl\/P","publisher":{"@id":"https:\/\/lavoixdelanation.tg\/#organization"},"alternateName":"VON","potentialAction":[{"@type":"SearchAction","target":{"@type":"EntryPoint","urlTemplate":"https:\/\/lavoixdelanation.tg\/?s={search_term_string}"},"query-input":{"@type":"PropertyValueSpecification","valueRequired":true,"valueName":"search_term_string"}}],"inLanguage":"fr-FR"},{"@type":"Organization","@id":"https:\/\/lavoixdelanation.tg\/#organization","name":"La Voix de la Nation","url":"https:\/\/lavoixdelanation.tg\/","logo":{"@type":"ImageObject","inLanguage":"fr-FR","@id":"https:\/\/lavoixdelanation.tg\/#\/schema\/logo\/image\/","url":"https:\/\/lavoixdelanation.tg\/wp-content\/uploads\/2024\/12\/lavn-1.png","contentUrl":"https:\/\/lavoixdelanation.tg\/wp-content\/uploads\/2024\/12\/lavn-1.png","width":1024,"height":464,"caption":"La Voix de la Nation"},"image":{"@id":"https:\/\/lavoixdelanation.tg\/#\/schema\/logo\/image\/"},"sameAs":["https:\/\/www.facebook.com\/lavoixdelanation"]},{"@type":"Person","@id":"https:\/\/lavoixdelanation.tg\/#\/schema\/person\/6c489293aa38053673a9e554acb6e224","name":"La voix de la nation","image":{"@type":"ImageObject","inLanguage":"fr-FR","@id":"https:\/\/lavoixdelanation.tg\/#\/schema\/person\/image\/","url":"https:\/\/secure.gravatar.com\/avatar\/8aa135d4bbc794494cecaa8d483f6d6cc1023624868deaff686baed5e727a5a1?s=96&d=mm&r=g","contentUrl":"https:\/\/secure.gravatar.com\/avatar\/8aa135d4bbc794494cecaa8d483f6d6cc1023624868deaff686baed5e727a5a1?s=96&d=mm&r=g","caption":"La voix de la nation"},"sameAs":["https:\/\/lavoixdelanation.tg"],"url":"https:\/\/lavoixdelanation.tg\/index.php\/author\/lavn\/"}]}},"_links":{"self":[{"href":"https:\/\/lavoixdelanation.tg\/index.php\/wp-json\/wp\/v2\/posts\/8669","targetHints":{"allow":["GET"]}}],"collection":[{"href":"https:\/\/lavoixdelanation.tg\/index.php\/wp-json\/wp\/v2\/posts"}],"about":[{"href":"https:\/\/lavoixdelanation.tg\/index.php\/wp-json\/wp\/v2\/types\/post"}],"author":[{"embeddable":true,"href":"https:\/\/lavoixdelanation.tg\/index.php\/wp-json\/wp\/v2\/users\/1"}],"replies":[{"embeddable":true,"href":"https:\/\/lavoixdelanation.tg\/index.php\/wp-json\/wp\/v2\/comments?post=8669"}],"version-history":[{"count":1,"href":"https:\/\/lavoixdelanation.tg\/index.php\/wp-json\/wp\/v2\/posts\/8669\/revisions"}],"predecessor-version":[{"id":8672,"href":"https:\/\/lavoixdelanation.tg\/index.php\/wp-json\/wp\/v2\/posts\/8669\/revisions\/8672"}],"wp:featuredmedia":[{"embeddable":true,"href":"https:\/\/lavoixdelanation.tg\/index.php\/wp-json\/wp\/v2\/media\/8671"}],"wp:attachment":[{"href":"https:\/\/lavoixdelanation.tg\/index.php\/wp-json\/wp\/v2\/media?parent=8669"}],"wp:term":[{"taxonomy":"category","embeddable":true,"href":"https:\/\/lavoixdelanation.tg\/index.php\/wp-json\/wp\/v2\/categories?post=8669"},{"taxonomy":"post_tag","embeddable":true,"href":"https:\/\/lavoixdelanation.tg\/index.php\/wp-json\/wp\/v2\/tags?post=8669"}],"curies":[{"name":"wp","href":"https:\/\/api.w.org\/{rel}","templated":true}]}}