{"id":8664,"date":"2025-09-01T12:16:00","date_gmt":"2025-09-01T10:16:00","guid":{"rendered":"https:\/\/lavoixdelanation.tg\/?p=8664"},"modified":"2025-09-02T10:21:31","modified_gmt":"2025-09-02T08:21:31","slug":"le-vaccin-contre-le-paludisme-r21-matrix-m-introduit-au-togo","status":"publish","type":"post","link":"https:\/\/lavoixdelanation.tg\/index.php\/2025\/09\/01\/le-vaccin-contre-le-paludisme-r21-matrix-m-introduit-au-togo\/","title":{"rendered":"Le vaccin contre le paludisme R21\/Matrix-M introduit au Togo"},"content":{"rendered":"\n<p><strong>Le vaccin contre le paludisme R21\/Matrix-M est depuis ce 1<sup>er<\/sup> septembre 2025 introduit dans le Programme \u00e9largi de vaccination au Togo. Objectif, renforcer les mesures de pr\u00e9vention du paludisme en faveur des enfants.<\/strong><\/p>\n\n\n\n<p>Le vaccin prot\u00e8ge \u00e0 75% contre les formes cliniques de paludisme, en compl\u00e9ment aux autres moyens de pr\u00e9vention du paludisme.<\/p>\n\n\n\n<p>Selon le minist\u00e8re de la sant\u00e9, le vaccin contre le paludisme est s\u00fbr, efficace et gratuit et est administr\u00e9 aux enfants pour leur fournir une protection suppl\u00e9mentaire contre le paludisme. Le vaccin contre le paludisme n\u2019a pas un effet secondaire diff\u00e9rent des effets des autres vaccins.<\/p>\n\n\n\n<p>La vaccination se en strat\u00e9gie fixe notamment dans les formations sanitaires. Elle cible d&rsquo;abord les enfants de 05 mois d&rsquo;\u00e2ge.<\/p>\n\n\n\n<p>Il faut souligner qu\u2019au Togo, le paludisme repr\u00e9sente 40 % des consultations externes et 25 % de toutes les admissions \u00e0 l\u2019h\u00f4pital.<\/p>\n\n\n\n<p>Selon le rapport 2024 du programme National de Lutte contre le Paludisme, le Togo a enregistr\u00e9 en 2024, 2 182 671 cas de paludisme parmi lesquels 993 d\u00e9c\u00e8s dont 70% d\u2019enfants de moins de 05 ans.<\/p>\n\n\n\n<p>La maladie s\u00e9vit de fa\u00e7on end\u00e9mique sur l\u2019ensemble du territoire national, et sa transmission dure toute l\u2019ann\u00e9e avec une recrudescence en saisons de pluies. Les femmes enceintes et les enfants de moins de cinq ans constituent les groupes les plus vuln\u00e9rables et les plus expos\u00e9s aux formes graves du paludisme.<\/p>\n\n\n\n<p><strong>David S.<\/strong><\/p>\n","protected":false},"excerpt":{"rendered":"<p>Le vaccin contre le paludisme R21\/Matrix-M est depuis ce 1er septembre 2025 introduit dans le Programme \u00e9largi de vaccination au Togo. Objectif, renforcer les mesures de pr\u00e9vention du paludisme en&hellip; <\/p>\n","protected":false},"author":1,"featured_media":8665,"comment_status":"open","ping_status":"closed","sticky":false,"template":"","format":"standard","meta":{"footnotes":""},"categories":[7],"tags":[927,915,39,910,928],"class_list":["post-8664","post","type-post","status-publish","format-standard","has-post-thumbnail","hentry","category-sante","tag-malaria-vaccine","tag-paludisme","tag-togo","tag-vaccin","tag-vaccin-r21-matrix-m"],"yoast_head":"<!-- This site is optimized with the Yoast SEO plugin v26.4 - https:\/\/yoast.com\/wordpress\/plugins\/seo\/ -->\n<title>Le vaccin contre le paludisme R21\/Matrix-M introduit au Togo - La Voix de la Nation<\/title>\n<meta name=\"robots\" content=\"index, follow, max-snippet:-1, max-image-preview:large, max-video-preview:-1\" \/>\n<link rel=\"canonical\" href=\"https:\/\/lavoixdelanation.tg\/index.php\/2025\/09\/01\/le-vaccin-contre-le-paludisme-r21-matrix-m-introduit-au-togo\/\" \/>\n<meta property=\"og:locale\" content=\"fr_FR\" \/>\n<meta property=\"og:type\" content=\"article\" \/>\n<meta property=\"og:title\" content=\"Le vaccin contre le paludisme R21\/Matrix-M introduit au Togo - La Voix de la Nation\" \/>\n<meta property=\"og:description\" content=\"Le vaccin contre le paludisme R21\/Matrix-M est depuis ce 1er septembre 2025 introduit dans le Programme \u00e9largi de vaccination au Togo. Objectif, renforcer les mesures de pr\u00e9vention du paludisme en&hellip;\" \/>\n<meta property=\"og:url\" content=\"https:\/\/lavoixdelanation.tg\/index.php\/2025\/09\/01\/le-vaccin-contre-le-paludisme-r21-matrix-m-introduit-au-togo\/\" \/>\n<meta property=\"og:site_name\" content=\"La Voix de la Nation\" \/>\n<meta property=\"article:publisher\" content=\"https:\/\/www.facebook.com\/lavoixdelanation\" \/>\n<meta property=\"article:published_time\" content=\"2025-09-01T10:16:00+00:00\" \/>\n<meta property=\"article:modified_time\" content=\"2025-09-02T08:21:31+00:00\" \/>\n<meta property=\"og:image\" content=\"https:\/\/lavoixdelanation.tg\/wp-content\/uploads\/2025\/09\/Vaccination-contre-le-paludisme-au-Togo.png\" \/>\n\t<meta property=\"og:image:width\" content=\"650\" \/>\n\t<meta property=\"og:image:height\" content=\"390\" \/>\n\t<meta property=\"og:image:type\" content=\"image\/png\" \/>\n<meta name=\"author\" content=\"La voix de la nation\" \/>\n<meta name=\"twitter:card\" content=\"summary_large_image\" \/>\n<meta name=\"twitter:label1\" content=\"\u00c9crit par\" \/>\n\t<meta name=\"twitter:data1\" content=\"La voix de la nation\" \/>\n\t<meta name=\"twitter:label2\" content=\"Dur\u00e9e de lecture estim\u00e9e\" \/>\n\t<meta name=\"twitter:data2\" content=\"1 minute\" \/>\n<script type=\"application\/ld+json\" class=\"yoast-schema-graph\">{\"@context\":\"https:\/\/schema.org\",\"@graph\":[{\"@type\":\"Article\",\"@id\":\"https:\/\/lavoixdelanation.tg\/index.php\/2025\/09\/01\/le-vaccin-contre-le-paludisme-r21-matrix-m-introduit-au-togo\/#article\",\"isPartOf\":{\"@id\":\"https:\/\/lavoixdelanation.tg\/index.php\/2025\/09\/01\/le-vaccin-contre-le-paludisme-r21-matrix-m-introduit-au-togo\/\"},\"author\":{\"name\":\"La voix de la nation\",\"@id\":\"https:\/\/lavoixdelanation.tg\/#\/schema\/person\/6c489293aa38053673a9e554acb6e224\"},\"headline\":\"Le vaccin contre le paludisme R21\/Matrix-M introduit au Togo\",\"datePublished\":\"2025-09-01T10:16:00+00:00\",\"dateModified\":\"2025-09-02T08:21:31+00:00\",\"mainEntityOfPage\":{\"@id\":\"https:\/\/lavoixdelanation.tg\/index.php\/2025\/09\/01\/le-vaccin-contre-le-paludisme-r21-matrix-m-introduit-au-togo\/\"},\"wordCount\":250,\"commentCount\":0,\"publisher\":{\"@id\":\"https:\/\/lavoixdelanation.tg\/#organization\"},\"image\":{\"@id\":\"https:\/\/lavoixdelanation.tg\/index.php\/2025\/09\/01\/le-vaccin-contre-le-paludisme-r21-matrix-m-introduit-au-togo\/#primaryimage\"},\"thumbnailUrl\":\"https:\/\/lavoixdelanation.tg\/wp-content\/uploads\/2025\/09\/Vaccination-contre-le-paludisme-au-Togo.png\",\"keywords\":[\"Malaria Vaccine\",\"Paludisme\",\"Togo\",\"Vaccin\",\"Vaccin R21\/Matrix-M\"],\"articleSection\":[\"Sant\u00e9\"],\"inLanguage\":\"fr-FR\",\"potentialAction\":[{\"@type\":\"CommentAction\",\"name\":\"Comment\",\"target\":[\"https:\/\/lavoixdelanation.tg\/index.php\/2025\/09\/01\/le-vaccin-contre-le-paludisme-r21-matrix-m-introduit-au-togo\/#respond\"]}]},{\"@type\":\"WebPage\",\"@id\":\"https:\/\/lavoixdelanation.tg\/index.php\/2025\/09\/01\/le-vaccin-contre-le-paludisme-r21-matrix-m-introduit-au-togo\/\",\"url\":\"https:\/\/lavoixdelanation.tg\/index.php\/2025\/09\/01\/le-vaccin-contre-le-paludisme-r21-matrix-m-introduit-au-togo\/\",\"name\":\"Le vaccin contre le paludisme R21\/Matrix-M introduit au Togo - La Voix de la Nation\",\"isPartOf\":{\"@id\":\"https:\/\/lavoixdelanation.tg\/#website\"},\"primaryImageOfPage\":{\"@id\":\"https:\/\/lavoixdelanation.tg\/index.php\/2025\/09\/01\/le-vaccin-contre-le-paludisme-r21-matrix-m-introduit-au-togo\/#primaryimage\"},\"image\":{\"@id\":\"https:\/\/lavoixdelanation.tg\/index.php\/2025\/09\/01\/le-vaccin-contre-le-paludisme-r21-matrix-m-introduit-au-togo\/#primaryimage\"},\"thumbnailUrl\":\"https:\/\/lavoixdelanation.tg\/wp-content\/uploads\/2025\/09\/Vaccination-contre-le-paludisme-au-Togo.png\",\"datePublished\":\"2025-09-01T10:16:00+00:00\",\"dateModified\":\"2025-09-02T08:21:31+00:00\",\"breadcrumb\":{\"@id\":\"https:\/\/lavoixdelanation.tg\/index.php\/2025\/09\/01\/le-vaccin-contre-le-paludisme-r21-matrix-m-introduit-au-togo\/#breadcrumb\"},\"inLanguage\":\"fr-FR\",\"potentialAction\":[{\"@type\":\"ReadAction\",\"target\":[\"https:\/\/lavoixdelanation.tg\/index.php\/2025\/09\/01\/le-vaccin-contre-le-paludisme-r21-matrix-m-introduit-au-togo\/\"]}]},{\"@type\":\"ImageObject\",\"inLanguage\":\"fr-FR\",\"@id\":\"https:\/\/lavoixdelanation.tg\/index.php\/2025\/09\/01\/le-vaccin-contre-le-paludisme-r21-matrix-m-introduit-au-togo\/#primaryimage\",\"url\":\"https:\/\/lavoixdelanation.tg\/wp-content\/uploads\/2025\/09\/Vaccination-contre-le-paludisme-au-Togo.png\",\"contentUrl\":\"https:\/\/lavoixdelanation.tg\/wp-content\/uploads\/2025\/09\/Vaccination-contre-le-paludisme-au-Togo.png\",\"width\":650,\"height\":390},{\"@type\":\"BreadcrumbList\",\"@id\":\"https:\/\/lavoixdelanation.tg\/index.php\/2025\/09\/01\/le-vaccin-contre-le-paludisme-r21-matrix-m-introduit-au-togo\/#breadcrumb\",\"itemListElement\":[{\"@type\":\"ListItem\",\"position\":1,\"name\":\"Accueil\",\"item\":\"https:\/\/lavoixdelanation.tg\/\"},{\"@type\":\"ListItem\",\"position\":2,\"name\":\"Le vaccin contre le paludisme R21\/Matrix-M introduit au Togo\"}]},{\"@type\":\"WebSite\",\"@id\":\"https:\/\/lavoixdelanation.tg\/#website\",\"url\":\"https:\/\/lavoixdelanation.tg\/\",\"name\":\"La Voix de la Nation\",\"description\":\"R\u00e9c\u00e9piss\u00e9 n\u00b00108\/HAAC\/01-2024\/pl\/P\",\"publisher\":{\"@id\":\"https:\/\/lavoixdelanation.tg\/#organization\"},\"alternateName\":\"VON\",\"potentialAction\":[{\"@type\":\"SearchAction\",\"target\":{\"@type\":\"EntryPoint\",\"urlTemplate\":\"https:\/\/lavoixdelanation.tg\/?s={search_term_string}\"},\"query-input\":{\"@type\":\"PropertyValueSpecification\",\"valueRequired\":true,\"valueName\":\"search_term_string\"}}],\"inLanguage\":\"fr-FR\"},{\"@type\":\"Organization\",\"@id\":\"https:\/\/lavoixdelanation.tg\/#organization\",\"name\":\"La Voix de la Nation\",\"url\":\"https:\/\/lavoixdelanation.tg\/\",\"logo\":{\"@type\":\"ImageObject\",\"inLanguage\":\"fr-FR\",\"@id\":\"https:\/\/lavoixdelanation.tg\/#\/schema\/logo\/image\/\",\"url\":\"https:\/\/lavoixdelanation.tg\/wp-content\/uploads\/2024\/12\/lavn-1.png\",\"contentUrl\":\"https:\/\/lavoixdelanation.tg\/wp-content\/uploads\/2024\/12\/lavn-1.png\",\"width\":1024,\"height\":464,\"caption\":\"La Voix de la Nation\"},\"image\":{\"@id\":\"https:\/\/lavoixdelanation.tg\/#\/schema\/logo\/image\/\"},\"sameAs\":[\"https:\/\/www.facebook.com\/lavoixdelanation\"]},{\"@type\":\"Person\",\"@id\":\"https:\/\/lavoixdelanation.tg\/#\/schema\/person\/6c489293aa38053673a9e554acb6e224\",\"name\":\"La voix de la nation\",\"image\":{\"@type\":\"ImageObject\",\"inLanguage\":\"fr-FR\",\"@id\":\"https:\/\/lavoixdelanation.tg\/#\/schema\/person\/image\/\",\"url\":\"https:\/\/secure.gravatar.com\/avatar\/8aa135d4bbc794494cecaa8d483f6d6cc1023624868deaff686baed5e727a5a1?s=96&d=mm&r=g\",\"contentUrl\":\"https:\/\/secure.gravatar.com\/avatar\/8aa135d4bbc794494cecaa8d483f6d6cc1023624868deaff686baed5e727a5a1?s=96&d=mm&r=g\",\"caption\":\"La voix de la nation\"},\"sameAs\":[\"https:\/\/lavoixdelanation.tg\"],\"url\":\"https:\/\/lavoixdelanation.tg\/index.php\/author\/lavn\/\"}]}<\/script>\n<!-- \/ Yoast SEO plugin. -->","yoast_head_json":{"title":"Le vaccin contre le paludisme R21\/Matrix-M introduit au Togo - La Voix de la Nation","robots":{"index":"index","follow":"follow","max-snippet":"max-snippet:-1","max-image-preview":"max-image-preview:large","max-video-preview":"max-video-preview:-1"},"canonical":"https:\/\/lavoixdelanation.tg\/index.php\/2025\/09\/01\/le-vaccin-contre-le-paludisme-r21-matrix-m-introduit-au-togo\/","og_locale":"fr_FR","og_type":"article","og_title":"Le vaccin contre le paludisme R21\/Matrix-M introduit au Togo - La Voix de la Nation","og_description":"Le vaccin contre le paludisme R21\/Matrix-M est depuis ce 1er septembre 2025 introduit dans le Programme \u00e9largi de vaccination au Togo. Objectif, renforcer les mesures de pr\u00e9vention du paludisme en&hellip;","og_url":"https:\/\/lavoixdelanation.tg\/index.php\/2025\/09\/01\/le-vaccin-contre-le-paludisme-r21-matrix-m-introduit-au-togo\/","og_site_name":"La Voix de la Nation","article_publisher":"https:\/\/www.facebook.com\/lavoixdelanation","article_published_time":"2025-09-01T10:16:00+00:00","article_modified_time":"2025-09-02T08:21:31+00:00","og_image":[{"width":650,"height":390,"url":"https:\/\/lavoixdelanation.tg\/wp-content\/uploads\/2025\/09\/Vaccination-contre-le-paludisme-au-Togo.png","type":"image\/png"}],"author":"La voix de la nation","twitter_card":"summary_large_image","twitter_misc":{"\u00c9crit par":"La voix de la nation","Dur\u00e9e de lecture estim\u00e9e":"1 minute"},"schema":{"@context":"https:\/\/schema.org","@graph":[{"@type":"Article","@id":"https:\/\/lavoixdelanation.tg\/index.php\/2025\/09\/01\/le-vaccin-contre-le-paludisme-r21-matrix-m-introduit-au-togo\/#article","isPartOf":{"@id":"https:\/\/lavoixdelanation.tg\/index.php\/2025\/09\/01\/le-vaccin-contre-le-paludisme-r21-matrix-m-introduit-au-togo\/"},"author":{"name":"La voix de la nation","@id":"https:\/\/lavoixdelanation.tg\/#\/schema\/person\/6c489293aa38053673a9e554acb6e224"},"headline":"Le vaccin contre le paludisme R21\/Matrix-M introduit au Togo","datePublished":"2025-09-01T10:16:00+00:00","dateModified":"2025-09-02T08:21:31+00:00","mainEntityOfPage":{"@id":"https:\/\/lavoixdelanation.tg\/index.php\/2025\/09\/01\/le-vaccin-contre-le-paludisme-r21-matrix-m-introduit-au-togo\/"},"wordCount":250,"commentCount":0,"publisher":{"@id":"https:\/\/lavoixdelanation.tg\/#organization"},"image":{"@id":"https:\/\/lavoixdelanation.tg\/index.php\/2025\/09\/01\/le-vaccin-contre-le-paludisme-r21-matrix-m-introduit-au-togo\/#primaryimage"},"thumbnailUrl":"https:\/\/lavoixdelanation.tg\/wp-content\/uploads\/2025\/09\/Vaccination-contre-le-paludisme-au-Togo.png","keywords":["Malaria Vaccine","Paludisme","Togo","Vaccin","Vaccin R21\/Matrix-M"],"articleSection":["Sant\u00e9"],"inLanguage":"fr-FR","potentialAction":[{"@type":"CommentAction","name":"Comment","target":["https:\/\/lavoixdelanation.tg\/index.php\/2025\/09\/01\/le-vaccin-contre-le-paludisme-r21-matrix-m-introduit-au-togo\/#respond"]}]},{"@type":"WebPage","@id":"https:\/\/lavoixdelanation.tg\/index.php\/2025\/09\/01\/le-vaccin-contre-le-paludisme-r21-matrix-m-introduit-au-togo\/","url":"https:\/\/lavoixdelanation.tg\/index.php\/2025\/09\/01\/le-vaccin-contre-le-paludisme-r21-matrix-m-introduit-au-togo\/","name":"Le vaccin contre le paludisme R21\/Matrix-M introduit au Togo - La Voix de la Nation","isPartOf":{"@id":"https:\/\/lavoixdelanation.tg\/#website"},"primaryImageOfPage":{"@id":"https:\/\/lavoixdelanation.tg\/index.php\/2025\/09\/01\/le-vaccin-contre-le-paludisme-r21-matrix-m-introduit-au-togo\/#primaryimage"},"image":{"@id":"https:\/\/lavoixdelanation.tg\/index.php\/2025\/09\/01\/le-vaccin-contre-le-paludisme-r21-matrix-m-introduit-au-togo\/#primaryimage"},"thumbnailUrl":"https:\/\/lavoixdelanation.tg\/wp-content\/uploads\/2025\/09\/Vaccination-contre-le-paludisme-au-Togo.png","datePublished":"2025-09-01T10:16:00+00:00","dateModified":"2025-09-02T08:21:31+00:00","breadcrumb":{"@id":"https:\/\/lavoixdelanation.tg\/index.php\/2025\/09\/01\/le-vaccin-contre-le-paludisme-r21-matrix-m-introduit-au-togo\/#breadcrumb"},"inLanguage":"fr-FR","potentialAction":[{"@type":"ReadAction","target":["https:\/\/lavoixdelanation.tg\/index.php\/2025\/09\/01\/le-vaccin-contre-le-paludisme-r21-matrix-m-introduit-au-togo\/"]}]},{"@type":"ImageObject","inLanguage":"fr-FR","@id":"https:\/\/lavoixdelanation.tg\/index.php\/2025\/09\/01\/le-vaccin-contre-le-paludisme-r21-matrix-m-introduit-au-togo\/#primaryimage","url":"https:\/\/lavoixdelanation.tg\/wp-content\/uploads\/2025\/09\/Vaccination-contre-le-paludisme-au-Togo.png","contentUrl":"https:\/\/lavoixdelanation.tg\/wp-content\/uploads\/2025\/09\/Vaccination-contre-le-paludisme-au-Togo.png","width":650,"height":390},{"@type":"BreadcrumbList","@id":"https:\/\/lavoixdelanation.tg\/index.php\/2025\/09\/01\/le-vaccin-contre-le-paludisme-r21-matrix-m-introduit-au-togo\/#breadcrumb","itemListElement":[{"@type":"ListItem","position":1,"name":"Accueil","item":"https:\/\/lavoixdelanation.tg\/"},{"@type":"ListItem","position":2,"name":"Le vaccin contre le paludisme R21\/Matrix-M introduit au Togo"}]},{"@type":"WebSite","@id":"https:\/\/lavoixdelanation.tg\/#website","url":"https:\/\/lavoixdelanation.tg\/","name":"La Voix de la Nation","description":"R\u00e9c\u00e9piss\u00e9 n\u00b00108\/HAAC\/01-2024\/pl\/P","publisher":{"@id":"https:\/\/lavoixdelanation.tg\/#organization"},"alternateName":"VON","potentialAction":[{"@type":"SearchAction","target":{"@type":"EntryPoint","urlTemplate":"https:\/\/lavoixdelanation.tg\/?s={search_term_string}"},"query-input":{"@type":"PropertyValueSpecification","valueRequired":true,"valueName":"search_term_string"}}],"inLanguage":"fr-FR"},{"@type":"Organization","@id":"https:\/\/lavoixdelanation.tg\/#organization","name":"La Voix de la Nation","url":"https:\/\/lavoixdelanation.tg\/","logo":{"@type":"ImageObject","inLanguage":"fr-FR","@id":"https:\/\/lavoixdelanation.tg\/#\/schema\/logo\/image\/","url":"https:\/\/lavoixdelanation.tg\/wp-content\/uploads\/2024\/12\/lavn-1.png","contentUrl":"https:\/\/lavoixdelanation.tg\/wp-content\/uploads\/2024\/12\/lavn-1.png","width":1024,"height":464,"caption":"La Voix de la Nation"},"image":{"@id":"https:\/\/lavoixdelanation.tg\/#\/schema\/logo\/image\/"},"sameAs":["https:\/\/www.facebook.com\/lavoixdelanation"]},{"@type":"Person","@id":"https:\/\/lavoixdelanation.tg\/#\/schema\/person\/6c489293aa38053673a9e554acb6e224","name":"La voix de la nation","image":{"@type":"ImageObject","inLanguage":"fr-FR","@id":"https:\/\/lavoixdelanation.tg\/#\/schema\/person\/image\/","url":"https:\/\/secure.gravatar.com\/avatar\/8aa135d4bbc794494cecaa8d483f6d6cc1023624868deaff686baed5e727a5a1?s=96&d=mm&r=g","contentUrl":"https:\/\/secure.gravatar.com\/avatar\/8aa135d4bbc794494cecaa8d483f6d6cc1023624868deaff686baed5e727a5a1?s=96&d=mm&r=g","caption":"La voix de la nation"},"sameAs":["https:\/\/lavoixdelanation.tg"],"url":"https:\/\/lavoixdelanation.tg\/index.php\/author\/lavn\/"}]}},"_links":{"self":[{"href":"https:\/\/lavoixdelanation.tg\/index.php\/wp-json\/wp\/v2\/posts\/8664","targetHints":{"allow":["GET"]}}],"collection":[{"href":"https:\/\/lavoixdelanation.tg\/index.php\/wp-json\/wp\/v2\/posts"}],"about":[{"href":"https:\/\/lavoixdelanation.tg\/index.php\/wp-json\/wp\/v2\/types\/post"}],"author":[{"embeddable":true,"href":"https:\/\/lavoixdelanation.tg\/index.php\/wp-json\/wp\/v2\/users\/1"}],"replies":[{"embeddable":true,"href":"https:\/\/lavoixdelanation.tg\/index.php\/wp-json\/wp\/v2\/comments?post=8664"}],"version-history":[{"count":1,"href":"https:\/\/lavoixdelanation.tg\/index.php\/wp-json\/wp\/v2\/posts\/8664\/revisions"}],"predecessor-version":[{"id":8666,"href":"https:\/\/lavoixdelanation.tg\/index.php\/wp-json\/wp\/v2\/posts\/8664\/revisions\/8666"}],"wp:featuredmedia":[{"embeddable":true,"href":"https:\/\/lavoixdelanation.tg\/index.php\/wp-json\/wp\/v2\/media\/8665"}],"wp:attachment":[{"href":"https:\/\/lavoixdelanation.tg\/index.php\/wp-json\/wp\/v2\/media?parent=8664"}],"wp:term":[{"taxonomy":"category","embeddable":true,"href":"https:\/\/lavoixdelanation.tg\/index.php\/wp-json\/wp\/v2\/categories?post=8664"},{"taxonomy":"post_tag","embeddable":true,"href":"https:\/\/lavoixdelanation.tg\/index.php\/wp-json\/wp\/v2\/tags?post=8664"}],"curies":[{"name":"wp","href":"https:\/\/api.w.org\/{rel}","templated":true}]}}