{"id":8650,"date":"2025-08-31T04:59:00","date_gmt":"2025-08-31T02:59:00","guid":{"rendered":"https:\/\/lavoixdelanation.tg\/?p=8650"},"modified":"2025-09-01T15:27:08","modified_gmt":"2025-09-01T13:27:08","slug":"togo-la-paix-et-la-stabilite-plus-fortes-que-les-appels-a-la-haine","status":"publish","type":"post","link":"https:\/\/lavoixdelanation.tg\/index.php\/2025\/08\/31\/togo-la-paix-et-la-stabilite-plus-fortes-que-les-appels-a-la-haine\/","title":{"rendered":"Togo\u00a0: La paix et la stabilit\u00e9 plus fortes que les appels \u00e0 la haine"},"content":{"rendered":"\n<p>Le nouvel appel \u00e0 manifester ce 30 ao\u00fbt 2025 au Togo lanc\u00e9 par des activistes notamment sur les r\u00e9seaux sociaux a connu un \u00e9chec. Le mouvement n\u2019a pas \u00e9t\u00e9 suivi, les togolais ont pr\u00e9f\u00e9r\u00e9 vaquer tranquillement \u00e0 leur occupation, beaucoup se sont d\u2019ailleurs rendus sur les aires de sport pour la 34<sup>\u00e8me<\/sup> \u00e9dition de la journ\u00e9e nationale du sport.<\/p>\n\n\n\n<p>Face aux appels en ligne pour des manifestations non autoris\u00e9es avec des cons\u00e9quences souvent regrettables, les Togolais ont pr\u00e9f\u00e9r\u00e9 faire preuve de maturit\u00e9 en optant pour le r\u00e9el au d\u00e9triment du virtuel et ses discours violents ou de haine.<\/p>\n\n\n\n<p>Ils ont choisi la paix et la stabilit\u00e9, sans lesquelles aucun d\u00e9veloppement n\u2019est possible. Ce samedi 30 ao\u00fbt 2025, en lieu et place de manifestations de rue, c\u2019est la grande mobilisation sur les terrains de terrain pour des pratiques sportives, source de sant\u00e9 et de bien-\u00eatre.<\/p>\n\n\n\n<p>Dans les 117 communes du pays, la journ\u00e9e nationale du sport instaur\u00e9e sur chaque dernier samedi du mois depuis 2022 par le gouvernement, a \u00e9t\u00e9 encore une fois respect\u00e9e. Toujours pr\u00e9sente sur le terrain aux c\u00f4t\u00e9s des populations \u00e0 ces occasions, le ministre des sports et des loisirs Dr Lidi Bessi-Kama a c\u00e9l\u00e9br\u00e9 cette 34<sup>\u00e8me<\/sup> \u00e9dition aux c\u00f4t\u00e9s des populations de la commune Golfe 1 \u00e0 Lom\u00e9.<\/p>\n\n\n\n<p>Marche rapide, course \u00e0 petits pas, exercices d\u2019\u00e9tirements, danse Zumba, relaxation, transpiration et sensibilisation, tous les ingr\u00e9dients \u00e9taient au rendez-vous pour faire du bien \u00e0 l\u2019organisme et stimuler la joie sportive avec comme slogan, \u00ab&nbsp;mon sport, ma sant\u00e9&nbsp;\u00bb.<\/p>\n\n\n\n<p><strong>La R\u00e9daction<\/strong><\/p>\n","protected":false},"excerpt":{"rendered":"<p>Le nouvel appel \u00e0 manifester ce 30 ao\u00fbt 2025 au Togo lanc\u00e9 par des activistes notamment sur les r\u00e9seaux sociaux a connu un \u00e9chec. Le mouvement n\u2019a pas \u00e9t\u00e9 suivi,&hellip; <\/p>\n","protected":false},"author":1,"featured_media":8651,"comment_status":"open","ping_status":"closed","sticky":false,"template":"","format":"standard","meta":{"footnotes":""},"categories":[29],"tags":[],"class_list":["post-8650","post","type-post","status-publish","format-standard","has-post-thumbnail","hentry","category-societe"],"yoast_head":"<!-- This site is optimized with the Yoast SEO plugin v26.4 - https:\/\/yoast.com\/wordpress\/plugins\/seo\/ -->\n<title>Togo\u00a0: La paix et la stabilit\u00e9 plus fortes que les appels \u00e0 la haine - La Voix de la Nation<\/title>\n<meta name=\"robots\" content=\"index, follow, max-snippet:-1, max-image-preview:large, max-video-preview:-1\" \/>\n<link rel=\"canonical\" href=\"https:\/\/lavoixdelanation.tg\/index.php\/2025\/08\/31\/togo-la-paix-et-la-stabilite-plus-fortes-que-les-appels-a-la-haine\/\" \/>\n<meta property=\"og:locale\" content=\"fr_FR\" \/>\n<meta property=\"og:type\" content=\"article\" \/>\n<meta property=\"og:title\" content=\"Togo\u00a0: La paix et la stabilit\u00e9 plus fortes que les appels \u00e0 la haine - La Voix de la Nation\" \/>\n<meta property=\"og:description\" content=\"Le nouvel appel \u00e0 manifester ce 30 ao\u00fbt 2025 au Togo lanc\u00e9 par des activistes notamment sur les r\u00e9seaux sociaux a connu un \u00e9chec. Le mouvement n\u2019a pas \u00e9t\u00e9 suivi,&hellip;\" \/>\n<meta property=\"og:url\" content=\"https:\/\/lavoixdelanation.tg\/index.php\/2025\/08\/31\/togo-la-paix-et-la-stabilite-plus-fortes-que-les-appels-a-la-haine\/\" \/>\n<meta property=\"og:site_name\" content=\"La Voix de la Nation\" \/>\n<meta property=\"article:publisher\" content=\"https:\/\/www.facebook.com\/lavoixdelanation\" \/>\n<meta property=\"article:published_time\" content=\"2025-08-31T02:59:00+00:00\" \/>\n<meta property=\"article:modified_time\" content=\"2025-09-01T13:27:08+00:00\" \/>\n<meta property=\"og:image\" content=\"https:\/\/lavoixdelanation.tg\/wp-content\/uploads\/2025\/09\/Une-seance-dactivites-sportives-ce-30-aout-2025-a-Lome.jpg\" \/>\n\t<meta property=\"og:image:width\" content=\"1020\" \/>\n\t<meta property=\"og:image:height\" content=\"768\" \/>\n\t<meta property=\"og:image:type\" content=\"image\/jpeg\" \/>\n<meta name=\"author\" content=\"La voix de la nation\" \/>\n<meta name=\"twitter:card\" content=\"summary_large_image\" \/>\n<meta name=\"twitter:label1\" content=\"\u00c9crit par\" \/>\n\t<meta name=\"twitter:data1\" content=\"La voix de la nation\" \/>\n\t<meta name=\"twitter:label2\" content=\"Dur\u00e9e de lecture estim\u00e9e\" \/>\n\t<meta name=\"twitter:data2\" content=\"1 minute\" \/>\n<script type=\"application\/ld+json\" class=\"yoast-schema-graph\">{\"@context\":\"https:\/\/schema.org\",\"@graph\":[{\"@type\":\"Article\",\"@id\":\"https:\/\/lavoixdelanation.tg\/index.php\/2025\/08\/31\/togo-la-paix-et-la-stabilite-plus-fortes-que-les-appels-a-la-haine\/#article\",\"isPartOf\":{\"@id\":\"https:\/\/lavoixdelanation.tg\/index.php\/2025\/08\/31\/togo-la-paix-et-la-stabilite-plus-fortes-que-les-appels-a-la-haine\/\"},\"author\":{\"name\":\"La voix de la nation\",\"@id\":\"https:\/\/lavoixdelanation.tg\/#\/schema\/person\/6c489293aa38053673a9e554acb6e224\"},\"headline\":\"Togo\u00a0: La paix et la stabilit\u00e9 plus fortes que les appels \u00e0 la haine\",\"datePublished\":\"2025-08-31T02:59:00+00:00\",\"dateModified\":\"2025-09-01T13:27:08+00:00\",\"mainEntityOfPage\":{\"@id\":\"https:\/\/lavoixdelanation.tg\/index.php\/2025\/08\/31\/togo-la-paix-et-la-stabilite-plus-fortes-que-les-appels-a-la-haine\/\"},\"wordCount\":285,\"commentCount\":0,\"publisher\":{\"@id\":\"https:\/\/lavoixdelanation.tg\/#organization\"},\"image\":{\"@id\":\"https:\/\/lavoixdelanation.tg\/index.php\/2025\/08\/31\/togo-la-paix-et-la-stabilite-plus-fortes-que-les-appels-a-la-haine\/#primaryimage\"},\"thumbnailUrl\":\"https:\/\/lavoixdelanation.tg\/wp-content\/uploads\/2025\/09\/Une-seance-dactivites-sportives-ce-30-aout-2025-a-Lome.jpg\",\"articleSection\":[\"Soci\u00e9t\u00e9\"],\"inLanguage\":\"fr-FR\",\"potentialAction\":[{\"@type\":\"CommentAction\",\"name\":\"Comment\",\"target\":[\"https:\/\/lavoixdelanation.tg\/index.php\/2025\/08\/31\/togo-la-paix-et-la-stabilite-plus-fortes-que-les-appels-a-la-haine\/#respond\"]}]},{\"@type\":\"WebPage\",\"@id\":\"https:\/\/lavoixdelanation.tg\/index.php\/2025\/08\/31\/togo-la-paix-et-la-stabilite-plus-fortes-que-les-appels-a-la-haine\/\",\"url\":\"https:\/\/lavoixdelanation.tg\/index.php\/2025\/08\/31\/togo-la-paix-et-la-stabilite-plus-fortes-que-les-appels-a-la-haine\/\",\"name\":\"Togo\u00a0: La paix et la stabilit\u00e9 plus fortes que les appels \u00e0 la haine - La Voix de la Nation\",\"isPartOf\":{\"@id\":\"https:\/\/lavoixdelanation.tg\/#website\"},\"primaryImageOfPage\":{\"@id\":\"https:\/\/lavoixdelanation.tg\/index.php\/2025\/08\/31\/togo-la-paix-et-la-stabilite-plus-fortes-que-les-appels-a-la-haine\/#primaryimage\"},\"image\":{\"@id\":\"https:\/\/lavoixdelanation.tg\/index.php\/2025\/08\/31\/togo-la-paix-et-la-stabilite-plus-fortes-que-les-appels-a-la-haine\/#primaryimage\"},\"thumbnailUrl\":\"https:\/\/lavoixdelanation.tg\/wp-content\/uploads\/2025\/09\/Une-seance-dactivites-sportives-ce-30-aout-2025-a-Lome.jpg\",\"datePublished\":\"2025-08-31T02:59:00+00:00\",\"dateModified\":\"2025-09-01T13:27:08+00:00\",\"breadcrumb\":{\"@id\":\"https:\/\/lavoixdelanation.tg\/index.php\/2025\/08\/31\/togo-la-paix-et-la-stabilite-plus-fortes-que-les-appels-a-la-haine\/#breadcrumb\"},\"inLanguage\":\"fr-FR\",\"potentialAction\":[{\"@type\":\"ReadAction\",\"target\":[\"https:\/\/lavoixdelanation.tg\/index.php\/2025\/08\/31\/togo-la-paix-et-la-stabilite-plus-fortes-que-les-appels-a-la-haine\/\"]}]},{\"@type\":\"ImageObject\",\"inLanguage\":\"fr-FR\",\"@id\":\"https:\/\/lavoixdelanation.tg\/index.php\/2025\/08\/31\/togo-la-paix-et-la-stabilite-plus-fortes-que-les-appels-a-la-haine\/#primaryimage\",\"url\":\"https:\/\/lavoixdelanation.tg\/wp-content\/uploads\/2025\/09\/Une-seance-dactivites-sportives-ce-30-aout-2025-a-Lome.jpg\",\"contentUrl\":\"https:\/\/lavoixdelanation.tg\/wp-content\/uploads\/2025\/09\/Une-seance-dactivites-sportives-ce-30-aout-2025-a-Lome.jpg\",\"width\":1020,\"height\":768,\"caption\":\"Une s\u00e9ance d\u2019activit\u00e9s sportives ce 30 ao\u00fbt 2025 \u00e0 Lom\u00e9\"},{\"@type\":\"BreadcrumbList\",\"@id\":\"https:\/\/lavoixdelanation.tg\/index.php\/2025\/08\/31\/togo-la-paix-et-la-stabilite-plus-fortes-que-les-appels-a-la-haine\/#breadcrumb\",\"itemListElement\":[{\"@type\":\"ListItem\",\"position\":1,\"name\":\"Accueil\",\"item\":\"https:\/\/lavoixdelanation.tg\/\"},{\"@type\":\"ListItem\",\"position\":2,\"name\":\"Togo\u00a0: La paix et la stabilit\u00e9 plus fortes que les appels \u00e0 la haine\"}]},{\"@type\":\"WebSite\",\"@id\":\"https:\/\/lavoixdelanation.tg\/#website\",\"url\":\"https:\/\/lavoixdelanation.tg\/\",\"name\":\"La Voix de la Nation\",\"description\":\"R\u00e9c\u00e9piss\u00e9 n\u00b00108\/HAAC\/01-2024\/pl\/P\",\"publisher\":{\"@id\":\"https:\/\/lavoixdelanation.tg\/#organization\"},\"alternateName\":\"VON\",\"potentialAction\":[{\"@type\":\"SearchAction\",\"target\":{\"@type\":\"EntryPoint\",\"urlTemplate\":\"https:\/\/lavoixdelanation.tg\/?s={search_term_string}\"},\"query-input\":{\"@type\":\"PropertyValueSpecification\",\"valueRequired\":true,\"valueName\":\"search_term_string\"}}],\"inLanguage\":\"fr-FR\"},{\"@type\":\"Organization\",\"@id\":\"https:\/\/lavoixdelanation.tg\/#organization\",\"name\":\"La Voix de la Nation\",\"url\":\"https:\/\/lavoixdelanation.tg\/\",\"logo\":{\"@type\":\"ImageObject\",\"inLanguage\":\"fr-FR\",\"@id\":\"https:\/\/lavoixdelanation.tg\/#\/schema\/logo\/image\/\",\"url\":\"https:\/\/lavoixdelanation.tg\/wp-content\/uploads\/2024\/12\/lavn-1.png\",\"contentUrl\":\"https:\/\/lavoixdelanation.tg\/wp-content\/uploads\/2024\/12\/lavn-1.png\",\"width\":1024,\"height\":464,\"caption\":\"La Voix de la Nation\"},\"image\":{\"@id\":\"https:\/\/lavoixdelanation.tg\/#\/schema\/logo\/image\/\"},\"sameAs\":[\"https:\/\/www.facebook.com\/lavoixdelanation\"]},{\"@type\":\"Person\",\"@id\":\"https:\/\/lavoixdelanation.tg\/#\/schema\/person\/6c489293aa38053673a9e554acb6e224\",\"name\":\"La voix de la nation\",\"image\":{\"@type\":\"ImageObject\",\"inLanguage\":\"fr-FR\",\"@id\":\"https:\/\/lavoixdelanation.tg\/#\/schema\/person\/image\/\",\"url\":\"https:\/\/secure.gravatar.com\/avatar\/8aa135d4bbc794494cecaa8d483f6d6cc1023624868deaff686baed5e727a5a1?s=96&d=mm&r=g\",\"contentUrl\":\"https:\/\/secure.gravatar.com\/avatar\/8aa135d4bbc794494cecaa8d483f6d6cc1023624868deaff686baed5e727a5a1?s=96&d=mm&r=g\",\"caption\":\"La voix de la nation\"},\"sameAs\":[\"https:\/\/lavoixdelanation.tg\"],\"url\":\"https:\/\/lavoixdelanation.tg\/index.php\/author\/lavn\/\"}]}<\/script>\n<!-- \/ Yoast SEO plugin. -->","yoast_head_json":{"title":"Togo\u00a0: La paix et la stabilit\u00e9 plus fortes que les appels \u00e0 la haine - La Voix de la Nation","robots":{"index":"index","follow":"follow","max-snippet":"max-snippet:-1","max-image-preview":"max-image-preview:large","max-video-preview":"max-video-preview:-1"},"canonical":"https:\/\/lavoixdelanation.tg\/index.php\/2025\/08\/31\/togo-la-paix-et-la-stabilite-plus-fortes-que-les-appels-a-la-haine\/","og_locale":"fr_FR","og_type":"article","og_title":"Togo\u00a0: La paix et la stabilit\u00e9 plus fortes que les appels \u00e0 la haine - La Voix de la Nation","og_description":"Le nouvel appel \u00e0 manifester ce 30 ao\u00fbt 2025 au Togo lanc\u00e9 par des activistes notamment sur les r\u00e9seaux sociaux a connu un \u00e9chec. Le mouvement n\u2019a pas \u00e9t\u00e9 suivi,&hellip;","og_url":"https:\/\/lavoixdelanation.tg\/index.php\/2025\/08\/31\/togo-la-paix-et-la-stabilite-plus-fortes-que-les-appels-a-la-haine\/","og_site_name":"La Voix de la Nation","article_publisher":"https:\/\/www.facebook.com\/lavoixdelanation","article_published_time":"2025-08-31T02:59:00+00:00","article_modified_time":"2025-09-01T13:27:08+00:00","og_image":[{"width":1020,"height":768,"url":"https:\/\/lavoixdelanation.tg\/wp-content\/uploads\/2025\/09\/Une-seance-dactivites-sportives-ce-30-aout-2025-a-Lome.jpg","type":"image\/jpeg"}],"author":"La voix de la nation","twitter_card":"summary_large_image","twitter_misc":{"\u00c9crit par":"La voix de la nation","Dur\u00e9e de lecture estim\u00e9e":"1 minute"},"schema":{"@context":"https:\/\/schema.org","@graph":[{"@type":"Article","@id":"https:\/\/lavoixdelanation.tg\/index.php\/2025\/08\/31\/togo-la-paix-et-la-stabilite-plus-fortes-que-les-appels-a-la-haine\/#article","isPartOf":{"@id":"https:\/\/lavoixdelanation.tg\/index.php\/2025\/08\/31\/togo-la-paix-et-la-stabilite-plus-fortes-que-les-appels-a-la-haine\/"},"author":{"name":"La voix de la nation","@id":"https:\/\/lavoixdelanation.tg\/#\/schema\/person\/6c489293aa38053673a9e554acb6e224"},"headline":"Togo\u00a0: La paix et la stabilit\u00e9 plus fortes que les appels \u00e0 la haine","datePublished":"2025-08-31T02:59:00+00:00","dateModified":"2025-09-01T13:27:08+00:00","mainEntityOfPage":{"@id":"https:\/\/lavoixdelanation.tg\/index.php\/2025\/08\/31\/togo-la-paix-et-la-stabilite-plus-fortes-que-les-appels-a-la-haine\/"},"wordCount":285,"commentCount":0,"publisher":{"@id":"https:\/\/lavoixdelanation.tg\/#organization"},"image":{"@id":"https:\/\/lavoixdelanation.tg\/index.php\/2025\/08\/31\/togo-la-paix-et-la-stabilite-plus-fortes-que-les-appels-a-la-haine\/#primaryimage"},"thumbnailUrl":"https:\/\/lavoixdelanation.tg\/wp-content\/uploads\/2025\/09\/Une-seance-dactivites-sportives-ce-30-aout-2025-a-Lome.jpg","articleSection":["Soci\u00e9t\u00e9"],"inLanguage":"fr-FR","potentialAction":[{"@type":"CommentAction","name":"Comment","target":["https:\/\/lavoixdelanation.tg\/index.php\/2025\/08\/31\/togo-la-paix-et-la-stabilite-plus-fortes-que-les-appels-a-la-haine\/#respond"]}]},{"@type":"WebPage","@id":"https:\/\/lavoixdelanation.tg\/index.php\/2025\/08\/31\/togo-la-paix-et-la-stabilite-plus-fortes-que-les-appels-a-la-haine\/","url":"https:\/\/lavoixdelanation.tg\/index.php\/2025\/08\/31\/togo-la-paix-et-la-stabilite-plus-fortes-que-les-appels-a-la-haine\/","name":"Togo\u00a0: La paix et la stabilit\u00e9 plus fortes que les appels \u00e0 la haine - La Voix de la Nation","isPartOf":{"@id":"https:\/\/lavoixdelanation.tg\/#website"},"primaryImageOfPage":{"@id":"https:\/\/lavoixdelanation.tg\/index.php\/2025\/08\/31\/togo-la-paix-et-la-stabilite-plus-fortes-que-les-appels-a-la-haine\/#primaryimage"},"image":{"@id":"https:\/\/lavoixdelanation.tg\/index.php\/2025\/08\/31\/togo-la-paix-et-la-stabilite-plus-fortes-que-les-appels-a-la-haine\/#primaryimage"},"thumbnailUrl":"https:\/\/lavoixdelanation.tg\/wp-content\/uploads\/2025\/09\/Une-seance-dactivites-sportives-ce-30-aout-2025-a-Lome.jpg","datePublished":"2025-08-31T02:59:00+00:00","dateModified":"2025-09-01T13:27:08+00:00","breadcrumb":{"@id":"https:\/\/lavoixdelanation.tg\/index.php\/2025\/08\/31\/togo-la-paix-et-la-stabilite-plus-fortes-que-les-appels-a-la-haine\/#breadcrumb"},"inLanguage":"fr-FR","potentialAction":[{"@type":"ReadAction","target":["https:\/\/lavoixdelanation.tg\/index.php\/2025\/08\/31\/togo-la-paix-et-la-stabilite-plus-fortes-que-les-appels-a-la-haine\/"]}]},{"@type":"ImageObject","inLanguage":"fr-FR","@id":"https:\/\/lavoixdelanation.tg\/index.php\/2025\/08\/31\/togo-la-paix-et-la-stabilite-plus-fortes-que-les-appels-a-la-haine\/#primaryimage","url":"https:\/\/lavoixdelanation.tg\/wp-content\/uploads\/2025\/09\/Une-seance-dactivites-sportives-ce-30-aout-2025-a-Lome.jpg","contentUrl":"https:\/\/lavoixdelanation.tg\/wp-content\/uploads\/2025\/09\/Une-seance-dactivites-sportives-ce-30-aout-2025-a-Lome.jpg","width":1020,"height":768,"caption":"Une s\u00e9ance d\u2019activit\u00e9s sportives ce 30 ao\u00fbt 2025 \u00e0 Lom\u00e9"},{"@type":"BreadcrumbList","@id":"https:\/\/lavoixdelanation.tg\/index.php\/2025\/08\/31\/togo-la-paix-et-la-stabilite-plus-fortes-que-les-appels-a-la-haine\/#breadcrumb","itemListElement":[{"@type":"ListItem","position":1,"name":"Accueil","item":"https:\/\/lavoixdelanation.tg\/"},{"@type":"ListItem","position":2,"name":"Togo\u00a0: La paix et la stabilit\u00e9 plus fortes que les appels \u00e0 la haine"}]},{"@type":"WebSite","@id":"https:\/\/lavoixdelanation.tg\/#website","url":"https:\/\/lavoixdelanation.tg\/","name":"La Voix de la Nation","description":"R\u00e9c\u00e9piss\u00e9 n\u00b00108\/HAAC\/01-2024\/pl\/P","publisher":{"@id":"https:\/\/lavoixdelanation.tg\/#organization"},"alternateName":"VON","potentialAction":[{"@type":"SearchAction","target":{"@type":"EntryPoint","urlTemplate":"https:\/\/lavoixdelanation.tg\/?s={search_term_string}"},"query-input":{"@type":"PropertyValueSpecification","valueRequired":true,"valueName":"search_term_string"}}],"inLanguage":"fr-FR"},{"@type":"Organization","@id":"https:\/\/lavoixdelanation.tg\/#organization","name":"La Voix de la Nation","url":"https:\/\/lavoixdelanation.tg\/","logo":{"@type":"ImageObject","inLanguage":"fr-FR","@id":"https:\/\/lavoixdelanation.tg\/#\/schema\/logo\/image\/","url":"https:\/\/lavoixdelanation.tg\/wp-content\/uploads\/2024\/12\/lavn-1.png","contentUrl":"https:\/\/lavoixdelanation.tg\/wp-content\/uploads\/2024\/12\/lavn-1.png","width":1024,"height":464,"caption":"La Voix de la Nation"},"image":{"@id":"https:\/\/lavoixdelanation.tg\/#\/schema\/logo\/image\/"},"sameAs":["https:\/\/www.facebook.com\/lavoixdelanation"]},{"@type":"Person","@id":"https:\/\/lavoixdelanation.tg\/#\/schema\/person\/6c489293aa38053673a9e554acb6e224","name":"La voix de la nation","image":{"@type":"ImageObject","inLanguage":"fr-FR","@id":"https:\/\/lavoixdelanation.tg\/#\/schema\/person\/image\/","url":"https:\/\/secure.gravatar.com\/avatar\/8aa135d4bbc794494cecaa8d483f6d6cc1023624868deaff686baed5e727a5a1?s=96&d=mm&r=g","contentUrl":"https:\/\/secure.gravatar.com\/avatar\/8aa135d4bbc794494cecaa8d483f6d6cc1023624868deaff686baed5e727a5a1?s=96&d=mm&r=g","caption":"La voix de la nation"},"sameAs":["https:\/\/lavoixdelanation.tg"],"url":"https:\/\/lavoixdelanation.tg\/index.php\/author\/lavn\/"}]}},"_links":{"self":[{"href":"https:\/\/lavoixdelanation.tg\/index.php\/wp-json\/wp\/v2\/posts\/8650","targetHints":{"allow":["GET"]}}],"collection":[{"href":"https:\/\/lavoixdelanation.tg\/index.php\/wp-json\/wp\/v2\/posts"}],"about":[{"href":"https:\/\/lavoixdelanation.tg\/index.php\/wp-json\/wp\/v2\/types\/post"}],"author":[{"embeddable":true,"href":"https:\/\/lavoixdelanation.tg\/index.php\/wp-json\/wp\/v2\/users\/1"}],"replies":[{"embeddable":true,"href":"https:\/\/lavoixdelanation.tg\/index.php\/wp-json\/wp\/v2\/comments?post=8650"}],"version-history":[{"count":1,"href":"https:\/\/lavoixdelanation.tg\/index.php\/wp-json\/wp\/v2\/posts\/8650\/revisions"}],"predecessor-version":[{"id":8652,"href":"https:\/\/lavoixdelanation.tg\/index.php\/wp-json\/wp\/v2\/posts\/8650\/revisions\/8652"}],"wp:featuredmedia":[{"embeddable":true,"href":"https:\/\/lavoixdelanation.tg\/index.php\/wp-json\/wp\/v2\/media\/8651"}],"wp:attachment":[{"href":"https:\/\/lavoixdelanation.tg\/index.php\/wp-json\/wp\/v2\/media?parent=8650"}],"wp:term":[{"taxonomy":"category","embeddable":true,"href":"https:\/\/lavoixdelanation.tg\/index.php\/wp-json\/wp\/v2\/categories?post=8650"},{"taxonomy":"post_tag","embeddable":true,"href":"https:\/\/lavoixdelanation.tg\/index.php\/wp-json\/wp\/v2\/tags?post=8650"}],"curies":[{"name":"wp","href":"https:\/\/api.w.org\/{rel}","templated":true}]}}