{"id":8647,"date":"2025-08-31T14:55:27","date_gmt":"2025-08-31T12:55:27","guid":{"rendered":"https:\/\/lavoixdelanation.tg\/?p=8647"},"modified":"2025-09-01T14:59:04","modified_gmt":"2025-09-01T12:59:04","slug":"recensement-biometrique-des-resultats-au-dela-des-attentes","status":"publish","type":"post","link":"https:\/\/lavoixdelanation.tg\/index.php\/2025\/08\/31\/recensement-biometrique-des-resultats-au-dela-des-attentes\/","title":{"rendered":"Recensement biom\u00e9trique\u00a0: Des r\u00e9sultats au-del\u00e0 des attentes"},"content":{"rendered":"\n<p><strong>Le Togo poursuit sa<\/strong><strong> campagne de recensement biom\u00e9trique, pilot\u00e9e par l&rsquo;Agence nationale d&rsquo;identification (ANID). Dans la Pr\u00e9fecture du Golfe, l\u2019op\u00e9ration s&rsquo;est achev\u00e9e sur un succ\u00e8s, d\u00e9passant largement les pr\u00e9visions. Selon les responsables de l&rsquo;ANID, plusieurs personnes ont \u00e9t\u00e9 enr\u00f4l\u00e9es, soit 108 % de la cible initiale.<\/strong><\/p>\n\n\n\n<p>L&rsquo;op\u00e9ration s&rsquo;inscrit dans le cadre du projet d&rsquo;identification unique pour l&rsquo;int\u00e9gration et l&rsquo;inclusion en Afrique de l&rsquo;Ouest (Wuri-Togo), cofinanc\u00e9 par l&rsquo;\u00c9tat togolais et la Banque mondiale, et int\u00e9gr\u00e9 \u00e0 la strat\u00e9gie nationale d&rsquo;enregistrement et d&rsquo;acc\u00e8s universel \u00e0 une identit\u00e9 l\u00e9gale.<\/p>\n\n\n\n<p>Dans le Golfe en effet, la cible avait \u00e9t\u00e9 fix\u00e9e \u00e0 90 % des 1 305 000 habitants recens\u00e9s, selon les r\u00e9sultats du dernier Recensement g\u00e9n\u00e9ral de la population et de l&rsquo;habitat (RGPH-5).<\/p>\n\n\n\n<p>D\u00e9sormais, plus de 1,4 million de personnes disposent d&rsquo;une identit\u00e9 biom\u00e9trique qui leur permet d&rsquo;acc\u00e9der plus facilement \u00e0 de nombreux services sociaux, administratifs et \u00e9conomiques. Ce document s\u00e9curis\u00e9 devient la cl\u00e9 pour b\u00e9n\u00e9ficier de l&rsquo;assurance maladie, s&rsquo;inscrire \u00e0 l&rsquo;\u00e9cole, ouvrir un compte bancaire ou encore acc\u00e9der \u00e0 l&#8217;emploi formel.<\/p>\n\n\n\n<p>Une avanc\u00e9e qui participe fortement \u00e0 l&rsquo;inclusion sociale et \u00e9conomique de la population togolaise, tout en limitant la fraude et en facilitant la planification des politiques publiques.<\/p>\n\n\n\n<p>Au regard de cette premi\u00e8re r\u00e9ussite, l&rsquo;ANID tourne d\u00e9sormais son attention vers la pr\u00e9fecture d&rsquo;Ago\u00e8-Nyiv\u00e9, o\u00f9 l&rsquo;objectif est d&rsquo;atteindre 120 % de la cible initiale. D&rsquo;apr\u00e8s le RGPH-5, la population officielle de cette localit\u00e9 s&rsquo;\u00e9l\u00e8ve \u00e0 882 695 habitants.<\/p>\n\n\n\n<p>De nouveaux m\u00e9canismes, mis en place pour mieux g\u00e9rer les plaintes et mieux informer le public, visent \u00e0 garantir un taux d&rsquo;inscription encore plus \u00e9lev\u00e9, confirmant la d\u00e9termination du gouvernement \u00e0 renforcer l&rsquo;inclusion et la protection sociale pour tous les r\u00e9sidents du pays.<\/p>\n\n\n\n<p>Au demeurant, \u00e0 travers l&rsquo;Anid et le projet Wuri, le gouvernement togolais se positionne ainsi \u00e0 l&rsquo;avant-garde de l&rsquo;identit\u00e9 num\u00e9rique et de la lutte contre l&rsquo;exclusion, ouvrant la voie \u00e0 un acc\u00e8s effectif aux droits fondamentaux pour tous.<\/p>\n\n\n\n<p><strong>Cris DADA<\/strong><\/p>\n","protected":false},"excerpt":{"rendered":"<p>Le Togo poursuit sa campagne de recensement biom\u00e9trique, pilot\u00e9e par l&rsquo;Agence nationale d&rsquo;identification (ANID). Dans la Pr\u00e9fecture du Golfe, l\u2019op\u00e9ration s&rsquo;est achev\u00e9e sur un succ\u00e8s, d\u00e9passant largement les pr\u00e9visions. Selon&hellip; <\/p>\n","protected":false},"author":1,"featured_media":8648,"comment_status":"open","ping_status":"closed","sticky":false,"template":"","format":"standard","meta":{"footnotes":""},"categories":[29],"tags":[924,39],"class_list":["post-8647","post","type-post","status-publish","format-standard","has-post-thumbnail","hentry","category-societe","tag-recensement-biometrique","tag-togo"],"yoast_head":"<!-- This site is optimized with the Yoast SEO plugin v26.4 - https:\/\/yoast.com\/wordpress\/plugins\/seo\/ -->\n<title>Recensement biom\u00e9trique\u00a0: Des r\u00e9sultats au-del\u00e0 des attentes - La Voix de la Nation<\/title>\n<meta name=\"robots\" content=\"index, follow, max-snippet:-1, max-image-preview:large, max-video-preview:-1\" \/>\n<link rel=\"canonical\" href=\"https:\/\/lavoixdelanation.tg\/index.php\/2025\/08\/31\/recensement-biometrique-des-resultats-au-dela-des-attentes\/\" \/>\n<meta property=\"og:locale\" content=\"fr_FR\" \/>\n<meta property=\"og:type\" content=\"article\" \/>\n<meta property=\"og:title\" content=\"Recensement biom\u00e9trique\u00a0: Des r\u00e9sultats au-del\u00e0 des attentes - La Voix de la Nation\" \/>\n<meta property=\"og:description\" content=\"Le Togo poursuit sa campagne de recensement biom\u00e9trique, pilot\u00e9e par l&rsquo;Agence nationale d&rsquo;identification (ANID). Dans la Pr\u00e9fecture du Golfe, l\u2019op\u00e9ration s&rsquo;est achev\u00e9e sur un succ\u00e8s, d\u00e9passant largement les pr\u00e9visions. Selon&hellip;\" \/>\n<meta property=\"og:url\" content=\"https:\/\/lavoixdelanation.tg\/index.php\/2025\/08\/31\/recensement-biometrique-des-resultats-au-dela-des-attentes\/\" \/>\n<meta property=\"og:site_name\" content=\"La Voix de la Nation\" \/>\n<meta property=\"article:publisher\" content=\"https:\/\/www.facebook.com\/lavoixdelanation\" \/>\n<meta property=\"article:published_time\" content=\"2025-08-31T12:55:27+00:00\" \/>\n<meta property=\"article:modified_time\" content=\"2025-09-01T12:59:04+00:00\" \/>\n<meta property=\"og:image\" content=\"https:\/\/lavoixdelanation.tg\/wp-content\/uploads\/2025\/09\/Recensement-biometrique-au-Togo.jpg\" \/>\n\t<meta property=\"og:image:width\" content=\"602\" \/>\n\t<meta property=\"og:image:height\" content=\"427\" \/>\n\t<meta property=\"og:image:type\" content=\"image\/jpeg\" \/>\n<meta name=\"author\" content=\"La voix de la nation\" \/>\n<meta name=\"twitter:card\" content=\"summary_large_image\" \/>\n<meta name=\"twitter:label1\" content=\"\u00c9crit par\" \/>\n\t<meta name=\"twitter:data1\" content=\"La voix de la nation\" \/>\n\t<meta name=\"twitter:label2\" content=\"Dur\u00e9e de lecture estim\u00e9e\" \/>\n\t<meta name=\"twitter:data2\" content=\"2 minutes\" \/>\n<script type=\"application\/ld+json\" class=\"yoast-schema-graph\">{\"@context\":\"https:\/\/schema.org\",\"@graph\":[{\"@type\":\"Article\",\"@id\":\"https:\/\/lavoixdelanation.tg\/index.php\/2025\/08\/31\/recensement-biometrique-des-resultats-au-dela-des-attentes\/#article\",\"isPartOf\":{\"@id\":\"https:\/\/lavoixdelanation.tg\/index.php\/2025\/08\/31\/recensement-biometrique-des-resultats-au-dela-des-attentes\/\"},\"author\":{\"name\":\"La voix de la nation\",\"@id\":\"https:\/\/lavoixdelanation.tg\/#\/schema\/person\/6c489293aa38053673a9e554acb6e224\"},\"headline\":\"Recensement biom\u00e9trique\u00a0: Des r\u00e9sultats au-del\u00e0 des attentes\",\"datePublished\":\"2025-08-31T12:55:27+00:00\",\"dateModified\":\"2025-09-01T12:59:04+00:00\",\"mainEntityOfPage\":{\"@id\":\"https:\/\/lavoixdelanation.tg\/index.php\/2025\/08\/31\/recensement-biometrique-des-resultats-au-dela-des-attentes\/\"},\"wordCount\":377,\"commentCount\":0,\"publisher\":{\"@id\":\"https:\/\/lavoixdelanation.tg\/#organization\"},\"image\":{\"@id\":\"https:\/\/lavoixdelanation.tg\/index.php\/2025\/08\/31\/recensement-biometrique-des-resultats-au-dela-des-attentes\/#primaryimage\"},\"thumbnailUrl\":\"https:\/\/lavoixdelanation.tg\/wp-content\/uploads\/2025\/09\/Recensement-biometrique-au-Togo.jpg\",\"keywords\":[\"Recensement biom\u00e9trique\",\"Togo\"],\"articleSection\":[\"Soci\u00e9t\u00e9\"],\"inLanguage\":\"fr-FR\",\"potentialAction\":[{\"@type\":\"CommentAction\",\"name\":\"Comment\",\"target\":[\"https:\/\/lavoixdelanation.tg\/index.php\/2025\/08\/31\/recensement-biometrique-des-resultats-au-dela-des-attentes\/#respond\"]}]},{\"@type\":\"WebPage\",\"@id\":\"https:\/\/lavoixdelanation.tg\/index.php\/2025\/08\/31\/recensement-biometrique-des-resultats-au-dela-des-attentes\/\",\"url\":\"https:\/\/lavoixdelanation.tg\/index.php\/2025\/08\/31\/recensement-biometrique-des-resultats-au-dela-des-attentes\/\",\"name\":\"Recensement biom\u00e9trique\u00a0: Des r\u00e9sultats au-del\u00e0 des attentes - La Voix de la Nation\",\"isPartOf\":{\"@id\":\"https:\/\/lavoixdelanation.tg\/#website\"},\"primaryImageOfPage\":{\"@id\":\"https:\/\/lavoixdelanation.tg\/index.php\/2025\/08\/31\/recensement-biometrique-des-resultats-au-dela-des-attentes\/#primaryimage\"},\"image\":{\"@id\":\"https:\/\/lavoixdelanation.tg\/index.php\/2025\/08\/31\/recensement-biometrique-des-resultats-au-dela-des-attentes\/#primaryimage\"},\"thumbnailUrl\":\"https:\/\/lavoixdelanation.tg\/wp-content\/uploads\/2025\/09\/Recensement-biometrique-au-Togo.jpg\",\"datePublished\":\"2025-08-31T12:55:27+00:00\",\"dateModified\":\"2025-09-01T12:59:04+00:00\",\"breadcrumb\":{\"@id\":\"https:\/\/lavoixdelanation.tg\/index.php\/2025\/08\/31\/recensement-biometrique-des-resultats-au-dela-des-attentes\/#breadcrumb\"},\"inLanguage\":\"fr-FR\",\"potentialAction\":[{\"@type\":\"ReadAction\",\"target\":[\"https:\/\/lavoixdelanation.tg\/index.php\/2025\/08\/31\/recensement-biometrique-des-resultats-au-dela-des-attentes\/\"]}]},{\"@type\":\"ImageObject\",\"inLanguage\":\"fr-FR\",\"@id\":\"https:\/\/lavoixdelanation.tg\/index.php\/2025\/08\/31\/recensement-biometrique-des-resultats-au-dela-des-attentes\/#primaryimage\",\"url\":\"https:\/\/lavoixdelanation.tg\/wp-content\/uploads\/2025\/09\/Recensement-biometrique-au-Togo.jpg\",\"contentUrl\":\"https:\/\/lavoixdelanation.tg\/wp-content\/uploads\/2025\/09\/Recensement-biometrique-au-Togo.jpg\",\"width\":602,\"height\":427},{\"@type\":\"BreadcrumbList\",\"@id\":\"https:\/\/lavoixdelanation.tg\/index.php\/2025\/08\/31\/recensement-biometrique-des-resultats-au-dela-des-attentes\/#breadcrumb\",\"itemListElement\":[{\"@type\":\"ListItem\",\"position\":1,\"name\":\"Accueil\",\"item\":\"https:\/\/lavoixdelanation.tg\/\"},{\"@type\":\"ListItem\",\"position\":2,\"name\":\"Recensement biom\u00e9trique\u00a0: Des r\u00e9sultats au-del\u00e0 des attentes\"}]},{\"@type\":\"WebSite\",\"@id\":\"https:\/\/lavoixdelanation.tg\/#website\",\"url\":\"https:\/\/lavoixdelanation.tg\/\",\"name\":\"La Voix de la Nation\",\"description\":\"R\u00e9c\u00e9piss\u00e9 n\u00b00108\/HAAC\/01-2024\/pl\/P\",\"publisher\":{\"@id\":\"https:\/\/lavoixdelanation.tg\/#organization\"},\"alternateName\":\"VON\",\"potentialAction\":[{\"@type\":\"SearchAction\",\"target\":{\"@type\":\"EntryPoint\",\"urlTemplate\":\"https:\/\/lavoixdelanation.tg\/?s={search_term_string}\"},\"query-input\":{\"@type\":\"PropertyValueSpecification\",\"valueRequired\":true,\"valueName\":\"search_term_string\"}}],\"inLanguage\":\"fr-FR\"},{\"@type\":\"Organization\",\"@id\":\"https:\/\/lavoixdelanation.tg\/#organization\",\"name\":\"La Voix de la Nation\",\"url\":\"https:\/\/lavoixdelanation.tg\/\",\"logo\":{\"@type\":\"ImageObject\",\"inLanguage\":\"fr-FR\",\"@id\":\"https:\/\/lavoixdelanation.tg\/#\/schema\/logo\/image\/\",\"url\":\"https:\/\/lavoixdelanation.tg\/wp-content\/uploads\/2024\/12\/lavn-1.png\",\"contentUrl\":\"https:\/\/lavoixdelanation.tg\/wp-content\/uploads\/2024\/12\/lavn-1.png\",\"width\":1024,\"height\":464,\"caption\":\"La Voix de la Nation\"},\"image\":{\"@id\":\"https:\/\/lavoixdelanation.tg\/#\/schema\/logo\/image\/\"},\"sameAs\":[\"https:\/\/www.facebook.com\/lavoixdelanation\"]},{\"@type\":\"Person\",\"@id\":\"https:\/\/lavoixdelanation.tg\/#\/schema\/person\/6c489293aa38053673a9e554acb6e224\",\"name\":\"La voix de la nation\",\"image\":{\"@type\":\"ImageObject\",\"inLanguage\":\"fr-FR\",\"@id\":\"https:\/\/lavoixdelanation.tg\/#\/schema\/person\/image\/\",\"url\":\"https:\/\/secure.gravatar.com\/avatar\/8aa135d4bbc794494cecaa8d483f6d6cc1023624868deaff686baed5e727a5a1?s=96&d=mm&r=g\",\"contentUrl\":\"https:\/\/secure.gravatar.com\/avatar\/8aa135d4bbc794494cecaa8d483f6d6cc1023624868deaff686baed5e727a5a1?s=96&d=mm&r=g\",\"caption\":\"La voix de la nation\"},\"sameAs\":[\"https:\/\/lavoixdelanation.tg\"],\"url\":\"https:\/\/lavoixdelanation.tg\/index.php\/author\/lavn\/\"}]}<\/script>\n<!-- \/ Yoast SEO plugin. -->","yoast_head_json":{"title":"Recensement biom\u00e9trique\u00a0: Des r\u00e9sultats au-del\u00e0 des attentes - La Voix de la Nation","robots":{"index":"index","follow":"follow","max-snippet":"max-snippet:-1","max-image-preview":"max-image-preview:large","max-video-preview":"max-video-preview:-1"},"canonical":"https:\/\/lavoixdelanation.tg\/index.php\/2025\/08\/31\/recensement-biometrique-des-resultats-au-dela-des-attentes\/","og_locale":"fr_FR","og_type":"article","og_title":"Recensement biom\u00e9trique\u00a0: Des r\u00e9sultats au-del\u00e0 des attentes - La Voix de la Nation","og_description":"Le Togo poursuit sa campagne de recensement biom\u00e9trique, pilot\u00e9e par l&rsquo;Agence nationale d&rsquo;identification (ANID). Dans la Pr\u00e9fecture du Golfe, l\u2019op\u00e9ration s&rsquo;est achev\u00e9e sur un succ\u00e8s, d\u00e9passant largement les pr\u00e9visions. Selon&hellip;","og_url":"https:\/\/lavoixdelanation.tg\/index.php\/2025\/08\/31\/recensement-biometrique-des-resultats-au-dela-des-attentes\/","og_site_name":"La Voix de la Nation","article_publisher":"https:\/\/www.facebook.com\/lavoixdelanation","article_published_time":"2025-08-31T12:55:27+00:00","article_modified_time":"2025-09-01T12:59:04+00:00","og_image":[{"width":602,"height":427,"url":"https:\/\/lavoixdelanation.tg\/wp-content\/uploads\/2025\/09\/Recensement-biometrique-au-Togo.jpg","type":"image\/jpeg"}],"author":"La voix de la nation","twitter_card":"summary_large_image","twitter_misc":{"\u00c9crit par":"La voix de la nation","Dur\u00e9e de lecture estim\u00e9e":"2 minutes"},"schema":{"@context":"https:\/\/schema.org","@graph":[{"@type":"Article","@id":"https:\/\/lavoixdelanation.tg\/index.php\/2025\/08\/31\/recensement-biometrique-des-resultats-au-dela-des-attentes\/#article","isPartOf":{"@id":"https:\/\/lavoixdelanation.tg\/index.php\/2025\/08\/31\/recensement-biometrique-des-resultats-au-dela-des-attentes\/"},"author":{"name":"La voix de la nation","@id":"https:\/\/lavoixdelanation.tg\/#\/schema\/person\/6c489293aa38053673a9e554acb6e224"},"headline":"Recensement biom\u00e9trique\u00a0: Des r\u00e9sultats au-del\u00e0 des attentes","datePublished":"2025-08-31T12:55:27+00:00","dateModified":"2025-09-01T12:59:04+00:00","mainEntityOfPage":{"@id":"https:\/\/lavoixdelanation.tg\/index.php\/2025\/08\/31\/recensement-biometrique-des-resultats-au-dela-des-attentes\/"},"wordCount":377,"commentCount":0,"publisher":{"@id":"https:\/\/lavoixdelanation.tg\/#organization"},"image":{"@id":"https:\/\/lavoixdelanation.tg\/index.php\/2025\/08\/31\/recensement-biometrique-des-resultats-au-dela-des-attentes\/#primaryimage"},"thumbnailUrl":"https:\/\/lavoixdelanation.tg\/wp-content\/uploads\/2025\/09\/Recensement-biometrique-au-Togo.jpg","keywords":["Recensement biom\u00e9trique","Togo"],"articleSection":["Soci\u00e9t\u00e9"],"inLanguage":"fr-FR","potentialAction":[{"@type":"CommentAction","name":"Comment","target":["https:\/\/lavoixdelanation.tg\/index.php\/2025\/08\/31\/recensement-biometrique-des-resultats-au-dela-des-attentes\/#respond"]}]},{"@type":"WebPage","@id":"https:\/\/lavoixdelanation.tg\/index.php\/2025\/08\/31\/recensement-biometrique-des-resultats-au-dela-des-attentes\/","url":"https:\/\/lavoixdelanation.tg\/index.php\/2025\/08\/31\/recensement-biometrique-des-resultats-au-dela-des-attentes\/","name":"Recensement biom\u00e9trique\u00a0: Des r\u00e9sultats au-del\u00e0 des attentes - La Voix de la Nation","isPartOf":{"@id":"https:\/\/lavoixdelanation.tg\/#website"},"primaryImageOfPage":{"@id":"https:\/\/lavoixdelanation.tg\/index.php\/2025\/08\/31\/recensement-biometrique-des-resultats-au-dela-des-attentes\/#primaryimage"},"image":{"@id":"https:\/\/lavoixdelanation.tg\/index.php\/2025\/08\/31\/recensement-biometrique-des-resultats-au-dela-des-attentes\/#primaryimage"},"thumbnailUrl":"https:\/\/lavoixdelanation.tg\/wp-content\/uploads\/2025\/09\/Recensement-biometrique-au-Togo.jpg","datePublished":"2025-08-31T12:55:27+00:00","dateModified":"2025-09-01T12:59:04+00:00","breadcrumb":{"@id":"https:\/\/lavoixdelanation.tg\/index.php\/2025\/08\/31\/recensement-biometrique-des-resultats-au-dela-des-attentes\/#breadcrumb"},"inLanguage":"fr-FR","potentialAction":[{"@type":"ReadAction","target":["https:\/\/lavoixdelanation.tg\/index.php\/2025\/08\/31\/recensement-biometrique-des-resultats-au-dela-des-attentes\/"]}]},{"@type":"ImageObject","inLanguage":"fr-FR","@id":"https:\/\/lavoixdelanation.tg\/index.php\/2025\/08\/31\/recensement-biometrique-des-resultats-au-dela-des-attentes\/#primaryimage","url":"https:\/\/lavoixdelanation.tg\/wp-content\/uploads\/2025\/09\/Recensement-biometrique-au-Togo.jpg","contentUrl":"https:\/\/lavoixdelanation.tg\/wp-content\/uploads\/2025\/09\/Recensement-biometrique-au-Togo.jpg","width":602,"height":427},{"@type":"BreadcrumbList","@id":"https:\/\/lavoixdelanation.tg\/index.php\/2025\/08\/31\/recensement-biometrique-des-resultats-au-dela-des-attentes\/#breadcrumb","itemListElement":[{"@type":"ListItem","position":1,"name":"Accueil","item":"https:\/\/lavoixdelanation.tg\/"},{"@type":"ListItem","position":2,"name":"Recensement biom\u00e9trique\u00a0: Des r\u00e9sultats au-del\u00e0 des attentes"}]},{"@type":"WebSite","@id":"https:\/\/lavoixdelanation.tg\/#website","url":"https:\/\/lavoixdelanation.tg\/","name":"La Voix de la Nation","description":"R\u00e9c\u00e9piss\u00e9 n\u00b00108\/HAAC\/01-2024\/pl\/P","publisher":{"@id":"https:\/\/lavoixdelanation.tg\/#organization"},"alternateName":"VON","potentialAction":[{"@type":"SearchAction","target":{"@type":"EntryPoint","urlTemplate":"https:\/\/lavoixdelanation.tg\/?s={search_term_string}"},"query-input":{"@type":"PropertyValueSpecification","valueRequired":true,"valueName":"search_term_string"}}],"inLanguage":"fr-FR"},{"@type":"Organization","@id":"https:\/\/lavoixdelanation.tg\/#organization","name":"La Voix de la Nation","url":"https:\/\/lavoixdelanation.tg\/","logo":{"@type":"ImageObject","inLanguage":"fr-FR","@id":"https:\/\/lavoixdelanation.tg\/#\/schema\/logo\/image\/","url":"https:\/\/lavoixdelanation.tg\/wp-content\/uploads\/2024\/12\/lavn-1.png","contentUrl":"https:\/\/lavoixdelanation.tg\/wp-content\/uploads\/2024\/12\/lavn-1.png","width":1024,"height":464,"caption":"La Voix de la Nation"},"image":{"@id":"https:\/\/lavoixdelanation.tg\/#\/schema\/logo\/image\/"},"sameAs":["https:\/\/www.facebook.com\/lavoixdelanation"]},{"@type":"Person","@id":"https:\/\/lavoixdelanation.tg\/#\/schema\/person\/6c489293aa38053673a9e554acb6e224","name":"La voix de la nation","image":{"@type":"ImageObject","inLanguage":"fr-FR","@id":"https:\/\/lavoixdelanation.tg\/#\/schema\/person\/image\/","url":"https:\/\/secure.gravatar.com\/avatar\/8aa135d4bbc794494cecaa8d483f6d6cc1023624868deaff686baed5e727a5a1?s=96&d=mm&r=g","contentUrl":"https:\/\/secure.gravatar.com\/avatar\/8aa135d4bbc794494cecaa8d483f6d6cc1023624868deaff686baed5e727a5a1?s=96&d=mm&r=g","caption":"La voix de la nation"},"sameAs":["https:\/\/lavoixdelanation.tg"],"url":"https:\/\/lavoixdelanation.tg\/index.php\/author\/lavn\/"}]}},"_links":{"self":[{"href":"https:\/\/lavoixdelanation.tg\/index.php\/wp-json\/wp\/v2\/posts\/8647","targetHints":{"allow":["GET"]}}],"collection":[{"href":"https:\/\/lavoixdelanation.tg\/index.php\/wp-json\/wp\/v2\/posts"}],"about":[{"href":"https:\/\/lavoixdelanation.tg\/index.php\/wp-json\/wp\/v2\/types\/post"}],"author":[{"embeddable":true,"href":"https:\/\/lavoixdelanation.tg\/index.php\/wp-json\/wp\/v2\/users\/1"}],"replies":[{"embeddable":true,"href":"https:\/\/lavoixdelanation.tg\/index.php\/wp-json\/wp\/v2\/comments?post=8647"}],"version-history":[{"count":1,"href":"https:\/\/lavoixdelanation.tg\/index.php\/wp-json\/wp\/v2\/posts\/8647\/revisions"}],"predecessor-version":[{"id":8649,"href":"https:\/\/lavoixdelanation.tg\/index.php\/wp-json\/wp\/v2\/posts\/8647\/revisions\/8649"}],"wp:featuredmedia":[{"embeddable":true,"href":"https:\/\/lavoixdelanation.tg\/index.php\/wp-json\/wp\/v2\/media\/8648"}],"wp:attachment":[{"href":"https:\/\/lavoixdelanation.tg\/index.php\/wp-json\/wp\/v2\/media?parent=8647"}],"wp:term":[{"taxonomy":"category","embeddable":true,"href":"https:\/\/lavoixdelanation.tg\/index.php\/wp-json\/wp\/v2\/categories?post=8647"},{"taxonomy":"post_tag","embeddable":true,"href":"https:\/\/lavoixdelanation.tg\/index.php\/wp-json\/wp\/v2\/tags?post=8647"}],"curies":[{"name":"wp","href":"https:\/\/api.w.org\/{rel}","templated":true}]}}