{"id":8626,"date":"2025-08-19T14:09:00","date_gmt":"2025-08-19T12:09:00","guid":{"rendered":"https:\/\/lavoixdelanation.tg\/?p=8626"},"modified":"2025-09-01T14:27:55","modified_gmt":"2025-09-01T12:27:55","slug":"recrutement-de-fonctionnaires-enseignants-publication-de-la-liste-des-candidats-provisoirement-admis","status":"publish","type":"post","link":"https:\/\/lavoixdelanation.tg\/index.php\/2025\/08\/19\/recrutement-de-fonctionnaires-enseignants-publication-de-la-liste-des-candidats-provisoirement-admis\/","title":{"rendered":"Recrutement de fonctionnaires enseignants\u00a0: Publication de la liste des candidats provisoirement admis"},"content":{"rendered":"\n<p>Le ministre de la r\u00e9forme du service public, du travail et du dialogue social, Gilbert BAWARA a proc\u00e9d\u00e9 par arr\u00eat\u00e9 N\u00b0 2142 \/ MRSPTDS pris ce 18 ao\u00fbt 2025, \u00e0 la publication de la liste des candidats d\u00e9clar\u00e9s admis provisoirement au concours national de recrutement de fonctionnaires enseignants du pr\u00e9scolaire, du primaire et du secondaire g\u00e9n\u00e9ral, technique et professionnel.<\/p>\n\n\n\n<p>Il s\u2019agit des r\u00e9sultats provisoires du concours ouvert le 5 septembre 2024 par arr\u00eat\u00e9 interminist\u00e9riel N\u00b0 2962 \/MRSPTDS\/MEPS\/METFP\u0410 dont les \u00e9preuves \u00e9crites se sont d\u00e9roul\u00e9es \u00e0 la session du 07 d\u00e9cembre 2024 dans les centres d\u2019\u00e9crit de Lom\u00e9, Ts\u00e9vi\u00e9, Atakpam\u00e9, Kpalim\u00e9, Sokod\u00e9, Kara et Dapaong.<\/p>\n\n\n\n<p>Les candidats admissibles devront se soumettre \u00e0 une formation obligatoire d\u2019approfondissement de leurs connaissances acad\u00e9miques dans leurs sp\u00e9cialit\u00e9s choisies et de renforcement de leurs aptitudes professionnelles p\u00e9dagogiques ainsi qu\u2019\u00e0 une \u00e9valuation. Ils sont tenus de passer avec succ\u00e8s la formation et l\u2019\u00e9valuation au terme desquelles ils seront d\u00e9finitivement d\u00e9clar\u00e9s admis puis affect\u00e9s \u00e0 leurs postes respectifs pour prendre service.<\/p>\n\n\n\n<p>La liste des candidats d\u00e9clar\u00e9s admis provisoirement peut \u00eatre consult\u00e9e ci-dessous en fichier PDF en cliquant sur le lien suivant.<\/p>\n\n\n\n<h5 class=\"wp-block-heading\">\u00b7&nbsp;&nbsp;&nbsp;&nbsp;&nbsp;&nbsp;&nbsp;&nbsp; <a href=\"https:\/\/fonctionpublique.gouv.tg\/wp-content\/uploads\/2025\/08\/Communique-et-arrete-publiant-la-liste-des-candidats-declares-provisoirement-admis-au-CNRFE-session-du-7.pdf\" target=\"_blank\" rel=\"noreferrer noopener\"><strong>Communique-et-arrete-publiant-la-liste-des-candidats-declares-provisoirement-admis-au-CNRFE-session-du-7.pdf<\/strong><\/a><\/h5>\n","protected":false},"excerpt":{"rendered":"<p>Le ministre de la r\u00e9forme du service public, du travail et du dialogue social, Gilbert BAWARA a proc\u00e9d\u00e9 par arr\u00eat\u00e9 N\u00b0 2142 \/ MRSPTDS pris ce 18 ao\u00fbt 2025, \u00e0&hellip; <\/p>\n","protected":false},"author":1,"featured_media":8627,"comment_status":"open","ping_status":"closed","sticky":false,"template":"","format":"standard","meta":{"footnotes":""},"categories":[21],"tags":[],"class_list":["post-8626","post","type-post","status-publish","format-standard","has-post-thumbnail","hentry","category-politique"],"yoast_head":"<!-- This site is optimized with the Yoast SEO plugin v26.4 - https:\/\/yoast.com\/wordpress\/plugins\/seo\/ -->\n<title>Recrutement de fonctionnaires enseignants\u00a0: Publication de la liste des candidats provisoirement admis - La Voix de la Nation<\/title>\n<meta name=\"robots\" content=\"index, follow, max-snippet:-1, max-image-preview:large, max-video-preview:-1\" \/>\n<link rel=\"canonical\" href=\"https:\/\/lavoixdelanation.tg\/index.php\/2025\/08\/19\/recrutement-de-fonctionnaires-enseignants-publication-de-la-liste-des-candidats-provisoirement-admis\/\" \/>\n<meta property=\"og:locale\" content=\"fr_FR\" \/>\n<meta property=\"og:type\" content=\"article\" \/>\n<meta property=\"og:title\" content=\"Recrutement de fonctionnaires enseignants\u00a0: Publication de la liste des candidats provisoirement admis - La Voix de la Nation\" \/>\n<meta property=\"og:description\" content=\"Le ministre de la r\u00e9forme du service public, du travail et du dialogue social, Gilbert BAWARA a proc\u00e9d\u00e9 par arr\u00eat\u00e9 N\u00b0 2142 \/ MRSPTDS pris ce 18 ao\u00fbt 2025, \u00e0&hellip;\" \/>\n<meta property=\"og:url\" content=\"https:\/\/lavoixdelanation.tg\/index.php\/2025\/08\/19\/recrutement-de-fonctionnaires-enseignants-publication-de-la-liste-des-candidats-provisoirement-admis\/\" \/>\n<meta property=\"og:site_name\" content=\"La Voix de la Nation\" \/>\n<meta property=\"article:publisher\" content=\"https:\/\/www.facebook.com\/lavoixdelanation\" \/>\n<meta property=\"article:published_time\" content=\"2025-08-19T12:09:00+00:00\" \/>\n<meta property=\"article:modified_time\" content=\"2025-09-01T12:27:55+00:00\" \/>\n<meta property=\"og:image\" content=\"https:\/\/lavoixdelanation.tg\/wp-content\/uploads\/2025\/09\/Concours-de-recrutement-des-enseignants-au-Togo.webp\" \/>\n\t<meta property=\"og:image:width\" content=\"664\" \/>\n\t<meta property=\"og:image:height\" content=\"372\" \/>\n\t<meta property=\"og:image:type\" content=\"image\/webp\" \/>\n<meta name=\"author\" content=\"La voix de la nation\" \/>\n<meta name=\"twitter:card\" content=\"summary_large_image\" \/>\n<meta name=\"twitter:label1\" content=\"\u00c9crit par\" \/>\n\t<meta name=\"twitter:data1\" content=\"La voix de la nation\" \/>\n\t<meta name=\"twitter:label2\" content=\"Dur\u00e9e de lecture estim\u00e9e\" \/>\n\t<meta name=\"twitter:data2\" content=\"1 minute\" \/>\n<script type=\"application\/ld+json\" class=\"yoast-schema-graph\">{\"@context\":\"https:\/\/schema.org\",\"@graph\":[{\"@type\":\"Article\",\"@id\":\"https:\/\/lavoixdelanation.tg\/index.php\/2025\/08\/19\/recrutement-de-fonctionnaires-enseignants-publication-de-la-liste-des-candidats-provisoirement-admis\/#article\",\"isPartOf\":{\"@id\":\"https:\/\/lavoixdelanation.tg\/index.php\/2025\/08\/19\/recrutement-de-fonctionnaires-enseignants-publication-de-la-liste-des-candidats-provisoirement-admis\/\"},\"author\":{\"name\":\"La voix de la nation\",\"@id\":\"https:\/\/lavoixdelanation.tg\/#\/schema\/person\/6c489293aa38053673a9e554acb6e224\"},\"headline\":\"Recrutement de fonctionnaires enseignants\u00a0: Publication de la liste des candidats provisoirement admis\",\"datePublished\":\"2025-08-19T12:09:00+00:00\",\"dateModified\":\"2025-09-01T12:27:55+00:00\",\"mainEntityOfPage\":{\"@id\":\"https:\/\/lavoixdelanation.tg\/index.php\/2025\/08\/19\/recrutement-de-fonctionnaires-enseignants-publication-de-la-liste-des-candidats-provisoirement-admis\/\"},\"wordCount\":226,\"commentCount\":0,\"publisher\":{\"@id\":\"https:\/\/lavoixdelanation.tg\/#organization\"},\"image\":{\"@id\":\"https:\/\/lavoixdelanation.tg\/index.php\/2025\/08\/19\/recrutement-de-fonctionnaires-enseignants-publication-de-la-liste-des-candidats-provisoirement-admis\/#primaryimage\"},\"thumbnailUrl\":\"https:\/\/lavoixdelanation.tg\/wp-content\/uploads\/2025\/09\/Concours-de-recrutement-des-enseignants-au-Togo.webp\",\"articleSection\":[\"Politique\"],\"inLanguage\":\"fr-FR\",\"potentialAction\":[{\"@type\":\"CommentAction\",\"name\":\"Comment\",\"target\":[\"https:\/\/lavoixdelanation.tg\/index.php\/2025\/08\/19\/recrutement-de-fonctionnaires-enseignants-publication-de-la-liste-des-candidats-provisoirement-admis\/#respond\"]}]},{\"@type\":\"WebPage\",\"@id\":\"https:\/\/lavoixdelanation.tg\/index.php\/2025\/08\/19\/recrutement-de-fonctionnaires-enseignants-publication-de-la-liste-des-candidats-provisoirement-admis\/\",\"url\":\"https:\/\/lavoixdelanation.tg\/index.php\/2025\/08\/19\/recrutement-de-fonctionnaires-enseignants-publication-de-la-liste-des-candidats-provisoirement-admis\/\",\"name\":\"Recrutement de fonctionnaires enseignants\u00a0: Publication de la liste des candidats provisoirement admis - La Voix de la Nation\",\"isPartOf\":{\"@id\":\"https:\/\/lavoixdelanation.tg\/#website\"},\"primaryImageOfPage\":{\"@id\":\"https:\/\/lavoixdelanation.tg\/index.php\/2025\/08\/19\/recrutement-de-fonctionnaires-enseignants-publication-de-la-liste-des-candidats-provisoirement-admis\/#primaryimage\"},\"image\":{\"@id\":\"https:\/\/lavoixdelanation.tg\/index.php\/2025\/08\/19\/recrutement-de-fonctionnaires-enseignants-publication-de-la-liste-des-candidats-provisoirement-admis\/#primaryimage\"},\"thumbnailUrl\":\"https:\/\/lavoixdelanation.tg\/wp-content\/uploads\/2025\/09\/Concours-de-recrutement-des-enseignants-au-Togo.webp\",\"datePublished\":\"2025-08-19T12:09:00+00:00\",\"dateModified\":\"2025-09-01T12:27:55+00:00\",\"breadcrumb\":{\"@id\":\"https:\/\/lavoixdelanation.tg\/index.php\/2025\/08\/19\/recrutement-de-fonctionnaires-enseignants-publication-de-la-liste-des-candidats-provisoirement-admis\/#breadcrumb\"},\"inLanguage\":\"fr-FR\",\"potentialAction\":[{\"@type\":\"ReadAction\",\"target\":[\"https:\/\/lavoixdelanation.tg\/index.php\/2025\/08\/19\/recrutement-de-fonctionnaires-enseignants-publication-de-la-liste-des-candidats-provisoirement-admis\/\"]}]},{\"@type\":\"ImageObject\",\"inLanguage\":\"fr-FR\",\"@id\":\"https:\/\/lavoixdelanation.tg\/index.php\/2025\/08\/19\/recrutement-de-fonctionnaires-enseignants-publication-de-la-liste-des-candidats-provisoirement-admis\/#primaryimage\",\"url\":\"https:\/\/lavoixdelanation.tg\/wp-content\/uploads\/2025\/09\/Concours-de-recrutement-des-enseignants-au-Togo.webp\",\"contentUrl\":\"https:\/\/lavoixdelanation.tg\/wp-content\/uploads\/2025\/09\/Concours-de-recrutement-des-enseignants-au-Togo.webp\",\"width\":664,\"height\":372},{\"@type\":\"BreadcrumbList\",\"@id\":\"https:\/\/lavoixdelanation.tg\/index.php\/2025\/08\/19\/recrutement-de-fonctionnaires-enseignants-publication-de-la-liste-des-candidats-provisoirement-admis\/#breadcrumb\",\"itemListElement\":[{\"@type\":\"ListItem\",\"position\":1,\"name\":\"Accueil\",\"item\":\"https:\/\/lavoixdelanation.tg\/\"},{\"@type\":\"ListItem\",\"position\":2,\"name\":\"Recrutement de fonctionnaires enseignants\u00a0: Publication de la liste des candidats provisoirement admis\"}]},{\"@type\":\"WebSite\",\"@id\":\"https:\/\/lavoixdelanation.tg\/#website\",\"url\":\"https:\/\/lavoixdelanation.tg\/\",\"name\":\"La Voix de la Nation\",\"description\":\"R\u00e9c\u00e9piss\u00e9 n\u00b00108\/HAAC\/01-2024\/pl\/P\",\"publisher\":{\"@id\":\"https:\/\/lavoixdelanation.tg\/#organization\"},\"alternateName\":\"VON\",\"potentialAction\":[{\"@type\":\"SearchAction\",\"target\":{\"@type\":\"EntryPoint\",\"urlTemplate\":\"https:\/\/lavoixdelanation.tg\/?s={search_term_string}\"},\"query-input\":{\"@type\":\"PropertyValueSpecification\",\"valueRequired\":true,\"valueName\":\"search_term_string\"}}],\"inLanguage\":\"fr-FR\"},{\"@type\":\"Organization\",\"@id\":\"https:\/\/lavoixdelanation.tg\/#organization\",\"name\":\"La Voix de la Nation\",\"url\":\"https:\/\/lavoixdelanation.tg\/\",\"logo\":{\"@type\":\"ImageObject\",\"inLanguage\":\"fr-FR\",\"@id\":\"https:\/\/lavoixdelanation.tg\/#\/schema\/logo\/image\/\",\"url\":\"https:\/\/lavoixdelanation.tg\/wp-content\/uploads\/2024\/12\/lavn-1.png\",\"contentUrl\":\"https:\/\/lavoixdelanation.tg\/wp-content\/uploads\/2024\/12\/lavn-1.png\",\"width\":1024,\"height\":464,\"caption\":\"La Voix de la Nation\"},\"image\":{\"@id\":\"https:\/\/lavoixdelanation.tg\/#\/schema\/logo\/image\/\"},\"sameAs\":[\"https:\/\/www.facebook.com\/lavoixdelanation\"]},{\"@type\":\"Person\",\"@id\":\"https:\/\/lavoixdelanation.tg\/#\/schema\/person\/6c489293aa38053673a9e554acb6e224\",\"name\":\"La voix de la nation\",\"image\":{\"@type\":\"ImageObject\",\"inLanguage\":\"fr-FR\",\"@id\":\"https:\/\/lavoixdelanation.tg\/#\/schema\/person\/image\/\",\"url\":\"https:\/\/secure.gravatar.com\/avatar\/8aa135d4bbc794494cecaa8d483f6d6cc1023624868deaff686baed5e727a5a1?s=96&d=mm&r=g\",\"contentUrl\":\"https:\/\/secure.gravatar.com\/avatar\/8aa135d4bbc794494cecaa8d483f6d6cc1023624868deaff686baed5e727a5a1?s=96&d=mm&r=g\",\"caption\":\"La voix de la nation\"},\"sameAs\":[\"https:\/\/lavoixdelanation.tg\"],\"url\":\"https:\/\/lavoixdelanation.tg\/index.php\/author\/lavn\/\"}]}<\/script>\n<!-- \/ Yoast SEO plugin. -->","yoast_head_json":{"title":"Recrutement de fonctionnaires enseignants\u00a0: Publication de la liste des candidats provisoirement admis - La Voix de la Nation","robots":{"index":"index","follow":"follow","max-snippet":"max-snippet:-1","max-image-preview":"max-image-preview:large","max-video-preview":"max-video-preview:-1"},"canonical":"https:\/\/lavoixdelanation.tg\/index.php\/2025\/08\/19\/recrutement-de-fonctionnaires-enseignants-publication-de-la-liste-des-candidats-provisoirement-admis\/","og_locale":"fr_FR","og_type":"article","og_title":"Recrutement de fonctionnaires enseignants\u00a0: Publication de la liste des candidats provisoirement admis - La Voix de la Nation","og_description":"Le ministre de la r\u00e9forme du service public, du travail et du dialogue social, Gilbert BAWARA a proc\u00e9d\u00e9 par arr\u00eat\u00e9 N\u00b0 2142 \/ MRSPTDS pris ce 18 ao\u00fbt 2025, \u00e0&hellip;","og_url":"https:\/\/lavoixdelanation.tg\/index.php\/2025\/08\/19\/recrutement-de-fonctionnaires-enseignants-publication-de-la-liste-des-candidats-provisoirement-admis\/","og_site_name":"La Voix de la Nation","article_publisher":"https:\/\/www.facebook.com\/lavoixdelanation","article_published_time":"2025-08-19T12:09:00+00:00","article_modified_time":"2025-09-01T12:27:55+00:00","og_image":[{"width":664,"height":372,"url":"https:\/\/lavoixdelanation.tg\/wp-content\/uploads\/2025\/09\/Concours-de-recrutement-des-enseignants-au-Togo.webp","type":"image\/webp"}],"author":"La voix de la nation","twitter_card":"summary_large_image","twitter_misc":{"\u00c9crit par":"La voix de la nation","Dur\u00e9e de lecture estim\u00e9e":"1 minute"},"schema":{"@context":"https:\/\/schema.org","@graph":[{"@type":"Article","@id":"https:\/\/lavoixdelanation.tg\/index.php\/2025\/08\/19\/recrutement-de-fonctionnaires-enseignants-publication-de-la-liste-des-candidats-provisoirement-admis\/#article","isPartOf":{"@id":"https:\/\/lavoixdelanation.tg\/index.php\/2025\/08\/19\/recrutement-de-fonctionnaires-enseignants-publication-de-la-liste-des-candidats-provisoirement-admis\/"},"author":{"name":"La voix de la nation","@id":"https:\/\/lavoixdelanation.tg\/#\/schema\/person\/6c489293aa38053673a9e554acb6e224"},"headline":"Recrutement de fonctionnaires enseignants\u00a0: Publication de la liste des candidats provisoirement admis","datePublished":"2025-08-19T12:09:00+00:00","dateModified":"2025-09-01T12:27:55+00:00","mainEntityOfPage":{"@id":"https:\/\/lavoixdelanation.tg\/index.php\/2025\/08\/19\/recrutement-de-fonctionnaires-enseignants-publication-de-la-liste-des-candidats-provisoirement-admis\/"},"wordCount":226,"commentCount":0,"publisher":{"@id":"https:\/\/lavoixdelanation.tg\/#organization"},"image":{"@id":"https:\/\/lavoixdelanation.tg\/index.php\/2025\/08\/19\/recrutement-de-fonctionnaires-enseignants-publication-de-la-liste-des-candidats-provisoirement-admis\/#primaryimage"},"thumbnailUrl":"https:\/\/lavoixdelanation.tg\/wp-content\/uploads\/2025\/09\/Concours-de-recrutement-des-enseignants-au-Togo.webp","articleSection":["Politique"],"inLanguage":"fr-FR","potentialAction":[{"@type":"CommentAction","name":"Comment","target":["https:\/\/lavoixdelanation.tg\/index.php\/2025\/08\/19\/recrutement-de-fonctionnaires-enseignants-publication-de-la-liste-des-candidats-provisoirement-admis\/#respond"]}]},{"@type":"WebPage","@id":"https:\/\/lavoixdelanation.tg\/index.php\/2025\/08\/19\/recrutement-de-fonctionnaires-enseignants-publication-de-la-liste-des-candidats-provisoirement-admis\/","url":"https:\/\/lavoixdelanation.tg\/index.php\/2025\/08\/19\/recrutement-de-fonctionnaires-enseignants-publication-de-la-liste-des-candidats-provisoirement-admis\/","name":"Recrutement de fonctionnaires enseignants\u00a0: Publication de la liste des candidats provisoirement admis - La Voix de la Nation","isPartOf":{"@id":"https:\/\/lavoixdelanation.tg\/#website"},"primaryImageOfPage":{"@id":"https:\/\/lavoixdelanation.tg\/index.php\/2025\/08\/19\/recrutement-de-fonctionnaires-enseignants-publication-de-la-liste-des-candidats-provisoirement-admis\/#primaryimage"},"image":{"@id":"https:\/\/lavoixdelanation.tg\/index.php\/2025\/08\/19\/recrutement-de-fonctionnaires-enseignants-publication-de-la-liste-des-candidats-provisoirement-admis\/#primaryimage"},"thumbnailUrl":"https:\/\/lavoixdelanation.tg\/wp-content\/uploads\/2025\/09\/Concours-de-recrutement-des-enseignants-au-Togo.webp","datePublished":"2025-08-19T12:09:00+00:00","dateModified":"2025-09-01T12:27:55+00:00","breadcrumb":{"@id":"https:\/\/lavoixdelanation.tg\/index.php\/2025\/08\/19\/recrutement-de-fonctionnaires-enseignants-publication-de-la-liste-des-candidats-provisoirement-admis\/#breadcrumb"},"inLanguage":"fr-FR","potentialAction":[{"@type":"ReadAction","target":["https:\/\/lavoixdelanation.tg\/index.php\/2025\/08\/19\/recrutement-de-fonctionnaires-enseignants-publication-de-la-liste-des-candidats-provisoirement-admis\/"]}]},{"@type":"ImageObject","inLanguage":"fr-FR","@id":"https:\/\/lavoixdelanation.tg\/index.php\/2025\/08\/19\/recrutement-de-fonctionnaires-enseignants-publication-de-la-liste-des-candidats-provisoirement-admis\/#primaryimage","url":"https:\/\/lavoixdelanation.tg\/wp-content\/uploads\/2025\/09\/Concours-de-recrutement-des-enseignants-au-Togo.webp","contentUrl":"https:\/\/lavoixdelanation.tg\/wp-content\/uploads\/2025\/09\/Concours-de-recrutement-des-enseignants-au-Togo.webp","width":664,"height":372},{"@type":"BreadcrumbList","@id":"https:\/\/lavoixdelanation.tg\/index.php\/2025\/08\/19\/recrutement-de-fonctionnaires-enseignants-publication-de-la-liste-des-candidats-provisoirement-admis\/#breadcrumb","itemListElement":[{"@type":"ListItem","position":1,"name":"Accueil","item":"https:\/\/lavoixdelanation.tg\/"},{"@type":"ListItem","position":2,"name":"Recrutement de fonctionnaires enseignants\u00a0: Publication de la liste des candidats provisoirement admis"}]},{"@type":"WebSite","@id":"https:\/\/lavoixdelanation.tg\/#website","url":"https:\/\/lavoixdelanation.tg\/","name":"La Voix de la Nation","description":"R\u00e9c\u00e9piss\u00e9 n\u00b00108\/HAAC\/01-2024\/pl\/P","publisher":{"@id":"https:\/\/lavoixdelanation.tg\/#organization"},"alternateName":"VON","potentialAction":[{"@type":"SearchAction","target":{"@type":"EntryPoint","urlTemplate":"https:\/\/lavoixdelanation.tg\/?s={search_term_string}"},"query-input":{"@type":"PropertyValueSpecification","valueRequired":true,"valueName":"search_term_string"}}],"inLanguage":"fr-FR"},{"@type":"Organization","@id":"https:\/\/lavoixdelanation.tg\/#organization","name":"La Voix de la Nation","url":"https:\/\/lavoixdelanation.tg\/","logo":{"@type":"ImageObject","inLanguage":"fr-FR","@id":"https:\/\/lavoixdelanation.tg\/#\/schema\/logo\/image\/","url":"https:\/\/lavoixdelanation.tg\/wp-content\/uploads\/2024\/12\/lavn-1.png","contentUrl":"https:\/\/lavoixdelanation.tg\/wp-content\/uploads\/2024\/12\/lavn-1.png","width":1024,"height":464,"caption":"La Voix de la Nation"},"image":{"@id":"https:\/\/lavoixdelanation.tg\/#\/schema\/logo\/image\/"},"sameAs":["https:\/\/www.facebook.com\/lavoixdelanation"]},{"@type":"Person","@id":"https:\/\/lavoixdelanation.tg\/#\/schema\/person\/6c489293aa38053673a9e554acb6e224","name":"La voix de la nation","image":{"@type":"ImageObject","inLanguage":"fr-FR","@id":"https:\/\/lavoixdelanation.tg\/#\/schema\/person\/image\/","url":"https:\/\/secure.gravatar.com\/avatar\/8aa135d4bbc794494cecaa8d483f6d6cc1023624868deaff686baed5e727a5a1?s=96&d=mm&r=g","contentUrl":"https:\/\/secure.gravatar.com\/avatar\/8aa135d4bbc794494cecaa8d483f6d6cc1023624868deaff686baed5e727a5a1?s=96&d=mm&r=g","caption":"La voix de la nation"},"sameAs":["https:\/\/lavoixdelanation.tg"],"url":"https:\/\/lavoixdelanation.tg\/index.php\/author\/lavn\/"}]}},"_links":{"self":[{"href":"https:\/\/lavoixdelanation.tg\/index.php\/wp-json\/wp\/v2\/posts\/8626","targetHints":{"allow":["GET"]}}],"collection":[{"href":"https:\/\/lavoixdelanation.tg\/index.php\/wp-json\/wp\/v2\/posts"}],"about":[{"href":"https:\/\/lavoixdelanation.tg\/index.php\/wp-json\/wp\/v2\/types\/post"}],"author":[{"embeddable":true,"href":"https:\/\/lavoixdelanation.tg\/index.php\/wp-json\/wp\/v2\/users\/1"}],"replies":[{"embeddable":true,"href":"https:\/\/lavoixdelanation.tg\/index.php\/wp-json\/wp\/v2\/comments?post=8626"}],"version-history":[{"count":1,"href":"https:\/\/lavoixdelanation.tg\/index.php\/wp-json\/wp\/v2\/posts\/8626\/revisions"}],"predecessor-version":[{"id":8628,"href":"https:\/\/lavoixdelanation.tg\/index.php\/wp-json\/wp\/v2\/posts\/8626\/revisions\/8628"}],"wp:featuredmedia":[{"embeddable":true,"href":"https:\/\/lavoixdelanation.tg\/index.php\/wp-json\/wp\/v2\/media\/8627"}],"wp:attachment":[{"href":"https:\/\/lavoixdelanation.tg\/index.php\/wp-json\/wp\/v2\/media?parent=8626"}],"wp:term":[{"taxonomy":"category","embeddable":true,"href":"https:\/\/lavoixdelanation.tg\/index.php\/wp-json\/wp\/v2\/categories?post=8626"},{"taxonomy":"post_tag","embeddable":true,"href":"https:\/\/lavoixdelanation.tg\/index.php\/wp-json\/wp\/v2\/tags?post=8626"}],"curies":[{"name":"wp","href":"https:\/\/api.w.org\/{rel}","templated":true}]}}