{"id":8128,"date":"2025-08-28T16:52:51","date_gmt":"2025-08-28T14:52:51","guid":{"rendered":"https:\/\/lavoixdelanation.tg\/?p=8128"},"modified":"2025-08-28T16:52:51","modified_gmt":"2025-08-28T14:52:51","slug":"20-ans-du-rappel-a-dieu-de-gnassingbe-eyadema-une-conference-publique-et-des-manifestations-culturelles-le-30-aout-prochain-a-kpalime","status":"publish","type":"post","link":"https:\/\/lavoixdelanation.tg\/index.php\/2025\/08\/28\/20-ans-du-rappel-a-dieu-de-gnassingbe-eyadema-une-conference-publique-et-des-manifestations-culturelles-le-30-aout-prochain-a-kpalime\/","title":{"rendered":"20 ans du rappel \u00e0 Dieu de Gnassingb\u00e9 Eyadema\u00a0: Une conf\u00e9rence publique et des manifestations culturelles le 30 ao\u00fbt prochain \u00e0 Kpalim\u00e9"},"content":{"rendered":"\n<p><strong>La ville de Kpalim\u00e9, chef-lieu de la pr\u00e9fecture de Kloto, accueillera ce 30 ao\u00fbt 2025, une conf\u00e9rence publique et des manifestations culturelles dans le cadre des activit\u00e9s comm\u00e9moratives marquant les vingt (20) ans du rappel \u00e0 Dieu du G\u00e9n\u00e9ral Gnassingb\u00e9 Eyadema, P\u00e8re de la nation togolaise.<\/strong><\/p>\n\n\n\n<p>Dans un communiqu\u00e9 publi\u00e9 \u00e0 cet effet, le Pr\u00e9sident national du comit\u00e9 d&rsquo;organisation des hommages, Colonel Hodabalo AWATE (Ministre de l&rsquo;administration territoriale, de la d\u00e9centralisation et de la chefferie coutumi\u00e8re) a indiqu\u00e9 que la conf\u00e9rence publique abordera des th\u00e9matiques relatives au soldat et homme d&rsquo;Etat que fut le G\u00e9n\u00e9ral Gnassingb\u00e9 Eyadema, en particulier les sacrifices qu&rsquo;il a consentis sur la voie de la construction de la nation togolaise.<\/p>\n\n\n\n<p>\u00ab&nbsp;On se souvient qu&rsquo;il y a exactement cinquante-six ans, du haut des collines de Kpalim\u00e9, le P\u00e8re de la nation, \u00e0 travers un appel solennel, \u00e9mouvant et patriotique, devenu historique, conviait les Togolais sans exception, \u00e0 quelque parti qu&rsquo;ils aient appartenu par le pass\u00e9, \u00e0 se retrouver dans un seul et m\u00eame regroupement politique, un v\u00e9ritable creuset national o\u00f9 ils pouvaient tous participer \u00e0 l&rsquo;\u0153uvre de paix, de r\u00e9conciliation et d&rsquo;unit\u00e9 nationales, entam\u00e9e&nbsp;\u00bb, a-t-il rappel\u00e9.<\/p>\n\n\n\n<p>En dehors de cette conf\u00e9rence publique, des activit\u00e9s culturelles, notamment les danses folkloriques et la d\u00e9gustation de mets du terroir seront \u00e9galement organis\u00e9es.<\/p>\n\n\n\n<p>Le ministre a convi\u00e9 les populations de Kloto et des pr\u00e9fectures environnantes \u00e0 prendre part \u00e0 \u00ab&nbsp;ces manifestations qui c\u00e9l\u00e8brent la paix, la solidarit\u00e9 et la concorde nationale&nbsp;\u00bb.<\/p>\n\n\n\n<p><strong>La R\u00e9daction<\/strong><\/p>\n","protected":false},"excerpt":{"rendered":"<p>La ville de Kpalim\u00e9, chef-lieu de la pr\u00e9fecture de Kloto, accueillera ce 30 ao\u00fbt 2025, une conf\u00e9rence publique et des manifestations culturelles dans le cadre des activit\u00e9s comm\u00e9moratives marquant les&hellip; <\/p>\n","protected":false},"author":1,"featured_media":8131,"comment_status":"open","ping_status":"closed","sticky":false,"template":"","format":"standard","meta":{"footnotes":""},"categories":[21,29],"tags":[920,696,363,919,39],"class_list":["post-8128","post","type-post","status-publish","format-standard","has-post-thumbnail","hentry","category-politique","category-societe","tag-appel-du-30-aout","tag-conference-publique","tag-gnassingbe-eyadema-2","tag-kpalime","tag-togo"],"yoast_head":"<!-- This site is optimized with the Yoast SEO plugin v26.4 - https:\/\/yoast.com\/wordpress\/plugins\/seo\/ -->\n<title>20 ans du rappel \u00e0 Dieu de Gnassingb\u00e9 Eyadema\u00a0: Une conf\u00e9rence publique et des manifestations culturelles le 30 ao\u00fbt prochain \u00e0 Kpalim\u00e9 - La Voix de la Nation<\/title>\n<meta name=\"robots\" content=\"index, follow, max-snippet:-1, max-image-preview:large, max-video-preview:-1\" \/>\n<link rel=\"canonical\" href=\"https:\/\/lavoixdelanation.tg\/index.php\/2025\/08\/28\/20-ans-du-rappel-a-dieu-de-gnassingbe-eyadema-une-conference-publique-et-des-manifestations-culturelles-le-30-aout-prochain-a-kpalime\/\" \/>\n<meta property=\"og:locale\" content=\"fr_FR\" \/>\n<meta property=\"og:type\" content=\"article\" \/>\n<meta property=\"og:title\" content=\"20 ans du rappel \u00e0 Dieu de Gnassingb\u00e9 Eyadema\u00a0: Une conf\u00e9rence publique et des manifestations culturelles le 30 ao\u00fbt prochain \u00e0 Kpalim\u00e9 - La Voix de la Nation\" \/>\n<meta property=\"og:description\" content=\"La ville de Kpalim\u00e9, chef-lieu de la pr\u00e9fecture de Kloto, accueillera ce 30 ao\u00fbt 2025, une conf\u00e9rence publique et des manifestations culturelles dans le cadre des activit\u00e9s comm\u00e9moratives marquant les&hellip;\" \/>\n<meta property=\"og:url\" content=\"https:\/\/lavoixdelanation.tg\/index.php\/2025\/08\/28\/20-ans-du-rappel-a-dieu-de-gnassingbe-eyadema-une-conference-publique-et-des-manifestations-culturelles-le-30-aout-prochain-a-kpalime\/\" \/>\n<meta property=\"og:site_name\" content=\"La Voix de la Nation\" \/>\n<meta property=\"article:publisher\" content=\"https:\/\/www.facebook.com\/lavoixdelanation\" \/>\n<meta property=\"article:published_time\" content=\"2025-08-28T14:52:51+00:00\" \/>\n<meta property=\"og:image\" content=\"https:\/\/lavoixdelanation.tg\/wp-content\/uploads\/2025\/08\/Gnassingbe-Eyadema-une-conference-publique-prevue-ce-30-aout-2025-a-Kpalime.jpg\" \/>\n\t<meta property=\"og:image:width\" content=\"650\" \/>\n\t<meta property=\"og:image:height\" content=\"427\" \/>\n\t<meta property=\"og:image:type\" content=\"image\/jpeg\" \/>\n<meta name=\"author\" content=\"La voix de la nation\" \/>\n<meta name=\"twitter:card\" content=\"summary_large_image\" \/>\n<meta name=\"twitter:label1\" content=\"\u00c9crit par\" \/>\n\t<meta name=\"twitter:data1\" content=\"La voix de la nation\" \/>\n\t<meta name=\"twitter:label2\" content=\"Dur\u00e9e de lecture estim\u00e9e\" \/>\n\t<meta name=\"twitter:data2\" content=\"1 minute\" \/>\n<script type=\"application\/ld+json\" class=\"yoast-schema-graph\">{\"@context\":\"https:\/\/schema.org\",\"@graph\":[{\"@type\":\"Article\",\"@id\":\"https:\/\/lavoixdelanation.tg\/index.php\/2025\/08\/28\/20-ans-du-rappel-a-dieu-de-gnassingbe-eyadema-une-conference-publique-et-des-manifestations-culturelles-le-30-aout-prochain-a-kpalime\/#article\",\"isPartOf\":{\"@id\":\"https:\/\/lavoixdelanation.tg\/index.php\/2025\/08\/28\/20-ans-du-rappel-a-dieu-de-gnassingbe-eyadema-une-conference-publique-et-des-manifestations-culturelles-le-30-aout-prochain-a-kpalime\/\"},\"author\":{\"name\":\"La voix de la nation\",\"@id\":\"https:\/\/lavoixdelanation.tg\/#\/schema\/person\/6c489293aa38053673a9e554acb6e224\"},\"headline\":\"20 ans du rappel \u00e0 Dieu de Gnassingb\u00e9 Eyadema\u00a0: Une conf\u00e9rence publique et des manifestations culturelles le 30 ao\u00fbt prochain \u00e0 Kpalim\u00e9\",\"datePublished\":\"2025-08-28T14:52:51+00:00\",\"mainEntityOfPage\":{\"@id\":\"https:\/\/lavoixdelanation.tg\/index.php\/2025\/08\/28\/20-ans-du-rappel-a-dieu-de-gnassingbe-eyadema-une-conference-publique-et-des-manifestations-culturelles-le-30-aout-prochain-a-kpalime\/\"},\"wordCount\":291,\"commentCount\":0,\"publisher\":{\"@id\":\"https:\/\/lavoixdelanation.tg\/#organization\"},\"image\":{\"@id\":\"https:\/\/lavoixdelanation.tg\/index.php\/2025\/08\/28\/20-ans-du-rappel-a-dieu-de-gnassingbe-eyadema-une-conference-publique-et-des-manifestations-culturelles-le-30-aout-prochain-a-kpalime\/#primaryimage\"},\"thumbnailUrl\":\"https:\/\/lavoixdelanation.tg\/wp-content\/uploads\/2025\/08\/Gnassingbe-Eyadema-une-conference-publique-prevue-ce-30-aout-2025-a-Kpalime.jpg\",\"keywords\":[\"Appel du 30 ao\u00fbt\",\"Conf\u00e9rence publique\",\"Gnassingb\u00e9 Eyadema\",\"Kpalim\u00e9\",\"Togo\"],\"articleSection\":[\"Politique\",\"Soci\u00e9t\u00e9\"],\"inLanguage\":\"fr-FR\",\"potentialAction\":[{\"@type\":\"CommentAction\",\"name\":\"Comment\",\"target\":[\"https:\/\/lavoixdelanation.tg\/index.php\/2025\/08\/28\/20-ans-du-rappel-a-dieu-de-gnassingbe-eyadema-une-conference-publique-et-des-manifestations-culturelles-le-30-aout-prochain-a-kpalime\/#respond\"]}]},{\"@type\":\"WebPage\",\"@id\":\"https:\/\/lavoixdelanation.tg\/index.php\/2025\/08\/28\/20-ans-du-rappel-a-dieu-de-gnassingbe-eyadema-une-conference-publique-et-des-manifestations-culturelles-le-30-aout-prochain-a-kpalime\/\",\"url\":\"https:\/\/lavoixdelanation.tg\/index.php\/2025\/08\/28\/20-ans-du-rappel-a-dieu-de-gnassingbe-eyadema-une-conference-publique-et-des-manifestations-culturelles-le-30-aout-prochain-a-kpalime\/\",\"name\":\"20 ans du rappel \u00e0 Dieu de Gnassingb\u00e9 Eyadema\u00a0: Une conf\u00e9rence publique et des manifestations culturelles le 30 ao\u00fbt prochain \u00e0 Kpalim\u00e9 - La Voix de la Nation\",\"isPartOf\":{\"@id\":\"https:\/\/lavoixdelanation.tg\/#website\"},\"primaryImageOfPage\":{\"@id\":\"https:\/\/lavoixdelanation.tg\/index.php\/2025\/08\/28\/20-ans-du-rappel-a-dieu-de-gnassingbe-eyadema-une-conference-publique-et-des-manifestations-culturelles-le-30-aout-prochain-a-kpalime\/#primaryimage\"},\"image\":{\"@id\":\"https:\/\/lavoixdelanation.tg\/index.php\/2025\/08\/28\/20-ans-du-rappel-a-dieu-de-gnassingbe-eyadema-une-conference-publique-et-des-manifestations-culturelles-le-30-aout-prochain-a-kpalime\/#primaryimage\"},\"thumbnailUrl\":\"https:\/\/lavoixdelanation.tg\/wp-content\/uploads\/2025\/08\/Gnassingbe-Eyadema-une-conference-publique-prevue-ce-30-aout-2025-a-Kpalime.jpg\",\"datePublished\":\"2025-08-28T14:52:51+00:00\",\"breadcrumb\":{\"@id\":\"https:\/\/lavoixdelanation.tg\/index.php\/2025\/08\/28\/20-ans-du-rappel-a-dieu-de-gnassingbe-eyadema-une-conference-publique-et-des-manifestations-culturelles-le-30-aout-prochain-a-kpalime\/#breadcrumb\"},\"inLanguage\":\"fr-FR\",\"potentialAction\":[{\"@type\":\"ReadAction\",\"target\":[\"https:\/\/lavoixdelanation.tg\/index.php\/2025\/08\/28\/20-ans-du-rappel-a-dieu-de-gnassingbe-eyadema-une-conference-publique-et-des-manifestations-culturelles-le-30-aout-prochain-a-kpalime\/\"]}]},{\"@type\":\"ImageObject\",\"inLanguage\":\"fr-FR\",\"@id\":\"https:\/\/lavoixdelanation.tg\/index.php\/2025\/08\/28\/20-ans-du-rappel-a-dieu-de-gnassingbe-eyadema-une-conference-publique-et-des-manifestations-culturelles-le-30-aout-prochain-a-kpalime\/#primaryimage\",\"url\":\"https:\/\/lavoixdelanation.tg\/wp-content\/uploads\/2025\/08\/Gnassingbe-Eyadema-une-conference-publique-prevue-ce-30-aout-2025-a-Kpalime.jpg\",\"contentUrl\":\"https:\/\/lavoixdelanation.tg\/wp-content\/uploads\/2025\/08\/Gnassingbe-Eyadema-une-conference-publique-prevue-ce-30-aout-2025-a-Kpalime.jpg\",\"width\":650,\"height\":427},{\"@type\":\"BreadcrumbList\",\"@id\":\"https:\/\/lavoixdelanation.tg\/index.php\/2025\/08\/28\/20-ans-du-rappel-a-dieu-de-gnassingbe-eyadema-une-conference-publique-et-des-manifestations-culturelles-le-30-aout-prochain-a-kpalime\/#breadcrumb\",\"itemListElement\":[{\"@type\":\"ListItem\",\"position\":1,\"name\":\"Accueil\",\"item\":\"https:\/\/lavoixdelanation.tg\/\"},{\"@type\":\"ListItem\",\"position\":2,\"name\":\"20 ans du rappel \u00e0 Dieu de Gnassingb\u00e9 Eyadema\u00a0: Une conf\u00e9rence publique et des manifestations culturelles le 30 ao\u00fbt prochain \u00e0 Kpalim\u00e9\"}]},{\"@type\":\"WebSite\",\"@id\":\"https:\/\/lavoixdelanation.tg\/#website\",\"url\":\"https:\/\/lavoixdelanation.tg\/\",\"name\":\"La Voix de la Nation\",\"description\":\"R\u00e9c\u00e9piss\u00e9 n\u00b00108\/HAAC\/01-2024\/pl\/P\",\"publisher\":{\"@id\":\"https:\/\/lavoixdelanation.tg\/#organization\"},\"alternateName\":\"VON\",\"potentialAction\":[{\"@type\":\"SearchAction\",\"target\":{\"@type\":\"EntryPoint\",\"urlTemplate\":\"https:\/\/lavoixdelanation.tg\/?s={search_term_string}\"},\"query-input\":{\"@type\":\"PropertyValueSpecification\",\"valueRequired\":true,\"valueName\":\"search_term_string\"}}],\"inLanguage\":\"fr-FR\"},{\"@type\":\"Organization\",\"@id\":\"https:\/\/lavoixdelanation.tg\/#organization\",\"name\":\"La Voix de la Nation\",\"url\":\"https:\/\/lavoixdelanation.tg\/\",\"logo\":{\"@type\":\"ImageObject\",\"inLanguage\":\"fr-FR\",\"@id\":\"https:\/\/lavoixdelanation.tg\/#\/schema\/logo\/image\/\",\"url\":\"https:\/\/lavoixdelanation.tg\/wp-content\/uploads\/2024\/12\/lavn-1.png\",\"contentUrl\":\"https:\/\/lavoixdelanation.tg\/wp-content\/uploads\/2024\/12\/lavn-1.png\",\"width\":1024,\"height\":464,\"caption\":\"La Voix de la Nation\"},\"image\":{\"@id\":\"https:\/\/lavoixdelanation.tg\/#\/schema\/logo\/image\/\"},\"sameAs\":[\"https:\/\/www.facebook.com\/lavoixdelanation\"]},{\"@type\":\"Person\",\"@id\":\"https:\/\/lavoixdelanation.tg\/#\/schema\/person\/6c489293aa38053673a9e554acb6e224\",\"name\":\"La voix de la nation\",\"image\":{\"@type\":\"ImageObject\",\"inLanguage\":\"fr-FR\",\"@id\":\"https:\/\/lavoixdelanation.tg\/#\/schema\/person\/image\/\",\"url\":\"https:\/\/secure.gravatar.com\/avatar\/8aa135d4bbc794494cecaa8d483f6d6cc1023624868deaff686baed5e727a5a1?s=96&d=mm&r=g\",\"contentUrl\":\"https:\/\/secure.gravatar.com\/avatar\/8aa135d4bbc794494cecaa8d483f6d6cc1023624868deaff686baed5e727a5a1?s=96&d=mm&r=g\",\"caption\":\"La voix de la nation\"},\"sameAs\":[\"https:\/\/lavoixdelanation.tg\"],\"url\":\"https:\/\/lavoixdelanation.tg\/index.php\/author\/lavn\/\"}]}<\/script>\n<!-- \/ Yoast SEO plugin. -->","yoast_head_json":{"title":"20 ans du rappel \u00e0 Dieu de Gnassingb\u00e9 Eyadema\u00a0: Une conf\u00e9rence publique et des manifestations culturelles le 30 ao\u00fbt prochain \u00e0 Kpalim\u00e9 - La Voix de la Nation","robots":{"index":"index","follow":"follow","max-snippet":"max-snippet:-1","max-image-preview":"max-image-preview:large","max-video-preview":"max-video-preview:-1"},"canonical":"https:\/\/lavoixdelanation.tg\/index.php\/2025\/08\/28\/20-ans-du-rappel-a-dieu-de-gnassingbe-eyadema-une-conference-publique-et-des-manifestations-culturelles-le-30-aout-prochain-a-kpalime\/","og_locale":"fr_FR","og_type":"article","og_title":"20 ans du rappel \u00e0 Dieu de Gnassingb\u00e9 Eyadema\u00a0: Une conf\u00e9rence publique et des manifestations culturelles le 30 ao\u00fbt prochain \u00e0 Kpalim\u00e9 - La Voix de la Nation","og_description":"La ville de Kpalim\u00e9, chef-lieu de la pr\u00e9fecture de Kloto, accueillera ce 30 ao\u00fbt 2025, une conf\u00e9rence publique et des manifestations culturelles dans le cadre des activit\u00e9s comm\u00e9moratives marquant les&hellip;","og_url":"https:\/\/lavoixdelanation.tg\/index.php\/2025\/08\/28\/20-ans-du-rappel-a-dieu-de-gnassingbe-eyadema-une-conference-publique-et-des-manifestations-culturelles-le-30-aout-prochain-a-kpalime\/","og_site_name":"La Voix de la Nation","article_publisher":"https:\/\/www.facebook.com\/lavoixdelanation","article_published_time":"2025-08-28T14:52:51+00:00","og_image":[{"width":650,"height":427,"url":"https:\/\/lavoixdelanation.tg\/wp-content\/uploads\/2025\/08\/Gnassingbe-Eyadema-une-conference-publique-prevue-ce-30-aout-2025-a-Kpalime.jpg","type":"image\/jpeg"}],"author":"La voix de la nation","twitter_card":"summary_large_image","twitter_misc":{"\u00c9crit par":"La voix de la nation","Dur\u00e9e de lecture estim\u00e9e":"1 minute"},"schema":{"@context":"https:\/\/schema.org","@graph":[{"@type":"Article","@id":"https:\/\/lavoixdelanation.tg\/index.php\/2025\/08\/28\/20-ans-du-rappel-a-dieu-de-gnassingbe-eyadema-une-conference-publique-et-des-manifestations-culturelles-le-30-aout-prochain-a-kpalime\/#article","isPartOf":{"@id":"https:\/\/lavoixdelanation.tg\/index.php\/2025\/08\/28\/20-ans-du-rappel-a-dieu-de-gnassingbe-eyadema-une-conference-publique-et-des-manifestations-culturelles-le-30-aout-prochain-a-kpalime\/"},"author":{"name":"La voix de la nation","@id":"https:\/\/lavoixdelanation.tg\/#\/schema\/person\/6c489293aa38053673a9e554acb6e224"},"headline":"20 ans du rappel \u00e0 Dieu de Gnassingb\u00e9 Eyadema\u00a0: Une conf\u00e9rence publique et des manifestations culturelles le 30 ao\u00fbt prochain \u00e0 Kpalim\u00e9","datePublished":"2025-08-28T14:52:51+00:00","mainEntityOfPage":{"@id":"https:\/\/lavoixdelanation.tg\/index.php\/2025\/08\/28\/20-ans-du-rappel-a-dieu-de-gnassingbe-eyadema-une-conference-publique-et-des-manifestations-culturelles-le-30-aout-prochain-a-kpalime\/"},"wordCount":291,"commentCount":0,"publisher":{"@id":"https:\/\/lavoixdelanation.tg\/#organization"},"image":{"@id":"https:\/\/lavoixdelanation.tg\/index.php\/2025\/08\/28\/20-ans-du-rappel-a-dieu-de-gnassingbe-eyadema-une-conference-publique-et-des-manifestations-culturelles-le-30-aout-prochain-a-kpalime\/#primaryimage"},"thumbnailUrl":"https:\/\/lavoixdelanation.tg\/wp-content\/uploads\/2025\/08\/Gnassingbe-Eyadema-une-conference-publique-prevue-ce-30-aout-2025-a-Kpalime.jpg","keywords":["Appel du 30 ao\u00fbt","Conf\u00e9rence publique","Gnassingb\u00e9 Eyadema","Kpalim\u00e9","Togo"],"articleSection":["Politique","Soci\u00e9t\u00e9"],"inLanguage":"fr-FR","potentialAction":[{"@type":"CommentAction","name":"Comment","target":["https:\/\/lavoixdelanation.tg\/index.php\/2025\/08\/28\/20-ans-du-rappel-a-dieu-de-gnassingbe-eyadema-une-conference-publique-et-des-manifestations-culturelles-le-30-aout-prochain-a-kpalime\/#respond"]}]},{"@type":"WebPage","@id":"https:\/\/lavoixdelanation.tg\/index.php\/2025\/08\/28\/20-ans-du-rappel-a-dieu-de-gnassingbe-eyadema-une-conference-publique-et-des-manifestations-culturelles-le-30-aout-prochain-a-kpalime\/","url":"https:\/\/lavoixdelanation.tg\/index.php\/2025\/08\/28\/20-ans-du-rappel-a-dieu-de-gnassingbe-eyadema-une-conference-publique-et-des-manifestations-culturelles-le-30-aout-prochain-a-kpalime\/","name":"20 ans du rappel \u00e0 Dieu de Gnassingb\u00e9 Eyadema\u00a0: Une conf\u00e9rence publique et des manifestations culturelles le 30 ao\u00fbt prochain \u00e0 Kpalim\u00e9 - La Voix de la Nation","isPartOf":{"@id":"https:\/\/lavoixdelanation.tg\/#website"},"primaryImageOfPage":{"@id":"https:\/\/lavoixdelanation.tg\/index.php\/2025\/08\/28\/20-ans-du-rappel-a-dieu-de-gnassingbe-eyadema-une-conference-publique-et-des-manifestations-culturelles-le-30-aout-prochain-a-kpalime\/#primaryimage"},"image":{"@id":"https:\/\/lavoixdelanation.tg\/index.php\/2025\/08\/28\/20-ans-du-rappel-a-dieu-de-gnassingbe-eyadema-une-conference-publique-et-des-manifestations-culturelles-le-30-aout-prochain-a-kpalime\/#primaryimage"},"thumbnailUrl":"https:\/\/lavoixdelanation.tg\/wp-content\/uploads\/2025\/08\/Gnassingbe-Eyadema-une-conference-publique-prevue-ce-30-aout-2025-a-Kpalime.jpg","datePublished":"2025-08-28T14:52:51+00:00","breadcrumb":{"@id":"https:\/\/lavoixdelanation.tg\/index.php\/2025\/08\/28\/20-ans-du-rappel-a-dieu-de-gnassingbe-eyadema-une-conference-publique-et-des-manifestations-culturelles-le-30-aout-prochain-a-kpalime\/#breadcrumb"},"inLanguage":"fr-FR","potentialAction":[{"@type":"ReadAction","target":["https:\/\/lavoixdelanation.tg\/index.php\/2025\/08\/28\/20-ans-du-rappel-a-dieu-de-gnassingbe-eyadema-une-conference-publique-et-des-manifestations-culturelles-le-30-aout-prochain-a-kpalime\/"]}]},{"@type":"ImageObject","inLanguage":"fr-FR","@id":"https:\/\/lavoixdelanation.tg\/index.php\/2025\/08\/28\/20-ans-du-rappel-a-dieu-de-gnassingbe-eyadema-une-conference-publique-et-des-manifestations-culturelles-le-30-aout-prochain-a-kpalime\/#primaryimage","url":"https:\/\/lavoixdelanation.tg\/wp-content\/uploads\/2025\/08\/Gnassingbe-Eyadema-une-conference-publique-prevue-ce-30-aout-2025-a-Kpalime.jpg","contentUrl":"https:\/\/lavoixdelanation.tg\/wp-content\/uploads\/2025\/08\/Gnassingbe-Eyadema-une-conference-publique-prevue-ce-30-aout-2025-a-Kpalime.jpg","width":650,"height":427},{"@type":"BreadcrumbList","@id":"https:\/\/lavoixdelanation.tg\/index.php\/2025\/08\/28\/20-ans-du-rappel-a-dieu-de-gnassingbe-eyadema-une-conference-publique-et-des-manifestations-culturelles-le-30-aout-prochain-a-kpalime\/#breadcrumb","itemListElement":[{"@type":"ListItem","position":1,"name":"Accueil","item":"https:\/\/lavoixdelanation.tg\/"},{"@type":"ListItem","position":2,"name":"20 ans du rappel \u00e0 Dieu de Gnassingb\u00e9 Eyadema\u00a0: Une conf\u00e9rence publique et des manifestations culturelles le 30 ao\u00fbt prochain \u00e0 Kpalim\u00e9"}]},{"@type":"WebSite","@id":"https:\/\/lavoixdelanation.tg\/#website","url":"https:\/\/lavoixdelanation.tg\/","name":"La Voix de la Nation","description":"R\u00e9c\u00e9piss\u00e9 n\u00b00108\/HAAC\/01-2024\/pl\/P","publisher":{"@id":"https:\/\/lavoixdelanation.tg\/#organization"},"alternateName":"VON","potentialAction":[{"@type":"SearchAction","target":{"@type":"EntryPoint","urlTemplate":"https:\/\/lavoixdelanation.tg\/?s={search_term_string}"},"query-input":{"@type":"PropertyValueSpecification","valueRequired":true,"valueName":"search_term_string"}}],"inLanguage":"fr-FR"},{"@type":"Organization","@id":"https:\/\/lavoixdelanation.tg\/#organization","name":"La Voix de la Nation","url":"https:\/\/lavoixdelanation.tg\/","logo":{"@type":"ImageObject","inLanguage":"fr-FR","@id":"https:\/\/lavoixdelanation.tg\/#\/schema\/logo\/image\/","url":"https:\/\/lavoixdelanation.tg\/wp-content\/uploads\/2024\/12\/lavn-1.png","contentUrl":"https:\/\/lavoixdelanation.tg\/wp-content\/uploads\/2024\/12\/lavn-1.png","width":1024,"height":464,"caption":"La Voix de la Nation"},"image":{"@id":"https:\/\/lavoixdelanation.tg\/#\/schema\/logo\/image\/"},"sameAs":["https:\/\/www.facebook.com\/lavoixdelanation"]},{"@type":"Person","@id":"https:\/\/lavoixdelanation.tg\/#\/schema\/person\/6c489293aa38053673a9e554acb6e224","name":"La voix de la nation","image":{"@type":"ImageObject","inLanguage":"fr-FR","@id":"https:\/\/lavoixdelanation.tg\/#\/schema\/person\/image\/","url":"https:\/\/secure.gravatar.com\/avatar\/8aa135d4bbc794494cecaa8d483f6d6cc1023624868deaff686baed5e727a5a1?s=96&d=mm&r=g","contentUrl":"https:\/\/secure.gravatar.com\/avatar\/8aa135d4bbc794494cecaa8d483f6d6cc1023624868deaff686baed5e727a5a1?s=96&d=mm&r=g","caption":"La voix de la nation"},"sameAs":["https:\/\/lavoixdelanation.tg"],"url":"https:\/\/lavoixdelanation.tg\/index.php\/author\/lavn\/"}]}},"_links":{"self":[{"href":"https:\/\/lavoixdelanation.tg\/index.php\/wp-json\/wp\/v2\/posts\/8128","targetHints":{"allow":["GET"]}}],"collection":[{"href":"https:\/\/lavoixdelanation.tg\/index.php\/wp-json\/wp\/v2\/posts"}],"about":[{"href":"https:\/\/lavoixdelanation.tg\/index.php\/wp-json\/wp\/v2\/types\/post"}],"author":[{"embeddable":true,"href":"https:\/\/lavoixdelanation.tg\/index.php\/wp-json\/wp\/v2\/users\/1"}],"replies":[{"embeddable":true,"href":"https:\/\/lavoixdelanation.tg\/index.php\/wp-json\/wp\/v2\/comments?post=8128"}],"version-history":[{"count":1,"href":"https:\/\/lavoixdelanation.tg\/index.php\/wp-json\/wp\/v2\/posts\/8128\/revisions"}],"predecessor-version":[{"id":8132,"href":"https:\/\/lavoixdelanation.tg\/index.php\/wp-json\/wp\/v2\/posts\/8128\/revisions\/8132"}],"wp:featuredmedia":[{"embeddable":true,"href":"https:\/\/lavoixdelanation.tg\/index.php\/wp-json\/wp\/v2\/media\/8131"}],"wp:attachment":[{"href":"https:\/\/lavoixdelanation.tg\/index.php\/wp-json\/wp\/v2\/media?parent=8128"}],"wp:term":[{"taxonomy":"category","embeddable":true,"href":"https:\/\/lavoixdelanation.tg\/index.php\/wp-json\/wp\/v2\/categories?post=8128"},{"taxonomy":"post_tag","embeddable":true,"href":"https:\/\/lavoixdelanation.tg\/index.php\/wp-json\/wp\/v2\/tags?post=8128"}],"curies":[{"name":"wp","href":"https:\/\/api.w.org\/{rel}","templated":true}]}}