{"id":8108,"date":"2025-08-28T14:32:46","date_gmt":"2025-08-28T12:32:46","guid":{"rendered":"https:\/\/lavoixdelanation.tg\/?p=8108"},"modified":"2025-08-28T14:32:47","modified_gmt":"2025-08-28T12:32:47","slug":"togo-lancement-du-prix-unesco-hamdan-2025-2026-pour-des-projets-innovants-en-enseignement","status":"publish","type":"post","link":"https:\/\/lavoixdelanation.tg\/index.php\/2025\/08\/28\/togo-lancement-du-prix-unesco-hamdan-2025-2026-pour-des-projets-innovants-en-enseignement\/","title":{"rendered":"Togo\u00a0: Lancement du Prix UNESCO-Hamdan 2025-2026 pour des projets innovants en enseignement"},"content":{"rendered":"\n<p>Le Minist\u00e8re togolais de l\u2019Enseignement Sup\u00e9rieur et de la Recherche informe du lancement de l\u2019appel \u00e0 candidatures pour le Prix UNESCO-Hamdan, qui r\u00e9compense trois projets innovants am\u00e9liorant la qualit\u00e9 de l\u2019enseignement et de l\u2019apprentissage.<\/p>\n\n\n\n<p>Les les institutions, organisations et \u00e9tablissements d\u2019enseignement et de recherche sont invit\u00e9s \u00e0 soumettre leur dossier de candidature avant le 31 octobre 2025 en cliquant sur le lien&nbsp;: <a href=\"https:\/\/forms.office.com\/pages\/responsepage.aspx?id=Uq5PHbM5-kuwswIpVrERlDWV631pOVBDowaF81Q3N5dUNVhFSEk1MllNVlcwVDM1VVhTVE02TDQyTyQlQCN0PWcu&amp;route=shorturl\">https:\/\/forms.office.com\/pages\/responsepage.aspx?id=Uq5PHbM5-kuwswIpVrERlDWV631pOVBDowaF81Q3N5dUNVhFSEk1MllNVlcwVDM1VVhTVE02TDQyTyQlQCN0PWcu&amp;route=shorturl<\/a><\/p>\n\n\n\n<p>Le prix a \u00e9t\u00e9 cr\u00e9\u00e9 en 2008 et est d\u00e9cern\u00e9 tous les deux ans. Il b\u00e9n\u00e9ficie du soutien de la Fondation Hamdan bin Rashid Al Maktoum pour les sciences m\u00e9dicales et \u00e9ducatives (Fondation Hamdan).<\/p>\n\n\n\n<p>Le Prix,\u00a0d&rsquo;un montant de 300 000 dollars des Etats-Unis, est partag\u00e9 entre trois laur\u00e9ats, qui re\u00e7oivent \u00e9galement chacun un certificat. De plus, les laur\u00e9ats peuvent b\u00e9n\u00e9ficier d&rsquo;une visibilit\u00e9 accrue, d&rsquo;opportunit\u00e9s de contacts, ainsi que d&rsquo;une reconnaissance internationale.<\/p>\n\n\n\n<figure class=\"wp-block-image size-large\"><img loading=\"lazy\" decoding=\"async\" width=\"724\" height=\"1024\" src=\"https:\/\/lavoixdelanation.tg\/wp-content\/uploads\/2025\/08\/Prix-UNESCO-Hamdan-2025-2026-724x1024.jpeg\" alt=\"\" class=\"wp-image-8110\" srcset=\"https:\/\/lavoixdelanation.tg\/wp-content\/uploads\/2025\/08\/Prix-UNESCO-Hamdan-2025-2026-724x1024.jpeg 724w, https:\/\/lavoixdelanation.tg\/wp-content\/uploads\/2025\/08\/Prix-UNESCO-Hamdan-2025-2026-212x300.jpeg 212w, https:\/\/lavoixdelanation.tg\/wp-content\/uploads\/2025\/08\/Prix-UNESCO-Hamdan-2025-2026-768x1086.jpeg 768w, https:\/\/lavoixdelanation.tg\/wp-content\/uploads\/2025\/08\/Prix-UNESCO-Hamdan-2025-2026-1086x1536.jpeg 1086w, https:\/\/lavoixdelanation.tg\/wp-content\/uploads\/2025\/08\/Prix-UNESCO-Hamdan-2025-2026.jpeg 1131w\" sizes=\"auto, (max-width: 724px) 100vw, 724px\" \/><\/figure>\n","protected":false},"excerpt":{"rendered":"<p>Le Minist\u00e8re togolais de l\u2019Enseignement Sup\u00e9rieur et de la Recherche informe du lancement de l\u2019appel \u00e0 candidatures pour le Prix UNESCO-Hamdan, qui r\u00e9compense trois projets innovants am\u00e9liorant la qualit\u00e9 de&hellip; <\/p>\n","protected":false},"author":1,"featured_media":8109,"comment_status":"open","ping_status":"closed","sticky":false,"template":"","format":"standard","meta":{"footnotes":""},"categories":[10],"tags":[178,916,917,39],"class_list":["post-8108","post","type-post","status-publish","format-standard","has-post-thumbnail","hentry","category-education","tag-enseignement","tag-prix-unesco-hamdan","tag-projets-innovants","tag-togo"],"yoast_head":"<!-- This site is optimized with the Yoast SEO plugin v26.4 - https:\/\/yoast.com\/wordpress\/plugins\/seo\/ -->\n<title>Togo\u00a0: Lancement du Prix UNESCO-Hamdan 2025-2026 pour des projets innovants en enseignement - La Voix de la Nation<\/title>\n<meta name=\"robots\" content=\"index, follow, max-snippet:-1, max-image-preview:large, max-video-preview:-1\" \/>\n<link rel=\"canonical\" href=\"https:\/\/lavoixdelanation.tg\/index.php\/2025\/08\/28\/togo-lancement-du-prix-unesco-hamdan-2025-2026-pour-des-projets-innovants-en-enseignement\/\" \/>\n<meta property=\"og:locale\" content=\"fr_FR\" \/>\n<meta property=\"og:type\" content=\"article\" \/>\n<meta property=\"og:title\" content=\"Togo\u00a0: Lancement du Prix UNESCO-Hamdan 2025-2026 pour des projets innovants en enseignement - La Voix de la Nation\" \/>\n<meta property=\"og:description\" content=\"Le Minist\u00e8re togolais de l\u2019Enseignement Sup\u00e9rieur et de la Recherche informe du lancement de l\u2019appel \u00e0 candidatures pour le Prix UNESCO-Hamdan, qui r\u00e9compense trois projets innovants am\u00e9liorant la qualit\u00e9 de&hellip;\" \/>\n<meta property=\"og:url\" content=\"https:\/\/lavoixdelanation.tg\/index.php\/2025\/08\/28\/togo-lancement-du-prix-unesco-hamdan-2025-2026-pour-des-projets-innovants-en-enseignement\/\" \/>\n<meta property=\"og:site_name\" content=\"La Voix de la Nation\" \/>\n<meta property=\"article:publisher\" content=\"https:\/\/www.facebook.com\/lavoixdelanation\" \/>\n<meta property=\"article:published_time\" content=\"2025-08-28T12:32:46+00:00\" \/>\n<meta property=\"article:modified_time\" content=\"2025-08-28T12:32:47+00:00\" \/>\n<meta property=\"og:image\" content=\"https:\/\/lavoixdelanation.tg\/wp-content\/uploads\/2025\/08\/Lancement-du-Prix-UNESCO-Hamdan-2025-2026-au-Togo.jpg\" \/>\n\t<meta property=\"og:image:width\" content=\"563\" \/>\n\t<meta property=\"og:image:height\" content=\"373\" \/>\n\t<meta property=\"og:image:type\" content=\"image\/jpeg\" \/>\n<meta name=\"author\" content=\"La voix de la nation\" \/>\n<meta name=\"twitter:card\" content=\"summary_large_image\" \/>\n<meta name=\"twitter:label1\" content=\"\u00c9crit par\" \/>\n\t<meta name=\"twitter:data1\" content=\"La voix de la nation\" \/>\n\t<meta name=\"twitter:label2\" content=\"Dur\u00e9e de lecture estim\u00e9e\" \/>\n\t<meta name=\"twitter:data2\" content=\"1 minute\" \/>\n<script type=\"application\/ld+json\" class=\"yoast-schema-graph\">{\"@context\":\"https:\/\/schema.org\",\"@graph\":[{\"@type\":\"Article\",\"@id\":\"https:\/\/lavoixdelanation.tg\/index.php\/2025\/08\/28\/togo-lancement-du-prix-unesco-hamdan-2025-2026-pour-des-projets-innovants-en-enseignement\/#article\",\"isPartOf\":{\"@id\":\"https:\/\/lavoixdelanation.tg\/index.php\/2025\/08\/28\/togo-lancement-du-prix-unesco-hamdan-2025-2026-pour-des-projets-innovants-en-enseignement\/\"},\"author\":{\"name\":\"La voix de la nation\",\"@id\":\"https:\/\/lavoixdelanation.tg\/#\/schema\/person\/6c489293aa38053673a9e554acb6e224\"},\"headline\":\"Togo\u00a0: Lancement du Prix UNESCO-Hamdan 2025-2026 pour des projets innovants en enseignement\",\"datePublished\":\"2025-08-28T12:32:46+00:00\",\"dateModified\":\"2025-08-28T12:32:47+00:00\",\"mainEntityOfPage\":{\"@id\":\"https:\/\/lavoixdelanation.tg\/index.php\/2025\/08\/28\/togo-lancement-du-prix-unesco-hamdan-2025-2026-pour-des-projets-innovants-en-enseignement\/\"},\"wordCount\":186,\"commentCount\":0,\"publisher\":{\"@id\":\"https:\/\/lavoixdelanation.tg\/#organization\"},\"image\":{\"@id\":\"https:\/\/lavoixdelanation.tg\/index.php\/2025\/08\/28\/togo-lancement-du-prix-unesco-hamdan-2025-2026-pour-des-projets-innovants-en-enseignement\/#primaryimage\"},\"thumbnailUrl\":\"https:\/\/lavoixdelanation.tg\/wp-content\/uploads\/2025\/08\/Lancement-du-Prix-UNESCO-Hamdan-2025-2026-au-Togo.jpg\",\"keywords\":[\"Enseignement\",\"Prix UNESCO-Hamdan\",\"projets innovants\",\"Togo\"],\"articleSection\":[\"Education\"],\"inLanguage\":\"fr-FR\",\"potentialAction\":[{\"@type\":\"CommentAction\",\"name\":\"Comment\",\"target\":[\"https:\/\/lavoixdelanation.tg\/index.php\/2025\/08\/28\/togo-lancement-du-prix-unesco-hamdan-2025-2026-pour-des-projets-innovants-en-enseignement\/#respond\"]}]},{\"@type\":\"WebPage\",\"@id\":\"https:\/\/lavoixdelanation.tg\/index.php\/2025\/08\/28\/togo-lancement-du-prix-unesco-hamdan-2025-2026-pour-des-projets-innovants-en-enseignement\/\",\"url\":\"https:\/\/lavoixdelanation.tg\/index.php\/2025\/08\/28\/togo-lancement-du-prix-unesco-hamdan-2025-2026-pour-des-projets-innovants-en-enseignement\/\",\"name\":\"Togo\u00a0: Lancement du Prix UNESCO-Hamdan 2025-2026 pour des projets innovants en enseignement - La Voix de la Nation\",\"isPartOf\":{\"@id\":\"https:\/\/lavoixdelanation.tg\/#website\"},\"primaryImageOfPage\":{\"@id\":\"https:\/\/lavoixdelanation.tg\/index.php\/2025\/08\/28\/togo-lancement-du-prix-unesco-hamdan-2025-2026-pour-des-projets-innovants-en-enseignement\/#primaryimage\"},\"image\":{\"@id\":\"https:\/\/lavoixdelanation.tg\/index.php\/2025\/08\/28\/togo-lancement-du-prix-unesco-hamdan-2025-2026-pour-des-projets-innovants-en-enseignement\/#primaryimage\"},\"thumbnailUrl\":\"https:\/\/lavoixdelanation.tg\/wp-content\/uploads\/2025\/08\/Lancement-du-Prix-UNESCO-Hamdan-2025-2026-au-Togo.jpg\",\"datePublished\":\"2025-08-28T12:32:46+00:00\",\"dateModified\":\"2025-08-28T12:32:47+00:00\",\"breadcrumb\":{\"@id\":\"https:\/\/lavoixdelanation.tg\/index.php\/2025\/08\/28\/togo-lancement-du-prix-unesco-hamdan-2025-2026-pour-des-projets-innovants-en-enseignement\/#breadcrumb\"},\"inLanguage\":\"fr-FR\",\"potentialAction\":[{\"@type\":\"ReadAction\",\"target\":[\"https:\/\/lavoixdelanation.tg\/index.php\/2025\/08\/28\/togo-lancement-du-prix-unesco-hamdan-2025-2026-pour-des-projets-innovants-en-enseignement\/\"]}]},{\"@type\":\"ImageObject\",\"inLanguage\":\"fr-FR\",\"@id\":\"https:\/\/lavoixdelanation.tg\/index.php\/2025\/08\/28\/togo-lancement-du-prix-unesco-hamdan-2025-2026-pour-des-projets-innovants-en-enseignement\/#primaryimage\",\"url\":\"https:\/\/lavoixdelanation.tg\/wp-content\/uploads\/2025\/08\/Lancement-du-Prix-UNESCO-Hamdan-2025-2026-au-Togo.jpg\",\"contentUrl\":\"https:\/\/lavoixdelanation.tg\/wp-content\/uploads\/2025\/08\/Lancement-du-Prix-UNESCO-Hamdan-2025-2026-au-Togo.jpg\",\"width\":563,\"height\":373},{\"@type\":\"BreadcrumbList\",\"@id\":\"https:\/\/lavoixdelanation.tg\/index.php\/2025\/08\/28\/togo-lancement-du-prix-unesco-hamdan-2025-2026-pour-des-projets-innovants-en-enseignement\/#breadcrumb\",\"itemListElement\":[{\"@type\":\"ListItem\",\"position\":1,\"name\":\"Accueil\",\"item\":\"https:\/\/lavoixdelanation.tg\/\"},{\"@type\":\"ListItem\",\"position\":2,\"name\":\"Togo\u00a0: Lancement du Prix UNESCO-Hamdan 2025-2026 pour des projets innovants en enseignement\"}]},{\"@type\":\"WebSite\",\"@id\":\"https:\/\/lavoixdelanation.tg\/#website\",\"url\":\"https:\/\/lavoixdelanation.tg\/\",\"name\":\"La Voix de la Nation\",\"description\":\"R\u00e9c\u00e9piss\u00e9 n\u00b00108\/HAAC\/01-2024\/pl\/P\",\"publisher\":{\"@id\":\"https:\/\/lavoixdelanation.tg\/#organization\"},\"alternateName\":\"VON\",\"potentialAction\":[{\"@type\":\"SearchAction\",\"target\":{\"@type\":\"EntryPoint\",\"urlTemplate\":\"https:\/\/lavoixdelanation.tg\/?s={search_term_string}\"},\"query-input\":{\"@type\":\"PropertyValueSpecification\",\"valueRequired\":true,\"valueName\":\"search_term_string\"}}],\"inLanguage\":\"fr-FR\"},{\"@type\":\"Organization\",\"@id\":\"https:\/\/lavoixdelanation.tg\/#organization\",\"name\":\"La Voix de la Nation\",\"url\":\"https:\/\/lavoixdelanation.tg\/\",\"logo\":{\"@type\":\"ImageObject\",\"inLanguage\":\"fr-FR\",\"@id\":\"https:\/\/lavoixdelanation.tg\/#\/schema\/logo\/image\/\",\"url\":\"https:\/\/lavoixdelanation.tg\/wp-content\/uploads\/2024\/12\/lavn-1.png\",\"contentUrl\":\"https:\/\/lavoixdelanation.tg\/wp-content\/uploads\/2024\/12\/lavn-1.png\",\"width\":1024,\"height\":464,\"caption\":\"La Voix de la Nation\"},\"image\":{\"@id\":\"https:\/\/lavoixdelanation.tg\/#\/schema\/logo\/image\/\"},\"sameAs\":[\"https:\/\/www.facebook.com\/lavoixdelanation\"]},{\"@type\":\"Person\",\"@id\":\"https:\/\/lavoixdelanation.tg\/#\/schema\/person\/6c489293aa38053673a9e554acb6e224\",\"name\":\"La voix de la nation\",\"image\":{\"@type\":\"ImageObject\",\"inLanguage\":\"fr-FR\",\"@id\":\"https:\/\/lavoixdelanation.tg\/#\/schema\/person\/image\/\",\"url\":\"https:\/\/secure.gravatar.com\/avatar\/8aa135d4bbc794494cecaa8d483f6d6cc1023624868deaff686baed5e727a5a1?s=96&d=mm&r=g\",\"contentUrl\":\"https:\/\/secure.gravatar.com\/avatar\/8aa135d4bbc794494cecaa8d483f6d6cc1023624868deaff686baed5e727a5a1?s=96&d=mm&r=g\",\"caption\":\"La voix de la nation\"},\"sameAs\":[\"https:\/\/lavoixdelanation.tg\"],\"url\":\"https:\/\/lavoixdelanation.tg\/index.php\/author\/lavn\/\"}]}<\/script>\n<!-- \/ Yoast SEO plugin. -->","yoast_head_json":{"title":"Togo\u00a0: Lancement du Prix UNESCO-Hamdan 2025-2026 pour des projets innovants en enseignement - La Voix de la Nation","robots":{"index":"index","follow":"follow","max-snippet":"max-snippet:-1","max-image-preview":"max-image-preview:large","max-video-preview":"max-video-preview:-1"},"canonical":"https:\/\/lavoixdelanation.tg\/index.php\/2025\/08\/28\/togo-lancement-du-prix-unesco-hamdan-2025-2026-pour-des-projets-innovants-en-enseignement\/","og_locale":"fr_FR","og_type":"article","og_title":"Togo\u00a0: Lancement du Prix UNESCO-Hamdan 2025-2026 pour des projets innovants en enseignement - La Voix de la Nation","og_description":"Le Minist\u00e8re togolais de l\u2019Enseignement Sup\u00e9rieur et de la Recherche informe du lancement de l\u2019appel \u00e0 candidatures pour le Prix UNESCO-Hamdan, qui r\u00e9compense trois projets innovants am\u00e9liorant la qualit\u00e9 de&hellip;","og_url":"https:\/\/lavoixdelanation.tg\/index.php\/2025\/08\/28\/togo-lancement-du-prix-unesco-hamdan-2025-2026-pour-des-projets-innovants-en-enseignement\/","og_site_name":"La Voix de la Nation","article_publisher":"https:\/\/www.facebook.com\/lavoixdelanation","article_published_time":"2025-08-28T12:32:46+00:00","article_modified_time":"2025-08-28T12:32:47+00:00","og_image":[{"width":563,"height":373,"url":"https:\/\/lavoixdelanation.tg\/wp-content\/uploads\/2025\/08\/Lancement-du-Prix-UNESCO-Hamdan-2025-2026-au-Togo.jpg","type":"image\/jpeg"}],"author":"La voix de la nation","twitter_card":"summary_large_image","twitter_misc":{"\u00c9crit par":"La voix de la nation","Dur\u00e9e de lecture estim\u00e9e":"1 minute"},"schema":{"@context":"https:\/\/schema.org","@graph":[{"@type":"Article","@id":"https:\/\/lavoixdelanation.tg\/index.php\/2025\/08\/28\/togo-lancement-du-prix-unesco-hamdan-2025-2026-pour-des-projets-innovants-en-enseignement\/#article","isPartOf":{"@id":"https:\/\/lavoixdelanation.tg\/index.php\/2025\/08\/28\/togo-lancement-du-prix-unesco-hamdan-2025-2026-pour-des-projets-innovants-en-enseignement\/"},"author":{"name":"La voix de la nation","@id":"https:\/\/lavoixdelanation.tg\/#\/schema\/person\/6c489293aa38053673a9e554acb6e224"},"headline":"Togo\u00a0: Lancement du Prix UNESCO-Hamdan 2025-2026 pour des projets innovants en enseignement","datePublished":"2025-08-28T12:32:46+00:00","dateModified":"2025-08-28T12:32:47+00:00","mainEntityOfPage":{"@id":"https:\/\/lavoixdelanation.tg\/index.php\/2025\/08\/28\/togo-lancement-du-prix-unesco-hamdan-2025-2026-pour-des-projets-innovants-en-enseignement\/"},"wordCount":186,"commentCount":0,"publisher":{"@id":"https:\/\/lavoixdelanation.tg\/#organization"},"image":{"@id":"https:\/\/lavoixdelanation.tg\/index.php\/2025\/08\/28\/togo-lancement-du-prix-unesco-hamdan-2025-2026-pour-des-projets-innovants-en-enseignement\/#primaryimage"},"thumbnailUrl":"https:\/\/lavoixdelanation.tg\/wp-content\/uploads\/2025\/08\/Lancement-du-Prix-UNESCO-Hamdan-2025-2026-au-Togo.jpg","keywords":["Enseignement","Prix UNESCO-Hamdan","projets innovants","Togo"],"articleSection":["Education"],"inLanguage":"fr-FR","potentialAction":[{"@type":"CommentAction","name":"Comment","target":["https:\/\/lavoixdelanation.tg\/index.php\/2025\/08\/28\/togo-lancement-du-prix-unesco-hamdan-2025-2026-pour-des-projets-innovants-en-enseignement\/#respond"]}]},{"@type":"WebPage","@id":"https:\/\/lavoixdelanation.tg\/index.php\/2025\/08\/28\/togo-lancement-du-prix-unesco-hamdan-2025-2026-pour-des-projets-innovants-en-enseignement\/","url":"https:\/\/lavoixdelanation.tg\/index.php\/2025\/08\/28\/togo-lancement-du-prix-unesco-hamdan-2025-2026-pour-des-projets-innovants-en-enseignement\/","name":"Togo\u00a0: Lancement du Prix UNESCO-Hamdan 2025-2026 pour des projets innovants en enseignement - La Voix de la Nation","isPartOf":{"@id":"https:\/\/lavoixdelanation.tg\/#website"},"primaryImageOfPage":{"@id":"https:\/\/lavoixdelanation.tg\/index.php\/2025\/08\/28\/togo-lancement-du-prix-unesco-hamdan-2025-2026-pour-des-projets-innovants-en-enseignement\/#primaryimage"},"image":{"@id":"https:\/\/lavoixdelanation.tg\/index.php\/2025\/08\/28\/togo-lancement-du-prix-unesco-hamdan-2025-2026-pour-des-projets-innovants-en-enseignement\/#primaryimage"},"thumbnailUrl":"https:\/\/lavoixdelanation.tg\/wp-content\/uploads\/2025\/08\/Lancement-du-Prix-UNESCO-Hamdan-2025-2026-au-Togo.jpg","datePublished":"2025-08-28T12:32:46+00:00","dateModified":"2025-08-28T12:32:47+00:00","breadcrumb":{"@id":"https:\/\/lavoixdelanation.tg\/index.php\/2025\/08\/28\/togo-lancement-du-prix-unesco-hamdan-2025-2026-pour-des-projets-innovants-en-enseignement\/#breadcrumb"},"inLanguage":"fr-FR","potentialAction":[{"@type":"ReadAction","target":["https:\/\/lavoixdelanation.tg\/index.php\/2025\/08\/28\/togo-lancement-du-prix-unesco-hamdan-2025-2026-pour-des-projets-innovants-en-enseignement\/"]}]},{"@type":"ImageObject","inLanguage":"fr-FR","@id":"https:\/\/lavoixdelanation.tg\/index.php\/2025\/08\/28\/togo-lancement-du-prix-unesco-hamdan-2025-2026-pour-des-projets-innovants-en-enseignement\/#primaryimage","url":"https:\/\/lavoixdelanation.tg\/wp-content\/uploads\/2025\/08\/Lancement-du-Prix-UNESCO-Hamdan-2025-2026-au-Togo.jpg","contentUrl":"https:\/\/lavoixdelanation.tg\/wp-content\/uploads\/2025\/08\/Lancement-du-Prix-UNESCO-Hamdan-2025-2026-au-Togo.jpg","width":563,"height":373},{"@type":"BreadcrumbList","@id":"https:\/\/lavoixdelanation.tg\/index.php\/2025\/08\/28\/togo-lancement-du-prix-unesco-hamdan-2025-2026-pour-des-projets-innovants-en-enseignement\/#breadcrumb","itemListElement":[{"@type":"ListItem","position":1,"name":"Accueil","item":"https:\/\/lavoixdelanation.tg\/"},{"@type":"ListItem","position":2,"name":"Togo\u00a0: Lancement du Prix UNESCO-Hamdan 2025-2026 pour des projets innovants en enseignement"}]},{"@type":"WebSite","@id":"https:\/\/lavoixdelanation.tg\/#website","url":"https:\/\/lavoixdelanation.tg\/","name":"La Voix de la Nation","description":"R\u00e9c\u00e9piss\u00e9 n\u00b00108\/HAAC\/01-2024\/pl\/P","publisher":{"@id":"https:\/\/lavoixdelanation.tg\/#organization"},"alternateName":"VON","potentialAction":[{"@type":"SearchAction","target":{"@type":"EntryPoint","urlTemplate":"https:\/\/lavoixdelanation.tg\/?s={search_term_string}"},"query-input":{"@type":"PropertyValueSpecification","valueRequired":true,"valueName":"search_term_string"}}],"inLanguage":"fr-FR"},{"@type":"Organization","@id":"https:\/\/lavoixdelanation.tg\/#organization","name":"La Voix de la Nation","url":"https:\/\/lavoixdelanation.tg\/","logo":{"@type":"ImageObject","inLanguage":"fr-FR","@id":"https:\/\/lavoixdelanation.tg\/#\/schema\/logo\/image\/","url":"https:\/\/lavoixdelanation.tg\/wp-content\/uploads\/2024\/12\/lavn-1.png","contentUrl":"https:\/\/lavoixdelanation.tg\/wp-content\/uploads\/2024\/12\/lavn-1.png","width":1024,"height":464,"caption":"La Voix de la Nation"},"image":{"@id":"https:\/\/lavoixdelanation.tg\/#\/schema\/logo\/image\/"},"sameAs":["https:\/\/www.facebook.com\/lavoixdelanation"]},{"@type":"Person","@id":"https:\/\/lavoixdelanation.tg\/#\/schema\/person\/6c489293aa38053673a9e554acb6e224","name":"La voix de la nation","image":{"@type":"ImageObject","inLanguage":"fr-FR","@id":"https:\/\/lavoixdelanation.tg\/#\/schema\/person\/image\/","url":"https:\/\/secure.gravatar.com\/avatar\/8aa135d4bbc794494cecaa8d483f6d6cc1023624868deaff686baed5e727a5a1?s=96&d=mm&r=g","contentUrl":"https:\/\/secure.gravatar.com\/avatar\/8aa135d4bbc794494cecaa8d483f6d6cc1023624868deaff686baed5e727a5a1?s=96&d=mm&r=g","caption":"La voix de la nation"},"sameAs":["https:\/\/lavoixdelanation.tg"],"url":"https:\/\/lavoixdelanation.tg\/index.php\/author\/lavn\/"}]}},"_links":{"self":[{"href":"https:\/\/lavoixdelanation.tg\/index.php\/wp-json\/wp\/v2\/posts\/8108","targetHints":{"allow":["GET"]}}],"collection":[{"href":"https:\/\/lavoixdelanation.tg\/index.php\/wp-json\/wp\/v2\/posts"}],"about":[{"href":"https:\/\/lavoixdelanation.tg\/index.php\/wp-json\/wp\/v2\/types\/post"}],"author":[{"embeddable":true,"href":"https:\/\/lavoixdelanation.tg\/index.php\/wp-json\/wp\/v2\/users\/1"}],"replies":[{"embeddable":true,"href":"https:\/\/lavoixdelanation.tg\/index.php\/wp-json\/wp\/v2\/comments?post=8108"}],"version-history":[{"count":1,"href":"https:\/\/lavoixdelanation.tg\/index.php\/wp-json\/wp\/v2\/posts\/8108\/revisions"}],"predecessor-version":[{"id":8111,"href":"https:\/\/lavoixdelanation.tg\/index.php\/wp-json\/wp\/v2\/posts\/8108\/revisions\/8111"}],"wp:featuredmedia":[{"embeddable":true,"href":"https:\/\/lavoixdelanation.tg\/index.php\/wp-json\/wp\/v2\/media\/8109"}],"wp:attachment":[{"href":"https:\/\/lavoixdelanation.tg\/index.php\/wp-json\/wp\/v2\/media?parent=8108"}],"wp:term":[{"taxonomy":"category","embeddable":true,"href":"https:\/\/lavoixdelanation.tg\/index.php\/wp-json\/wp\/v2\/categories?post=8108"},{"taxonomy":"post_tag","embeddable":true,"href":"https:\/\/lavoixdelanation.tg\/index.php\/wp-json\/wp\/v2\/tags?post=8108"}],"curies":[{"name":"wp","href":"https:\/\/api.w.org\/{rel}","templated":true}]}}