{"id":7906,"date":"2025-08-25T20:14:10","date_gmt":"2025-08-25T18:14:10","guid":{"rendered":"https:\/\/lavoixdelanation.tg\/?p=7906"},"modified":"2025-08-25T20:14:11","modified_gmt":"2025-08-25T18:14:11","slug":"le-vaccin-contre-le-paludisme-annonce-en-septembre-2025-au-togo","status":"publish","type":"post","link":"https:\/\/lavoixdelanation.tg\/index.php\/2025\/08\/25\/le-vaccin-contre-le-paludisme-annonce-en-septembre-2025-au-togo\/","title":{"rendered":"Le vaccin contre le Paludisme annonc\u00e9 en septembre 2025 au Togo"},"content":{"rendered":"\n<p><strong>Le Togo se pr\u00e9pare \u00e0 l\u2019introduction du vaccin contre le paludisme, une grande avanc\u00e9e dans la lutte contre la maladie dans le pays. Le lancement du vaccin est annonc\u00e9 pour ce mois de septembre 2025.<\/strong><\/p>\n\n\n\n<p>Le sujet \u00e9tait en effet au centre d\u2019une rencontre d\u2019\u00e9change le 21 ao\u00fbt dernier \u00e0 Yokohama au Japon en marge de la TICAD-9 entre le Pr\u00e9sident du Conseil Faure Gnassingb\u00e9 et la Directrice ex\u00e9cutive de l\u2019Alliance mondiale pour les vaccins et la vaccination (GAVI), Dr Sania Nishtar.<\/p>\n\n\n\n<p>\u00ab&nbsp;Nous avons eu un \u00e9change tr\u00e8s approfondi avec Monsieur le Pr\u00e9sident sur les modalit\u00e9s d\u2019introduction de ce vaccin. Nous avons \u00e9t\u00e9 impressionn\u00e9s par son int\u00e9r\u00eat et son engagement pour le bien-\u00eatre des enfants de son pays. J\u2019ai \u00e9t\u00e9 heureux de souligner que GAVI continuera \u00e0 \u00eatre partenaire et \u00e0 apporter son soutien&nbsp;\u00bb, a en effet indiqu\u00e9 la Directrice ex\u00e9cutive de GAVI.<\/p>\n\n\n\n<p>Elle s\u2019est f\u00e9licit\u00e9e des orientations de Faure Gnassingb\u00e9 pour une mise en \u0153uvre optimale de ce projet, avant de r\u00e9affirmer la volont\u00e9 de GAVI d\u2019accompagner le Togo dans ses efforts de consolidation d\u2019un syst\u00e8me de sant\u00e9 plus r\u00e9silient, inclusif et durable.<\/p>\n\n\n\n<p>Dr Sania Nishtar a salu\u00e9 l\u2019engagement constant du Pr\u00e9sident Faure Gnassingb\u00e9 en faveur de la sant\u00e9 publique et son leadership reconnu sur le continent en mati\u00e8re d\u2019acc\u00e8s aux vaccins.<\/p>\n\n\n\n<p>Le Togo sera ainsi le 21\u1d49 pays en Afrique, \u00e0 introduire ce vaccin sur le continent.&nbsp;Il est d\u00e9j\u00e0 d\u00e9ploy\u00e9 depuis 2022 dans plusieurs pays africains, notamment le Ghana, le Kenya, le Malawi, le Cameroun, le Burkina Faso, le B\u00e9nin.<\/p>\n\n\n\n<p>Pour rappel, le paludisme est un probl\u00e8me majeur de sant\u00e9 publique au Togo. Les strat\u00e9gies de lutte incluent la distribution de moustiquaires impr\u00e9gn\u00e9es, l&rsquo;administration de m\u00e9dicaments antipalud\u00e9ens (notamment pour la chimio-pr\u00e9vention chez les enfants) et le renforcement du diagnostic et du traitement des cas.<\/p>\n\n\n\n<p><strong>La R\u00e9daction<\/strong><\/p>\n","protected":false},"excerpt":{"rendered":"<p>Le Togo se pr\u00e9pare \u00e0 l\u2019introduction du vaccin contre le paludisme, une grande avanc\u00e9e dans la lutte contre la maladie dans le pays. Le lancement du vaccin est annonc\u00e9 pour&hellip; <\/p>\n","protected":false},"author":1,"featured_media":7907,"comment_status":"open","ping_status":"closed","sticky":false,"template":"","format":"standard","meta":{"footnotes":""},"categories":[7],"tags":[915,39,910],"class_list":["post-7906","post","type-post","status-publish","format-standard","has-post-thumbnail","hentry","category-sante","tag-paludisme","tag-togo","tag-vaccin"],"yoast_head":"<!-- This site is optimized with the Yoast SEO plugin v26.4 - https:\/\/yoast.com\/wordpress\/plugins\/seo\/ -->\n<title>Le vaccin contre le Paludisme annonc\u00e9 en septembre 2025 au Togo - La Voix de la Nation<\/title>\n<meta name=\"robots\" content=\"index, follow, max-snippet:-1, max-image-preview:large, max-video-preview:-1\" \/>\n<link rel=\"canonical\" href=\"https:\/\/lavoixdelanation.tg\/index.php\/2025\/08\/25\/le-vaccin-contre-le-paludisme-annonce-en-septembre-2025-au-togo\/\" \/>\n<meta property=\"og:locale\" content=\"fr_FR\" \/>\n<meta property=\"og:type\" content=\"article\" \/>\n<meta property=\"og:title\" content=\"Le vaccin contre le Paludisme annonc\u00e9 en septembre 2025 au Togo - La Voix de la Nation\" \/>\n<meta property=\"og:description\" content=\"Le Togo se pr\u00e9pare \u00e0 l\u2019introduction du vaccin contre le paludisme, une grande avanc\u00e9e dans la lutte contre la maladie dans le pays. Le lancement du vaccin est annonc\u00e9 pour&hellip;\" \/>\n<meta property=\"og:url\" content=\"https:\/\/lavoixdelanation.tg\/index.php\/2025\/08\/25\/le-vaccin-contre-le-paludisme-annonce-en-septembre-2025-au-togo\/\" \/>\n<meta property=\"og:site_name\" content=\"La Voix de la Nation\" \/>\n<meta property=\"article:publisher\" content=\"https:\/\/www.facebook.com\/lavoixdelanation\" \/>\n<meta property=\"article:published_time\" content=\"2025-08-25T18:14:10+00:00\" \/>\n<meta property=\"article:modified_time\" content=\"2025-08-25T18:14:11+00:00\" \/>\n<meta property=\"og:image\" content=\"https:\/\/lavoixdelanation.tg\/wp-content\/uploads\/2025\/08\/Le-vaccin-contre-le-Paludisme-annonce-en-septembre-2025-au-Togo.png\" \/>\n\t<meta property=\"og:image:width\" content=\"650\" \/>\n\t<meta property=\"og:image:height\" content=\"409\" \/>\n\t<meta property=\"og:image:type\" content=\"image\/png\" \/>\n<meta name=\"author\" content=\"La voix de la nation\" \/>\n<meta name=\"twitter:card\" content=\"summary_large_image\" \/>\n<meta name=\"twitter:label1\" content=\"\u00c9crit par\" \/>\n\t<meta name=\"twitter:data1\" content=\"La voix de la nation\" \/>\n\t<meta name=\"twitter:label2\" content=\"Dur\u00e9e de lecture estim\u00e9e\" \/>\n\t<meta name=\"twitter:data2\" content=\"2 minutes\" \/>\n<script type=\"application\/ld+json\" class=\"yoast-schema-graph\">{\"@context\":\"https:\/\/schema.org\",\"@graph\":[{\"@type\":\"Article\",\"@id\":\"https:\/\/lavoixdelanation.tg\/index.php\/2025\/08\/25\/le-vaccin-contre-le-paludisme-annonce-en-septembre-2025-au-togo\/#article\",\"isPartOf\":{\"@id\":\"https:\/\/lavoixdelanation.tg\/index.php\/2025\/08\/25\/le-vaccin-contre-le-paludisme-annonce-en-septembre-2025-au-togo\/\"},\"author\":{\"name\":\"La voix de la nation\",\"@id\":\"https:\/\/lavoixdelanation.tg\/#\/schema\/person\/6c489293aa38053673a9e554acb6e224\"},\"headline\":\"Le vaccin contre le Paludisme annonc\u00e9 en septembre 2025 au Togo\",\"datePublished\":\"2025-08-25T18:14:10+00:00\",\"dateModified\":\"2025-08-25T18:14:11+00:00\",\"mainEntityOfPage\":{\"@id\":\"https:\/\/lavoixdelanation.tg\/index.php\/2025\/08\/25\/le-vaccin-contre-le-paludisme-annonce-en-septembre-2025-au-togo\/\"},\"wordCount\":347,\"commentCount\":0,\"publisher\":{\"@id\":\"https:\/\/lavoixdelanation.tg\/#organization\"},\"image\":{\"@id\":\"https:\/\/lavoixdelanation.tg\/index.php\/2025\/08\/25\/le-vaccin-contre-le-paludisme-annonce-en-septembre-2025-au-togo\/#primaryimage\"},\"thumbnailUrl\":\"https:\/\/lavoixdelanation.tg\/wp-content\/uploads\/2025\/08\/Le-vaccin-contre-le-Paludisme-annonce-en-septembre-2025-au-Togo.png\",\"keywords\":[\"Paludisme\",\"Togo\",\"Vaccin\"],\"articleSection\":[\"Sant\u00e9\"],\"inLanguage\":\"fr-FR\",\"potentialAction\":[{\"@type\":\"CommentAction\",\"name\":\"Comment\",\"target\":[\"https:\/\/lavoixdelanation.tg\/index.php\/2025\/08\/25\/le-vaccin-contre-le-paludisme-annonce-en-septembre-2025-au-togo\/#respond\"]}]},{\"@type\":\"WebPage\",\"@id\":\"https:\/\/lavoixdelanation.tg\/index.php\/2025\/08\/25\/le-vaccin-contre-le-paludisme-annonce-en-septembre-2025-au-togo\/\",\"url\":\"https:\/\/lavoixdelanation.tg\/index.php\/2025\/08\/25\/le-vaccin-contre-le-paludisme-annonce-en-septembre-2025-au-togo\/\",\"name\":\"Le vaccin contre le Paludisme annonc\u00e9 en septembre 2025 au Togo - La Voix de la Nation\",\"isPartOf\":{\"@id\":\"https:\/\/lavoixdelanation.tg\/#website\"},\"primaryImageOfPage\":{\"@id\":\"https:\/\/lavoixdelanation.tg\/index.php\/2025\/08\/25\/le-vaccin-contre-le-paludisme-annonce-en-septembre-2025-au-togo\/#primaryimage\"},\"image\":{\"@id\":\"https:\/\/lavoixdelanation.tg\/index.php\/2025\/08\/25\/le-vaccin-contre-le-paludisme-annonce-en-septembre-2025-au-togo\/#primaryimage\"},\"thumbnailUrl\":\"https:\/\/lavoixdelanation.tg\/wp-content\/uploads\/2025\/08\/Le-vaccin-contre-le-Paludisme-annonce-en-septembre-2025-au-Togo.png\",\"datePublished\":\"2025-08-25T18:14:10+00:00\",\"dateModified\":\"2025-08-25T18:14:11+00:00\",\"breadcrumb\":{\"@id\":\"https:\/\/lavoixdelanation.tg\/index.php\/2025\/08\/25\/le-vaccin-contre-le-paludisme-annonce-en-septembre-2025-au-togo\/#breadcrumb\"},\"inLanguage\":\"fr-FR\",\"potentialAction\":[{\"@type\":\"ReadAction\",\"target\":[\"https:\/\/lavoixdelanation.tg\/index.php\/2025\/08\/25\/le-vaccin-contre-le-paludisme-annonce-en-septembre-2025-au-togo\/\"]}]},{\"@type\":\"ImageObject\",\"inLanguage\":\"fr-FR\",\"@id\":\"https:\/\/lavoixdelanation.tg\/index.php\/2025\/08\/25\/le-vaccin-contre-le-paludisme-annonce-en-septembre-2025-au-togo\/#primaryimage\",\"url\":\"https:\/\/lavoixdelanation.tg\/wp-content\/uploads\/2025\/08\/Le-vaccin-contre-le-Paludisme-annonce-en-septembre-2025-au-Togo.png\",\"contentUrl\":\"https:\/\/lavoixdelanation.tg\/wp-content\/uploads\/2025\/08\/Le-vaccin-contre-le-Paludisme-annonce-en-septembre-2025-au-Togo.png\",\"width\":650,\"height\":409},{\"@type\":\"BreadcrumbList\",\"@id\":\"https:\/\/lavoixdelanation.tg\/index.php\/2025\/08\/25\/le-vaccin-contre-le-paludisme-annonce-en-septembre-2025-au-togo\/#breadcrumb\",\"itemListElement\":[{\"@type\":\"ListItem\",\"position\":1,\"name\":\"Accueil\",\"item\":\"https:\/\/lavoixdelanation.tg\/\"},{\"@type\":\"ListItem\",\"position\":2,\"name\":\"Le vaccin contre le Paludisme annonc\u00e9 en septembre 2025 au Togo\"}]},{\"@type\":\"WebSite\",\"@id\":\"https:\/\/lavoixdelanation.tg\/#website\",\"url\":\"https:\/\/lavoixdelanation.tg\/\",\"name\":\"La Voix de la Nation\",\"description\":\"R\u00e9c\u00e9piss\u00e9 n\u00b00108\/HAAC\/01-2024\/pl\/P\",\"publisher\":{\"@id\":\"https:\/\/lavoixdelanation.tg\/#organization\"},\"alternateName\":\"VON\",\"potentialAction\":[{\"@type\":\"SearchAction\",\"target\":{\"@type\":\"EntryPoint\",\"urlTemplate\":\"https:\/\/lavoixdelanation.tg\/?s={search_term_string}\"},\"query-input\":{\"@type\":\"PropertyValueSpecification\",\"valueRequired\":true,\"valueName\":\"search_term_string\"}}],\"inLanguage\":\"fr-FR\"},{\"@type\":\"Organization\",\"@id\":\"https:\/\/lavoixdelanation.tg\/#organization\",\"name\":\"La Voix de la Nation\",\"url\":\"https:\/\/lavoixdelanation.tg\/\",\"logo\":{\"@type\":\"ImageObject\",\"inLanguage\":\"fr-FR\",\"@id\":\"https:\/\/lavoixdelanation.tg\/#\/schema\/logo\/image\/\",\"url\":\"https:\/\/lavoixdelanation.tg\/wp-content\/uploads\/2024\/12\/lavn-1.png\",\"contentUrl\":\"https:\/\/lavoixdelanation.tg\/wp-content\/uploads\/2024\/12\/lavn-1.png\",\"width\":1024,\"height\":464,\"caption\":\"La Voix de la Nation\"},\"image\":{\"@id\":\"https:\/\/lavoixdelanation.tg\/#\/schema\/logo\/image\/\"},\"sameAs\":[\"https:\/\/www.facebook.com\/lavoixdelanation\"]},{\"@type\":\"Person\",\"@id\":\"https:\/\/lavoixdelanation.tg\/#\/schema\/person\/6c489293aa38053673a9e554acb6e224\",\"name\":\"La voix de la nation\",\"image\":{\"@type\":\"ImageObject\",\"inLanguage\":\"fr-FR\",\"@id\":\"https:\/\/lavoixdelanation.tg\/#\/schema\/person\/image\/\",\"url\":\"https:\/\/secure.gravatar.com\/avatar\/8aa135d4bbc794494cecaa8d483f6d6cc1023624868deaff686baed5e727a5a1?s=96&d=mm&r=g\",\"contentUrl\":\"https:\/\/secure.gravatar.com\/avatar\/8aa135d4bbc794494cecaa8d483f6d6cc1023624868deaff686baed5e727a5a1?s=96&d=mm&r=g\",\"caption\":\"La voix de la nation\"},\"sameAs\":[\"https:\/\/lavoixdelanation.tg\"],\"url\":\"https:\/\/lavoixdelanation.tg\/index.php\/author\/lavn\/\"}]}<\/script>\n<!-- \/ Yoast SEO plugin. -->","yoast_head_json":{"title":"Le vaccin contre le Paludisme annonc\u00e9 en septembre 2025 au Togo - La Voix de la Nation","robots":{"index":"index","follow":"follow","max-snippet":"max-snippet:-1","max-image-preview":"max-image-preview:large","max-video-preview":"max-video-preview:-1"},"canonical":"https:\/\/lavoixdelanation.tg\/index.php\/2025\/08\/25\/le-vaccin-contre-le-paludisme-annonce-en-septembre-2025-au-togo\/","og_locale":"fr_FR","og_type":"article","og_title":"Le vaccin contre le Paludisme annonc\u00e9 en septembre 2025 au Togo - La Voix de la Nation","og_description":"Le Togo se pr\u00e9pare \u00e0 l\u2019introduction du vaccin contre le paludisme, une grande avanc\u00e9e dans la lutte contre la maladie dans le pays. Le lancement du vaccin est annonc\u00e9 pour&hellip;","og_url":"https:\/\/lavoixdelanation.tg\/index.php\/2025\/08\/25\/le-vaccin-contre-le-paludisme-annonce-en-septembre-2025-au-togo\/","og_site_name":"La Voix de la Nation","article_publisher":"https:\/\/www.facebook.com\/lavoixdelanation","article_published_time":"2025-08-25T18:14:10+00:00","article_modified_time":"2025-08-25T18:14:11+00:00","og_image":[{"width":650,"height":409,"url":"https:\/\/lavoixdelanation.tg\/wp-content\/uploads\/2025\/08\/Le-vaccin-contre-le-Paludisme-annonce-en-septembre-2025-au-Togo.png","type":"image\/png"}],"author":"La voix de la nation","twitter_card":"summary_large_image","twitter_misc":{"\u00c9crit par":"La voix de la nation","Dur\u00e9e de lecture estim\u00e9e":"2 minutes"},"schema":{"@context":"https:\/\/schema.org","@graph":[{"@type":"Article","@id":"https:\/\/lavoixdelanation.tg\/index.php\/2025\/08\/25\/le-vaccin-contre-le-paludisme-annonce-en-septembre-2025-au-togo\/#article","isPartOf":{"@id":"https:\/\/lavoixdelanation.tg\/index.php\/2025\/08\/25\/le-vaccin-contre-le-paludisme-annonce-en-septembre-2025-au-togo\/"},"author":{"name":"La voix de la nation","@id":"https:\/\/lavoixdelanation.tg\/#\/schema\/person\/6c489293aa38053673a9e554acb6e224"},"headline":"Le vaccin contre le Paludisme annonc\u00e9 en septembre 2025 au Togo","datePublished":"2025-08-25T18:14:10+00:00","dateModified":"2025-08-25T18:14:11+00:00","mainEntityOfPage":{"@id":"https:\/\/lavoixdelanation.tg\/index.php\/2025\/08\/25\/le-vaccin-contre-le-paludisme-annonce-en-septembre-2025-au-togo\/"},"wordCount":347,"commentCount":0,"publisher":{"@id":"https:\/\/lavoixdelanation.tg\/#organization"},"image":{"@id":"https:\/\/lavoixdelanation.tg\/index.php\/2025\/08\/25\/le-vaccin-contre-le-paludisme-annonce-en-septembre-2025-au-togo\/#primaryimage"},"thumbnailUrl":"https:\/\/lavoixdelanation.tg\/wp-content\/uploads\/2025\/08\/Le-vaccin-contre-le-Paludisme-annonce-en-septembre-2025-au-Togo.png","keywords":["Paludisme","Togo","Vaccin"],"articleSection":["Sant\u00e9"],"inLanguage":"fr-FR","potentialAction":[{"@type":"CommentAction","name":"Comment","target":["https:\/\/lavoixdelanation.tg\/index.php\/2025\/08\/25\/le-vaccin-contre-le-paludisme-annonce-en-septembre-2025-au-togo\/#respond"]}]},{"@type":"WebPage","@id":"https:\/\/lavoixdelanation.tg\/index.php\/2025\/08\/25\/le-vaccin-contre-le-paludisme-annonce-en-septembre-2025-au-togo\/","url":"https:\/\/lavoixdelanation.tg\/index.php\/2025\/08\/25\/le-vaccin-contre-le-paludisme-annonce-en-septembre-2025-au-togo\/","name":"Le vaccin contre le Paludisme annonc\u00e9 en septembre 2025 au Togo - La Voix de la Nation","isPartOf":{"@id":"https:\/\/lavoixdelanation.tg\/#website"},"primaryImageOfPage":{"@id":"https:\/\/lavoixdelanation.tg\/index.php\/2025\/08\/25\/le-vaccin-contre-le-paludisme-annonce-en-septembre-2025-au-togo\/#primaryimage"},"image":{"@id":"https:\/\/lavoixdelanation.tg\/index.php\/2025\/08\/25\/le-vaccin-contre-le-paludisme-annonce-en-septembre-2025-au-togo\/#primaryimage"},"thumbnailUrl":"https:\/\/lavoixdelanation.tg\/wp-content\/uploads\/2025\/08\/Le-vaccin-contre-le-Paludisme-annonce-en-septembre-2025-au-Togo.png","datePublished":"2025-08-25T18:14:10+00:00","dateModified":"2025-08-25T18:14:11+00:00","breadcrumb":{"@id":"https:\/\/lavoixdelanation.tg\/index.php\/2025\/08\/25\/le-vaccin-contre-le-paludisme-annonce-en-septembre-2025-au-togo\/#breadcrumb"},"inLanguage":"fr-FR","potentialAction":[{"@type":"ReadAction","target":["https:\/\/lavoixdelanation.tg\/index.php\/2025\/08\/25\/le-vaccin-contre-le-paludisme-annonce-en-septembre-2025-au-togo\/"]}]},{"@type":"ImageObject","inLanguage":"fr-FR","@id":"https:\/\/lavoixdelanation.tg\/index.php\/2025\/08\/25\/le-vaccin-contre-le-paludisme-annonce-en-septembre-2025-au-togo\/#primaryimage","url":"https:\/\/lavoixdelanation.tg\/wp-content\/uploads\/2025\/08\/Le-vaccin-contre-le-Paludisme-annonce-en-septembre-2025-au-Togo.png","contentUrl":"https:\/\/lavoixdelanation.tg\/wp-content\/uploads\/2025\/08\/Le-vaccin-contre-le-Paludisme-annonce-en-septembre-2025-au-Togo.png","width":650,"height":409},{"@type":"BreadcrumbList","@id":"https:\/\/lavoixdelanation.tg\/index.php\/2025\/08\/25\/le-vaccin-contre-le-paludisme-annonce-en-septembre-2025-au-togo\/#breadcrumb","itemListElement":[{"@type":"ListItem","position":1,"name":"Accueil","item":"https:\/\/lavoixdelanation.tg\/"},{"@type":"ListItem","position":2,"name":"Le vaccin contre le Paludisme annonc\u00e9 en septembre 2025 au Togo"}]},{"@type":"WebSite","@id":"https:\/\/lavoixdelanation.tg\/#website","url":"https:\/\/lavoixdelanation.tg\/","name":"La Voix de la Nation","description":"R\u00e9c\u00e9piss\u00e9 n\u00b00108\/HAAC\/01-2024\/pl\/P","publisher":{"@id":"https:\/\/lavoixdelanation.tg\/#organization"},"alternateName":"VON","potentialAction":[{"@type":"SearchAction","target":{"@type":"EntryPoint","urlTemplate":"https:\/\/lavoixdelanation.tg\/?s={search_term_string}"},"query-input":{"@type":"PropertyValueSpecification","valueRequired":true,"valueName":"search_term_string"}}],"inLanguage":"fr-FR"},{"@type":"Organization","@id":"https:\/\/lavoixdelanation.tg\/#organization","name":"La Voix de la Nation","url":"https:\/\/lavoixdelanation.tg\/","logo":{"@type":"ImageObject","inLanguage":"fr-FR","@id":"https:\/\/lavoixdelanation.tg\/#\/schema\/logo\/image\/","url":"https:\/\/lavoixdelanation.tg\/wp-content\/uploads\/2024\/12\/lavn-1.png","contentUrl":"https:\/\/lavoixdelanation.tg\/wp-content\/uploads\/2024\/12\/lavn-1.png","width":1024,"height":464,"caption":"La Voix de la Nation"},"image":{"@id":"https:\/\/lavoixdelanation.tg\/#\/schema\/logo\/image\/"},"sameAs":["https:\/\/www.facebook.com\/lavoixdelanation"]},{"@type":"Person","@id":"https:\/\/lavoixdelanation.tg\/#\/schema\/person\/6c489293aa38053673a9e554acb6e224","name":"La voix de la nation","image":{"@type":"ImageObject","inLanguage":"fr-FR","@id":"https:\/\/lavoixdelanation.tg\/#\/schema\/person\/image\/","url":"https:\/\/secure.gravatar.com\/avatar\/8aa135d4bbc794494cecaa8d483f6d6cc1023624868deaff686baed5e727a5a1?s=96&d=mm&r=g","contentUrl":"https:\/\/secure.gravatar.com\/avatar\/8aa135d4bbc794494cecaa8d483f6d6cc1023624868deaff686baed5e727a5a1?s=96&d=mm&r=g","caption":"La voix de la nation"},"sameAs":["https:\/\/lavoixdelanation.tg"],"url":"https:\/\/lavoixdelanation.tg\/index.php\/author\/lavn\/"}]}},"_links":{"self":[{"href":"https:\/\/lavoixdelanation.tg\/index.php\/wp-json\/wp\/v2\/posts\/7906","targetHints":{"allow":["GET"]}}],"collection":[{"href":"https:\/\/lavoixdelanation.tg\/index.php\/wp-json\/wp\/v2\/posts"}],"about":[{"href":"https:\/\/lavoixdelanation.tg\/index.php\/wp-json\/wp\/v2\/types\/post"}],"author":[{"embeddable":true,"href":"https:\/\/lavoixdelanation.tg\/index.php\/wp-json\/wp\/v2\/users\/1"}],"replies":[{"embeddable":true,"href":"https:\/\/lavoixdelanation.tg\/index.php\/wp-json\/wp\/v2\/comments?post=7906"}],"version-history":[{"count":1,"href":"https:\/\/lavoixdelanation.tg\/index.php\/wp-json\/wp\/v2\/posts\/7906\/revisions"}],"predecessor-version":[{"id":7908,"href":"https:\/\/lavoixdelanation.tg\/index.php\/wp-json\/wp\/v2\/posts\/7906\/revisions\/7908"}],"wp:featuredmedia":[{"embeddable":true,"href":"https:\/\/lavoixdelanation.tg\/index.php\/wp-json\/wp\/v2\/media\/7907"}],"wp:attachment":[{"href":"https:\/\/lavoixdelanation.tg\/index.php\/wp-json\/wp\/v2\/media?parent=7906"}],"wp:term":[{"taxonomy":"category","embeddable":true,"href":"https:\/\/lavoixdelanation.tg\/index.php\/wp-json\/wp\/v2\/categories?post=7906"},{"taxonomy":"post_tag","embeddable":true,"href":"https:\/\/lavoixdelanation.tg\/index.php\/wp-json\/wp\/v2\/tags?post=7906"}],"curies":[{"name":"wp","href":"https:\/\/api.w.org\/{rel}","templated":true}]}}