{"id":7568,"date":"2025-08-23T17:37:50","date_gmt":"2025-08-23T15:37:50","guid":{"rendered":"https:\/\/lavoixdelanation.tg\/?p=7568"},"modified":"2025-08-24T17:40:50","modified_gmt":"2025-08-24T15:40:50","slug":"paix-en-afrique-le-burundi-salue-le-leadership-de-faure-gnassingbe","status":"publish","type":"post","link":"https:\/\/lavoixdelanation.tg\/index.php\/2025\/08\/23\/paix-en-afrique-le-burundi-salue-le-leadership-de-faure-gnassingbe\/","title":{"rendered":"Paix en Afrique\u00a0: Le Burundi salue le leadership de Faure Gnassingb\u00e9"},"content":{"rendered":"\n<p><strong>En s\u00e9jour \u00e0 Yokohama dans le cadre de la TICAD9, le Pr\u00e9sident du Conseil, Faure Gnassingb\u00e9 a re\u00e7u ce 21 ao\u00fbt 2025 \u00e0 Yokohama au Japon, le Pr\u00e9sident burundais Evariste Ndayishimiye.<\/strong><\/p>\n\n\n\n<p>Les deux dirigeants ont abord\u00e9 plusieurs sujets d\u2019int\u00e9r\u00eat commun, notamment sur les enjeux de paix et de s\u00e9curit\u00e9 en Afrique centrale et dans la r\u00e9gion des Grands Lacs.<\/p>\n\n\n\n<p>Le Pr\u00e9sident Evariste Ndayishimiye a salu\u00e9 l\u2019engagement du Pr\u00e9sident du Conseil, Faure Gnassingb\u00e9, dans les initiatives de m\u00e9diation r\u00e9gionale, soulignant ainsi l\u2019importance d\u2019une synergie d\u2019actions pour pr\u00e9server la paix et la stabilit\u00e9 sur le continent.<\/p>\n\n\n\n<p>Les discussions ont \u00e9galement port\u00e9 sur le renforcement de la coop\u00e9ration entre le Togo et le Burundi.<\/p>\n","protected":false},"excerpt":{"rendered":"<p>En s\u00e9jour \u00e0 Yokohama dans le cadre de la TICAD9, le Pr\u00e9sident du Conseil, Faure Gnassingb\u00e9 a re\u00e7u ce 21 ao\u00fbt 2025 \u00e0 Yokohama au Japon, le Pr\u00e9sident burundais Evariste&hellip; <\/p>\n","protected":false},"author":1,"featured_media":7569,"comment_status":"open","ping_status":"closed","sticky":false,"template":"","format":"standard","meta":{"footnotes":""},"categories":[12],"tags":[45,914],"class_list":["post-7568","post","type-post","status-publish","format-standard","has-post-thumbnail","hentry","category-diplomatie","tag-faure-gnassingbe","tag-paix-en-afrique"],"yoast_head":"<!-- This site is optimized with the Yoast SEO plugin v26.4 - https:\/\/yoast.com\/wordpress\/plugins\/seo\/ -->\n<title>Paix en Afrique\u00a0: Le Burundi salue le leadership de Faure Gnassingb\u00e9 - La Voix de la Nation<\/title>\n<meta name=\"robots\" content=\"index, follow, max-snippet:-1, max-image-preview:large, max-video-preview:-1\" \/>\n<link rel=\"canonical\" href=\"https:\/\/lavoixdelanation.tg\/index.php\/2025\/08\/23\/paix-en-afrique-le-burundi-salue-le-leadership-de-faure-gnassingbe\/\" \/>\n<meta property=\"og:locale\" content=\"fr_FR\" \/>\n<meta property=\"og:type\" content=\"article\" \/>\n<meta property=\"og:title\" content=\"Paix en Afrique\u00a0: Le Burundi salue le leadership de Faure Gnassingb\u00e9 - La Voix de la Nation\" \/>\n<meta property=\"og:description\" content=\"En s\u00e9jour \u00e0 Yokohama dans le cadre de la TICAD9, le Pr\u00e9sident du Conseil, Faure Gnassingb\u00e9 a re\u00e7u ce 21 ao\u00fbt 2025 \u00e0 Yokohama au Japon, le Pr\u00e9sident burundais Evariste&hellip;\" \/>\n<meta property=\"og:url\" content=\"https:\/\/lavoixdelanation.tg\/index.php\/2025\/08\/23\/paix-en-afrique-le-burundi-salue-le-leadership-de-faure-gnassingbe\/\" \/>\n<meta property=\"og:site_name\" content=\"La Voix de la Nation\" \/>\n<meta property=\"article:publisher\" content=\"https:\/\/www.facebook.com\/lavoixdelanation\" \/>\n<meta property=\"article:published_time\" content=\"2025-08-23T15:37:50+00:00\" \/>\n<meta property=\"article:modified_time\" content=\"2025-08-24T15:40:50+00:00\" \/>\n<meta property=\"og:image\" content=\"https:\/\/lavoixdelanation.tg\/wp-content\/uploads\/2025\/08\/Evariste-Ndayishimiye-a-gauche-et-Faure-Gnassingbe.jpg\" \/>\n\t<meta property=\"og:image:width\" content=\"800\" \/>\n\t<meta property=\"og:image:height\" content=\"586\" \/>\n\t<meta property=\"og:image:type\" content=\"image\/jpeg\" \/>\n<meta name=\"author\" content=\"La voix de la nation\" \/>\n<meta name=\"twitter:card\" content=\"summary_large_image\" \/>\n<meta name=\"twitter:label1\" content=\"\u00c9crit par\" \/>\n\t<meta name=\"twitter:data1\" content=\"La voix de la nation\" \/>\n\t<meta name=\"twitter:label2\" content=\"Dur\u00e9e de lecture estim\u00e9e\" \/>\n\t<meta name=\"twitter:data2\" content=\"1 minute\" \/>\n<script type=\"application\/ld+json\" class=\"yoast-schema-graph\">{\"@context\":\"https:\/\/schema.org\",\"@graph\":[{\"@type\":\"Article\",\"@id\":\"https:\/\/lavoixdelanation.tg\/index.php\/2025\/08\/23\/paix-en-afrique-le-burundi-salue-le-leadership-de-faure-gnassingbe\/#article\",\"isPartOf\":{\"@id\":\"https:\/\/lavoixdelanation.tg\/index.php\/2025\/08\/23\/paix-en-afrique-le-burundi-salue-le-leadership-de-faure-gnassingbe\/\"},\"author\":{\"name\":\"La voix de la nation\",\"@id\":\"https:\/\/lavoixdelanation.tg\/#\/schema\/person\/6c489293aa38053673a9e554acb6e224\"},\"headline\":\"Paix en Afrique\u00a0: Le Burundi salue le leadership de Faure Gnassingb\u00e9\",\"datePublished\":\"2025-08-23T15:37:50+00:00\",\"dateModified\":\"2025-08-24T15:40:50+00:00\",\"mainEntityOfPage\":{\"@id\":\"https:\/\/lavoixdelanation.tg\/index.php\/2025\/08\/23\/paix-en-afrique-le-burundi-salue-le-leadership-de-faure-gnassingbe\/\"},\"wordCount\":138,\"commentCount\":0,\"publisher\":{\"@id\":\"https:\/\/lavoixdelanation.tg\/#organization\"},\"image\":{\"@id\":\"https:\/\/lavoixdelanation.tg\/index.php\/2025\/08\/23\/paix-en-afrique-le-burundi-salue-le-leadership-de-faure-gnassingbe\/#primaryimage\"},\"thumbnailUrl\":\"https:\/\/lavoixdelanation.tg\/wp-content\/uploads\/2025\/08\/Evariste-Ndayishimiye-a-gauche-et-Faure-Gnassingbe.jpg\",\"keywords\":[\"Faure Gnassingb\u00e9\",\"Paix en Afrique\"],\"articleSection\":[\"Diplomatie\"],\"inLanguage\":\"fr-FR\",\"potentialAction\":[{\"@type\":\"CommentAction\",\"name\":\"Comment\",\"target\":[\"https:\/\/lavoixdelanation.tg\/index.php\/2025\/08\/23\/paix-en-afrique-le-burundi-salue-le-leadership-de-faure-gnassingbe\/#respond\"]}]},{\"@type\":\"WebPage\",\"@id\":\"https:\/\/lavoixdelanation.tg\/index.php\/2025\/08\/23\/paix-en-afrique-le-burundi-salue-le-leadership-de-faure-gnassingbe\/\",\"url\":\"https:\/\/lavoixdelanation.tg\/index.php\/2025\/08\/23\/paix-en-afrique-le-burundi-salue-le-leadership-de-faure-gnassingbe\/\",\"name\":\"Paix en Afrique\u00a0: Le Burundi salue le leadership de Faure Gnassingb\u00e9 - La Voix de la Nation\",\"isPartOf\":{\"@id\":\"https:\/\/lavoixdelanation.tg\/#website\"},\"primaryImageOfPage\":{\"@id\":\"https:\/\/lavoixdelanation.tg\/index.php\/2025\/08\/23\/paix-en-afrique-le-burundi-salue-le-leadership-de-faure-gnassingbe\/#primaryimage\"},\"image\":{\"@id\":\"https:\/\/lavoixdelanation.tg\/index.php\/2025\/08\/23\/paix-en-afrique-le-burundi-salue-le-leadership-de-faure-gnassingbe\/#primaryimage\"},\"thumbnailUrl\":\"https:\/\/lavoixdelanation.tg\/wp-content\/uploads\/2025\/08\/Evariste-Ndayishimiye-a-gauche-et-Faure-Gnassingbe.jpg\",\"datePublished\":\"2025-08-23T15:37:50+00:00\",\"dateModified\":\"2025-08-24T15:40:50+00:00\",\"breadcrumb\":{\"@id\":\"https:\/\/lavoixdelanation.tg\/index.php\/2025\/08\/23\/paix-en-afrique-le-burundi-salue-le-leadership-de-faure-gnassingbe\/#breadcrumb\"},\"inLanguage\":\"fr-FR\",\"potentialAction\":[{\"@type\":\"ReadAction\",\"target\":[\"https:\/\/lavoixdelanation.tg\/index.php\/2025\/08\/23\/paix-en-afrique-le-burundi-salue-le-leadership-de-faure-gnassingbe\/\"]}]},{\"@type\":\"ImageObject\",\"inLanguage\":\"fr-FR\",\"@id\":\"https:\/\/lavoixdelanation.tg\/index.php\/2025\/08\/23\/paix-en-afrique-le-burundi-salue-le-leadership-de-faure-gnassingbe\/#primaryimage\",\"url\":\"https:\/\/lavoixdelanation.tg\/wp-content\/uploads\/2025\/08\/Evariste-Ndayishimiye-a-gauche-et-Faure-Gnassingbe.jpg\",\"contentUrl\":\"https:\/\/lavoixdelanation.tg\/wp-content\/uploads\/2025\/08\/Evariste-Ndayishimiye-a-gauche-et-Faure-Gnassingbe.jpg\",\"width\":800,\"height\":586,\"caption\":\"Evariste Ndayishimiye (\u00e0 gauche) et Faure Gnassingb\u00e9\"},{\"@type\":\"BreadcrumbList\",\"@id\":\"https:\/\/lavoixdelanation.tg\/index.php\/2025\/08\/23\/paix-en-afrique-le-burundi-salue-le-leadership-de-faure-gnassingbe\/#breadcrumb\",\"itemListElement\":[{\"@type\":\"ListItem\",\"position\":1,\"name\":\"Accueil\",\"item\":\"https:\/\/lavoixdelanation.tg\/\"},{\"@type\":\"ListItem\",\"position\":2,\"name\":\"Paix en Afrique\u00a0: Le Burundi salue le leadership de Faure Gnassingb\u00e9\"}]},{\"@type\":\"WebSite\",\"@id\":\"https:\/\/lavoixdelanation.tg\/#website\",\"url\":\"https:\/\/lavoixdelanation.tg\/\",\"name\":\"La Voix de la Nation\",\"description\":\"R\u00e9c\u00e9piss\u00e9 n\u00b00108\/HAAC\/01-2024\/pl\/P\",\"publisher\":{\"@id\":\"https:\/\/lavoixdelanation.tg\/#organization\"},\"alternateName\":\"VON\",\"potentialAction\":[{\"@type\":\"SearchAction\",\"target\":{\"@type\":\"EntryPoint\",\"urlTemplate\":\"https:\/\/lavoixdelanation.tg\/?s={search_term_string}\"},\"query-input\":{\"@type\":\"PropertyValueSpecification\",\"valueRequired\":true,\"valueName\":\"search_term_string\"}}],\"inLanguage\":\"fr-FR\"},{\"@type\":\"Organization\",\"@id\":\"https:\/\/lavoixdelanation.tg\/#organization\",\"name\":\"La Voix de la Nation\",\"url\":\"https:\/\/lavoixdelanation.tg\/\",\"logo\":{\"@type\":\"ImageObject\",\"inLanguage\":\"fr-FR\",\"@id\":\"https:\/\/lavoixdelanation.tg\/#\/schema\/logo\/image\/\",\"url\":\"https:\/\/lavoixdelanation.tg\/wp-content\/uploads\/2024\/12\/lavn-1.png\",\"contentUrl\":\"https:\/\/lavoixdelanation.tg\/wp-content\/uploads\/2024\/12\/lavn-1.png\",\"width\":1024,\"height\":464,\"caption\":\"La Voix de la Nation\"},\"image\":{\"@id\":\"https:\/\/lavoixdelanation.tg\/#\/schema\/logo\/image\/\"},\"sameAs\":[\"https:\/\/www.facebook.com\/lavoixdelanation\"]},{\"@type\":\"Person\",\"@id\":\"https:\/\/lavoixdelanation.tg\/#\/schema\/person\/6c489293aa38053673a9e554acb6e224\",\"name\":\"La voix de la nation\",\"image\":{\"@type\":\"ImageObject\",\"inLanguage\":\"fr-FR\",\"@id\":\"https:\/\/lavoixdelanation.tg\/#\/schema\/person\/image\/\",\"url\":\"https:\/\/secure.gravatar.com\/avatar\/8aa135d4bbc794494cecaa8d483f6d6cc1023624868deaff686baed5e727a5a1?s=96&d=mm&r=g\",\"contentUrl\":\"https:\/\/secure.gravatar.com\/avatar\/8aa135d4bbc794494cecaa8d483f6d6cc1023624868deaff686baed5e727a5a1?s=96&d=mm&r=g\",\"caption\":\"La voix de la nation\"},\"sameAs\":[\"https:\/\/lavoixdelanation.tg\"],\"url\":\"https:\/\/lavoixdelanation.tg\/index.php\/author\/lavn\/\"}]}<\/script>\n<!-- \/ Yoast SEO plugin. -->","yoast_head_json":{"title":"Paix en Afrique\u00a0: Le Burundi salue le leadership de Faure Gnassingb\u00e9 - La Voix de la Nation","robots":{"index":"index","follow":"follow","max-snippet":"max-snippet:-1","max-image-preview":"max-image-preview:large","max-video-preview":"max-video-preview:-1"},"canonical":"https:\/\/lavoixdelanation.tg\/index.php\/2025\/08\/23\/paix-en-afrique-le-burundi-salue-le-leadership-de-faure-gnassingbe\/","og_locale":"fr_FR","og_type":"article","og_title":"Paix en Afrique\u00a0: Le Burundi salue le leadership de Faure Gnassingb\u00e9 - La Voix de la Nation","og_description":"En s\u00e9jour \u00e0 Yokohama dans le cadre de la TICAD9, le Pr\u00e9sident du Conseil, Faure Gnassingb\u00e9 a re\u00e7u ce 21 ao\u00fbt 2025 \u00e0 Yokohama au Japon, le Pr\u00e9sident burundais Evariste&hellip;","og_url":"https:\/\/lavoixdelanation.tg\/index.php\/2025\/08\/23\/paix-en-afrique-le-burundi-salue-le-leadership-de-faure-gnassingbe\/","og_site_name":"La Voix de la Nation","article_publisher":"https:\/\/www.facebook.com\/lavoixdelanation","article_published_time":"2025-08-23T15:37:50+00:00","article_modified_time":"2025-08-24T15:40:50+00:00","og_image":[{"width":800,"height":586,"url":"https:\/\/lavoixdelanation.tg\/wp-content\/uploads\/2025\/08\/Evariste-Ndayishimiye-a-gauche-et-Faure-Gnassingbe.jpg","type":"image\/jpeg"}],"author":"La voix de la nation","twitter_card":"summary_large_image","twitter_misc":{"\u00c9crit par":"La voix de la nation","Dur\u00e9e de lecture estim\u00e9e":"1 minute"},"schema":{"@context":"https:\/\/schema.org","@graph":[{"@type":"Article","@id":"https:\/\/lavoixdelanation.tg\/index.php\/2025\/08\/23\/paix-en-afrique-le-burundi-salue-le-leadership-de-faure-gnassingbe\/#article","isPartOf":{"@id":"https:\/\/lavoixdelanation.tg\/index.php\/2025\/08\/23\/paix-en-afrique-le-burundi-salue-le-leadership-de-faure-gnassingbe\/"},"author":{"name":"La voix de la nation","@id":"https:\/\/lavoixdelanation.tg\/#\/schema\/person\/6c489293aa38053673a9e554acb6e224"},"headline":"Paix en Afrique\u00a0: Le Burundi salue le leadership de Faure Gnassingb\u00e9","datePublished":"2025-08-23T15:37:50+00:00","dateModified":"2025-08-24T15:40:50+00:00","mainEntityOfPage":{"@id":"https:\/\/lavoixdelanation.tg\/index.php\/2025\/08\/23\/paix-en-afrique-le-burundi-salue-le-leadership-de-faure-gnassingbe\/"},"wordCount":138,"commentCount":0,"publisher":{"@id":"https:\/\/lavoixdelanation.tg\/#organization"},"image":{"@id":"https:\/\/lavoixdelanation.tg\/index.php\/2025\/08\/23\/paix-en-afrique-le-burundi-salue-le-leadership-de-faure-gnassingbe\/#primaryimage"},"thumbnailUrl":"https:\/\/lavoixdelanation.tg\/wp-content\/uploads\/2025\/08\/Evariste-Ndayishimiye-a-gauche-et-Faure-Gnassingbe.jpg","keywords":["Faure Gnassingb\u00e9","Paix en Afrique"],"articleSection":["Diplomatie"],"inLanguage":"fr-FR","potentialAction":[{"@type":"CommentAction","name":"Comment","target":["https:\/\/lavoixdelanation.tg\/index.php\/2025\/08\/23\/paix-en-afrique-le-burundi-salue-le-leadership-de-faure-gnassingbe\/#respond"]}]},{"@type":"WebPage","@id":"https:\/\/lavoixdelanation.tg\/index.php\/2025\/08\/23\/paix-en-afrique-le-burundi-salue-le-leadership-de-faure-gnassingbe\/","url":"https:\/\/lavoixdelanation.tg\/index.php\/2025\/08\/23\/paix-en-afrique-le-burundi-salue-le-leadership-de-faure-gnassingbe\/","name":"Paix en Afrique\u00a0: Le Burundi salue le leadership de Faure Gnassingb\u00e9 - La Voix de la Nation","isPartOf":{"@id":"https:\/\/lavoixdelanation.tg\/#website"},"primaryImageOfPage":{"@id":"https:\/\/lavoixdelanation.tg\/index.php\/2025\/08\/23\/paix-en-afrique-le-burundi-salue-le-leadership-de-faure-gnassingbe\/#primaryimage"},"image":{"@id":"https:\/\/lavoixdelanation.tg\/index.php\/2025\/08\/23\/paix-en-afrique-le-burundi-salue-le-leadership-de-faure-gnassingbe\/#primaryimage"},"thumbnailUrl":"https:\/\/lavoixdelanation.tg\/wp-content\/uploads\/2025\/08\/Evariste-Ndayishimiye-a-gauche-et-Faure-Gnassingbe.jpg","datePublished":"2025-08-23T15:37:50+00:00","dateModified":"2025-08-24T15:40:50+00:00","breadcrumb":{"@id":"https:\/\/lavoixdelanation.tg\/index.php\/2025\/08\/23\/paix-en-afrique-le-burundi-salue-le-leadership-de-faure-gnassingbe\/#breadcrumb"},"inLanguage":"fr-FR","potentialAction":[{"@type":"ReadAction","target":["https:\/\/lavoixdelanation.tg\/index.php\/2025\/08\/23\/paix-en-afrique-le-burundi-salue-le-leadership-de-faure-gnassingbe\/"]}]},{"@type":"ImageObject","inLanguage":"fr-FR","@id":"https:\/\/lavoixdelanation.tg\/index.php\/2025\/08\/23\/paix-en-afrique-le-burundi-salue-le-leadership-de-faure-gnassingbe\/#primaryimage","url":"https:\/\/lavoixdelanation.tg\/wp-content\/uploads\/2025\/08\/Evariste-Ndayishimiye-a-gauche-et-Faure-Gnassingbe.jpg","contentUrl":"https:\/\/lavoixdelanation.tg\/wp-content\/uploads\/2025\/08\/Evariste-Ndayishimiye-a-gauche-et-Faure-Gnassingbe.jpg","width":800,"height":586,"caption":"Evariste Ndayishimiye (\u00e0 gauche) et Faure Gnassingb\u00e9"},{"@type":"BreadcrumbList","@id":"https:\/\/lavoixdelanation.tg\/index.php\/2025\/08\/23\/paix-en-afrique-le-burundi-salue-le-leadership-de-faure-gnassingbe\/#breadcrumb","itemListElement":[{"@type":"ListItem","position":1,"name":"Accueil","item":"https:\/\/lavoixdelanation.tg\/"},{"@type":"ListItem","position":2,"name":"Paix en Afrique\u00a0: Le Burundi salue le leadership de Faure Gnassingb\u00e9"}]},{"@type":"WebSite","@id":"https:\/\/lavoixdelanation.tg\/#website","url":"https:\/\/lavoixdelanation.tg\/","name":"La Voix de la Nation","description":"R\u00e9c\u00e9piss\u00e9 n\u00b00108\/HAAC\/01-2024\/pl\/P","publisher":{"@id":"https:\/\/lavoixdelanation.tg\/#organization"},"alternateName":"VON","potentialAction":[{"@type":"SearchAction","target":{"@type":"EntryPoint","urlTemplate":"https:\/\/lavoixdelanation.tg\/?s={search_term_string}"},"query-input":{"@type":"PropertyValueSpecification","valueRequired":true,"valueName":"search_term_string"}}],"inLanguage":"fr-FR"},{"@type":"Organization","@id":"https:\/\/lavoixdelanation.tg\/#organization","name":"La Voix de la Nation","url":"https:\/\/lavoixdelanation.tg\/","logo":{"@type":"ImageObject","inLanguage":"fr-FR","@id":"https:\/\/lavoixdelanation.tg\/#\/schema\/logo\/image\/","url":"https:\/\/lavoixdelanation.tg\/wp-content\/uploads\/2024\/12\/lavn-1.png","contentUrl":"https:\/\/lavoixdelanation.tg\/wp-content\/uploads\/2024\/12\/lavn-1.png","width":1024,"height":464,"caption":"La Voix de la Nation"},"image":{"@id":"https:\/\/lavoixdelanation.tg\/#\/schema\/logo\/image\/"},"sameAs":["https:\/\/www.facebook.com\/lavoixdelanation"]},{"@type":"Person","@id":"https:\/\/lavoixdelanation.tg\/#\/schema\/person\/6c489293aa38053673a9e554acb6e224","name":"La voix de la nation","image":{"@type":"ImageObject","inLanguage":"fr-FR","@id":"https:\/\/lavoixdelanation.tg\/#\/schema\/person\/image\/","url":"https:\/\/secure.gravatar.com\/avatar\/8aa135d4bbc794494cecaa8d483f6d6cc1023624868deaff686baed5e727a5a1?s=96&d=mm&r=g","contentUrl":"https:\/\/secure.gravatar.com\/avatar\/8aa135d4bbc794494cecaa8d483f6d6cc1023624868deaff686baed5e727a5a1?s=96&d=mm&r=g","caption":"La voix de la nation"},"sameAs":["https:\/\/lavoixdelanation.tg"],"url":"https:\/\/lavoixdelanation.tg\/index.php\/author\/lavn\/"}]}},"_links":{"self":[{"href":"https:\/\/lavoixdelanation.tg\/index.php\/wp-json\/wp\/v2\/posts\/7568","targetHints":{"allow":["GET"]}}],"collection":[{"href":"https:\/\/lavoixdelanation.tg\/index.php\/wp-json\/wp\/v2\/posts"}],"about":[{"href":"https:\/\/lavoixdelanation.tg\/index.php\/wp-json\/wp\/v2\/types\/post"}],"author":[{"embeddable":true,"href":"https:\/\/lavoixdelanation.tg\/index.php\/wp-json\/wp\/v2\/users\/1"}],"replies":[{"embeddable":true,"href":"https:\/\/lavoixdelanation.tg\/index.php\/wp-json\/wp\/v2\/comments?post=7568"}],"version-history":[{"count":1,"href":"https:\/\/lavoixdelanation.tg\/index.php\/wp-json\/wp\/v2\/posts\/7568\/revisions"}],"predecessor-version":[{"id":7570,"href":"https:\/\/lavoixdelanation.tg\/index.php\/wp-json\/wp\/v2\/posts\/7568\/revisions\/7570"}],"wp:featuredmedia":[{"embeddable":true,"href":"https:\/\/lavoixdelanation.tg\/index.php\/wp-json\/wp\/v2\/media\/7569"}],"wp:attachment":[{"href":"https:\/\/lavoixdelanation.tg\/index.php\/wp-json\/wp\/v2\/media?parent=7568"}],"wp:term":[{"taxonomy":"category","embeddable":true,"href":"https:\/\/lavoixdelanation.tg\/index.php\/wp-json\/wp\/v2\/categories?post=7568"},{"taxonomy":"post_tag","embeddable":true,"href":"https:\/\/lavoixdelanation.tg\/index.php\/wp-json\/wp\/v2\/tags?post=7568"}],"curies":[{"name":"wp","href":"https:\/\/api.w.org\/{rel}","templated":true}]}}