{"id":7514,"date":"2025-08-21T10:49:55","date_gmt":"2025-08-21T08:49:55","guid":{"rendered":"https:\/\/lavoixdelanation.tg\/?p=7514"},"modified":"2025-08-24T10:54:03","modified_gmt":"2025-08-24T08:54:03","slug":"le-togo-en-operation-de-charme-a-lexposition-universelle-2025-dosaka-au-japon","status":"publish","type":"post","link":"https:\/\/lavoixdelanation.tg\/index.php\/2025\/08\/21\/le-togo-en-operation-de-charme-a-lexposition-universelle-2025-dosaka-au-japon\/","title":{"rendered":"Le Togo en op\u00e9ration de charme \u00e0 l\u2019Exposition Universelle 2025 d\u2019Osaka au Japon"},"content":{"rendered":"\n<p><strong>Le Togo a marqu\u00e9 sa participation \u00e0 l\u2019exposition universelle 2025 \u00e0 Osaka au Japon par l\u2019organisation ce mardi 19 ao\u00fbt, d\u2019une journ\u00e9e \u00e9conomique avec plusieurs activit\u00e9s au menu.<\/strong><\/p>\n\n\n\n<p>C\u2019est la Ministre du commerce, de l\u2019artisanat et de la consommation locale, Mme Kayi Mivedor-Sambiani qui a au nom du gouvernement pr\u00e9sid\u00e9 cette journ\u00e9e plac\u00e9e sous la houlette de la Chambre de commerce et d\u2019industrie du Togo (CCI-Togo).<\/p>\n\n\n\n<p>Environ 150 participants issus de divers milieux \u00e9conomiques dans les locaux de la Chambre de commerce et d\u2018industrie d\u2019Osaka ont pris part \u00e0 la journ\u00e9e marqu\u00e9e par une pr\u00e9sentation \u00ab Invest in Togo \u00bb de l\u2019\u00e9quipe de l\u2019agence de promotion des investissements et de la zone franche (API-ZF).<\/p>\n\n\n\n<p>La pr\u00e9sentation a \u00e9t\u00e9 suivie d\u2019un panel qui a mis en avant le dynamisme du secteur priv\u00e9 togolais, les r\u00e9formes structurelles engag\u00e9es ces derni\u00e8res ann\u00e9es et surtout les atouts du climat des affaires togolais, reconnu comme l\u2019un des plus attractifs d\u2019Afrique de l\u2019Ouest.<\/p>\n\n\n\n<figure class=\"wp-block-image size-full is-resized\"><img loading=\"lazy\" decoding=\"async\" width=\"720\" height=\"540\" src=\"https:\/\/lavoixdelanation.tg\/wp-content\/uploads\/2025\/08\/Osaka-2.jpg\" alt=\"\" class=\"wp-image-7520\" style=\"width:840px;height:auto\" srcset=\"https:\/\/lavoixdelanation.tg\/wp-content\/uploads\/2025\/08\/Osaka-2.jpg 720w, https:\/\/lavoixdelanation.tg\/wp-content\/uploads\/2025\/08\/Osaka-2-300x225.jpg 300w\" sizes=\"auto, (max-width: 720px) 100vw, 720px\" \/><\/figure>\n\n\n\n<p>Il s\u2019agit d\u2019inviter les investisseurs et visiteurs pr\u00e9sents \u00e0 ce rendez-vous plan\u00e9taire \u00e0 venir investir au Togo. Sur place, la Ministre Rose Kayi Mivedor-Sambiani a \u00e0 cet effet r\u00e9affirm\u00e9 la volont\u00e9 du gouvernement togolais de faire du secteur priv\u00e9 le moteur d\u2019une croissance inclusive.<\/p>\n\n\n\n<p>Cette Journ\u00e9e \u00e9conomique du Togo s\u2019est ainsi positionn\u00e9e comme un temps fort de promotion et de diplomatie \u00e9conomique, mais aussi d\u2019\u00e9changes entre les entrepreneurs togolais, japonais et internationaux, en vue de nouer des partenariats solides et durables dans des secteurs porteurs.<\/p>\n\n\n\n<p>La rencontre s\u2019est concr\u00e9tis\u00e9e par la signature d\u2019un protocole d\u2019accord entre la CCI-Osaka et la CCI-Togo, marquant une nouvelle \u00e9tape de coop\u00e9ration \u00e9conomique entre le Togo et le Japon. Il vise \u00e0 stimuler les \u00e9changes commerciaux, faciliter les transferts de technologies et accompagner les PME des deux pays dans leur d\u00e9veloppement \u00e0 l\u2019international.<\/p>\n\n\n\n<p><strong>La R\u00e9daction<\/strong><\/p>\n","protected":false},"excerpt":{"rendered":"<p>Le Togo a marqu\u00e9 sa participation \u00e0 l\u2019exposition universelle 2025 \u00e0 Osaka au Japon par l\u2019organisation ce mardi 19 ao\u00fbt, d\u2019une journ\u00e9e \u00e9conomique avec plusieurs activit\u00e9s au menu. C\u2019est la&hellip; <\/p>\n","protected":false},"author":1,"featured_media":7519,"comment_status":"open","ping_status":"closed","sticky":false,"template":"","format":"standard","meta":{"footnotes":""},"categories":[8],"tags":[907,908,39],"class_list":["post-7514","post","type-post","status-publish","format-standard","has-post-thumbnail","hentry","category-economie","tag-exposition-universelle-2025","tag-osaka","tag-togo"],"yoast_head":"<!-- This site is optimized with the Yoast SEO plugin v26.4 - https:\/\/yoast.com\/wordpress\/plugins\/seo\/ -->\n<title>Le Togo en op\u00e9ration de charme \u00e0 l\u2019Exposition Universelle 2025 d\u2019Osaka au Japon - La Voix de la Nation<\/title>\n<meta name=\"robots\" content=\"index, follow, max-snippet:-1, max-image-preview:large, max-video-preview:-1\" \/>\n<link rel=\"canonical\" href=\"https:\/\/lavoixdelanation.tg\/index.php\/2025\/08\/21\/le-togo-en-operation-de-charme-a-lexposition-universelle-2025-dosaka-au-japon\/\" \/>\n<meta property=\"og:locale\" content=\"fr_FR\" \/>\n<meta property=\"og:type\" content=\"article\" \/>\n<meta property=\"og:title\" content=\"Le Togo en op\u00e9ration de charme \u00e0 l\u2019Exposition Universelle 2025 d\u2019Osaka au Japon - La Voix de la Nation\" \/>\n<meta property=\"og:description\" content=\"Le Togo a marqu\u00e9 sa participation \u00e0 l\u2019exposition universelle 2025 \u00e0 Osaka au Japon par l\u2019organisation ce mardi 19 ao\u00fbt, d\u2019une journ\u00e9e \u00e9conomique avec plusieurs activit\u00e9s au menu. C\u2019est la&hellip;\" \/>\n<meta property=\"og:url\" content=\"https:\/\/lavoixdelanation.tg\/index.php\/2025\/08\/21\/le-togo-en-operation-de-charme-a-lexposition-universelle-2025-dosaka-au-japon\/\" \/>\n<meta property=\"og:site_name\" content=\"La Voix de la Nation\" \/>\n<meta property=\"article:publisher\" content=\"https:\/\/www.facebook.com\/lavoixdelanation\" \/>\n<meta property=\"article:published_time\" content=\"2025-08-21T08:49:55+00:00\" \/>\n<meta property=\"article:modified_time\" content=\"2025-08-24T08:54:03+00:00\" \/>\n<meta property=\"og:image\" content=\"https:\/\/lavoixdelanation.tg\/wp-content\/uploads\/2025\/08\/Osaka.jpg\" \/>\n\t<meta property=\"og:image:width\" content=\"720\" \/>\n\t<meta property=\"og:image:height\" content=\"540\" \/>\n\t<meta property=\"og:image:type\" content=\"image\/jpeg\" \/>\n<meta name=\"author\" content=\"La voix de la nation\" \/>\n<meta name=\"twitter:card\" content=\"summary_large_image\" \/>\n<meta name=\"twitter:label1\" content=\"\u00c9crit par\" \/>\n\t<meta name=\"twitter:data1\" content=\"La voix de la nation\" \/>\n\t<meta name=\"twitter:label2\" content=\"Dur\u00e9e de lecture estim\u00e9e\" \/>\n\t<meta name=\"twitter:data2\" content=\"2 minutes\" \/>\n<script type=\"application\/ld+json\" class=\"yoast-schema-graph\">{\"@context\":\"https:\/\/schema.org\",\"@graph\":[{\"@type\":\"Article\",\"@id\":\"https:\/\/lavoixdelanation.tg\/index.php\/2025\/08\/21\/le-togo-en-operation-de-charme-a-lexposition-universelle-2025-dosaka-au-japon\/#article\",\"isPartOf\":{\"@id\":\"https:\/\/lavoixdelanation.tg\/index.php\/2025\/08\/21\/le-togo-en-operation-de-charme-a-lexposition-universelle-2025-dosaka-au-japon\/\"},\"author\":{\"name\":\"La voix de la nation\",\"@id\":\"https:\/\/lavoixdelanation.tg\/#\/schema\/person\/6c489293aa38053673a9e554acb6e224\"},\"headline\":\"Le Togo en op\u00e9ration de charme \u00e0 l\u2019Exposition Universelle 2025 d\u2019Osaka au Japon\",\"datePublished\":\"2025-08-21T08:49:55+00:00\",\"dateModified\":\"2025-08-24T08:54:03+00:00\",\"mainEntityOfPage\":{\"@id\":\"https:\/\/lavoixdelanation.tg\/index.php\/2025\/08\/21\/le-togo-en-operation-de-charme-a-lexposition-universelle-2025-dosaka-au-japon\/\"},\"wordCount\":345,\"commentCount\":0,\"publisher\":{\"@id\":\"https:\/\/lavoixdelanation.tg\/#organization\"},\"image\":{\"@id\":\"https:\/\/lavoixdelanation.tg\/index.php\/2025\/08\/21\/le-togo-en-operation-de-charme-a-lexposition-universelle-2025-dosaka-au-japon\/#primaryimage\"},\"thumbnailUrl\":\"https:\/\/lavoixdelanation.tg\/wp-content\/uploads\/2025\/08\/Osaka.jpg\",\"keywords\":[\"Exposition Universelle 2025\",\"Osaka\",\"Togo\"],\"articleSection\":[\"Economie\"],\"inLanguage\":\"fr-FR\",\"potentialAction\":[{\"@type\":\"CommentAction\",\"name\":\"Comment\",\"target\":[\"https:\/\/lavoixdelanation.tg\/index.php\/2025\/08\/21\/le-togo-en-operation-de-charme-a-lexposition-universelle-2025-dosaka-au-japon\/#respond\"]}]},{\"@type\":\"WebPage\",\"@id\":\"https:\/\/lavoixdelanation.tg\/index.php\/2025\/08\/21\/le-togo-en-operation-de-charme-a-lexposition-universelle-2025-dosaka-au-japon\/\",\"url\":\"https:\/\/lavoixdelanation.tg\/index.php\/2025\/08\/21\/le-togo-en-operation-de-charme-a-lexposition-universelle-2025-dosaka-au-japon\/\",\"name\":\"Le Togo en op\u00e9ration de charme \u00e0 l\u2019Exposition Universelle 2025 d\u2019Osaka au Japon - La Voix de la Nation\",\"isPartOf\":{\"@id\":\"https:\/\/lavoixdelanation.tg\/#website\"},\"primaryImageOfPage\":{\"@id\":\"https:\/\/lavoixdelanation.tg\/index.php\/2025\/08\/21\/le-togo-en-operation-de-charme-a-lexposition-universelle-2025-dosaka-au-japon\/#primaryimage\"},\"image\":{\"@id\":\"https:\/\/lavoixdelanation.tg\/index.php\/2025\/08\/21\/le-togo-en-operation-de-charme-a-lexposition-universelle-2025-dosaka-au-japon\/#primaryimage\"},\"thumbnailUrl\":\"https:\/\/lavoixdelanation.tg\/wp-content\/uploads\/2025\/08\/Osaka.jpg\",\"datePublished\":\"2025-08-21T08:49:55+00:00\",\"dateModified\":\"2025-08-24T08:54:03+00:00\",\"breadcrumb\":{\"@id\":\"https:\/\/lavoixdelanation.tg\/index.php\/2025\/08\/21\/le-togo-en-operation-de-charme-a-lexposition-universelle-2025-dosaka-au-japon\/#breadcrumb\"},\"inLanguage\":\"fr-FR\",\"potentialAction\":[{\"@type\":\"ReadAction\",\"target\":[\"https:\/\/lavoixdelanation.tg\/index.php\/2025\/08\/21\/le-togo-en-operation-de-charme-a-lexposition-universelle-2025-dosaka-au-japon\/\"]}]},{\"@type\":\"ImageObject\",\"inLanguage\":\"fr-FR\",\"@id\":\"https:\/\/lavoixdelanation.tg\/index.php\/2025\/08\/21\/le-togo-en-operation-de-charme-a-lexposition-universelle-2025-dosaka-au-japon\/#primaryimage\",\"url\":\"https:\/\/lavoixdelanation.tg\/wp-content\/uploads\/2025\/08\/Osaka.jpg\",\"contentUrl\":\"https:\/\/lavoixdelanation.tg\/wp-content\/uploads\/2025\/08\/Osaka.jpg\",\"width\":720,\"height\":540},{\"@type\":\"BreadcrumbList\",\"@id\":\"https:\/\/lavoixdelanation.tg\/index.php\/2025\/08\/21\/le-togo-en-operation-de-charme-a-lexposition-universelle-2025-dosaka-au-japon\/#breadcrumb\",\"itemListElement\":[{\"@type\":\"ListItem\",\"position\":1,\"name\":\"Accueil\",\"item\":\"https:\/\/lavoixdelanation.tg\/\"},{\"@type\":\"ListItem\",\"position\":2,\"name\":\"Le Togo en op\u00e9ration de charme \u00e0 l\u2019Exposition Universelle 2025 d\u2019Osaka au Japon\"}]},{\"@type\":\"WebSite\",\"@id\":\"https:\/\/lavoixdelanation.tg\/#website\",\"url\":\"https:\/\/lavoixdelanation.tg\/\",\"name\":\"La Voix de la Nation\",\"description\":\"R\u00e9c\u00e9piss\u00e9 n\u00b00108\/HAAC\/01-2024\/pl\/P\",\"publisher\":{\"@id\":\"https:\/\/lavoixdelanation.tg\/#organization\"},\"alternateName\":\"VON\",\"potentialAction\":[{\"@type\":\"SearchAction\",\"target\":{\"@type\":\"EntryPoint\",\"urlTemplate\":\"https:\/\/lavoixdelanation.tg\/?s={search_term_string}\"},\"query-input\":{\"@type\":\"PropertyValueSpecification\",\"valueRequired\":true,\"valueName\":\"search_term_string\"}}],\"inLanguage\":\"fr-FR\"},{\"@type\":\"Organization\",\"@id\":\"https:\/\/lavoixdelanation.tg\/#organization\",\"name\":\"La Voix de la Nation\",\"url\":\"https:\/\/lavoixdelanation.tg\/\",\"logo\":{\"@type\":\"ImageObject\",\"inLanguage\":\"fr-FR\",\"@id\":\"https:\/\/lavoixdelanation.tg\/#\/schema\/logo\/image\/\",\"url\":\"https:\/\/lavoixdelanation.tg\/wp-content\/uploads\/2024\/12\/lavn-1.png\",\"contentUrl\":\"https:\/\/lavoixdelanation.tg\/wp-content\/uploads\/2024\/12\/lavn-1.png\",\"width\":1024,\"height\":464,\"caption\":\"La Voix de la Nation\"},\"image\":{\"@id\":\"https:\/\/lavoixdelanation.tg\/#\/schema\/logo\/image\/\"},\"sameAs\":[\"https:\/\/www.facebook.com\/lavoixdelanation\"]},{\"@type\":\"Person\",\"@id\":\"https:\/\/lavoixdelanation.tg\/#\/schema\/person\/6c489293aa38053673a9e554acb6e224\",\"name\":\"La voix de la nation\",\"image\":{\"@type\":\"ImageObject\",\"inLanguage\":\"fr-FR\",\"@id\":\"https:\/\/lavoixdelanation.tg\/#\/schema\/person\/image\/\",\"url\":\"https:\/\/secure.gravatar.com\/avatar\/8aa135d4bbc794494cecaa8d483f6d6cc1023624868deaff686baed5e727a5a1?s=96&d=mm&r=g\",\"contentUrl\":\"https:\/\/secure.gravatar.com\/avatar\/8aa135d4bbc794494cecaa8d483f6d6cc1023624868deaff686baed5e727a5a1?s=96&d=mm&r=g\",\"caption\":\"La voix de la nation\"},\"sameAs\":[\"https:\/\/lavoixdelanation.tg\"],\"url\":\"https:\/\/lavoixdelanation.tg\/index.php\/author\/lavn\/\"}]}<\/script>\n<!-- \/ Yoast SEO plugin. -->","yoast_head_json":{"title":"Le Togo en op\u00e9ration de charme \u00e0 l\u2019Exposition Universelle 2025 d\u2019Osaka au Japon - La Voix de la Nation","robots":{"index":"index","follow":"follow","max-snippet":"max-snippet:-1","max-image-preview":"max-image-preview:large","max-video-preview":"max-video-preview:-1"},"canonical":"https:\/\/lavoixdelanation.tg\/index.php\/2025\/08\/21\/le-togo-en-operation-de-charme-a-lexposition-universelle-2025-dosaka-au-japon\/","og_locale":"fr_FR","og_type":"article","og_title":"Le Togo en op\u00e9ration de charme \u00e0 l\u2019Exposition Universelle 2025 d\u2019Osaka au Japon - La Voix de la Nation","og_description":"Le Togo a marqu\u00e9 sa participation \u00e0 l\u2019exposition universelle 2025 \u00e0 Osaka au Japon par l\u2019organisation ce mardi 19 ao\u00fbt, d\u2019une journ\u00e9e \u00e9conomique avec plusieurs activit\u00e9s au menu. C\u2019est la&hellip;","og_url":"https:\/\/lavoixdelanation.tg\/index.php\/2025\/08\/21\/le-togo-en-operation-de-charme-a-lexposition-universelle-2025-dosaka-au-japon\/","og_site_name":"La Voix de la Nation","article_publisher":"https:\/\/www.facebook.com\/lavoixdelanation","article_published_time":"2025-08-21T08:49:55+00:00","article_modified_time":"2025-08-24T08:54:03+00:00","og_image":[{"width":720,"height":540,"url":"https:\/\/lavoixdelanation.tg\/wp-content\/uploads\/2025\/08\/Osaka.jpg","type":"image\/jpeg"}],"author":"La voix de la nation","twitter_card":"summary_large_image","twitter_misc":{"\u00c9crit par":"La voix de la nation","Dur\u00e9e de lecture estim\u00e9e":"2 minutes"},"schema":{"@context":"https:\/\/schema.org","@graph":[{"@type":"Article","@id":"https:\/\/lavoixdelanation.tg\/index.php\/2025\/08\/21\/le-togo-en-operation-de-charme-a-lexposition-universelle-2025-dosaka-au-japon\/#article","isPartOf":{"@id":"https:\/\/lavoixdelanation.tg\/index.php\/2025\/08\/21\/le-togo-en-operation-de-charme-a-lexposition-universelle-2025-dosaka-au-japon\/"},"author":{"name":"La voix de la nation","@id":"https:\/\/lavoixdelanation.tg\/#\/schema\/person\/6c489293aa38053673a9e554acb6e224"},"headline":"Le Togo en op\u00e9ration de charme \u00e0 l\u2019Exposition Universelle 2025 d\u2019Osaka au Japon","datePublished":"2025-08-21T08:49:55+00:00","dateModified":"2025-08-24T08:54:03+00:00","mainEntityOfPage":{"@id":"https:\/\/lavoixdelanation.tg\/index.php\/2025\/08\/21\/le-togo-en-operation-de-charme-a-lexposition-universelle-2025-dosaka-au-japon\/"},"wordCount":345,"commentCount":0,"publisher":{"@id":"https:\/\/lavoixdelanation.tg\/#organization"},"image":{"@id":"https:\/\/lavoixdelanation.tg\/index.php\/2025\/08\/21\/le-togo-en-operation-de-charme-a-lexposition-universelle-2025-dosaka-au-japon\/#primaryimage"},"thumbnailUrl":"https:\/\/lavoixdelanation.tg\/wp-content\/uploads\/2025\/08\/Osaka.jpg","keywords":["Exposition Universelle 2025","Osaka","Togo"],"articleSection":["Economie"],"inLanguage":"fr-FR","potentialAction":[{"@type":"CommentAction","name":"Comment","target":["https:\/\/lavoixdelanation.tg\/index.php\/2025\/08\/21\/le-togo-en-operation-de-charme-a-lexposition-universelle-2025-dosaka-au-japon\/#respond"]}]},{"@type":"WebPage","@id":"https:\/\/lavoixdelanation.tg\/index.php\/2025\/08\/21\/le-togo-en-operation-de-charme-a-lexposition-universelle-2025-dosaka-au-japon\/","url":"https:\/\/lavoixdelanation.tg\/index.php\/2025\/08\/21\/le-togo-en-operation-de-charme-a-lexposition-universelle-2025-dosaka-au-japon\/","name":"Le Togo en op\u00e9ration de charme \u00e0 l\u2019Exposition Universelle 2025 d\u2019Osaka au Japon - La Voix de la Nation","isPartOf":{"@id":"https:\/\/lavoixdelanation.tg\/#website"},"primaryImageOfPage":{"@id":"https:\/\/lavoixdelanation.tg\/index.php\/2025\/08\/21\/le-togo-en-operation-de-charme-a-lexposition-universelle-2025-dosaka-au-japon\/#primaryimage"},"image":{"@id":"https:\/\/lavoixdelanation.tg\/index.php\/2025\/08\/21\/le-togo-en-operation-de-charme-a-lexposition-universelle-2025-dosaka-au-japon\/#primaryimage"},"thumbnailUrl":"https:\/\/lavoixdelanation.tg\/wp-content\/uploads\/2025\/08\/Osaka.jpg","datePublished":"2025-08-21T08:49:55+00:00","dateModified":"2025-08-24T08:54:03+00:00","breadcrumb":{"@id":"https:\/\/lavoixdelanation.tg\/index.php\/2025\/08\/21\/le-togo-en-operation-de-charme-a-lexposition-universelle-2025-dosaka-au-japon\/#breadcrumb"},"inLanguage":"fr-FR","potentialAction":[{"@type":"ReadAction","target":["https:\/\/lavoixdelanation.tg\/index.php\/2025\/08\/21\/le-togo-en-operation-de-charme-a-lexposition-universelle-2025-dosaka-au-japon\/"]}]},{"@type":"ImageObject","inLanguage":"fr-FR","@id":"https:\/\/lavoixdelanation.tg\/index.php\/2025\/08\/21\/le-togo-en-operation-de-charme-a-lexposition-universelle-2025-dosaka-au-japon\/#primaryimage","url":"https:\/\/lavoixdelanation.tg\/wp-content\/uploads\/2025\/08\/Osaka.jpg","contentUrl":"https:\/\/lavoixdelanation.tg\/wp-content\/uploads\/2025\/08\/Osaka.jpg","width":720,"height":540},{"@type":"BreadcrumbList","@id":"https:\/\/lavoixdelanation.tg\/index.php\/2025\/08\/21\/le-togo-en-operation-de-charme-a-lexposition-universelle-2025-dosaka-au-japon\/#breadcrumb","itemListElement":[{"@type":"ListItem","position":1,"name":"Accueil","item":"https:\/\/lavoixdelanation.tg\/"},{"@type":"ListItem","position":2,"name":"Le Togo en op\u00e9ration de charme \u00e0 l\u2019Exposition Universelle 2025 d\u2019Osaka au Japon"}]},{"@type":"WebSite","@id":"https:\/\/lavoixdelanation.tg\/#website","url":"https:\/\/lavoixdelanation.tg\/","name":"La Voix de la Nation","description":"R\u00e9c\u00e9piss\u00e9 n\u00b00108\/HAAC\/01-2024\/pl\/P","publisher":{"@id":"https:\/\/lavoixdelanation.tg\/#organization"},"alternateName":"VON","potentialAction":[{"@type":"SearchAction","target":{"@type":"EntryPoint","urlTemplate":"https:\/\/lavoixdelanation.tg\/?s={search_term_string}"},"query-input":{"@type":"PropertyValueSpecification","valueRequired":true,"valueName":"search_term_string"}}],"inLanguage":"fr-FR"},{"@type":"Organization","@id":"https:\/\/lavoixdelanation.tg\/#organization","name":"La Voix de la Nation","url":"https:\/\/lavoixdelanation.tg\/","logo":{"@type":"ImageObject","inLanguage":"fr-FR","@id":"https:\/\/lavoixdelanation.tg\/#\/schema\/logo\/image\/","url":"https:\/\/lavoixdelanation.tg\/wp-content\/uploads\/2024\/12\/lavn-1.png","contentUrl":"https:\/\/lavoixdelanation.tg\/wp-content\/uploads\/2024\/12\/lavn-1.png","width":1024,"height":464,"caption":"La Voix de la Nation"},"image":{"@id":"https:\/\/lavoixdelanation.tg\/#\/schema\/logo\/image\/"},"sameAs":["https:\/\/www.facebook.com\/lavoixdelanation"]},{"@type":"Person","@id":"https:\/\/lavoixdelanation.tg\/#\/schema\/person\/6c489293aa38053673a9e554acb6e224","name":"La voix de la nation","image":{"@type":"ImageObject","inLanguage":"fr-FR","@id":"https:\/\/lavoixdelanation.tg\/#\/schema\/person\/image\/","url":"https:\/\/secure.gravatar.com\/avatar\/8aa135d4bbc794494cecaa8d483f6d6cc1023624868deaff686baed5e727a5a1?s=96&d=mm&r=g","contentUrl":"https:\/\/secure.gravatar.com\/avatar\/8aa135d4bbc794494cecaa8d483f6d6cc1023624868deaff686baed5e727a5a1?s=96&d=mm&r=g","caption":"La voix de la nation"},"sameAs":["https:\/\/lavoixdelanation.tg"],"url":"https:\/\/lavoixdelanation.tg\/index.php\/author\/lavn\/"}]}},"_links":{"self":[{"href":"https:\/\/lavoixdelanation.tg\/index.php\/wp-json\/wp\/v2\/posts\/7514","targetHints":{"allow":["GET"]}}],"collection":[{"href":"https:\/\/lavoixdelanation.tg\/index.php\/wp-json\/wp\/v2\/posts"}],"about":[{"href":"https:\/\/lavoixdelanation.tg\/index.php\/wp-json\/wp\/v2\/types\/post"}],"author":[{"embeddable":true,"href":"https:\/\/lavoixdelanation.tg\/index.php\/wp-json\/wp\/v2\/users\/1"}],"replies":[{"embeddable":true,"href":"https:\/\/lavoixdelanation.tg\/index.php\/wp-json\/wp\/v2\/comments?post=7514"}],"version-history":[{"count":1,"href":"https:\/\/lavoixdelanation.tg\/index.php\/wp-json\/wp\/v2\/posts\/7514\/revisions"}],"predecessor-version":[{"id":7522,"href":"https:\/\/lavoixdelanation.tg\/index.php\/wp-json\/wp\/v2\/posts\/7514\/revisions\/7522"}],"wp:featuredmedia":[{"embeddable":true,"href":"https:\/\/lavoixdelanation.tg\/index.php\/wp-json\/wp\/v2\/media\/7519"}],"wp:attachment":[{"href":"https:\/\/lavoixdelanation.tg\/index.php\/wp-json\/wp\/v2\/media?parent=7514"}],"wp:term":[{"taxonomy":"category","embeddable":true,"href":"https:\/\/lavoixdelanation.tg\/index.php\/wp-json\/wp\/v2\/categories?post=7514"},{"taxonomy":"post_tag","embeddable":true,"href":"https:\/\/lavoixdelanation.tg\/index.php\/wp-json\/wp\/v2\/tags?post=7514"}],"curies":[{"name":"wp","href":"https:\/\/api.w.org\/{rel}","templated":true}]}}