{"id":6788,"date":"2025-08-19T22:22:00","date_gmt":"2025-08-19T20:22:00","guid":{"rendered":"https:\/\/lavoixdelanation.tg\/?p=6788"},"modified":"2025-08-21T00:36:46","modified_gmt":"2025-08-20T22:36:46","slug":"cooperation-faure-gnassingbe-a-yokohama-au-japon-pour-les-travaux-du-ticad-9","status":"publish","type":"post","link":"https:\/\/lavoixdelanation.tg\/index.php\/2025\/08\/19\/cooperation-faure-gnassingbe-a-yokohama-au-japon-pour-les-travaux-du-ticad-9\/","title":{"rendered":"Coop\u00e9ration\u00a0: Faure Gnassingb\u00e9 \u00e0 Yokohama au Japon pour les travaux du TICAD 9"},"content":{"rendered":"\n<p><strong>Le Pr\u00e9sident du Conseil, Faure Gnassingb\u00e9 est \u00e0 Yokohama au Japon o\u00f9 il prend part aux travaux de la neuvi\u00e8me Conf\u00e9rence internationale de Tokyo sur le d\u00e9veloppement de l\u2019Afrique (TICAD9) qui s\u2019ouvrent ce 20 ao\u00fbt 2025.<\/strong><\/p>\n\n\n\n<p>Co-cr\u00e9er des solutions innovantes avec l\u2019Afrique \u00bb&nbsp;: c\u2019est le th\u00e8me central de cette rencontre de haut niveau organis\u00e9e \u00e0 l\u2019initiative du gouvernement japonais conjointement avec les Nations unies, le Programme des Nations unies pour le d\u00e9veloppement (PNUD), le Groupe de la Banque mondiale et la Commission de l\u2019Union africaine.<\/p>\n\n\n\n<p>La conf\u00e9rence permettra de mener des r\u00e9flexions autour des th\u00e9matiques transversales telles que \u00ab le d\u00e9veloppement durable pilot\u00e9 par le secteur priv\u00e9 \u00bb, \u00ab les jeunes et les femmes \u00bb, \u00ab l\u2019int\u00e9gration r\u00e9gionale \u00bb et \u00ab le renforcement de la connectivit\u00e9 \u00e0 l\u2019int\u00e9rieur et \u00e0 l\u2019ext\u00e9rieur de l\u2019Afrique \u00bb.<\/p>\n\n\n\n<p>Par ailleurs, ce rendez-vous constitue une plateforme strat\u00e9gique de discussion entre le Japon, les pays africains et les partenaires en d\u00e9veloppement dans les domaines \u00e9conomique, social, de la paix et la stabilit\u00e9.<\/p>\n\n\n\n<p>Selon une note de la Pr\u00e9sidence du Conseil, Faure Gnassingb\u00e9 aura pour la circonstance, des \u00e9changes approfondis avec plusieurs personnalit\u00e9s officielles japonaises sur des sujets d\u2019int\u00e9r\u00eat commun, des op\u00e9rateurs \u00e9conomiques et bien d\u2019autres acteurs sur les opportunit\u00e9s d\u2019investissement et les atouts qu\u2019offre le Togo dans divers secteurs en lien avec les priorit\u00e9s du gouvernement.<\/p>\n\n\n\n<p>Pour rappel, le Togo entretient avec le Japon d\u2019excellentes relations d\u2019amiti\u00e9 et de coop\u00e9ration \u00e0 travers la mise en \u0153uvre de la politique des grands travaux d\u2019infrastructures, d\u2019\u00e9laboration de la cartographie num\u00e9rique, de souverainet\u00e9 alimentaire et de lutte contre la pauvret\u00e9 entre autres.<\/p>\n","protected":false},"excerpt":{"rendered":"<p>Le Pr\u00e9sident du Conseil, Faure Gnassingb\u00e9 est \u00e0 Yokohama au Japon o\u00f9 il prend part aux travaux de la neuvi\u00e8me Conf\u00e9rence internationale de Tokyo sur le d\u00e9veloppement de l\u2019Afrique (TICAD9)&hellip; <\/p>\n","protected":false},"author":1,"featured_media":6789,"comment_status":"open","ping_status":"closed","sticky":false,"template":"","format":"standard","meta":{"footnotes":""},"categories":[12],"tags":[45,901],"class_list":["post-6788","post","type-post","status-publish","format-standard","has-post-thumbnail","hentry","category-diplomatie","tag-faure-gnassingbe","tag-ticad-9"],"yoast_head":"<!-- This site is optimized with the Yoast SEO plugin v26.4 - https:\/\/yoast.com\/wordpress\/plugins\/seo\/ -->\n<title>Coop\u00e9ration\u00a0: Faure Gnassingb\u00e9 \u00e0 Yokohama au Japon pour les travaux du TICAD 9 - La Voix de la Nation<\/title>\n<meta name=\"robots\" content=\"index, follow, max-snippet:-1, max-image-preview:large, max-video-preview:-1\" \/>\n<link rel=\"canonical\" href=\"https:\/\/lavoixdelanation.tg\/index.php\/2025\/08\/19\/cooperation-faure-gnassingbe-a-yokohama-au-japon-pour-les-travaux-du-ticad-9\/\" \/>\n<meta property=\"og:locale\" content=\"fr_FR\" \/>\n<meta property=\"og:type\" content=\"article\" \/>\n<meta property=\"og:title\" content=\"Coop\u00e9ration\u00a0: Faure Gnassingb\u00e9 \u00e0 Yokohama au Japon pour les travaux du TICAD 9 - La Voix de la Nation\" \/>\n<meta property=\"og:description\" content=\"Le Pr\u00e9sident du Conseil, Faure Gnassingb\u00e9 est \u00e0 Yokohama au Japon o\u00f9 il prend part aux travaux de la neuvi\u00e8me Conf\u00e9rence internationale de Tokyo sur le d\u00e9veloppement de l\u2019Afrique (TICAD9)&hellip;\" \/>\n<meta property=\"og:url\" content=\"https:\/\/lavoixdelanation.tg\/index.php\/2025\/08\/19\/cooperation-faure-gnassingbe-a-yokohama-au-japon-pour-les-travaux-du-ticad-9\/\" \/>\n<meta property=\"og:site_name\" content=\"La Voix de la Nation\" \/>\n<meta property=\"article:publisher\" content=\"https:\/\/www.facebook.com\/lavoixdelanation\" \/>\n<meta property=\"article:published_time\" content=\"2025-08-19T20:22:00+00:00\" \/>\n<meta property=\"article:modified_time\" content=\"2025-08-20T22:36:46+00:00\" \/>\n<meta property=\"og:image\" content=\"https:\/\/lavoixdelanation.tg\/wp-content\/uploads\/2025\/08\/Faure-Gnassingbe-a-Yokohama-au-Japon-pour-les-travaux-du-TICAD-9.jpg\" \/>\n\t<meta property=\"og:image:width\" content=\"650\" \/>\n\t<meta property=\"og:image:height\" content=\"375\" \/>\n\t<meta property=\"og:image:type\" content=\"image\/jpeg\" \/>\n<meta name=\"author\" content=\"La voix de la nation\" \/>\n<meta name=\"twitter:card\" content=\"summary_large_image\" \/>\n<meta name=\"twitter:label1\" content=\"\u00c9crit par\" \/>\n\t<meta name=\"twitter:data1\" content=\"La voix de la nation\" \/>\n\t<meta name=\"twitter:label2\" content=\"Dur\u00e9e de lecture estim\u00e9e\" \/>\n\t<meta name=\"twitter:data2\" content=\"1 minute\" \/>\n<script type=\"application\/ld+json\" class=\"yoast-schema-graph\">{\"@context\":\"https:\/\/schema.org\",\"@graph\":[{\"@type\":\"Article\",\"@id\":\"https:\/\/lavoixdelanation.tg\/index.php\/2025\/08\/19\/cooperation-faure-gnassingbe-a-yokohama-au-japon-pour-les-travaux-du-ticad-9\/#article\",\"isPartOf\":{\"@id\":\"https:\/\/lavoixdelanation.tg\/index.php\/2025\/08\/19\/cooperation-faure-gnassingbe-a-yokohama-au-japon-pour-les-travaux-du-ticad-9\/\"},\"author\":{\"name\":\"La voix de la nation\",\"@id\":\"https:\/\/lavoixdelanation.tg\/#\/schema\/person\/6c489293aa38053673a9e554acb6e224\"},\"headline\":\"Coop\u00e9ration\u00a0: Faure Gnassingb\u00e9 \u00e0 Yokohama au Japon pour les travaux du TICAD 9\",\"datePublished\":\"2025-08-19T20:22:00+00:00\",\"dateModified\":\"2025-08-20T22:36:46+00:00\",\"mainEntityOfPage\":{\"@id\":\"https:\/\/lavoixdelanation.tg\/index.php\/2025\/08\/19\/cooperation-faure-gnassingbe-a-yokohama-au-japon-pour-les-travaux-du-ticad-9\/\"},\"wordCount\":306,\"commentCount\":0,\"publisher\":{\"@id\":\"https:\/\/lavoixdelanation.tg\/#organization\"},\"image\":{\"@id\":\"https:\/\/lavoixdelanation.tg\/index.php\/2025\/08\/19\/cooperation-faure-gnassingbe-a-yokohama-au-japon-pour-les-travaux-du-ticad-9\/#primaryimage\"},\"thumbnailUrl\":\"https:\/\/lavoixdelanation.tg\/wp-content\/uploads\/2025\/08\/Faure-Gnassingbe-a-Yokohama-au-Japon-pour-les-travaux-du-TICAD-9.jpg\",\"keywords\":[\"Faure Gnassingb\u00e9\",\"TICAD 9\"],\"articleSection\":[\"Diplomatie\"],\"inLanguage\":\"fr-FR\",\"potentialAction\":[{\"@type\":\"CommentAction\",\"name\":\"Comment\",\"target\":[\"https:\/\/lavoixdelanation.tg\/index.php\/2025\/08\/19\/cooperation-faure-gnassingbe-a-yokohama-au-japon-pour-les-travaux-du-ticad-9\/#respond\"]}]},{\"@type\":\"WebPage\",\"@id\":\"https:\/\/lavoixdelanation.tg\/index.php\/2025\/08\/19\/cooperation-faure-gnassingbe-a-yokohama-au-japon-pour-les-travaux-du-ticad-9\/\",\"url\":\"https:\/\/lavoixdelanation.tg\/index.php\/2025\/08\/19\/cooperation-faure-gnassingbe-a-yokohama-au-japon-pour-les-travaux-du-ticad-9\/\",\"name\":\"Coop\u00e9ration\u00a0: Faure Gnassingb\u00e9 \u00e0 Yokohama au Japon pour les travaux du TICAD 9 - La Voix de la Nation\",\"isPartOf\":{\"@id\":\"https:\/\/lavoixdelanation.tg\/#website\"},\"primaryImageOfPage\":{\"@id\":\"https:\/\/lavoixdelanation.tg\/index.php\/2025\/08\/19\/cooperation-faure-gnassingbe-a-yokohama-au-japon-pour-les-travaux-du-ticad-9\/#primaryimage\"},\"image\":{\"@id\":\"https:\/\/lavoixdelanation.tg\/index.php\/2025\/08\/19\/cooperation-faure-gnassingbe-a-yokohama-au-japon-pour-les-travaux-du-ticad-9\/#primaryimage\"},\"thumbnailUrl\":\"https:\/\/lavoixdelanation.tg\/wp-content\/uploads\/2025\/08\/Faure-Gnassingbe-a-Yokohama-au-Japon-pour-les-travaux-du-TICAD-9.jpg\",\"datePublished\":\"2025-08-19T20:22:00+00:00\",\"dateModified\":\"2025-08-20T22:36:46+00:00\",\"breadcrumb\":{\"@id\":\"https:\/\/lavoixdelanation.tg\/index.php\/2025\/08\/19\/cooperation-faure-gnassingbe-a-yokohama-au-japon-pour-les-travaux-du-ticad-9\/#breadcrumb\"},\"inLanguage\":\"fr-FR\",\"potentialAction\":[{\"@type\":\"ReadAction\",\"target\":[\"https:\/\/lavoixdelanation.tg\/index.php\/2025\/08\/19\/cooperation-faure-gnassingbe-a-yokohama-au-japon-pour-les-travaux-du-ticad-9\/\"]}]},{\"@type\":\"ImageObject\",\"inLanguage\":\"fr-FR\",\"@id\":\"https:\/\/lavoixdelanation.tg\/index.php\/2025\/08\/19\/cooperation-faure-gnassingbe-a-yokohama-au-japon-pour-les-travaux-du-ticad-9\/#primaryimage\",\"url\":\"https:\/\/lavoixdelanation.tg\/wp-content\/uploads\/2025\/08\/Faure-Gnassingbe-a-Yokohama-au-Japon-pour-les-travaux-du-TICAD-9.jpg\",\"contentUrl\":\"https:\/\/lavoixdelanation.tg\/wp-content\/uploads\/2025\/08\/Faure-Gnassingbe-a-Yokohama-au-Japon-pour-les-travaux-du-TICAD-9.jpg\",\"width\":650,\"height\":375,\"caption\":\"Faure Gnassingb\u00e9 \u00e0 Yokohama au Japon pour les travaux du TICAD 9\"},{\"@type\":\"BreadcrumbList\",\"@id\":\"https:\/\/lavoixdelanation.tg\/index.php\/2025\/08\/19\/cooperation-faure-gnassingbe-a-yokohama-au-japon-pour-les-travaux-du-ticad-9\/#breadcrumb\",\"itemListElement\":[{\"@type\":\"ListItem\",\"position\":1,\"name\":\"Accueil\",\"item\":\"https:\/\/lavoixdelanation.tg\/\"},{\"@type\":\"ListItem\",\"position\":2,\"name\":\"Coop\u00e9ration\u00a0: Faure Gnassingb\u00e9 \u00e0 Yokohama au Japon pour les travaux du TICAD 9\"}]},{\"@type\":\"WebSite\",\"@id\":\"https:\/\/lavoixdelanation.tg\/#website\",\"url\":\"https:\/\/lavoixdelanation.tg\/\",\"name\":\"La Voix de la Nation\",\"description\":\"R\u00e9c\u00e9piss\u00e9 n\u00b00108\/HAAC\/01-2024\/pl\/P\",\"publisher\":{\"@id\":\"https:\/\/lavoixdelanation.tg\/#organization\"},\"alternateName\":\"VON\",\"potentialAction\":[{\"@type\":\"SearchAction\",\"target\":{\"@type\":\"EntryPoint\",\"urlTemplate\":\"https:\/\/lavoixdelanation.tg\/?s={search_term_string}\"},\"query-input\":{\"@type\":\"PropertyValueSpecification\",\"valueRequired\":true,\"valueName\":\"search_term_string\"}}],\"inLanguage\":\"fr-FR\"},{\"@type\":\"Organization\",\"@id\":\"https:\/\/lavoixdelanation.tg\/#organization\",\"name\":\"La Voix de la Nation\",\"url\":\"https:\/\/lavoixdelanation.tg\/\",\"logo\":{\"@type\":\"ImageObject\",\"inLanguage\":\"fr-FR\",\"@id\":\"https:\/\/lavoixdelanation.tg\/#\/schema\/logo\/image\/\",\"url\":\"https:\/\/lavoixdelanation.tg\/wp-content\/uploads\/2024\/12\/lavn-1.png\",\"contentUrl\":\"https:\/\/lavoixdelanation.tg\/wp-content\/uploads\/2024\/12\/lavn-1.png\",\"width\":1024,\"height\":464,\"caption\":\"La Voix de la Nation\"},\"image\":{\"@id\":\"https:\/\/lavoixdelanation.tg\/#\/schema\/logo\/image\/\"},\"sameAs\":[\"https:\/\/www.facebook.com\/lavoixdelanation\"]},{\"@type\":\"Person\",\"@id\":\"https:\/\/lavoixdelanation.tg\/#\/schema\/person\/6c489293aa38053673a9e554acb6e224\",\"name\":\"La voix de la nation\",\"image\":{\"@type\":\"ImageObject\",\"inLanguage\":\"fr-FR\",\"@id\":\"https:\/\/lavoixdelanation.tg\/#\/schema\/person\/image\/\",\"url\":\"https:\/\/secure.gravatar.com\/avatar\/8aa135d4bbc794494cecaa8d483f6d6cc1023624868deaff686baed5e727a5a1?s=96&d=mm&r=g\",\"contentUrl\":\"https:\/\/secure.gravatar.com\/avatar\/8aa135d4bbc794494cecaa8d483f6d6cc1023624868deaff686baed5e727a5a1?s=96&d=mm&r=g\",\"caption\":\"La voix de la nation\"},\"sameAs\":[\"https:\/\/lavoixdelanation.tg\"],\"url\":\"https:\/\/lavoixdelanation.tg\/index.php\/author\/lavn\/\"}]}<\/script>\n<!-- \/ Yoast SEO plugin. -->","yoast_head_json":{"title":"Coop\u00e9ration\u00a0: Faure Gnassingb\u00e9 \u00e0 Yokohama au Japon pour les travaux du TICAD 9 - La Voix de la Nation","robots":{"index":"index","follow":"follow","max-snippet":"max-snippet:-1","max-image-preview":"max-image-preview:large","max-video-preview":"max-video-preview:-1"},"canonical":"https:\/\/lavoixdelanation.tg\/index.php\/2025\/08\/19\/cooperation-faure-gnassingbe-a-yokohama-au-japon-pour-les-travaux-du-ticad-9\/","og_locale":"fr_FR","og_type":"article","og_title":"Coop\u00e9ration\u00a0: Faure Gnassingb\u00e9 \u00e0 Yokohama au Japon pour les travaux du TICAD 9 - La Voix de la Nation","og_description":"Le Pr\u00e9sident du Conseil, Faure Gnassingb\u00e9 est \u00e0 Yokohama au Japon o\u00f9 il prend part aux travaux de la neuvi\u00e8me Conf\u00e9rence internationale de Tokyo sur le d\u00e9veloppement de l\u2019Afrique (TICAD9)&hellip;","og_url":"https:\/\/lavoixdelanation.tg\/index.php\/2025\/08\/19\/cooperation-faure-gnassingbe-a-yokohama-au-japon-pour-les-travaux-du-ticad-9\/","og_site_name":"La Voix de la Nation","article_publisher":"https:\/\/www.facebook.com\/lavoixdelanation","article_published_time":"2025-08-19T20:22:00+00:00","article_modified_time":"2025-08-20T22:36:46+00:00","og_image":[{"width":650,"height":375,"url":"https:\/\/lavoixdelanation.tg\/wp-content\/uploads\/2025\/08\/Faure-Gnassingbe-a-Yokohama-au-Japon-pour-les-travaux-du-TICAD-9.jpg","type":"image\/jpeg"}],"author":"La voix de la nation","twitter_card":"summary_large_image","twitter_misc":{"\u00c9crit par":"La voix de la nation","Dur\u00e9e de lecture estim\u00e9e":"1 minute"},"schema":{"@context":"https:\/\/schema.org","@graph":[{"@type":"Article","@id":"https:\/\/lavoixdelanation.tg\/index.php\/2025\/08\/19\/cooperation-faure-gnassingbe-a-yokohama-au-japon-pour-les-travaux-du-ticad-9\/#article","isPartOf":{"@id":"https:\/\/lavoixdelanation.tg\/index.php\/2025\/08\/19\/cooperation-faure-gnassingbe-a-yokohama-au-japon-pour-les-travaux-du-ticad-9\/"},"author":{"name":"La voix de la nation","@id":"https:\/\/lavoixdelanation.tg\/#\/schema\/person\/6c489293aa38053673a9e554acb6e224"},"headline":"Coop\u00e9ration\u00a0: Faure Gnassingb\u00e9 \u00e0 Yokohama au Japon pour les travaux du TICAD 9","datePublished":"2025-08-19T20:22:00+00:00","dateModified":"2025-08-20T22:36:46+00:00","mainEntityOfPage":{"@id":"https:\/\/lavoixdelanation.tg\/index.php\/2025\/08\/19\/cooperation-faure-gnassingbe-a-yokohama-au-japon-pour-les-travaux-du-ticad-9\/"},"wordCount":306,"commentCount":0,"publisher":{"@id":"https:\/\/lavoixdelanation.tg\/#organization"},"image":{"@id":"https:\/\/lavoixdelanation.tg\/index.php\/2025\/08\/19\/cooperation-faure-gnassingbe-a-yokohama-au-japon-pour-les-travaux-du-ticad-9\/#primaryimage"},"thumbnailUrl":"https:\/\/lavoixdelanation.tg\/wp-content\/uploads\/2025\/08\/Faure-Gnassingbe-a-Yokohama-au-Japon-pour-les-travaux-du-TICAD-9.jpg","keywords":["Faure Gnassingb\u00e9","TICAD 9"],"articleSection":["Diplomatie"],"inLanguage":"fr-FR","potentialAction":[{"@type":"CommentAction","name":"Comment","target":["https:\/\/lavoixdelanation.tg\/index.php\/2025\/08\/19\/cooperation-faure-gnassingbe-a-yokohama-au-japon-pour-les-travaux-du-ticad-9\/#respond"]}]},{"@type":"WebPage","@id":"https:\/\/lavoixdelanation.tg\/index.php\/2025\/08\/19\/cooperation-faure-gnassingbe-a-yokohama-au-japon-pour-les-travaux-du-ticad-9\/","url":"https:\/\/lavoixdelanation.tg\/index.php\/2025\/08\/19\/cooperation-faure-gnassingbe-a-yokohama-au-japon-pour-les-travaux-du-ticad-9\/","name":"Coop\u00e9ration\u00a0: Faure Gnassingb\u00e9 \u00e0 Yokohama au Japon pour les travaux du TICAD 9 - La Voix de la Nation","isPartOf":{"@id":"https:\/\/lavoixdelanation.tg\/#website"},"primaryImageOfPage":{"@id":"https:\/\/lavoixdelanation.tg\/index.php\/2025\/08\/19\/cooperation-faure-gnassingbe-a-yokohama-au-japon-pour-les-travaux-du-ticad-9\/#primaryimage"},"image":{"@id":"https:\/\/lavoixdelanation.tg\/index.php\/2025\/08\/19\/cooperation-faure-gnassingbe-a-yokohama-au-japon-pour-les-travaux-du-ticad-9\/#primaryimage"},"thumbnailUrl":"https:\/\/lavoixdelanation.tg\/wp-content\/uploads\/2025\/08\/Faure-Gnassingbe-a-Yokohama-au-Japon-pour-les-travaux-du-TICAD-9.jpg","datePublished":"2025-08-19T20:22:00+00:00","dateModified":"2025-08-20T22:36:46+00:00","breadcrumb":{"@id":"https:\/\/lavoixdelanation.tg\/index.php\/2025\/08\/19\/cooperation-faure-gnassingbe-a-yokohama-au-japon-pour-les-travaux-du-ticad-9\/#breadcrumb"},"inLanguage":"fr-FR","potentialAction":[{"@type":"ReadAction","target":["https:\/\/lavoixdelanation.tg\/index.php\/2025\/08\/19\/cooperation-faure-gnassingbe-a-yokohama-au-japon-pour-les-travaux-du-ticad-9\/"]}]},{"@type":"ImageObject","inLanguage":"fr-FR","@id":"https:\/\/lavoixdelanation.tg\/index.php\/2025\/08\/19\/cooperation-faure-gnassingbe-a-yokohama-au-japon-pour-les-travaux-du-ticad-9\/#primaryimage","url":"https:\/\/lavoixdelanation.tg\/wp-content\/uploads\/2025\/08\/Faure-Gnassingbe-a-Yokohama-au-Japon-pour-les-travaux-du-TICAD-9.jpg","contentUrl":"https:\/\/lavoixdelanation.tg\/wp-content\/uploads\/2025\/08\/Faure-Gnassingbe-a-Yokohama-au-Japon-pour-les-travaux-du-TICAD-9.jpg","width":650,"height":375,"caption":"Faure Gnassingb\u00e9 \u00e0 Yokohama au Japon pour les travaux du TICAD 9"},{"@type":"BreadcrumbList","@id":"https:\/\/lavoixdelanation.tg\/index.php\/2025\/08\/19\/cooperation-faure-gnassingbe-a-yokohama-au-japon-pour-les-travaux-du-ticad-9\/#breadcrumb","itemListElement":[{"@type":"ListItem","position":1,"name":"Accueil","item":"https:\/\/lavoixdelanation.tg\/"},{"@type":"ListItem","position":2,"name":"Coop\u00e9ration\u00a0: Faure Gnassingb\u00e9 \u00e0 Yokohama au Japon pour les travaux du TICAD 9"}]},{"@type":"WebSite","@id":"https:\/\/lavoixdelanation.tg\/#website","url":"https:\/\/lavoixdelanation.tg\/","name":"La Voix de la Nation","description":"R\u00e9c\u00e9piss\u00e9 n\u00b00108\/HAAC\/01-2024\/pl\/P","publisher":{"@id":"https:\/\/lavoixdelanation.tg\/#organization"},"alternateName":"VON","potentialAction":[{"@type":"SearchAction","target":{"@type":"EntryPoint","urlTemplate":"https:\/\/lavoixdelanation.tg\/?s={search_term_string}"},"query-input":{"@type":"PropertyValueSpecification","valueRequired":true,"valueName":"search_term_string"}}],"inLanguage":"fr-FR"},{"@type":"Organization","@id":"https:\/\/lavoixdelanation.tg\/#organization","name":"La Voix de la Nation","url":"https:\/\/lavoixdelanation.tg\/","logo":{"@type":"ImageObject","inLanguage":"fr-FR","@id":"https:\/\/lavoixdelanation.tg\/#\/schema\/logo\/image\/","url":"https:\/\/lavoixdelanation.tg\/wp-content\/uploads\/2024\/12\/lavn-1.png","contentUrl":"https:\/\/lavoixdelanation.tg\/wp-content\/uploads\/2024\/12\/lavn-1.png","width":1024,"height":464,"caption":"La Voix de la Nation"},"image":{"@id":"https:\/\/lavoixdelanation.tg\/#\/schema\/logo\/image\/"},"sameAs":["https:\/\/www.facebook.com\/lavoixdelanation"]},{"@type":"Person","@id":"https:\/\/lavoixdelanation.tg\/#\/schema\/person\/6c489293aa38053673a9e554acb6e224","name":"La voix de la nation","image":{"@type":"ImageObject","inLanguage":"fr-FR","@id":"https:\/\/lavoixdelanation.tg\/#\/schema\/person\/image\/","url":"https:\/\/secure.gravatar.com\/avatar\/8aa135d4bbc794494cecaa8d483f6d6cc1023624868deaff686baed5e727a5a1?s=96&d=mm&r=g","contentUrl":"https:\/\/secure.gravatar.com\/avatar\/8aa135d4bbc794494cecaa8d483f6d6cc1023624868deaff686baed5e727a5a1?s=96&d=mm&r=g","caption":"La voix de la nation"},"sameAs":["https:\/\/lavoixdelanation.tg"],"url":"https:\/\/lavoixdelanation.tg\/index.php\/author\/lavn\/"}]}},"_links":{"self":[{"href":"https:\/\/lavoixdelanation.tg\/index.php\/wp-json\/wp\/v2\/posts\/6788","targetHints":{"allow":["GET"]}}],"collection":[{"href":"https:\/\/lavoixdelanation.tg\/index.php\/wp-json\/wp\/v2\/posts"}],"about":[{"href":"https:\/\/lavoixdelanation.tg\/index.php\/wp-json\/wp\/v2\/types\/post"}],"author":[{"embeddable":true,"href":"https:\/\/lavoixdelanation.tg\/index.php\/wp-json\/wp\/v2\/users\/1"}],"replies":[{"embeddable":true,"href":"https:\/\/lavoixdelanation.tg\/index.php\/wp-json\/wp\/v2\/comments?post=6788"}],"version-history":[{"count":1,"href":"https:\/\/lavoixdelanation.tg\/index.php\/wp-json\/wp\/v2\/posts\/6788\/revisions"}],"predecessor-version":[{"id":6790,"href":"https:\/\/lavoixdelanation.tg\/index.php\/wp-json\/wp\/v2\/posts\/6788\/revisions\/6790"}],"wp:featuredmedia":[{"embeddable":true,"href":"https:\/\/lavoixdelanation.tg\/index.php\/wp-json\/wp\/v2\/media\/6789"}],"wp:attachment":[{"href":"https:\/\/lavoixdelanation.tg\/index.php\/wp-json\/wp\/v2\/media?parent=6788"}],"wp:term":[{"taxonomy":"category","embeddable":true,"href":"https:\/\/lavoixdelanation.tg\/index.php\/wp-json\/wp\/v2\/categories?post=6788"},{"taxonomy":"post_tag","embeddable":true,"href":"https:\/\/lavoixdelanation.tg\/index.php\/wp-json\/wp\/v2\/tags?post=6788"}],"curies":[{"name":"wp","href":"https:\/\/api.w.org\/{rel}","templated":true}]}}