{"id":5974,"date":"2025-08-13T22:06:00","date_gmt":"2025-08-13T20:06:00","guid":{"rendered":"https:\/\/lavoixdelanation.tg\/?p=5974"},"modified":"2025-08-15T13:18:57","modified_gmt":"2025-08-15T11:18:57","slug":"fournitures-scolaires-un-marche-sous-surveillance","status":"publish","type":"post","link":"https:\/\/lavoixdelanation.tg\/index.php\/2025\/08\/13\/fournitures-scolaires-un-marche-sous-surveillance\/","title":{"rendered":"Fournitures scolaires\u00a0: Un march\u00e9 sous surveillance"},"content":{"rendered":"\n<p><strong><strong>Le minist\u00e8re togolais du commerce, de l\u2019artisanat et de la consommation locale d\u00e9roule son plan de surveillance du march\u00e9 des <strong><strong>fournitures scolaires <\/strong><\/strong>avec une rencontre avec les principaux importateurs<\/strong><\/strong>, <strong><strong><strong><strong>\u00e0 quelques semaines de la prochaine rentr\u00e9e scolaire<\/strong><\/strong><\/strong><\/strong>.<\/p>\n\n\n\n<p>Tenue ce mardi 12 ao\u00fbt 2025 \u00e0 Lom\u00e9, cette rencontre vise notamment \u00e0 s\u2019assurer de la disponibilit\u00e9 des stocks et de l\u2019accessibilit\u00e9 des fournitures scolaires sur l\u2019ensemble du territoire.<\/p>\n\n\n\n<p>Selon la ministre du commerce Mme Rose Kayi Miv\u00e9dor, la rencontre s\u2019inscrit dans un cadre de dialogue permanent avec les acteurs et qui permet au gouvernement de surveiller de pr\u00e8s ce secteur afin de pr\u00e9server le panier de la m\u00e9nag\u00e8re contre les al\u00e9as du march\u00e9.<\/p>\n\n\n\n<p>Les diff\u00e9rentes interventions ont essentiellement port\u00e9 sur la disponibilit\u00e9 des stocks, la stabilit\u00e9 des prix des fournitures scolaires et sur le respect des directives gouvernementales telles l\u2019impression des symboles de la R\u00e9publique sur les cahiers.<\/p>\n\n\n\n<p>\u00ab Les stocks sont pr\u00eats, les prix restent inchang\u00e9s, avec une tendance \u00e0 la baisse \u00bb, a rassur\u00e9 au terme de la rencontre, la ministre, avant d\u2019insister sur la n\u00e9cessit\u00e9 de l\u2019harmonisation des prix entre Lom\u00e9 et l\u2019int\u00e9rieur du pays afin d\u2019\u00e9viter toute disparit\u00e9 entre les r\u00e9gions. Elle a par ailleurs rappel\u00e9 que l\u2019inscription des symboles de la R\u00e9publique sur les cahiers est vivement souhait\u00e9e.<\/p>\n\n\n\n<p>Pour leur part, les op\u00e9rateurs \u00e9conomiques ont salu\u00e9 ce dialogue r\u00e9gulier qui permet de renforcer les relations entre l\u2019\u00c9tat et les acteurs en faveur d\u2019une gestion efficace des d\u00e9fis qui se posent dans le secteur.<\/p>\n\n\n\n<p><strong>La R\u00e9daction<\/strong><\/p>\n\n\n\n<p><\/p>\n","protected":false},"excerpt":{"rendered":"<p>Le minist\u00e8re togolais du commerce, de l\u2019artisanat et de la consommation locale d\u00e9roule son plan de surveillance du march\u00e9 des fournitures scolaires avec une rencontre avec les principaux importateurs, \u00e0&hellip; <\/p>\n","protected":false},"author":1,"featured_media":5979,"comment_status":"open","ping_status":"open","sticky":false,"template":"","format":"standard","meta":{"footnotes":""},"categories":[10],"tags":[159,892,39],"class_list":["post-5974","post","type-post","status-publish","format-standard","has-post-thumbnail","hentry","category-education","tag-commerce","tag-fournitures-scolaires","tag-togo"],"yoast_head":"<!-- This site is optimized with the Yoast SEO plugin v26.4 - https:\/\/yoast.com\/wordpress\/plugins\/seo\/ -->\n<title>Fournitures scolaires\u00a0: Un march\u00e9 sous surveillance - La Voix de la Nation<\/title>\n<meta name=\"robots\" content=\"index, follow, max-snippet:-1, max-image-preview:large, max-video-preview:-1\" \/>\n<link rel=\"canonical\" href=\"https:\/\/lavoixdelanation.tg\/index.php\/2025\/08\/13\/fournitures-scolaires-un-marche-sous-surveillance\/\" \/>\n<meta property=\"og:locale\" content=\"fr_FR\" \/>\n<meta property=\"og:type\" content=\"article\" \/>\n<meta property=\"og:title\" content=\"Fournitures scolaires\u00a0: Un march\u00e9 sous surveillance - La Voix de la Nation\" \/>\n<meta property=\"og:description\" content=\"Le minist\u00e8re togolais du commerce, de l\u2019artisanat et de la consommation locale d\u00e9roule son plan de surveillance du march\u00e9 des fournitures scolaires avec une rencontre avec les principaux importateurs, \u00e0&hellip;\" \/>\n<meta property=\"og:url\" content=\"https:\/\/lavoixdelanation.tg\/index.php\/2025\/08\/13\/fournitures-scolaires-un-marche-sous-surveillance\/\" \/>\n<meta property=\"og:site_name\" content=\"La Voix de la Nation\" \/>\n<meta property=\"article:publisher\" content=\"https:\/\/www.facebook.com\/lavoixdelanation\" \/>\n<meta property=\"article:published_time\" content=\"2025-08-13T20:06:00+00:00\" \/>\n<meta property=\"article:modified_time\" content=\"2025-08-15T11:18:57+00:00\" \/>\n<meta property=\"og:image\" content=\"https:\/\/lavoixdelanation.tg\/wp-content\/uploads\/2025\/08\/Surveillance-du-marche-des-fournitures-scolaires-au-Togo.jpeg\" \/>\n\t<meta property=\"og:image:width\" content=\"1080\" \/>\n\t<meta property=\"og:image:height\" content=\"693\" \/>\n\t<meta property=\"og:image:type\" content=\"image\/jpeg\" \/>\n<meta name=\"author\" content=\"La voix de la nation\" \/>\n<meta name=\"twitter:card\" content=\"summary_large_image\" \/>\n<meta name=\"twitter:label1\" content=\"\u00c9crit par\" \/>\n\t<meta name=\"twitter:data1\" content=\"La voix de la nation\" \/>\n\t<meta name=\"twitter:label2\" content=\"Dur\u00e9e de lecture estim\u00e9e\" \/>\n\t<meta name=\"twitter:data2\" content=\"1 minute\" \/>\n<script type=\"application\/ld+json\" class=\"yoast-schema-graph\">{\"@context\":\"https:\/\/schema.org\",\"@graph\":[{\"@type\":\"Article\",\"@id\":\"https:\/\/lavoixdelanation.tg\/index.php\/2025\/08\/13\/fournitures-scolaires-un-marche-sous-surveillance\/#article\",\"isPartOf\":{\"@id\":\"https:\/\/lavoixdelanation.tg\/index.php\/2025\/08\/13\/fournitures-scolaires-un-marche-sous-surveillance\/\"},\"author\":{\"name\":\"La voix de la nation\",\"@id\":\"https:\/\/lavoixdelanation.tg\/#\/schema\/person\/6c489293aa38053673a9e554acb6e224\"},\"headline\":\"Fournitures scolaires\u00a0: Un march\u00e9 sous surveillance\",\"datePublished\":\"2025-08-13T20:06:00+00:00\",\"dateModified\":\"2025-08-15T11:18:57+00:00\",\"mainEntityOfPage\":{\"@id\":\"https:\/\/lavoixdelanation.tg\/index.php\/2025\/08\/13\/fournitures-scolaires-un-marche-sous-surveillance\/\"},\"wordCount\":282,\"commentCount\":0,\"publisher\":{\"@id\":\"https:\/\/lavoixdelanation.tg\/#organization\"},\"image\":{\"@id\":\"https:\/\/lavoixdelanation.tg\/index.php\/2025\/08\/13\/fournitures-scolaires-un-marche-sous-surveillance\/#primaryimage\"},\"thumbnailUrl\":\"https:\/\/lavoixdelanation.tg\/wp-content\/uploads\/2025\/08\/Surveillance-du-marche-des-fournitures-scolaires-au-Togo.jpeg\",\"keywords\":[\"Commerce\",\"fournitures scolaires\",\"Togo\"],\"articleSection\":[\"Education\"],\"inLanguage\":\"fr-FR\",\"potentialAction\":[{\"@type\":\"CommentAction\",\"name\":\"Comment\",\"target\":[\"https:\/\/lavoixdelanation.tg\/index.php\/2025\/08\/13\/fournitures-scolaires-un-marche-sous-surveillance\/#respond\"]}]},{\"@type\":\"WebPage\",\"@id\":\"https:\/\/lavoixdelanation.tg\/index.php\/2025\/08\/13\/fournitures-scolaires-un-marche-sous-surveillance\/\",\"url\":\"https:\/\/lavoixdelanation.tg\/index.php\/2025\/08\/13\/fournitures-scolaires-un-marche-sous-surveillance\/\",\"name\":\"Fournitures scolaires\u00a0: Un march\u00e9 sous surveillance - La Voix de la Nation\",\"isPartOf\":{\"@id\":\"https:\/\/lavoixdelanation.tg\/#website\"},\"primaryImageOfPage\":{\"@id\":\"https:\/\/lavoixdelanation.tg\/index.php\/2025\/08\/13\/fournitures-scolaires-un-marche-sous-surveillance\/#primaryimage\"},\"image\":{\"@id\":\"https:\/\/lavoixdelanation.tg\/index.php\/2025\/08\/13\/fournitures-scolaires-un-marche-sous-surveillance\/#primaryimage\"},\"thumbnailUrl\":\"https:\/\/lavoixdelanation.tg\/wp-content\/uploads\/2025\/08\/Surveillance-du-marche-des-fournitures-scolaires-au-Togo.jpeg\",\"datePublished\":\"2025-08-13T20:06:00+00:00\",\"dateModified\":\"2025-08-15T11:18:57+00:00\",\"breadcrumb\":{\"@id\":\"https:\/\/lavoixdelanation.tg\/index.php\/2025\/08\/13\/fournitures-scolaires-un-marche-sous-surveillance\/#breadcrumb\"},\"inLanguage\":\"fr-FR\",\"potentialAction\":[{\"@type\":\"ReadAction\",\"target\":[\"https:\/\/lavoixdelanation.tg\/index.php\/2025\/08\/13\/fournitures-scolaires-un-marche-sous-surveillance\/\"]}]},{\"@type\":\"ImageObject\",\"inLanguage\":\"fr-FR\",\"@id\":\"https:\/\/lavoixdelanation.tg\/index.php\/2025\/08\/13\/fournitures-scolaires-un-marche-sous-surveillance\/#primaryimage\",\"url\":\"https:\/\/lavoixdelanation.tg\/wp-content\/uploads\/2025\/08\/Surveillance-du-marche-des-fournitures-scolaires-au-Togo.jpeg\",\"contentUrl\":\"https:\/\/lavoixdelanation.tg\/wp-content\/uploads\/2025\/08\/Surveillance-du-marche-des-fournitures-scolaires-au-Togo.jpeg\",\"width\":1080,\"height\":693},{\"@type\":\"BreadcrumbList\",\"@id\":\"https:\/\/lavoixdelanation.tg\/index.php\/2025\/08\/13\/fournitures-scolaires-un-marche-sous-surveillance\/#breadcrumb\",\"itemListElement\":[{\"@type\":\"ListItem\",\"position\":1,\"name\":\"Accueil\",\"item\":\"https:\/\/lavoixdelanation.tg\/\"},{\"@type\":\"ListItem\",\"position\":2,\"name\":\"Fournitures scolaires\u00a0: Un march\u00e9 sous surveillance\"}]},{\"@type\":\"WebSite\",\"@id\":\"https:\/\/lavoixdelanation.tg\/#website\",\"url\":\"https:\/\/lavoixdelanation.tg\/\",\"name\":\"La Voix de la Nation\",\"description\":\"R\u00e9c\u00e9piss\u00e9 n\u00b00108\/HAAC\/01-2024\/pl\/P\",\"publisher\":{\"@id\":\"https:\/\/lavoixdelanation.tg\/#organization\"},\"alternateName\":\"VON\",\"potentialAction\":[{\"@type\":\"SearchAction\",\"target\":{\"@type\":\"EntryPoint\",\"urlTemplate\":\"https:\/\/lavoixdelanation.tg\/?s={search_term_string}\"},\"query-input\":{\"@type\":\"PropertyValueSpecification\",\"valueRequired\":true,\"valueName\":\"search_term_string\"}}],\"inLanguage\":\"fr-FR\"},{\"@type\":\"Organization\",\"@id\":\"https:\/\/lavoixdelanation.tg\/#organization\",\"name\":\"La Voix de la Nation\",\"url\":\"https:\/\/lavoixdelanation.tg\/\",\"logo\":{\"@type\":\"ImageObject\",\"inLanguage\":\"fr-FR\",\"@id\":\"https:\/\/lavoixdelanation.tg\/#\/schema\/logo\/image\/\",\"url\":\"https:\/\/lavoixdelanation.tg\/wp-content\/uploads\/2024\/12\/lavn-1.png\",\"contentUrl\":\"https:\/\/lavoixdelanation.tg\/wp-content\/uploads\/2024\/12\/lavn-1.png\",\"width\":1024,\"height\":464,\"caption\":\"La Voix de la Nation\"},\"image\":{\"@id\":\"https:\/\/lavoixdelanation.tg\/#\/schema\/logo\/image\/\"},\"sameAs\":[\"https:\/\/www.facebook.com\/lavoixdelanation\"]},{\"@type\":\"Person\",\"@id\":\"https:\/\/lavoixdelanation.tg\/#\/schema\/person\/6c489293aa38053673a9e554acb6e224\",\"name\":\"La voix de la nation\",\"image\":{\"@type\":\"ImageObject\",\"inLanguage\":\"fr-FR\",\"@id\":\"https:\/\/lavoixdelanation.tg\/#\/schema\/person\/image\/\",\"url\":\"https:\/\/secure.gravatar.com\/avatar\/8aa135d4bbc794494cecaa8d483f6d6cc1023624868deaff686baed5e727a5a1?s=96&d=mm&r=g\",\"contentUrl\":\"https:\/\/secure.gravatar.com\/avatar\/8aa135d4bbc794494cecaa8d483f6d6cc1023624868deaff686baed5e727a5a1?s=96&d=mm&r=g\",\"caption\":\"La voix de la nation\"},\"sameAs\":[\"https:\/\/lavoixdelanation.tg\"],\"url\":\"https:\/\/lavoixdelanation.tg\/index.php\/author\/lavn\/\"}]}<\/script>\n<!-- \/ Yoast SEO plugin. -->","yoast_head_json":{"title":"Fournitures scolaires\u00a0: Un march\u00e9 sous surveillance - La Voix de la Nation","robots":{"index":"index","follow":"follow","max-snippet":"max-snippet:-1","max-image-preview":"max-image-preview:large","max-video-preview":"max-video-preview:-1"},"canonical":"https:\/\/lavoixdelanation.tg\/index.php\/2025\/08\/13\/fournitures-scolaires-un-marche-sous-surveillance\/","og_locale":"fr_FR","og_type":"article","og_title":"Fournitures scolaires\u00a0: Un march\u00e9 sous surveillance - La Voix de la Nation","og_description":"Le minist\u00e8re togolais du commerce, de l\u2019artisanat et de la consommation locale d\u00e9roule son plan de surveillance du march\u00e9 des fournitures scolaires avec une rencontre avec les principaux importateurs, \u00e0&hellip;","og_url":"https:\/\/lavoixdelanation.tg\/index.php\/2025\/08\/13\/fournitures-scolaires-un-marche-sous-surveillance\/","og_site_name":"La Voix de la Nation","article_publisher":"https:\/\/www.facebook.com\/lavoixdelanation","article_published_time":"2025-08-13T20:06:00+00:00","article_modified_time":"2025-08-15T11:18:57+00:00","og_image":[{"width":1080,"height":693,"url":"https:\/\/lavoixdelanation.tg\/wp-content\/uploads\/2025\/08\/Surveillance-du-marche-des-fournitures-scolaires-au-Togo.jpeg","type":"image\/jpeg"}],"author":"La voix de la nation","twitter_card":"summary_large_image","twitter_misc":{"\u00c9crit par":"La voix de la nation","Dur\u00e9e de lecture estim\u00e9e":"1 minute"},"schema":{"@context":"https:\/\/schema.org","@graph":[{"@type":"Article","@id":"https:\/\/lavoixdelanation.tg\/index.php\/2025\/08\/13\/fournitures-scolaires-un-marche-sous-surveillance\/#article","isPartOf":{"@id":"https:\/\/lavoixdelanation.tg\/index.php\/2025\/08\/13\/fournitures-scolaires-un-marche-sous-surveillance\/"},"author":{"name":"La voix de la nation","@id":"https:\/\/lavoixdelanation.tg\/#\/schema\/person\/6c489293aa38053673a9e554acb6e224"},"headline":"Fournitures scolaires\u00a0: Un march\u00e9 sous surveillance","datePublished":"2025-08-13T20:06:00+00:00","dateModified":"2025-08-15T11:18:57+00:00","mainEntityOfPage":{"@id":"https:\/\/lavoixdelanation.tg\/index.php\/2025\/08\/13\/fournitures-scolaires-un-marche-sous-surveillance\/"},"wordCount":282,"commentCount":0,"publisher":{"@id":"https:\/\/lavoixdelanation.tg\/#organization"},"image":{"@id":"https:\/\/lavoixdelanation.tg\/index.php\/2025\/08\/13\/fournitures-scolaires-un-marche-sous-surveillance\/#primaryimage"},"thumbnailUrl":"https:\/\/lavoixdelanation.tg\/wp-content\/uploads\/2025\/08\/Surveillance-du-marche-des-fournitures-scolaires-au-Togo.jpeg","keywords":["Commerce","fournitures scolaires","Togo"],"articleSection":["Education"],"inLanguage":"fr-FR","potentialAction":[{"@type":"CommentAction","name":"Comment","target":["https:\/\/lavoixdelanation.tg\/index.php\/2025\/08\/13\/fournitures-scolaires-un-marche-sous-surveillance\/#respond"]}]},{"@type":"WebPage","@id":"https:\/\/lavoixdelanation.tg\/index.php\/2025\/08\/13\/fournitures-scolaires-un-marche-sous-surveillance\/","url":"https:\/\/lavoixdelanation.tg\/index.php\/2025\/08\/13\/fournitures-scolaires-un-marche-sous-surveillance\/","name":"Fournitures scolaires\u00a0: Un march\u00e9 sous surveillance - La Voix de la Nation","isPartOf":{"@id":"https:\/\/lavoixdelanation.tg\/#website"},"primaryImageOfPage":{"@id":"https:\/\/lavoixdelanation.tg\/index.php\/2025\/08\/13\/fournitures-scolaires-un-marche-sous-surveillance\/#primaryimage"},"image":{"@id":"https:\/\/lavoixdelanation.tg\/index.php\/2025\/08\/13\/fournitures-scolaires-un-marche-sous-surveillance\/#primaryimage"},"thumbnailUrl":"https:\/\/lavoixdelanation.tg\/wp-content\/uploads\/2025\/08\/Surveillance-du-marche-des-fournitures-scolaires-au-Togo.jpeg","datePublished":"2025-08-13T20:06:00+00:00","dateModified":"2025-08-15T11:18:57+00:00","breadcrumb":{"@id":"https:\/\/lavoixdelanation.tg\/index.php\/2025\/08\/13\/fournitures-scolaires-un-marche-sous-surveillance\/#breadcrumb"},"inLanguage":"fr-FR","potentialAction":[{"@type":"ReadAction","target":["https:\/\/lavoixdelanation.tg\/index.php\/2025\/08\/13\/fournitures-scolaires-un-marche-sous-surveillance\/"]}]},{"@type":"ImageObject","inLanguage":"fr-FR","@id":"https:\/\/lavoixdelanation.tg\/index.php\/2025\/08\/13\/fournitures-scolaires-un-marche-sous-surveillance\/#primaryimage","url":"https:\/\/lavoixdelanation.tg\/wp-content\/uploads\/2025\/08\/Surveillance-du-marche-des-fournitures-scolaires-au-Togo.jpeg","contentUrl":"https:\/\/lavoixdelanation.tg\/wp-content\/uploads\/2025\/08\/Surveillance-du-marche-des-fournitures-scolaires-au-Togo.jpeg","width":1080,"height":693},{"@type":"BreadcrumbList","@id":"https:\/\/lavoixdelanation.tg\/index.php\/2025\/08\/13\/fournitures-scolaires-un-marche-sous-surveillance\/#breadcrumb","itemListElement":[{"@type":"ListItem","position":1,"name":"Accueil","item":"https:\/\/lavoixdelanation.tg\/"},{"@type":"ListItem","position":2,"name":"Fournitures scolaires\u00a0: Un march\u00e9 sous surveillance"}]},{"@type":"WebSite","@id":"https:\/\/lavoixdelanation.tg\/#website","url":"https:\/\/lavoixdelanation.tg\/","name":"La Voix de la Nation","description":"R\u00e9c\u00e9piss\u00e9 n\u00b00108\/HAAC\/01-2024\/pl\/P","publisher":{"@id":"https:\/\/lavoixdelanation.tg\/#organization"},"alternateName":"VON","potentialAction":[{"@type":"SearchAction","target":{"@type":"EntryPoint","urlTemplate":"https:\/\/lavoixdelanation.tg\/?s={search_term_string}"},"query-input":{"@type":"PropertyValueSpecification","valueRequired":true,"valueName":"search_term_string"}}],"inLanguage":"fr-FR"},{"@type":"Organization","@id":"https:\/\/lavoixdelanation.tg\/#organization","name":"La Voix de la Nation","url":"https:\/\/lavoixdelanation.tg\/","logo":{"@type":"ImageObject","inLanguage":"fr-FR","@id":"https:\/\/lavoixdelanation.tg\/#\/schema\/logo\/image\/","url":"https:\/\/lavoixdelanation.tg\/wp-content\/uploads\/2024\/12\/lavn-1.png","contentUrl":"https:\/\/lavoixdelanation.tg\/wp-content\/uploads\/2024\/12\/lavn-1.png","width":1024,"height":464,"caption":"La Voix de la Nation"},"image":{"@id":"https:\/\/lavoixdelanation.tg\/#\/schema\/logo\/image\/"},"sameAs":["https:\/\/www.facebook.com\/lavoixdelanation"]},{"@type":"Person","@id":"https:\/\/lavoixdelanation.tg\/#\/schema\/person\/6c489293aa38053673a9e554acb6e224","name":"La voix de la nation","image":{"@type":"ImageObject","inLanguage":"fr-FR","@id":"https:\/\/lavoixdelanation.tg\/#\/schema\/person\/image\/","url":"https:\/\/secure.gravatar.com\/avatar\/8aa135d4bbc794494cecaa8d483f6d6cc1023624868deaff686baed5e727a5a1?s=96&d=mm&r=g","contentUrl":"https:\/\/secure.gravatar.com\/avatar\/8aa135d4bbc794494cecaa8d483f6d6cc1023624868deaff686baed5e727a5a1?s=96&d=mm&r=g","caption":"La voix de la nation"},"sameAs":["https:\/\/lavoixdelanation.tg"],"url":"https:\/\/lavoixdelanation.tg\/index.php\/author\/lavn\/"}]}},"_links":{"self":[{"href":"https:\/\/lavoixdelanation.tg\/index.php\/wp-json\/wp\/v2\/posts\/5974","targetHints":{"allow":["GET"]}}],"collection":[{"href":"https:\/\/lavoixdelanation.tg\/index.php\/wp-json\/wp\/v2\/posts"}],"about":[{"href":"https:\/\/lavoixdelanation.tg\/index.php\/wp-json\/wp\/v2\/types\/post"}],"author":[{"embeddable":true,"href":"https:\/\/lavoixdelanation.tg\/index.php\/wp-json\/wp\/v2\/users\/1"}],"replies":[{"embeddable":true,"href":"https:\/\/lavoixdelanation.tg\/index.php\/wp-json\/wp\/v2\/comments?post=5974"}],"version-history":[{"count":1,"href":"https:\/\/lavoixdelanation.tg\/index.php\/wp-json\/wp\/v2\/posts\/5974\/revisions"}],"predecessor-version":[{"id":5980,"href":"https:\/\/lavoixdelanation.tg\/index.php\/wp-json\/wp\/v2\/posts\/5974\/revisions\/5980"}],"wp:featuredmedia":[{"embeddable":true,"href":"https:\/\/lavoixdelanation.tg\/index.php\/wp-json\/wp\/v2\/media\/5979"}],"wp:attachment":[{"href":"https:\/\/lavoixdelanation.tg\/index.php\/wp-json\/wp\/v2\/media?parent=5974"}],"wp:term":[{"taxonomy":"category","embeddable":true,"href":"https:\/\/lavoixdelanation.tg\/index.php\/wp-json\/wp\/v2\/categories?post=5974"},{"taxonomy":"post_tag","embeddable":true,"href":"https:\/\/lavoixdelanation.tg\/index.php\/wp-json\/wp\/v2\/tags?post=5974"}],"curies":[{"name":"wp","href":"https:\/\/api.w.org\/{rel}","templated":true}]}}