{"id":5964,"date":"2025-08-14T09:45:00","date_gmt":"2025-08-14T07:45:00","guid":{"rendered":"https:\/\/lavoixdelanation.tg\/?p=5964"},"modified":"2025-08-15T12:51:45","modified_gmt":"2025-08-15T10:51:45","slug":"energie-le-togo-appele-a-une-collaboration-sur-le-projet-nigerien-du-complexe-charbonnier-de-salkadamna","status":"publish","type":"post","link":"https:\/\/lavoixdelanation.tg\/index.php\/2025\/08\/14\/energie-le-togo-appele-a-une-collaboration-sur-le-projet-nigerien-du-complexe-charbonnier-de-salkadamna\/","title":{"rendered":"Energie\u00a0: Le Togo appel\u00e9 \u00e0 une collaboration sur le projet nig\u00e9rien du complexe charbonnier de Salkadamna"},"content":{"rendered":"\n<p><strong>Le Togo est appel\u00e9 \u00e0 s\u2019associer \u00e0 la mise en \u0153uvre du projet nig\u00e9rien du complexe charbonnier de Salkadamna, une initiative majeure pour la souverainet\u00e9 \u00e9nerg\u00e9tique r\u00e9gionale.<\/strong><\/p>\n\n\n\n<p>Le sujet \u00e9tait en effet au centre d\u2019une rencontre d\u2019\u00e9change ce 13 ao\u00fbt 2025 entre le Pr\u00e9sident du Conseil Faure Gnassingb\u00e9 et une d\u00e9l\u00e9gation nig\u00e9rienne conduite par Mme Amadou Haoua, ministre de l\u2019\u00c9nergie du Niger.<\/p>\n\n\n\n<p>\u00ab&nbsp;Nous sommes ici pour inviter la R\u00e9publique s\u0153ur du Togo \u00e0 s\u2019associer \u00e0 une dynamique port\u00e9e sur le projet du complexe charbonnier de Salkadamna.&nbsp;Nous appelons tous les \u00c9tats de la r\u00e9gion \u00e0 s\u2019associer \u00e0 ce projet pour rendre notre r\u00e9gion autonome sur le plan \u00e9nerg\u00e9tique \u00bb, a en effet indiqu\u00e9 le ministre de l\u2019\u00c9nergie du Niger.<\/p>\n\n\n\n<p>Mme Amadou Haoua a remerci\u00e9 le Pr\u00e9sident du Conseil pour la qualit\u00e9 d\u2019\u00e9coute et pour l\u2019accueil chaleureux dont elle a b\u00e9n\u00e9fici\u00e9 au cours de son s\u00e9jour au Togo.<\/p>\n\n\n\n<p>A Lom\u00e9, la d\u00e9l\u00e9gation a \u00e9galement eu des s\u00e9ances de travail avec le minist\u00e8re des Mines et des Ressources \u00e9nerg\u00e9tiques du Togo, avec \u00e0 sa t\u00eate les ministres Robert Koffi Messan Eklo et Mawussi Kakatsi en charge des Mines et des Ressources \u00e9nerg\u00e9tiques.<\/p>\n\n\n\n<p>Le projet vise \u00e0 exploiter de vastes r\u00e9serves de charbon estim\u00e9es \u00e0 69 millions de tonnes, afin de renforcer l\u2019ind\u00e9pendance \u00e9nerg\u00e9tique. Il pr\u00e9voit la construction d\u2019une centrale thermique d\u2019une capacit\u00e9 de plus de 5.200 m\u00e9gawatts, des lignes de transmission d\u2019\u00e9nergie d\u2019une usine de briquettes de charbon capable de produire 100.000 tonnes par an.<strong><\/strong><\/p>\n\n\n\n<p><strong>David S.<\/strong><\/p>\n\n\n\n<p><\/p>\n","protected":false},"excerpt":{"rendered":"<p>Le Togo est appel\u00e9 \u00e0 s\u2019associer \u00e0 la mise en \u0153uvre du projet nig\u00e9rien du complexe charbonnier de Salkadamna, une initiative majeure pour la souverainet\u00e9 \u00e9nerg\u00e9tique r\u00e9gionale. Le sujet \u00e9tait&hellip; <\/p>\n","protected":false},"author":1,"featured_media":5965,"comment_status":"open","ping_status":"open","sticky":false,"template":"","format":"standard","meta":{"footnotes":""},"categories":[29],"tags":[890],"class_list":["post-5964","post","type-post","status-publish","format-standard","has-post-thumbnail","hentry","category-societe","tag-complexe-charbonnier-de-salkadamna"],"yoast_head":"<!-- This site is optimized with the Yoast SEO plugin v26.4 - https:\/\/yoast.com\/wordpress\/plugins\/seo\/ -->\n<title>Energie\u00a0: Le Togo appel\u00e9 \u00e0 une collaboration sur le projet nig\u00e9rien du complexe charbonnier de Salkadamna - La Voix de la Nation<\/title>\n<meta name=\"robots\" content=\"index, follow, max-snippet:-1, max-image-preview:large, max-video-preview:-1\" \/>\n<link rel=\"canonical\" href=\"https:\/\/lavoixdelanation.tg\/index.php\/2025\/08\/14\/energie-le-togo-appele-a-une-collaboration-sur-le-projet-nigerien-du-complexe-charbonnier-de-salkadamna\/\" \/>\n<meta property=\"og:locale\" content=\"fr_FR\" \/>\n<meta property=\"og:type\" content=\"article\" \/>\n<meta property=\"og:title\" content=\"Energie\u00a0: Le Togo appel\u00e9 \u00e0 une collaboration sur le projet nig\u00e9rien du complexe charbonnier de Salkadamna - La Voix de la Nation\" \/>\n<meta property=\"og:description\" content=\"Le Togo est appel\u00e9 \u00e0 s\u2019associer \u00e0 la mise en \u0153uvre du projet nig\u00e9rien du complexe charbonnier de Salkadamna, une initiative majeure pour la souverainet\u00e9 \u00e9nerg\u00e9tique r\u00e9gionale. Le sujet \u00e9tait&hellip;\" \/>\n<meta property=\"og:url\" content=\"https:\/\/lavoixdelanation.tg\/index.php\/2025\/08\/14\/energie-le-togo-appele-a-une-collaboration-sur-le-projet-nigerien-du-complexe-charbonnier-de-salkadamna\/\" \/>\n<meta property=\"og:site_name\" content=\"La Voix de la Nation\" \/>\n<meta property=\"article:publisher\" content=\"https:\/\/www.facebook.com\/lavoixdelanation\" \/>\n<meta property=\"article:published_time\" content=\"2025-08-14T07:45:00+00:00\" \/>\n<meta property=\"article:modified_time\" content=\"2025-08-15T10:51:45+00:00\" \/>\n<meta property=\"og:image\" content=\"https:\/\/lavoixdelanation.tg\/wp-content\/uploads\/2025\/08\/Amadou-Haoua-chez-Faure-Gnassingbe-a-Lome.jpg\" \/>\n\t<meta property=\"og:image:width\" content=\"800\" \/>\n\t<meta property=\"og:image:height\" content=\"586\" \/>\n\t<meta property=\"og:image:type\" content=\"image\/jpeg\" \/>\n<meta name=\"author\" content=\"La voix de la nation\" \/>\n<meta name=\"twitter:card\" content=\"summary_large_image\" \/>\n<meta name=\"twitter:label1\" content=\"\u00c9crit par\" \/>\n\t<meta name=\"twitter:data1\" content=\"La voix de la nation\" \/>\n\t<meta name=\"twitter:label2\" content=\"Dur\u00e9e de lecture estim\u00e9e\" \/>\n\t<meta name=\"twitter:data2\" content=\"1 minute\" \/>\n<script type=\"application\/ld+json\" class=\"yoast-schema-graph\">{\"@context\":\"https:\/\/schema.org\",\"@graph\":[{\"@type\":\"Article\",\"@id\":\"https:\/\/lavoixdelanation.tg\/index.php\/2025\/08\/14\/energie-le-togo-appele-a-une-collaboration-sur-le-projet-nigerien-du-complexe-charbonnier-de-salkadamna\/#article\",\"isPartOf\":{\"@id\":\"https:\/\/lavoixdelanation.tg\/index.php\/2025\/08\/14\/energie-le-togo-appele-a-une-collaboration-sur-le-projet-nigerien-du-complexe-charbonnier-de-salkadamna\/\"},\"author\":{\"name\":\"La voix de la nation\",\"@id\":\"https:\/\/lavoixdelanation.tg\/#\/schema\/person\/6c489293aa38053673a9e554acb6e224\"},\"headline\":\"Energie\u00a0: Le Togo appel\u00e9 \u00e0 une collaboration sur le projet nig\u00e9rien du complexe charbonnier de Salkadamna\",\"datePublished\":\"2025-08-14T07:45:00+00:00\",\"dateModified\":\"2025-08-15T10:51:45+00:00\",\"mainEntityOfPage\":{\"@id\":\"https:\/\/lavoixdelanation.tg\/index.php\/2025\/08\/14\/energie-le-togo-appele-a-une-collaboration-sur-le-projet-nigerien-du-complexe-charbonnier-de-salkadamna\/\"},\"wordCount\":293,\"commentCount\":0,\"publisher\":{\"@id\":\"https:\/\/lavoixdelanation.tg\/#organization\"},\"image\":{\"@id\":\"https:\/\/lavoixdelanation.tg\/index.php\/2025\/08\/14\/energie-le-togo-appele-a-une-collaboration-sur-le-projet-nigerien-du-complexe-charbonnier-de-salkadamna\/#primaryimage\"},\"thumbnailUrl\":\"https:\/\/lavoixdelanation.tg\/wp-content\/uploads\/2025\/08\/Amadou-Haoua-chez-Faure-Gnassingbe-a-Lome.jpg\",\"keywords\":[\"complexe charbonnier de Salkadamna\"],\"articleSection\":[\"Soci\u00e9t\u00e9\"],\"inLanguage\":\"fr-FR\",\"potentialAction\":[{\"@type\":\"CommentAction\",\"name\":\"Comment\",\"target\":[\"https:\/\/lavoixdelanation.tg\/index.php\/2025\/08\/14\/energie-le-togo-appele-a-une-collaboration-sur-le-projet-nigerien-du-complexe-charbonnier-de-salkadamna\/#respond\"]}]},{\"@type\":\"WebPage\",\"@id\":\"https:\/\/lavoixdelanation.tg\/index.php\/2025\/08\/14\/energie-le-togo-appele-a-une-collaboration-sur-le-projet-nigerien-du-complexe-charbonnier-de-salkadamna\/\",\"url\":\"https:\/\/lavoixdelanation.tg\/index.php\/2025\/08\/14\/energie-le-togo-appele-a-une-collaboration-sur-le-projet-nigerien-du-complexe-charbonnier-de-salkadamna\/\",\"name\":\"Energie\u00a0: Le Togo appel\u00e9 \u00e0 une collaboration sur le projet nig\u00e9rien du complexe charbonnier de Salkadamna - La Voix de la Nation\",\"isPartOf\":{\"@id\":\"https:\/\/lavoixdelanation.tg\/#website\"},\"primaryImageOfPage\":{\"@id\":\"https:\/\/lavoixdelanation.tg\/index.php\/2025\/08\/14\/energie-le-togo-appele-a-une-collaboration-sur-le-projet-nigerien-du-complexe-charbonnier-de-salkadamna\/#primaryimage\"},\"image\":{\"@id\":\"https:\/\/lavoixdelanation.tg\/index.php\/2025\/08\/14\/energie-le-togo-appele-a-une-collaboration-sur-le-projet-nigerien-du-complexe-charbonnier-de-salkadamna\/#primaryimage\"},\"thumbnailUrl\":\"https:\/\/lavoixdelanation.tg\/wp-content\/uploads\/2025\/08\/Amadou-Haoua-chez-Faure-Gnassingbe-a-Lome.jpg\",\"datePublished\":\"2025-08-14T07:45:00+00:00\",\"dateModified\":\"2025-08-15T10:51:45+00:00\",\"breadcrumb\":{\"@id\":\"https:\/\/lavoixdelanation.tg\/index.php\/2025\/08\/14\/energie-le-togo-appele-a-une-collaboration-sur-le-projet-nigerien-du-complexe-charbonnier-de-salkadamna\/#breadcrumb\"},\"inLanguage\":\"fr-FR\",\"potentialAction\":[{\"@type\":\"ReadAction\",\"target\":[\"https:\/\/lavoixdelanation.tg\/index.php\/2025\/08\/14\/energie-le-togo-appele-a-une-collaboration-sur-le-projet-nigerien-du-complexe-charbonnier-de-salkadamna\/\"]}]},{\"@type\":\"ImageObject\",\"inLanguage\":\"fr-FR\",\"@id\":\"https:\/\/lavoixdelanation.tg\/index.php\/2025\/08\/14\/energie-le-togo-appele-a-une-collaboration-sur-le-projet-nigerien-du-complexe-charbonnier-de-salkadamna\/#primaryimage\",\"url\":\"https:\/\/lavoixdelanation.tg\/wp-content\/uploads\/2025\/08\/Amadou-Haoua-chez-Faure-Gnassingbe-a-Lome.jpg\",\"contentUrl\":\"https:\/\/lavoixdelanation.tg\/wp-content\/uploads\/2025\/08\/Amadou-Haoua-chez-Faure-Gnassingbe-a-Lome.jpg\",\"width\":800,\"height\":586,\"caption\":\"Amadou Haoua chez Faure Gnassingb\u00e9 \u00e0 Lom\u00e9\"},{\"@type\":\"BreadcrumbList\",\"@id\":\"https:\/\/lavoixdelanation.tg\/index.php\/2025\/08\/14\/energie-le-togo-appele-a-une-collaboration-sur-le-projet-nigerien-du-complexe-charbonnier-de-salkadamna\/#breadcrumb\",\"itemListElement\":[{\"@type\":\"ListItem\",\"position\":1,\"name\":\"Accueil\",\"item\":\"https:\/\/lavoixdelanation.tg\/\"},{\"@type\":\"ListItem\",\"position\":2,\"name\":\"Energie\u00a0: Le Togo appel\u00e9 \u00e0 une collaboration sur le projet nig\u00e9rien du complexe charbonnier de Salkadamna\"}]},{\"@type\":\"WebSite\",\"@id\":\"https:\/\/lavoixdelanation.tg\/#website\",\"url\":\"https:\/\/lavoixdelanation.tg\/\",\"name\":\"La Voix de la Nation\",\"description\":\"R\u00e9c\u00e9piss\u00e9 n\u00b00108\/HAAC\/01-2024\/pl\/P\",\"publisher\":{\"@id\":\"https:\/\/lavoixdelanation.tg\/#organization\"},\"alternateName\":\"VON\",\"potentialAction\":[{\"@type\":\"SearchAction\",\"target\":{\"@type\":\"EntryPoint\",\"urlTemplate\":\"https:\/\/lavoixdelanation.tg\/?s={search_term_string}\"},\"query-input\":{\"@type\":\"PropertyValueSpecification\",\"valueRequired\":true,\"valueName\":\"search_term_string\"}}],\"inLanguage\":\"fr-FR\"},{\"@type\":\"Organization\",\"@id\":\"https:\/\/lavoixdelanation.tg\/#organization\",\"name\":\"La Voix de la Nation\",\"url\":\"https:\/\/lavoixdelanation.tg\/\",\"logo\":{\"@type\":\"ImageObject\",\"inLanguage\":\"fr-FR\",\"@id\":\"https:\/\/lavoixdelanation.tg\/#\/schema\/logo\/image\/\",\"url\":\"https:\/\/lavoixdelanation.tg\/wp-content\/uploads\/2024\/12\/lavn-1.png\",\"contentUrl\":\"https:\/\/lavoixdelanation.tg\/wp-content\/uploads\/2024\/12\/lavn-1.png\",\"width\":1024,\"height\":464,\"caption\":\"La Voix de la Nation\"},\"image\":{\"@id\":\"https:\/\/lavoixdelanation.tg\/#\/schema\/logo\/image\/\"},\"sameAs\":[\"https:\/\/www.facebook.com\/lavoixdelanation\"]},{\"@type\":\"Person\",\"@id\":\"https:\/\/lavoixdelanation.tg\/#\/schema\/person\/6c489293aa38053673a9e554acb6e224\",\"name\":\"La voix de la nation\",\"image\":{\"@type\":\"ImageObject\",\"inLanguage\":\"fr-FR\",\"@id\":\"https:\/\/lavoixdelanation.tg\/#\/schema\/person\/image\/\",\"url\":\"https:\/\/secure.gravatar.com\/avatar\/8aa135d4bbc794494cecaa8d483f6d6cc1023624868deaff686baed5e727a5a1?s=96&d=mm&r=g\",\"contentUrl\":\"https:\/\/secure.gravatar.com\/avatar\/8aa135d4bbc794494cecaa8d483f6d6cc1023624868deaff686baed5e727a5a1?s=96&d=mm&r=g\",\"caption\":\"La voix de la nation\"},\"sameAs\":[\"https:\/\/lavoixdelanation.tg\"],\"url\":\"https:\/\/lavoixdelanation.tg\/index.php\/author\/lavn\/\"}]}<\/script>\n<!-- \/ Yoast SEO plugin. -->","yoast_head_json":{"title":"Energie\u00a0: Le Togo appel\u00e9 \u00e0 une collaboration sur le projet nig\u00e9rien du complexe charbonnier de Salkadamna - La Voix de la Nation","robots":{"index":"index","follow":"follow","max-snippet":"max-snippet:-1","max-image-preview":"max-image-preview:large","max-video-preview":"max-video-preview:-1"},"canonical":"https:\/\/lavoixdelanation.tg\/index.php\/2025\/08\/14\/energie-le-togo-appele-a-une-collaboration-sur-le-projet-nigerien-du-complexe-charbonnier-de-salkadamna\/","og_locale":"fr_FR","og_type":"article","og_title":"Energie\u00a0: Le Togo appel\u00e9 \u00e0 une collaboration sur le projet nig\u00e9rien du complexe charbonnier de Salkadamna - La Voix de la Nation","og_description":"Le Togo est appel\u00e9 \u00e0 s\u2019associer \u00e0 la mise en \u0153uvre du projet nig\u00e9rien du complexe charbonnier de Salkadamna, une initiative majeure pour la souverainet\u00e9 \u00e9nerg\u00e9tique r\u00e9gionale. Le sujet \u00e9tait&hellip;","og_url":"https:\/\/lavoixdelanation.tg\/index.php\/2025\/08\/14\/energie-le-togo-appele-a-une-collaboration-sur-le-projet-nigerien-du-complexe-charbonnier-de-salkadamna\/","og_site_name":"La Voix de la Nation","article_publisher":"https:\/\/www.facebook.com\/lavoixdelanation","article_published_time":"2025-08-14T07:45:00+00:00","article_modified_time":"2025-08-15T10:51:45+00:00","og_image":[{"width":800,"height":586,"url":"https:\/\/lavoixdelanation.tg\/wp-content\/uploads\/2025\/08\/Amadou-Haoua-chez-Faure-Gnassingbe-a-Lome.jpg","type":"image\/jpeg"}],"author":"La voix de la nation","twitter_card":"summary_large_image","twitter_misc":{"\u00c9crit par":"La voix de la nation","Dur\u00e9e de lecture estim\u00e9e":"1 minute"},"schema":{"@context":"https:\/\/schema.org","@graph":[{"@type":"Article","@id":"https:\/\/lavoixdelanation.tg\/index.php\/2025\/08\/14\/energie-le-togo-appele-a-une-collaboration-sur-le-projet-nigerien-du-complexe-charbonnier-de-salkadamna\/#article","isPartOf":{"@id":"https:\/\/lavoixdelanation.tg\/index.php\/2025\/08\/14\/energie-le-togo-appele-a-une-collaboration-sur-le-projet-nigerien-du-complexe-charbonnier-de-salkadamna\/"},"author":{"name":"La voix de la nation","@id":"https:\/\/lavoixdelanation.tg\/#\/schema\/person\/6c489293aa38053673a9e554acb6e224"},"headline":"Energie\u00a0: Le Togo appel\u00e9 \u00e0 une collaboration sur le projet nig\u00e9rien du complexe charbonnier de Salkadamna","datePublished":"2025-08-14T07:45:00+00:00","dateModified":"2025-08-15T10:51:45+00:00","mainEntityOfPage":{"@id":"https:\/\/lavoixdelanation.tg\/index.php\/2025\/08\/14\/energie-le-togo-appele-a-une-collaboration-sur-le-projet-nigerien-du-complexe-charbonnier-de-salkadamna\/"},"wordCount":293,"commentCount":0,"publisher":{"@id":"https:\/\/lavoixdelanation.tg\/#organization"},"image":{"@id":"https:\/\/lavoixdelanation.tg\/index.php\/2025\/08\/14\/energie-le-togo-appele-a-une-collaboration-sur-le-projet-nigerien-du-complexe-charbonnier-de-salkadamna\/#primaryimage"},"thumbnailUrl":"https:\/\/lavoixdelanation.tg\/wp-content\/uploads\/2025\/08\/Amadou-Haoua-chez-Faure-Gnassingbe-a-Lome.jpg","keywords":["complexe charbonnier de Salkadamna"],"articleSection":["Soci\u00e9t\u00e9"],"inLanguage":"fr-FR","potentialAction":[{"@type":"CommentAction","name":"Comment","target":["https:\/\/lavoixdelanation.tg\/index.php\/2025\/08\/14\/energie-le-togo-appele-a-une-collaboration-sur-le-projet-nigerien-du-complexe-charbonnier-de-salkadamna\/#respond"]}]},{"@type":"WebPage","@id":"https:\/\/lavoixdelanation.tg\/index.php\/2025\/08\/14\/energie-le-togo-appele-a-une-collaboration-sur-le-projet-nigerien-du-complexe-charbonnier-de-salkadamna\/","url":"https:\/\/lavoixdelanation.tg\/index.php\/2025\/08\/14\/energie-le-togo-appele-a-une-collaboration-sur-le-projet-nigerien-du-complexe-charbonnier-de-salkadamna\/","name":"Energie\u00a0: Le Togo appel\u00e9 \u00e0 une collaboration sur le projet nig\u00e9rien du complexe charbonnier de Salkadamna - La Voix de la Nation","isPartOf":{"@id":"https:\/\/lavoixdelanation.tg\/#website"},"primaryImageOfPage":{"@id":"https:\/\/lavoixdelanation.tg\/index.php\/2025\/08\/14\/energie-le-togo-appele-a-une-collaboration-sur-le-projet-nigerien-du-complexe-charbonnier-de-salkadamna\/#primaryimage"},"image":{"@id":"https:\/\/lavoixdelanation.tg\/index.php\/2025\/08\/14\/energie-le-togo-appele-a-une-collaboration-sur-le-projet-nigerien-du-complexe-charbonnier-de-salkadamna\/#primaryimage"},"thumbnailUrl":"https:\/\/lavoixdelanation.tg\/wp-content\/uploads\/2025\/08\/Amadou-Haoua-chez-Faure-Gnassingbe-a-Lome.jpg","datePublished":"2025-08-14T07:45:00+00:00","dateModified":"2025-08-15T10:51:45+00:00","breadcrumb":{"@id":"https:\/\/lavoixdelanation.tg\/index.php\/2025\/08\/14\/energie-le-togo-appele-a-une-collaboration-sur-le-projet-nigerien-du-complexe-charbonnier-de-salkadamna\/#breadcrumb"},"inLanguage":"fr-FR","potentialAction":[{"@type":"ReadAction","target":["https:\/\/lavoixdelanation.tg\/index.php\/2025\/08\/14\/energie-le-togo-appele-a-une-collaboration-sur-le-projet-nigerien-du-complexe-charbonnier-de-salkadamna\/"]}]},{"@type":"ImageObject","inLanguage":"fr-FR","@id":"https:\/\/lavoixdelanation.tg\/index.php\/2025\/08\/14\/energie-le-togo-appele-a-une-collaboration-sur-le-projet-nigerien-du-complexe-charbonnier-de-salkadamna\/#primaryimage","url":"https:\/\/lavoixdelanation.tg\/wp-content\/uploads\/2025\/08\/Amadou-Haoua-chez-Faure-Gnassingbe-a-Lome.jpg","contentUrl":"https:\/\/lavoixdelanation.tg\/wp-content\/uploads\/2025\/08\/Amadou-Haoua-chez-Faure-Gnassingbe-a-Lome.jpg","width":800,"height":586,"caption":"Amadou Haoua chez Faure Gnassingb\u00e9 \u00e0 Lom\u00e9"},{"@type":"BreadcrumbList","@id":"https:\/\/lavoixdelanation.tg\/index.php\/2025\/08\/14\/energie-le-togo-appele-a-une-collaboration-sur-le-projet-nigerien-du-complexe-charbonnier-de-salkadamna\/#breadcrumb","itemListElement":[{"@type":"ListItem","position":1,"name":"Accueil","item":"https:\/\/lavoixdelanation.tg\/"},{"@type":"ListItem","position":2,"name":"Energie\u00a0: Le Togo appel\u00e9 \u00e0 une collaboration sur le projet nig\u00e9rien du complexe charbonnier de Salkadamna"}]},{"@type":"WebSite","@id":"https:\/\/lavoixdelanation.tg\/#website","url":"https:\/\/lavoixdelanation.tg\/","name":"La Voix de la Nation","description":"R\u00e9c\u00e9piss\u00e9 n\u00b00108\/HAAC\/01-2024\/pl\/P","publisher":{"@id":"https:\/\/lavoixdelanation.tg\/#organization"},"alternateName":"VON","potentialAction":[{"@type":"SearchAction","target":{"@type":"EntryPoint","urlTemplate":"https:\/\/lavoixdelanation.tg\/?s={search_term_string}"},"query-input":{"@type":"PropertyValueSpecification","valueRequired":true,"valueName":"search_term_string"}}],"inLanguage":"fr-FR"},{"@type":"Organization","@id":"https:\/\/lavoixdelanation.tg\/#organization","name":"La Voix de la Nation","url":"https:\/\/lavoixdelanation.tg\/","logo":{"@type":"ImageObject","inLanguage":"fr-FR","@id":"https:\/\/lavoixdelanation.tg\/#\/schema\/logo\/image\/","url":"https:\/\/lavoixdelanation.tg\/wp-content\/uploads\/2024\/12\/lavn-1.png","contentUrl":"https:\/\/lavoixdelanation.tg\/wp-content\/uploads\/2024\/12\/lavn-1.png","width":1024,"height":464,"caption":"La Voix de la Nation"},"image":{"@id":"https:\/\/lavoixdelanation.tg\/#\/schema\/logo\/image\/"},"sameAs":["https:\/\/www.facebook.com\/lavoixdelanation"]},{"@type":"Person","@id":"https:\/\/lavoixdelanation.tg\/#\/schema\/person\/6c489293aa38053673a9e554acb6e224","name":"La voix de la nation","image":{"@type":"ImageObject","inLanguage":"fr-FR","@id":"https:\/\/lavoixdelanation.tg\/#\/schema\/person\/image\/","url":"https:\/\/secure.gravatar.com\/avatar\/8aa135d4bbc794494cecaa8d483f6d6cc1023624868deaff686baed5e727a5a1?s=96&d=mm&r=g","contentUrl":"https:\/\/secure.gravatar.com\/avatar\/8aa135d4bbc794494cecaa8d483f6d6cc1023624868deaff686baed5e727a5a1?s=96&d=mm&r=g","caption":"La voix de la nation"},"sameAs":["https:\/\/lavoixdelanation.tg"],"url":"https:\/\/lavoixdelanation.tg\/index.php\/author\/lavn\/"}]}},"_links":{"self":[{"href":"https:\/\/lavoixdelanation.tg\/index.php\/wp-json\/wp\/v2\/posts\/5964","targetHints":{"allow":["GET"]}}],"collection":[{"href":"https:\/\/lavoixdelanation.tg\/index.php\/wp-json\/wp\/v2\/posts"}],"about":[{"href":"https:\/\/lavoixdelanation.tg\/index.php\/wp-json\/wp\/v2\/types\/post"}],"author":[{"embeddable":true,"href":"https:\/\/lavoixdelanation.tg\/index.php\/wp-json\/wp\/v2\/users\/1"}],"replies":[{"embeddable":true,"href":"https:\/\/lavoixdelanation.tg\/index.php\/wp-json\/wp\/v2\/comments?post=5964"}],"version-history":[{"count":2,"href":"https:\/\/lavoixdelanation.tg\/index.php\/wp-json\/wp\/v2\/posts\/5964\/revisions"}],"predecessor-version":[{"id":5967,"href":"https:\/\/lavoixdelanation.tg\/index.php\/wp-json\/wp\/v2\/posts\/5964\/revisions\/5967"}],"wp:featuredmedia":[{"embeddable":true,"href":"https:\/\/lavoixdelanation.tg\/index.php\/wp-json\/wp\/v2\/media\/5965"}],"wp:attachment":[{"href":"https:\/\/lavoixdelanation.tg\/index.php\/wp-json\/wp\/v2\/media?parent=5964"}],"wp:term":[{"taxonomy":"category","embeddable":true,"href":"https:\/\/lavoixdelanation.tg\/index.php\/wp-json\/wp\/v2\/categories?post=5964"},{"taxonomy":"post_tag","embeddable":true,"href":"https:\/\/lavoixdelanation.tg\/index.php\/wp-json\/wp\/v2\/tags?post=5964"}],"curies":[{"name":"wp","href":"https:\/\/api.w.org\/{rel}","templated":true}]}}