{"id":5959,"date":"2025-08-14T19:07:00","date_gmt":"2025-08-14T17:07:00","guid":{"rendered":"https:\/\/lavoixdelanation.tg\/?p=5959"},"modified":"2025-08-15T12:15:01","modified_gmt":"2025-08-15T10:15:01","slug":"marathon-culinaire-le-gouvernement-apporte-son-soutien-a-laurence-assignon","status":"publish","type":"post","link":"https:\/\/lavoixdelanation.tg\/index.php\/2025\/08\/14\/marathon-culinaire-le-gouvernement-apporte-son-soutien-a-laurence-assignon\/","title":{"rendered":"Marathon culinaire : Le gouvernement apporte son soutien \u00e0 Laurence ASSIGNON"},"content":{"rendered":"\n<p><strong>Le gouvernement apporte son soutien \u00e0 la cheffe togolaise Laurence ASSIGNON qui veut inscrire son nom au palmar\u00e8s du Guinness Book pour le plus long marathon culinaire individuel.<\/strong><\/p>\n\n\n\n<p>Ce jeudi 14 ao\u00fbt 2025, trois membres du gouvernement \u00e9taient sur le site du marathon, le Centre Togolais des Expositions et Foires (CETEF) de Lom\u00e9 pour d\u00e9couvrir les prouesses culinaires de la cheffe engag\u00e9e depuis le 10 ao\u00fbt dernier dans un marathon culinaire.<\/p>\n\n\n\n<p>Il s\u2019agit de la ministre de la communication et de la culture Yawa Kouigan, celle de l\u2019eau et de l\u2019assainissement Mila Aziabl\u00e9, et de commerce de l\u2019artisanat et de la consommation locale Rose Kayi Miv\u00e9dor.<\/p>\n\n\n\n<p>Sur place, les ministres ont encourag\u00e9 la candidate et ont par ailleurs invit\u00e9 la population \u00e0 se mobiliser massivement pour l\u2019encourager et c\u00e9l\u00e9brer \u00e0 travers elle l\u2019excellence culinaire togolaise.<\/p>\n\n\n\n<p>\u00ab Nous sommes venus aujourd\u2019hui pour lui apporter notre soutien et lui dire \u00e9galement tous les Togolais sont avec elle. Le record sera individuel c\u2019est-\u00e0-dire en son nom, mais c\u2019est un succ\u00e8s collectif et national. C\u2019est le nom du Togo qui va rayonner lorsqu\u2019on dira qu\u2019une cheffe togolaise est d\u00e9sormais la d\u00e9tentrice du Guinness World Record pour ce marathon culinaire \u00bb, a d\u00e9clar\u00e9 la ministre Yawa Kouigan.<\/p>\n\n\n\n<figure class=\"wp-block-image size-large\"><img loading=\"lazy\" decoding=\"async\" width=\"1024\" height=\"683\" src=\"https:\/\/lavoixdelanation.tg\/wp-content\/uploads\/2025\/08\/Laurence-ASSIGNON-en-Marathon-culinaire-1024x683.jpeg\" alt=\"\" class=\"wp-image-5962\" srcset=\"https:\/\/lavoixdelanation.tg\/wp-content\/uploads\/2025\/08\/Laurence-ASSIGNON-en-Marathon-culinaire-1024x683.jpeg 1024w, https:\/\/lavoixdelanation.tg\/wp-content\/uploads\/2025\/08\/Laurence-ASSIGNON-en-Marathon-culinaire-300x200.jpeg 300w, https:\/\/lavoixdelanation.tg\/wp-content\/uploads\/2025\/08\/Laurence-ASSIGNON-en-Marathon-culinaire-768x512.jpeg 768w, https:\/\/lavoixdelanation.tg\/wp-content\/uploads\/2025\/08\/Laurence-ASSIGNON-en-Marathon-culinaire.jpeg 1536w\" sizes=\"auto, (max-width: 1024px) 100vw, 1024px\" \/><\/figure>\n\n\n\n<p>\u00ab Nous souhaitons une bonne chance \u00e0 notre compatriote. Elle est en train de nous montrer une preuve vivante de courage, d\u2019engagement et de r\u00e9silience. Elle a boucl\u00e9 pratiquement trois jours. Nous avons confiance en elle et nous demandons \u00e0 tous les Togolais de la motiver, de l\u2019encourager et de la soutenir afin qu\u2019on puisse battre le record et d\u00e9passer les huit jours. Pour moi, elle devient l\u2019ambassadrice de la consommation locale \u00bb, a pour sa part indiqu\u00e9 Mme Kayi Mivedor.<\/p>\n\n\n\n<p>Le d\u00e9fi \u00e0 relever par Laurence Assignon, cuisiner 15.000 plats en huit jours sans interruption durant 192 heures. Elle cuisine seule, sans assistance avec des pauses de 5 minutes entre deux plats encha\u00eenant des recettes vari\u00e9es du Togo et d\u2019ailleurs sous le contr\u00f4le d\u2019un comit\u00e9 officiel. Il est question de battre le record actuel de 119 heures et 57 minute.<\/p>\n\n\n\n<p><strong>David S.<\/strong><\/p>\n\n\n\n<p><\/p>\n","protected":false},"excerpt":{"rendered":"<p>Le gouvernement apporte son soutien \u00e0 la cheffe togolaise Laurence ASSIGNON qui veut inscrire son nom au palmar\u00e8s du Guinness Book pour le plus long marathon culinaire individuel. Ce jeudi&hellip; <\/p>\n","protected":false},"author":1,"featured_media":5960,"comment_status":"open","ping_status":"open","sticky":false,"template":"","format":"standard","meta":{"footnotes":""},"categories":[29],"tags":[151,889,887,888,39],"class_list":["post-5959","post","type-post","status-publish","format-standard","has-post-thumbnail","hentry","category-societe","tag-cetef","tag-guinness-book","tag-laurence-assignon","tag-marathon-culinaire","tag-togo"],"yoast_head":"<!-- This site is optimized with the Yoast SEO plugin v26.4 - https:\/\/yoast.com\/wordpress\/plugins\/seo\/ -->\n<title>Marathon culinaire : Le gouvernement apporte son soutien \u00e0 Laurence ASSIGNON - La Voix de la Nation<\/title>\n<meta name=\"robots\" content=\"index, follow, max-snippet:-1, max-image-preview:large, max-video-preview:-1\" \/>\n<link rel=\"canonical\" href=\"https:\/\/lavoixdelanation.tg\/index.php\/2025\/08\/14\/marathon-culinaire-le-gouvernement-apporte-son-soutien-a-laurence-assignon\/\" \/>\n<meta property=\"og:locale\" content=\"fr_FR\" \/>\n<meta property=\"og:type\" content=\"article\" \/>\n<meta property=\"og:title\" content=\"Marathon culinaire : Le gouvernement apporte son soutien \u00e0 Laurence ASSIGNON - La Voix de la Nation\" \/>\n<meta property=\"og:description\" content=\"Le gouvernement apporte son soutien \u00e0 la cheffe togolaise Laurence ASSIGNON qui veut inscrire son nom au palmar\u00e8s du Guinness Book pour le plus long marathon culinaire individuel. Ce jeudi&hellip;\" \/>\n<meta property=\"og:url\" content=\"https:\/\/lavoixdelanation.tg\/index.php\/2025\/08\/14\/marathon-culinaire-le-gouvernement-apporte-son-soutien-a-laurence-assignon\/\" \/>\n<meta property=\"og:site_name\" content=\"La Voix de la Nation\" \/>\n<meta property=\"article:publisher\" content=\"https:\/\/www.facebook.com\/lavoixdelanation\" \/>\n<meta property=\"article:published_time\" content=\"2025-08-14T17:07:00+00:00\" \/>\n<meta property=\"article:modified_time\" content=\"2025-08-15T10:15:01+00:00\" \/>\n<meta property=\"og:image\" content=\"https:\/\/lavoixdelanation.tg\/wp-content\/uploads\/2025\/08\/Marathon-culinaire-le-gouvernement-apporte-son-soutien-a-Laurence-ASSIGNON.jpg\" \/>\n\t<meta property=\"og:image:width\" content=\"780\" \/>\n\t<meta property=\"og:image:height\" content=\"470\" \/>\n\t<meta property=\"og:image:type\" content=\"image\/jpeg\" \/>\n<meta name=\"author\" content=\"La voix de la nation\" \/>\n<meta name=\"twitter:card\" content=\"summary_large_image\" \/>\n<meta name=\"twitter:label1\" content=\"\u00c9crit par\" \/>\n\t<meta name=\"twitter:data1\" content=\"La voix de la nation\" \/>\n\t<meta name=\"twitter:label2\" content=\"Dur\u00e9e de lecture estim\u00e9e\" \/>\n\t<meta name=\"twitter:data2\" content=\"2 minutes\" \/>\n<script type=\"application\/ld+json\" class=\"yoast-schema-graph\">{\"@context\":\"https:\/\/schema.org\",\"@graph\":[{\"@type\":\"Article\",\"@id\":\"https:\/\/lavoixdelanation.tg\/index.php\/2025\/08\/14\/marathon-culinaire-le-gouvernement-apporte-son-soutien-a-laurence-assignon\/#article\",\"isPartOf\":{\"@id\":\"https:\/\/lavoixdelanation.tg\/index.php\/2025\/08\/14\/marathon-culinaire-le-gouvernement-apporte-son-soutien-a-laurence-assignon\/\"},\"author\":{\"name\":\"La voix de la nation\",\"@id\":\"https:\/\/lavoixdelanation.tg\/#\/schema\/person\/6c489293aa38053673a9e554acb6e224\"},\"headline\":\"Marathon culinaire : Le gouvernement apporte son soutien \u00e0 Laurence ASSIGNON\",\"datePublished\":\"2025-08-14T17:07:00+00:00\",\"dateModified\":\"2025-08-15T10:15:01+00:00\",\"mainEntityOfPage\":{\"@id\":\"https:\/\/lavoixdelanation.tg\/index.php\/2025\/08\/14\/marathon-culinaire-le-gouvernement-apporte-son-soutien-a-laurence-assignon\/\"},\"wordCount\":373,\"commentCount\":0,\"publisher\":{\"@id\":\"https:\/\/lavoixdelanation.tg\/#organization\"},\"image\":{\"@id\":\"https:\/\/lavoixdelanation.tg\/index.php\/2025\/08\/14\/marathon-culinaire-le-gouvernement-apporte-son-soutien-a-laurence-assignon\/#primaryimage\"},\"thumbnailUrl\":\"https:\/\/lavoixdelanation.tg\/wp-content\/uploads\/2025\/08\/Marathon-culinaire-le-gouvernement-apporte-son-soutien-a-Laurence-ASSIGNON.jpg\",\"keywords\":[\"CETEF\",\"Guinness Book\",\"Laurence Assignon\",\"Marathon culinaire\",\"Togo\"],\"articleSection\":[\"Soci\u00e9t\u00e9\"],\"inLanguage\":\"fr-FR\",\"potentialAction\":[{\"@type\":\"CommentAction\",\"name\":\"Comment\",\"target\":[\"https:\/\/lavoixdelanation.tg\/index.php\/2025\/08\/14\/marathon-culinaire-le-gouvernement-apporte-son-soutien-a-laurence-assignon\/#respond\"]}]},{\"@type\":\"WebPage\",\"@id\":\"https:\/\/lavoixdelanation.tg\/index.php\/2025\/08\/14\/marathon-culinaire-le-gouvernement-apporte-son-soutien-a-laurence-assignon\/\",\"url\":\"https:\/\/lavoixdelanation.tg\/index.php\/2025\/08\/14\/marathon-culinaire-le-gouvernement-apporte-son-soutien-a-laurence-assignon\/\",\"name\":\"Marathon culinaire : Le gouvernement apporte son soutien \u00e0 Laurence ASSIGNON - La Voix de la Nation\",\"isPartOf\":{\"@id\":\"https:\/\/lavoixdelanation.tg\/#website\"},\"primaryImageOfPage\":{\"@id\":\"https:\/\/lavoixdelanation.tg\/index.php\/2025\/08\/14\/marathon-culinaire-le-gouvernement-apporte-son-soutien-a-laurence-assignon\/#primaryimage\"},\"image\":{\"@id\":\"https:\/\/lavoixdelanation.tg\/index.php\/2025\/08\/14\/marathon-culinaire-le-gouvernement-apporte-son-soutien-a-laurence-assignon\/#primaryimage\"},\"thumbnailUrl\":\"https:\/\/lavoixdelanation.tg\/wp-content\/uploads\/2025\/08\/Marathon-culinaire-le-gouvernement-apporte-son-soutien-a-Laurence-ASSIGNON.jpg\",\"datePublished\":\"2025-08-14T17:07:00+00:00\",\"dateModified\":\"2025-08-15T10:15:01+00:00\",\"breadcrumb\":{\"@id\":\"https:\/\/lavoixdelanation.tg\/index.php\/2025\/08\/14\/marathon-culinaire-le-gouvernement-apporte-son-soutien-a-laurence-assignon\/#breadcrumb\"},\"inLanguage\":\"fr-FR\",\"potentialAction\":[{\"@type\":\"ReadAction\",\"target\":[\"https:\/\/lavoixdelanation.tg\/index.php\/2025\/08\/14\/marathon-culinaire-le-gouvernement-apporte-son-soutien-a-laurence-assignon\/\"]}]},{\"@type\":\"ImageObject\",\"inLanguage\":\"fr-FR\",\"@id\":\"https:\/\/lavoixdelanation.tg\/index.php\/2025\/08\/14\/marathon-culinaire-le-gouvernement-apporte-son-soutien-a-laurence-assignon\/#primaryimage\",\"url\":\"https:\/\/lavoixdelanation.tg\/wp-content\/uploads\/2025\/08\/Marathon-culinaire-le-gouvernement-apporte-son-soutien-a-Laurence-ASSIGNON.jpg\",\"contentUrl\":\"https:\/\/lavoixdelanation.tg\/wp-content\/uploads\/2025\/08\/Marathon-culinaire-le-gouvernement-apporte-son-soutien-a-Laurence-ASSIGNON.jpg\",\"width\":780,\"height\":470},{\"@type\":\"BreadcrumbList\",\"@id\":\"https:\/\/lavoixdelanation.tg\/index.php\/2025\/08\/14\/marathon-culinaire-le-gouvernement-apporte-son-soutien-a-laurence-assignon\/#breadcrumb\",\"itemListElement\":[{\"@type\":\"ListItem\",\"position\":1,\"name\":\"Accueil\",\"item\":\"https:\/\/lavoixdelanation.tg\/\"},{\"@type\":\"ListItem\",\"position\":2,\"name\":\"Marathon culinaire : Le gouvernement apporte son soutien \u00e0 Laurence ASSIGNON\"}]},{\"@type\":\"WebSite\",\"@id\":\"https:\/\/lavoixdelanation.tg\/#website\",\"url\":\"https:\/\/lavoixdelanation.tg\/\",\"name\":\"La Voix de la Nation\",\"description\":\"R\u00e9c\u00e9piss\u00e9 n\u00b00108\/HAAC\/01-2024\/pl\/P\",\"publisher\":{\"@id\":\"https:\/\/lavoixdelanation.tg\/#organization\"},\"alternateName\":\"VON\",\"potentialAction\":[{\"@type\":\"SearchAction\",\"target\":{\"@type\":\"EntryPoint\",\"urlTemplate\":\"https:\/\/lavoixdelanation.tg\/?s={search_term_string}\"},\"query-input\":{\"@type\":\"PropertyValueSpecification\",\"valueRequired\":true,\"valueName\":\"search_term_string\"}}],\"inLanguage\":\"fr-FR\"},{\"@type\":\"Organization\",\"@id\":\"https:\/\/lavoixdelanation.tg\/#organization\",\"name\":\"La Voix de la Nation\",\"url\":\"https:\/\/lavoixdelanation.tg\/\",\"logo\":{\"@type\":\"ImageObject\",\"inLanguage\":\"fr-FR\",\"@id\":\"https:\/\/lavoixdelanation.tg\/#\/schema\/logo\/image\/\",\"url\":\"https:\/\/lavoixdelanation.tg\/wp-content\/uploads\/2024\/12\/lavn-1.png\",\"contentUrl\":\"https:\/\/lavoixdelanation.tg\/wp-content\/uploads\/2024\/12\/lavn-1.png\",\"width\":1024,\"height\":464,\"caption\":\"La Voix de la Nation\"},\"image\":{\"@id\":\"https:\/\/lavoixdelanation.tg\/#\/schema\/logo\/image\/\"},\"sameAs\":[\"https:\/\/www.facebook.com\/lavoixdelanation\"]},{\"@type\":\"Person\",\"@id\":\"https:\/\/lavoixdelanation.tg\/#\/schema\/person\/6c489293aa38053673a9e554acb6e224\",\"name\":\"La voix de la nation\",\"image\":{\"@type\":\"ImageObject\",\"inLanguage\":\"fr-FR\",\"@id\":\"https:\/\/lavoixdelanation.tg\/#\/schema\/person\/image\/\",\"url\":\"https:\/\/secure.gravatar.com\/avatar\/8aa135d4bbc794494cecaa8d483f6d6cc1023624868deaff686baed5e727a5a1?s=96&d=mm&r=g\",\"contentUrl\":\"https:\/\/secure.gravatar.com\/avatar\/8aa135d4bbc794494cecaa8d483f6d6cc1023624868deaff686baed5e727a5a1?s=96&d=mm&r=g\",\"caption\":\"La voix de la nation\"},\"sameAs\":[\"https:\/\/lavoixdelanation.tg\"],\"url\":\"https:\/\/lavoixdelanation.tg\/index.php\/author\/lavn\/\"}]}<\/script>\n<!-- \/ Yoast SEO plugin. -->","yoast_head_json":{"title":"Marathon culinaire : Le gouvernement apporte son soutien \u00e0 Laurence ASSIGNON - La Voix de la Nation","robots":{"index":"index","follow":"follow","max-snippet":"max-snippet:-1","max-image-preview":"max-image-preview:large","max-video-preview":"max-video-preview:-1"},"canonical":"https:\/\/lavoixdelanation.tg\/index.php\/2025\/08\/14\/marathon-culinaire-le-gouvernement-apporte-son-soutien-a-laurence-assignon\/","og_locale":"fr_FR","og_type":"article","og_title":"Marathon culinaire : Le gouvernement apporte son soutien \u00e0 Laurence ASSIGNON - La Voix de la Nation","og_description":"Le gouvernement apporte son soutien \u00e0 la cheffe togolaise Laurence ASSIGNON qui veut inscrire son nom au palmar\u00e8s du Guinness Book pour le plus long marathon culinaire individuel. Ce jeudi&hellip;","og_url":"https:\/\/lavoixdelanation.tg\/index.php\/2025\/08\/14\/marathon-culinaire-le-gouvernement-apporte-son-soutien-a-laurence-assignon\/","og_site_name":"La Voix de la Nation","article_publisher":"https:\/\/www.facebook.com\/lavoixdelanation","article_published_time":"2025-08-14T17:07:00+00:00","article_modified_time":"2025-08-15T10:15:01+00:00","og_image":[{"width":780,"height":470,"url":"https:\/\/lavoixdelanation.tg\/wp-content\/uploads\/2025\/08\/Marathon-culinaire-le-gouvernement-apporte-son-soutien-a-Laurence-ASSIGNON.jpg","type":"image\/jpeg"}],"author":"La voix de la nation","twitter_card":"summary_large_image","twitter_misc":{"\u00c9crit par":"La voix de la nation","Dur\u00e9e de lecture estim\u00e9e":"2 minutes"},"schema":{"@context":"https:\/\/schema.org","@graph":[{"@type":"Article","@id":"https:\/\/lavoixdelanation.tg\/index.php\/2025\/08\/14\/marathon-culinaire-le-gouvernement-apporte-son-soutien-a-laurence-assignon\/#article","isPartOf":{"@id":"https:\/\/lavoixdelanation.tg\/index.php\/2025\/08\/14\/marathon-culinaire-le-gouvernement-apporte-son-soutien-a-laurence-assignon\/"},"author":{"name":"La voix de la nation","@id":"https:\/\/lavoixdelanation.tg\/#\/schema\/person\/6c489293aa38053673a9e554acb6e224"},"headline":"Marathon culinaire : Le gouvernement apporte son soutien \u00e0 Laurence ASSIGNON","datePublished":"2025-08-14T17:07:00+00:00","dateModified":"2025-08-15T10:15:01+00:00","mainEntityOfPage":{"@id":"https:\/\/lavoixdelanation.tg\/index.php\/2025\/08\/14\/marathon-culinaire-le-gouvernement-apporte-son-soutien-a-laurence-assignon\/"},"wordCount":373,"commentCount":0,"publisher":{"@id":"https:\/\/lavoixdelanation.tg\/#organization"},"image":{"@id":"https:\/\/lavoixdelanation.tg\/index.php\/2025\/08\/14\/marathon-culinaire-le-gouvernement-apporte-son-soutien-a-laurence-assignon\/#primaryimage"},"thumbnailUrl":"https:\/\/lavoixdelanation.tg\/wp-content\/uploads\/2025\/08\/Marathon-culinaire-le-gouvernement-apporte-son-soutien-a-Laurence-ASSIGNON.jpg","keywords":["CETEF","Guinness Book","Laurence Assignon","Marathon culinaire","Togo"],"articleSection":["Soci\u00e9t\u00e9"],"inLanguage":"fr-FR","potentialAction":[{"@type":"CommentAction","name":"Comment","target":["https:\/\/lavoixdelanation.tg\/index.php\/2025\/08\/14\/marathon-culinaire-le-gouvernement-apporte-son-soutien-a-laurence-assignon\/#respond"]}]},{"@type":"WebPage","@id":"https:\/\/lavoixdelanation.tg\/index.php\/2025\/08\/14\/marathon-culinaire-le-gouvernement-apporte-son-soutien-a-laurence-assignon\/","url":"https:\/\/lavoixdelanation.tg\/index.php\/2025\/08\/14\/marathon-culinaire-le-gouvernement-apporte-son-soutien-a-laurence-assignon\/","name":"Marathon culinaire : Le gouvernement apporte son soutien \u00e0 Laurence ASSIGNON - La Voix de la Nation","isPartOf":{"@id":"https:\/\/lavoixdelanation.tg\/#website"},"primaryImageOfPage":{"@id":"https:\/\/lavoixdelanation.tg\/index.php\/2025\/08\/14\/marathon-culinaire-le-gouvernement-apporte-son-soutien-a-laurence-assignon\/#primaryimage"},"image":{"@id":"https:\/\/lavoixdelanation.tg\/index.php\/2025\/08\/14\/marathon-culinaire-le-gouvernement-apporte-son-soutien-a-laurence-assignon\/#primaryimage"},"thumbnailUrl":"https:\/\/lavoixdelanation.tg\/wp-content\/uploads\/2025\/08\/Marathon-culinaire-le-gouvernement-apporte-son-soutien-a-Laurence-ASSIGNON.jpg","datePublished":"2025-08-14T17:07:00+00:00","dateModified":"2025-08-15T10:15:01+00:00","breadcrumb":{"@id":"https:\/\/lavoixdelanation.tg\/index.php\/2025\/08\/14\/marathon-culinaire-le-gouvernement-apporte-son-soutien-a-laurence-assignon\/#breadcrumb"},"inLanguage":"fr-FR","potentialAction":[{"@type":"ReadAction","target":["https:\/\/lavoixdelanation.tg\/index.php\/2025\/08\/14\/marathon-culinaire-le-gouvernement-apporte-son-soutien-a-laurence-assignon\/"]}]},{"@type":"ImageObject","inLanguage":"fr-FR","@id":"https:\/\/lavoixdelanation.tg\/index.php\/2025\/08\/14\/marathon-culinaire-le-gouvernement-apporte-son-soutien-a-laurence-assignon\/#primaryimage","url":"https:\/\/lavoixdelanation.tg\/wp-content\/uploads\/2025\/08\/Marathon-culinaire-le-gouvernement-apporte-son-soutien-a-Laurence-ASSIGNON.jpg","contentUrl":"https:\/\/lavoixdelanation.tg\/wp-content\/uploads\/2025\/08\/Marathon-culinaire-le-gouvernement-apporte-son-soutien-a-Laurence-ASSIGNON.jpg","width":780,"height":470},{"@type":"BreadcrumbList","@id":"https:\/\/lavoixdelanation.tg\/index.php\/2025\/08\/14\/marathon-culinaire-le-gouvernement-apporte-son-soutien-a-laurence-assignon\/#breadcrumb","itemListElement":[{"@type":"ListItem","position":1,"name":"Accueil","item":"https:\/\/lavoixdelanation.tg\/"},{"@type":"ListItem","position":2,"name":"Marathon culinaire : Le gouvernement apporte son soutien \u00e0 Laurence ASSIGNON"}]},{"@type":"WebSite","@id":"https:\/\/lavoixdelanation.tg\/#website","url":"https:\/\/lavoixdelanation.tg\/","name":"La Voix de la Nation","description":"R\u00e9c\u00e9piss\u00e9 n\u00b00108\/HAAC\/01-2024\/pl\/P","publisher":{"@id":"https:\/\/lavoixdelanation.tg\/#organization"},"alternateName":"VON","potentialAction":[{"@type":"SearchAction","target":{"@type":"EntryPoint","urlTemplate":"https:\/\/lavoixdelanation.tg\/?s={search_term_string}"},"query-input":{"@type":"PropertyValueSpecification","valueRequired":true,"valueName":"search_term_string"}}],"inLanguage":"fr-FR"},{"@type":"Organization","@id":"https:\/\/lavoixdelanation.tg\/#organization","name":"La Voix de la Nation","url":"https:\/\/lavoixdelanation.tg\/","logo":{"@type":"ImageObject","inLanguage":"fr-FR","@id":"https:\/\/lavoixdelanation.tg\/#\/schema\/logo\/image\/","url":"https:\/\/lavoixdelanation.tg\/wp-content\/uploads\/2024\/12\/lavn-1.png","contentUrl":"https:\/\/lavoixdelanation.tg\/wp-content\/uploads\/2024\/12\/lavn-1.png","width":1024,"height":464,"caption":"La Voix de la Nation"},"image":{"@id":"https:\/\/lavoixdelanation.tg\/#\/schema\/logo\/image\/"},"sameAs":["https:\/\/www.facebook.com\/lavoixdelanation"]},{"@type":"Person","@id":"https:\/\/lavoixdelanation.tg\/#\/schema\/person\/6c489293aa38053673a9e554acb6e224","name":"La voix de la nation","image":{"@type":"ImageObject","inLanguage":"fr-FR","@id":"https:\/\/lavoixdelanation.tg\/#\/schema\/person\/image\/","url":"https:\/\/secure.gravatar.com\/avatar\/8aa135d4bbc794494cecaa8d483f6d6cc1023624868deaff686baed5e727a5a1?s=96&d=mm&r=g","contentUrl":"https:\/\/secure.gravatar.com\/avatar\/8aa135d4bbc794494cecaa8d483f6d6cc1023624868deaff686baed5e727a5a1?s=96&d=mm&r=g","caption":"La voix de la nation"},"sameAs":["https:\/\/lavoixdelanation.tg"],"url":"https:\/\/lavoixdelanation.tg\/index.php\/author\/lavn\/"}]}},"_links":{"self":[{"href":"https:\/\/lavoixdelanation.tg\/index.php\/wp-json\/wp\/v2\/posts\/5959","targetHints":{"allow":["GET"]}}],"collection":[{"href":"https:\/\/lavoixdelanation.tg\/index.php\/wp-json\/wp\/v2\/posts"}],"about":[{"href":"https:\/\/lavoixdelanation.tg\/index.php\/wp-json\/wp\/v2\/types\/post"}],"author":[{"embeddable":true,"href":"https:\/\/lavoixdelanation.tg\/index.php\/wp-json\/wp\/v2\/users\/1"}],"replies":[{"embeddable":true,"href":"https:\/\/lavoixdelanation.tg\/index.php\/wp-json\/wp\/v2\/comments?post=5959"}],"version-history":[{"count":2,"href":"https:\/\/lavoixdelanation.tg\/index.php\/wp-json\/wp\/v2\/posts\/5959\/revisions"}],"predecessor-version":[{"id":5963,"href":"https:\/\/lavoixdelanation.tg\/index.php\/wp-json\/wp\/v2\/posts\/5959\/revisions\/5963"}],"wp:featuredmedia":[{"embeddable":true,"href":"https:\/\/lavoixdelanation.tg\/index.php\/wp-json\/wp\/v2\/media\/5960"}],"wp:attachment":[{"href":"https:\/\/lavoixdelanation.tg\/index.php\/wp-json\/wp\/v2\/media?parent=5959"}],"wp:term":[{"taxonomy":"category","embeddable":true,"href":"https:\/\/lavoixdelanation.tg\/index.php\/wp-json\/wp\/v2\/categories?post=5959"},{"taxonomy":"post_tag","embeddable":true,"href":"https:\/\/lavoixdelanation.tg\/index.php\/wp-json\/wp\/v2\/tags?post=5959"}],"curies":[{"name":"wp","href":"https:\/\/api.w.org\/{rel}","templated":true}]}}