{"id":4898,"date":"2025-08-11T09:26:00","date_gmt":"2025-08-11T07:26:00","guid":{"rendered":"https:\/\/lavoixdelanation.tg\/?p=4898"},"modified":"2025-08-12T01:38:55","modified_gmt":"2025-08-11T23:38:55","slug":"afristat-les-travaux-de-la-32e-session-ordinaire-presides-par-la-ministre-sandra-johnson","status":"publish","type":"post","link":"https:\/\/lavoixdelanation.tg\/index.php\/2025\/08\/11\/afristat-les-travaux-de-la-32e-session-ordinaire-presides-par-la-ministre-sandra-johnson\/","title":{"rendered":"AFRISTAT\u00a0: Les travaux de la 32\u00e8 session ordinaire pr\u00e9sid\u00e9s par la ministre Sandra Johnson"},"content":{"rendered":"\n<p><strong>La 32\u1d49 session ordinaire du Conseil des ministres de l\u2019Observatoire \u00e9conomique et statistique d\u2019Afrique subsaharienne (AFRISTAT) se sont tenus par visioconf\u00e9rence le 07 ao\u00fbt 2025. Les travaux ont \u00e9t\u00e9 pr\u00e9sid\u00e9s par la ministre, Secr\u00e9taire g\u00e9n\u00e9ral de la Pr\u00e9sidence du Conseil Mme Sandra Ablamba Johnson, au nom du Pr\u00e9sident du Conseil Faure Gnassingb\u00e9. <\/strong><strong><\/strong><\/p>\n\n\n\n<p>Cette session a connu la participation des ministres et repr\u00e9sentants des \u00c9tats membres et des banques centrales. Mme Sandra Ablamba Johnson a dans son intervention rappel\u00e9 l\u2019importance de l\u2019AFRISTAT pour le renforcement des syst\u00e8mes statistiques permettant le pilotage des actions de d\u00e9veloppement des \u00c9tats membres.<\/p>\n\n\n\n<p>Elle a \u00e9voqu\u00e9 les difficult\u00e9s auxquelles cette institution fait face, tout en exhortant les \u00c9tats membres \u00e0 poursuivre les efforts pour le paiement de leurs contributions aux fonds AFRISTAT.<\/p>\n\n\n\n<p>Au cours des travaux de la session, le Conseil a suivi avec attention et pris acte des rapports de mise en \u0153uvre des Plans d\u2019action 2023 et 2024 de l\u2019AFRISTAT ainsi que des d\u00e9cisions de la 31\u00e8 session du Conseil des ministres et de la situation du paiement des contributions des \u00c9tats membres aux fonds AFRISTAT sur les p\u00e9riodes 2006-2015 et 2016-2025.<\/p>\n\n\n\n<p>Le Conseil a adopt\u00e9 la proposition de r\u00e9partition du fonds AFRISTAT sur la p\u00e9riode 2026-2035 dont la contribution attendue des \u00c9tats membres s\u2019\u00e9l\u00e8ve \u00e0 douze milliards cinq cent deux millions (12&nbsp;502&nbsp;000&nbsp;000) de F CFA&nbsp;et \u00e9lu la Guin\u00e9e Equatoriale \u00e0 la pr\u00e9sidence du Conseil pour la p\u00e9riode de janvier 2026 \u00e0 d\u00e9cembre 2027.<\/p>\n\n\n\n<p class=\"has-text-align-center\"><strong>Les r\u00e9solutions<\/strong><\/p>\n\n\n\n<p>Au total quatre (04) r\u00e9solutions ont \u00e9t\u00e9 \u00e9galement adopt\u00e9es \u00e0 l\u2019issue des travaux. La premi\u00e8re autorise le Pr\u00e9sident du Conseil des ministres \u00e0 convoquer la prochaine r\u00e9union \u00e0 une date et \u00e0 un lieu de son choix, contrairement \u00e0 la tenue des sessions du conseil en marge de la r\u00e9union des ministres des finances des pays de la zone franc.<\/p>\n\n\n\n<p>La deuxi\u00e8me r\u00e9solution adopt\u00e9e transforme le \u00ab&nbsp;Conseil scientifique&nbsp;\u00bb en \u00ab&nbsp;Comit\u00e9 scientifique&nbsp;\u00bb pour plus d\u2019efficacit\u00e9,&nbsp;alors que la troisi\u00e8me r\u00e9solution fixe la proc\u00e9dure et les d\u00e9lais pour l\u2019adoption du projet de r\u00e9vision du Trait\u00e9 portant cr\u00e9ation de l\u2019AFRISTAT&nbsp;; le Trait\u00e9 initial date de 1993 et n\u00e9cessite une r\u00e9forme pour s\u2019adapter \u00e0 l\u2019\u00e9volution du contexte.<\/p>\n\n\n\n<p>La derni\u00e8re r\u00e9solution adopt\u00e9e au cours de cette 32\u00e8 session de l\u2019AFRISTAT ent\u00e9rine la nomination de Monsieur EDI Serges de nationalit\u00e9 ivoirienne, en qualit\u00e9 de Directeur g\u00e9n\u00e9ral adjoint de l\u2019institution pour la p\u00e9riode 2026-2029.<\/p>\n\n\n\n<p>Pour rappel, AFRISTAT est une organisation internationale dont l\u2019objectif est de contribuer au d\u00e9veloppement des statistiques \u00e9conomiques, sociales et environnementales dans les \u00c9tats membres.<\/p>\n\n\n\n<p>Depuis 2024, le Togo assure la pr\u00e9sidence du Conseil des ministres de cette organisation intergouvernementale qui regroupe 22 pays de l\u2019Afrique subsaharienne.<\/p>\n\n\n\n<p><strong>La R\u00e9daction<\/strong><\/p>\n","protected":false},"excerpt":{"rendered":"<p>La 32\u1d49 session ordinaire du Conseil des ministres de l\u2019Observatoire \u00e9conomique et statistique d\u2019Afrique subsaharienne (AFRISTAT) se sont tenus par visioconf\u00e9rence le 07 ao\u00fbt 2025. Les travaux ont \u00e9t\u00e9 pr\u00e9sid\u00e9s&hellip; <\/p>\n","protected":false},"author":1,"featured_media":4899,"comment_status":"open","ping_status":"open","sticky":false,"template":"","format":"standard","meta":{"footnotes":""},"categories":[8],"tags":[882,266,39],"class_list":["post-4898","post","type-post","status-publish","format-standard","has-post-thumbnail","hentry","category-economie","tag-afristat","tag-sandra-ablamba-johnson","tag-togo"],"yoast_head":"<!-- This site is optimized with the Yoast SEO plugin v26.4 - https:\/\/yoast.com\/wordpress\/plugins\/seo\/ -->\n<title>AFRISTAT\u00a0: Les travaux de la 32\u00e8 session ordinaire pr\u00e9sid\u00e9s par la ministre Sandra Johnson - La Voix de la Nation<\/title>\n<meta name=\"robots\" content=\"index, follow, max-snippet:-1, max-image-preview:large, max-video-preview:-1\" \/>\n<link rel=\"canonical\" href=\"https:\/\/lavoixdelanation.tg\/index.php\/2025\/08\/11\/afristat-les-travaux-de-la-32e-session-ordinaire-presides-par-la-ministre-sandra-johnson\/\" \/>\n<meta property=\"og:locale\" content=\"fr_FR\" \/>\n<meta property=\"og:type\" content=\"article\" \/>\n<meta property=\"og:title\" content=\"AFRISTAT\u00a0: Les travaux de la 32\u00e8 session ordinaire pr\u00e9sid\u00e9s par la ministre Sandra Johnson - La Voix de la Nation\" \/>\n<meta property=\"og:description\" content=\"La 32\u1d49 session ordinaire du Conseil des ministres de l\u2019Observatoire \u00e9conomique et statistique d\u2019Afrique subsaharienne (AFRISTAT) se sont tenus par visioconf\u00e9rence le 07 ao\u00fbt 2025. Les travaux ont \u00e9t\u00e9 pr\u00e9sid\u00e9s&hellip;\" \/>\n<meta property=\"og:url\" content=\"https:\/\/lavoixdelanation.tg\/index.php\/2025\/08\/11\/afristat-les-travaux-de-la-32e-session-ordinaire-presides-par-la-ministre-sandra-johnson\/\" \/>\n<meta property=\"og:site_name\" content=\"La Voix de la Nation\" \/>\n<meta property=\"article:publisher\" content=\"https:\/\/www.facebook.com\/lavoixdelanation\" \/>\n<meta property=\"article:published_time\" content=\"2025-08-11T07:26:00+00:00\" \/>\n<meta property=\"article:modified_time\" content=\"2025-08-11T23:38:55+00:00\" \/>\n<meta property=\"og:image\" content=\"https:\/\/lavoixdelanation.tg\/wp-content\/uploads\/2025\/08\/32\u1d49-session-ordinaire-dAFRISTAT-1.jpg\" \/>\n\t<meta property=\"og:image:width\" content=\"1600\" \/>\n\t<meta property=\"og:image:height\" content=\"1105\" \/>\n\t<meta property=\"og:image:type\" content=\"image\/jpeg\" \/>\n<meta name=\"author\" content=\"La voix de la nation\" \/>\n<meta name=\"twitter:card\" content=\"summary_large_image\" \/>\n<meta name=\"twitter:label1\" content=\"\u00c9crit par\" \/>\n\t<meta name=\"twitter:data1\" content=\"La voix de la nation\" \/>\n\t<meta name=\"twitter:label2\" content=\"Dur\u00e9e de lecture estim\u00e9e\" \/>\n\t<meta name=\"twitter:data2\" content=\"2 minutes\" \/>\n<script type=\"application\/ld+json\" class=\"yoast-schema-graph\">{\"@context\":\"https:\/\/schema.org\",\"@graph\":[{\"@type\":\"Article\",\"@id\":\"https:\/\/lavoixdelanation.tg\/index.php\/2025\/08\/11\/afristat-les-travaux-de-la-32e-session-ordinaire-presides-par-la-ministre-sandra-johnson\/#article\",\"isPartOf\":{\"@id\":\"https:\/\/lavoixdelanation.tg\/index.php\/2025\/08\/11\/afristat-les-travaux-de-la-32e-session-ordinaire-presides-par-la-ministre-sandra-johnson\/\"},\"author\":{\"name\":\"La voix de la nation\",\"@id\":\"https:\/\/lavoixdelanation.tg\/#\/schema\/person\/6c489293aa38053673a9e554acb6e224\"},\"headline\":\"AFRISTAT\u00a0: Les travaux de la 32\u00e8 session ordinaire pr\u00e9sid\u00e9s par la ministre Sandra Johnson\",\"datePublished\":\"2025-08-11T07:26:00+00:00\",\"dateModified\":\"2025-08-11T23:38:55+00:00\",\"mainEntityOfPage\":{\"@id\":\"https:\/\/lavoixdelanation.tg\/index.php\/2025\/08\/11\/afristat-les-travaux-de-la-32e-session-ordinaire-presides-par-la-ministre-sandra-johnson\/\"},\"wordCount\":506,\"commentCount\":0,\"publisher\":{\"@id\":\"https:\/\/lavoixdelanation.tg\/#organization\"},\"image\":{\"@id\":\"https:\/\/lavoixdelanation.tg\/index.php\/2025\/08\/11\/afristat-les-travaux-de-la-32e-session-ordinaire-presides-par-la-ministre-sandra-johnson\/#primaryimage\"},\"thumbnailUrl\":\"https:\/\/lavoixdelanation.tg\/wp-content\/uploads\/2025\/08\/32\u1d49-session-ordinaire-dAFRISTAT-1.jpg\",\"keywords\":[\"AFRISTAT\",\"Sandra Ablamba Johnson\",\"Togo\"],\"articleSection\":[\"Economie\"],\"inLanguage\":\"fr-FR\",\"potentialAction\":[{\"@type\":\"CommentAction\",\"name\":\"Comment\",\"target\":[\"https:\/\/lavoixdelanation.tg\/index.php\/2025\/08\/11\/afristat-les-travaux-de-la-32e-session-ordinaire-presides-par-la-ministre-sandra-johnson\/#respond\"]}]},{\"@type\":\"WebPage\",\"@id\":\"https:\/\/lavoixdelanation.tg\/index.php\/2025\/08\/11\/afristat-les-travaux-de-la-32e-session-ordinaire-presides-par-la-ministre-sandra-johnson\/\",\"url\":\"https:\/\/lavoixdelanation.tg\/index.php\/2025\/08\/11\/afristat-les-travaux-de-la-32e-session-ordinaire-presides-par-la-ministre-sandra-johnson\/\",\"name\":\"AFRISTAT\u00a0: Les travaux de la 32\u00e8 session ordinaire pr\u00e9sid\u00e9s par la ministre Sandra Johnson - La Voix de la Nation\",\"isPartOf\":{\"@id\":\"https:\/\/lavoixdelanation.tg\/#website\"},\"primaryImageOfPage\":{\"@id\":\"https:\/\/lavoixdelanation.tg\/index.php\/2025\/08\/11\/afristat-les-travaux-de-la-32e-session-ordinaire-presides-par-la-ministre-sandra-johnson\/#primaryimage\"},\"image\":{\"@id\":\"https:\/\/lavoixdelanation.tg\/index.php\/2025\/08\/11\/afristat-les-travaux-de-la-32e-session-ordinaire-presides-par-la-ministre-sandra-johnson\/#primaryimage\"},\"thumbnailUrl\":\"https:\/\/lavoixdelanation.tg\/wp-content\/uploads\/2025\/08\/32\u1d49-session-ordinaire-dAFRISTAT-1.jpg\",\"datePublished\":\"2025-08-11T07:26:00+00:00\",\"dateModified\":\"2025-08-11T23:38:55+00:00\",\"breadcrumb\":{\"@id\":\"https:\/\/lavoixdelanation.tg\/index.php\/2025\/08\/11\/afristat-les-travaux-de-la-32e-session-ordinaire-presides-par-la-ministre-sandra-johnson\/#breadcrumb\"},\"inLanguage\":\"fr-FR\",\"potentialAction\":[{\"@type\":\"ReadAction\",\"target\":[\"https:\/\/lavoixdelanation.tg\/index.php\/2025\/08\/11\/afristat-les-travaux-de-la-32e-session-ordinaire-presides-par-la-ministre-sandra-johnson\/\"]}]},{\"@type\":\"ImageObject\",\"inLanguage\":\"fr-FR\",\"@id\":\"https:\/\/lavoixdelanation.tg\/index.php\/2025\/08\/11\/afristat-les-travaux-de-la-32e-session-ordinaire-presides-par-la-ministre-sandra-johnson\/#primaryimage\",\"url\":\"https:\/\/lavoixdelanation.tg\/wp-content\/uploads\/2025\/08\/32\u1d49-session-ordinaire-dAFRISTAT-1.jpg\",\"contentUrl\":\"https:\/\/lavoixdelanation.tg\/wp-content\/uploads\/2025\/08\/32\u1d49-session-ordinaire-dAFRISTAT-1.jpg\",\"width\":1600,\"height\":1105},{\"@type\":\"BreadcrumbList\",\"@id\":\"https:\/\/lavoixdelanation.tg\/index.php\/2025\/08\/11\/afristat-les-travaux-de-la-32e-session-ordinaire-presides-par-la-ministre-sandra-johnson\/#breadcrumb\",\"itemListElement\":[{\"@type\":\"ListItem\",\"position\":1,\"name\":\"Accueil\",\"item\":\"https:\/\/lavoixdelanation.tg\/\"},{\"@type\":\"ListItem\",\"position\":2,\"name\":\"AFRISTAT\u00a0: Les travaux de la 32\u00e8 session ordinaire pr\u00e9sid\u00e9s par la ministre Sandra Johnson\"}]},{\"@type\":\"WebSite\",\"@id\":\"https:\/\/lavoixdelanation.tg\/#website\",\"url\":\"https:\/\/lavoixdelanation.tg\/\",\"name\":\"La Voix de la Nation\",\"description\":\"R\u00e9c\u00e9piss\u00e9 n\u00b00108\/HAAC\/01-2024\/pl\/P\",\"publisher\":{\"@id\":\"https:\/\/lavoixdelanation.tg\/#organization\"},\"alternateName\":\"VON\",\"potentialAction\":[{\"@type\":\"SearchAction\",\"target\":{\"@type\":\"EntryPoint\",\"urlTemplate\":\"https:\/\/lavoixdelanation.tg\/?s={search_term_string}\"},\"query-input\":{\"@type\":\"PropertyValueSpecification\",\"valueRequired\":true,\"valueName\":\"search_term_string\"}}],\"inLanguage\":\"fr-FR\"},{\"@type\":\"Organization\",\"@id\":\"https:\/\/lavoixdelanation.tg\/#organization\",\"name\":\"La Voix de la Nation\",\"url\":\"https:\/\/lavoixdelanation.tg\/\",\"logo\":{\"@type\":\"ImageObject\",\"inLanguage\":\"fr-FR\",\"@id\":\"https:\/\/lavoixdelanation.tg\/#\/schema\/logo\/image\/\",\"url\":\"https:\/\/lavoixdelanation.tg\/wp-content\/uploads\/2024\/12\/lavn-1.png\",\"contentUrl\":\"https:\/\/lavoixdelanation.tg\/wp-content\/uploads\/2024\/12\/lavn-1.png\",\"width\":1024,\"height\":464,\"caption\":\"La Voix de la Nation\"},\"image\":{\"@id\":\"https:\/\/lavoixdelanation.tg\/#\/schema\/logo\/image\/\"},\"sameAs\":[\"https:\/\/www.facebook.com\/lavoixdelanation\"]},{\"@type\":\"Person\",\"@id\":\"https:\/\/lavoixdelanation.tg\/#\/schema\/person\/6c489293aa38053673a9e554acb6e224\",\"name\":\"La voix de la nation\",\"image\":{\"@type\":\"ImageObject\",\"inLanguage\":\"fr-FR\",\"@id\":\"https:\/\/lavoixdelanation.tg\/#\/schema\/person\/image\/\",\"url\":\"https:\/\/secure.gravatar.com\/avatar\/8aa135d4bbc794494cecaa8d483f6d6cc1023624868deaff686baed5e727a5a1?s=96&d=mm&r=g\",\"contentUrl\":\"https:\/\/secure.gravatar.com\/avatar\/8aa135d4bbc794494cecaa8d483f6d6cc1023624868deaff686baed5e727a5a1?s=96&d=mm&r=g\",\"caption\":\"La voix de la nation\"},\"sameAs\":[\"https:\/\/lavoixdelanation.tg\"],\"url\":\"https:\/\/lavoixdelanation.tg\/index.php\/author\/lavn\/\"}]}<\/script>\n<!-- \/ Yoast SEO plugin. -->","yoast_head_json":{"title":"AFRISTAT\u00a0: Les travaux de la 32\u00e8 session ordinaire pr\u00e9sid\u00e9s par la ministre Sandra Johnson - La Voix de la Nation","robots":{"index":"index","follow":"follow","max-snippet":"max-snippet:-1","max-image-preview":"max-image-preview:large","max-video-preview":"max-video-preview:-1"},"canonical":"https:\/\/lavoixdelanation.tg\/index.php\/2025\/08\/11\/afristat-les-travaux-de-la-32e-session-ordinaire-presides-par-la-ministre-sandra-johnson\/","og_locale":"fr_FR","og_type":"article","og_title":"AFRISTAT\u00a0: Les travaux de la 32\u00e8 session ordinaire pr\u00e9sid\u00e9s par la ministre Sandra Johnson - La Voix de la Nation","og_description":"La 32\u1d49 session ordinaire du Conseil des ministres de l\u2019Observatoire \u00e9conomique et statistique d\u2019Afrique subsaharienne (AFRISTAT) se sont tenus par visioconf\u00e9rence le 07 ao\u00fbt 2025. Les travaux ont \u00e9t\u00e9 pr\u00e9sid\u00e9s&hellip;","og_url":"https:\/\/lavoixdelanation.tg\/index.php\/2025\/08\/11\/afristat-les-travaux-de-la-32e-session-ordinaire-presides-par-la-ministre-sandra-johnson\/","og_site_name":"La Voix de la Nation","article_publisher":"https:\/\/www.facebook.com\/lavoixdelanation","article_published_time":"2025-08-11T07:26:00+00:00","article_modified_time":"2025-08-11T23:38:55+00:00","og_image":[{"width":1600,"height":1105,"url":"https:\/\/lavoixdelanation.tg\/wp-content\/uploads\/2025\/08\/32\u1d49-session-ordinaire-dAFRISTAT-1.jpg","type":"image\/jpeg"}],"author":"La voix de la nation","twitter_card":"summary_large_image","twitter_misc":{"\u00c9crit par":"La voix de la nation","Dur\u00e9e de lecture estim\u00e9e":"2 minutes"},"schema":{"@context":"https:\/\/schema.org","@graph":[{"@type":"Article","@id":"https:\/\/lavoixdelanation.tg\/index.php\/2025\/08\/11\/afristat-les-travaux-de-la-32e-session-ordinaire-presides-par-la-ministre-sandra-johnson\/#article","isPartOf":{"@id":"https:\/\/lavoixdelanation.tg\/index.php\/2025\/08\/11\/afristat-les-travaux-de-la-32e-session-ordinaire-presides-par-la-ministre-sandra-johnson\/"},"author":{"name":"La voix de la nation","@id":"https:\/\/lavoixdelanation.tg\/#\/schema\/person\/6c489293aa38053673a9e554acb6e224"},"headline":"AFRISTAT\u00a0: Les travaux de la 32\u00e8 session ordinaire pr\u00e9sid\u00e9s par la ministre Sandra Johnson","datePublished":"2025-08-11T07:26:00+00:00","dateModified":"2025-08-11T23:38:55+00:00","mainEntityOfPage":{"@id":"https:\/\/lavoixdelanation.tg\/index.php\/2025\/08\/11\/afristat-les-travaux-de-la-32e-session-ordinaire-presides-par-la-ministre-sandra-johnson\/"},"wordCount":506,"commentCount":0,"publisher":{"@id":"https:\/\/lavoixdelanation.tg\/#organization"},"image":{"@id":"https:\/\/lavoixdelanation.tg\/index.php\/2025\/08\/11\/afristat-les-travaux-de-la-32e-session-ordinaire-presides-par-la-ministre-sandra-johnson\/#primaryimage"},"thumbnailUrl":"https:\/\/lavoixdelanation.tg\/wp-content\/uploads\/2025\/08\/32\u1d49-session-ordinaire-dAFRISTAT-1.jpg","keywords":["AFRISTAT","Sandra Ablamba Johnson","Togo"],"articleSection":["Economie"],"inLanguage":"fr-FR","potentialAction":[{"@type":"CommentAction","name":"Comment","target":["https:\/\/lavoixdelanation.tg\/index.php\/2025\/08\/11\/afristat-les-travaux-de-la-32e-session-ordinaire-presides-par-la-ministre-sandra-johnson\/#respond"]}]},{"@type":"WebPage","@id":"https:\/\/lavoixdelanation.tg\/index.php\/2025\/08\/11\/afristat-les-travaux-de-la-32e-session-ordinaire-presides-par-la-ministre-sandra-johnson\/","url":"https:\/\/lavoixdelanation.tg\/index.php\/2025\/08\/11\/afristat-les-travaux-de-la-32e-session-ordinaire-presides-par-la-ministre-sandra-johnson\/","name":"AFRISTAT\u00a0: Les travaux de la 32\u00e8 session ordinaire pr\u00e9sid\u00e9s par la ministre Sandra Johnson - La Voix de la Nation","isPartOf":{"@id":"https:\/\/lavoixdelanation.tg\/#website"},"primaryImageOfPage":{"@id":"https:\/\/lavoixdelanation.tg\/index.php\/2025\/08\/11\/afristat-les-travaux-de-la-32e-session-ordinaire-presides-par-la-ministre-sandra-johnson\/#primaryimage"},"image":{"@id":"https:\/\/lavoixdelanation.tg\/index.php\/2025\/08\/11\/afristat-les-travaux-de-la-32e-session-ordinaire-presides-par-la-ministre-sandra-johnson\/#primaryimage"},"thumbnailUrl":"https:\/\/lavoixdelanation.tg\/wp-content\/uploads\/2025\/08\/32\u1d49-session-ordinaire-dAFRISTAT-1.jpg","datePublished":"2025-08-11T07:26:00+00:00","dateModified":"2025-08-11T23:38:55+00:00","breadcrumb":{"@id":"https:\/\/lavoixdelanation.tg\/index.php\/2025\/08\/11\/afristat-les-travaux-de-la-32e-session-ordinaire-presides-par-la-ministre-sandra-johnson\/#breadcrumb"},"inLanguage":"fr-FR","potentialAction":[{"@type":"ReadAction","target":["https:\/\/lavoixdelanation.tg\/index.php\/2025\/08\/11\/afristat-les-travaux-de-la-32e-session-ordinaire-presides-par-la-ministre-sandra-johnson\/"]}]},{"@type":"ImageObject","inLanguage":"fr-FR","@id":"https:\/\/lavoixdelanation.tg\/index.php\/2025\/08\/11\/afristat-les-travaux-de-la-32e-session-ordinaire-presides-par-la-ministre-sandra-johnson\/#primaryimage","url":"https:\/\/lavoixdelanation.tg\/wp-content\/uploads\/2025\/08\/32\u1d49-session-ordinaire-dAFRISTAT-1.jpg","contentUrl":"https:\/\/lavoixdelanation.tg\/wp-content\/uploads\/2025\/08\/32\u1d49-session-ordinaire-dAFRISTAT-1.jpg","width":1600,"height":1105},{"@type":"BreadcrumbList","@id":"https:\/\/lavoixdelanation.tg\/index.php\/2025\/08\/11\/afristat-les-travaux-de-la-32e-session-ordinaire-presides-par-la-ministre-sandra-johnson\/#breadcrumb","itemListElement":[{"@type":"ListItem","position":1,"name":"Accueil","item":"https:\/\/lavoixdelanation.tg\/"},{"@type":"ListItem","position":2,"name":"AFRISTAT\u00a0: Les travaux de la 32\u00e8 session ordinaire pr\u00e9sid\u00e9s par la ministre Sandra Johnson"}]},{"@type":"WebSite","@id":"https:\/\/lavoixdelanation.tg\/#website","url":"https:\/\/lavoixdelanation.tg\/","name":"La Voix de la Nation","description":"R\u00e9c\u00e9piss\u00e9 n\u00b00108\/HAAC\/01-2024\/pl\/P","publisher":{"@id":"https:\/\/lavoixdelanation.tg\/#organization"},"alternateName":"VON","potentialAction":[{"@type":"SearchAction","target":{"@type":"EntryPoint","urlTemplate":"https:\/\/lavoixdelanation.tg\/?s={search_term_string}"},"query-input":{"@type":"PropertyValueSpecification","valueRequired":true,"valueName":"search_term_string"}}],"inLanguage":"fr-FR"},{"@type":"Organization","@id":"https:\/\/lavoixdelanation.tg\/#organization","name":"La Voix de la Nation","url":"https:\/\/lavoixdelanation.tg\/","logo":{"@type":"ImageObject","inLanguage":"fr-FR","@id":"https:\/\/lavoixdelanation.tg\/#\/schema\/logo\/image\/","url":"https:\/\/lavoixdelanation.tg\/wp-content\/uploads\/2024\/12\/lavn-1.png","contentUrl":"https:\/\/lavoixdelanation.tg\/wp-content\/uploads\/2024\/12\/lavn-1.png","width":1024,"height":464,"caption":"La Voix de la Nation"},"image":{"@id":"https:\/\/lavoixdelanation.tg\/#\/schema\/logo\/image\/"},"sameAs":["https:\/\/www.facebook.com\/lavoixdelanation"]},{"@type":"Person","@id":"https:\/\/lavoixdelanation.tg\/#\/schema\/person\/6c489293aa38053673a9e554acb6e224","name":"La voix de la nation","image":{"@type":"ImageObject","inLanguage":"fr-FR","@id":"https:\/\/lavoixdelanation.tg\/#\/schema\/person\/image\/","url":"https:\/\/secure.gravatar.com\/avatar\/8aa135d4bbc794494cecaa8d483f6d6cc1023624868deaff686baed5e727a5a1?s=96&d=mm&r=g","contentUrl":"https:\/\/secure.gravatar.com\/avatar\/8aa135d4bbc794494cecaa8d483f6d6cc1023624868deaff686baed5e727a5a1?s=96&d=mm&r=g","caption":"La voix de la nation"},"sameAs":["https:\/\/lavoixdelanation.tg"],"url":"https:\/\/lavoixdelanation.tg\/index.php\/author\/lavn\/"}]}},"_links":{"self":[{"href":"https:\/\/lavoixdelanation.tg\/index.php\/wp-json\/wp\/v2\/posts\/4898","targetHints":{"allow":["GET"]}}],"collection":[{"href":"https:\/\/lavoixdelanation.tg\/index.php\/wp-json\/wp\/v2\/posts"}],"about":[{"href":"https:\/\/lavoixdelanation.tg\/index.php\/wp-json\/wp\/v2\/types\/post"}],"author":[{"embeddable":true,"href":"https:\/\/lavoixdelanation.tg\/index.php\/wp-json\/wp\/v2\/users\/1"}],"replies":[{"embeddable":true,"href":"https:\/\/lavoixdelanation.tg\/index.php\/wp-json\/wp\/v2\/comments?post=4898"}],"version-history":[{"count":2,"href":"https:\/\/lavoixdelanation.tg\/index.php\/wp-json\/wp\/v2\/posts\/4898\/revisions"}],"predecessor-version":[{"id":4909,"href":"https:\/\/lavoixdelanation.tg\/index.php\/wp-json\/wp\/v2\/posts\/4898\/revisions\/4909"}],"wp:featuredmedia":[{"embeddable":true,"href":"https:\/\/lavoixdelanation.tg\/index.php\/wp-json\/wp\/v2\/media\/4899"}],"wp:attachment":[{"href":"https:\/\/lavoixdelanation.tg\/index.php\/wp-json\/wp\/v2\/media?parent=4898"}],"wp:term":[{"taxonomy":"category","embeddable":true,"href":"https:\/\/lavoixdelanation.tg\/index.php\/wp-json\/wp\/v2\/categories?post=4898"},{"taxonomy":"post_tag","embeddable":true,"href":"https:\/\/lavoixdelanation.tg\/index.php\/wp-json\/wp\/v2\/tags?post=4898"}],"curies":[{"name":"wp","href":"https:\/\/api.w.org\/{rel}","templated":true}]}}