{"id":4845,"date":"2025-08-09T22:48:00","date_gmt":"2025-08-09T20:48:00","guid":{"rendered":"https:\/\/lavoixdelanation.tg\/?p=4845"},"modified":"2025-08-10T01:53:16","modified_gmt":"2025-08-09T23:53:16","slug":"assurance-maladie-au-togo-extension-de-lamu-inam-a-de-nouvelles-categories-de-personnes","status":"publish","type":"post","link":"https:\/\/lavoixdelanation.tg\/index.php\/2025\/08\/09\/assurance-maladie-au-togo-extension-de-lamu-inam-a-de-nouvelles-categories-de-personnes\/","title":{"rendered":"Assurance maladie\u00a0au Togo : Extension de l&rsquo;AMU-INAM \u00e0 de nouvelles cat\u00e9gories de personnes"},"content":{"rendered":"\n<p>Au Togo, la couverture maladie s\u2019\u00e9tend d\u00e9sormais aux b\u00e9n\u00e9ficiaires de pensions de survivants pour prendre en compte \u00e0 titre individuel les veufs, les veuves et orphelins relevant du r\u00e9gime des pensions civiles et militaires servies par la Caisse de Retraites du Togo (CRT).<\/p>\n\n\n\n<p>Le programme s\u2019\u00e9tend \u00e9galement d\u00e9sormais aux personnes \u00e0 la charge des assur\u00e9s cotisants, en l&rsquo;occurrence leurs ascendants directs (p\u00e8re-m\u00e8re) et leurs ayants droit suppl\u00e9mentaires (\u00e0 partir de la seconde \u00e9pouse et du cinqui\u00e8me enfant).<\/p>\n\n\n\n<p>Ces d\u00e9cisions qui s\u2019inscrivent dans le cadre de la mise en \u0153uvre progressive de l&rsquo;Assurance Maladie Universelle (AMU), sont port\u00e9es \u00e0 la connaissance des b\u00e9n\u00e9ficiaires de l&rsquo;AMU-INAM et la population \u00e0 travers des communiqu\u00e9s sign\u00e9s du Directeur G\u00e9n\u00e9ral de l&rsquo;Institut National d&rsquo;Assurance Maladie (INAM), Tchilabalo PILANTE.<\/p>\n\n\n\n<p>Les b\u00e9n\u00e9ficiaires concern\u00e9s sont ainsi invit\u00e9s par l\u2019INAM \u00e0 se rapprocher de ses services sur l&rsquo;ensemble du territoire national pour les formalit\u00e9s d&rsquo;immatriculation et de mise \u00e0 disposition des cartes d&rsquo;assurance.<\/p>\n\n\n\n<p>Les dossiers \u00e0 fournir selon les b\u00e9n\u00e9ficiaires peuvent \u00eatres consult\u00e9s dans les documents ci-dessous.<\/p>\n\n\n\n<p><strong>\u27a4<\/strong><strong> Pour les veuves\/veufs :<\/strong><\/p>\n\n\n\n<p>Un (01) formulaire d&rsquo;immatriculation d\u00fbment renseign\u00e9 (formulaire \u00e0 t\u00e9l\u00e9charger sur le site web www.inam.tg ou \u00e0 retirer aux guichets INAM)<\/p>\n\n\n\n<p>Une (1) copie simple de la carte nationale d&rsquo;identit\u00e9 ou de la carte CRT<\/p>\n\n\n\n<p>Une (1) photo passeport r\u00e9cente sur fond blanc.<\/p>\n\n\n\n<p><strong>\u27a4<\/strong><strong> Pour les orphelins :<\/strong><\/p>\n\n\n\n<p>Un (01) formulaire d&rsquo;immatriculation d\u00fbment renseign\u00e9 (formulaire \u00e0 t\u00e9l\u00e9charger sur le site web www.inam.tg ou \u00e0 retirer aux guichets INAM)<\/p>\n\n\n\n<p>Une (1) copie simple de l&rsquo;acte de naissance<\/p>\n\n\n\n<p>Une (1) copie de tout document de preuve de scolarit\u00e9 ou d&rsquo;apprentissage.<\/p>\n\n\n\n<p>Une (1) photo passeport r\u00e9cente sur fond blanc.<\/p>\n\n\n\n<p><strong>\u27a4<\/strong><strong> Pour les ascendants directs (p\u00e8re &#8211; m\u00e8re) :<\/strong><\/p>\n\n\n\n<p>Un (01) formulaire d&rsquo;immatriculation d\u00fbment renseign\u00e9 (formulaire \u00e0 t\u00e9l\u00e9charger sur le site web www.inam.tg ou \u00e0 retirer aux guichets INAM)<\/p>\n\n\n\n<p>Une (1) copie de la carte INAM de l&rsquo;assur\u00e9 d\u00e9clarant<\/p>\n\n\n\n<p>Une (1) copie simple de l&rsquo;acte de naissance ou de la carte nationale d&rsquo;identit\u00e9 de l&rsquo;assur\u00e9 d\u00e9clarant<\/p>\n\n\n\n<p>Une (1) copie l\u00e9galis\u00e9e de l&rsquo;acte de naissance de l&rsquo;ascendant ou une copie d&rsquo;une pi\u00e8ce d&rsquo;identit\u00e9 portant une photo<\/p>\n\n\n\n<p>Une (1) photo passeport r\u00e9cente sur fond blanc.<\/p>\n\n\n\n<p><strong>\u27a4<\/strong><strong> Pour les enfants suppl\u00e9mentaires (\u00e0 partir du 5\u00e8me enfant) :<\/strong><\/p>\n\n\n\n<p>Un (01) formulaire d&rsquo;immatriculation d\u016bment renseign\u00e9 (formulaire \u00e0 t\u00e9l\u00e9charger sur le site web www.inam.ta ou \u00e0 retirer aux guichets INAM)<\/p>\n\n\n\n<p>Une (1) copie de la carte INAM de l&rsquo;assur\u00e9 d\u00e9clarant<\/p>\n\n\n\n<p>Une (1) copie l\u00e9galis\u00e9e de l&rsquo;acte de naissance de l&rsquo;enfant<\/p>\n\n\n\n<p>Une (1) copie de tout document de preuve de scolarit\u00e9 ou d&rsquo;apprentissage<\/p>\n\n\n\n<p>Une (1) photo passeport r\u00e9cente sur fond blanc.<\/p>\n\n\n\n<p><strong>\u27a4<\/strong><strong> Pour les \u00e9pouses suppl\u00e9mentaires (\u00e0 partir de la 2\u00e8me \u00e9pouse) :<\/strong><\/p>\n\n\n\n<p>Un (01) formulaire d&rsquo;immatriculation d\u00fbment renseign\u00e9 (formulaire \u00e0 t\u00e9l\u00e9charger sur le site web www.inam.tg ou \u00e0 retirer aux guichets INAM)&nbsp;:<\/p>\n\n\n\n<p>Une (1) copie de la carte INAM de l&rsquo;assur\u00e9 d\u00e9clarant<\/p>\n\n\n\n<p>Une (1) copie l\u00e9galis\u00e9e de l&rsquo;acte de naissance de l&rsquo;\u00e9pouse<\/p>\n\n\n\n<p>Une (1) copie l\u00e9galis\u00e9e de l&rsquo;acte de mariage<\/p>\n\n\n\n<p>Une (1) photo passeport r\u00e9cente sur fond blanc.<\/p>\n\n\n\n<p><strong>Pour plus d&rsquo;informations, veuillez contacter le 8220 ou le 98 76 69 84 (WhatsApp).<\/strong><\/p>\n","protected":false},"excerpt":{"rendered":"<p>Au Togo, la couverture maladie s\u2019\u00e9tend d\u00e9sormais aux b\u00e9n\u00e9ficiaires de pensions de survivants pour prendre en compte \u00e0 titre individuel les veufs, les veuves et orphelins relevant du r\u00e9gime des&hellip; <\/p>\n","protected":false},"author":1,"featured_media":4846,"comment_status":"open","ping_status":"open","sticky":false,"template":"","format":"standard","meta":{"footnotes":""},"categories":[7],"tags":[170,39],"class_list":["post-4845","post","type-post","status-publish","format-standard","has-post-thumbnail","hentry","category-sante","tag-assurance-maladie","tag-togo"],"yoast_head":"<!-- This site is optimized with the Yoast SEO plugin v26.4 - https:\/\/yoast.com\/wordpress\/plugins\/seo\/ -->\n<title>Assurance maladie\u00a0au Togo : Extension de l&#039;AMU-INAM \u00e0 de nouvelles cat\u00e9gories de personnes - La Voix de la Nation<\/title>\n<meta name=\"description\" content=\"Au Togo, la couverture maladie s\u2019\u00e9tend d\u00e9sormais aux b\u00e9n\u00e9ficiaires de pensions de survivants pour prendre en compte \u00e0 titre individuel les veufs, les veuves et orphelins relevant du r\u00e9gime des pensions civiles et militaires servies par la Caisse de Retraites du Togo (CRT).\" \/>\n<meta name=\"robots\" content=\"index, follow, max-snippet:-1, max-image-preview:large, max-video-preview:-1\" \/>\n<link rel=\"canonical\" href=\"https:\/\/lavoixdelanation.tg\/index.php\/2025\/08\/09\/assurance-maladie-au-togo-extension-de-lamu-inam-a-de-nouvelles-categories-de-personnes\/\" \/>\n<meta property=\"og:locale\" content=\"fr_FR\" \/>\n<meta property=\"og:type\" content=\"article\" \/>\n<meta property=\"og:title\" content=\"Assurance maladie\u00a0au Togo : Extension de l&#039;AMU-INAM \u00e0 de nouvelles cat\u00e9gories de personnes - La Voix de la Nation\" \/>\n<meta property=\"og:description\" content=\"Au Togo, la couverture maladie s\u2019\u00e9tend d\u00e9sormais aux b\u00e9n\u00e9ficiaires de pensions de survivants pour prendre en compte \u00e0 titre individuel les veufs, les veuves et orphelins relevant du r\u00e9gime des pensions civiles et militaires servies par la Caisse de Retraites du Togo (CRT).\" \/>\n<meta property=\"og:url\" content=\"https:\/\/lavoixdelanation.tg\/index.php\/2025\/08\/09\/assurance-maladie-au-togo-extension-de-lamu-inam-a-de-nouvelles-categories-de-personnes\/\" \/>\n<meta property=\"og:site_name\" content=\"La Voix de la Nation\" \/>\n<meta property=\"article:publisher\" content=\"https:\/\/www.facebook.com\/lavoixdelanation\" \/>\n<meta property=\"article:published_time\" content=\"2025-08-09T20:48:00+00:00\" \/>\n<meta property=\"article:modified_time\" content=\"2025-08-09T23:53:16+00:00\" \/>\n<meta property=\"og:image\" content=\"https:\/\/lavoixdelanation.tg\/wp-content\/uploads\/2025\/08\/Extension-de-lAMU-INAM-au-Togo.jpg\" \/>\n\t<meta property=\"og:image:width\" content=\"670\" \/>\n\t<meta property=\"og:image:height\" content=\"341\" \/>\n\t<meta property=\"og:image:type\" content=\"image\/jpeg\" \/>\n<meta name=\"author\" content=\"La voix de la nation\" \/>\n<meta name=\"twitter:card\" content=\"summary_large_image\" \/>\n<meta name=\"twitter:label1\" content=\"\u00c9crit par\" \/>\n\t<meta name=\"twitter:data1\" content=\"La voix de la nation\" \/>\n\t<meta name=\"twitter:label2\" content=\"Dur\u00e9e de lecture estim\u00e9e\" \/>\n\t<meta name=\"twitter:data2\" content=\"3 minutes\" \/>\n<script type=\"application\/ld+json\" class=\"yoast-schema-graph\">{\"@context\":\"https:\/\/schema.org\",\"@graph\":[{\"@type\":\"Article\",\"@id\":\"https:\/\/lavoixdelanation.tg\/index.php\/2025\/08\/09\/assurance-maladie-au-togo-extension-de-lamu-inam-a-de-nouvelles-categories-de-personnes\/#article\",\"isPartOf\":{\"@id\":\"https:\/\/lavoixdelanation.tg\/index.php\/2025\/08\/09\/assurance-maladie-au-togo-extension-de-lamu-inam-a-de-nouvelles-categories-de-personnes\/\"},\"author\":{\"name\":\"La voix de la nation\",\"@id\":\"https:\/\/lavoixdelanation.tg\/#\/schema\/person\/6c489293aa38053673a9e554acb6e224\"},\"headline\":\"Assurance maladie\u00a0au Togo : Extension de l&rsquo;AMU-INAM \u00e0 de nouvelles cat\u00e9gories de personnes\",\"datePublished\":\"2025-08-09T20:48:00+00:00\",\"dateModified\":\"2025-08-09T23:53:16+00:00\",\"mainEntityOfPage\":{\"@id\":\"https:\/\/lavoixdelanation.tg\/index.php\/2025\/08\/09\/assurance-maladie-au-togo-extension-de-lamu-inam-a-de-nouvelles-categories-de-personnes\/\"},\"wordCount\":573,\"commentCount\":0,\"publisher\":{\"@id\":\"https:\/\/lavoixdelanation.tg\/#organization\"},\"image\":{\"@id\":\"https:\/\/lavoixdelanation.tg\/index.php\/2025\/08\/09\/assurance-maladie-au-togo-extension-de-lamu-inam-a-de-nouvelles-categories-de-personnes\/#primaryimage\"},\"thumbnailUrl\":\"https:\/\/lavoixdelanation.tg\/wp-content\/uploads\/2025\/08\/Extension-de-lAMU-INAM-au-Togo.jpg\",\"keywords\":[\"Assurance maladie\",\"Togo\"],\"articleSection\":[\"Sant\u00e9\"],\"inLanguage\":\"fr-FR\",\"potentialAction\":[{\"@type\":\"CommentAction\",\"name\":\"Comment\",\"target\":[\"https:\/\/lavoixdelanation.tg\/index.php\/2025\/08\/09\/assurance-maladie-au-togo-extension-de-lamu-inam-a-de-nouvelles-categories-de-personnes\/#respond\"]}]},{\"@type\":\"WebPage\",\"@id\":\"https:\/\/lavoixdelanation.tg\/index.php\/2025\/08\/09\/assurance-maladie-au-togo-extension-de-lamu-inam-a-de-nouvelles-categories-de-personnes\/\",\"url\":\"https:\/\/lavoixdelanation.tg\/index.php\/2025\/08\/09\/assurance-maladie-au-togo-extension-de-lamu-inam-a-de-nouvelles-categories-de-personnes\/\",\"name\":\"Assurance maladie\u00a0au Togo : Extension de l'AMU-INAM \u00e0 de nouvelles cat\u00e9gories de personnes - La Voix de la Nation\",\"isPartOf\":{\"@id\":\"https:\/\/lavoixdelanation.tg\/#website\"},\"primaryImageOfPage\":{\"@id\":\"https:\/\/lavoixdelanation.tg\/index.php\/2025\/08\/09\/assurance-maladie-au-togo-extension-de-lamu-inam-a-de-nouvelles-categories-de-personnes\/#primaryimage\"},\"image\":{\"@id\":\"https:\/\/lavoixdelanation.tg\/index.php\/2025\/08\/09\/assurance-maladie-au-togo-extension-de-lamu-inam-a-de-nouvelles-categories-de-personnes\/#primaryimage\"},\"thumbnailUrl\":\"https:\/\/lavoixdelanation.tg\/wp-content\/uploads\/2025\/08\/Extension-de-lAMU-INAM-au-Togo.jpg\",\"datePublished\":\"2025-08-09T20:48:00+00:00\",\"dateModified\":\"2025-08-09T23:53:16+00:00\",\"description\":\"Au Togo, la couverture maladie s\u2019\u00e9tend d\u00e9sormais aux b\u00e9n\u00e9ficiaires de pensions de survivants pour prendre en compte \u00e0 titre individuel les veufs, les veuves et orphelins relevant du r\u00e9gime des pensions civiles et militaires servies par la Caisse de Retraites du Togo (CRT).\",\"breadcrumb\":{\"@id\":\"https:\/\/lavoixdelanation.tg\/index.php\/2025\/08\/09\/assurance-maladie-au-togo-extension-de-lamu-inam-a-de-nouvelles-categories-de-personnes\/#breadcrumb\"},\"inLanguage\":\"fr-FR\",\"potentialAction\":[{\"@type\":\"ReadAction\",\"target\":[\"https:\/\/lavoixdelanation.tg\/index.php\/2025\/08\/09\/assurance-maladie-au-togo-extension-de-lamu-inam-a-de-nouvelles-categories-de-personnes\/\"]}]},{\"@type\":\"ImageObject\",\"inLanguage\":\"fr-FR\",\"@id\":\"https:\/\/lavoixdelanation.tg\/index.php\/2025\/08\/09\/assurance-maladie-au-togo-extension-de-lamu-inam-a-de-nouvelles-categories-de-personnes\/#primaryimage\",\"url\":\"https:\/\/lavoixdelanation.tg\/wp-content\/uploads\/2025\/08\/Extension-de-lAMU-INAM-au-Togo.jpg\",\"contentUrl\":\"https:\/\/lavoixdelanation.tg\/wp-content\/uploads\/2025\/08\/Extension-de-lAMU-INAM-au-Togo.jpg\",\"width\":670,\"height\":341},{\"@type\":\"BreadcrumbList\",\"@id\":\"https:\/\/lavoixdelanation.tg\/index.php\/2025\/08\/09\/assurance-maladie-au-togo-extension-de-lamu-inam-a-de-nouvelles-categories-de-personnes\/#breadcrumb\",\"itemListElement\":[{\"@type\":\"ListItem\",\"position\":1,\"name\":\"Accueil\",\"item\":\"https:\/\/lavoixdelanation.tg\/\"},{\"@type\":\"ListItem\",\"position\":2,\"name\":\"Assurance maladie\u00a0au Togo : Extension de l&rsquo;AMU-INAM \u00e0 de nouvelles cat\u00e9gories de personnes\"}]},{\"@type\":\"WebSite\",\"@id\":\"https:\/\/lavoixdelanation.tg\/#website\",\"url\":\"https:\/\/lavoixdelanation.tg\/\",\"name\":\"La Voix de la Nation\",\"description\":\"R\u00e9c\u00e9piss\u00e9 n\u00b00108\/HAAC\/01-2024\/pl\/P\",\"publisher\":{\"@id\":\"https:\/\/lavoixdelanation.tg\/#organization\"},\"alternateName\":\"VON\",\"potentialAction\":[{\"@type\":\"SearchAction\",\"target\":{\"@type\":\"EntryPoint\",\"urlTemplate\":\"https:\/\/lavoixdelanation.tg\/?s={search_term_string}\"},\"query-input\":{\"@type\":\"PropertyValueSpecification\",\"valueRequired\":true,\"valueName\":\"search_term_string\"}}],\"inLanguage\":\"fr-FR\"},{\"@type\":\"Organization\",\"@id\":\"https:\/\/lavoixdelanation.tg\/#organization\",\"name\":\"La Voix de la Nation\",\"url\":\"https:\/\/lavoixdelanation.tg\/\",\"logo\":{\"@type\":\"ImageObject\",\"inLanguage\":\"fr-FR\",\"@id\":\"https:\/\/lavoixdelanation.tg\/#\/schema\/logo\/image\/\",\"url\":\"https:\/\/lavoixdelanation.tg\/wp-content\/uploads\/2024\/12\/lavn-1.png\",\"contentUrl\":\"https:\/\/lavoixdelanation.tg\/wp-content\/uploads\/2024\/12\/lavn-1.png\",\"width\":1024,\"height\":464,\"caption\":\"La Voix de la Nation\"},\"image\":{\"@id\":\"https:\/\/lavoixdelanation.tg\/#\/schema\/logo\/image\/\"},\"sameAs\":[\"https:\/\/www.facebook.com\/lavoixdelanation\"]},{\"@type\":\"Person\",\"@id\":\"https:\/\/lavoixdelanation.tg\/#\/schema\/person\/6c489293aa38053673a9e554acb6e224\",\"name\":\"La voix de la nation\",\"image\":{\"@type\":\"ImageObject\",\"inLanguage\":\"fr-FR\",\"@id\":\"https:\/\/lavoixdelanation.tg\/#\/schema\/person\/image\/\",\"url\":\"https:\/\/secure.gravatar.com\/avatar\/8aa135d4bbc794494cecaa8d483f6d6cc1023624868deaff686baed5e727a5a1?s=96&d=mm&r=g\",\"contentUrl\":\"https:\/\/secure.gravatar.com\/avatar\/8aa135d4bbc794494cecaa8d483f6d6cc1023624868deaff686baed5e727a5a1?s=96&d=mm&r=g\",\"caption\":\"La voix de la nation\"},\"sameAs\":[\"https:\/\/lavoixdelanation.tg\"],\"url\":\"https:\/\/lavoixdelanation.tg\/index.php\/author\/lavn\/\"}]}<\/script>\n<!-- \/ Yoast SEO plugin. -->","yoast_head_json":{"title":"Assurance maladie\u00a0au Togo : Extension de l'AMU-INAM \u00e0 de nouvelles cat\u00e9gories de personnes - La Voix de la Nation","description":"Au Togo, la couverture maladie s\u2019\u00e9tend d\u00e9sormais aux b\u00e9n\u00e9ficiaires de pensions de survivants pour prendre en compte \u00e0 titre individuel les veufs, les veuves et orphelins relevant du r\u00e9gime des pensions civiles et militaires servies par la Caisse de Retraites du Togo (CRT).","robots":{"index":"index","follow":"follow","max-snippet":"max-snippet:-1","max-image-preview":"max-image-preview:large","max-video-preview":"max-video-preview:-1"},"canonical":"https:\/\/lavoixdelanation.tg\/index.php\/2025\/08\/09\/assurance-maladie-au-togo-extension-de-lamu-inam-a-de-nouvelles-categories-de-personnes\/","og_locale":"fr_FR","og_type":"article","og_title":"Assurance maladie\u00a0au Togo : Extension de l'AMU-INAM \u00e0 de nouvelles cat\u00e9gories de personnes - La Voix de la Nation","og_description":"Au Togo, la couverture maladie s\u2019\u00e9tend d\u00e9sormais aux b\u00e9n\u00e9ficiaires de pensions de survivants pour prendre en compte \u00e0 titre individuel les veufs, les veuves et orphelins relevant du r\u00e9gime des pensions civiles et militaires servies par la Caisse de Retraites du Togo (CRT).","og_url":"https:\/\/lavoixdelanation.tg\/index.php\/2025\/08\/09\/assurance-maladie-au-togo-extension-de-lamu-inam-a-de-nouvelles-categories-de-personnes\/","og_site_name":"La Voix de la Nation","article_publisher":"https:\/\/www.facebook.com\/lavoixdelanation","article_published_time":"2025-08-09T20:48:00+00:00","article_modified_time":"2025-08-09T23:53:16+00:00","og_image":[{"width":670,"height":341,"url":"https:\/\/lavoixdelanation.tg\/wp-content\/uploads\/2025\/08\/Extension-de-lAMU-INAM-au-Togo.jpg","type":"image\/jpeg"}],"author":"La voix de la nation","twitter_card":"summary_large_image","twitter_misc":{"\u00c9crit par":"La voix de la nation","Dur\u00e9e de lecture estim\u00e9e":"3 minutes"},"schema":{"@context":"https:\/\/schema.org","@graph":[{"@type":"Article","@id":"https:\/\/lavoixdelanation.tg\/index.php\/2025\/08\/09\/assurance-maladie-au-togo-extension-de-lamu-inam-a-de-nouvelles-categories-de-personnes\/#article","isPartOf":{"@id":"https:\/\/lavoixdelanation.tg\/index.php\/2025\/08\/09\/assurance-maladie-au-togo-extension-de-lamu-inam-a-de-nouvelles-categories-de-personnes\/"},"author":{"name":"La voix de la nation","@id":"https:\/\/lavoixdelanation.tg\/#\/schema\/person\/6c489293aa38053673a9e554acb6e224"},"headline":"Assurance maladie\u00a0au Togo : Extension de l&rsquo;AMU-INAM \u00e0 de nouvelles cat\u00e9gories de personnes","datePublished":"2025-08-09T20:48:00+00:00","dateModified":"2025-08-09T23:53:16+00:00","mainEntityOfPage":{"@id":"https:\/\/lavoixdelanation.tg\/index.php\/2025\/08\/09\/assurance-maladie-au-togo-extension-de-lamu-inam-a-de-nouvelles-categories-de-personnes\/"},"wordCount":573,"commentCount":0,"publisher":{"@id":"https:\/\/lavoixdelanation.tg\/#organization"},"image":{"@id":"https:\/\/lavoixdelanation.tg\/index.php\/2025\/08\/09\/assurance-maladie-au-togo-extension-de-lamu-inam-a-de-nouvelles-categories-de-personnes\/#primaryimage"},"thumbnailUrl":"https:\/\/lavoixdelanation.tg\/wp-content\/uploads\/2025\/08\/Extension-de-lAMU-INAM-au-Togo.jpg","keywords":["Assurance maladie","Togo"],"articleSection":["Sant\u00e9"],"inLanguage":"fr-FR","potentialAction":[{"@type":"CommentAction","name":"Comment","target":["https:\/\/lavoixdelanation.tg\/index.php\/2025\/08\/09\/assurance-maladie-au-togo-extension-de-lamu-inam-a-de-nouvelles-categories-de-personnes\/#respond"]}]},{"@type":"WebPage","@id":"https:\/\/lavoixdelanation.tg\/index.php\/2025\/08\/09\/assurance-maladie-au-togo-extension-de-lamu-inam-a-de-nouvelles-categories-de-personnes\/","url":"https:\/\/lavoixdelanation.tg\/index.php\/2025\/08\/09\/assurance-maladie-au-togo-extension-de-lamu-inam-a-de-nouvelles-categories-de-personnes\/","name":"Assurance maladie\u00a0au Togo : Extension de l'AMU-INAM \u00e0 de nouvelles cat\u00e9gories de personnes - La Voix de la Nation","isPartOf":{"@id":"https:\/\/lavoixdelanation.tg\/#website"},"primaryImageOfPage":{"@id":"https:\/\/lavoixdelanation.tg\/index.php\/2025\/08\/09\/assurance-maladie-au-togo-extension-de-lamu-inam-a-de-nouvelles-categories-de-personnes\/#primaryimage"},"image":{"@id":"https:\/\/lavoixdelanation.tg\/index.php\/2025\/08\/09\/assurance-maladie-au-togo-extension-de-lamu-inam-a-de-nouvelles-categories-de-personnes\/#primaryimage"},"thumbnailUrl":"https:\/\/lavoixdelanation.tg\/wp-content\/uploads\/2025\/08\/Extension-de-lAMU-INAM-au-Togo.jpg","datePublished":"2025-08-09T20:48:00+00:00","dateModified":"2025-08-09T23:53:16+00:00","description":"Au Togo, la couverture maladie s\u2019\u00e9tend d\u00e9sormais aux b\u00e9n\u00e9ficiaires de pensions de survivants pour prendre en compte \u00e0 titre individuel les veufs, les veuves et orphelins relevant du r\u00e9gime des pensions civiles et militaires servies par la Caisse de Retraites du Togo (CRT).","breadcrumb":{"@id":"https:\/\/lavoixdelanation.tg\/index.php\/2025\/08\/09\/assurance-maladie-au-togo-extension-de-lamu-inam-a-de-nouvelles-categories-de-personnes\/#breadcrumb"},"inLanguage":"fr-FR","potentialAction":[{"@type":"ReadAction","target":["https:\/\/lavoixdelanation.tg\/index.php\/2025\/08\/09\/assurance-maladie-au-togo-extension-de-lamu-inam-a-de-nouvelles-categories-de-personnes\/"]}]},{"@type":"ImageObject","inLanguage":"fr-FR","@id":"https:\/\/lavoixdelanation.tg\/index.php\/2025\/08\/09\/assurance-maladie-au-togo-extension-de-lamu-inam-a-de-nouvelles-categories-de-personnes\/#primaryimage","url":"https:\/\/lavoixdelanation.tg\/wp-content\/uploads\/2025\/08\/Extension-de-lAMU-INAM-au-Togo.jpg","contentUrl":"https:\/\/lavoixdelanation.tg\/wp-content\/uploads\/2025\/08\/Extension-de-lAMU-INAM-au-Togo.jpg","width":670,"height":341},{"@type":"BreadcrumbList","@id":"https:\/\/lavoixdelanation.tg\/index.php\/2025\/08\/09\/assurance-maladie-au-togo-extension-de-lamu-inam-a-de-nouvelles-categories-de-personnes\/#breadcrumb","itemListElement":[{"@type":"ListItem","position":1,"name":"Accueil","item":"https:\/\/lavoixdelanation.tg\/"},{"@type":"ListItem","position":2,"name":"Assurance maladie\u00a0au Togo : Extension de l&rsquo;AMU-INAM \u00e0 de nouvelles cat\u00e9gories de personnes"}]},{"@type":"WebSite","@id":"https:\/\/lavoixdelanation.tg\/#website","url":"https:\/\/lavoixdelanation.tg\/","name":"La Voix de la Nation","description":"R\u00e9c\u00e9piss\u00e9 n\u00b00108\/HAAC\/01-2024\/pl\/P","publisher":{"@id":"https:\/\/lavoixdelanation.tg\/#organization"},"alternateName":"VON","potentialAction":[{"@type":"SearchAction","target":{"@type":"EntryPoint","urlTemplate":"https:\/\/lavoixdelanation.tg\/?s={search_term_string}"},"query-input":{"@type":"PropertyValueSpecification","valueRequired":true,"valueName":"search_term_string"}}],"inLanguage":"fr-FR"},{"@type":"Organization","@id":"https:\/\/lavoixdelanation.tg\/#organization","name":"La Voix de la Nation","url":"https:\/\/lavoixdelanation.tg\/","logo":{"@type":"ImageObject","inLanguage":"fr-FR","@id":"https:\/\/lavoixdelanation.tg\/#\/schema\/logo\/image\/","url":"https:\/\/lavoixdelanation.tg\/wp-content\/uploads\/2024\/12\/lavn-1.png","contentUrl":"https:\/\/lavoixdelanation.tg\/wp-content\/uploads\/2024\/12\/lavn-1.png","width":1024,"height":464,"caption":"La Voix de la Nation"},"image":{"@id":"https:\/\/lavoixdelanation.tg\/#\/schema\/logo\/image\/"},"sameAs":["https:\/\/www.facebook.com\/lavoixdelanation"]},{"@type":"Person","@id":"https:\/\/lavoixdelanation.tg\/#\/schema\/person\/6c489293aa38053673a9e554acb6e224","name":"La voix de la nation","image":{"@type":"ImageObject","inLanguage":"fr-FR","@id":"https:\/\/lavoixdelanation.tg\/#\/schema\/person\/image\/","url":"https:\/\/secure.gravatar.com\/avatar\/8aa135d4bbc794494cecaa8d483f6d6cc1023624868deaff686baed5e727a5a1?s=96&d=mm&r=g","contentUrl":"https:\/\/secure.gravatar.com\/avatar\/8aa135d4bbc794494cecaa8d483f6d6cc1023624868deaff686baed5e727a5a1?s=96&d=mm&r=g","caption":"La voix de la nation"},"sameAs":["https:\/\/lavoixdelanation.tg"],"url":"https:\/\/lavoixdelanation.tg\/index.php\/author\/lavn\/"}]}},"_links":{"self":[{"href":"https:\/\/lavoixdelanation.tg\/index.php\/wp-json\/wp\/v2\/posts\/4845","targetHints":{"allow":["GET"]}}],"collection":[{"href":"https:\/\/lavoixdelanation.tg\/index.php\/wp-json\/wp\/v2\/posts"}],"about":[{"href":"https:\/\/lavoixdelanation.tg\/index.php\/wp-json\/wp\/v2\/types\/post"}],"author":[{"embeddable":true,"href":"https:\/\/lavoixdelanation.tg\/index.php\/wp-json\/wp\/v2\/users\/1"}],"replies":[{"embeddable":true,"href":"https:\/\/lavoixdelanation.tg\/index.php\/wp-json\/wp\/v2\/comments?post=4845"}],"version-history":[{"count":1,"href":"https:\/\/lavoixdelanation.tg\/index.php\/wp-json\/wp\/v2\/posts\/4845\/revisions"}],"predecessor-version":[{"id":4847,"href":"https:\/\/lavoixdelanation.tg\/index.php\/wp-json\/wp\/v2\/posts\/4845\/revisions\/4847"}],"wp:featuredmedia":[{"embeddable":true,"href":"https:\/\/lavoixdelanation.tg\/index.php\/wp-json\/wp\/v2\/media\/4846"}],"wp:attachment":[{"href":"https:\/\/lavoixdelanation.tg\/index.php\/wp-json\/wp\/v2\/media?parent=4845"}],"wp:term":[{"taxonomy":"category","embeddable":true,"href":"https:\/\/lavoixdelanation.tg\/index.php\/wp-json\/wp\/v2\/categories?post=4845"},{"taxonomy":"post_tag","embeddable":true,"href":"https:\/\/lavoixdelanation.tg\/index.php\/wp-json\/wp\/v2\/tags?post=4845"}],"curies":[{"name":"wp","href":"https:\/\/api.w.org\/{rel}","templated":true}]}}