{"id":4842,"date":"2025-08-09T15:52:00","date_gmt":"2025-08-09T13:52:00","guid":{"rendered":"https:\/\/lavoixdelanation.tg\/?p=4842"},"modified":"2025-08-10T00:56:17","modified_gmt":"2025-08-09T22:56:17","slug":"togo-le-colonel-mamah-agnidoufey-eleve-au-grade-de-general-de-brigade-aerienne","status":"publish","type":"post","link":"https:\/\/lavoixdelanation.tg\/index.php\/2025\/08\/09\/togo-le-colonel-mamah-agnidoufey-eleve-au-grade-de-general-de-brigade-aerienne\/","title":{"rendered":"Togo\u00a0: Le Colonel MAMAH Agnidoufey \u00e9lev\u00e9 au grade de G\u00e9n\u00e9ral de brigade a\u00e9rienne"},"content":{"rendered":"\n<p>Le Colonel MAMAH Agnidoufey, chef d\u2019\u00e9tat-major de l\u2019arm\u00e9e de l\u2019air, est \u00e9lev\u00e9 au grade de G\u00e9n\u00e9ral de brigade a\u00e9rienne par le Pr\u00e9sident du Conseil, Faure Gnassingb\u00e9, Chef supr\u00eame des arm\u00e9es.<\/p>\n\n\n\n<p>Cette promotion effectu\u00e9e par d\u00e9cret en date du 8 ao\u00fbt 2025, traduit selon le minist\u00e8re en charge des arm\u00e9es, la confiance plac\u00e9e en son leadership et en ses comp\u00e9tences militaires, ainsi que son r\u00f4le strat\u00e9gique dans la modernisation de notre outil de d\u00e9fense.<\/p>\n","protected":false},"excerpt":{"rendered":"<p>Le Colonel MAMAH Agnidoufey, chef d\u2019\u00e9tat-major de l\u2019arm\u00e9e de l\u2019air, est \u00e9lev\u00e9 au grade de G\u00e9n\u00e9ral de brigade a\u00e9rienne par le Pr\u00e9sident du Conseil, Faure Gnassingb\u00e9, Chef supr\u00eame des arm\u00e9es.&hellip; <\/p>\n","protected":false},"author":1,"featured_media":4843,"comment_status":"open","ping_status":"open","sticky":false,"template":"","format":"standard","meta":{"footnotes":""},"categories":[21],"tags":[],"class_list":["post-4842","post","type-post","status-publish","format-standard","has-post-thumbnail","hentry","category-politique"],"yoast_head":"<!-- This site is optimized with the Yoast SEO plugin v26.4 - https:\/\/yoast.com\/wordpress\/plugins\/seo\/ -->\n<title>Togo\u00a0: Le Colonel MAMAH Agnidoufey \u00e9lev\u00e9 au grade de G\u00e9n\u00e9ral de brigade a\u00e9rienne - La Voix de la Nation<\/title>\n<meta name=\"description\" content=\"Le Colonel MAMAH Agnidoufey, chef d\u2019\u00e9tat-major de l\u2019arm\u00e9e de l\u2019air, est \u00e9lev\u00e9 au grade de G\u00e9n\u00e9ral de brigade a\u00e9rienne par le Pr\u00e9sident du Conseil, Faure Gnassingb\u00e9, Chef supr\u00eame des arm\u00e9es.\" \/>\n<meta name=\"robots\" content=\"index, follow, max-snippet:-1, max-image-preview:large, max-video-preview:-1\" \/>\n<link rel=\"canonical\" href=\"https:\/\/lavoixdelanation.tg\/index.php\/2025\/08\/09\/togo-le-colonel-mamah-agnidoufey-eleve-au-grade-de-general-de-brigade-aerienne\/\" \/>\n<meta property=\"og:locale\" content=\"fr_FR\" \/>\n<meta property=\"og:type\" content=\"article\" \/>\n<meta property=\"og:title\" content=\"Togo\u00a0: Le Colonel MAMAH Agnidoufey \u00e9lev\u00e9 au grade de G\u00e9n\u00e9ral de brigade a\u00e9rienne - La Voix de la Nation\" \/>\n<meta property=\"og:description\" content=\"Le Colonel MAMAH Agnidoufey, chef d\u2019\u00e9tat-major de l\u2019arm\u00e9e de l\u2019air, est \u00e9lev\u00e9 au grade de G\u00e9n\u00e9ral de brigade a\u00e9rienne par le Pr\u00e9sident du Conseil, Faure Gnassingb\u00e9, Chef supr\u00eame des arm\u00e9es.\" \/>\n<meta property=\"og:url\" content=\"https:\/\/lavoixdelanation.tg\/index.php\/2025\/08\/09\/togo-le-colonel-mamah-agnidoufey-eleve-au-grade-de-general-de-brigade-aerienne\/\" \/>\n<meta property=\"og:site_name\" content=\"La Voix de la Nation\" \/>\n<meta property=\"article:publisher\" content=\"https:\/\/www.facebook.com\/lavoixdelanation\" \/>\n<meta property=\"article:published_time\" content=\"2025-08-09T13:52:00+00:00\" \/>\n<meta property=\"article:modified_time\" content=\"2025-08-09T22:56:17+00:00\" \/>\n<meta property=\"og:image\" content=\"https:\/\/lavoixdelanation.tg\/wp-content\/uploads\/2025\/08\/General-de-brigade-aerienne-MAMAH-Agnidoufey.jpg\" \/>\n\t<meta property=\"og:image:width\" content=\"700\" \/>\n\t<meta property=\"og:image:height\" content=\"800\" \/>\n\t<meta property=\"og:image:type\" content=\"image\/jpeg\" \/>\n<meta name=\"author\" content=\"La voix de la nation\" \/>\n<meta name=\"twitter:card\" content=\"summary_large_image\" \/>\n<meta name=\"twitter:label1\" content=\"\u00c9crit par\" \/>\n\t<meta name=\"twitter:data1\" content=\"La voix de la nation\" \/>\n\t<meta name=\"twitter:label2\" content=\"Dur\u00e9e de lecture estim\u00e9e\" \/>\n\t<meta name=\"twitter:data2\" content=\"1 minute\" \/>\n<script type=\"application\/ld+json\" class=\"yoast-schema-graph\">{\"@context\":\"https:\/\/schema.org\",\"@graph\":[{\"@type\":\"Article\",\"@id\":\"https:\/\/lavoixdelanation.tg\/index.php\/2025\/08\/09\/togo-le-colonel-mamah-agnidoufey-eleve-au-grade-de-general-de-brigade-aerienne\/#article\",\"isPartOf\":{\"@id\":\"https:\/\/lavoixdelanation.tg\/index.php\/2025\/08\/09\/togo-le-colonel-mamah-agnidoufey-eleve-au-grade-de-general-de-brigade-aerienne\/\"},\"author\":{\"name\":\"La voix de la nation\",\"@id\":\"https:\/\/lavoixdelanation.tg\/#\/schema\/person\/6c489293aa38053673a9e554acb6e224\"},\"headline\":\"Togo\u00a0: Le Colonel MAMAH Agnidoufey \u00e9lev\u00e9 au grade de G\u00e9n\u00e9ral de brigade a\u00e9rienne\",\"datePublished\":\"2025-08-09T13:52:00+00:00\",\"dateModified\":\"2025-08-09T22:56:17+00:00\",\"mainEntityOfPage\":{\"@id\":\"https:\/\/lavoixdelanation.tg\/index.php\/2025\/08\/09\/togo-le-colonel-mamah-agnidoufey-eleve-au-grade-de-general-de-brigade-aerienne\/\"},\"wordCount\":107,\"commentCount\":0,\"publisher\":{\"@id\":\"https:\/\/lavoixdelanation.tg\/#organization\"},\"image\":{\"@id\":\"https:\/\/lavoixdelanation.tg\/index.php\/2025\/08\/09\/togo-le-colonel-mamah-agnidoufey-eleve-au-grade-de-general-de-brigade-aerienne\/#primaryimage\"},\"thumbnailUrl\":\"https:\/\/lavoixdelanation.tg\/wp-content\/uploads\/2025\/08\/General-de-brigade-aerienne-MAMAH-Agnidoufey.jpg\",\"articleSection\":[\"Politique\"],\"inLanguage\":\"fr-FR\",\"potentialAction\":[{\"@type\":\"CommentAction\",\"name\":\"Comment\",\"target\":[\"https:\/\/lavoixdelanation.tg\/index.php\/2025\/08\/09\/togo-le-colonel-mamah-agnidoufey-eleve-au-grade-de-general-de-brigade-aerienne\/#respond\"]}]},{\"@type\":\"WebPage\",\"@id\":\"https:\/\/lavoixdelanation.tg\/index.php\/2025\/08\/09\/togo-le-colonel-mamah-agnidoufey-eleve-au-grade-de-general-de-brigade-aerienne\/\",\"url\":\"https:\/\/lavoixdelanation.tg\/index.php\/2025\/08\/09\/togo-le-colonel-mamah-agnidoufey-eleve-au-grade-de-general-de-brigade-aerienne\/\",\"name\":\"Togo\u00a0: Le Colonel MAMAH Agnidoufey \u00e9lev\u00e9 au grade de G\u00e9n\u00e9ral de brigade a\u00e9rienne - La Voix de la Nation\",\"isPartOf\":{\"@id\":\"https:\/\/lavoixdelanation.tg\/#website\"},\"primaryImageOfPage\":{\"@id\":\"https:\/\/lavoixdelanation.tg\/index.php\/2025\/08\/09\/togo-le-colonel-mamah-agnidoufey-eleve-au-grade-de-general-de-brigade-aerienne\/#primaryimage\"},\"image\":{\"@id\":\"https:\/\/lavoixdelanation.tg\/index.php\/2025\/08\/09\/togo-le-colonel-mamah-agnidoufey-eleve-au-grade-de-general-de-brigade-aerienne\/#primaryimage\"},\"thumbnailUrl\":\"https:\/\/lavoixdelanation.tg\/wp-content\/uploads\/2025\/08\/General-de-brigade-aerienne-MAMAH-Agnidoufey.jpg\",\"datePublished\":\"2025-08-09T13:52:00+00:00\",\"dateModified\":\"2025-08-09T22:56:17+00:00\",\"description\":\"Le Colonel MAMAH Agnidoufey, chef d\u2019\u00e9tat-major de l\u2019arm\u00e9e de l\u2019air, est \u00e9lev\u00e9 au grade de G\u00e9n\u00e9ral de brigade a\u00e9rienne par le Pr\u00e9sident du Conseil, Faure Gnassingb\u00e9, Chef supr\u00eame des arm\u00e9es.\",\"breadcrumb\":{\"@id\":\"https:\/\/lavoixdelanation.tg\/index.php\/2025\/08\/09\/togo-le-colonel-mamah-agnidoufey-eleve-au-grade-de-general-de-brigade-aerienne\/#breadcrumb\"},\"inLanguage\":\"fr-FR\",\"potentialAction\":[{\"@type\":\"ReadAction\",\"target\":[\"https:\/\/lavoixdelanation.tg\/index.php\/2025\/08\/09\/togo-le-colonel-mamah-agnidoufey-eleve-au-grade-de-general-de-brigade-aerienne\/\"]}]},{\"@type\":\"ImageObject\",\"inLanguage\":\"fr-FR\",\"@id\":\"https:\/\/lavoixdelanation.tg\/index.php\/2025\/08\/09\/togo-le-colonel-mamah-agnidoufey-eleve-au-grade-de-general-de-brigade-aerienne\/#primaryimage\",\"url\":\"https:\/\/lavoixdelanation.tg\/wp-content\/uploads\/2025\/08\/General-de-brigade-aerienne-MAMAH-Agnidoufey.jpg\",\"contentUrl\":\"https:\/\/lavoixdelanation.tg\/wp-content\/uploads\/2025\/08\/General-de-brigade-aerienne-MAMAH-Agnidoufey.jpg\",\"width\":700,\"height\":800,\"caption\":\"G\u00e9n\u00e9ral de brigade a\u00e9rienne MAMAH Agnidoufey\"},{\"@type\":\"BreadcrumbList\",\"@id\":\"https:\/\/lavoixdelanation.tg\/index.php\/2025\/08\/09\/togo-le-colonel-mamah-agnidoufey-eleve-au-grade-de-general-de-brigade-aerienne\/#breadcrumb\",\"itemListElement\":[{\"@type\":\"ListItem\",\"position\":1,\"name\":\"Accueil\",\"item\":\"https:\/\/lavoixdelanation.tg\/\"},{\"@type\":\"ListItem\",\"position\":2,\"name\":\"Togo\u00a0: Le Colonel MAMAH Agnidoufey \u00e9lev\u00e9 au grade de G\u00e9n\u00e9ral de brigade a\u00e9rienne\"}]},{\"@type\":\"WebSite\",\"@id\":\"https:\/\/lavoixdelanation.tg\/#website\",\"url\":\"https:\/\/lavoixdelanation.tg\/\",\"name\":\"La Voix de la Nation\",\"description\":\"R\u00e9c\u00e9piss\u00e9 n\u00b00108\/HAAC\/01-2024\/pl\/P\",\"publisher\":{\"@id\":\"https:\/\/lavoixdelanation.tg\/#organization\"},\"alternateName\":\"VON\",\"potentialAction\":[{\"@type\":\"SearchAction\",\"target\":{\"@type\":\"EntryPoint\",\"urlTemplate\":\"https:\/\/lavoixdelanation.tg\/?s={search_term_string}\"},\"query-input\":{\"@type\":\"PropertyValueSpecification\",\"valueRequired\":true,\"valueName\":\"search_term_string\"}}],\"inLanguage\":\"fr-FR\"},{\"@type\":\"Organization\",\"@id\":\"https:\/\/lavoixdelanation.tg\/#organization\",\"name\":\"La Voix de la Nation\",\"url\":\"https:\/\/lavoixdelanation.tg\/\",\"logo\":{\"@type\":\"ImageObject\",\"inLanguage\":\"fr-FR\",\"@id\":\"https:\/\/lavoixdelanation.tg\/#\/schema\/logo\/image\/\",\"url\":\"https:\/\/lavoixdelanation.tg\/wp-content\/uploads\/2024\/12\/lavn-1.png\",\"contentUrl\":\"https:\/\/lavoixdelanation.tg\/wp-content\/uploads\/2024\/12\/lavn-1.png\",\"width\":1024,\"height\":464,\"caption\":\"La Voix de la Nation\"},\"image\":{\"@id\":\"https:\/\/lavoixdelanation.tg\/#\/schema\/logo\/image\/\"},\"sameAs\":[\"https:\/\/www.facebook.com\/lavoixdelanation\"]},{\"@type\":\"Person\",\"@id\":\"https:\/\/lavoixdelanation.tg\/#\/schema\/person\/6c489293aa38053673a9e554acb6e224\",\"name\":\"La voix de la nation\",\"image\":{\"@type\":\"ImageObject\",\"inLanguage\":\"fr-FR\",\"@id\":\"https:\/\/lavoixdelanation.tg\/#\/schema\/person\/image\/\",\"url\":\"https:\/\/secure.gravatar.com\/avatar\/8aa135d4bbc794494cecaa8d483f6d6cc1023624868deaff686baed5e727a5a1?s=96&d=mm&r=g\",\"contentUrl\":\"https:\/\/secure.gravatar.com\/avatar\/8aa135d4bbc794494cecaa8d483f6d6cc1023624868deaff686baed5e727a5a1?s=96&d=mm&r=g\",\"caption\":\"La voix de la nation\"},\"sameAs\":[\"https:\/\/lavoixdelanation.tg\"],\"url\":\"https:\/\/lavoixdelanation.tg\/index.php\/author\/lavn\/\"}]}<\/script>\n<!-- \/ Yoast SEO plugin. -->","yoast_head_json":{"title":"Togo\u00a0: Le Colonel MAMAH Agnidoufey \u00e9lev\u00e9 au grade de G\u00e9n\u00e9ral de brigade a\u00e9rienne - La Voix de la Nation","description":"Le Colonel MAMAH Agnidoufey, chef d\u2019\u00e9tat-major de l\u2019arm\u00e9e de l\u2019air, est \u00e9lev\u00e9 au grade de G\u00e9n\u00e9ral de brigade a\u00e9rienne par le Pr\u00e9sident du Conseil, Faure Gnassingb\u00e9, Chef supr\u00eame des arm\u00e9es.","robots":{"index":"index","follow":"follow","max-snippet":"max-snippet:-1","max-image-preview":"max-image-preview:large","max-video-preview":"max-video-preview:-1"},"canonical":"https:\/\/lavoixdelanation.tg\/index.php\/2025\/08\/09\/togo-le-colonel-mamah-agnidoufey-eleve-au-grade-de-general-de-brigade-aerienne\/","og_locale":"fr_FR","og_type":"article","og_title":"Togo\u00a0: Le Colonel MAMAH Agnidoufey \u00e9lev\u00e9 au grade de G\u00e9n\u00e9ral de brigade a\u00e9rienne - La Voix de la Nation","og_description":"Le Colonel MAMAH Agnidoufey, chef d\u2019\u00e9tat-major de l\u2019arm\u00e9e de l\u2019air, est \u00e9lev\u00e9 au grade de G\u00e9n\u00e9ral de brigade a\u00e9rienne par le Pr\u00e9sident du Conseil, Faure Gnassingb\u00e9, Chef supr\u00eame des arm\u00e9es.","og_url":"https:\/\/lavoixdelanation.tg\/index.php\/2025\/08\/09\/togo-le-colonel-mamah-agnidoufey-eleve-au-grade-de-general-de-brigade-aerienne\/","og_site_name":"La Voix de la Nation","article_publisher":"https:\/\/www.facebook.com\/lavoixdelanation","article_published_time":"2025-08-09T13:52:00+00:00","article_modified_time":"2025-08-09T22:56:17+00:00","og_image":[{"width":700,"height":800,"url":"https:\/\/lavoixdelanation.tg\/wp-content\/uploads\/2025\/08\/General-de-brigade-aerienne-MAMAH-Agnidoufey.jpg","type":"image\/jpeg"}],"author":"La voix de la nation","twitter_card":"summary_large_image","twitter_misc":{"\u00c9crit par":"La voix de la nation","Dur\u00e9e de lecture estim\u00e9e":"1 minute"},"schema":{"@context":"https:\/\/schema.org","@graph":[{"@type":"Article","@id":"https:\/\/lavoixdelanation.tg\/index.php\/2025\/08\/09\/togo-le-colonel-mamah-agnidoufey-eleve-au-grade-de-general-de-brigade-aerienne\/#article","isPartOf":{"@id":"https:\/\/lavoixdelanation.tg\/index.php\/2025\/08\/09\/togo-le-colonel-mamah-agnidoufey-eleve-au-grade-de-general-de-brigade-aerienne\/"},"author":{"name":"La voix de la nation","@id":"https:\/\/lavoixdelanation.tg\/#\/schema\/person\/6c489293aa38053673a9e554acb6e224"},"headline":"Togo\u00a0: Le Colonel MAMAH Agnidoufey \u00e9lev\u00e9 au grade de G\u00e9n\u00e9ral de brigade a\u00e9rienne","datePublished":"2025-08-09T13:52:00+00:00","dateModified":"2025-08-09T22:56:17+00:00","mainEntityOfPage":{"@id":"https:\/\/lavoixdelanation.tg\/index.php\/2025\/08\/09\/togo-le-colonel-mamah-agnidoufey-eleve-au-grade-de-general-de-brigade-aerienne\/"},"wordCount":107,"commentCount":0,"publisher":{"@id":"https:\/\/lavoixdelanation.tg\/#organization"},"image":{"@id":"https:\/\/lavoixdelanation.tg\/index.php\/2025\/08\/09\/togo-le-colonel-mamah-agnidoufey-eleve-au-grade-de-general-de-brigade-aerienne\/#primaryimage"},"thumbnailUrl":"https:\/\/lavoixdelanation.tg\/wp-content\/uploads\/2025\/08\/General-de-brigade-aerienne-MAMAH-Agnidoufey.jpg","articleSection":["Politique"],"inLanguage":"fr-FR","potentialAction":[{"@type":"CommentAction","name":"Comment","target":["https:\/\/lavoixdelanation.tg\/index.php\/2025\/08\/09\/togo-le-colonel-mamah-agnidoufey-eleve-au-grade-de-general-de-brigade-aerienne\/#respond"]}]},{"@type":"WebPage","@id":"https:\/\/lavoixdelanation.tg\/index.php\/2025\/08\/09\/togo-le-colonel-mamah-agnidoufey-eleve-au-grade-de-general-de-brigade-aerienne\/","url":"https:\/\/lavoixdelanation.tg\/index.php\/2025\/08\/09\/togo-le-colonel-mamah-agnidoufey-eleve-au-grade-de-general-de-brigade-aerienne\/","name":"Togo\u00a0: Le Colonel MAMAH Agnidoufey \u00e9lev\u00e9 au grade de G\u00e9n\u00e9ral de brigade a\u00e9rienne - La Voix de la Nation","isPartOf":{"@id":"https:\/\/lavoixdelanation.tg\/#website"},"primaryImageOfPage":{"@id":"https:\/\/lavoixdelanation.tg\/index.php\/2025\/08\/09\/togo-le-colonel-mamah-agnidoufey-eleve-au-grade-de-general-de-brigade-aerienne\/#primaryimage"},"image":{"@id":"https:\/\/lavoixdelanation.tg\/index.php\/2025\/08\/09\/togo-le-colonel-mamah-agnidoufey-eleve-au-grade-de-general-de-brigade-aerienne\/#primaryimage"},"thumbnailUrl":"https:\/\/lavoixdelanation.tg\/wp-content\/uploads\/2025\/08\/General-de-brigade-aerienne-MAMAH-Agnidoufey.jpg","datePublished":"2025-08-09T13:52:00+00:00","dateModified":"2025-08-09T22:56:17+00:00","description":"Le Colonel MAMAH Agnidoufey, chef d\u2019\u00e9tat-major de l\u2019arm\u00e9e de l\u2019air, est \u00e9lev\u00e9 au grade de G\u00e9n\u00e9ral de brigade a\u00e9rienne par le Pr\u00e9sident du Conseil, Faure Gnassingb\u00e9, Chef supr\u00eame des arm\u00e9es.","breadcrumb":{"@id":"https:\/\/lavoixdelanation.tg\/index.php\/2025\/08\/09\/togo-le-colonel-mamah-agnidoufey-eleve-au-grade-de-general-de-brigade-aerienne\/#breadcrumb"},"inLanguage":"fr-FR","potentialAction":[{"@type":"ReadAction","target":["https:\/\/lavoixdelanation.tg\/index.php\/2025\/08\/09\/togo-le-colonel-mamah-agnidoufey-eleve-au-grade-de-general-de-brigade-aerienne\/"]}]},{"@type":"ImageObject","inLanguage":"fr-FR","@id":"https:\/\/lavoixdelanation.tg\/index.php\/2025\/08\/09\/togo-le-colonel-mamah-agnidoufey-eleve-au-grade-de-general-de-brigade-aerienne\/#primaryimage","url":"https:\/\/lavoixdelanation.tg\/wp-content\/uploads\/2025\/08\/General-de-brigade-aerienne-MAMAH-Agnidoufey.jpg","contentUrl":"https:\/\/lavoixdelanation.tg\/wp-content\/uploads\/2025\/08\/General-de-brigade-aerienne-MAMAH-Agnidoufey.jpg","width":700,"height":800,"caption":"G\u00e9n\u00e9ral de brigade a\u00e9rienne MAMAH Agnidoufey"},{"@type":"BreadcrumbList","@id":"https:\/\/lavoixdelanation.tg\/index.php\/2025\/08\/09\/togo-le-colonel-mamah-agnidoufey-eleve-au-grade-de-general-de-brigade-aerienne\/#breadcrumb","itemListElement":[{"@type":"ListItem","position":1,"name":"Accueil","item":"https:\/\/lavoixdelanation.tg\/"},{"@type":"ListItem","position":2,"name":"Togo\u00a0: Le Colonel MAMAH Agnidoufey \u00e9lev\u00e9 au grade de G\u00e9n\u00e9ral de brigade a\u00e9rienne"}]},{"@type":"WebSite","@id":"https:\/\/lavoixdelanation.tg\/#website","url":"https:\/\/lavoixdelanation.tg\/","name":"La Voix de la Nation","description":"R\u00e9c\u00e9piss\u00e9 n\u00b00108\/HAAC\/01-2024\/pl\/P","publisher":{"@id":"https:\/\/lavoixdelanation.tg\/#organization"},"alternateName":"VON","potentialAction":[{"@type":"SearchAction","target":{"@type":"EntryPoint","urlTemplate":"https:\/\/lavoixdelanation.tg\/?s={search_term_string}"},"query-input":{"@type":"PropertyValueSpecification","valueRequired":true,"valueName":"search_term_string"}}],"inLanguage":"fr-FR"},{"@type":"Organization","@id":"https:\/\/lavoixdelanation.tg\/#organization","name":"La Voix de la Nation","url":"https:\/\/lavoixdelanation.tg\/","logo":{"@type":"ImageObject","inLanguage":"fr-FR","@id":"https:\/\/lavoixdelanation.tg\/#\/schema\/logo\/image\/","url":"https:\/\/lavoixdelanation.tg\/wp-content\/uploads\/2024\/12\/lavn-1.png","contentUrl":"https:\/\/lavoixdelanation.tg\/wp-content\/uploads\/2024\/12\/lavn-1.png","width":1024,"height":464,"caption":"La Voix de la Nation"},"image":{"@id":"https:\/\/lavoixdelanation.tg\/#\/schema\/logo\/image\/"},"sameAs":["https:\/\/www.facebook.com\/lavoixdelanation"]},{"@type":"Person","@id":"https:\/\/lavoixdelanation.tg\/#\/schema\/person\/6c489293aa38053673a9e554acb6e224","name":"La voix de la nation","image":{"@type":"ImageObject","inLanguage":"fr-FR","@id":"https:\/\/lavoixdelanation.tg\/#\/schema\/person\/image\/","url":"https:\/\/secure.gravatar.com\/avatar\/8aa135d4bbc794494cecaa8d483f6d6cc1023624868deaff686baed5e727a5a1?s=96&d=mm&r=g","contentUrl":"https:\/\/secure.gravatar.com\/avatar\/8aa135d4bbc794494cecaa8d483f6d6cc1023624868deaff686baed5e727a5a1?s=96&d=mm&r=g","caption":"La voix de la nation"},"sameAs":["https:\/\/lavoixdelanation.tg"],"url":"https:\/\/lavoixdelanation.tg\/index.php\/author\/lavn\/"}]}},"_links":{"self":[{"href":"https:\/\/lavoixdelanation.tg\/index.php\/wp-json\/wp\/v2\/posts\/4842","targetHints":{"allow":["GET"]}}],"collection":[{"href":"https:\/\/lavoixdelanation.tg\/index.php\/wp-json\/wp\/v2\/posts"}],"about":[{"href":"https:\/\/lavoixdelanation.tg\/index.php\/wp-json\/wp\/v2\/types\/post"}],"author":[{"embeddable":true,"href":"https:\/\/lavoixdelanation.tg\/index.php\/wp-json\/wp\/v2\/users\/1"}],"replies":[{"embeddable":true,"href":"https:\/\/lavoixdelanation.tg\/index.php\/wp-json\/wp\/v2\/comments?post=4842"}],"version-history":[{"count":1,"href":"https:\/\/lavoixdelanation.tg\/index.php\/wp-json\/wp\/v2\/posts\/4842\/revisions"}],"predecessor-version":[{"id":4844,"href":"https:\/\/lavoixdelanation.tg\/index.php\/wp-json\/wp\/v2\/posts\/4842\/revisions\/4844"}],"wp:featuredmedia":[{"embeddable":true,"href":"https:\/\/lavoixdelanation.tg\/index.php\/wp-json\/wp\/v2\/media\/4843"}],"wp:attachment":[{"href":"https:\/\/lavoixdelanation.tg\/index.php\/wp-json\/wp\/v2\/media?parent=4842"}],"wp:term":[{"taxonomy":"category","embeddable":true,"href":"https:\/\/lavoixdelanation.tg\/index.php\/wp-json\/wp\/v2\/categories?post=4842"},{"taxonomy":"post_tag","embeddable":true,"href":"https:\/\/lavoixdelanation.tg\/index.php\/wp-json\/wp\/v2\/tags?post=4842"}],"curies":[{"name":"wp","href":"https:\/\/api.w.org\/{rel}","templated":true}]}}