{"id":4740,"date":"2025-08-06T14:51:04","date_gmt":"2025-08-06T12:51:04","guid":{"rendered":"https:\/\/lavoixdelanation.tg\/?p=4740"},"modified":"2025-08-06T14:51:05","modified_gmt":"2025-08-06T12:51:05","slug":"le-togo-se-positionne-pour-abriter-le-siege-afrique-du-fonds-vert-pour-le-climat","status":"publish","type":"post","link":"https:\/\/lavoixdelanation.tg\/index.php\/2025\/08\/06\/le-togo-se-positionne-pour-abriter-le-siege-afrique-du-fonds-vert-pour-le-climat\/","title":{"rendered":"Le Togo se positionne pour abriter le si\u00e8ge Afrique du Fonds Vert pour le Climat"},"content":{"rendered":"\n<p><strong>Le Togo annonce sa volont\u00e9 d\u2019abriter le si\u00e8ge du bureau r\u00e9gional Afrique du Fonds Vert pour le Climat. L\u2019ambition a \u00e9t\u00e9 exprim\u00e9e par le ministre de l\u2019environnement Foli Bazi Katari au cours d\u2019une rencontre d\u2019\u00e9changes tenue \u00e0 Lom\u00e9 avec une d\u00e9l\u00e9gation du Fonds vert pour le climat (GCF).<\/strong><\/p>\n\n\n\n<p>Les \u00e9changes avec la d\u00e9l\u00e9gation conduite par Catherine KOFFMAN, directrice d\u00e9partement de la r\u00e9gion Afrique du GCF, ont port\u00e9 sur les r\u00e9formes structurelles et strat\u00e9giques en cours au sein de son organisme de financement des actions climatiques<\/p>\n\n\n\n<p>L\u2019un des principaux paliers des r\u00e9formes porte sur la r\u00e9gionalisation du Fonds vert pour le climat (GCF).&nbsp; Aux termes de cette approche, il est cr\u00e9\u00e9 au sein du GCF quatre d\u00e9partements r\u00e9gionaux.<\/p>\n\n\n\n<p>Il s\u2019agit des d\u00e9partements charg\u00e9s, respectivement, de l\u2019Am\u00e9rique latine et des cara\u00efbes, de l\u2019Europe de l\u2019est et du moyen orient, de l\u2019Asie et du pacifiques ainsi que de l\u2019Afrique.<\/p>\n\n\n\n<figure class=\"wp-block-image size-full is-resized\"><img loading=\"lazy\" decoding=\"async\" width=\"700\" height=\"446\" src=\"https:\/\/lavoixdelanation.tg\/wp-content\/uploads\/2025\/08\/Le-Togo-se-positionne-pour-abriter-le-siege-Afrique-du-Fonds-Vert-pour-le-Climat.jpg\" alt=\"\" class=\"wp-image-4744\" style=\"width:840px;height:auto\" srcset=\"https:\/\/lavoixdelanation.tg\/wp-content\/uploads\/2025\/08\/Le-Togo-se-positionne-pour-abriter-le-siege-Afrique-du-Fonds-Vert-pour-le-Climat.jpg 700w, https:\/\/lavoixdelanation.tg\/wp-content\/uploads\/2025\/08\/Le-Togo-se-positionne-pour-abriter-le-siege-Afrique-du-Fonds-Vert-pour-le-Climat-300x191.jpg 300w\" sizes=\"auto, (max-width: 700px) 100vw, 700px\" \/><\/figure>\n\n\n\n<p>Le ministre togolais de l\u2019environnement a \u00e0 cet effet vant\u00e9 les atouts du Togo en tant que pays de paix et de s\u00e9curit\u00e9 mais \u00e9galement en tant que hub logistique, centre des affaires et des grandes rencontres internationales.<\/p>\n\n\n\n<p>Foli Bazi Katari a par ailleurs indiqu\u00e9 que des mesures sp\u00e9ciales peuvent \u00eatre prises en termes de diplomatie pour faciliter le d\u00e9placement du personnel du si\u00e8ge dans l\u2019ensemble des pays du d\u00e9partement Afrique.<\/p>\n\n\n\n<p>Un appel \u00e0 proposition pour abriter ce si\u00e8ge est d\u00e9j\u00e0 lanc\u00e9 et cours jusqu\u2019au 19 septembre 2025. Avant le Togo, la d\u00e9l\u00e9gation du GCF a d\u00e9j\u00e0 visit\u00e9 deux pays. Elle poursuivra sa mission pour le m\u00eame exercice au Ghana.<\/p>\n\n\n\n<p><strong>David S.<\/strong><\/p>\n","protected":false},"excerpt":{"rendered":"<p>Le Togo annonce sa volont\u00e9 d\u2019abriter le si\u00e8ge du bureau r\u00e9gional Afrique du Fonds Vert pour le Climat. L\u2019ambition a \u00e9t\u00e9 exprim\u00e9e par le ministre de l\u2019environnement Foli Bazi Katari&hellip; <\/p>\n","protected":false},"author":1,"featured_media":4741,"comment_status":"open","ping_status":"open","sticky":false,"template":"","format":"standard","meta":{"footnotes":""},"categories":[12,9],"tags":[68,387,869,868,39],"class_list":["post-4740","post","type-post","status-publish","format-standard","has-post-thumbnail","hentry","category-diplomatie","category-environnement","tag-climat","tag-environnement","tag-foli-bazi-katari","tag-fonds-vert","tag-togo"],"yoast_head":"<!-- This site is optimized with the Yoast SEO plugin v26.4 - https:\/\/yoast.com\/wordpress\/plugins\/seo\/ -->\n<title>Le Togo se positionne pour abriter le si\u00e8ge Afrique du Fonds Vert pour le Climat - La Voix de la Nation<\/title>\n<meta name=\"description\" content=\"Le Togo annonce sa volont\u00e9 d\u2019abriter le si\u00e8ge du bureau r\u00e9gional Afrique du Fonds Vert pour le Climat. L\u2019ambition a \u00e9t\u00e9 exprim\u00e9e par le ministre de l\u2019environnement Foli Bazi Katari au cours d\u2019une rencontre d\u2019\u00e9changes tenue \u00e0 Lom\u00e9 avec une d\u00e9l\u00e9gation du Fonds vert pour le climat (GCF).\" \/>\n<meta name=\"robots\" content=\"index, follow, max-snippet:-1, max-image-preview:large, max-video-preview:-1\" \/>\n<link rel=\"canonical\" href=\"https:\/\/lavoixdelanation.tg\/index.php\/2025\/08\/06\/le-togo-se-positionne-pour-abriter-le-siege-afrique-du-fonds-vert-pour-le-climat\/\" \/>\n<meta property=\"og:locale\" content=\"fr_FR\" \/>\n<meta property=\"og:type\" content=\"article\" \/>\n<meta property=\"og:title\" content=\"Le Togo se positionne pour abriter le si\u00e8ge Afrique du Fonds Vert pour le Climat - La Voix de la Nation\" \/>\n<meta property=\"og:description\" content=\"Le Togo annonce sa volont\u00e9 d\u2019abriter le si\u00e8ge du bureau r\u00e9gional Afrique du Fonds Vert pour le Climat. L\u2019ambition a \u00e9t\u00e9 exprim\u00e9e par le ministre de l\u2019environnement Foli Bazi Katari au cours d\u2019une rencontre d\u2019\u00e9changes tenue \u00e0 Lom\u00e9 avec une d\u00e9l\u00e9gation du Fonds vert pour le climat (GCF).\" \/>\n<meta property=\"og:url\" content=\"https:\/\/lavoixdelanation.tg\/index.php\/2025\/08\/06\/le-togo-se-positionne-pour-abriter-le-siege-afrique-du-fonds-vert-pour-le-climat\/\" \/>\n<meta property=\"og:site_name\" content=\"La Voix de la Nation\" \/>\n<meta property=\"article:publisher\" content=\"https:\/\/www.facebook.com\/lavoixdelanation\" \/>\n<meta property=\"article:published_time\" content=\"2025-08-06T12:51:04+00:00\" \/>\n<meta property=\"article:modified_time\" content=\"2025-08-06T12:51:05+00:00\" \/>\n<meta property=\"og:image\" content=\"https:\/\/lavoixdelanation.tg\/wp-content\/uploads\/2025\/08\/Le-ministre-Foli-Bazi-Katari-et-Mme-Catherine-KOFFMAN.jpg\" \/>\n\t<meta property=\"og:image:width\" content=\"650\" \/>\n\t<meta property=\"og:image:height\" content=\"383\" \/>\n\t<meta property=\"og:image:type\" content=\"image\/jpeg\" \/>\n<meta name=\"author\" content=\"La voix de la nation\" \/>\n<meta name=\"twitter:card\" content=\"summary_large_image\" \/>\n<meta name=\"twitter:label1\" content=\"\u00c9crit par\" \/>\n\t<meta name=\"twitter:data1\" content=\"La voix de la nation\" \/>\n\t<meta name=\"twitter:label2\" content=\"Dur\u00e9e de lecture estim\u00e9e\" \/>\n\t<meta name=\"twitter:data2\" content=\"2 minutes\" \/>\n<script type=\"application\/ld+json\" class=\"yoast-schema-graph\">{\"@context\":\"https:\/\/schema.org\",\"@graph\":[{\"@type\":\"Article\",\"@id\":\"https:\/\/lavoixdelanation.tg\/index.php\/2025\/08\/06\/le-togo-se-positionne-pour-abriter-le-siege-afrique-du-fonds-vert-pour-le-climat\/#article\",\"isPartOf\":{\"@id\":\"https:\/\/lavoixdelanation.tg\/index.php\/2025\/08\/06\/le-togo-se-positionne-pour-abriter-le-siege-afrique-du-fonds-vert-pour-le-climat\/\"},\"author\":{\"name\":\"La voix de la nation\",\"@id\":\"https:\/\/lavoixdelanation.tg\/#\/schema\/person\/6c489293aa38053673a9e554acb6e224\"},\"headline\":\"Le Togo se positionne pour abriter le si\u00e8ge Afrique du Fonds Vert pour le Climat\",\"datePublished\":\"2025-08-06T12:51:04+00:00\",\"dateModified\":\"2025-08-06T12:51:05+00:00\",\"mainEntityOfPage\":{\"@id\":\"https:\/\/lavoixdelanation.tg\/index.php\/2025\/08\/06\/le-togo-se-positionne-pour-abriter-le-siege-afrique-du-fonds-vert-pour-le-climat\/\"},\"wordCount\":315,\"commentCount\":0,\"publisher\":{\"@id\":\"https:\/\/lavoixdelanation.tg\/#organization\"},\"image\":{\"@id\":\"https:\/\/lavoixdelanation.tg\/index.php\/2025\/08\/06\/le-togo-se-positionne-pour-abriter-le-siege-afrique-du-fonds-vert-pour-le-climat\/#primaryimage\"},\"thumbnailUrl\":\"https:\/\/lavoixdelanation.tg\/wp-content\/uploads\/2025\/08\/Le-ministre-Foli-Bazi-Katari-et-Mme-Catherine-KOFFMAN.jpg\",\"keywords\":[\"Climat\",\"Environnement\",\"Foli Bazi Katari\",\"Fonds Vert\",\"Togo\"],\"articleSection\":[\"Diplomatie\",\"Environnement\"],\"inLanguage\":\"fr-FR\",\"potentialAction\":[{\"@type\":\"CommentAction\",\"name\":\"Comment\",\"target\":[\"https:\/\/lavoixdelanation.tg\/index.php\/2025\/08\/06\/le-togo-se-positionne-pour-abriter-le-siege-afrique-du-fonds-vert-pour-le-climat\/#respond\"]}]},{\"@type\":\"WebPage\",\"@id\":\"https:\/\/lavoixdelanation.tg\/index.php\/2025\/08\/06\/le-togo-se-positionne-pour-abriter-le-siege-afrique-du-fonds-vert-pour-le-climat\/\",\"url\":\"https:\/\/lavoixdelanation.tg\/index.php\/2025\/08\/06\/le-togo-se-positionne-pour-abriter-le-siege-afrique-du-fonds-vert-pour-le-climat\/\",\"name\":\"Le Togo se positionne pour abriter le si\u00e8ge Afrique du Fonds Vert pour le Climat - La Voix de la Nation\",\"isPartOf\":{\"@id\":\"https:\/\/lavoixdelanation.tg\/#website\"},\"primaryImageOfPage\":{\"@id\":\"https:\/\/lavoixdelanation.tg\/index.php\/2025\/08\/06\/le-togo-se-positionne-pour-abriter-le-siege-afrique-du-fonds-vert-pour-le-climat\/#primaryimage\"},\"image\":{\"@id\":\"https:\/\/lavoixdelanation.tg\/index.php\/2025\/08\/06\/le-togo-se-positionne-pour-abriter-le-siege-afrique-du-fonds-vert-pour-le-climat\/#primaryimage\"},\"thumbnailUrl\":\"https:\/\/lavoixdelanation.tg\/wp-content\/uploads\/2025\/08\/Le-ministre-Foli-Bazi-Katari-et-Mme-Catherine-KOFFMAN.jpg\",\"datePublished\":\"2025-08-06T12:51:04+00:00\",\"dateModified\":\"2025-08-06T12:51:05+00:00\",\"description\":\"Le Togo annonce sa volont\u00e9 d\u2019abriter le si\u00e8ge du bureau r\u00e9gional Afrique du Fonds Vert pour le Climat. L\u2019ambition a \u00e9t\u00e9 exprim\u00e9e par le ministre de l\u2019environnement Foli Bazi Katari au cours d\u2019une rencontre d\u2019\u00e9changes tenue \u00e0 Lom\u00e9 avec une d\u00e9l\u00e9gation du Fonds vert pour le climat (GCF).\",\"breadcrumb\":{\"@id\":\"https:\/\/lavoixdelanation.tg\/index.php\/2025\/08\/06\/le-togo-se-positionne-pour-abriter-le-siege-afrique-du-fonds-vert-pour-le-climat\/#breadcrumb\"},\"inLanguage\":\"fr-FR\",\"potentialAction\":[{\"@type\":\"ReadAction\",\"target\":[\"https:\/\/lavoixdelanation.tg\/index.php\/2025\/08\/06\/le-togo-se-positionne-pour-abriter-le-siege-afrique-du-fonds-vert-pour-le-climat\/\"]}]},{\"@type\":\"ImageObject\",\"inLanguage\":\"fr-FR\",\"@id\":\"https:\/\/lavoixdelanation.tg\/index.php\/2025\/08\/06\/le-togo-se-positionne-pour-abriter-le-siege-afrique-du-fonds-vert-pour-le-climat\/#primaryimage\",\"url\":\"https:\/\/lavoixdelanation.tg\/wp-content\/uploads\/2025\/08\/Le-ministre-Foli-Bazi-Katari-et-Mme-Catherine-KOFFMAN.jpg\",\"contentUrl\":\"https:\/\/lavoixdelanation.tg\/wp-content\/uploads\/2025\/08\/Le-ministre-Foli-Bazi-Katari-et-Mme-Catherine-KOFFMAN.jpg\",\"width\":650,\"height\":383,\"caption\":\"Le ministre Foli Bazi Katari et Mme Catherine KOFFMAN\"},{\"@type\":\"BreadcrumbList\",\"@id\":\"https:\/\/lavoixdelanation.tg\/index.php\/2025\/08\/06\/le-togo-se-positionne-pour-abriter-le-siege-afrique-du-fonds-vert-pour-le-climat\/#breadcrumb\",\"itemListElement\":[{\"@type\":\"ListItem\",\"position\":1,\"name\":\"Accueil\",\"item\":\"https:\/\/lavoixdelanation.tg\/\"},{\"@type\":\"ListItem\",\"position\":2,\"name\":\"Le Togo se positionne pour abriter le si\u00e8ge Afrique du Fonds Vert pour le Climat\"}]},{\"@type\":\"WebSite\",\"@id\":\"https:\/\/lavoixdelanation.tg\/#website\",\"url\":\"https:\/\/lavoixdelanation.tg\/\",\"name\":\"La Voix de la Nation\",\"description\":\"R\u00e9c\u00e9piss\u00e9 n\u00b00108\/HAAC\/01-2024\/pl\/P\",\"publisher\":{\"@id\":\"https:\/\/lavoixdelanation.tg\/#organization\"},\"alternateName\":\"VON\",\"potentialAction\":[{\"@type\":\"SearchAction\",\"target\":{\"@type\":\"EntryPoint\",\"urlTemplate\":\"https:\/\/lavoixdelanation.tg\/?s={search_term_string}\"},\"query-input\":{\"@type\":\"PropertyValueSpecification\",\"valueRequired\":true,\"valueName\":\"search_term_string\"}}],\"inLanguage\":\"fr-FR\"},{\"@type\":\"Organization\",\"@id\":\"https:\/\/lavoixdelanation.tg\/#organization\",\"name\":\"La Voix de la Nation\",\"url\":\"https:\/\/lavoixdelanation.tg\/\",\"logo\":{\"@type\":\"ImageObject\",\"inLanguage\":\"fr-FR\",\"@id\":\"https:\/\/lavoixdelanation.tg\/#\/schema\/logo\/image\/\",\"url\":\"https:\/\/lavoixdelanation.tg\/wp-content\/uploads\/2024\/12\/lavn-1.png\",\"contentUrl\":\"https:\/\/lavoixdelanation.tg\/wp-content\/uploads\/2024\/12\/lavn-1.png\",\"width\":1024,\"height\":464,\"caption\":\"La Voix de la Nation\"},\"image\":{\"@id\":\"https:\/\/lavoixdelanation.tg\/#\/schema\/logo\/image\/\"},\"sameAs\":[\"https:\/\/www.facebook.com\/lavoixdelanation\"]},{\"@type\":\"Person\",\"@id\":\"https:\/\/lavoixdelanation.tg\/#\/schema\/person\/6c489293aa38053673a9e554acb6e224\",\"name\":\"La voix de la nation\",\"image\":{\"@type\":\"ImageObject\",\"inLanguage\":\"fr-FR\",\"@id\":\"https:\/\/lavoixdelanation.tg\/#\/schema\/person\/image\/\",\"url\":\"https:\/\/secure.gravatar.com\/avatar\/8aa135d4bbc794494cecaa8d483f6d6cc1023624868deaff686baed5e727a5a1?s=96&d=mm&r=g\",\"contentUrl\":\"https:\/\/secure.gravatar.com\/avatar\/8aa135d4bbc794494cecaa8d483f6d6cc1023624868deaff686baed5e727a5a1?s=96&d=mm&r=g\",\"caption\":\"La voix de la nation\"},\"sameAs\":[\"https:\/\/lavoixdelanation.tg\"],\"url\":\"https:\/\/lavoixdelanation.tg\/index.php\/author\/lavn\/\"}]}<\/script>\n<!-- \/ Yoast SEO plugin. -->","yoast_head_json":{"title":"Le Togo se positionne pour abriter le si\u00e8ge Afrique du Fonds Vert pour le Climat - La Voix de la Nation","description":"Le Togo annonce sa volont\u00e9 d\u2019abriter le si\u00e8ge du bureau r\u00e9gional Afrique du Fonds Vert pour le Climat. L\u2019ambition a \u00e9t\u00e9 exprim\u00e9e par le ministre de l\u2019environnement Foli Bazi Katari au cours d\u2019une rencontre d\u2019\u00e9changes tenue \u00e0 Lom\u00e9 avec une d\u00e9l\u00e9gation du Fonds vert pour le climat (GCF).","robots":{"index":"index","follow":"follow","max-snippet":"max-snippet:-1","max-image-preview":"max-image-preview:large","max-video-preview":"max-video-preview:-1"},"canonical":"https:\/\/lavoixdelanation.tg\/index.php\/2025\/08\/06\/le-togo-se-positionne-pour-abriter-le-siege-afrique-du-fonds-vert-pour-le-climat\/","og_locale":"fr_FR","og_type":"article","og_title":"Le Togo se positionne pour abriter le si\u00e8ge Afrique du Fonds Vert pour le Climat - La Voix de la Nation","og_description":"Le Togo annonce sa volont\u00e9 d\u2019abriter le si\u00e8ge du bureau r\u00e9gional Afrique du Fonds Vert pour le Climat. L\u2019ambition a \u00e9t\u00e9 exprim\u00e9e par le ministre de l\u2019environnement Foli Bazi Katari au cours d\u2019une rencontre d\u2019\u00e9changes tenue \u00e0 Lom\u00e9 avec une d\u00e9l\u00e9gation du Fonds vert pour le climat (GCF).","og_url":"https:\/\/lavoixdelanation.tg\/index.php\/2025\/08\/06\/le-togo-se-positionne-pour-abriter-le-siege-afrique-du-fonds-vert-pour-le-climat\/","og_site_name":"La Voix de la Nation","article_publisher":"https:\/\/www.facebook.com\/lavoixdelanation","article_published_time":"2025-08-06T12:51:04+00:00","article_modified_time":"2025-08-06T12:51:05+00:00","og_image":[{"width":650,"height":383,"url":"https:\/\/lavoixdelanation.tg\/wp-content\/uploads\/2025\/08\/Le-ministre-Foli-Bazi-Katari-et-Mme-Catherine-KOFFMAN.jpg","type":"image\/jpeg"}],"author":"La voix de la nation","twitter_card":"summary_large_image","twitter_misc":{"\u00c9crit par":"La voix de la nation","Dur\u00e9e de lecture estim\u00e9e":"2 minutes"},"schema":{"@context":"https:\/\/schema.org","@graph":[{"@type":"Article","@id":"https:\/\/lavoixdelanation.tg\/index.php\/2025\/08\/06\/le-togo-se-positionne-pour-abriter-le-siege-afrique-du-fonds-vert-pour-le-climat\/#article","isPartOf":{"@id":"https:\/\/lavoixdelanation.tg\/index.php\/2025\/08\/06\/le-togo-se-positionne-pour-abriter-le-siege-afrique-du-fonds-vert-pour-le-climat\/"},"author":{"name":"La voix de la nation","@id":"https:\/\/lavoixdelanation.tg\/#\/schema\/person\/6c489293aa38053673a9e554acb6e224"},"headline":"Le Togo se positionne pour abriter le si\u00e8ge Afrique du Fonds Vert pour le Climat","datePublished":"2025-08-06T12:51:04+00:00","dateModified":"2025-08-06T12:51:05+00:00","mainEntityOfPage":{"@id":"https:\/\/lavoixdelanation.tg\/index.php\/2025\/08\/06\/le-togo-se-positionne-pour-abriter-le-siege-afrique-du-fonds-vert-pour-le-climat\/"},"wordCount":315,"commentCount":0,"publisher":{"@id":"https:\/\/lavoixdelanation.tg\/#organization"},"image":{"@id":"https:\/\/lavoixdelanation.tg\/index.php\/2025\/08\/06\/le-togo-se-positionne-pour-abriter-le-siege-afrique-du-fonds-vert-pour-le-climat\/#primaryimage"},"thumbnailUrl":"https:\/\/lavoixdelanation.tg\/wp-content\/uploads\/2025\/08\/Le-ministre-Foli-Bazi-Katari-et-Mme-Catherine-KOFFMAN.jpg","keywords":["Climat","Environnement","Foli Bazi Katari","Fonds Vert","Togo"],"articleSection":["Diplomatie","Environnement"],"inLanguage":"fr-FR","potentialAction":[{"@type":"CommentAction","name":"Comment","target":["https:\/\/lavoixdelanation.tg\/index.php\/2025\/08\/06\/le-togo-se-positionne-pour-abriter-le-siege-afrique-du-fonds-vert-pour-le-climat\/#respond"]}]},{"@type":"WebPage","@id":"https:\/\/lavoixdelanation.tg\/index.php\/2025\/08\/06\/le-togo-se-positionne-pour-abriter-le-siege-afrique-du-fonds-vert-pour-le-climat\/","url":"https:\/\/lavoixdelanation.tg\/index.php\/2025\/08\/06\/le-togo-se-positionne-pour-abriter-le-siege-afrique-du-fonds-vert-pour-le-climat\/","name":"Le Togo se positionne pour abriter le si\u00e8ge Afrique du Fonds Vert pour le Climat - La Voix de la Nation","isPartOf":{"@id":"https:\/\/lavoixdelanation.tg\/#website"},"primaryImageOfPage":{"@id":"https:\/\/lavoixdelanation.tg\/index.php\/2025\/08\/06\/le-togo-se-positionne-pour-abriter-le-siege-afrique-du-fonds-vert-pour-le-climat\/#primaryimage"},"image":{"@id":"https:\/\/lavoixdelanation.tg\/index.php\/2025\/08\/06\/le-togo-se-positionne-pour-abriter-le-siege-afrique-du-fonds-vert-pour-le-climat\/#primaryimage"},"thumbnailUrl":"https:\/\/lavoixdelanation.tg\/wp-content\/uploads\/2025\/08\/Le-ministre-Foli-Bazi-Katari-et-Mme-Catherine-KOFFMAN.jpg","datePublished":"2025-08-06T12:51:04+00:00","dateModified":"2025-08-06T12:51:05+00:00","description":"Le Togo annonce sa volont\u00e9 d\u2019abriter le si\u00e8ge du bureau r\u00e9gional Afrique du Fonds Vert pour le Climat. L\u2019ambition a \u00e9t\u00e9 exprim\u00e9e par le ministre de l\u2019environnement Foli Bazi Katari au cours d\u2019une rencontre d\u2019\u00e9changes tenue \u00e0 Lom\u00e9 avec une d\u00e9l\u00e9gation du Fonds vert pour le climat (GCF).","breadcrumb":{"@id":"https:\/\/lavoixdelanation.tg\/index.php\/2025\/08\/06\/le-togo-se-positionne-pour-abriter-le-siege-afrique-du-fonds-vert-pour-le-climat\/#breadcrumb"},"inLanguage":"fr-FR","potentialAction":[{"@type":"ReadAction","target":["https:\/\/lavoixdelanation.tg\/index.php\/2025\/08\/06\/le-togo-se-positionne-pour-abriter-le-siege-afrique-du-fonds-vert-pour-le-climat\/"]}]},{"@type":"ImageObject","inLanguage":"fr-FR","@id":"https:\/\/lavoixdelanation.tg\/index.php\/2025\/08\/06\/le-togo-se-positionne-pour-abriter-le-siege-afrique-du-fonds-vert-pour-le-climat\/#primaryimage","url":"https:\/\/lavoixdelanation.tg\/wp-content\/uploads\/2025\/08\/Le-ministre-Foli-Bazi-Katari-et-Mme-Catherine-KOFFMAN.jpg","contentUrl":"https:\/\/lavoixdelanation.tg\/wp-content\/uploads\/2025\/08\/Le-ministre-Foli-Bazi-Katari-et-Mme-Catherine-KOFFMAN.jpg","width":650,"height":383,"caption":"Le ministre Foli Bazi Katari et Mme Catherine KOFFMAN"},{"@type":"BreadcrumbList","@id":"https:\/\/lavoixdelanation.tg\/index.php\/2025\/08\/06\/le-togo-se-positionne-pour-abriter-le-siege-afrique-du-fonds-vert-pour-le-climat\/#breadcrumb","itemListElement":[{"@type":"ListItem","position":1,"name":"Accueil","item":"https:\/\/lavoixdelanation.tg\/"},{"@type":"ListItem","position":2,"name":"Le Togo se positionne pour abriter le si\u00e8ge Afrique du Fonds Vert pour le Climat"}]},{"@type":"WebSite","@id":"https:\/\/lavoixdelanation.tg\/#website","url":"https:\/\/lavoixdelanation.tg\/","name":"La Voix de la Nation","description":"R\u00e9c\u00e9piss\u00e9 n\u00b00108\/HAAC\/01-2024\/pl\/P","publisher":{"@id":"https:\/\/lavoixdelanation.tg\/#organization"},"alternateName":"VON","potentialAction":[{"@type":"SearchAction","target":{"@type":"EntryPoint","urlTemplate":"https:\/\/lavoixdelanation.tg\/?s={search_term_string}"},"query-input":{"@type":"PropertyValueSpecification","valueRequired":true,"valueName":"search_term_string"}}],"inLanguage":"fr-FR"},{"@type":"Organization","@id":"https:\/\/lavoixdelanation.tg\/#organization","name":"La Voix de la Nation","url":"https:\/\/lavoixdelanation.tg\/","logo":{"@type":"ImageObject","inLanguage":"fr-FR","@id":"https:\/\/lavoixdelanation.tg\/#\/schema\/logo\/image\/","url":"https:\/\/lavoixdelanation.tg\/wp-content\/uploads\/2024\/12\/lavn-1.png","contentUrl":"https:\/\/lavoixdelanation.tg\/wp-content\/uploads\/2024\/12\/lavn-1.png","width":1024,"height":464,"caption":"La Voix de la Nation"},"image":{"@id":"https:\/\/lavoixdelanation.tg\/#\/schema\/logo\/image\/"},"sameAs":["https:\/\/www.facebook.com\/lavoixdelanation"]},{"@type":"Person","@id":"https:\/\/lavoixdelanation.tg\/#\/schema\/person\/6c489293aa38053673a9e554acb6e224","name":"La voix de la nation","image":{"@type":"ImageObject","inLanguage":"fr-FR","@id":"https:\/\/lavoixdelanation.tg\/#\/schema\/person\/image\/","url":"https:\/\/secure.gravatar.com\/avatar\/8aa135d4bbc794494cecaa8d483f6d6cc1023624868deaff686baed5e727a5a1?s=96&d=mm&r=g","contentUrl":"https:\/\/secure.gravatar.com\/avatar\/8aa135d4bbc794494cecaa8d483f6d6cc1023624868deaff686baed5e727a5a1?s=96&d=mm&r=g","caption":"La voix de la nation"},"sameAs":["https:\/\/lavoixdelanation.tg"],"url":"https:\/\/lavoixdelanation.tg\/index.php\/author\/lavn\/"}]}},"_links":{"self":[{"href":"https:\/\/lavoixdelanation.tg\/index.php\/wp-json\/wp\/v2\/posts\/4740","targetHints":{"allow":["GET"]}}],"collection":[{"href":"https:\/\/lavoixdelanation.tg\/index.php\/wp-json\/wp\/v2\/posts"}],"about":[{"href":"https:\/\/lavoixdelanation.tg\/index.php\/wp-json\/wp\/v2\/types\/post"}],"author":[{"embeddable":true,"href":"https:\/\/lavoixdelanation.tg\/index.php\/wp-json\/wp\/v2\/users\/1"}],"replies":[{"embeddable":true,"href":"https:\/\/lavoixdelanation.tg\/index.php\/wp-json\/wp\/v2\/comments?post=4740"}],"version-history":[{"count":1,"href":"https:\/\/lavoixdelanation.tg\/index.php\/wp-json\/wp\/v2\/posts\/4740\/revisions"}],"predecessor-version":[{"id":4745,"href":"https:\/\/lavoixdelanation.tg\/index.php\/wp-json\/wp\/v2\/posts\/4740\/revisions\/4745"}],"wp:featuredmedia":[{"embeddable":true,"href":"https:\/\/lavoixdelanation.tg\/index.php\/wp-json\/wp\/v2\/media\/4741"}],"wp:attachment":[{"href":"https:\/\/lavoixdelanation.tg\/index.php\/wp-json\/wp\/v2\/media?parent=4740"}],"wp:term":[{"taxonomy":"category","embeddable":true,"href":"https:\/\/lavoixdelanation.tg\/index.php\/wp-json\/wp\/v2\/categories?post=4740"},{"taxonomy":"post_tag","embeddable":true,"href":"https:\/\/lavoixdelanation.tg\/index.php\/wp-json\/wp\/v2\/tags?post=4740"}],"curies":[{"name":"wp","href":"https:\/\/api.w.org\/{rel}","templated":true}]}}