{"id":4720,"date":"2025-08-05T12:12:00","date_gmt":"2025-08-05T10:12:00","guid":{"rendered":"https:\/\/lavoixdelanation.tg\/?p=4720"},"modified":"2025-08-06T10:27:28","modified_gmt":"2025-08-06T08:27:28","slug":"consommation-locale-la-ministre-kayi-mivedor-sambiani-donne-le-coup-denvoi-de-la-6e-foire-made-in-togo","status":"publish","type":"post","link":"https:\/\/lavoixdelanation.tg\/index.php\/2025\/08\/05\/consommation-locale-la-ministre-kayi-mivedor-sambiani-donne-le-coup-denvoi-de-la-6e-foire-made-in-togo\/","title":{"rendered":"Consommation locale\u00a0: La ministre Kayi Mivedor-Sambiani donne le coup d\u2019envoi de la 6\u00e8 foire \u00ab\u00a0Made in Togo\u00a0\u00bb"},"content":{"rendered":"\n<p><strong>C\u2019est parti pour la 6<sup>\u00e8me<\/sup> \u00e9dition de la foire \u00ab&nbsp;Made in Togo&nbsp;\u00bb. Le coup d\u2019envoi a \u00e9t\u00e9 donn\u00e9 ce lundi 4 ao\u00fbt 2025 au Centre Togolais des Expositions et Foires (CETEF Togo 2000) par la ministre du commerce, de l\u2019artisanat et de la consommation locale, Mme Kayi Mivedor-Sambiani.<\/strong><\/p>\n\n\n\n<p>La Foire Made in Togo se veut \u00eatre une vitrine pour la promotion et la valorisation des produits locaux, et une opportunit\u00e9 pour la sensibilisation des populations sur l\u2019importance de la consommation locale.<\/p>\n\n\n\n<p>\u00ab&nbsp;Nous savons que la bataille pour imposer les produits Made in Togo face aux produits import\u00e9s est rude, mais nous savons aussi qu\u2019elle n\u2019est pas impossible \u00e0 gagner si chacun de nous change ses habitudes, valorise la production locale et devient acteur et ambassadeur du consommer local&nbsp;\u00bb,&nbsp;a indiqu\u00e9 le Directeur g\u00e9n\u00e9ral du CETEF, Alexandre de Souza.<\/p>\n\n\n\n<p>\u00ab&nbsp;Consommer local n\u2019est pas un simple slogan. C\u2019est une responsabilit\u00e9 \u00e9conomique et un acte citoyen d\u2019engagement et de solidarit\u00e9. Cela signifie entre autres, soutenir nos producteurs pour cr\u00e9er de la valeur ici au Togo, r\u00e9duire notre d\u00e9pendance ext\u00e9rieure en renfor\u00e7ant notre souverainet\u00e9 \u00e9conomique, promouvoir notre culture et notre g\u00e9nie cr\u00e9atif&nbsp;\u00bb, a-t-il fait savoir.<\/p>\n\n\n\n<p>\u00ab Consommons togolais pour une \u00e9conomie forte et durable \u00bb, c\u2019est le th\u00e8me au centre de cette \u00e9dition qui connait la participation de plus de 200 exposants de produits locaux pour une meilleure visibilit\u00e9 de leurs entreprises et services.<\/p>\n\n\n\n<p>\u00ab Consommer local n\u2019est pas seulement un simple acte de patriotisme, mais aussi une strat\u00e9gie essentielle pour stimuler notre industrie, encourager la cr\u00e9ation et la circulation de la richesse, cr\u00e9er des emplois dignes et garantir notre r\u00e9silience face aux d\u00e9fis mondiaux \u00bb, a pour sa part expliqu\u00e9 Mme Kayi Mivedor-Sambiani.<\/p>\n\n\n\n<figure class=\"wp-block-image size-full is-resized\"><img loading=\"lazy\" decoding=\"async\" width=\"700\" height=\"323\" src=\"https:\/\/lavoixdelanation.tg\/wp-content\/uploads\/2025\/08\/SIxieme-Foire-Made-in-Togo-au-CETEF-Lome.jpg\" alt=\"\" class=\"wp-image-4723\" style=\"width:840px;height:auto\" srcset=\"https:\/\/lavoixdelanation.tg\/wp-content\/uploads\/2025\/08\/SIxieme-Foire-Made-in-Togo-au-CETEF-Lome.jpg 700w, https:\/\/lavoixdelanation.tg\/wp-content\/uploads\/2025\/08\/SIxieme-Foire-Made-in-Togo-au-CETEF-Lome-300x138.jpg 300w\" sizes=\"auto, (max-width: 700px) 100vw, 700px\" \/><\/figure>\n\n\n\n<p>Elle a convi\u00e9 le public \u00e0 visiter massivement la foire afin de d\u00e9couvrir le g\u00e9nie cr\u00e9ateur des startups togolaises et de leur apporter un soutien \u00e0 travers l\u2019achat de leurs produits.<\/p>\n\n\n\n<p>En dehors des expositions et ventes, cette foire sera \u00e9galement marqu\u00e9e jusqu\u2019au 10 ao\u00fbt prochain par d\u2019autres activit\u00e9s notamment des panels, des concerts entre autres.<\/p>\n","protected":false},"excerpt":{"rendered":"<p>C\u2019est parti pour la 6\u00e8me \u00e9dition de la foire \u00ab&nbsp;Made in Togo&nbsp;\u00bb. Le coup d\u2019envoi a \u00e9t\u00e9 donn\u00e9 ce lundi 4 ao\u00fbt 2025 au Centre Togolais des Expositions et Foires&hellip; <\/p>\n","protected":false},"author":1,"featured_media":4721,"comment_status":"open","ping_status":"open","sticky":false,"template":"","format":"standard","meta":{"footnotes":""},"categories":[1],"tags":[],"class_list":["post-4720","post","type-post","status-publish","format-standard","has-post-thumbnail","hentry","category-top-actualites"],"yoast_head":"<!-- This site is optimized with the Yoast SEO plugin v26.4 - https:\/\/yoast.com\/wordpress\/plugins\/seo\/ -->\n<title>Consommation locale\u00a0: La ministre Kayi Mivedor-Sambiani donne le coup d\u2019envoi de la 6\u00e8 foire \u00ab\u00a0Made in Togo\u00a0\u00bb - La Voix de la Nation<\/title>\n<meta name=\"description\" content=\"C\u2019est parti pour la 6\u00e8me \u00e9dition de la foire \u00ab Made in Togo \u00bb. Le coup d\u2019envoi a \u00e9t\u00e9 donn\u00e9 ce lundi 4 ao\u00fbt 2025 au Centre Togolais des Expositions et Foires (CETEF Togo 2000) par la ministre du commerce, de l\u2019artisanat et de la consommation locale, Mme Kayi Mivedor-Sambiani.\" \/>\n<meta name=\"robots\" content=\"index, follow, max-snippet:-1, max-image-preview:large, max-video-preview:-1\" \/>\n<link rel=\"canonical\" href=\"https:\/\/lavoixdelanation.tg\/index.php\/2025\/08\/05\/consommation-locale-la-ministre-kayi-mivedor-sambiani-donne-le-coup-denvoi-de-la-6e-foire-made-in-togo\/\" \/>\n<meta property=\"og:locale\" content=\"fr_FR\" \/>\n<meta property=\"og:type\" content=\"article\" \/>\n<meta property=\"og:title\" content=\"Consommation locale\u00a0: La ministre Kayi Mivedor-Sambiani donne le coup d\u2019envoi de la 6\u00e8 foire \u00ab\u00a0Made in Togo\u00a0\u00bb - La Voix de la Nation\" \/>\n<meta property=\"og:description\" content=\"C\u2019est parti pour la 6\u00e8me \u00e9dition de la foire \u00ab Made in Togo \u00bb. Le coup d\u2019envoi a \u00e9t\u00e9 donn\u00e9 ce lundi 4 ao\u00fbt 2025 au Centre Togolais des Expositions et Foires (CETEF Togo 2000) par la ministre du commerce, de l\u2019artisanat et de la consommation locale, Mme Kayi Mivedor-Sambiani.\" \/>\n<meta property=\"og:url\" content=\"https:\/\/lavoixdelanation.tg\/index.php\/2025\/08\/05\/consommation-locale-la-ministre-kayi-mivedor-sambiani-donne-le-coup-denvoi-de-la-6e-foire-made-in-togo\/\" \/>\n<meta property=\"og:site_name\" content=\"La Voix de la Nation\" \/>\n<meta property=\"article:publisher\" content=\"https:\/\/www.facebook.com\/lavoixdelanation\" \/>\n<meta property=\"article:published_time\" content=\"2025-08-05T10:12:00+00:00\" \/>\n<meta property=\"article:modified_time\" content=\"2025-08-06T08:27:28+00:00\" \/>\n<meta property=\"og:image\" content=\"https:\/\/lavoixdelanation.tg\/wp-content\/uploads\/2025\/08\/Kayi-Mivedor-Sambiani-lance-la-6eme-foire-Made-in-Togo.jpg\" \/>\n\t<meta property=\"og:image:width\" content=\"768\" \/>\n\t<meta property=\"og:image:height\" content=\"511\" \/>\n\t<meta property=\"og:image:type\" content=\"image\/jpeg\" \/>\n<meta name=\"author\" content=\"La voix de la nation\" \/>\n<meta name=\"twitter:card\" content=\"summary_large_image\" \/>\n<meta name=\"twitter:label1\" content=\"\u00c9crit par\" \/>\n\t<meta name=\"twitter:data1\" content=\"La voix de la nation\" \/>\n\t<meta name=\"twitter:label2\" content=\"Dur\u00e9e de lecture estim\u00e9e\" \/>\n\t<meta name=\"twitter:data2\" content=\"3 minutes\" \/>\n<script type=\"application\/ld+json\" class=\"yoast-schema-graph\">{\"@context\":\"https:\/\/schema.org\",\"@graph\":[{\"@type\":\"Article\",\"@id\":\"https:\/\/lavoixdelanation.tg\/index.php\/2025\/08\/05\/consommation-locale-la-ministre-kayi-mivedor-sambiani-donne-le-coup-denvoi-de-la-6e-foire-made-in-togo\/#article\",\"isPartOf\":{\"@id\":\"https:\/\/lavoixdelanation.tg\/index.php\/2025\/08\/05\/consommation-locale-la-ministre-kayi-mivedor-sambiani-donne-le-coup-denvoi-de-la-6e-foire-made-in-togo\/\"},\"author\":{\"name\":\"La voix de la nation\",\"@id\":\"https:\/\/lavoixdelanation.tg\/#\/schema\/person\/6c489293aa38053673a9e554acb6e224\"},\"headline\":\"Consommation locale\u00a0: La ministre Kayi Mivedor-Sambiani donne le coup d\u2019envoi de la 6\u00e8 foire \u00ab\u00a0Made in Togo\u00a0\u00bb\",\"datePublished\":\"2025-08-05T10:12:00+00:00\",\"dateModified\":\"2025-08-06T08:27:28+00:00\",\"mainEntityOfPage\":{\"@id\":\"https:\/\/lavoixdelanation.tg\/index.php\/2025\/08\/05\/consommation-locale-la-ministre-kayi-mivedor-sambiani-donne-le-coup-denvoi-de-la-6e-foire-made-in-togo\/\"},\"wordCount\":385,\"commentCount\":0,\"publisher\":{\"@id\":\"https:\/\/lavoixdelanation.tg\/#organization\"},\"image\":{\"@id\":\"https:\/\/lavoixdelanation.tg\/index.php\/2025\/08\/05\/consommation-locale-la-ministre-kayi-mivedor-sambiani-donne-le-coup-denvoi-de-la-6e-foire-made-in-togo\/#primaryimage\"},\"thumbnailUrl\":\"https:\/\/lavoixdelanation.tg\/wp-content\/uploads\/2025\/08\/Kayi-Mivedor-Sambiani-lance-la-6eme-foire-Made-in-Togo.jpg\",\"articleSection\":[\"Top actualit\u00e9s\"],\"inLanguage\":\"fr-FR\",\"potentialAction\":[{\"@type\":\"CommentAction\",\"name\":\"Comment\",\"target\":[\"https:\/\/lavoixdelanation.tg\/index.php\/2025\/08\/05\/consommation-locale-la-ministre-kayi-mivedor-sambiani-donne-le-coup-denvoi-de-la-6e-foire-made-in-togo\/#respond\"]}]},{\"@type\":\"WebPage\",\"@id\":\"https:\/\/lavoixdelanation.tg\/index.php\/2025\/08\/05\/consommation-locale-la-ministre-kayi-mivedor-sambiani-donne-le-coup-denvoi-de-la-6e-foire-made-in-togo\/\",\"url\":\"https:\/\/lavoixdelanation.tg\/index.php\/2025\/08\/05\/consommation-locale-la-ministre-kayi-mivedor-sambiani-donne-le-coup-denvoi-de-la-6e-foire-made-in-togo\/\",\"name\":\"Consommation locale\u00a0: La ministre Kayi Mivedor-Sambiani donne le coup d\u2019envoi de la 6\u00e8 foire \u00ab\u00a0Made in Togo\u00a0\u00bb - La Voix de la Nation\",\"isPartOf\":{\"@id\":\"https:\/\/lavoixdelanation.tg\/#website\"},\"primaryImageOfPage\":{\"@id\":\"https:\/\/lavoixdelanation.tg\/index.php\/2025\/08\/05\/consommation-locale-la-ministre-kayi-mivedor-sambiani-donne-le-coup-denvoi-de-la-6e-foire-made-in-togo\/#primaryimage\"},\"image\":{\"@id\":\"https:\/\/lavoixdelanation.tg\/index.php\/2025\/08\/05\/consommation-locale-la-ministre-kayi-mivedor-sambiani-donne-le-coup-denvoi-de-la-6e-foire-made-in-togo\/#primaryimage\"},\"thumbnailUrl\":\"https:\/\/lavoixdelanation.tg\/wp-content\/uploads\/2025\/08\/Kayi-Mivedor-Sambiani-lance-la-6eme-foire-Made-in-Togo.jpg\",\"datePublished\":\"2025-08-05T10:12:00+00:00\",\"dateModified\":\"2025-08-06T08:27:28+00:00\",\"description\":\"C\u2019est parti pour la 6\u00e8me \u00e9dition de la foire \u00ab Made in Togo \u00bb. Le coup d\u2019envoi a \u00e9t\u00e9 donn\u00e9 ce lundi 4 ao\u00fbt 2025 au Centre Togolais des Expositions et Foires (CETEF Togo 2000) par la ministre du commerce, de l\u2019artisanat et de la consommation locale, Mme Kayi Mivedor-Sambiani.\",\"breadcrumb\":{\"@id\":\"https:\/\/lavoixdelanation.tg\/index.php\/2025\/08\/05\/consommation-locale-la-ministre-kayi-mivedor-sambiani-donne-le-coup-denvoi-de-la-6e-foire-made-in-togo\/#breadcrumb\"},\"inLanguage\":\"fr-FR\",\"potentialAction\":[{\"@type\":\"ReadAction\",\"target\":[\"https:\/\/lavoixdelanation.tg\/index.php\/2025\/08\/05\/consommation-locale-la-ministre-kayi-mivedor-sambiani-donne-le-coup-denvoi-de-la-6e-foire-made-in-togo\/\"]}]},{\"@type\":\"ImageObject\",\"inLanguage\":\"fr-FR\",\"@id\":\"https:\/\/lavoixdelanation.tg\/index.php\/2025\/08\/05\/consommation-locale-la-ministre-kayi-mivedor-sambiani-donne-le-coup-denvoi-de-la-6e-foire-made-in-togo\/#primaryimage\",\"url\":\"https:\/\/lavoixdelanation.tg\/wp-content\/uploads\/2025\/08\/Kayi-Mivedor-Sambiani-lance-la-6eme-foire-Made-in-Togo.jpg\",\"contentUrl\":\"https:\/\/lavoixdelanation.tg\/wp-content\/uploads\/2025\/08\/Kayi-Mivedor-Sambiani-lance-la-6eme-foire-Made-in-Togo.jpg\",\"width\":768,\"height\":511,\"caption\":\"Mme Kayi Mivedor-Sambiani lance la 6\u00e8me \u00e9dition de la foire Made in Togo\"},{\"@type\":\"BreadcrumbList\",\"@id\":\"https:\/\/lavoixdelanation.tg\/index.php\/2025\/08\/05\/consommation-locale-la-ministre-kayi-mivedor-sambiani-donne-le-coup-denvoi-de-la-6e-foire-made-in-togo\/#breadcrumb\",\"itemListElement\":[{\"@type\":\"ListItem\",\"position\":1,\"name\":\"Accueil\",\"item\":\"https:\/\/lavoixdelanation.tg\/\"},{\"@type\":\"ListItem\",\"position\":2,\"name\":\"Consommation locale\u00a0: La ministre Kayi Mivedor-Sambiani donne le coup d\u2019envoi de la 6\u00e8 foire \u00ab\u00a0Made in Togo\u00a0\u00bb\"}]},{\"@type\":\"WebSite\",\"@id\":\"https:\/\/lavoixdelanation.tg\/#website\",\"url\":\"https:\/\/lavoixdelanation.tg\/\",\"name\":\"La Voix de la Nation\",\"description\":\"R\u00e9c\u00e9piss\u00e9 n\u00b00108\/HAAC\/01-2024\/pl\/P\",\"publisher\":{\"@id\":\"https:\/\/lavoixdelanation.tg\/#organization\"},\"alternateName\":\"VON\",\"potentialAction\":[{\"@type\":\"SearchAction\",\"target\":{\"@type\":\"EntryPoint\",\"urlTemplate\":\"https:\/\/lavoixdelanation.tg\/?s={search_term_string}\"},\"query-input\":{\"@type\":\"PropertyValueSpecification\",\"valueRequired\":true,\"valueName\":\"search_term_string\"}}],\"inLanguage\":\"fr-FR\"},{\"@type\":\"Organization\",\"@id\":\"https:\/\/lavoixdelanation.tg\/#organization\",\"name\":\"La Voix de la Nation\",\"url\":\"https:\/\/lavoixdelanation.tg\/\",\"logo\":{\"@type\":\"ImageObject\",\"inLanguage\":\"fr-FR\",\"@id\":\"https:\/\/lavoixdelanation.tg\/#\/schema\/logo\/image\/\",\"url\":\"https:\/\/lavoixdelanation.tg\/wp-content\/uploads\/2024\/12\/lavn-1.png\",\"contentUrl\":\"https:\/\/lavoixdelanation.tg\/wp-content\/uploads\/2024\/12\/lavn-1.png\",\"width\":1024,\"height\":464,\"caption\":\"La Voix de la Nation\"},\"image\":{\"@id\":\"https:\/\/lavoixdelanation.tg\/#\/schema\/logo\/image\/\"},\"sameAs\":[\"https:\/\/www.facebook.com\/lavoixdelanation\"]},{\"@type\":\"Person\",\"@id\":\"https:\/\/lavoixdelanation.tg\/#\/schema\/person\/6c489293aa38053673a9e554acb6e224\",\"name\":\"La voix de la nation\",\"image\":{\"@type\":\"ImageObject\",\"inLanguage\":\"fr-FR\",\"@id\":\"https:\/\/lavoixdelanation.tg\/#\/schema\/person\/image\/\",\"url\":\"https:\/\/secure.gravatar.com\/avatar\/8aa135d4bbc794494cecaa8d483f6d6cc1023624868deaff686baed5e727a5a1?s=96&d=mm&r=g\",\"contentUrl\":\"https:\/\/secure.gravatar.com\/avatar\/8aa135d4bbc794494cecaa8d483f6d6cc1023624868deaff686baed5e727a5a1?s=96&d=mm&r=g\",\"caption\":\"La voix de la nation\"},\"sameAs\":[\"https:\/\/lavoixdelanation.tg\"],\"url\":\"https:\/\/lavoixdelanation.tg\/index.php\/author\/lavn\/\"}]}<\/script>\n<!-- \/ Yoast SEO plugin. -->","yoast_head_json":{"title":"Consommation locale\u00a0: La ministre Kayi Mivedor-Sambiani donne le coup d\u2019envoi de la 6\u00e8 foire \u00ab\u00a0Made in Togo\u00a0\u00bb - La Voix de la Nation","description":"C\u2019est parti pour la 6\u00e8me \u00e9dition de la foire \u00ab Made in Togo \u00bb. Le coup d\u2019envoi a \u00e9t\u00e9 donn\u00e9 ce lundi 4 ao\u00fbt 2025 au Centre Togolais des Expositions et Foires (CETEF Togo 2000) par la ministre du commerce, de l\u2019artisanat et de la consommation locale, Mme Kayi Mivedor-Sambiani.","robots":{"index":"index","follow":"follow","max-snippet":"max-snippet:-1","max-image-preview":"max-image-preview:large","max-video-preview":"max-video-preview:-1"},"canonical":"https:\/\/lavoixdelanation.tg\/index.php\/2025\/08\/05\/consommation-locale-la-ministre-kayi-mivedor-sambiani-donne-le-coup-denvoi-de-la-6e-foire-made-in-togo\/","og_locale":"fr_FR","og_type":"article","og_title":"Consommation locale\u00a0: La ministre Kayi Mivedor-Sambiani donne le coup d\u2019envoi de la 6\u00e8 foire \u00ab\u00a0Made in Togo\u00a0\u00bb - La Voix de la Nation","og_description":"C\u2019est parti pour la 6\u00e8me \u00e9dition de la foire \u00ab Made in Togo \u00bb. Le coup d\u2019envoi a \u00e9t\u00e9 donn\u00e9 ce lundi 4 ao\u00fbt 2025 au Centre Togolais des Expositions et Foires (CETEF Togo 2000) par la ministre du commerce, de l\u2019artisanat et de la consommation locale, Mme Kayi Mivedor-Sambiani.","og_url":"https:\/\/lavoixdelanation.tg\/index.php\/2025\/08\/05\/consommation-locale-la-ministre-kayi-mivedor-sambiani-donne-le-coup-denvoi-de-la-6e-foire-made-in-togo\/","og_site_name":"La Voix de la Nation","article_publisher":"https:\/\/www.facebook.com\/lavoixdelanation","article_published_time":"2025-08-05T10:12:00+00:00","article_modified_time":"2025-08-06T08:27:28+00:00","og_image":[{"width":768,"height":511,"url":"https:\/\/lavoixdelanation.tg\/wp-content\/uploads\/2025\/08\/Kayi-Mivedor-Sambiani-lance-la-6eme-foire-Made-in-Togo.jpg","type":"image\/jpeg"}],"author":"La voix de la nation","twitter_card":"summary_large_image","twitter_misc":{"\u00c9crit par":"La voix de la nation","Dur\u00e9e de lecture estim\u00e9e":"3 minutes"},"schema":{"@context":"https:\/\/schema.org","@graph":[{"@type":"Article","@id":"https:\/\/lavoixdelanation.tg\/index.php\/2025\/08\/05\/consommation-locale-la-ministre-kayi-mivedor-sambiani-donne-le-coup-denvoi-de-la-6e-foire-made-in-togo\/#article","isPartOf":{"@id":"https:\/\/lavoixdelanation.tg\/index.php\/2025\/08\/05\/consommation-locale-la-ministre-kayi-mivedor-sambiani-donne-le-coup-denvoi-de-la-6e-foire-made-in-togo\/"},"author":{"name":"La voix de la nation","@id":"https:\/\/lavoixdelanation.tg\/#\/schema\/person\/6c489293aa38053673a9e554acb6e224"},"headline":"Consommation locale\u00a0: La ministre Kayi Mivedor-Sambiani donne le coup d\u2019envoi de la 6\u00e8 foire \u00ab\u00a0Made in Togo\u00a0\u00bb","datePublished":"2025-08-05T10:12:00+00:00","dateModified":"2025-08-06T08:27:28+00:00","mainEntityOfPage":{"@id":"https:\/\/lavoixdelanation.tg\/index.php\/2025\/08\/05\/consommation-locale-la-ministre-kayi-mivedor-sambiani-donne-le-coup-denvoi-de-la-6e-foire-made-in-togo\/"},"wordCount":385,"commentCount":0,"publisher":{"@id":"https:\/\/lavoixdelanation.tg\/#organization"},"image":{"@id":"https:\/\/lavoixdelanation.tg\/index.php\/2025\/08\/05\/consommation-locale-la-ministre-kayi-mivedor-sambiani-donne-le-coup-denvoi-de-la-6e-foire-made-in-togo\/#primaryimage"},"thumbnailUrl":"https:\/\/lavoixdelanation.tg\/wp-content\/uploads\/2025\/08\/Kayi-Mivedor-Sambiani-lance-la-6eme-foire-Made-in-Togo.jpg","articleSection":["Top actualit\u00e9s"],"inLanguage":"fr-FR","potentialAction":[{"@type":"CommentAction","name":"Comment","target":["https:\/\/lavoixdelanation.tg\/index.php\/2025\/08\/05\/consommation-locale-la-ministre-kayi-mivedor-sambiani-donne-le-coup-denvoi-de-la-6e-foire-made-in-togo\/#respond"]}]},{"@type":"WebPage","@id":"https:\/\/lavoixdelanation.tg\/index.php\/2025\/08\/05\/consommation-locale-la-ministre-kayi-mivedor-sambiani-donne-le-coup-denvoi-de-la-6e-foire-made-in-togo\/","url":"https:\/\/lavoixdelanation.tg\/index.php\/2025\/08\/05\/consommation-locale-la-ministre-kayi-mivedor-sambiani-donne-le-coup-denvoi-de-la-6e-foire-made-in-togo\/","name":"Consommation locale\u00a0: La ministre Kayi Mivedor-Sambiani donne le coup d\u2019envoi de la 6\u00e8 foire \u00ab\u00a0Made in Togo\u00a0\u00bb - La Voix de la Nation","isPartOf":{"@id":"https:\/\/lavoixdelanation.tg\/#website"},"primaryImageOfPage":{"@id":"https:\/\/lavoixdelanation.tg\/index.php\/2025\/08\/05\/consommation-locale-la-ministre-kayi-mivedor-sambiani-donne-le-coup-denvoi-de-la-6e-foire-made-in-togo\/#primaryimage"},"image":{"@id":"https:\/\/lavoixdelanation.tg\/index.php\/2025\/08\/05\/consommation-locale-la-ministre-kayi-mivedor-sambiani-donne-le-coup-denvoi-de-la-6e-foire-made-in-togo\/#primaryimage"},"thumbnailUrl":"https:\/\/lavoixdelanation.tg\/wp-content\/uploads\/2025\/08\/Kayi-Mivedor-Sambiani-lance-la-6eme-foire-Made-in-Togo.jpg","datePublished":"2025-08-05T10:12:00+00:00","dateModified":"2025-08-06T08:27:28+00:00","description":"C\u2019est parti pour la 6\u00e8me \u00e9dition de la foire \u00ab Made in Togo \u00bb. Le coup d\u2019envoi a \u00e9t\u00e9 donn\u00e9 ce lundi 4 ao\u00fbt 2025 au Centre Togolais des Expositions et Foires (CETEF Togo 2000) par la ministre du commerce, de l\u2019artisanat et de la consommation locale, Mme Kayi Mivedor-Sambiani.","breadcrumb":{"@id":"https:\/\/lavoixdelanation.tg\/index.php\/2025\/08\/05\/consommation-locale-la-ministre-kayi-mivedor-sambiani-donne-le-coup-denvoi-de-la-6e-foire-made-in-togo\/#breadcrumb"},"inLanguage":"fr-FR","potentialAction":[{"@type":"ReadAction","target":["https:\/\/lavoixdelanation.tg\/index.php\/2025\/08\/05\/consommation-locale-la-ministre-kayi-mivedor-sambiani-donne-le-coup-denvoi-de-la-6e-foire-made-in-togo\/"]}]},{"@type":"ImageObject","inLanguage":"fr-FR","@id":"https:\/\/lavoixdelanation.tg\/index.php\/2025\/08\/05\/consommation-locale-la-ministre-kayi-mivedor-sambiani-donne-le-coup-denvoi-de-la-6e-foire-made-in-togo\/#primaryimage","url":"https:\/\/lavoixdelanation.tg\/wp-content\/uploads\/2025\/08\/Kayi-Mivedor-Sambiani-lance-la-6eme-foire-Made-in-Togo.jpg","contentUrl":"https:\/\/lavoixdelanation.tg\/wp-content\/uploads\/2025\/08\/Kayi-Mivedor-Sambiani-lance-la-6eme-foire-Made-in-Togo.jpg","width":768,"height":511,"caption":"Mme Kayi Mivedor-Sambiani lance la 6\u00e8me \u00e9dition de la foire Made in Togo"},{"@type":"BreadcrumbList","@id":"https:\/\/lavoixdelanation.tg\/index.php\/2025\/08\/05\/consommation-locale-la-ministre-kayi-mivedor-sambiani-donne-le-coup-denvoi-de-la-6e-foire-made-in-togo\/#breadcrumb","itemListElement":[{"@type":"ListItem","position":1,"name":"Accueil","item":"https:\/\/lavoixdelanation.tg\/"},{"@type":"ListItem","position":2,"name":"Consommation locale\u00a0: La ministre Kayi Mivedor-Sambiani donne le coup d\u2019envoi de la 6\u00e8 foire \u00ab\u00a0Made in Togo\u00a0\u00bb"}]},{"@type":"WebSite","@id":"https:\/\/lavoixdelanation.tg\/#website","url":"https:\/\/lavoixdelanation.tg\/","name":"La Voix de la Nation","description":"R\u00e9c\u00e9piss\u00e9 n\u00b00108\/HAAC\/01-2024\/pl\/P","publisher":{"@id":"https:\/\/lavoixdelanation.tg\/#organization"},"alternateName":"VON","potentialAction":[{"@type":"SearchAction","target":{"@type":"EntryPoint","urlTemplate":"https:\/\/lavoixdelanation.tg\/?s={search_term_string}"},"query-input":{"@type":"PropertyValueSpecification","valueRequired":true,"valueName":"search_term_string"}}],"inLanguage":"fr-FR"},{"@type":"Organization","@id":"https:\/\/lavoixdelanation.tg\/#organization","name":"La Voix de la Nation","url":"https:\/\/lavoixdelanation.tg\/","logo":{"@type":"ImageObject","inLanguage":"fr-FR","@id":"https:\/\/lavoixdelanation.tg\/#\/schema\/logo\/image\/","url":"https:\/\/lavoixdelanation.tg\/wp-content\/uploads\/2024\/12\/lavn-1.png","contentUrl":"https:\/\/lavoixdelanation.tg\/wp-content\/uploads\/2024\/12\/lavn-1.png","width":1024,"height":464,"caption":"La Voix de la Nation"},"image":{"@id":"https:\/\/lavoixdelanation.tg\/#\/schema\/logo\/image\/"},"sameAs":["https:\/\/www.facebook.com\/lavoixdelanation"]},{"@type":"Person","@id":"https:\/\/lavoixdelanation.tg\/#\/schema\/person\/6c489293aa38053673a9e554acb6e224","name":"La voix de la nation","image":{"@type":"ImageObject","inLanguage":"fr-FR","@id":"https:\/\/lavoixdelanation.tg\/#\/schema\/person\/image\/","url":"https:\/\/secure.gravatar.com\/avatar\/8aa135d4bbc794494cecaa8d483f6d6cc1023624868deaff686baed5e727a5a1?s=96&d=mm&r=g","contentUrl":"https:\/\/secure.gravatar.com\/avatar\/8aa135d4bbc794494cecaa8d483f6d6cc1023624868deaff686baed5e727a5a1?s=96&d=mm&r=g","caption":"La voix de la nation"},"sameAs":["https:\/\/lavoixdelanation.tg"],"url":"https:\/\/lavoixdelanation.tg\/index.php\/author\/lavn\/"}]}},"_links":{"self":[{"href":"https:\/\/lavoixdelanation.tg\/index.php\/wp-json\/wp\/v2\/posts\/4720","targetHints":{"allow":["GET"]}}],"collection":[{"href":"https:\/\/lavoixdelanation.tg\/index.php\/wp-json\/wp\/v2\/posts"}],"about":[{"href":"https:\/\/lavoixdelanation.tg\/index.php\/wp-json\/wp\/v2\/types\/post"}],"author":[{"embeddable":true,"href":"https:\/\/lavoixdelanation.tg\/index.php\/wp-json\/wp\/v2\/users\/1"}],"replies":[{"embeddable":true,"href":"https:\/\/lavoixdelanation.tg\/index.php\/wp-json\/wp\/v2\/comments?post=4720"}],"version-history":[{"count":3,"href":"https:\/\/lavoixdelanation.tg\/index.php\/wp-json\/wp\/v2\/posts\/4720\/revisions"}],"predecessor-version":[{"id":4726,"href":"https:\/\/lavoixdelanation.tg\/index.php\/wp-json\/wp\/v2\/posts\/4720\/revisions\/4726"}],"wp:featuredmedia":[{"embeddable":true,"href":"https:\/\/lavoixdelanation.tg\/index.php\/wp-json\/wp\/v2\/media\/4721"}],"wp:attachment":[{"href":"https:\/\/lavoixdelanation.tg\/index.php\/wp-json\/wp\/v2\/media?parent=4720"}],"wp:term":[{"taxonomy":"category","embeddable":true,"href":"https:\/\/lavoixdelanation.tg\/index.php\/wp-json\/wp\/v2\/categories?post=4720"},{"taxonomy":"post_tag","embeddable":true,"href":"https:\/\/lavoixdelanation.tg\/index.php\/wp-json\/wp\/v2\/tags?post=4720"}],"curies":[{"name":"wp","href":"https:\/\/api.w.org\/{rel}","templated":true}]}}