{"id":4717,"date":"2025-08-05T17:26:00","date_gmt":"2025-08-05T15:26:00","guid":{"rendered":"https:\/\/lavoixdelanation.tg\/?p=4717"},"modified":"2025-08-06T09:31:00","modified_gmt":"2025-08-06T07:31:00","slug":"assemblee-nationale-vers-une-cooperation-renforcee-avec-lassemblee-populaire-de-shandong-en-chine","status":"publish","type":"post","link":"https:\/\/lavoixdelanation.tg\/index.php\/2025\/08\/05\/assemblee-nationale-vers-une-cooperation-renforcee-avec-lassemblee-populaire-de-shandong-en-chine\/","title":{"rendered":"Assembl\u00e9e nationale\u00a0: Vers une coop\u00e9ration renforc\u00e9e avec l\u2019Assembl\u00e9e populaire de Shandong en Chine"},"content":{"rendered":"\n<p>Les liens de coop\u00e9ration entre l\u2019Assembl\u00e9e nationale togolaise et l\u2019Assembl\u00e9e populaire de la province du Shandong en Chine.<\/p>\n\n\n\n<p>En visite au Togo, une d\u00e9l\u00e9gation chinoise conduite Fan Huaping, vice-pr\u00e9sident du comit\u00e9 permanent de l\u2019Assembl\u00e9e populaire de la province du Shandong, a \u00e9t\u00e9 en effet re\u00e7ue ce lundi 4 ao\u00fbt 2025 par le Pr\u00e9sident de l\u2019Assembl\u00e9e nationale Kodjo Ad\u00e9dz\u00e9.<\/p>\n\n\n\n<p>La rencontre s\u2019inscrit justement dans une dynamique de consolidation de la coop\u00e9ration parlementaire entre les deux institutions et la d\u00e9finition de nouvelles pistes de collaboration fructueuse au service du d\u00e9veloppement et du bien-\u00eatre des populations respectives.<\/p>\n\n\n\n<p>Les \u00e9changes ont permis \u00e0 la d\u00e9l\u00e9gation chinoise de pr\u00e9senter le point de la coop\u00e9ration sino-togolaise dans les secteurs de l\u2019\u00e9nergie, de la sant\u00e9, de l\u2019agriculture de l\u2019\u00e9conomie et des infrastructures, depuis la tenue du neuvi\u00e8me Forum \u00e9conomique sino-africain (FOCAC 2024).<\/p>\n\n\n\n<p>Cette coop\u00e9ration sera renforc\u00e9e dans les prochains jours dans le domaine l\u00e9gislatif et du contr\u00f4le de l\u2019action gouvernementale. La partie togolaise souhaite en effet s\u2019inspirer des bonnes pratiques de l\u2019Assembl\u00e9e populaire de la province du Shandong pour redimensionner l\u2019administration parlementaire qui joue en r\u00f4le central dans l\u2019accompagnement de la mission des d\u00e9put\u00e9s.<\/p>\n\n\n\n<p>Pour Lom\u00e9, cette rencontre traduit la volont\u00e9 commune des deux parties de maintenir et de renforcer les liens historiques d\u00e9j\u00e0 \u00e9tablis entre la R\u00e9publique populaire de Chine et la R\u00e9publique Togolaise. Cette mission permettra \u00e9galement de faire le suivi des retomb\u00e9es du sommet du Forum sur la coop\u00e9ration sino-africaine.<\/p>\n\n\n\n<p><strong>La R\u00e9daction<\/strong><\/p>\n","protected":false},"excerpt":{"rendered":"<p>Les liens de coop\u00e9ration entre l\u2019Assembl\u00e9e nationale togolaise et l\u2019Assembl\u00e9e populaire de la province du Shandong en Chine. En visite au Togo, une d\u00e9l\u00e9gation chinoise conduite Fan Huaping, vice-pr\u00e9sident du&hellip; <\/p>\n","protected":false},"author":1,"featured_media":4718,"comment_status":"open","ping_status":"open","sticky":false,"template":"","format":"standard","meta":{"footnotes":""},"categories":[12],"tags":[862,863,783,92,39],"class_list":["post-4717","post","type-post","status-publish","format-standard","has-post-thumbnail","hentry","category-diplomatie","tag-assemblee-nationale-togolaise","tag-assemblee-populaire-du-shandong","tag-chine","tag-cooperation","tag-togo"],"yoast_head":"<!-- This site is optimized with the Yoast SEO plugin v26.4 - https:\/\/yoast.com\/wordpress\/plugins\/seo\/ -->\n<title>Assembl\u00e9e nationale\u00a0: Vers une coop\u00e9ration renforc\u00e9e avec l\u2019Assembl\u00e9e populaire de Shandong en Chine - La Voix de la Nation<\/title>\n<meta name=\"robots\" content=\"index, follow, max-snippet:-1, max-image-preview:large, max-video-preview:-1\" \/>\n<link rel=\"canonical\" href=\"https:\/\/lavoixdelanation.tg\/index.php\/2025\/08\/05\/assemblee-nationale-vers-une-cooperation-renforcee-avec-lassemblee-populaire-de-shandong-en-chine\/\" \/>\n<meta property=\"og:locale\" content=\"fr_FR\" \/>\n<meta property=\"og:type\" content=\"article\" \/>\n<meta property=\"og:title\" content=\"Assembl\u00e9e nationale\u00a0: Vers une coop\u00e9ration renforc\u00e9e avec l\u2019Assembl\u00e9e populaire de Shandong en Chine - La Voix de la Nation\" \/>\n<meta property=\"og:description\" content=\"Les liens de coop\u00e9ration entre l\u2019Assembl\u00e9e nationale togolaise et l\u2019Assembl\u00e9e populaire de la province du Shandong en Chine. En visite au Togo, une d\u00e9l\u00e9gation chinoise conduite Fan Huaping, vice-pr\u00e9sident du&hellip;\" \/>\n<meta property=\"og:url\" content=\"https:\/\/lavoixdelanation.tg\/index.php\/2025\/08\/05\/assemblee-nationale-vers-une-cooperation-renforcee-avec-lassemblee-populaire-de-shandong-en-chine\/\" \/>\n<meta property=\"og:site_name\" content=\"La Voix de la Nation\" \/>\n<meta property=\"article:publisher\" content=\"https:\/\/www.facebook.com\/lavoixdelanation\" \/>\n<meta property=\"article:published_time\" content=\"2025-08-05T15:26:00+00:00\" \/>\n<meta property=\"article:modified_time\" content=\"2025-08-06T07:31:00+00:00\" \/>\n<meta property=\"og:image\" content=\"https:\/\/lavoixdelanation.tg\/wp-content\/uploads\/2025\/08\/Kodjo-Adedze-et-Fan-Huaping-a-Lome.jpg\" \/>\n\t<meta property=\"og:image:width\" content=\"650\" \/>\n\t<meta property=\"og:image:height\" content=\"442\" \/>\n\t<meta property=\"og:image:type\" content=\"image\/jpeg\" \/>\n<meta name=\"author\" content=\"La voix de la nation\" \/>\n<meta name=\"twitter:card\" content=\"summary_large_image\" \/>\n<meta name=\"twitter:label1\" content=\"\u00c9crit par\" \/>\n\t<meta name=\"twitter:data1\" content=\"La voix de la nation\" \/>\n\t<meta name=\"twitter:label2\" content=\"Dur\u00e9e de lecture estim\u00e9e\" \/>\n\t<meta name=\"twitter:data2\" content=\"2 minutes\" \/>\n<script type=\"application\/ld+json\" class=\"yoast-schema-graph\">{\"@context\":\"https:\/\/schema.org\",\"@graph\":[{\"@type\":\"Article\",\"@id\":\"https:\/\/lavoixdelanation.tg\/index.php\/2025\/08\/05\/assemblee-nationale-vers-une-cooperation-renforcee-avec-lassemblee-populaire-de-shandong-en-chine\/#article\",\"isPartOf\":{\"@id\":\"https:\/\/lavoixdelanation.tg\/index.php\/2025\/08\/05\/assemblee-nationale-vers-une-cooperation-renforcee-avec-lassemblee-populaire-de-shandong-en-chine\/\"},\"author\":{\"name\":\"La voix de la nation\",\"@id\":\"https:\/\/lavoixdelanation.tg\/#\/schema\/person\/6c489293aa38053673a9e554acb6e224\"},\"headline\":\"Assembl\u00e9e nationale\u00a0: Vers une coop\u00e9ration renforc\u00e9e avec l\u2019Assembl\u00e9e populaire de Shandong en Chine\",\"datePublished\":\"2025-08-05T15:26:00+00:00\",\"dateModified\":\"2025-08-06T07:31:00+00:00\",\"mainEntityOfPage\":{\"@id\":\"https:\/\/lavoixdelanation.tg\/index.php\/2025\/08\/05\/assemblee-nationale-vers-une-cooperation-renforcee-avec-lassemblee-populaire-de-shandong-en-chine\/\"},\"wordCount\":300,\"commentCount\":0,\"publisher\":{\"@id\":\"https:\/\/lavoixdelanation.tg\/#organization\"},\"image\":{\"@id\":\"https:\/\/lavoixdelanation.tg\/index.php\/2025\/08\/05\/assemblee-nationale-vers-une-cooperation-renforcee-avec-lassemblee-populaire-de-shandong-en-chine\/#primaryimage\"},\"thumbnailUrl\":\"https:\/\/lavoixdelanation.tg\/wp-content\/uploads\/2025\/08\/Kodjo-Adedze-et-Fan-Huaping-a-Lome.jpg\",\"keywords\":[\"Assembl\u00e9e nationale togolaise\",\"Assembl\u00e9e populaire du Shandong\",\"Chine\",\"Coop\u00e9ration\",\"Togo\"],\"articleSection\":[\"Diplomatie\"],\"inLanguage\":\"fr-FR\",\"potentialAction\":[{\"@type\":\"CommentAction\",\"name\":\"Comment\",\"target\":[\"https:\/\/lavoixdelanation.tg\/index.php\/2025\/08\/05\/assemblee-nationale-vers-une-cooperation-renforcee-avec-lassemblee-populaire-de-shandong-en-chine\/#respond\"]}]},{\"@type\":\"WebPage\",\"@id\":\"https:\/\/lavoixdelanation.tg\/index.php\/2025\/08\/05\/assemblee-nationale-vers-une-cooperation-renforcee-avec-lassemblee-populaire-de-shandong-en-chine\/\",\"url\":\"https:\/\/lavoixdelanation.tg\/index.php\/2025\/08\/05\/assemblee-nationale-vers-une-cooperation-renforcee-avec-lassemblee-populaire-de-shandong-en-chine\/\",\"name\":\"Assembl\u00e9e nationale\u00a0: Vers une coop\u00e9ration renforc\u00e9e avec l\u2019Assembl\u00e9e populaire de Shandong en Chine - La Voix de la Nation\",\"isPartOf\":{\"@id\":\"https:\/\/lavoixdelanation.tg\/#website\"},\"primaryImageOfPage\":{\"@id\":\"https:\/\/lavoixdelanation.tg\/index.php\/2025\/08\/05\/assemblee-nationale-vers-une-cooperation-renforcee-avec-lassemblee-populaire-de-shandong-en-chine\/#primaryimage\"},\"image\":{\"@id\":\"https:\/\/lavoixdelanation.tg\/index.php\/2025\/08\/05\/assemblee-nationale-vers-une-cooperation-renforcee-avec-lassemblee-populaire-de-shandong-en-chine\/#primaryimage\"},\"thumbnailUrl\":\"https:\/\/lavoixdelanation.tg\/wp-content\/uploads\/2025\/08\/Kodjo-Adedze-et-Fan-Huaping-a-Lome.jpg\",\"datePublished\":\"2025-08-05T15:26:00+00:00\",\"dateModified\":\"2025-08-06T07:31:00+00:00\",\"breadcrumb\":{\"@id\":\"https:\/\/lavoixdelanation.tg\/index.php\/2025\/08\/05\/assemblee-nationale-vers-une-cooperation-renforcee-avec-lassemblee-populaire-de-shandong-en-chine\/#breadcrumb\"},\"inLanguage\":\"fr-FR\",\"potentialAction\":[{\"@type\":\"ReadAction\",\"target\":[\"https:\/\/lavoixdelanation.tg\/index.php\/2025\/08\/05\/assemblee-nationale-vers-une-cooperation-renforcee-avec-lassemblee-populaire-de-shandong-en-chine\/\"]}]},{\"@type\":\"ImageObject\",\"inLanguage\":\"fr-FR\",\"@id\":\"https:\/\/lavoixdelanation.tg\/index.php\/2025\/08\/05\/assemblee-nationale-vers-une-cooperation-renforcee-avec-lassemblee-populaire-de-shandong-en-chine\/#primaryimage\",\"url\":\"https:\/\/lavoixdelanation.tg\/wp-content\/uploads\/2025\/08\/Kodjo-Adedze-et-Fan-Huaping-a-Lome.jpg\",\"contentUrl\":\"https:\/\/lavoixdelanation.tg\/wp-content\/uploads\/2025\/08\/Kodjo-Adedze-et-Fan-Huaping-a-Lome.jpg\",\"width\":650,\"height\":442,\"caption\":\"Kodjo Ad\u00e9dz\u00e9 et Fan Huaping \u00e0 Lom\u00e9\"},{\"@type\":\"BreadcrumbList\",\"@id\":\"https:\/\/lavoixdelanation.tg\/index.php\/2025\/08\/05\/assemblee-nationale-vers-une-cooperation-renforcee-avec-lassemblee-populaire-de-shandong-en-chine\/#breadcrumb\",\"itemListElement\":[{\"@type\":\"ListItem\",\"position\":1,\"name\":\"Accueil\",\"item\":\"https:\/\/lavoixdelanation.tg\/\"},{\"@type\":\"ListItem\",\"position\":2,\"name\":\"Assembl\u00e9e nationale\u00a0: Vers une coop\u00e9ration renforc\u00e9e avec l\u2019Assembl\u00e9e populaire de Shandong en Chine\"}]},{\"@type\":\"WebSite\",\"@id\":\"https:\/\/lavoixdelanation.tg\/#website\",\"url\":\"https:\/\/lavoixdelanation.tg\/\",\"name\":\"La Voix de la Nation\",\"description\":\"R\u00e9c\u00e9piss\u00e9 n\u00b00108\/HAAC\/01-2024\/pl\/P\",\"publisher\":{\"@id\":\"https:\/\/lavoixdelanation.tg\/#organization\"},\"alternateName\":\"VON\",\"potentialAction\":[{\"@type\":\"SearchAction\",\"target\":{\"@type\":\"EntryPoint\",\"urlTemplate\":\"https:\/\/lavoixdelanation.tg\/?s={search_term_string}\"},\"query-input\":{\"@type\":\"PropertyValueSpecification\",\"valueRequired\":true,\"valueName\":\"search_term_string\"}}],\"inLanguage\":\"fr-FR\"},{\"@type\":\"Organization\",\"@id\":\"https:\/\/lavoixdelanation.tg\/#organization\",\"name\":\"La Voix de la Nation\",\"url\":\"https:\/\/lavoixdelanation.tg\/\",\"logo\":{\"@type\":\"ImageObject\",\"inLanguage\":\"fr-FR\",\"@id\":\"https:\/\/lavoixdelanation.tg\/#\/schema\/logo\/image\/\",\"url\":\"https:\/\/lavoixdelanation.tg\/wp-content\/uploads\/2024\/12\/lavn-1.png\",\"contentUrl\":\"https:\/\/lavoixdelanation.tg\/wp-content\/uploads\/2024\/12\/lavn-1.png\",\"width\":1024,\"height\":464,\"caption\":\"La Voix de la Nation\"},\"image\":{\"@id\":\"https:\/\/lavoixdelanation.tg\/#\/schema\/logo\/image\/\"},\"sameAs\":[\"https:\/\/www.facebook.com\/lavoixdelanation\"]},{\"@type\":\"Person\",\"@id\":\"https:\/\/lavoixdelanation.tg\/#\/schema\/person\/6c489293aa38053673a9e554acb6e224\",\"name\":\"La voix de la nation\",\"image\":{\"@type\":\"ImageObject\",\"inLanguage\":\"fr-FR\",\"@id\":\"https:\/\/lavoixdelanation.tg\/#\/schema\/person\/image\/\",\"url\":\"https:\/\/secure.gravatar.com\/avatar\/8aa135d4bbc794494cecaa8d483f6d6cc1023624868deaff686baed5e727a5a1?s=96&d=mm&r=g\",\"contentUrl\":\"https:\/\/secure.gravatar.com\/avatar\/8aa135d4bbc794494cecaa8d483f6d6cc1023624868deaff686baed5e727a5a1?s=96&d=mm&r=g\",\"caption\":\"La voix de la nation\"},\"sameAs\":[\"https:\/\/lavoixdelanation.tg\"],\"url\":\"https:\/\/lavoixdelanation.tg\/index.php\/author\/lavn\/\"}]}<\/script>\n<!-- \/ Yoast SEO plugin. -->","yoast_head_json":{"title":"Assembl\u00e9e nationale\u00a0: Vers une coop\u00e9ration renforc\u00e9e avec l\u2019Assembl\u00e9e populaire de Shandong en Chine - La Voix de la Nation","robots":{"index":"index","follow":"follow","max-snippet":"max-snippet:-1","max-image-preview":"max-image-preview:large","max-video-preview":"max-video-preview:-1"},"canonical":"https:\/\/lavoixdelanation.tg\/index.php\/2025\/08\/05\/assemblee-nationale-vers-une-cooperation-renforcee-avec-lassemblee-populaire-de-shandong-en-chine\/","og_locale":"fr_FR","og_type":"article","og_title":"Assembl\u00e9e nationale\u00a0: Vers une coop\u00e9ration renforc\u00e9e avec l\u2019Assembl\u00e9e populaire de Shandong en Chine - La Voix de la Nation","og_description":"Les liens de coop\u00e9ration entre l\u2019Assembl\u00e9e nationale togolaise et l\u2019Assembl\u00e9e populaire de la province du Shandong en Chine. En visite au Togo, une d\u00e9l\u00e9gation chinoise conduite Fan Huaping, vice-pr\u00e9sident du&hellip;","og_url":"https:\/\/lavoixdelanation.tg\/index.php\/2025\/08\/05\/assemblee-nationale-vers-une-cooperation-renforcee-avec-lassemblee-populaire-de-shandong-en-chine\/","og_site_name":"La Voix de la Nation","article_publisher":"https:\/\/www.facebook.com\/lavoixdelanation","article_published_time":"2025-08-05T15:26:00+00:00","article_modified_time":"2025-08-06T07:31:00+00:00","og_image":[{"width":650,"height":442,"url":"https:\/\/lavoixdelanation.tg\/wp-content\/uploads\/2025\/08\/Kodjo-Adedze-et-Fan-Huaping-a-Lome.jpg","type":"image\/jpeg"}],"author":"La voix de la nation","twitter_card":"summary_large_image","twitter_misc":{"\u00c9crit par":"La voix de la nation","Dur\u00e9e de lecture estim\u00e9e":"2 minutes"},"schema":{"@context":"https:\/\/schema.org","@graph":[{"@type":"Article","@id":"https:\/\/lavoixdelanation.tg\/index.php\/2025\/08\/05\/assemblee-nationale-vers-une-cooperation-renforcee-avec-lassemblee-populaire-de-shandong-en-chine\/#article","isPartOf":{"@id":"https:\/\/lavoixdelanation.tg\/index.php\/2025\/08\/05\/assemblee-nationale-vers-une-cooperation-renforcee-avec-lassemblee-populaire-de-shandong-en-chine\/"},"author":{"name":"La voix de la nation","@id":"https:\/\/lavoixdelanation.tg\/#\/schema\/person\/6c489293aa38053673a9e554acb6e224"},"headline":"Assembl\u00e9e nationale\u00a0: Vers une coop\u00e9ration renforc\u00e9e avec l\u2019Assembl\u00e9e populaire de Shandong en Chine","datePublished":"2025-08-05T15:26:00+00:00","dateModified":"2025-08-06T07:31:00+00:00","mainEntityOfPage":{"@id":"https:\/\/lavoixdelanation.tg\/index.php\/2025\/08\/05\/assemblee-nationale-vers-une-cooperation-renforcee-avec-lassemblee-populaire-de-shandong-en-chine\/"},"wordCount":300,"commentCount":0,"publisher":{"@id":"https:\/\/lavoixdelanation.tg\/#organization"},"image":{"@id":"https:\/\/lavoixdelanation.tg\/index.php\/2025\/08\/05\/assemblee-nationale-vers-une-cooperation-renforcee-avec-lassemblee-populaire-de-shandong-en-chine\/#primaryimage"},"thumbnailUrl":"https:\/\/lavoixdelanation.tg\/wp-content\/uploads\/2025\/08\/Kodjo-Adedze-et-Fan-Huaping-a-Lome.jpg","keywords":["Assembl\u00e9e nationale togolaise","Assembl\u00e9e populaire du Shandong","Chine","Coop\u00e9ration","Togo"],"articleSection":["Diplomatie"],"inLanguage":"fr-FR","potentialAction":[{"@type":"CommentAction","name":"Comment","target":["https:\/\/lavoixdelanation.tg\/index.php\/2025\/08\/05\/assemblee-nationale-vers-une-cooperation-renforcee-avec-lassemblee-populaire-de-shandong-en-chine\/#respond"]}]},{"@type":"WebPage","@id":"https:\/\/lavoixdelanation.tg\/index.php\/2025\/08\/05\/assemblee-nationale-vers-une-cooperation-renforcee-avec-lassemblee-populaire-de-shandong-en-chine\/","url":"https:\/\/lavoixdelanation.tg\/index.php\/2025\/08\/05\/assemblee-nationale-vers-une-cooperation-renforcee-avec-lassemblee-populaire-de-shandong-en-chine\/","name":"Assembl\u00e9e nationale\u00a0: Vers une coop\u00e9ration renforc\u00e9e avec l\u2019Assembl\u00e9e populaire de Shandong en Chine - La Voix de la Nation","isPartOf":{"@id":"https:\/\/lavoixdelanation.tg\/#website"},"primaryImageOfPage":{"@id":"https:\/\/lavoixdelanation.tg\/index.php\/2025\/08\/05\/assemblee-nationale-vers-une-cooperation-renforcee-avec-lassemblee-populaire-de-shandong-en-chine\/#primaryimage"},"image":{"@id":"https:\/\/lavoixdelanation.tg\/index.php\/2025\/08\/05\/assemblee-nationale-vers-une-cooperation-renforcee-avec-lassemblee-populaire-de-shandong-en-chine\/#primaryimage"},"thumbnailUrl":"https:\/\/lavoixdelanation.tg\/wp-content\/uploads\/2025\/08\/Kodjo-Adedze-et-Fan-Huaping-a-Lome.jpg","datePublished":"2025-08-05T15:26:00+00:00","dateModified":"2025-08-06T07:31:00+00:00","breadcrumb":{"@id":"https:\/\/lavoixdelanation.tg\/index.php\/2025\/08\/05\/assemblee-nationale-vers-une-cooperation-renforcee-avec-lassemblee-populaire-de-shandong-en-chine\/#breadcrumb"},"inLanguage":"fr-FR","potentialAction":[{"@type":"ReadAction","target":["https:\/\/lavoixdelanation.tg\/index.php\/2025\/08\/05\/assemblee-nationale-vers-une-cooperation-renforcee-avec-lassemblee-populaire-de-shandong-en-chine\/"]}]},{"@type":"ImageObject","inLanguage":"fr-FR","@id":"https:\/\/lavoixdelanation.tg\/index.php\/2025\/08\/05\/assemblee-nationale-vers-une-cooperation-renforcee-avec-lassemblee-populaire-de-shandong-en-chine\/#primaryimage","url":"https:\/\/lavoixdelanation.tg\/wp-content\/uploads\/2025\/08\/Kodjo-Adedze-et-Fan-Huaping-a-Lome.jpg","contentUrl":"https:\/\/lavoixdelanation.tg\/wp-content\/uploads\/2025\/08\/Kodjo-Adedze-et-Fan-Huaping-a-Lome.jpg","width":650,"height":442,"caption":"Kodjo Ad\u00e9dz\u00e9 et Fan Huaping \u00e0 Lom\u00e9"},{"@type":"BreadcrumbList","@id":"https:\/\/lavoixdelanation.tg\/index.php\/2025\/08\/05\/assemblee-nationale-vers-une-cooperation-renforcee-avec-lassemblee-populaire-de-shandong-en-chine\/#breadcrumb","itemListElement":[{"@type":"ListItem","position":1,"name":"Accueil","item":"https:\/\/lavoixdelanation.tg\/"},{"@type":"ListItem","position":2,"name":"Assembl\u00e9e nationale\u00a0: Vers une coop\u00e9ration renforc\u00e9e avec l\u2019Assembl\u00e9e populaire de Shandong en Chine"}]},{"@type":"WebSite","@id":"https:\/\/lavoixdelanation.tg\/#website","url":"https:\/\/lavoixdelanation.tg\/","name":"La Voix de la Nation","description":"R\u00e9c\u00e9piss\u00e9 n\u00b00108\/HAAC\/01-2024\/pl\/P","publisher":{"@id":"https:\/\/lavoixdelanation.tg\/#organization"},"alternateName":"VON","potentialAction":[{"@type":"SearchAction","target":{"@type":"EntryPoint","urlTemplate":"https:\/\/lavoixdelanation.tg\/?s={search_term_string}"},"query-input":{"@type":"PropertyValueSpecification","valueRequired":true,"valueName":"search_term_string"}}],"inLanguage":"fr-FR"},{"@type":"Organization","@id":"https:\/\/lavoixdelanation.tg\/#organization","name":"La Voix de la Nation","url":"https:\/\/lavoixdelanation.tg\/","logo":{"@type":"ImageObject","inLanguage":"fr-FR","@id":"https:\/\/lavoixdelanation.tg\/#\/schema\/logo\/image\/","url":"https:\/\/lavoixdelanation.tg\/wp-content\/uploads\/2024\/12\/lavn-1.png","contentUrl":"https:\/\/lavoixdelanation.tg\/wp-content\/uploads\/2024\/12\/lavn-1.png","width":1024,"height":464,"caption":"La Voix de la Nation"},"image":{"@id":"https:\/\/lavoixdelanation.tg\/#\/schema\/logo\/image\/"},"sameAs":["https:\/\/www.facebook.com\/lavoixdelanation"]},{"@type":"Person","@id":"https:\/\/lavoixdelanation.tg\/#\/schema\/person\/6c489293aa38053673a9e554acb6e224","name":"La voix de la nation","image":{"@type":"ImageObject","inLanguage":"fr-FR","@id":"https:\/\/lavoixdelanation.tg\/#\/schema\/person\/image\/","url":"https:\/\/secure.gravatar.com\/avatar\/8aa135d4bbc794494cecaa8d483f6d6cc1023624868deaff686baed5e727a5a1?s=96&d=mm&r=g","contentUrl":"https:\/\/secure.gravatar.com\/avatar\/8aa135d4bbc794494cecaa8d483f6d6cc1023624868deaff686baed5e727a5a1?s=96&d=mm&r=g","caption":"La voix de la nation"},"sameAs":["https:\/\/lavoixdelanation.tg"],"url":"https:\/\/lavoixdelanation.tg\/index.php\/author\/lavn\/"}]}},"_links":{"self":[{"href":"https:\/\/lavoixdelanation.tg\/index.php\/wp-json\/wp\/v2\/posts\/4717","targetHints":{"allow":["GET"]}}],"collection":[{"href":"https:\/\/lavoixdelanation.tg\/index.php\/wp-json\/wp\/v2\/posts"}],"about":[{"href":"https:\/\/lavoixdelanation.tg\/index.php\/wp-json\/wp\/v2\/types\/post"}],"author":[{"embeddable":true,"href":"https:\/\/lavoixdelanation.tg\/index.php\/wp-json\/wp\/v2\/users\/1"}],"replies":[{"embeddable":true,"href":"https:\/\/lavoixdelanation.tg\/index.php\/wp-json\/wp\/v2\/comments?post=4717"}],"version-history":[{"count":1,"href":"https:\/\/lavoixdelanation.tg\/index.php\/wp-json\/wp\/v2\/posts\/4717\/revisions"}],"predecessor-version":[{"id":4719,"href":"https:\/\/lavoixdelanation.tg\/index.php\/wp-json\/wp\/v2\/posts\/4717\/revisions\/4719"}],"wp:featuredmedia":[{"embeddable":true,"href":"https:\/\/lavoixdelanation.tg\/index.php\/wp-json\/wp\/v2\/media\/4718"}],"wp:attachment":[{"href":"https:\/\/lavoixdelanation.tg\/index.php\/wp-json\/wp\/v2\/media?parent=4717"}],"wp:term":[{"taxonomy":"category","embeddable":true,"href":"https:\/\/lavoixdelanation.tg\/index.php\/wp-json\/wp\/v2\/categories?post=4717"},{"taxonomy":"post_tag","embeddable":true,"href":"https:\/\/lavoixdelanation.tg\/index.php\/wp-json\/wp\/v2\/tags?post=4717"}],"curies":[{"name":"wp","href":"https:\/\/api.w.org\/{rel}","templated":true}]}}