{"id":4713,"date":"2025-08-05T09:11:42","date_gmt":"2025-08-05T07:11:42","guid":{"rendered":"https:\/\/lavoixdelanation.tg\/?p=4713"},"modified":"2025-08-06T09:16:16","modified_gmt":"2025-08-06T07:16:16","slug":"crise-dans-les-grands-lacs-un-envoye-special-des-nations-unies-chez-faure-gnassingbe","status":"publish","type":"post","link":"https:\/\/lavoixdelanation.tg\/index.php\/2025\/08\/05\/crise-dans-les-grands-lacs-un-envoye-special-des-nations-unies-chez-faure-gnassingbe\/","title":{"rendered":"Crise dans les Grands Lacs\u00a0: Un envoy\u00e9 Sp\u00e9cial des Nations unies chez Faure Gnassingb\u00e9"},"content":{"rendered":"\n<p><strong>Dans ses efforts de r\u00e9solution de la crise \u00e0 l\u2019Est de la R\u00e9publique D\u00e9mocratique du Congo (RDC), le Pr\u00e9sident du Conseil Faure Gnassingb\u00e9, M\u00e9diateur de l\u2019Union africaine, a re\u00e7u ce lundi 04 ao\u00fbt 2025 \u00e0 Lom\u00e9, Huang Xia, Envoy\u00e9 sp\u00e9cial du Secr\u00e9taire g\u00e9n\u00e9ral des Nations unies pour la r\u00e9gion des Grands Lacs.<\/strong><\/p>\n\n\n\n<p>A Lom\u00e9, Huang Xia a soulign\u00e9 l\u2019importance de la M\u00e9diation de l\u2019Union africaine dans la r\u00e9solution des conflits dans la r\u00e9gion, \u00e0 travers les efforts de son M\u00e9diateur, le Pr\u00e9sident Faure Gnassingb\u00e9.<\/p>\n\n\n\n<p>\u00ab&nbsp;Je suis venu pour \u00e9couter le Pr\u00e9sident du Conseil, surtout apr\u00e8s la r\u00e9union des deux communaut\u00e9s EAC-SADEC qui a eu lieu tout r\u00e9cemment \u00e0 Nairobi.&nbsp; Nous sommes unanimes pour insister sur le r\u00f4le central de l\u2019Union africaine gr\u00e2ce \u00e0 cette m\u00e9diation confi\u00e9e au Pr\u00e9sident Faure Essozimna Gnassingb\u00e9.&nbsp; C\u2019est une place centrale pour g\u00e9rer la crise actuelle et aussi pour nous attaquer aux causes profondes de l\u2019instabilit\u00e9, de l\u2019ins\u00e9curit\u00e9 dans la r\u00e9gion des Grands Lacs \u00bb, a indiqu\u00e9 l\u2019Envoy\u00e9 sp\u00e9cial des Nations unies.<\/p>\n\n\n\n<p>Il a r\u00e9affirm\u00e9 le plein soutien de son organisation \u00e0 la m\u00e9diation de l\u2019Union africaine, pour accompagner cette initiative continentale.<\/p>\n\n\n\n<p>\u00ab&nbsp;Les Nations unies sont tr\u00e8s claires. Nous sommes l\u00e0 pour accompagner, appuyer la m\u00e9diation de l\u2019Union africaine et, \u00e0 cet \u00e9gard, nous ne m\u00e9nagerons aucun effort pour renforcer cette m\u00e9diation centrale&nbsp;incarn\u00e9e par le Pr\u00e9sident du Conseil. Toutes les autres dynamiques doivent converger vers cette m\u00e9diation centrale pour la renforcer&nbsp;\u00bb, a-t-il pr\u00e9cis\u00e9.<\/p>\n\n\n\n<p>Cette rencontre intervient apr\u00e8s la tenue le 1<sup>er<\/sup>\u00a0ao\u00fbt dernier de la r\u00e9union conjointe de\u00a0la Communaut\u00e9 d\u2019Afrique de l\u2019Est (EAC) et de la Communaut\u00e9 de D\u00e9veloppement de l\u2019Afrique Australe (SADC) \u00e0 Nairobi au Kenya, consacr\u00e9e \u00e0 la situation s\u00e9curitaire et humanitaire dans l\u2019Est de la RDC.<\/p>\n\n\n\n<p>Elle s\u2019inscrit \u00e9galement dans le cadre des consultations r\u00e9guli\u00e8res de tous les acteurs et protagonistes dans la coordination des strat\u00e9gies pour la consolidation de la paix et la s\u00e9curit\u00e9 en Afrique centrale et orientale.<\/p>\n","protected":false},"excerpt":{"rendered":"<p>Dans ses efforts de r\u00e9solution de la crise \u00e0 l\u2019Est de la R\u00e9publique D\u00e9mocratique du Congo (RDC), le Pr\u00e9sident du Conseil Faure Gnassingb\u00e9, M\u00e9diateur de l\u2019Union africaine, a re\u00e7u ce&hellip; <\/p>\n","protected":false},"author":1,"featured_media":4714,"comment_status":"open","ping_status":"open","sticky":false,"template":"","format":"standard","meta":{"footnotes":""},"categories":[12],"tags":[861,45,99],"class_list":["post-4713","post","type-post","status-publish","format-standard","has-post-thumbnail","hentry","category-diplomatie","tag-envoye-special","tag-faure-gnassingbe","tag-nations-unies"],"yoast_head":"<!-- This site is optimized with the Yoast SEO plugin v26.4 - https:\/\/yoast.com\/wordpress\/plugins\/seo\/ -->\n<title>Crise dans les Grands Lacs\u00a0: Un envoy\u00e9 Sp\u00e9cial des Nations unies chez Faure Gnassingb\u00e9 - La Voix de la Nation<\/title>\n<meta name=\"robots\" content=\"index, follow, max-snippet:-1, max-image-preview:large, max-video-preview:-1\" \/>\n<link rel=\"canonical\" href=\"https:\/\/lavoixdelanation.tg\/index.php\/2025\/08\/05\/crise-dans-les-grands-lacs-un-envoye-special-des-nations-unies-chez-faure-gnassingbe\/\" \/>\n<meta property=\"og:locale\" content=\"fr_FR\" \/>\n<meta property=\"og:type\" content=\"article\" \/>\n<meta property=\"og:title\" content=\"Crise dans les Grands Lacs\u00a0: Un envoy\u00e9 Sp\u00e9cial des Nations unies chez Faure Gnassingb\u00e9 - La Voix de la Nation\" \/>\n<meta property=\"og:description\" content=\"Dans ses efforts de r\u00e9solution de la crise \u00e0 l\u2019Est de la R\u00e9publique D\u00e9mocratique du Congo (RDC), le Pr\u00e9sident du Conseil Faure Gnassingb\u00e9, M\u00e9diateur de l\u2019Union africaine, a re\u00e7u ce&hellip;\" \/>\n<meta property=\"og:url\" content=\"https:\/\/lavoixdelanation.tg\/index.php\/2025\/08\/05\/crise-dans-les-grands-lacs-un-envoye-special-des-nations-unies-chez-faure-gnassingbe\/\" \/>\n<meta property=\"og:site_name\" content=\"La Voix de la Nation\" \/>\n<meta property=\"article:publisher\" content=\"https:\/\/www.facebook.com\/lavoixdelanation\" \/>\n<meta property=\"article:published_time\" content=\"2025-08-05T07:11:42+00:00\" \/>\n<meta property=\"article:modified_time\" content=\"2025-08-06T07:16:16+00:00\" \/>\n<meta property=\"og:image\" content=\"https:\/\/lavoixdelanation.tg\/wp-content\/uploads\/2025\/08\/Un-envoye-Special-des-Nations-unies-chez-Faure-Gnassingbe.jpg\" \/>\n\t<meta property=\"og:image:width\" content=\"800\" \/>\n\t<meta property=\"og:image:height\" content=\"554\" \/>\n\t<meta property=\"og:image:type\" content=\"image\/jpeg\" \/>\n<meta name=\"author\" content=\"La voix de la nation\" \/>\n<meta name=\"twitter:card\" content=\"summary_large_image\" \/>\n<meta name=\"twitter:label1\" content=\"\u00c9crit par\" \/>\n\t<meta name=\"twitter:data1\" content=\"La voix de la nation\" \/>\n\t<meta name=\"twitter:label2\" content=\"Dur\u00e9e de lecture estim\u00e9e\" \/>\n\t<meta name=\"twitter:data2\" content=\"2 minutes\" \/>\n<script type=\"application\/ld+json\" class=\"yoast-schema-graph\">{\"@context\":\"https:\/\/schema.org\",\"@graph\":[{\"@type\":\"Article\",\"@id\":\"https:\/\/lavoixdelanation.tg\/index.php\/2025\/08\/05\/crise-dans-les-grands-lacs-un-envoye-special-des-nations-unies-chez-faure-gnassingbe\/#article\",\"isPartOf\":{\"@id\":\"https:\/\/lavoixdelanation.tg\/index.php\/2025\/08\/05\/crise-dans-les-grands-lacs-un-envoye-special-des-nations-unies-chez-faure-gnassingbe\/\"},\"author\":{\"name\":\"La voix de la nation\",\"@id\":\"https:\/\/lavoixdelanation.tg\/#\/schema\/person\/6c489293aa38053673a9e554acb6e224\"},\"headline\":\"Crise dans les Grands Lacs\u00a0: Un envoy\u00e9 Sp\u00e9cial des Nations unies chez Faure Gnassingb\u00e9\",\"datePublished\":\"2025-08-05T07:11:42+00:00\",\"dateModified\":\"2025-08-06T07:16:16+00:00\",\"mainEntityOfPage\":{\"@id\":\"https:\/\/lavoixdelanation.tg\/index.php\/2025\/08\/05\/crise-dans-les-grands-lacs-un-envoye-special-des-nations-unies-chez-faure-gnassingbe\/\"},\"wordCount\":395,\"commentCount\":0,\"publisher\":{\"@id\":\"https:\/\/lavoixdelanation.tg\/#organization\"},\"image\":{\"@id\":\"https:\/\/lavoixdelanation.tg\/index.php\/2025\/08\/05\/crise-dans-les-grands-lacs-un-envoye-special-des-nations-unies-chez-faure-gnassingbe\/#primaryimage\"},\"thumbnailUrl\":\"https:\/\/lavoixdelanation.tg\/wp-content\/uploads\/2025\/08\/Un-envoye-Special-des-Nations-unies-chez-Faure-Gnassingbe.jpg\",\"keywords\":[\"envoy\u00e9 Sp\u00e9cial\",\"Faure Gnassingb\u00e9\",\"Nations unies\"],\"articleSection\":[\"Diplomatie\"],\"inLanguage\":\"fr-FR\",\"potentialAction\":[{\"@type\":\"CommentAction\",\"name\":\"Comment\",\"target\":[\"https:\/\/lavoixdelanation.tg\/index.php\/2025\/08\/05\/crise-dans-les-grands-lacs-un-envoye-special-des-nations-unies-chez-faure-gnassingbe\/#respond\"]}]},{\"@type\":\"WebPage\",\"@id\":\"https:\/\/lavoixdelanation.tg\/index.php\/2025\/08\/05\/crise-dans-les-grands-lacs-un-envoye-special-des-nations-unies-chez-faure-gnassingbe\/\",\"url\":\"https:\/\/lavoixdelanation.tg\/index.php\/2025\/08\/05\/crise-dans-les-grands-lacs-un-envoye-special-des-nations-unies-chez-faure-gnassingbe\/\",\"name\":\"Crise dans les Grands Lacs\u00a0: Un envoy\u00e9 Sp\u00e9cial des Nations unies chez Faure Gnassingb\u00e9 - La Voix de la Nation\",\"isPartOf\":{\"@id\":\"https:\/\/lavoixdelanation.tg\/#website\"},\"primaryImageOfPage\":{\"@id\":\"https:\/\/lavoixdelanation.tg\/index.php\/2025\/08\/05\/crise-dans-les-grands-lacs-un-envoye-special-des-nations-unies-chez-faure-gnassingbe\/#primaryimage\"},\"image\":{\"@id\":\"https:\/\/lavoixdelanation.tg\/index.php\/2025\/08\/05\/crise-dans-les-grands-lacs-un-envoye-special-des-nations-unies-chez-faure-gnassingbe\/#primaryimage\"},\"thumbnailUrl\":\"https:\/\/lavoixdelanation.tg\/wp-content\/uploads\/2025\/08\/Un-envoye-Special-des-Nations-unies-chez-Faure-Gnassingbe.jpg\",\"datePublished\":\"2025-08-05T07:11:42+00:00\",\"dateModified\":\"2025-08-06T07:16:16+00:00\",\"breadcrumb\":{\"@id\":\"https:\/\/lavoixdelanation.tg\/index.php\/2025\/08\/05\/crise-dans-les-grands-lacs-un-envoye-special-des-nations-unies-chez-faure-gnassingbe\/#breadcrumb\"},\"inLanguage\":\"fr-FR\",\"potentialAction\":[{\"@type\":\"ReadAction\",\"target\":[\"https:\/\/lavoixdelanation.tg\/index.php\/2025\/08\/05\/crise-dans-les-grands-lacs-un-envoye-special-des-nations-unies-chez-faure-gnassingbe\/\"]}]},{\"@type\":\"ImageObject\",\"inLanguage\":\"fr-FR\",\"@id\":\"https:\/\/lavoixdelanation.tg\/index.php\/2025\/08\/05\/crise-dans-les-grands-lacs-un-envoye-special-des-nations-unies-chez-faure-gnassingbe\/#primaryimage\",\"url\":\"https:\/\/lavoixdelanation.tg\/wp-content\/uploads\/2025\/08\/Un-envoye-Special-des-Nations-unies-chez-Faure-Gnassingbe.jpg\",\"contentUrl\":\"https:\/\/lavoixdelanation.tg\/wp-content\/uploads\/2025\/08\/Un-envoye-Special-des-Nations-unies-chez-Faure-Gnassingbe.jpg\",\"width\":800,\"height\":554},{\"@type\":\"BreadcrumbList\",\"@id\":\"https:\/\/lavoixdelanation.tg\/index.php\/2025\/08\/05\/crise-dans-les-grands-lacs-un-envoye-special-des-nations-unies-chez-faure-gnassingbe\/#breadcrumb\",\"itemListElement\":[{\"@type\":\"ListItem\",\"position\":1,\"name\":\"Accueil\",\"item\":\"https:\/\/lavoixdelanation.tg\/\"},{\"@type\":\"ListItem\",\"position\":2,\"name\":\"Crise dans les Grands Lacs\u00a0: Un envoy\u00e9 Sp\u00e9cial des Nations unies chez Faure Gnassingb\u00e9\"}]},{\"@type\":\"WebSite\",\"@id\":\"https:\/\/lavoixdelanation.tg\/#website\",\"url\":\"https:\/\/lavoixdelanation.tg\/\",\"name\":\"La Voix de la Nation\",\"description\":\"R\u00e9c\u00e9piss\u00e9 n\u00b00108\/HAAC\/01-2024\/pl\/P\",\"publisher\":{\"@id\":\"https:\/\/lavoixdelanation.tg\/#organization\"},\"alternateName\":\"VON\",\"potentialAction\":[{\"@type\":\"SearchAction\",\"target\":{\"@type\":\"EntryPoint\",\"urlTemplate\":\"https:\/\/lavoixdelanation.tg\/?s={search_term_string}\"},\"query-input\":{\"@type\":\"PropertyValueSpecification\",\"valueRequired\":true,\"valueName\":\"search_term_string\"}}],\"inLanguage\":\"fr-FR\"},{\"@type\":\"Organization\",\"@id\":\"https:\/\/lavoixdelanation.tg\/#organization\",\"name\":\"La Voix de la Nation\",\"url\":\"https:\/\/lavoixdelanation.tg\/\",\"logo\":{\"@type\":\"ImageObject\",\"inLanguage\":\"fr-FR\",\"@id\":\"https:\/\/lavoixdelanation.tg\/#\/schema\/logo\/image\/\",\"url\":\"https:\/\/lavoixdelanation.tg\/wp-content\/uploads\/2024\/12\/lavn-1.png\",\"contentUrl\":\"https:\/\/lavoixdelanation.tg\/wp-content\/uploads\/2024\/12\/lavn-1.png\",\"width\":1024,\"height\":464,\"caption\":\"La Voix de la Nation\"},\"image\":{\"@id\":\"https:\/\/lavoixdelanation.tg\/#\/schema\/logo\/image\/\"},\"sameAs\":[\"https:\/\/www.facebook.com\/lavoixdelanation\"]},{\"@type\":\"Person\",\"@id\":\"https:\/\/lavoixdelanation.tg\/#\/schema\/person\/6c489293aa38053673a9e554acb6e224\",\"name\":\"La voix de la nation\",\"image\":{\"@type\":\"ImageObject\",\"inLanguage\":\"fr-FR\",\"@id\":\"https:\/\/lavoixdelanation.tg\/#\/schema\/person\/image\/\",\"url\":\"https:\/\/secure.gravatar.com\/avatar\/8aa135d4bbc794494cecaa8d483f6d6cc1023624868deaff686baed5e727a5a1?s=96&d=mm&r=g\",\"contentUrl\":\"https:\/\/secure.gravatar.com\/avatar\/8aa135d4bbc794494cecaa8d483f6d6cc1023624868deaff686baed5e727a5a1?s=96&d=mm&r=g\",\"caption\":\"La voix de la nation\"},\"sameAs\":[\"https:\/\/lavoixdelanation.tg\"],\"url\":\"https:\/\/lavoixdelanation.tg\/index.php\/author\/lavn\/\"}]}<\/script>\n<!-- \/ Yoast SEO plugin. -->","yoast_head_json":{"title":"Crise dans les Grands Lacs\u00a0: Un envoy\u00e9 Sp\u00e9cial des Nations unies chez Faure Gnassingb\u00e9 - La Voix de la Nation","robots":{"index":"index","follow":"follow","max-snippet":"max-snippet:-1","max-image-preview":"max-image-preview:large","max-video-preview":"max-video-preview:-1"},"canonical":"https:\/\/lavoixdelanation.tg\/index.php\/2025\/08\/05\/crise-dans-les-grands-lacs-un-envoye-special-des-nations-unies-chez-faure-gnassingbe\/","og_locale":"fr_FR","og_type":"article","og_title":"Crise dans les Grands Lacs\u00a0: Un envoy\u00e9 Sp\u00e9cial des Nations unies chez Faure Gnassingb\u00e9 - La Voix de la Nation","og_description":"Dans ses efforts de r\u00e9solution de la crise \u00e0 l\u2019Est de la R\u00e9publique D\u00e9mocratique du Congo (RDC), le Pr\u00e9sident du Conseil Faure Gnassingb\u00e9, M\u00e9diateur de l\u2019Union africaine, a re\u00e7u ce&hellip;","og_url":"https:\/\/lavoixdelanation.tg\/index.php\/2025\/08\/05\/crise-dans-les-grands-lacs-un-envoye-special-des-nations-unies-chez-faure-gnassingbe\/","og_site_name":"La Voix de la Nation","article_publisher":"https:\/\/www.facebook.com\/lavoixdelanation","article_published_time":"2025-08-05T07:11:42+00:00","article_modified_time":"2025-08-06T07:16:16+00:00","og_image":[{"width":800,"height":554,"url":"https:\/\/lavoixdelanation.tg\/wp-content\/uploads\/2025\/08\/Un-envoye-Special-des-Nations-unies-chez-Faure-Gnassingbe.jpg","type":"image\/jpeg"}],"author":"La voix de la nation","twitter_card":"summary_large_image","twitter_misc":{"\u00c9crit par":"La voix de la nation","Dur\u00e9e de lecture estim\u00e9e":"2 minutes"},"schema":{"@context":"https:\/\/schema.org","@graph":[{"@type":"Article","@id":"https:\/\/lavoixdelanation.tg\/index.php\/2025\/08\/05\/crise-dans-les-grands-lacs-un-envoye-special-des-nations-unies-chez-faure-gnassingbe\/#article","isPartOf":{"@id":"https:\/\/lavoixdelanation.tg\/index.php\/2025\/08\/05\/crise-dans-les-grands-lacs-un-envoye-special-des-nations-unies-chez-faure-gnassingbe\/"},"author":{"name":"La voix de la nation","@id":"https:\/\/lavoixdelanation.tg\/#\/schema\/person\/6c489293aa38053673a9e554acb6e224"},"headline":"Crise dans les Grands Lacs\u00a0: Un envoy\u00e9 Sp\u00e9cial des Nations unies chez Faure Gnassingb\u00e9","datePublished":"2025-08-05T07:11:42+00:00","dateModified":"2025-08-06T07:16:16+00:00","mainEntityOfPage":{"@id":"https:\/\/lavoixdelanation.tg\/index.php\/2025\/08\/05\/crise-dans-les-grands-lacs-un-envoye-special-des-nations-unies-chez-faure-gnassingbe\/"},"wordCount":395,"commentCount":0,"publisher":{"@id":"https:\/\/lavoixdelanation.tg\/#organization"},"image":{"@id":"https:\/\/lavoixdelanation.tg\/index.php\/2025\/08\/05\/crise-dans-les-grands-lacs-un-envoye-special-des-nations-unies-chez-faure-gnassingbe\/#primaryimage"},"thumbnailUrl":"https:\/\/lavoixdelanation.tg\/wp-content\/uploads\/2025\/08\/Un-envoye-Special-des-Nations-unies-chez-Faure-Gnassingbe.jpg","keywords":["envoy\u00e9 Sp\u00e9cial","Faure Gnassingb\u00e9","Nations unies"],"articleSection":["Diplomatie"],"inLanguage":"fr-FR","potentialAction":[{"@type":"CommentAction","name":"Comment","target":["https:\/\/lavoixdelanation.tg\/index.php\/2025\/08\/05\/crise-dans-les-grands-lacs-un-envoye-special-des-nations-unies-chez-faure-gnassingbe\/#respond"]}]},{"@type":"WebPage","@id":"https:\/\/lavoixdelanation.tg\/index.php\/2025\/08\/05\/crise-dans-les-grands-lacs-un-envoye-special-des-nations-unies-chez-faure-gnassingbe\/","url":"https:\/\/lavoixdelanation.tg\/index.php\/2025\/08\/05\/crise-dans-les-grands-lacs-un-envoye-special-des-nations-unies-chez-faure-gnassingbe\/","name":"Crise dans les Grands Lacs\u00a0: Un envoy\u00e9 Sp\u00e9cial des Nations unies chez Faure Gnassingb\u00e9 - La Voix de la Nation","isPartOf":{"@id":"https:\/\/lavoixdelanation.tg\/#website"},"primaryImageOfPage":{"@id":"https:\/\/lavoixdelanation.tg\/index.php\/2025\/08\/05\/crise-dans-les-grands-lacs-un-envoye-special-des-nations-unies-chez-faure-gnassingbe\/#primaryimage"},"image":{"@id":"https:\/\/lavoixdelanation.tg\/index.php\/2025\/08\/05\/crise-dans-les-grands-lacs-un-envoye-special-des-nations-unies-chez-faure-gnassingbe\/#primaryimage"},"thumbnailUrl":"https:\/\/lavoixdelanation.tg\/wp-content\/uploads\/2025\/08\/Un-envoye-Special-des-Nations-unies-chez-Faure-Gnassingbe.jpg","datePublished":"2025-08-05T07:11:42+00:00","dateModified":"2025-08-06T07:16:16+00:00","breadcrumb":{"@id":"https:\/\/lavoixdelanation.tg\/index.php\/2025\/08\/05\/crise-dans-les-grands-lacs-un-envoye-special-des-nations-unies-chez-faure-gnassingbe\/#breadcrumb"},"inLanguage":"fr-FR","potentialAction":[{"@type":"ReadAction","target":["https:\/\/lavoixdelanation.tg\/index.php\/2025\/08\/05\/crise-dans-les-grands-lacs-un-envoye-special-des-nations-unies-chez-faure-gnassingbe\/"]}]},{"@type":"ImageObject","inLanguage":"fr-FR","@id":"https:\/\/lavoixdelanation.tg\/index.php\/2025\/08\/05\/crise-dans-les-grands-lacs-un-envoye-special-des-nations-unies-chez-faure-gnassingbe\/#primaryimage","url":"https:\/\/lavoixdelanation.tg\/wp-content\/uploads\/2025\/08\/Un-envoye-Special-des-Nations-unies-chez-Faure-Gnassingbe.jpg","contentUrl":"https:\/\/lavoixdelanation.tg\/wp-content\/uploads\/2025\/08\/Un-envoye-Special-des-Nations-unies-chez-Faure-Gnassingbe.jpg","width":800,"height":554},{"@type":"BreadcrumbList","@id":"https:\/\/lavoixdelanation.tg\/index.php\/2025\/08\/05\/crise-dans-les-grands-lacs-un-envoye-special-des-nations-unies-chez-faure-gnassingbe\/#breadcrumb","itemListElement":[{"@type":"ListItem","position":1,"name":"Accueil","item":"https:\/\/lavoixdelanation.tg\/"},{"@type":"ListItem","position":2,"name":"Crise dans les Grands Lacs\u00a0: Un envoy\u00e9 Sp\u00e9cial des Nations unies chez Faure Gnassingb\u00e9"}]},{"@type":"WebSite","@id":"https:\/\/lavoixdelanation.tg\/#website","url":"https:\/\/lavoixdelanation.tg\/","name":"La Voix de la Nation","description":"R\u00e9c\u00e9piss\u00e9 n\u00b00108\/HAAC\/01-2024\/pl\/P","publisher":{"@id":"https:\/\/lavoixdelanation.tg\/#organization"},"alternateName":"VON","potentialAction":[{"@type":"SearchAction","target":{"@type":"EntryPoint","urlTemplate":"https:\/\/lavoixdelanation.tg\/?s={search_term_string}"},"query-input":{"@type":"PropertyValueSpecification","valueRequired":true,"valueName":"search_term_string"}}],"inLanguage":"fr-FR"},{"@type":"Organization","@id":"https:\/\/lavoixdelanation.tg\/#organization","name":"La Voix de la Nation","url":"https:\/\/lavoixdelanation.tg\/","logo":{"@type":"ImageObject","inLanguage":"fr-FR","@id":"https:\/\/lavoixdelanation.tg\/#\/schema\/logo\/image\/","url":"https:\/\/lavoixdelanation.tg\/wp-content\/uploads\/2024\/12\/lavn-1.png","contentUrl":"https:\/\/lavoixdelanation.tg\/wp-content\/uploads\/2024\/12\/lavn-1.png","width":1024,"height":464,"caption":"La Voix de la Nation"},"image":{"@id":"https:\/\/lavoixdelanation.tg\/#\/schema\/logo\/image\/"},"sameAs":["https:\/\/www.facebook.com\/lavoixdelanation"]},{"@type":"Person","@id":"https:\/\/lavoixdelanation.tg\/#\/schema\/person\/6c489293aa38053673a9e554acb6e224","name":"La voix de la nation","image":{"@type":"ImageObject","inLanguage":"fr-FR","@id":"https:\/\/lavoixdelanation.tg\/#\/schema\/person\/image\/","url":"https:\/\/secure.gravatar.com\/avatar\/8aa135d4bbc794494cecaa8d483f6d6cc1023624868deaff686baed5e727a5a1?s=96&d=mm&r=g","contentUrl":"https:\/\/secure.gravatar.com\/avatar\/8aa135d4bbc794494cecaa8d483f6d6cc1023624868deaff686baed5e727a5a1?s=96&d=mm&r=g","caption":"La voix de la nation"},"sameAs":["https:\/\/lavoixdelanation.tg"],"url":"https:\/\/lavoixdelanation.tg\/index.php\/author\/lavn\/"}]}},"_links":{"self":[{"href":"https:\/\/lavoixdelanation.tg\/index.php\/wp-json\/wp\/v2\/posts\/4713","targetHints":{"allow":["GET"]}}],"collection":[{"href":"https:\/\/lavoixdelanation.tg\/index.php\/wp-json\/wp\/v2\/posts"}],"about":[{"href":"https:\/\/lavoixdelanation.tg\/index.php\/wp-json\/wp\/v2\/types\/post"}],"author":[{"embeddable":true,"href":"https:\/\/lavoixdelanation.tg\/index.php\/wp-json\/wp\/v2\/users\/1"}],"replies":[{"embeddable":true,"href":"https:\/\/lavoixdelanation.tg\/index.php\/wp-json\/wp\/v2\/comments?post=4713"}],"version-history":[{"count":2,"href":"https:\/\/lavoixdelanation.tg\/index.php\/wp-json\/wp\/v2\/posts\/4713\/revisions"}],"predecessor-version":[{"id":4716,"href":"https:\/\/lavoixdelanation.tg\/index.php\/wp-json\/wp\/v2\/posts\/4713\/revisions\/4716"}],"wp:featuredmedia":[{"embeddable":true,"href":"https:\/\/lavoixdelanation.tg\/index.php\/wp-json\/wp\/v2\/media\/4714"}],"wp:attachment":[{"href":"https:\/\/lavoixdelanation.tg\/index.php\/wp-json\/wp\/v2\/media?parent=4713"}],"wp:term":[{"taxonomy":"category","embeddable":true,"href":"https:\/\/lavoixdelanation.tg\/index.php\/wp-json\/wp\/v2\/categories?post=4713"},{"taxonomy":"post_tag","embeddable":true,"href":"https:\/\/lavoixdelanation.tg\/index.php\/wp-json\/wp\/v2\/tags?post=4713"}],"curies":[{"name":"wp","href":"https:\/\/api.w.org\/{rel}","templated":true}]}}