{"id":4689,"date":"2025-08-03T18:54:41","date_gmt":"2025-08-03T16:54:41","guid":{"rendered":"https:\/\/lavoixdelanation.tg\/?p=4689"},"modified":"2025-08-03T18:54:42","modified_gmt":"2025-08-03T16:54:42","slug":"togo-creation-de-34-nouvelles-ecoles-primaires-publiques-des-la-rentree-2025-2026","status":"publish","type":"post","link":"https:\/\/lavoixdelanation.tg\/index.php\/2025\/08\/03\/togo-creation-de-34-nouvelles-ecoles-primaires-publiques-des-la-rentree-2025-2026\/","title":{"rendered":"Togo : Cr\u00e9ation de 34 nouvelles \u00e9coles primaires publiques d\u00e8s la rentr\u00e9e 2025-2026"},"content":{"rendered":"\n<p><strong>Au Togo, 34 nouvelles Ecoles primaires publiques (EPP) seront cr\u00e9\u00e9es d\u00e8s la rentr\u00e9e scolaire 2025-2026. L\u2019arr\u00eat\u00e9 portant cr\u00e9ation de ces nouveaux \u00e9tablissements a \u00e9t\u00e9 en effet sign\u00e9 cette semaine par le ministre des Enseignements primaire et secondaire, Pr. Dodzi Kokoroko.<\/strong><\/p>\n\n\n\n<p>Selon le gouvernement, la d\u00e9marche vise \u00e0 rendre l\u2019\u00e9ducation de base plus accessible et inclusive. Elle r\u00e9pond notamment \u00e0 un besoin pressant de d\u00e9sengorgement et de proximit\u00e9 \u00e9ducative, notamment dans les zones rurales.<\/p>\n\n\n\n<p>\u00ab La n\u00e9cessit\u00e9 de service \u00bb a motiv\u00e9 cette expansion, explique le minist\u00e8re des enseignements primaire et secondaire. La r\u00e9partition des nouvelles \u00e9coles couvre l\u2019ensemble des Directions r\u00e9gionales de l\u2019\u00e9ducation (DRE), du Grand Lom\u00e9 aux Savanes, en passant par la Maritime, la Centrale, Kara et les Plateaux.<\/p>\n\n\n\n<p>Ainsi, le Grand Lom\u00e9 devra accueillir 07 nouvelles \u00e9coles, r\u00e9parties entre Ago\u00e8-Nyiv\u00e9 et le Golfe, notamment \u00e0 Yokoe Kopegan, Zovadjin, Lom\u00e9nyokope, Agotim\u00e9, Ako\u00efn, Alinka et Vakpossito.<\/p>\n\n\n\n<p>Dans la Maritime, 8 \u00c9coles primaires publiques verront le jour, tandis que les Plateaux Est et Ouest en comptent 3 \u00c9coles primaires publiques chacune. La r\u00e9gion Centrale enregistre cinq nouvelles structures, Kara trois et les Savanes cinq, dont l\u2019EPP Sanlegdjimoni \u00e0 Tone et l\u2019EPP Konada dans la pr\u00e9fecture de Blitta.<\/p>\n","protected":false},"excerpt":{"rendered":"<p>Au Togo, 34 nouvelles Ecoles primaires publiques (EPP) seront cr\u00e9\u00e9es d\u00e8s la rentr\u00e9e scolaire 2025-2026. L\u2019arr\u00eat\u00e9 portant cr\u00e9ation de ces nouveaux \u00e9tablissements a \u00e9t\u00e9 en effet sign\u00e9 cette semaine par&hellip; <\/p>\n","protected":false},"author":1,"featured_media":4690,"comment_status":"open","ping_status":"open","sticky":false,"template":"","format":"standard","meta":{"footnotes":""},"categories":[10],"tags":[],"class_list":["post-4689","post","type-post","status-publish","format-standard","has-post-thumbnail","hentry","category-education"],"yoast_head":"<!-- This site is optimized with the Yoast SEO plugin v26.4 - https:\/\/yoast.com\/wordpress\/plugins\/seo\/ -->\n<title>Togo : Cr\u00e9ation de 34 nouvelles \u00e9coles primaires publiques d\u00e8s la rentr\u00e9e 2025-2026 - La Voix de la Nation<\/title>\n<meta name=\"robots\" content=\"index, follow, max-snippet:-1, max-image-preview:large, max-video-preview:-1\" \/>\n<link rel=\"canonical\" href=\"https:\/\/lavoixdelanation.tg\/index.php\/2025\/08\/03\/togo-creation-de-34-nouvelles-ecoles-primaires-publiques-des-la-rentree-2025-2026\/\" \/>\n<meta property=\"og:locale\" content=\"fr_FR\" \/>\n<meta property=\"og:type\" content=\"article\" \/>\n<meta property=\"og:title\" content=\"Togo : Cr\u00e9ation de 34 nouvelles \u00e9coles primaires publiques d\u00e8s la rentr\u00e9e 2025-2026 - La Voix de la Nation\" \/>\n<meta property=\"og:description\" content=\"Au Togo, 34 nouvelles Ecoles primaires publiques (EPP) seront cr\u00e9\u00e9es d\u00e8s la rentr\u00e9e scolaire 2025-2026. L\u2019arr\u00eat\u00e9 portant cr\u00e9ation de ces nouveaux \u00e9tablissements a \u00e9t\u00e9 en effet sign\u00e9 cette semaine par&hellip;\" \/>\n<meta property=\"og:url\" content=\"https:\/\/lavoixdelanation.tg\/index.php\/2025\/08\/03\/togo-creation-de-34-nouvelles-ecoles-primaires-publiques-des-la-rentree-2025-2026\/\" \/>\n<meta property=\"og:site_name\" content=\"La Voix de la Nation\" \/>\n<meta property=\"article:publisher\" content=\"https:\/\/www.facebook.com\/lavoixdelanation\" \/>\n<meta property=\"article:published_time\" content=\"2025-08-03T16:54:41+00:00\" \/>\n<meta property=\"article:modified_time\" content=\"2025-08-03T16:54:42+00:00\" \/>\n<meta property=\"og:image\" content=\"https:\/\/lavoixdelanation.tg\/wp-content\/uploads\/2025\/08\/Prof-Dodzi-Kokoroko-Ministre-des-Enseignements-primaire-et-secondaire.jpg\" \/>\n\t<meta property=\"og:image:width\" content=\"650\" \/>\n\t<meta property=\"og:image:height\" content=\"421\" \/>\n\t<meta property=\"og:image:type\" content=\"image\/jpeg\" \/>\n<meta name=\"author\" content=\"La voix de la nation\" \/>\n<meta name=\"twitter:card\" content=\"summary_large_image\" \/>\n<meta name=\"twitter:label1\" content=\"\u00c9crit par\" \/>\n\t<meta name=\"twitter:data1\" content=\"La voix de la nation\" \/>\n\t<meta name=\"twitter:label2\" content=\"Dur\u00e9e de lecture estim\u00e9e\" \/>\n\t<meta name=\"twitter:data2\" content=\"2 minutes\" \/>\n<script type=\"application\/ld+json\" class=\"yoast-schema-graph\">{\"@context\":\"https:\/\/schema.org\",\"@graph\":[{\"@type\":\"Article\",\"@id\":\"https:\/\/lavoixdelanation.tg\/index.php\/2025\/08\/03\/togo-creation-de-34-nouvelles-ecoles-primaires-publiques-des-la-rentree-2025-2026\/#article\",\"isPartOf\":{\"@id\":\"https:\/\/lavoixdelanation.tg\/index.php\/2025\/08\/03\/togo-creation-de-34-nouvelles-ecoles-primaires-publiques-des-la-rentree-2025-2026\/\"},\"author\":{\"name\":\"La voix de la nation\",\"@id\":\"https:\/\/lavoixdelanation.tg\/#\/schema\/person\/6c489293aa38053673a9e554acb6e224\"},\"headline\":\"Togo : Cr\u00e9ation de 34 nouvelles \u00e9coles primaires publiques d\u00e8s la rentr\u00e9e 2025-2026\",\"datePublished\":\"2025-08-03T16:54:41+00:00\",\"dateModified\":\"2025-08-03T16:54:42+00:00\",\"mainEntityOfPage\":{\"@id\":\"https:\/\/lavoixdelanation.tg\/index.php\/2025\/08\/03\/togo-creation-de-34-nouvelles-ecoles-primaires-publiques-des-la-rentree-2025-2026\/\"},\"wordCount\":224,\"commentCount\":0,\"publisher\":{\"@id\":\"https:\/\/lavoixdelanation.tg\/#organization\"},\"image\":{\"@id\":\"https:\/\/lavoixdelanation.tg\/index.php\/2025\/08\/03\/togo-creation-de-34-nouvelles-ecoles-primaires-publiques-des-la-rentree-2025-2026\/#primaryimage\"},\"thumbnailUrl\":\"https:\/\/lavoixdelanation.tg\/wp-content\/uploads\/2025\/08\/Prof-Dodzi-Kokoroko-Ministre-des-Enseignements-primaire-et-secondaire.jpg\",\"articleSection\":[\"Education\"],\"inLanguage\":\"fr-FR\",\"potentialAction\":[{\"@type\":\"CommentAction\",\"name\":\"Comment\",\"target\":[\"https:\/\/lavoixdelanation.tg\/index.php\/2025\/08\/03\/togo-creation-de-34-nouvelles-ecoles-primaires-publiques-des-la-rentree-2025-2026\/#respond\"]}]},{\"@type\":\"WebPage\",\"@id\":\"https:\/\/lavoixdelanation.tg\/index.php\/2025\/08\/03\/togo-creation-de-34-nouvelles-ecoles-primaires-publiques-des-la-rentree-2025-2026\/\",\"url\":\"https:\/\/lavoixdelanation.tg\/index.php\/2025\/08\/03\/togo-creation-de-34-nouvelles-ecoles-primaires-publiques-des-la-rentree-2025-2026\/\",\"name\":\"Togo : Cr\u00e9ation de 34 nouvelles \u00e9coles primaires publiques d\u00e8s la rentr\u00e9e 2025-2026 - La Voix de la Nation\",\"isPartOf\":{\"@id\":\"https:\/\/lavoixdelanation.tg\/#website\"},\"primaryImageOfPage\":{\"@id\":\"https:\/\/lavoixdelanation.tg\/index.php\/2025\/08\/03\/togo-creation-de-34-nouvelles-ecoles-primaires-publiques-des-la-rentree-2025-2026\/#primaryimage\"},\"image\":{\"@id\":\"https:\/\/lavoixdelanation.tg\/index.php\/2025\/08\/03\/togo-creation-de-34-nouvelles-ecoles-primaires-publiques-des-la-rentree-2025-2026\/#primaryimage\"},\"thumbnailUrl\":\"https:\/\/lavoixdelanation.tg\/wp-content\/uploads\/2025\/08\/Prof-Dodzi-Kokoroko-Ministre-des-Enseignements-primaire-et-secondaire.jpg\",\"datePublished\":\"2025-08-03T16:54:41+00:00\",\"dateModified\":\"2025-08-03T16:54:42+00:00\",\"breadcrumb\":{\"@id\":\"https:\/\/lavoixdelanation.tg\/index.php\/2025\/08\/03\/togo-creation-de-34-nouvelles-ecoles-primaires-publiques-des-la-rentree-2025-2026\/#breadcrumb\"},\"inLanguage\":\"fr-FR\",\"potentialAction\":[{\"@type\":\"ReadAction\",\"target\":[\"https:\/\/lavoixdelanation.tg\/index.php\/2025\/08\/03\/togo-creation-de-34-nouvelles-ecoles-primaires-publiques-des-la-rentree-2025-2026\/\"]}]},{\"@type\":\"ImageObject\",\"inLanguage\":\"fr-FR\",\"@id\":\"https:\/\/lavoixdelanation.tg\/index.php\/2025\/08\/03\/togo-creation-de-34-nouvelles-ecoles-primaires-publiques-des-la-rentree-2025-2026\/#primaryimage\",\"url\":\"https:\/\/lavoixdelanation.tg\/wp-content\/uploads\/2025\/08\/Prof-Dodzi-Kokoroko-Ministre-des-Enseignements-primaire-et-secondaire.jpg\",\"contentUrl\":\"https:\/\/lavoixdelanation.tg\/wp-content\/uploads\/2025\/08\/Prof-Dodzi-Kokoroko-Ministre-des-Enseignements-primaire-et-secondaire.jpg\",\"width\":650,\"height\":421,\"caption\":\"Prof Dodzi Kokoroko, Ministre des Enseignements primaire et secondaire\"},{\"@type\":\"BreadcrumbList\",\"@id\":\"https:\/\/lavoixdelanation.tg\/index.php\/2025\/08\/03\/togo-creation-de-34-nouvelles-ecoles-primaires-publiques-des-la-rentree-2025-2026\/#breadcrumb\",\"itemListElement\":[{\"@type\":\"ListItem\",\"position\":1,\"name\":\"Accueil\",\"item\":\"https:\/\/lavoixdelanation.tg\/\"},{\"@type\":\"ListItem\",\"position\":2,\"name\":\"Togo : Cr\u00e9ation de 34 nouvelles \u00e9coles primaires publiques d\u00e8s la rentr\u00e9e 2025-2026\"}]},{\"@type\":\"WebSite\",\"@id\":\"https:\/\/lavoixdelanation.tg\/#website\",\"url\":\"https:\/\/lavoixdelanation.tg\/\",\"name\":\"La Voix de la Nation\",\"description\":\"R\u00e9c\u00e9piss\u00e9 n\u00b00108\/HAAC\/01-2024\/pl\/P\",\"publisher\":{\"@id\":\"https:\/\/lavoixdelanation.tg\/#organization\"},\"alternateName\":\"VON\",\"potentialAction\":[{\"@type\":\"SearchAction\",\"target\":{\"@type\":\"EntryPoint\",\"urlTemplate\":\"https:\/\/lavoixdelanation.tg\/?s={search_term_string}\"},\"query-input\":{\"@type\":\"PropertyValueSpecification\",\"valueRequired\":true,\"valueName\":\"search_term_string\"}}],\"inLanguage\":\"fr-FR\"},{\"@type\":\"Organization\",\"@id\":\"https:\/\/lavoixdelanation.tg\/#organization\",\"name\":\"La Voix de la Nation\",\"url\":\"https:\/\/lavoixdelanation.tg\/\",\"logo\":{\"@type\":\"ImageObject\",\"inLanguage\":\"fr-FR\",\"@id\":\"https:\/\/lavoixdelanation.tg\/#\/schema\/logo\/image\/\",\"url\":\"https:\/\/lavoixdelanation.tg\/wp-content\/uploads\/2024\/12\/lavn-1.png\",\"contentUrl\":\"https:\/\/lavoixdelanation.tg\/wp-content\/uploads\/2024\/12\/lavn-1.png\",\"width\":1024,\"height\":464,\"caption\":\"La Voix de la Nation\"},\"image\":{\"@id\":\"https:\/\/lavoixdelanation.tg\/#\/schema\/logo\/image\/\"},\"sameAs\":[\"https:\/\/www.facebook.com\/lavoixdelanation\"]},{\"@type\":\"Person\",\"@id\":\"https:\/\/lavoixdelanation.tg\/#\/schema\/person\/6c489293aa38053673a9e554acb6e224\",\"name\":\"La voix de la nation\",\"image\":{\"@type\":\"ImageObject\",\"inLanguage\":\"fr-FR\",\"@id\":\"https:\/\/lavoixdelanation.tg\/#\/schema\/person\/image\/\",\"url\":\"https:\/\/secure.gravatar.com\/avatar\/8aa135d4bbc794494cecaa8d483f6d6cc1023624868deaff686baed5e727a5a1?s=96&d=mm&r=g\",\"contentUrl\":\"https:\/\/secure.gravatar.com\/avatar\/8aa135d4bbc794494cecaa8d483f6d6cc1023624868deaff686baed5e727a5a1?s=96&d=mm&r=g\",\"caption\":\"La voix de la nation\"},\"sameAs\":[\"https:\/\/lavoixdelanation.tg\"],\"url\":\"https:\/\/lavoixdelanation.tg\/index.php\/author\/lavn\/\"}]}<\/script>\n<!-- \/ Yoast SEO plugin. -->","yoast_head_json":{"title":"Togo : Cr\u00e9ation de 34 nouvelles \u00e9coles primaires publiques d\u00e8s la rentr\u00e9e 2025-2026 - La Voix de la Nation","robots":{"index":"index","follow":"follow","max-snippet":"max-snippet:-1","max-image-preview":"max-image-preview:large","max-video-preview":"max-video-preview:-1"},"canonical":"https:\/\/lavoixdelanation.tg\/index.php\/2025\/08\/03\/togo-creation-de-34-nouvelles-ecoles-primaires-publiques-des-la-rentree-2025-2026\/","og_locale":"fr_FR","og_type":"article","og_title":"Togo : Cr\u00e9ation de 34 nouvelles \u00e9coles primaires publiques d\u00e8s la rentr\u00e9e 2025-2026 - La Voix de la Nation","og_description":"Au Togo, 34 nouvelles Ecoles primaires publiques (EPP) seront cr\u00e9\u00e9es d\u00e8s la rentr\u00e9e scolaire 2025-2026. L\u2019arr\u00eat\u00e9 portant cr\u00e9ation de ces nouveaux \u00e9tablissements a \u00e9t\u00e9 en effet sign\u00e9 cette semaine par&hellip;","og_url":"https:\/\/lavoixdelanation.tg\/index.php\/2025\/08\/03\/togo-creation-de-34-nouvelles-ecoles-primaires-publiques-des-la-rentree-2025-2026\/","og_site_name":"La Voix de la Nation","article_publisher":"https:\/\/www.facebook.com\/lavoixdelanation","article_published_time":"2025-08-03T16:54:41+00:00","article_modified_time":"2025-08-03T16:54:42+00:00","og_image":[{"width":650,"height":421,"url":"https:\/\/lavoixdelanation.tg\/wp-content\/uploads\/2025\/08\/Prof-Dodzi-Kokoroko-Ministre-des-Enseignements-primaire-et-secondaire.jpg","type":"image\/jpeg"}],"author":"La voix de la nation","twitter_card":"summary_large_image","twitter_misc":{"\u00c9crit par":"La voix de la nation","Dur\u00e9e de lecture estim\u00e9e":"2 minutes"},"schema":{"@context":"https:\/\/schema.org","@graph":[{"@type":"Article","@id":"https:\/\/lavoixdelanation.tg\/index.php\/2025\/08\/03\/togo-creation-de-34-nouvelles-ecoles-primaires-publiques-des-la-rentree-2025-2026\/#article","isPartOf":{"@id":"https:\/\/lavoixdelanation.tg\/index.php\/2025\/08\/03\/togo-creation-de-34-nouvelles-ecoles-primaires-publiques-des-la-rentree-2025-2026\/"},"author":{"name":"La voix de la nation","@id":"https:\/\/lavoixdelanation.tg\/#\/schema\/person\/6c489293aa38053673a9e554acb6e224"},"headline":"Togo : Cr\u00e9ation de 34 nouvelles \u00e9coles primaires publiques d\u00e8s la rentr\u00e9e 2025-2026","datePublished":"2025-08-03T16:54:41+00:00","dateModified":"2025-08-03T16:54:42+00:00","mainEntityOfPage":{"@id":"https:\/\/lavoixdelanation.tg\/index.php\/2025\/08\/03\/togo-creation-de-34-nouvelles-ecoles-primaires-publiques-des-la-rentree-2025-2026\/"},"wordCount":224,"commentCount":0,"publisher":{"@id":"https:\/\/lavoixdelanation.tg\/#organization"},"image":{"@id":"https:\/\/lavoixdelanation.tg\/index.php\/2025\/08\/03\/togo-creation-de-34-nouvelles-ecoles-primaires-publiques-des-la-rentree-2025-2026\/#primaryimage"},"thumbnailUrl":"https:\/\/lavoixdelanation.tg\/wp-content\/uploads\/2025\/08\/Prof-Dodzi-Kokoroko-Ministre-des-Enseignements-primaire-et-secondaire.jpg","articleSection":["Education"],"inLanguage":"fr-FR","potentialAction":[{"@type":"CommentAction","name":"Comment","target":["https:\/\/lavoixdelanation.tg\/index.php\/2025\/08\/03\/togo-creation-de-34-nouvelles-ecoles-primaires-publiques-des-la-rentree-2025-2026\/#respond"]}]},{"@type":"WebPage","@id":"https:\/\/lavoixdelanation.tg\/index.php\/2025\/08\/03\/togo-creation-de-34-nouvelles-ecoles-primaires-publiques-des-la-rentree-2025-2026\/","url":"https:\/\/lavoixdelanation.tg\/index.php\/2025\/08\/03\/togo-creation-de-34-nouvelles-ecoles-primaires-publiques-des-la-rentree-2025-2026\/","name":"Togo : Cr\u00e9ation de 34 nouvelles \u00e9coles primaires publiques d\u00e8s la rentr\u00e9e 2025-2026 - La Voix de la Nation","isPartOf":{"@id":"https:\/\/lavoixdelanation.tg\/#website"},"primaryImageOfPage":{"@id":"https:\/\/lavoixdelanation.tg\/index.php\/2025\/08\/03\/togo-creation-de-34-nouvelles-ecoles-primaires-publiques-des-la-rentree-2025-2026\/#primaryimage"},"image":{"@id":"https:\/\/lavoixdelanation.tg\/index.php\/2025\/08\/03\/togo-creation-de-34-nouvelles-ecoles-primaires-publiques-des-la-rentree-2025-2026\/#primaryimage"},"thumbnailUrl":"https:\/\/lavoixdelanation.tg\/wp-content\/uploads\/2025\/08\/Prof-Dodzi-Kokoroko-Ministre-des-Enseignements-primaire-et-secondaire.jpg","datePublished":"2025-08-03T16:54:41+00:00","dateModified":"2025-08-03T16:54:42+00:00","breadcrumb":{"@id":"https:\/\/lavoixdelanation.tg\/index.php\/2025\/08\/03\/togo-creation-de-34-nouvelles-ecoles-primaires-publiques-des-la-rentree-2025-2026\/#breadcrumb"},"inLanguage":"fr-FR","potentialAction":[{"@type":"ReadAction","target":["https:\/\/lavoixdelanation.tg\/index.php\/2025\/08\/03\/togo-creation-de-34-nouvelles-ecoles-primaires-publiques-des-la-rentree-2025-2026\/"]}]},{"@type":"ImageObject","inLanguage":"fr-FR","@id":"https:\/\/lavoixdelanation.tg\/index.php\/2025\/08\/03\/togo-creation-de-34-nouvelles-ecoles-primaires-publiques-des-la-rentree-2025-2026\/#primaryimage","url":"https:\/\/lavoixdelanation.tg\/wp-content\/uploads\/2025\/08\/Prof-Dodzi-Kokoroko-Ministre-des-Enseignements-primaire-et-secondaire.jpg","contentUrl":"https:\/\/lavoixdelanation.tg\/wp-content\/uploads\/2025\/08\/Prof-Dodzi-Kokoroko-Ministre-des-Enseignements-primaire-et-secondaire.jpg","width":650,"height":421,"caption":"Prof Dodzi Kokoroko, Ministre des Enseignements primaire et secondaire"},{"@type":"BreadcrumbList","@id":"https:\/\/lavoixdelanation.tg\/index.php\/2025\/08\/03\/togo-creation-de-34-nouvelles-ecoles-primaires-publiques-des-la-rentree-2025-2026\/#breadcrumb","itemListElement":[{"@type":"ListItem","position":1,"name":"Accueil","item":"https:\/\/lavoixdelanation.tg\/"},{"@type":"ListItem","position":2,"name":"Togo : Cr\u00e9ation de 34 nouvelles \u00e9coles primaires publiques d\u00e8s la rentr\u00e9e 2025-2026"}]},{"@type":"WebSite","@id":"https:\/\/lavoixdelanation.tg\/#website","url":"https:\/\/lavoixdelanation.tg\/","name":"La Voix de la Nation","description":"R\u00e9c\u00e9piss\u00e9 n\u00b00108\/HAAC\/01-2024\/pl\/P","publisher":{"@id":"https:\/\/lavoixdelanation.tg\/#organization"},"alternateName":"VON","potentialAction":[{"@type":"SearchAction","target":{"@type":"EntryPoint","urlTemplate":"https:\/\/lavoixdelanation.tg\/?s={search_term_string}"},"query-input":{"@type":"PropertyValueSpecification","valueRequired":true,"valueName":"search_term_string"}}],"inLanguage":"fr-FR"},{"@type":"Organization","@id":"https:\/\/lavoixdelanation.tg\/#organization","name":"La Voix de la Nation","url":"https:\/\/lavoixdelanation.tg\/","logo":{"@type":"ImageObject","inLanguage":"fr-FR","@id":"https:\/\/lavoixdelanation.tg\/#\/schema\/logo\/image\/","url":"https:\/\/lavoixdelanation.tg\/wp-content\/uploads\/2024\/12\/lavn-1.png","contentUrl":"https:\/\/lavoixdelanation.tg\/wp-content\/uploads\/2024\/12\/lavn-1.png","width":1024,"height":464,"caption":"La Voix de la Nation"},"image":{"@id":"https:\/\/lavoixdelanation.tg\/#\/schema\/logo\/image\/"},"sameAs":["https:\/\/www.facebook.com\/lavoixdelanation"]},{"@type":"Person","@id":"https:\/\/lavoixdelanation.tg\/#\/schema\/person\/6c489293aa38053673a9e554acb6e224","name":"La voix de la nation","image":{"@type":"ImageObject","inLanguage":"fr-FR","@id":"https:\/\/lavoixdelanation.tg\/#\/schema\/person\/image\/","url":"https:\/\/secure.gravatar.com\/avatar\/8aa135d4bbc794494cecaa8d483f6d6cc1023624868deaff686baed5e727a5a1?s=96&d=mm&r=g","contentUrl":"https:\/\/secure.gravatar.com\/avatar\/8aa135d4bbc794494cecaa8d483f6d6cc1023624868deaff686baed5e727a5a1?s=96&d=mm&r=g","caption":"La voix de la nation"},"sameAs":["https:\/\/lavoixdelanation.tg"],"url":"https:\/\/lavoixdelanation.tg\/index.php\/author\/lavn\/"}]}},"_links":{"self":[{"href":"https:\/\/lavoixdelanation.tg\/index.php\/wp-json\/wp\/v2\/posts\/4689","targetHints":{"allow":["GET"]}}],"collection":[{"href":"https:\/\/lavoixdelanation.tg\/index.php\/wp-json\/wp\/v2\/posts"}],"about":[{"href":"https:\/\/lavoixdelanation.tg\/index.php\/wp-json\/wp\/v2\/types\/post"}],"author":[{"embeddable":true,"href":"https:\/\/lavoixdelanation.tg\/index.php\/wp-json\/wp\/v2\/users\/1"}],"replies":[{"embeddable":true,"href":"https:\/\/lavoixdelanation.tg\/index.php\/wp-json\/wp\/v2\/comments?post=4689"}],"version-history":[{"count":1,"href":"https:\/\/lavoixdelanation.tg\/index.php\/wp-json\/wp\/v2\/posts\/4689\/revisions"}],"predecessor-version":[{"id":4691,"href":"https:\/\/lavoixdelanation.tg\/index.php\/wp-json\/wp\/v2\/posts\/4689\/revisions\/4691"}],"wp:featuredmedia":[{"embeddable":true,"href":"https:\/\/lavoixdelanation.tg\/index.php\/wp-json\/wp\/v2\/media\/4690"}],"wp:attachment":[{"href":"https:\/\/lavoixdelanation.tg\/index.php\/wp-json\/wp\/v2\/media?parent=4689"}],"wp:term":[{"taxonomy":"category","embeddable":true,"href":"https:\/\/lavoixdelanation.tg\/index.php\/wp-json\/wp\/v2\/categories?post=4689"},{"taxonomy":"post_tag","embeddable":true,"href":"https:\/\/lavoixdelanation.tg\/index.php\/wp-json\/wp\/v2\/tags?post=4689"}],"curies":[{"name":"wp","href":"https:\/\/api.w.org\/{rel}","templated":true}]}}