{"id":4683,"date":"2025-08-03T18:25:59","date_gmt":"2025-08-03T16:25:59","guid":{"rendered":"https:\/\/lavoixdelanation.tg\/?p=4683"},"modified":"2025-08-03T18:25:59","modified_gmt":"2025-08-03T16:25:59","slug":"efofat-bapteme-de-la-29e-promotion-et-remise-depaulettes-de-sous-lieutenant-aux-eleves-officiers-de-la-28e-promotion","status":"publish","type":"post","link":"https:\/\/lavoixdelanation.tg\/index.php\/2025\/08\/03\/efofat-bapteme-de-la-29e-promotion-et-remise-depaulettes-de-sous-lieutenant-aux-eleves-officiers-de-la-28e-promotion\/","title":{"rendered":"EFOFAT\u00a0: Bapt\u00eame de la 29\u00e8 promotion et remise d\u2019\u00e9paulettes de sous-lieutenant aux \u00e9l\u00e8ves officiers de la 28\u00e8 promotion"},"content":{"rendered":"\n<p><strong>Une double c\u00e9r\u00e9monie s\u2019est d\u00e9roul\u00e9e ce 31 juillet 2025 \u00e0 l\u2019\u00c9cole de formation des officiers des forces arm\u00e9es togolaises (EFOFAT) \u00e0 Pya. D\u2019abord le bapt\u00eame des El\u00e8ves officiers d\u2019active de premi\u00e8re ann\u00e9e (EOA1) de la 29<sup>e<\/sup>&nbsp;promotion, baptis\u00e9e \u00ab 5 f\u00e9vrier \u00bb, et la remise des \u00e9paulettes de sous-lieutenant aux El\u00e8ves officiers de deuxi\u00e8me ann\u00e9e (EOA2) de la 28<sup>e&nbsp;<\/sup>promotion, dite \u00ab Abn\u00e9gation \u00bb.<\/strong><\/p>\n\n\n\n<p>C\u2019est le chef d\u2019\u00e9tat-major g\u00e9n\u00e9ral, le G\u00e9n\u00e9ral de Brigade ALLAHARE Dimini qui a pr\u00e9sid\u00e9 cette c\u00e9r\u00e9monie en pr\u00e9sence du pr\u00e9sident du S\u00e9nat Barry Moussa BARQUE (parrain de la promotion \u00ab 5 f\u00e9vrier \u00bb), et de nombreuses autorit\u00e9s civiles, militaires, religieuses, traditionnelles de m\u00eame que les familles et amis des \u00e9l\u00e8ves officiers.<\/p>\n\n\n\n<p>Selon le minist\u00e8re des arm\u00e9es, au total 68 \u00e9l\u00e8ves officiers d\u2019active de deuxi\u00e8me ann\u00e9e, entr\u00e9s \u00e0 l\u2019\u00e9cole le 25 octobre 2023, ont re\u00e7u leurs \u00e9paulettes de sous-lieutenant, marquant l\u2019aboutissement de deux ann\u00e9es de formation exigeante.<\/p>\n\n\n\n<p>Au rang des r\u00e9cipiendaires, figurent deux B\u00e9ninois, deux Burkinab\u00e8, un Centrafricain, un Congolais (Brazzaville), deux Ivoiriens, deux Guin\u00e9ens, deux Maliens, deux Nig\u00e9riens, trois Tchadiens et 51 Togolais.<\/p>\n\n\n\n<p>D\u00e9sormais, leur mission est claire :&nbsp;commander avec comp\u00e9tence, exemplarit\u00e9 et sens du devoir.<\/p>\n\n\n\n<p>Dans la foul\u00e9e, les jeunes sous-lieutenants ont pr\u00eat\u00e9 serment de servir leur patrie avec fid\u00e9lit\u00e9, loyaut\u00e9 et justice, avant d\u2019adresser leur premier salut militaire au chef d\u2019\u00e9tat-major g\u00e9n\u00e9ral. Par ce geste, ils int\u00e8grent officiellement le corps des officiers des FAT et des arm\u00e9es s\u0153urs de la sous-r\u00e9gion.<\/p>\n\n\n\n<p>Quant aux El\u00e8ves officiers d\u2019active de premi\u00e8re ann\u00e9e (EOA1), ils ont \u00e9t\u00e9 baptis\u00e9s \u00ab promotion 5 f\u00e9vrier \u00bb, en r\u00e9f\u00e9rence \u00e0 une date symbolique de l\u2019histoire du Togo.<\/p>\n\n\n\n<p>D\u2019un effectif de 71 \u00e9l\u00e8ves officiers, la promotion affiche un taux de r\u00e9ussite de 92,95 % \u00e0 l\u2019issue de sa premi\u00e8re ann\u00e9e. Fid\u00e8les \u00e0 la tradition, les jeunes sous-lieutenants leur ont transmis le flambeau de l\u2019\u00e9cole, ainsi que la garde du drapeau, symbole de l\u2019esprit et des valeurs de l\u2019EFOFAT.<\/p>\n","protected":false},"excerpt":{"rendered":"<p>Une double c\u00e9r\u00e9monie s\u2019est d\u00e9roul\u00e9e ce 31 juillet 2025 \u00e0 l\u2019\u00c9cole de formation des officiers des forces arm\u00e9es togolaises (EFOFAT) \u00e0 Pya. D\u2019abord le bapt\u00eame des El\u00e8ves officiers d\u2019active de&hellip; <\/p>\n","protected":false},"author":1,"featured_media":4684,"comment_status":"open","ping_status":"open","sticky":false,"template":"","format":"standard","meta":{"footnotes":""},"categories":[10],"tags":[],"class_list":["post-4683","post","type-post","status-publish","format-standard","has-post-thumbnail","hentry","category-education"],"yoast_head":"<!-- This site is optimized with the Yoast SEO plugin v26.4 - https:\/\/yoast.com\/wordpress\/plugins\/seo\/ -->\n<title>EFOFAT\u00a0: Bapt\u00eame de la 29\u00e8 promotion et remise d\u2019\u00e9paulettes de sous-lieutenant aux \u00e9l\u00e8ves officiers de la 28\u00e8 promotion - La Voix de la Nation<\/title>\n<meta name=\"robots\" content=\"index, follow, max-snippet:-1, max-image-preview:large, max-video-preview:-1\" \/>\n<link rel=\"canonical\" href=\"https:\/\/lavoixdelanation.tg\/index.php\/2025\/08\/03\/efofat-bapteme-de-la-29e-promotion-et-remise-depaulettes-de-sous-lieutenant-aux-eleves-officiers-de-la-28e-promotion\/\" \/>\n<meta property=\"og:locale\" content=\"fr_FR\" \/>\n<meta property=\"og:type\" content=\"article\" \/>\n<meta property=\"og:title\" content=\"EFOFAT\u00a0: Bapt\u00eame de la 29\u00e8 promotion et remise d\u2019\u00e9paulettes de sous-lieutenant aux \u00e9l\u00e8ves officiers de la 28\u00e8 promotion - La Voix de la Nation\" \/>\n<meta property=\"og:description\" content=\"Une double c\u00e9r\u00e9monie s\u2019est d\u00e9roul\u00e9e ce 31 juillet 2025 \u00e0 l\u2019\u00c9cole de formation des officiers des forces arm\u00e9es togolaises (EFOFAT) \u00e0 Pya. D\u2019abord le bapt\u00eame des El\u00e8ves officiers d\u2019active de&hellip;\" \/>\n<meta property=\"og:url\" content=\"https:\/\/lavoixdelanation.tg\/index.php\/2025\/08\/03\/efofat-bapteme-de-la-29e-promotion-et-remise-depaulettes-de-sous-lieutenant-aux-eleves-officiers-de-la-28e-promotion\/\" \/>\n<meta property=\"og:site_name\" content=\"La Voix de la Nation\" \/>\n<meta property=\"article:publisher\" content=\"https:\/\/www.facebook.com\/lavoixdelanation\" \/>\n<meta property=\"article:published_time\" content=\"2025-08-03T16:25:59+00:00\" \/>\n<meta property=\"og:image\" content=\"https:\/\/lavoixdelanation.tg\/wp-content\/uploads\/2025\/08\/Remise-depaulettes-aux-eleves-de-lEFOFAT-au-Togo.jpg\" \/>\n\t<meta property=\"og:image:width\" content=\"650\" \/>\n\t<meta property=\"og:image:height\" content=\"430\" \/>\n\t<meta property=\"og:image:type\" content=\"image\/jpeg\" \/>\n<meta name=\"author\" content=\"La voix de la nation\" \/>\n<meta name=\"twitter:card\" content=\"summary_large_image\" \/>\n<meta name=\"twitter:label1\" content=\"\u00c9crit par\" \/>\n\t<meta name=\"twitter:data1\" content=\"La voix de la nation\" \/>\n\t<meta name=\"twitter:label2\" content=\"Dur\u00e9e de lecture estim\u00e9e\" \/>\n\t<meta name=\"twitter:data2\" content=\"2 minutes\" \/>\n<script type=\"application\/ld+json\" class=\"yoast-schema-graph\">{\"@context\":\"https:\/\/schema.org\",\"@graph\":[{\"@type\":\"Article\",\"@id\":\"https:\/\/lavoixdelanation.tg\/index.php\/2025\/08\/03\/efofat-bapteme-de-la-29e-promotion-et-remise-depaulettes-de-sous-lieutenant-aux-eleves-officiers-de-la-28e-promotion\/#article\",\"isPartOf\":{\"@id\":\"https:\/\/lavoixdelanation.tg\/index.php\/2025\/08\/03\/efofat-bapteme-de-la-29e-promotion-et-remise-depaulettes-de-sous-lieutenant-aux-eleves-officiers-de-la-28e-promotion\/\"},\"author\":{\"name\":\"La voix de la nation\",\"@id\":\"https:\/\/lavoixdelanation.tg\/#\/schema\/person\/6c489293aa38053673a9e554acb6e224\"},\"headline\":\"EFOFAT\u00a0: Bapt\u00eame de la 29\u00e8 promotion et remise d\u2019\u00e9paulettes de sous-lieutenant aux \u00e9l\u00e8ves officiers de la 28\u00e8 promotion\",\"datePublished\":\"2025-08-03T16:25:59+00:00\",\"mainEntityOfPage\":{\"@id\":\"https:\/\/lavoixdelanation.tg\/index.php\/2025\/08\/03\/efofat-bapteme-de-la-29e-promotion-et-remise-depaulettes-de-sous-lieutenant-aux-eleves-officiers-de-la-28e-promotion\/\"},\"wordCount\":393,\"commentCount\":0,\"publisher\":{\"@id\":\"https:\/\/lavoixdelanation.tg\/#organization\"},\"image\":{\"@id\":\"https:\/\/lavoixdelanation.tg\/index.php\/2025\/08\/03\/efofat-bapteme-de-la-29e-promotion-et-remise-depaulettes-de-sous-lieutenant-aux-eleves-officiers-de-la-28e-promotion\/#primaryimage\"},\"thumbnailUrl\":\"https:\/\/lavoixdelanation.tg\/wp-content\/uploads\/2025\/08\/Remise-depaulettes-aux-eleves-de-lEFOFAT-au-Togo.jpg\",\"articleSection\":[\"Education\"],\"inLanguage\":\"fr-FR\",\"potentialAction\":[{\"@type\":\"CommentAction\",\"name\":\"Comment\",\"target\":[\"https:\/\/lavoixdelanation.tg\/index.php\/2025\/08\/03\/efofat-bapteme-de-la-29e-promotion-et-remise-depaulettes-de-sous-lieutenant-aux-eleves-officiers-de-la-28e-promotion\/#respond\"]}]},{\"@type\":\"WebPage\",\"@id\":\"https:\/\/lavoixdelanation.tg\/index.php\/2025\/08\/03\/efofat-bapteme-de-la-29e-promotion-et-remise-depaulettes-de-sous-lieutenant-aux-eleves-officiers-de-la-28e-promotion\/\",\"url\":\"https:\/\/lavoixdelanation.tg\/index.php\/2025\/08\/03\/efofat-bapteme-de-la-29e-promotion-et-remise-depaulettes-de-sous-lieutenant-aux-eleves-officiers-de-la-28e-promotion\/\",\"name\":\"EFOFAT\u00a0: Bapt\u00eame de la 29\u00e8 promotion et remise d\u2019\u00e9paulettes de sous-lieutenant aux \u00e9l\u00e8ves officiers de la 28\u00e8 promotion - La Voix de la Nation\",\"isPartOf\":{\"@id\":\"https:\/\/lavoixdelanation.tg\/#website\"},\"primaryImageOfPage\":{\"@id\":\"https:\/\/lavoixdelanation.tg\/index.php\/2025\/08\/03\/efofat-bapteme-de-la-29e-promotion-et-remise-depaulettes-de-sous-lieutenant-aux-eleves-officiers-de-la-28e-promotion\/#primaryimage\"},\"image\":{\"@id\":\"https:\/\/lavoixdelanation.tg\/index.php\/2025\/08\/03\/efofat-bapteme-de-la-29e-promotion-et-remise-depaulettes-de-sous-lieutenant-aux-eleves-officiers-de-la-28e-promotion\/#primaryimage\"},\"thumbnailUrl\":\"https:\/\/lavoixdelanation.tg\/wp-content\/uploads\/2025\/08\/Remise-depaulettes-aux-eleves-de-lEFOFAT-au-Togo.jpg\",\"datePublished\":\"2025-08-03T16:25:59+00:00\",\"breadcrumb\":{\"@id\":\"https:\/\/lavoixdelanation.tg\/index.php\/2025\/08\/03\/efofat-bapteme-de-la-29e-promotion-et-remise-depaulettes-de-sous-lieutenant-aux-eleves-officiers-de-la-28e-promotion\/#breadcrumb\"},\"inLanguage\":\"fr-FR\",\"potentialAction\":[{\"@type\":\"ReadAction\",\"target\":[\"https:\/\/lavoixdelanation.tg\/index.php\/2025\/08\/03\/efofat-bapteme-de-la-29e-promotion-et-remise-depaulettes-de-sous-lieutenant-aux-eleves-officiers-de-la-28e-promotion\/\"]}]},{\"@type\":\"ImageObject\",\"inLanguage\":\"fr-FR\",\"@id\":\"https:\/\/lavoixdelanation.tg\/index.php\/2025\/08\/03\/efofat-bapteme-de-la-29e-promotion-et-remise-depaulettes-de-sous-lieutenant-aux-eleves-officiers-de-la-28e-promotion\/#primaryimage\",\"url\":\"https:\/\/lavoixdelanation.tg\/wp-content\/uploads\/2025\/08\/Remise-depaulettes-aux-eleves-de-lEFOFAT-au-Togo.jpg\",\"contentUrl\":\"https:\/\/lavoixdelanation.tg\/wp-content\/uploads\/2025\/08\/Remise-depaulettes-aux-eleves-de-lEFOFAT-au-Togo.jpg\",\"width\":650,\"height\":430},{\"@type\":\"BreadcrumbList\",\"@id\":\"https:\/\/lavoixdelanation.tg\/index.php\/2025\/08\/03\/efofat-bapteme-de-la-29e-promotion-et-remise-depaulettes-de-sous-lieutenant-aux-eleves-officiers-de-la-28e-promotion\/#breadcrumb\",\"itemListElement\":[{\"@type\":\"ListItem\",\"position\":1,\"name\":\"Accueil\",\"item\":\"https:\/\/lavoixdelanation.tg\/\"},{\"@type\":\"ListItem\",\"position\":2,\"name\":\"EFOFAT\u00a0: Bapt\u00eame de la 29\u00e8 promotion et remise d\u2019\u00e9paulettes de sous-lieutenant aux \u00e9l\u00e8ves officiers de la 28\u00e8 promotion\"}]},{\"@type\":\"WebSite\",\"@id\":\"https:\/\/lavoixdelanation.tg\/#website\",\"url\":\"https:\/\/lavoixdelanation.tg\/\",\"name\":\"La Voix de la Nation\",\"description\":\"R\u00e9c\u00e9piss\u00e9 n\u00b00108\/HAAC\/01-2024\/pl\/P\",\"publisher\":{\"@id\":\"https:\/\/lavoixdelanation.tg\/#organization\"},\"alternateName\":\"VON\",\"potentialAction\":[{\"@type\":\"SearchAction\",\"target\":{\"@type\":\"EntryPoint\",\"urlTemplate\":\"https:\/\/lavoixdelanation.tg\/?s={search_term_string}\"},\"query-input\":{\"@type\":\"PropertyValueSpecification\",\"valueRequired\":true,\"valueName\":\"search_term_string\"}}],\"inLanguage\":\"fr-FR\"},{\"@type\":\"Organization\",\"@id\":\"https:\/\/lavoixdelanation.tg\/#organization\",\"name\":\"La Voix de la Nation\",\"url\":\"https:\/\/lavoixdelanation.tg\/\",\"logo\":{\"@type\":\"ImageObject\",\"inLanguage\":\"fr-FR\",\"@id\":\"https:\/\/lavoixdelanation.tg\/#\/schema\/logo\/image\/\",\"url\":\"https:\/\/lavoixdelanation.tg\/wp-content\/uploads\/2024\/12\/lavn-1.png\",\"contentUrl\":\"https:\/\/lavoixdelanation.tg\/wp-content\/uploads\/2024\/12\/lavn-1.png\",\"width\":1024,\"height\":464,\"caption\":\"La Voix de la Nation\"},\"image\":{\"@id\":\"https:\/\/lavoixdelanation.tg\/#\/schema\/logo\/image\/\"},\"sameAs\":[\"https:\/\/www.facebook.com\/lavoixdelanation\"]},{\"@type\":\"Person\",\"@id\":\"https:\/\/lavoixdelanation.tg\/#\/schema\/person\/6c489293aa38053673a9e554acb6e224\",\"name\":\"La voix de la nation\",\"image\":{\"@type\":\"ImageObject\",\"inLanguage\":\"fr-FR\",\"@id\":\"https:\/\/lavoixdelanation.tg\/#\/schema\/person\/image\/\",\"url\":\"https:\/\/secure.gravatar.com\/avatar\/8aa135d4bbc794494cecaa8d483f6d6cc1023624868deaff686baed5e727a5a1?s=96&d=mm&r=g\",\"contentUrl\":\"https:\/\/secure.gravatar.com\/avatar\/8aa135d4bbc794494cecaa8d483f6d6cc1023624868deaff686baed5e727a5a1?s=96&d=mm&r=g\",\"caption\":\"La voix de la nation\"},\"sameAs\":[\"https:\/\/lavoixdelanation.tg\"],\"url\":\"https:\/\/lavoixdelanation.tg\/index.php\/author\/lavn\/\"}]}<\/script>\n<!-- \/ Yoast SEO plugin. -->","yoast_head_json":{"title":"EFOFAT\u00a0: Bapt\u00eame de la 29\u00e8 promotion et remise d\u2019\u00e9paulettes de sous-lieutenant aux \u00e9l\u00e8ves officiers de la 28\u00e8 promotion - La Voix de la Nation","robots":{"index":"index","follow":"follow","max-snippet":"max-snippet:-1","max-image-preview":"max-image-preview:large","max-video-preview":"max-video-preview:-1"},"canonical":"https:\/\/lavoixdelanation.tg\/index.php\/2025\/08\/03\/efofat-bapteme-de-la-29e-promotion-et-remise-depaulettes-de-sous-lieutenant-aux-eleves-officiers-de-la-28e-promotion\/","og_locale":"fr_FR","og_type":"article","og_title":"EFOFAT\u00a0: Bapt\u00eame de la 29\u00e8 promotion et remise d\u2019\u00e9paulettes de sous-lieutenant aux \u00e9l\u00e8ves officiers de la 28\u00e8 promotion - La Voix de la Nation","og_description":"Une double c\u00e9r\u00e9monie s\u2019est d\u00e9roul\u00e9e ce 31 juillet 2025 \u00e0 l\u2019\u00c9cole de formation des officiers des forces arm\u00e9es togolaises (EFOFAT) \u00e0 Pya. D\u2019abord le bapt\u00eame des El\u00e8ves officiers d\u2019active de&hellip;","og_url":"https:\/\/lavoixdelanation.tg\/index.php\/2025\/08\/03\/efofat-bapteme-de-la-29e-promotion-et-remise-depaulettes-de-sous-lieutenant-aux-eleves-officiers-de-la-28e-promotion\/","og_site_name":"La Voix de la Nation","article_publisher":"https:\/\/www.facebook.com\/lavoixdelanation","article_published_time":"2025-08-03T16:25:59+00:00","og_image":[{"width":650,"height":430,"url":"https:\/\/lavoixdelanation.tg\/wp-content\/uploads\/2025\/08\/Remise-depaulettes-aux-eleves-de-lEFOFAT-au-Togo.jpg","type":"image\/jpeg"}],"author":"La voix de la nation","twitter_card":"summary_large_image","twitter_misc":{"\u00c9crit par":"La voix de la nation","Dur\u00e9e de lecture estim\u00e9e":"2 minutes"},"schema":{"@context":"https:\/\/schema.org","@graph":[{"@type":"Article","@id":"https:\/\/lavoixdelanation.tg\/index.php\/2025\/08\/03\/efofat-bapteme-de-la-29e-promotion-et-remise-depaulettes-de-sous-lieutenant-aux-eleves-officiers-de-la-28e-promotion\/#article","isPartOf":{"@id":"https:\/\/lavoixdelanation.tg\/index.php\/2025\/08\/03\/efofat-bapteme-de-la-29e-promotion-et-remise-depaulettes-de-sous-lieutenant-aux-eleves-officiers-de-la-28e-promotion\/"},"author":{"name":"La voix de la nation","@id":"https:\/\/lavoixdelanation.tg\/#\/schema\/person\/6c489293aa38053673a9e554acb6e224"},"headline":"EFOFAT\u00a0: Bapt\u00eame de la 29\u00e8 promotion et remise d\u2019\u00e9paulettes de sous-lieutenant aux \u00e9l\u00e8ves officiers de la 28\u00e8 promotion","datePublished":"2025-08-03T16:25:59+00:00","mainEntityOfPage":{"@id":"https:\/\/lavoixdelanation.tg\/index.php\/2025\/08\/03\/efofat-bapteme-de-la-29e-promotion-et-remise-depaulettes-de-sous-lieutenant-aux-eleves-officiers-de-la-28e-promotion\/"},"wordCount":393,"commentCount":0,"publisher":{"@id":"https:\/\/lavoixdelanation.tg\/#organization"},"image":{"@id":"https:\/\/lavoixdelanation.tg\/index.php\/2025\/08\/03\/efofat-bapteme-de-la-29e-promotion-et-remise-depaulettes-de-sous-lieutenant-aux-eleves-officiers-de-la-28e-promotion\/#primaryimage"},"thumbnailUrl":"https:\/\/lavoixdelanation.tg\/wp-content\/uploads\/2025\/08\/Remise-depaulettes-aux-eleves-de-lEFOFAT-au-Togo.jpg","articleSection":["Education"],"inLanguage":"fr-FR","potentialAction":[{"@type":"CommentAction","name":"Comment","target":["https:\/\/lavoixdelanation.tg\/index.php\/2025\/08\/03\/efofat-bapteme-de-la-29e-promotion-et-remise-depaulettes-de-sous-lieutenant-aux-eleves-officiers-de-la-28e-promotion\/#respond"]}]},{"@type":"WebPage","@id":"https:\/\/lavoixdelanation.tg\/index.php\/2025\/08\/03\/efofat-bapteme-de-la-29e-promotion-et-remise-depaulettes-de-sous-lieutenant-aux-eleves-officiers-de-la-28e-promotion\/","url":"https:\/\/lavoixdelanation.tg\/index.php\/2025\/08\/03\/efofat-bapteme-de-la-29e-promotion-et-remise-depaulettes-de-sous-lieutenant-aux-eleves-officiers-de-la-28e-promotion\/","name":"EFOFAT\u00a0: Bapt\u00eame de la 29\u00e8 promotion et remise d\u2019\u00e9paulettes de sous-lieutenant aux \u00e9l\u00e8ves officiers de la 28\u00e8 promotion - La Voix de la Nation","isPartOf":{"@id":"https:\/\/lavoixdelanation.tg\/#website"},"primaryImageOfPage":{"@id":"https:\/\/lavoixdelanation.tg\/index.php\/2025\/08\/03\/efofat-bapteme-de-la-29e-promotion-et-remise-depaulettes-de-sous-lieutenant-aux-eleves-officiers-de-la-28e-promotion\/#primaryimage"},"image":{"@id":"https:\/\/lavoixdelanation.tg\/index.php\/2025\/08\/03\/efofat-bapteme-de-la-29e-promotion-et-remise-depaulettes-de-sous-lieutenant-aux-eleves-officiers-de-la-28e-promotion\/#primaryimage"},"thumbnailUrl":"https:\/\/lavoixdelanation.tg\/wp-content\/uploads\/2025\/08\/Remise-depaulettes-aux-eleves-de-lEFOFAT-au-Togo.jpg","datePublished":"2025-08-03T16:25:59+00:00","breadcrumb":{"@id":"https:\/\/lavoixdelanation.tg\/index.php\/2025\/08\/03\/efofat-bapteme-de-la-29e-promotion-et-remise-depaulettes-de-sous-lieutenant-aux-eleves-officiers-de-la-28e-promotion\/#breadcrumb"},"inLanguage":"fr-FR","potentialAction":[{"@type":"ReadAction","target":["https:\/\/lavoixdelanation.tg\/index.php\/2025\/08\/03\/efofat-bapteme-de-la-29e-promotion-et-remise-depaulettes-de-sous-lieutenant-aux-eleves-officiers-de-la-28e-promotion\/"]}]},{"@type":"ImageObject","inLanguage":"fr-FR","@id":"https:\/\/lavoixdelanation.tg\/index.php\/2025\/08\/03\/efofat-bapteme-de-la-29e-promotion-et-remise-depaulettes-de-sous-lieutenant-aux-eleves-officiers-de-la-28e-promotion\/#primaryimage","url":"https:\/\/lavoixdelanation.tg\/wp-content\/uploads\/2025\/08\/Remise-depaulettes-aux-eleves-de-lEFOFAT-au-Togo.jpg","contentUrl":"https:\/\/lavoixdelanation.tg\/wp-content\/uploads\/2025\/08\/Remise-depaulettes-aux-eleves-de-lEFOFAT-au-Togo.jpg","width":650,"height":430},{"@type":"BreadcrumbList","@id":"https:\/\/lavoixdelanation.tg\/index.php\/2025\/08\/03\/efofat-bapteme-de-la-29e-promotion-et-remise-depaulettes-de-sous-lieutenant-aux-eleves-officiers-de-la-28e-promotion\/#breadcrumb","itemListElement":[{"@type":"ListItem","position":1,"name":"Accueil","item":"https:\/\/lavoixdelanation.tg\/"},{"@type":"ListItem","position":2,"name":"EFOFAT\u00a0: Bapt\u00eame de la 29\u00e8 promotion et remise d\u2019\u00e9paulettes de sous-lieutenant aux \u00e9l\u00e8ves officiers de la 28\u00e8 promotion"}]},{"@type":"WebSite","@id":"https:\/\/lavoixdelanation.tg\/#website","url":"https:\/\/lavoixdelanation.tg\/","name":"La Voix de la Nation","description":"R\u00e9c\u00e9piss\u00e9 n\u00b00108\/HAAC\/01-2024\/pl\/P","publisher":{"@id":"https:\/\/lavoixdelanation.tg\/#organization"},"alternateName":"VON","potentialAction":[{"@type":"SearchAction","target":{"@type":"EntryPoint","urlTemplate":"https:\/\/lavoixdelanation.tg\/?s={search_term_string}"},"query-input":{"@type":"PropertyValueSpecification","valueRequired":true,"valueName":"search_term_string"}}],"inLanguage":"fr-FR"},{"@type":"Organization","@id":"https:\/\/lavoixdelanation.tg\/#organization","name":"La Voix de la Nation","url":"https:\/\/lavoixdelanation.tg\/","logo":{"@type":"ImageObject","inLanguage":"fr-FR","@id":"https:\/\/lavoixdelanation.tg\/#\/schema\/logo\/image\/","url":"https:\/\/lavoixdelanation.tg\/wp-content\/uploads\/2024\/12\/lavn-1.png","contentUrl":"https:\/\/lavoixdelanation.tg\/wp-content\/uploads\/2024\/12\/lavn-1.png","width":1024,"height":464,"caption":"La Voix de la Nation"},"image":{"@id":"https:\/\/lavoixdelanation.tg\/#\/schema\/logo\/image\/"},"sameAs":["https:\/\/www.facebook.com\/lavoixdelanation"]},{"@type":"Person","@id":"https:\/\/lavoixdelanation.tg\/#\/schema\/person\/6c489293aa38053673a9e554acb6e224","name":"La voix de la nation","image":{"@type":"ImageObject","inLanguage":"fr-FR","@id":"https:\/\/lavoixdelanation.tg\/#\/schema\/person\/image\/","url":"https:\/\/secure.gravatar.com\/avatar\/8aa135d4bbc794494cecaa8d483f6d6cc1023624868deaff686baed5e727a5a1?s=96&d=mm&r=g","contentUrl":"https:\/\/secure.gravatar.com\/avatar\/8aa135d4bbc794494cecaa8d483f6d6cc1023624868deaff686baed5e727a5a1?s=96&d=mm&r=g","caption":"La voix de la nation"},"sameAs":["https:\/\/lavoixdelanation.tg"],"url":"https:\/\/lavoixdelanation.tg\/index.php\/author\/lavn\/"}]}},"_links":{"self":[{"href":"https:\/\/lavoixdelanation.tg\/index.php\/wp-json\/wp\/v2\/posts\/4683","targetHints":{"allow":["GET"]}}],"collection":[{"href":"https:\/\/lavoixdelanation.tg\/index.php\/wp-json\/wp\/v2\/posts"}],"about":[{"href":"https:\/\/lavoixdelanation.tg\/index.php\/wp-json\/wp\/v2\/types\/post"}],"author":[{"embeddable":true,"href":"https:\/\/lavoixdelanation.tg\/index.php\/wp-json\/wp\/v2\/users\/1"}],"replies":[{"embeddable":true,"href":"https:\/\/lavoixdelanation.tg\/index.php\/wp-json\/wp\/v2\/comments?post=4683"}],"version-history":[{"count":1,"href":"https:\/\/lavoixdelanation.tg\/index.php\/wp-json\/wp\/v2\/posts\/4683\/revisions"}],"predecessor-version":[{"id":4685,"href":"https:\/\/lavoixdelanation.tg\/index.php\/wp-json\/wp\/v2\/posts\/4683\/revisions\/4685"}],"wp:featuredmedia":[{"embeddable":true,"href":"https:\/\/lavoixdelanation.tg\/index.php\/wp-json\/wp\/v2\/media\/4684"}],"wp:attachment":[{"href":"https:\/\/lavoixdelanation.tg\/index.php\/wp-json\/wp\/v2\/media?parent=4683"}],"wp:term":[{"taxonomy":"category","embeddable":true,"href":"https:\/\/lavoixdelanation.tg\/index.php\/wp-json\/wp\/v2\/categories?post=4683"},{"taxonomy":"post_tag","embeddable":true,"href":"https:\/\/lavoixdelanation.tg\/index.php\/wp-json\/wp\/v2\/tags?post=4683"}],"curies":[{"name":"wp","href":"https:\/\/api.w.org\/{rel}","templated":true}]}}