{"id":4667,"date":"2025-08-01T21:08:29","date_gmt":"2025-08-01T19:08:29","guid":{"rendered":"https:\/\/lavoixdelanation.tg\/?p=4667"},"modified":"2025-08-02T21:11:11","modified_gmt":"2025-08-02T19:11:11","slug":"diplomatie-la-nouvelle-ambassadrice-de-chine-recue-par-faure-gnassingbe-a-lome","status":"publish","type":"post","link":"https:\/\/lavoixdelanation.tg\/index.php\/2025\/08\/01\/diplomatie-la-nouvelle-ambassadrice-de-chine-recue-par-faure-gnassingbe-a-lome\/","title":{"rendered":"Diplomatie : La nouvelle ambassadrice de Chine re\u00e7ue par Faure Gnassingb\u00e9 \u00e0 Lom\u00e9"},"content":{"rendered":"\n<p>La nouvelle ambassadrice de la R\u00e9publique populaire de Chine pr\u00e8s le Togo, Mme Wang Min a \u00e9t\u00e9 re\u00e7ue en audience ce 31 juillet \u00e0 Lom\u00e9 par le Pr\u00e9sident du Conseil Faure Gnassingb\u00e9.<\/p>\n\n\n\n<p>Les discussions entre les deux personnalit\u00e9s ont port\u00e9 sur les relations de coop\u00e9ration sino-togolaise et l\u2019engagement conjoint du Togo et de la Chine pour la paix dans la sous-r\u00e9gion et dans le monde.<\/p>\n\n\n\n<p>La diplomate chinoise s\u2019est r\u00e9jouie de la convergence de vues entre le Pr\u00e9sident Faure Gnassingb\u00e9 et le Pr\u00e9sident Xi Jinping qui a permis de relever la coop\u00e9ration sino-togolaise au rang de partenariat strat\u00e9gique global \u00e0 l\u2019occasion du dernier Forum \u00e9conomique Chine-Afrique (FOCAC 2024), t\u00e9moignant ainsi de la qualit\u00e9 des liens entre les deux pays.<\/p>\n\n\n\n<p>Mme Wang Min a fait savoir que depuis le FOCAC tenu en 2024, la Chine et le Togo s\u2019activent pour une mise en \u0153uvre optimale des engagements pris. Les r\u00e9alisations issues de ces engagements ont apport\u00e9 des b\u00e9n\u00e9fices r\u00e9els aux populations des deux nations dans les domaines \u00e0 fort impact \u00e9conomique et social.<\/p>\n\n\n\n<figure class=\"wp-block-image size-full\"><img loading=\"lazy\" decoding=\"async\" width=\"800\" height=\"549\" src=\"https:\/\/lavoixdelanation.tg\/wp-content\/uploads\/2025\/08\/Faure-Gnassingbe-avec-Mme-Wang-Min-a-Lome.jpg\" alt=\"\" class=\"wp-image-4669\" srcset=\"https:\/\/lavoixdelanation.tg\/wp-content\/uploads\/2025\/08\/Faure-Gnassingbe-avec-Mme-Wang-Min-a-Lome.jpg 800w, https:\/\/lavoixdelanation.tg\/wp-content\/uploads\/2025\/08\/Faure-Gnassingbe-avec-Mme-Wang-Min-a-Lome-300x206.jpg 300w, https:\/\/lavoixdelanation.tg\/wp-content\/uploads\/2025\/08\/Faure-Gnassingbe-avec-Mme-Wang-Min-a-Lome-768x527.jpg 768w\" sizes=\"auto, (max-width: 800px) 100vw, 800px\" \/><\/figure>\n\n\n\n<p>\u00ab&nbsp;Les deux parties s\u2019efforcent depuis le sommet de FOCAC de 2024 de mettre en \u0153uvre les acquis du sommet. Qu\u2019il s\u2019agisse de la gouvernance, des infrastructures ou de l\u2019action sociale, cette coop\u00e9ration bilat\u00e9rale a enregistr\u00e9 des r\u00e9sultats tangibles au b\u00e9n\u00e9fice des deux peuples&nbsp;\u00bb, a-t-elle indiqu\u00e9.<\/p>\n\n\n\n<p>Elle a \u00e9galement salu\u00e9 le leadership du Pr\u00e9sident du Conseil dans le concert des nations, ainsi que sa diplomatie active au service de la stabilit\u00e9 r\u00e9gionale et du d\u00e9veloppement durable.<\/p>\n\n\n\n<p>Au regard des mutations profondes et aux d\u00e9fis multiples auxquels le monde est confront\u00e9, l\u2019ambassadrice chinoise a r\u00e9affirm\u00e9 l\u2019engagement de son pays \u00e0 \u0153uvrer aux c\u00f4t\u00e9s du Togo et de la communaut\u00e9 internationale, pour la paix, la stabilit\u00e9 mondiale et le d\u00e9veloppement durable.<\/p>\n\n\n\n<p>\u00ab&nbsp;Son Excellence Monsieur Faure Essozimna Gnassingb\u00e9 est un dirigeant et homme politique de vision et de clairvoyance de niveau international. Il joue un r\u00f4le important dans les affaires r\u00e9gionales et internationales. Le monde conna\u00eet des changements complexes avec des d\u00e9fis plan\u00e9taires se multipliant. La Chine est dispos\u00e9e \u00e0 travailler avec le Togo et la communaut\u00e9 internationale pour contribuer \u00e0 la paix, \u00e0 la stabilit\u00e9 mondiale et \u00e0 la tranquillit\u00e9 et au d\u00e9veloppement r\u00e9gional&nbsp;\u00bb, a pr\u00e9cis\u00e9 Mme Wang Min.<\/p>\n\n\n\n<p>Pour rappel, le Togo et la Chine entretiennent un partenariat exemplaire, fond\u00e9 sur une vision partag\u00e9e du d\u00e9veloppement et des grands enjeux mondiaux, depuis l\u2019\u00e9tablissement de leurs relations de coop\u00e9ration en 1972.<\/p>\n\n\n\n<p><strong>La R\u00e9daction<\/strong><\/p>\n","protected":false},"excerpt":{"rendered":"<p>La nouvelle ambassadrice de la R\u00e9publique populaire de Chine pr\u00e8s le Togo, Mme Wang Min a \u00e9t\u00e9 re\u00e7ue en audience ce 31 juillet \u00e0 Lom\u00e9 par le Pr\u00e9sident du Conseil&hellip; <\/p>\n","protected":false},"author":1,"featured_media":4668,"comment_status":"open","ping_status":"open","sticky":false,"template":"","format":"standard","meta":{"footnotes":""},"categories":[12],"tags":[859,45,39,784],"class_list":["post-4667","post","type-post","status-publish","format-standard","has-post-thumbnail","hentry","category-diplomatie","tag-ambassadrice-de-chine","tag-faure-gnassingbe","tag-togo","tag-wang-min"],"yoast_head":"<!-- This site is optimized with the Yoast SEO plugin v26.4 - https:\/\/yoast.com\/wordpress\/plugins\/seo\/ -->\n<title>Diplomatie : La nouvelle ambassadrice de Chine re\u00e7ue par Faure Gnassingb\u00e9 \u00e0 Lom\u00e9 - La Voix de la Nation<\/title>\n<meta name=\"robots\" content=\"index, follow, max-snippet:-1, max-image-preview:large, max-video-preview:-1\" \/>\n<link rel=\"canonical\" href=\"https:\/\/lavoixdelanation.tg\/index.php\/2025\/08\/01\/diplomatie-la-nouvelle-ambassadrice-de-chine-recue-par-faure-gnassingbe-a-lome\/\" \/>\n<meta property=\"og:locale\" content=\"fr_FR\" \/>\n<meta property=\"og:type\" content=\"article\" \/>\n<meta property=\"og:title\" content=\"Diplomatie : La nouvelle ambassadrice de Chine re\u00e7ue par Faure Gnassingb\u00e9 \u00e0 Lom\u00e9 - La Voix de la Nation\" \/>\n<meta property=\"og:description\" content=\"La nouvelle ambassadrice de la R\u00e9publique populaire de Chine pr\u00e8s le Togo, Mme Wang Min a \u00e9t\u00e9 re\u00e7ue en audience ce 31 juillet \u00e0 Lom\u00e9 par le Pr\u00e9sident du Conseil&hellip;\" \/>\n<meta property=\"og:url\" content=\"https:\/\/lavoixdelanation.tg\/index.php\/2025\/08\/01\/diplomatie-la-nouvelle-ambassadrice-de-chine-recue-par-faure-gnassingbe-a-lome\/\" \/>\n<meta property=\"og:site_name\" content=\"La Voix de la Nation\" \/>\n<meta property=\"article:publisher\" content=\"https:\/\/www.facebook.com\/lavoixdelanation\" \/>\n<meta property=\"article:published_time\" content=\"2025-08-01T19:08:29+00:00\" \/>\n<meta property=\"article:modified_time\" content=\"2025-08-02T19:11:11+00:00\" \/>\n<meta property=\"og:image\" content=\"https:\/\/lavoixdelanation.tg\/wp-content\/uploads\/2025\/08\/Faure-Gnassingbe-et-Mme-Wang-Min-a-Lome.jpg\" \/>\n\t<meta property=\"og:image:width\" content=\"650\" \/>\n\t<meta property=\"og:image:height\" content=\"430\" \/>\n\t<meta property=\"og:image:type\" content=\"image\/jpeg\" \/>\n<meta name=\"author\" content=\"La voix de la nation\" \/>\n<meta name=\"twitter:card\" content=\"summary_large_image\" \/>\n<meta name=\"twitter:label1\" content=\"\u00c9crit par\" \/>\n\t<meta name=\"twitter:data1\" content=\"La voix de la nation\" \/>\n\t<meta name=\"twitter:label2\" content=\"Dur\u00e9e de lecture estim\u00e9e\" \/>\n\t<meta name=\"twitter:data2\" content=\"3 minutes\" \/>\n<script type=\"application\/ld+json\" class=\"yoast-schema-graph\">{\"@context\":\"https:\/\/schema.org\",\"@graph\":[{\"@type\":\"Article\",\"@id\":\"https:\/\/lavoixdelanation.tg\/index.php\/2025\/08\/01\/diplomatie-la-nouvelle-ambassadrice-de-chine-recue-par-faure-gnassingbe-a-lome\/#article\",\"isPartOf\":{\"@id\":\"https:\/\/lavoixdelanation.tg\/index.php\/2025\/08\/01\/diplomatie-la-nouvelle-ambassadrice-de-chine-recue-par-faure-gnassingbe-a-lome\/\"},\"author\":{\"name\":\"La voix de la nation\",\"@id\":\"https:\/\/lavoixdelanation.tg\/#\/schema\/person\/6c489293aa38053673a9e554acb6e224\"},\"headline\":\"Diplomatie : La nouvelle ambassadrice de Chine re\u00e7ue par Faure Gnassingb\u00e9 \u00e0 Lom\u00e9\",\"datePublished\":\"2025-08-01T19:08:29+00:00\",\"dateModified\":\"2025-08-02T19:11:11+00:00\",\"mainEntityOfPage\":{\"@id\":\"https:\/\/lavoixdelanation.tg\/index.php\/2025\/08\/01\/diplomatie-la-nouvelle-ambassadrice-de-chine-recue-par-faure-gnassingbe-a-lome\/\"},\"wordCount\":459,\"commentCount\":0,\"publisher\":{\"@id\":\"https:\/\/lavoixdelanation.tg\/#organization\"},\"image\":{\"@id\":\"https:\/\/lavoixdelanation.tg\/index.php\/2025\/08\/01\/diplomatie-la-nouvelle-ambassadrice-de-chine-recue-par-faure-gnassingbe-a-lome\/#primaryimage\"},\"thumbnailUrl\":\"https:\/\/lavoixdelanation.tg\/wp-content\/uploads\/2025\/08\/Faure-Gnassingbe-et-Mme-Wang-Min-a-Lome.jpg\",\"keywords\":[\"ambassadrice de Chine\",\"Faure Gnassingb\u00e9\",\"Togo\",\"Wang Min\"],\"articleSection\":[\"Diplomatie\"],\"inLanguage\":\"fr-FR\",\"potentialAction\":[{\"@type\":\"CommentAction\",\"name\":\"Comment\",\"target\":[\"https:\/\/lavoixdelanation.tg\/index.php\/2025\/08\/01\/diplomatie-la-nouvelle-ambassadrice-de-chine-recue-par-faure-gnassingbe-a-lome\/#respond\"]}]},{\"@type\":\"WebPage\",\"@id\":\"https:\/\/lavoixdelanation.tg\/index.php\/2025\/08\/01\/diplomatie-la-nouvelle-ambassadrice-de-chine-recue-par-faure-gnassingbe-a-lome\/\",\"url\":\"https:\/\/lavoixdelanation.tg\/index.php\/2025\/08\/01\/diplomatie-la-nouvelle-ambassadrice-de-chine-recue-par-faure-gnassingbe-a-lome\/\",\"name\":\"Diplomatie : La nouvelle ambassadrice de Chine re\u00e7ue par Faure Gnassingb\u00e9 \u00e0 Lom\u00e9 - La Voix de la Nation\",\"isPartOf\":{\"@id\":\"https:\/\/lavoixdelanation.tg\/#website\"},\"primaryImageOfPage\":{\"@id\":\"https:\/\/lavoixdelanation.tg\/index.php\/2025\/08\/01\/diplomatie-la-nouvelle-ambassadrice-de-chine-recue-par-faure-gnassingbe-a-lome\/#primaryimage\"},\"image\":{\"@id\":\"https:\/\/lavoixdelanation.tg\/index.php\/2025\/08\/01\/diplomatie-la-nouvelle-ambassadrice-de-chine-recue-par-faure-gnassingbe-a-lome\/#primaryimage\"},\"thumbnailUrl\":\"https:\/\/lavoixdelanation.tg\/wp-content\/uploads\/2025\/08\/Faure-Gnassingbe-et-Mme-Wang-Min-a-Lome.jpg\",\"datePublished\":\"2025-08-01T19:08:29+00:00\",\"dateModified\":\"2025-08-02T19:11:11+00:00\",\"breadcrumb\":{\"@id\":\"https:\/\/lavoixdelanation.tg\/index.php\/2025\/08\/01\/diplomatie-la-nouvelle-ambassadrice-de-chine-recue-par-faure-gnassingbe-a-lome\/#breadcrumb\"},\"inLanguage\":\"fr-FR\",\"potentialAction\":[{\"@type\":\"ReadAction\",\"target\":[\"https:\/\/lavoixdelanation.tg\/index.php\/2025\/08\/01\/diplomatie-la-nouvelle-ambassadrice-de-chine-recue-par-faure-gnassingbe-a-lome\/\"]}]},{\"@type\":\"ImageObject\",\"inLanguage\":\"fr-FR\",\"@id\":\"https:\/\/lavoixdelanation.tg\/index.php\/2025\/08\/01\/diplomatie-la-nouvelle-ambassadrice-de-chine-recue-par-faure-gnassingbe-a-lome\/#primaryimage\",\"url\":\"https:\/\/lavoixdelanation.tg\/wp-content\/uploads\/2025\/08\/Faure-Gnassingbe-et-Mme-Wang-Min-a-Lome.jpg\",\"contentUrl\":\"https:\/\/lavoixdelanation.tg\/wp-content\/uploads\/2025\/08\/Faure-Gnassingbe-et-Mme-Wang-Min-a-Lome.jpg\",\"width\":650,\"height\":430,\"caption\":\"Faure Gnassingb\u00e9 et Mme Wang Min \u00e0 Lom\u00e9\"},{\"@type\":\"BreadcrumbList\",\"@id\":\"https:\/\/lavoixdelanation.tg\/index.php\/2025\/08\/01\/diplomatie-la-nouvelle-ambassadrice-de-chine-recue-par-faure-gnassingbe-a-lome\/#breadcrumb\",\"itemListElement\":[{\"@type\":\"ListItem\",\"position\":1,\"name\":\"Accueil\",\"item\":\"https:\/\/lavoixdelanation.tg\/\"},{\"@type\":\"ListItem\",\"position\":2,\"name\":\"Diplomatie : La nouvelle ambassadrice de Chine re\u00e7ue par Faure Gnassingb\u00e9 \u00e0 Lom\u00e9\"}]},{\"@type\":\"WebSite\",\"@id\":\"https:\/\/lavoixdelanation.tg\/#website\",\"url\":\"https:\/\/lavoixdelanation.tg\/\",\"name\":\"La Voix de la Nation\",\"description\":\"R\u00e9c\u00e9piss\u00e9 n\u00b00108\/HAAC\/01-2024\/pl\/P\",\"publisher\":{\"@id\":\"https:\/\/lavoixdelanation.tg\/#organization\"},\"alternateName\":\"VON\",\"potentialAction\":[{\"@type\":\"SearchAction\",\"target\":{\"@type\":\"EntryPoint\",\"urlTemplate\":\"https:\/\/lavoixdelanation.tg\/?s={search_term_string}\"},\"query-input\":{\"@type\":\"PropertyValueSpecification\",\"valueRequired\":true,\"valueName\":\"search_term_string\"}}],\"inLanguage\":\"fr-FR\"},{\"@type\":\"Organization\",\"@id\":\"https:\/\/lavoixdelanation.tg\/#organization\",\"name\":\"La Voix de la Nation\",\"url\":\"https:\/\/lavoixdelanation.tg\/\",\"logo\":{\"@type\":\"ImageObject\",\"inLanguage\":\"fr-FR\",\"@id\":\"https:\/\/lavoixdelanation.tg\/#\/schema\/logo\/image\/\",\"url\":\"https:\/\/lavoixdelanation.tg\/wp-content\/uploads\/2024\/12\/lavn-1.png\",\"contentUrl\":\"https:\/\/lavoixdelanation.tg\/wp-content\/uploads\/2024\/12\/lavn-1.png\",\"width\":1024,\"height\":464,\"caption\":\"La Voix de la Nation\"},\"image\":{\"@id\":\"https:\/\/lavoixdelanation.tg\/#\/schema\/logo\/image\/\"},\"sameAs\":[\"https:\/\/www.facebook.com\/lavoixdelanation\"]},{\"@type\":\"Person\",\"@id\":\"https:\/\/lavoixdelanation.tg\/#\/schema\/person\/6c489293aa38053673a9e554acb6e224\",\"name\":\"La voix de la nation\",\"image\":{\"@type\":\"ImageObject\",\"inLanguage\":\"fr-FR\",\"@id\":\"https:\/\/lavoixdelanation.tg\/#\/schema\/person\/image\/\",\"url\":\"https:\/\/secure.gravatar.com\/avatar\/8aa135d4bbc794494cecaa8d483f6d6cc1023624868deaff686baed5e727a5a1?s=96&d=mm&r=g\",\"contentUrl\":\"https:\/\/secure.gravatar.com\/avatar\/8aa135d4bbc794494cecaa8d483f6d6cc1023624868deaff686baed5e727a5a1?s=96&d=mm&r=g\",\"caption\":\"La voix de la nation\"},\"sameAs\":[\"https:\/\/lavoixdelanation.tg\"],\"url\":\"https:\/\/lavoixdelanation.tg\/index.php\/author\/lavn\/\"}]}<\/script>\n<!-- \/ Yoast SEO plugin. -->","yoast_head_json":{"title":"Diplomatie : La nouvelle ambassadrice de Chine re\u00e7ue par Faure Gnassingb\u00e9 \u00e0 Lom\u00e9 - La Voix de la Nation","robots":{"index":"index","follow":"follow","max-snippet":"max-snippet:-1","max-image-preview":"max-image-preview:large","max-video-preview":"max-video-preview:-1"},"canonical":"https:\/\/lavoixdelanation.tg\/index.php\/2025\/08\/01\/diplomatie-la-nouvelle-ambassadrice-de-chine-recue-par-faure-gnassingbe-a-lome\/","og_locale":"fr_FR","og_type":"article","og_title":"Diplomatie : La nouvelle ambassadrice de Chine re\u00e7ue par Faure Gnassingb\u00e9 \u00e0 Lom\u00e9 - La Voix de la Nation","og_description":"La nouvelle ambassadrice de la R\u00e9publique populaire de Chine pr\u00e8s le Togo, Mme Wang Min a \u00e9t\u00e9 re\u00e7ue en audience ce 31 juillet \u00e0 Lom\u00e9 par le Pr\u00e9sident du Conseil&hellip;","og_url":"https:\/\/lavoixdelanation.tg\/index.php\/2025\/08\/01\/diplomatie-la-nouvelle-ambassadrice-de-chine-recue-par-faure-gnassingbe-a-lome\/","og_site_name":"La Voix de la Nation","article_publisher":"https:\/\/www.facebook.com\/lavoixdelanation","article_published_time":"2025-08-01T19:08:29+00:00","article_modified_time":"2025-08-02T19:11:11+00:00","og_image":[{"width":650,"height":430,"url":"https:\/\/lavoixdelanation.tg\/wp-content\/uploads\/2025\/08\/Faure-Gnassingbe-et-Mme-Wang-Min-a-Lome.jpg","type":"image\/jpeg"}],"author":"La voix de la nation","twitter_card":"summary_large_image","twitter_misc":{"\u00c9crit par":"La voix de la nation","Dur\u00e9e de lecture estim\u00e9e":"3 minutes"},"schema":{"@context":"https:\/\/schema.org","@graph":[{"@type":"Article","@id":"https:\/\/lavoixdelanation.tg\/index.php\/2025\/08\/01\/diplomatie-la-nouvelle-ambassadrice-de-chine-recue-par-faure-gnassingbe-a-lome\/#article","isPartOf":{"@id":"https:\/\/lavoixdelanation.tg\/index.php\/2025\/08\/01\/diplomatie-la-nouvelle-ambassadrice-de-chine-recue-par-faure-gnassingbe-a-lome\/"},"author":{"name":"La voix de la nation","@id":"https:\/\/lavoixdelanation.tg\/#\/schema\/person\/6c489293aa38053673a9e554acb6e224"},"headline":"Diplomatie : La nouvelle ambassadrice de Chine re\u00e7ue par Faure Gnassingb\u00e9 \u00e0 Lom\u00e9","datePublished":"2025-08-01T19:08:29+00:00","dateModified":"2025-08-02T19:11:11+00:00","mainEntityOfPage":{"@id":"https:\/\/lavoixdelanation.tg\/index.php\/2025\/08\/01\/diplomatie-la-nouvelle-ambassadrice-de-chine-recue-par-faure-gnassingbe-a-lome\/"},"wordCount":459,"commentCount":0,"publisher":{"@id":"https:\/\/lavoixdelanation.tg\/#organization"},"image":{"@id":"https:\/\/lavoixdelanation.tg\/index.php\/2025\/08\/01\/diplomatie-la-nouvelle-ambassadrice-de-chine-recue-par-faure-gnassingbe-a-lome\/#primaryimage"},"thumbnailUrl":"https:\/\/lavoixdelanation.tg\/wp-content\/uploads\/2025\/08\/Faure-Gnassingbe-et-Mme-Wang-Min-a-Lome.jpg","keywords":["ambassadrice de Chine","Faure Gnassingb\u00e9","Togo","Wang Min"],"articleSection":["Diplomatie"],"inLanguage":"fr-FR","potentialAction":[{"@type":"CommentAction","name":"Comment","target":["https:\/\/lavoixdelanation.tg\/index.php\/2025\/08\/01\/diplomatie-la-nouvelle-ambassadrice-de-chine-recue-par-faure-gnassingbe-a-lome\/#respond"]}]},{"@type":"WebPage","@id":"https:\/\/lavoixdelanation.tg\/index.php\/2025\/08\/01\/diplomatie-la-nouvelle-ambassadrice-de-chine-recue-par-faure-gnassingbe-a-lome\/","url":"https:\/\/lavoixdelanation.tg\/index.php\/2025\/08\/01\/diplomatie-la-nouvelle-ambassadrice-de-chine-recue-par-faure-gnassingbe-a-lome\/","name":"Diplomatie : La nouvelle ambassadrice de Chine re\u00e7ue par Faure Gnassingb\u00e9 \u00e0 Lom\u00e9 - La Voix de la Nation","isPartOf":{"@id":"https:\/\/lavoixdelanation.tg\/#website"},"primaryImageOfPage":{"@id":"https:\/\/lavoixdelanation.tg\/index.php\/2025\/08\/01\/diplomatie-la-nouvelle-ambassadrice-de-chine-recue-par-faure-gnassingbe-a-lome\/#primaryimage"},"image":{"@id":"https:\/\/lavoixdelanation.tg\/index.php\/2025\/08\/01\/diplomatie-la-nouvelle-ambassadrice-de-chine-recue-par-faure-gnassingbe-a-lome\/#primaryimage"},"thumbnailUrl":"https:\/\/lavoixdelanation.tg\/wp-content\/uploads\/2025\/08\/Faure-Gnassingbe-et-Mme-Wang-Min-a-Lome.jpg","datePublished":"2025-08-01T19:08:29+00:00","dateModified":"2025-08-02T19:11:11+00:00","breadcrumb":{"@id":"https:\/\/lavoixdelanation.tg\/index.php\/2025\/08\/01\/diplomatie-la-nouvelle-ambassadrice-de-chine-recue-par-faure-gnassingbe-a-lome\/#breadcrumb"},"inLanguage":"fr-FR","potentialAction":[{"@type":"ReadAction","target":["https:\/\/lavoixdelanation.tg\/index.php\/2025\/08\/01\/diplomatie-la-nouvelle-ambassadrice-de-chine-recue-par-faure-gnassingbe-a-lome\/"]}]},{"@type":"ImageObject","inLanguage":"fr-FR","@id":"https:\/\/lavoixdelanation.tg\/index.php\/2025\/08\/01\/diplomatie-la-nouvelle-ambassadrice-de-chine-recue-par-faure-gnassingbe-a-lome\/#primaryimage","url":"https:\/\/lavoixdelanation.tg\/wp-content\/uploads\/2025\/08\/Faure-Gnassingbe-et-Mme-Wang-Min-a-Lome.jpg","contentUrl":"https:\/\/lavoixdelanation.tg\/wp-content\/uploads\/2025\/08\/Faure-Gnassingbe-et-Mme-Wang-Min-a-Lome.jpg","width":650,"height":430,"caption":"Faure Gnassingb\u00e9 et Mme Wang Min \u00e0 Lom\u00e9"},{"@type":"BreadcrumbList","@id":"https:\/\/lavoixdelanation.tg\/index.php\/2025\/08\/01\/diplomatie-la-nouvelle-ambassadrice-de-chine-recue-par-faure-gnassingbe-a-lome\/#breadcrumb","itemListElement":[{"@type":"ListItem","position":1,"name":"Accueil","item":"https:\/\/lavoixdelanation.tg\/"},{"@type":"ListItem","position":2,"name":"Diplomatie : La nouvelle ambassadrice de Chine re\u00e7ue par Faure Gnassingb\u00e9 \u00e0 Lom\u00e9"}]},{"@type":"WebSite","@id":"https:\/\/lavoixdelanation.tg\/#website","url":"https:\/\/lavoixdelanation.tg\/","name":"La Voix de la Nation","description":"R\u00e9c\u00e9piss\u00e9 n\u00b00108\/HAAC\/01-2024\/pl\/P","publisher":{"@id":"https:\/\/lavoixdelanation.tg\/#organization"},"alternateName":"VON","potentialAction":[{"@type":"SearchAction","target":{"@type":"EntryPoint","urlTemplate":"https:\/\/lavoixdelanation.tg\/?s={search_term_string}"},"query-input":{"@type":"PropertyValueSpecification","valueRequired":true,"valueName":"search_term_string"}}],"inLanguage":"fr-FR"},{"@type":"Organization","@id":"https:\/\/lavoixdelanation.tg\/#organization","name":"La Voix de la Nation","url":"https:\/\/lavoixdelanation.tg\/","logo":{"@type":"ImageObject","inLanguage":"fr-FR","@id":"https:\/\/lavoixdelanation.tg\/#\/schema\/logo\/image\/","url":"https:\/\/lavoixdelanation.tg\/wp-content\/uploads\/2024\/12\/lavn-1.png","contentUrl":"https:\/\/lavoixdelanation.tg\/wp-content\/uploads\/2024\/12\/lavn-1.png","width":1024,"height":464,"caption":"La Voix de la Nation"},"image":{"@id":"https:\/\/lavoixdelanation.tg\/#\/schema\/logo\/image\/"},"sameAs":["https:\/\/www.facebook.com\/lavoixdelanation"]},{"@type":"Person","@id":"https:\/\/lavoixdelanation.tg\/#\/schema\/person\/6c489293aa38053673a9e554acb6e224","name":"La voix de la nation","image":{"@type":"ImageObject","inLanguage":"fr-FR","@id":"https:\/\/lavoixdelanation.tg\/#\/schema\/person\/image\/","url":"https:\/\/secure.gravatar.com\/avatar\/8aa135d4bbc794494cecaa8d483f6d6cc1023624868deaff686baed5e727a5a1?s=96&d=mm&r=g","contentUrl":"https:\/\/secure.gravatar.com\/avatar\/8aa135d4bbc794494cecaa8d483f6d6cc1023624868deaff686baed5e727a5a1?s=96&d=mm&r=g","caption":"La voix de la nation"},"sameAs":["https:\/\/lavoixdelanation.tg"],"url":"https:\/\/lavoixdelanation.tg\/index.php\/author\/lavn\/"}]}},"_links":{"self":[{"href":"https:\/\/lavoixdelanation.tg\/index.php\/wp-json\/wp\/v2\/posts\/4667","targetHints":{"allow":["GET"]}}],"collection":[{"href":"https:\/\/lavoixdelanation.tg\/index.php\/wp-json\/wp\/v2\/posts"}],"about":[{"href":"https:\/\/lavoixdelanation.tg\/index.php\/wp-json\/wp\/v2\/types\/post"}],"author":[{"embeddable":true,"href":"https:\/\/lavoixdelanation.tg\/index.php\/wp-json\/wp\/v2\/users\/1"}],"replies":[{"embeddable":true,"href":"https:\/\/lavoixdelanation.tg\/index.php\/wp-json\/wp\/v2\/comments?post=4667"}],"version-history":[{"count":1,"href":"https:\/\/lavoixdelanation.tg\/index.php\/wp-json\/wp\/v2\/posts\/4667\/revisions"}],"predecessor-version":[{"id":4670,"href":"https:\/\/lavoixdelanation.tg\/index.php\/wp-json\/wp\/v2\/posts\/4667\/revisions\/4670"}],"wp:featuredmedia":[{"embeddable":true,"href":"https:\/\/lavoixdelanation.tg\/index.php\/wp-json\/wp\/v2\/media\/4668"}],"wp:attachment":[{"href":"https:\/\/lavoixdelanation.tg\/index.php\/wp-json\/wp\/v2\/media?parent=4667"}],"wp:term":[{"taxonomy":"category","embeddable":true,"href":"https:\/\/lavoixdelanation.tg\/index.php\/wp-json\/wp\/v2\/categories?post=4667"},{"taxonomy":"post_tag","embeddable":true,"href":"https:\/\/lavoixdelanation.tg\/index.php\/wp-json\/wp\/v2\/tags?post=4667"}],"curies":[{"name":"wp","href":"https:\/\/api.w.org\/{rel}","templated":true}]}}