{"id":4380,"date":"2025-07-28T14:27:24","date_gmt":"2025-07-28T12:27:24","guid":{"rendered":"https:\/\/lavoixdelanation.tg\/?p=4380"},"modified":"2025-07-30T14:30:28","modified_gmt":"2025-07-30T12:30:28","slug":"danse-des-evala-2025-faure-gnassingbe-partage-des-moments-de-convivialite-avec-les-lutteurs","status":"publish","type":"post","link":"https:\/\/lavoixdelanation.tg\/index.php\/2025\/07\/28\/danse-des-evala-2025-faure-gnassingbe-partage-des-moments-de-convivialite-avec-les-lutteurs\/","title":{"rendered":"Danse des \u00c9vala 2025 : Faure Gnassingb\u00e9 partage des moments de convivialit\u00e9 avec les lutteurs"},"content":{"rendered":"\n<p><strong>Apr\u00e8s les luttes dans les ar\u00e8nes, place aux danses traditionnelles des \u00c9vala. Un moment de convivialit\u00e9 et de ferveur culturelle partag\u00e9 avec les jeunes lutteurs ce dimanche 27 juillet 2025 \u00e0 Pya par le Pr\u00e9sident du Conseil, Faure Gnassingb\u00e9.<\/strong><\/p>\n\n\n\n<p>Il s\u2019agit d\u2019une manifestation culturelle, empreinte de symbolisme marquant la fin de huit (08) jours de luttes traditionnelles Evala dans les cantons de la pr\u00e9fecture de la Kozah et de Yaka dans le Doufelgou.<\/p>\n\n\n\n<p>La c\u00e9r\u00e9monie a \u00e9t\u00e9 rythm\u00e9e par des chants traditionnels, porteurs de messages de paix, de coh\u00e9sion sociale et de solidarit\u00e9, r\u00e9affirmant ainsi le r\u00f4le fondamental des \u00c9vala dans la consolidation du vivre-ensemble et la transmission des valeurs morales.<\/p>\n\n\n\n<p>Dans son intervention, Faure Gnassingb\u00e9 a f\u00e9licit\u00e9 les jeunes lutteurs pour leur discipline et le respect des normes et valeurs traditionnelles tout au long des festivit\u00e9s, les invitant \u00e0 s\u2019impliquer davantage dans l\u2019observance de ces rites ancestraux, et \u00e0 se positionner comme de v\u00e9ritables vecteurs de paix et de stabilit\u00e9.<\/p>\n\n\n\n<figure class=\"wp-block-image size-full\"><img loading=\"lazy\" decoding=\"async\" width=\"900\" height=\"534\" src=\"https:\/\/lavoixdelanation.tg\/wp-content\/uploads\/2025\/07\/Danse-des-Evala.jpg\" alt=\"\" class=\"wp-image-4382\" srcset=\"https:\/\/lavoixdelanation.tg\/wp-content\/uploads\/2025\/07\/Danse-des-Evala.jpg 900w, https:\/\/lavoixdelanation.tg\/wp-content\/uploads\/2025\/07\/Danse-des-Evala-300x178.jpg 300w, https:\/\/lavoixdelanation.tg\/wp-content\/uploads\/2025\/07\/Danse-des-Evala-768x456.jpg 768w\" sizes=\"auto, (max-width: 900px) 100vw, 900px\" \/><\/figure>\n\n\n\n<p>En qualit\u00e9 de porte-paroles des Evala, les ministres Essow\u00e8 Georges Barcola et Pascal Akoussoul\u00e8lou Bodjona ont pour leur part, exprim\u00e9 leur profonde gratitude au Pr\u00e9sident du Conseil pour son engagement constant et ind\u00e9fectible en faveur de la pr\u00e9servation et de la promotion du patrimoine culturel togolais.<\/p>\n\n\n\n<p>Pour rappel, les luttes traditionnelles Evala sont un moment d\u2019exaltation culturelle et d\u2019expression identitaire. Elles rev\u00eatent une port\u00e9e symbolique majeure dans le processus initiatique des jeunes Kaby\u00e8, marquant leur passage \u00e0 l\u2019\u00e2ge adulte.<\/p>\n\n\n\n<p><strong>DKS<\/strong><\/p>\n","protected":false},"excerpt":{"rendered":"<p>Apr\u00e8s les luttes dans les ar\u00e8nes, place aux danses traditionnelles des \u00c9vala. Un moment de convivialit\u00e9 et de ferveur culturelle partag\u00e9 avec les jeunes lutteurs ce dimanche 27 juillet 2025&hellip; <\/p>\n","protected":false},"author":1,"featured_media":4381,"comment_status":"open","ping_status":"open","sticky":false,"template":"","format":"standard","meta":{"footnotes":""},"categories":[29],"tags":[851,45,830,462,39],"class_list":["post-4380","post","type-post","status-publish","format-standard","has-post-thumbnail","hentry","category-societe","tag-danse-des-evala-2025","tag-faure-gnassingbe","tag-luttes-traditionnelles-evala","tag-pays-kabye","tag-togo"],"yoast_head":"<!-- This site is optimized with the Yoast SEO plugin v26.4 - https:\/\/yoast.com\/wordpress\/plugins\/seo\/ -->\n<title>Danse des \u00c9vala 2025 : Faure Gnassingb\u00e9 partage des moments de convivialit\u00e9 avec les lutteurs - La Voix de la Nation<\/title>\n<meta name=\"description\" content=\"Apr\u00e8s les luttes dans les ar\u00e8nes, place aux danses traditionnelles des \u00c9vala. Un moment de convivialit\u00e9 et de ferveur culturelle partag\u00e9 avec les jeunes lutteurs ce dimanche 27 juillet 2025 \u00e0 Pya par le Pr\u00e9sident du Conseil, Faure Gnassingb\u00e9.\" \/>\n<meta name=\"robots\" content=\"index, follow, max-snippet:-1, max-image-preview:large, max-video-preview:-1\" \/>\n<link rel=\"canonical\" href=\"https:\/\/lavoixdelanation.tg\/index.php\/2025\/07\/28\/danse-des-evala-2025-faure-gnassingbe-partage-des-moments-de-convivialite-avec-les-lutteurs\/\" \/>\n<meta property=\"og:locale\" content=\"fr_FR\" \/>\n<meta property=\"og:type\" content=\"article\" \/>\n<meta property=\"og:title\" content=\"Danse des \u00c9vala 2025 : Faure Gnassingb\u00e9 partage des moments de convivialit\u00e9 avec les lutteurs - La Voix de la Nation\" \/>\n<meta property=\"og:description\" content=\"Apr\u00e8s les luttes dans les ar\u00e8nes, place aux danses traditionnelles des \u00c9vala. Un moment de convivialit\u00e9 et de ferveur culturelle partag\u00e9 avec les jeunes lutteurs ce dimanche 27 juillet 2025 \u00e0 Pya par le Pr\u00e9sident du Conseil, Faure Gnassingb\u00e9.\" \/>\n<meta property=\"og:url\" content=\"https:\/\/lavoixdelanation.tg\/index.php\/2025\/07\/28\/danse-des-evala-2025-faure-gnassingbe-partage-des-moments-de-convivialite-avec-les-lutteurs\/\" \/>\n<meta property=\"og:site_name\" content=\"La Voix de la Nation\" \/>\n<meta property=\"article:publisher\" content=\"https:\/\/www.facebook.com\/lavoixdelanation\" \/>\n<meta property=\"article:published_time\" content=\"2025-07-28T12:27:24+00:00\" \/>\n<meta property=\"article:modified_time\" content=\"2025-07-30T12:30:28+00:00\" \/>\n<meta property=\"og:image\" content=\"https:\/\/lavoixdelanation.tg\/wp-content\/uploads\/2025\/07\/La-danse-des-Evala-2025-a-Pya-au-Togo.jpg\" \/>\n\t<meta property=\"og:image:width\" content=\"800\" \/>\n\t<meta property=\"og:image:height\" content=\"533\" \/>\n\t<meta property=\"og:image:type\" content=\"image\/jpeg\" \/>\n<meta name=\"author\" content=\"La voix de la nation\" \/>\n<meta name=\"twitter:card\" content=\"summary_large_image\" \/>\n<meta name=\"twitter:label1\" content=\"\u00c9crit par\" \/>\n\t<meta name=\"twitter:data1\" content=\"La voix de la nation\" \/>\n\t<meta name=\"twitter:label2\" content=\"Dur\u00e9e de lecture estim\u00e9e\" \/>\n\t<meta name=\"twitter:data2\" content=\"2 minutes\" \/>\n<script type=\"application\/ld+json\" class=\"yoast-schema-graph\">{\"@context\":\"https:\/\/schema.org\",\"@graph\":[{\"@type\":\"Article\",\"@id\":\"https:\/\/lavoixdelanation.tg\/index.php\/2025\/07\/28\/danse-des-evala-2025-faure-gnassingbe-partage-des-moments-de-convivialite-avec-les-lutteurs\/#article\",\"isPartOf\":{\"@id\":\"https:\/\/lavoixdelanation.tg\/index.php\/2025\/07\/28\/danse-des-evala-2025-faure-gnassingbe-partage-des-moments-de-convivialite-avec-les-lutteurs\/\"},\"author\":{\"name\":\"La voix de la nation\",\"@id\":\"https:\/\/lavoixdelanation.tg\/#\/schema\/person\/6c489293aa38053673a9e554acb6e224\"},\"headline\":\"Danse des \u00c9vala 2025 : Faure Gnassingb\u00e9 partage des moments de convivialit\u00e9 avec les lutteurs\",\"datePublished\":\"2025-07-28T12:27:24+00:00\",\"dateModified\":\"2025-07-30T12:30:28+00:00\",\"mainEntityOfPage\":{\"@id\":\"https:\/\/lavoixdelanation.tg\/index.php\/2025\/07\/28\/danse-des-evala-2025-faure-gnassingbe-partage-des-moments-de-convivialite-avec-les-lutteurs\/\"},\"wordCount\":273,\"commentCount\":0,\"publisher\":{\"@id\":\"https:\/\/lavoixdelanation.tg\/#organization\"},\"image\":{\"@id\":\"https:\/\/lavoixdelanation.tg\/index.php\/2025\/07\/28\/danse-des-evala-2025-faure-gnassingbe-partage-des-moments-de-convivialite-avec-les-lutteurs\/#primaryimage\"},\"thumbnailUrl\":\"https:\/\/lavoixdelanation.tg\/wp-content\/uploads\/2025\/07\/La-danse-des-Evala-2025-a-Pya-au-Togo.jpg\",\"keywords\":[\"Danse des \u00c9vala 2025\",\"Faure Gnassingb\u00e9\",\"luttes traditionnelles Evala\",\"Pays kaby\u00e8\",\"Togo\"],\"articleSection\":[\"Soci\u00e9t\u00e9\"],\"inLanguage\":\"fr-FR\",\"potentialAction\":[{\"@type\":\"CommentAction\",\"name\":\"Comment\",\"target\":[\"https:\/\/lavoixdelanation.tg\/index.php\/2025\/07\/28\/danse-des-evala-2025-faure-gnassingbe-partage-des-moments-de-convivialite-avec-les-lutteurs\/#respond\"]}]},{\"@type\":\"WebPage\",\"@id\":\"https:\/\/lavoixdelanation.tg\/index.php\/2025\/07\/28\/danse-des-evala-2025-faure-gnassingbe-partage-des-moments-de-convivialite-avec-les-lutteurs\/\",\"url\":\"https:\/\/lavoixdelanation.tg\/index.php\/2025\/07\/28\/danse-des-evala-2025-faure-gnassingbe-partage-des-moments-de-convivialite-avec-les-lutteurs\/\",\"name\":\"Danse des \u00c9vala 2025 : Faure Gnassingb\u00e9 partage des moments de convivialit\u00e9 avec les lutteurs - La Voix de la Nation\",\"isPartOf\":{\"@id\":\"https:\/\/lavoixdelanation.tg\/#website\"},\"primaryImageOfPage\":{\"@id\":\"https:\/\/lavoixdelanation.tg\/index.php\/2025\/07\/28\/danse-des-evala-2025-faure-gnassingbe-partage-des-moments-de-convivialite-avec-les-lutteurs\/#primaryimage\"},\"image\":{\"@id\":\"https:\/\/lavoixdelanation.tg\/index.php\/2025\/07\/28\/danse-des-evala-2025-faure-gnassingbe-partage-des-moments-de-convivialite-avec-les-lutteurs\/#primaryimage\"},\"thumbnailUrl\":\"https:\/\/lavoixdelanation.tg\/wp-content\/uploads\/2025\/07\/La-danse-des-Evala-2025-a-Pya-au-Togo.jpg\",\"datePublished\":\"2025-07-28T12:27:24+00:00\",\"dateModified\":\"2025-07-30T12:30:28+00:00\",\"description\":\"Apr\u00e8s les luttes dans les ar\u00e8nes, place aux danses traditionnelles des \u00c9vala. Un moment de convivialit\u00e9 et de ferveur culturelle partag\u00e9 avec les jeunes lutteurs ce dimanche 27 juillet 2025 \u00e0 Pya par le Pr\u00e9sident du Conseil, Faure Gnassingb\u00e9.\",\"breadcrumb\":{\"@id\":\"https:\/\/lavoixdelanation.tg\/index.php\/2025\/07\/28\/danse-des-evala-2025-faure-gnassingbe-partage-des-moments-de-convivialite-avec-les-lutteurs\/#breadcrumb\"},\"inLanguage\":\"fr-FR\",\"potentialAction\":[{\"@type\":\"ReadAction\",\"target\":[\"https:\/\/lavoixdelanation.tg\/index.php\/2025\/07\/28\/danse-des-evala-2025-faure-gnassingbe-partage-des-moments-de-convivialite-avec-les-lutteurs\/\"]}]},{\"@type\":\"ImageObject\",\"inLanguage\":\"fr-FR\",\"@id\":\"https:\/\/lavoixdelanation.tg\/index.php\/2025\/07\/28\/danse-des-evala-2025-faure-gnassingbe-partage-des-moments-de-convivialite-avec-les-lutteurs\/#primaryimage\",\"url\":\"https:\/\/lavoixdelanation.tg\/wp-content\/uploads\/2025\/07\/La-danse-des-Evala-2025-a-Pya-au-Togo.jpg\",\"contentUrl\":\"https:\/\/lavoixdelanation.tg\/wp-content\/uploads\/2025\/07\/La-danse-des-Evala-2025-a-Pya-au-Togo.jpg\",\"width\":800,\"height\":533},{\"@type\":\"BreadcrumbList\",\"@id\":\"https:\/\/lavoixdelanation.tg\/index.php\/2025\/07\/28\/danse-des-evala-2025-faure-gnassingbe-partage-des-moments-de-convivialite-avec-les-lutteurs\/#breadcrumb\",\"itemListElement\":[{\"@type\":\"ListItem\",\"position\":1,\"name\":\"Accueil\",\"item\":\"https:\/\/lavoixdelanation.tg\/\"},{\"@type\":\"ListItem\",\"position\":2,\"name\":\"Danse des \u00c9vala 2025 : Faure Gnassingb\u00e9 partage des moments de convivialit\u00e9 avec les lutteurs\"}]},{\"@type\":\"WebSite\",\"@id\":\"https:\/\/lavoixdelanation.tg\/#website\",\"url\":\"https:\/\/lavoixdelanation.tg\/\",\"name\":\"La Voix de la Nation\",\"description\":\"R\u00e9c\u00e9piss\u00e9 n\u00b00108\/HAAC\/01-2024\/pl\/P\",\"publisher\":{\"@id\":\"https:\/\/lavoixdelanation.tg\/#organization\"},\"alternateName\":\"VON\",\"potentialAction\":[{\"@type\":\"SearchAction\",\"target\":{\"@type\":\"EntryPoint\",\"urlTemplate\":\"https:\/\/lavoixdelanation.tg\/?s={search_term_string}\"},\"query-input\":{\"@type\":\"PropertyValueSpecification\",\"valueRequired\":true,\"valueName\":\"search_term_string\"}}],\"inLanguage\":\"fr-FR\"},{\"@type\":\"Organization\",\"@id\":\"https:\/\/lavoixdelanation.tg\/#organization\",\"name\":\"La Voix de la Nation\",\"url\":\"https:\/\/lavoixdelanation.tg\/\",\"logo\":{\"@type\":\"ImageObject\",\"inLanguage\":\"fr-FR\",\"@id\":\"https:\/\/lavoixdelanation.tg\/#\/schema\/logo\/image\/\",\"url\":\"https:\/\/lavoixdelanation.tg\/wp-content\/uploads\/2024\/12\/lavn-1.png\",\"contentUrl\":\"https:\/\/lavoixdelanation.tg\/wp-content\/uploads\/2024\/12\/lavn-1.png\",\"width\":1024,\"height\":464,\"caption\":\"La Voix de la Nation\"},\"image\":{\"@id\":\"https:\/\/lavoixdelanation.tg\/#\/schema\/logo\/image\/\"},\"sameAs\":[\"https:\/\/www.facebook.com\/lavoixdelanation\"]},{\"@type\":\"Person\",\"@id\":\"https:\/\/lavoixdelanation.tg\/#\/schema\/person\/6c489293aa38053673a9e554acb6e224\",\"name\":\"La voix de la nation\",\"image\":{\"@type\":\"ImageObject\",\"inLanguage\":\"fr-FR\",\"@id\":\"https:\/\/lavoixdelanation.tg\/#\/schema\/person\/image\/\",\"url\":\"https:\/\/secure.gravatar.com\/avatar\/8aa135d4bbc794494cecaa8d483f6d6cc1023624868deaff686baed5e727a5a1?s=96&d=mm&r=g\",\"contentUrl\":\"https:\/\/secure.gravatar.com\/avatar\/8aa135d4bbc794494cecaa8d483f6d6cc1023624868deaff686baed5e727a5a1?s=96&d=mm&r=g\",\"caption\":\"La voix de la nation\"},\"sameAs\":[\"https:\/\/lavoixdelanation.tg\"],\"url\":\"https:\/\/lavoixdelanation.tg\/index.php\/author\/lavn\/\"}]}<\/script>\n<!-- \/ Yoast SEO plugin. -->","yoast_head_json":{"title":"Danse des \u00c9vala 2025 : Faure Gnassingb\u00e9 partage des moments de convivialit\u00e9 avec les lutteurs - La Voix de la Nation","description":"Apr\u00e8s les luttes dans les ar\u00e8nes, place aux danses traditionnelles des \u00c9vala. Un moment de convivialit\u00e9 et de ferveur culturelle partag\u00e9 avec les jeunes lutteurs ce dimanche 27 juillet 2025 \u00e0 Pya par le Pr\u00e9sident du Conseil, Faure Gnassingb\u00e9.","robots":{"index":"index","follow":"follow","max-snippet":"max-snippet:-1","max-image-preview":"max-image-preview:large","max-video-preview":"max-video-preview:-1"},"canonical":"https:\/\/lavoixdelanation.tg\/index.php\/2025\/07\/28\/danse-des-evala-2025-faure-gnassingbe-partage-des-moments-de-convivialite-avec-les-lutteurs\/","og_locale":"fr_FR","og_type":"article","og_title":"Danse des \u00c9vala 2025 : Faure Gnassingb\u00e9 partage des moments de convivialit\u00e9 avec les lutteurs - La Voix de la Nation","og_description":"Apr\u00e8s les luttes dans les ar\u00e8nes, place aux danses traditionnelles des \u00c9vala. Un moment de convivialit\u00e9 et de ferveur culturelle partag\u00e9 avec les jeunes lutteurs ce dimanche 27 juillet 2025 \u00e0 Pya par le Pr\u00e9sident du Conseil, Faure Gnassingb\u00e9.","og_url":"https:\/\/lavoixdelanation.tg\/index.php\/2025\/07\/28\/danse-des-evala-2025-faure-gnassingbe-partage-des-moments-de-convivialite-avec-les-lutteurs\/","og_site_name":"La Voix de la Nation","article_publisher":"https:\/\/www.facebook.com\/lavoixdelanation","article_published_time":"2025-07-28T12:27:24+00:00","article_modified_time":"2025-07-30T12:30:28+00:00","og_image":[{"width":800,"height":533,"url":"https:\/\/lavoixdelanation.tg\/wp-content\/uploads\/2025\/07\/La-danse-des-Evala-2025-a-Pya-au-Togo.jpg","type":"image\/jpeg"}],"author":"La voix de la nation","twitter_card":"summary_large_image","twitter_misc":{"\u00c9crit par":"La voix de la nation","Dur\u00e9e de lecture estim\u00e9e":"2 minutes"},"schema":{"@context":"https:\/\/schema.org","@graph":[{"@type":"Article","@id":"https:\/\/lavoixdelanation.tg\/index.php\/2025\/07\/28\/danse-des-evala-2025-faure-gnassingbe-partage-des-moments-de-convivialite-avec-les-lutteurs\/#article","isPartOf":{"@id":"https:\/\/lavoixdelanation.tg\/index.php\/2025\/07\/28\/danse-des-evala-2025-faure-gnassingbe-partage-des-moments-de-convivialite-avec-les-lutteurs\/"},"author":{"name":"La voix de la nation","@id":"https:\/\/lavoixdelanation.tg\/#\/schema\/person\/6c489293aa38053673a9e554acb6e224"},"headline":"Danse des \u00c9vala 2025 : Faure Gnassingb\u00e9 partage des moments de convivialit\u00e9 avec les lutteurs","datePublished":"2025-07-28T12:27:24+00:00","dateModified":"2025-07-30T12:30:28+00:00","mainEntityOfPage":{"@id":"https:\/\/lavoixdelanation.tg\/index.php\/2025\/07\/28\/danse-des-evala-2025-faure-gnassingbe-partage-des-moments-de-convivialite-avec-les-lutteurs\/"},"wordCount":273,"commentCount":0,"publisher":{"@id":"https:\/\/lavoixdelanation.tg\/#organization"},"image":{"@id":"https:\/\/lavoixdelanation.tg\/index.php\/2025\/07\/28\/danse-des-evala-2025-faure-gnassingbe-partage-des-moments-de-convivialite-avec-les-lutteurs\/#primaryimage"},"thumbnailUrl":"https:\/\/lavoixdelanation.tg\/wp-content\/uploads\/2025\/07\/La-danse-des-Evala-2025-a-Pya-au-Togo.jpg","keywords":["Danse des \u00c9vala 2025","Faure Gnassingb\u00e9","luttes traditionnelles Evala","Pays kaby\u00e8","Togo"],"articleSection":["Soci\u00e9t\u00e9"],"inLanguage":"fr-FR","potentialAction":[{"@type":"CommentAction","name":"Comment","target":["https:\/\/lavoixdelanation.tg\/index.php\/2025\/07\/28\/danse-des-evala-2025-faure-gnassingbe-partage-des-moments-de-convivialite-avec-les-lutteurs\/#respond"]}]},{"@type":"WebPage","@id":"https:\/\/lavoixdelanation.tg\/index.php\/2025\/07\/28\/danse-des-evala-2025-faure-gnassingbe-partage-des-moments-de-convivialite-avec-les-lutteurs\/","url":"https:\/\/lavoixdelanation.tg\/index.php\/2025\/07\/28\/danse-des-evala-2025-faure-gnassingbe-partage-des-moments-de-convivialite-avec-les-lutteurs\/","name":"Danse des \u00c9vala 2025 : Faure Gnassingb\u00e9 partage des moments de convivialit\u00e9 avec les lutteurs - La Voix de la Nation","isPartOf":{"@id":"https:\/\/lavoixdelanation.tg\/#website"},"primaryImageOfPage":{"@id":"https:\/\/lavoixdelanation.tg\/index.php\/2025\/07\/28\/danse-des-evala-2025-faure-gnassingbe-partage-des-moments-de-convivialite-avec-les-lutteurs\/#primaryimage"},"image":{"@id":"https:\/\/lavoixdelanation.tg\/index.php\/2025\/07\/28\/danse-des-evala-2025-faure-gnassingbe-partage-des-moments-de-convivialite-avec-les-lutteurs\/#primaryimage"},"thumbnailUrl":"https:\/\/lavoixdelanation.tg\/wp-content\/uploads\/2025\/07\/La-danse-des-Evala-2025-a-Pya-au-Togo.jpg","datePublished":"2025-07-28T12:27:24+00:00","dateModified":"2025-07-30T12:30:28+00:00","description":"Apr\u00e8s les luttes dans les ar\u00e8nes, place aux danses traditionnelles des \u00c9vala. Un moment de convivialit\u00e9 et de ferveur culturelle partag\u00e9 avec les jeunes lutteurs ce dimanche 27 juillet 2025 \u00e0 Pya par le Pr\u00e9sident du Conseil, Faure Gnassingb\u00e9.","breadcrumb":{"@id":"https:\/\/lavoixdelanation.tg\/index.php\/2025\/07\/28\/danse-des-evala-2025-faure-gnassingbe-partage-des-moments-de-convivialite-avec-les-lutteurs\/#breadcrumb"},"inLanguage":"fr-FR","potentialAction":[{"@type":"ReadAction","target":["https:\/\/lavoixdelanation.tg\/index.php\/2025\/07\/28\/danse-des-evala-2025-faure-gnassingbe-partage-des-moments-de-convivialite-avec-les-lutteurs\/"]}]},{"@type":"ImageObject","inLanguage":"fr-FR","@id":"https:\/\/lavoixdelanation.tg\/index.php\/2025\/07\/28\/danse-des-evala-2025-faure-gnassingbe-partage-des-moments-de-convivialite-avec-les-lutteurs\/#primaryimage","url":"https:\/\/lavoixdelanation.tg\/wp-content\/uploads\/2025\/07\/La-danse-des-Evala-2025-a-Pya-au-Togo.jpg","contentUrl":"https:\/\/lavoixdelanation.tg\/wp-content\/uploads\/2025\/07\/La-danse-des-Evala-2025-a-Pya-au-Togo.jpg","width":800,"height":533},{"@type":"BreadcrumbList","@id":"https:\/\/lavoixdelanation.tg\/index.php\/2025\/07\/28\/danse-des-evala-2025-faure-gnassingbe-partage-des-moments-de-convivialite-avec-les-lutteurs\/#breadcrumb","itemListElement":[{"@type":"ListItem","position":1,"name":"Accueil","item":"https:\/\/lavoixdelanation.tg\/"},{"@type":"ListItem","position":2,"name":"Danse des \u00c9vala 2025 : Faure Gnassingb\u00e9 partage des moments de convivialit\u00e9 avec les lutteurs"}]},{"@type":"WebSite","@id":"https:\/\/lavoixdelanation.tg\/#website","url":"https:\/\/lavoixdelanation.tg\/","name":"La Voix de la Nation","description":"R\u00e9c\u00e9piss\u00e9 n\u00b00108\/HAAC\/01-2024\/pl\/P","publisher":{"@id":"https:\/\/lavoixdelanation.tg\/#organization"},"alternateName":"VON","potentialAction":[{"@type":"SearchAction","target":{"@type":"EntryPoint","urlTemplate":"https:\/\/lavoixdelanation.tg\/?s={search_term_string}"},"query-input":{"@type":"PropertyValueSpecification","valueRequired":true,"valueName":"search_term_string"}}],"inLanguage":"fr-FR"},{"@type":"Organization","@id":"https:\/\/lavoixdelanation.tg\/#organization","name":"La Voix de la Nation","url":"https:\/\/lavoixdelanation.tg\/","logo":{"@type":"ImageObject","inLanguage":"fr-FR","@id":"https:\/\/lavoixdelanation.tg\/#\/schema\/logo\/image\/","url":"https:\/\/lavoixdelanation.tg\/wp-content\/uploads\/2024\/12\/lavn-1.png","contentUrl":"https:\/\/lavoixdelanation.tg\/wp-content\/uploads\/2024\/12\/lavn-1.png","width":1024,"height":464,"caption":"La Voix de la Nation"},"image":{"@id":"https:\/\/lavoixdelanation.tg\/#\/schema\/logo\/image\/"},"sameAs":["https:\/\/www.facebook.com\/lavoixdelanation"]},{"@type":"Person","@id":"https:\/\/lavoixdelanation.tg\/#\/schema\/person\/6c489293aa38053673a9e554acb6e224","name":"La voix de la nation","image":{"@type":"ImageObject","inLanguage":"fr-FR","@id":"https:\/\/lavoixdelanation.tg\/#\/schema\/person\/image\/","url":"https:\/\/secure.gravatar.com\/avatar\/8aa135d4bbc794494cecaa8d483f6d6cc1023624868deaff686baed5e727a5a1?s=96&d=mm&r=g","contentUrl":"https:\/\/secure.gravatar.com\/avatar\/8aa135d4bbc794494cecaa8d483f6d6cc1023624868deaff686baed5e727a5a1?s=96&d=mm&r=g","caption":"La voix de la nation"},"sameAs":["https:\/\/lavoixdelanation.tg"],"url":"https:\/\/lavoixdelanation.tg\/index.php\/author\/lavn\/"}]}},"_links":{"self":[{"href":"https:\/\/lavoixdelanation.tg\/index.php\/wp-json\/wp\/v2\/posts\/4380","targetHints":{"allow":["GET"]}}],"collection":[{"href":"https:\/\/lavoixdelanation.tg\/index.php\/wp-json\/wp\/v2\/posts"}],"about":[{"href":"https:\/\/lavoixdelanation.tg\/index.php\/wp-json\/wp\/v2\/types\/post"}],"author":[{"embeddable":true,"href":"https:\/\/lavoixdelanation.tg\/index.php\/wp-json\/wp\/v2\/users\/1"}],"replies":[{"embeddable":true,"href":"https:\/\/lavoixdelanation.tg\/index.php\/wp-json\/wp\/v2\/comments?post=4380"}],"version-history":[{"count":1,"href":"https:\/\/lavoixdelanation.tg\/index.php\/wp-json\/wp\/v2\/posts\/4380\/revisions"}],"predecessor-version":[{"id":4383,"href":"https:\/\/lavoixdelanation.tg\/index.php\/wp-json\/wp\/v2\/posts\/4380\/revisions\/4383"}],"wp:featuredmedia":[{"embeddable":true,"href":"https:\/\/lavoixdelanation.tg\/index.php\/wp-json\/wp\/v2\/media\/4381"}],"wp:attachment":[{"href":"https:\/\/lavoixdelanation.tg\/index.php\/wp-json\/wp\/v2\/media?parent=4380"}],"wp:term":[{"taxonomy":"category","embeddable":true,"href":"https:\/\/lavoixdelanation.tg\/index.php\/wp-json\/wp\/v2\/categories?post=4380"},{"taxonomy":"post_tag","embeddable":true,"href":"https:\/\/lavoixdelanation.tg\/index.php\/wp-json\/wp\/v2\/tags?post=4380"}],"curies":[{"name":"wp","href":"https:\/\/api.w.org\/{rel}","templated":true}]}}