{"id":4369,"date":"2025-07-29T22:16:00","date_gmt":"2025-07-29T20:16:00","guid":{"rendered":"https:\/\/lavoixdelanation.tg\/?p=4369"},"modified":"2025-07-30T09:21:58","modified_gmt":"2025-07-30T07:21:58","slug":"diplomatie-la-nouvelle-ambassadrice-de-chine-wang-min-presence-ses-lettres-de-creance-a-jean-lucien-savi-de-tove","status":"publish","type":"post","link":"https:\/\/lavoixdelanation.tg\/index.php\/2025\/07\/29\/diplomatie-la-nouvelle-ambassadrice-de-chine-wang-min-presence-ses-lettres-de-creance-a-jean-lucien-savi-de-tove\/","title":{"rendered":"Diplomatie\u00a0: La nouvelle ambassadrice de Chine,\u00a0Wang Min pr\u00e9sence ses lettres de cr\u00e9ance \u00e0 Jean-Lucien Savi de Tov\u00e9"},"content":{"rendered":"\n<p><strong>La nouvelle&nbsp;ambassadrice de Chine au Togo,&nbsp;Wang Min a pr\u00e9sent\u00e9 ce mardi 29 juillet 2025 \u00e0 Lom\u00e9, ses lettres de cr\u00e9ance au Pr\u00e9sident de la R\u00e9publique,&nbsp;Jean-Lucien Kwassi Lanyo&nbsp;Savi de Tov\u00e9.<\/strong><\/p>\n\n\n\n<p>La diplomate chinoise s\u2019est r\u00e9jouie de cette c\u00e9r\u00e9monie qui s\u2019inscrit dans la dynamique des efforts de consolidation des liens de coop\u00e9ration entre P\u00e9kin et Lom\u00e9 qui sont hiss\u00e9s au rang de partenariat strat\u00e9gique global depuis le 2 septembre 2024 \u00e0 l\u2019occasion du neuvi\u00e8me sommet du Forum \u00e9conomique sino-africain (FOCAC2024).<\/p>\n\n\n\n<p>La nouvelle Ambassadrice Wang Min entend \u0153uvrer \u00e0 la consolidation de ce partenariat strat\u00e9gique global entre la Chine et le Togo dans esprit d\u2019amiti\u00e9 et de respect mutuel.<\/p>\n\n\n\n<p>Wang Min a indiqu\u00e9 avoir transmis \u00e0 Jean-Lucien Savi de Tov\u00e9, les salutations cordiales et les meilleurs v\u0153ux du Pr\u00e9sident Xi Jinping.<\/p>\n\n\n\n<figure class=\"wp-block-image size-large\"><img loading=\"lazy\" decoding=\"async\" width=\"1024\" height=\"810\" src=\"https:\/\/lavoixdelanation.tg\/wp-content\/uploads\/2025\/07\/Wang-Min-nouvelle-ambassadrice-de-Chine-au-Togo-1024x810.jpeg\" alt=\"\" class=\"wp-image-4371\" srcset=\"https:\/\/lavoixdelanation.tg\/wp-content\/uploads\/2025\/07\/Wang-Min-nouvelle-ambassadrice-de-Chine-au-Togo-1024x810.jpeg 1024w, https:\/\/lavoixdelanation.tg\/wp-content\/uploads\/2025\/07\/Wang-Min-nouvelle-ambassadrice-de-Chine-au-Togo-300x237.jpeg 300w, https:\/\/lavoixdelanation.tg\/wp-content\/uploads\/2025\/07\/Wang-Min-nouvelle-ambassadrice-de-Chine-au-Togo-768x607.jpeg 768w, https:\/\/lavoixdelanation.tg\/wp-content\/uploads\/2025\/07\/Wang-Min-nouvelle-ambassadrice-de-Chine-au-Togo-1536x1214.jpeg 1536w, https:\/\/lavoixdelanation.tg\/wp-content\/uploads\/2025\/07\/Wang-Min-nouvelle-ambassadrice-de-Chine-au-Togo.jpeg 1600w\" sizes=\"auto, (max-width: 1024px) 100vw, 1024px\" \/><\/figure>\n\n\n\n<p>\u00ab&nbsp;Lors du Sommet du FOCAC \u00e0 Beijing en septembre dernier, le Pr\u00e9sident XI Jinping et le Pr\u00e9sident Faure Essozimna Gnassingb\u00e9 ont port\u00e9 la coop\u00e9ration au niveau de partenariat strat\u00e9gique global. Les deux parties s\u2019emploient pour mettre en \u0153uvre les acquis de ce sommet. &nbsp;En tant que nouvelle Ambassadrice de Chine au Togo, je travaillerai sans rel\u00e2che pour faire avancer le partenariat strat\u00e9gique global Chine-Togo et r\u00e9diger de nouveaux chapitres de la communaut\u00e9 d\u2019avenir partag\u00e9 Chine-Afrique&nbsp;\u00bb, a-t-elle d\u00e9clar\u00e9.<\/p>\n\n\n\n<p>Il faut souligner que le Togo et la Chine entretiennent un partenariat mutuellement b\u00e9n\u00e9fique notamment dans les domaines des \u00e9changes commerciaux, \u00e9conomique, des infrastructures, de la sant\u00e9, l\u2019agriculture, des \u00e9nergies renouvelables, de l\u2019\u00e9ducation et de la formation professionnelle.<\/p>\n\n\n\n<p>Diplomate de formation, Mme Wang Min est avant sa nomination au Togo, Directrice g\u00e9n\u00e9rale adjointe au d\u00e9partement du protocole de Chine.<\/p>\n\n\n\n<p><strong>La R\u00e9daction<\/strong><\/p>\n","protected":false},"excerpt":{"rendered":"<p>La nouvelle&nbsp;ambassadrice de Chine au Togo,&nbsp;Wang Min a pr\u00e9sent\u00e9 ce mardi 29 juillet 2025 \u00e0 Lom\u00e9, ses lettres de cr\u00e9ance au Pr\u00e9sident de la R\u00e9publique,&nbsp;Jean-Lucien Kwassi Lanyo&nbsp;Savi de Tov\u00e9. La&hellip; <\/p>\n","protected":false},"author":1,"featured_media":4370,"comment_status":"open","ping_status":"open","sticky":false,"template":"","format":"standard","meta":{"footnotes":""},"categories":[12],"tags":[93,783,651,39,784],"class_list":["post-4369","post","type-post","status-publish","format-standard","has-post-thumbnail","hentry","category-diplomatie","tag-ambassadrice","tag-chine","tag-jean-lucien-savi-de-tove","tag-togo","tag-wang-min"],"yoast_head":"<!-- This site is optimized with the Yoast SEO plugin v26.4 - https:\/\/yoast.com\/wordpress\/plugins\/seo\/ -->\n<title>Diplomatie\u00a0: La nouvelle ambassadrice de Chine,\u00a0Wang Min pr\u00e9sence ses lettres de cr\u00e9ance \u00e0 Jean-Lucien Savi de Tov\u00e9 - La Voix de la Nation<\/title>\n<meta name=\"robots\" content=\"index, follow, max-snippet:-1, max-image-preview:large, max-video-preview:-1\" \/>\n<link rel=\"canonical\" href=\"https:\/\/lavoixdelanation.tg\/index.php\/2025\/07\/29\/diplomatie-la-nouvelle-ambassadrice-de-chine-wang-min-presence-ses-lettres-de-creance-a-jean-lucien-savi-de-tove\/\" \/>\n<meta property=\"og:locale\" content=\"fr_FR\" \/>\n<meta property=\"og:type\" content=\"article\" \/>\n<meta property=\"og:title\" content=\"Diplomatie\u00a0: La nouvelle ambassadrice de Chine,\u00a0Wang Min pr\u00e9sence ses lettres de cr\u00e9ance \u00e0 Jean-Lucien Savi de Tov\u00e9 - La Voix de la Nation\" \/>\n<meta property=\"og:description\" content=\"La nouvelle&nbsp;ambassadrice de Chine au Togo,&nbsp;Wang Min a pr\u00e9sent\u00e9 ce mardi 29 juillet 2025 \u00e0 Lom\u00e9, ses lettres de cr\u00e9ance au Pr\u00e9sident de la R\u00e9publique,&nbsp;Jean-Lucien Kwassi Lanyo&nbsp;Savi de Tov\u00e9. La&hellip;\" \/>\n<meta property=\"og:url\" content=\"https:\/\/lavoixdelanation.tg\/index.php\/2025\/07\/29\/diplomatie-la-nouvelle-ambassadrice-de-chine-wang-min-presence-ses-lettres-de-creance-a-jean-lucien-savi-de-tove\/\" \/>\n<meta property=\"og:site_name\" content=\"La Voix de la Nation\" \/>\n<meta property=\"article:publisher\" content=\"https:\/\/www.facebook.com\/lavoixdelanation\" \/>\n<meta property=\"article:published_time\" content=\"2025-07-29T20:16:00+00:00\" \/>\n<meta property=\"article:modified_time\" content=\"2025-07-30T07:21:58+00:00\" \/>\n<meta property=\"og:image\" content=\"https:\/\/lavoixdelanation.tg\/wp-content\/uploads\/2025\/07\/Wang-Min-presence-ses-lettres-de-creance-a-Jean-Lucien-Savi-de-Tove.jpeg\" \/>\n\t<meta property=\"og:image:width\" content=\"1280\" \/>\n\t<meta property=\"og:image:height\" content=\"893\" \/>\n\t<meta property=\"og:image:type\" content=\"image\/jpeg\" \/>\n<meta name=\"author\" content=\"La voix de la nation\" \/>\n<meta name=\"twitter:card\" content=\"summary_large_image\" \/>\n<meta name=\"twitter:label1\" content=\"\u00c9crit par\" \/>\n\t<meta name=\"twitter:data1\" content=\"La voix de la nation\" \/>\n\t<meta name=\"twitter:label2\" content=\"Dur\u00e9e de lecture estim\u00e9e\" \/>\n\t<meta name=\"twitter:data2\" content=\"2 minutes\" \/>\n<script type=\"application\/ld+json\" class=\"yoast-schema-graph\">{\"@context\":\"https:\/\/schema.org\",\"@graph\":[{\"@type\":\"Article\",\"@id\":\"https:\/\/lavoixdelanation.tg\/index.php\/2025\/07\/29\/diplomatie-la-nouvelle-ambassadrice-de-chine-wang-min-presence-ses-lettres-de-creance-a-jean-lucien-savi-de-tove\/#article\",\"isPartOf\":{\"@id\":\"https:\/\/lavoixdelanation.tg\/index.php\/2025\/07\/29\/diplomatie-la-nouvelle-ambassadrice-de-chine-wang-min-presence-ses-lettres-de-creance-a-jean-lucien-savi-de-tove\/\"},\"author\":{\"name\":\"La voix de la nation\",\"@id\":\"https:\/\/lavoixdelanation.tg\/#\/schema\/person\/6c489293aa38053673a9e554acb6e224\"},\"headline\":\"Diplomatie\u00a0: La nouvelle ambassadrice de Chine,\u00a0Wang Min pr\u00e9sence ses lettres de cr\u00e9ance \u00e0 Jean-Lucien Savi de Tov\u00e9\",\"datePublished\":\"2025-07-29T20:16:00+00:00\",\"dateModified\":\"2025-07-30T07:21:58+00:00\",\"mainEntityOfPage\":{\"@id\":\"https:\/\/lavoixdelanation.tg\/index.php\/2025\/07\/29\/diplomatie-la-nouvelle-ambassadrice-de-chine-wang-min-presence-ses-lettres-de-creance-a-jean-lucien-savi-de-tove\/\"},\"wordCount\":324,\"commentCount\":0,\"publisher\":{\"@id\":\"https:\/\/lavoixdelanation.tg\/#organization\"},\"image\":{\"@id\":\"https:\/\/lavoixdelanation.tg\/index.php\/2025\/07\/29\/diplomatie-la-nouvelle-ambassadrice-de-chine-wang-min-presence-ses-lettres-de-creance-a-jean-lucien-savi-de-tove\/#primaryimage\"},\"thumbnailUrl\":\"https:\/\/lavoixdelanation.tg\/wp-content\/uploads\/2025\/07\/Wang-Min-presence-ses-lettres-de-creance-a-Jean-Lucien-Savi-de-Tove.jpeg\",\"keywords\":[\"Ambassadrice\",\"Chine\",\"Jean-Lucien Savi de Tov\u00e9\",\"Togo\",\"Wang Min\"],\"articleSection\":[\"Diplomatie\"],\"inLanguage\":\"fr-FR\",\"potentialAction\":[{\"@type\":\"CommentAction\",\"name\":\"Comment\",\"target\":[\"https:\/\/lavoixdelanation.tg\/index.php\/2025\/07\/29\/diplomatie-la-nouvelle-ambassadrice-de-chine-wang-min-presence-ses-lettres-de-creance-a-jean-lucien-savi-de-tove\/#respond\"]}]},{\"@type\":\"WebPage\",\"@id\":\"https:\/\/lavoixdelanation.tg\/index.php\/2025\/07\/29\/diplomatie-la-nouvelle-ambassadrice-de-chine-wang-min-presence-ses-lettres-de-creance-a-jean-lucien-savi-de-tove\/\",\"url\":\"https:\/\/lavoixdelanation.tg\/index.php\/2025\/07\/29\/diplomatie-la-nouvelle-ambassadrice-de-chine-wang-min-presence-ses-lettres-de-creance-a-jean-lucien-savi-de-tove\/\",\"name\":\"Diplomatie\u00a0: La nouvelle ambassadrice de Chine,\u00a0Wang Min pr\u00e9sence ses lettres de cr\u00e9ance \u00e0 Jean-Lucien Savi de Tov\u00e9 - La Voix de la Nation\",\"isPartOf\":{\"@id\":\"https:\/\/lavoixdelanation.tg\/#website\"},\"primaryImageOfPage\":{\"@id\":\"https:\/\/lavoixdelanation.tg\/index.php\/2025\/07\/29\/diplomatie-la-nouvelle-ambassadrice-de-chine-wang-min-presence-ses-lettres-de-creance-a-jean-lucien-savi-de-tove\/#primaryimage\"},\"image\":{\"@id\":\"https:\/\/lavoixdelanation.tg\/index.php\/2025\/07\/29\/diplomatie-la-nouvelle-ambassadrice-de-chine-wang-min-presence-ses-lettres-de-creance-a-jean-lucien-savi-de-tove\/#primaryimage\"},\"thumbnailUrl\":\"https:\/\/lavoixdelanation.tg\/wp-content\/uploads\/2025\/07\/Wang-Min-presence-ses-lettres-de-creance-a-Jean-Lucien-Savi-de-Tove.jpeg\",\"datePublished\":\"2025-07-29T20:16:00+00:00\",\"dateModified\":\"2025-07-30T07:21:58+00:00\",\"breadcrumb\":{\"@id\":\"https:\/\/lavoixdelanation.tg\/index.php\/2025\/07\/29\/diplomatie-la-nouvelle-ambassadrice-de-chine-wang-min-presence-ses-lettres-de-creance-a-jean-lucien-savi-de-tove\/#breadcrumb\"},\"inLanguage\":\"fr-FR\",\"potentialAction\":[{\"@type\":\"ReadAction\",\"target\":[\"https:\/\/lavoixdelanation.tg\/index.php\/2025\/07\/29\/diplomatie-la-nouvelle-ambassadrice-de-chine-wang-min-presence-ses-lettres-de-creance-a-jean-lucien-savi-de-tove\/\"]}]},{\"@type\":\"ImageObject\",\"inLanguage\":\"fr-FR\",\"@id\":\"https:\/\/lavoixdelanation.tg\/index.php\/2025\/07\/29\/diplomatie-la-nouvelle-ambassadrice-de-chine-wang-min-presence-ses-lettres-de-creance-a-jean-lucien-savi-de-tove\/#primaryimage\",\"url\":\"https:\/\/lavoixdelanation.tg\/wp-content\/uploads\/2025\/07\/Wang-Min-presence-ses-lettres-de-creance-a-Jean-Lucien-Savi-de-Tove.jpeg\",\"contentUrl\":\"https:\/\/lavoixdelanation.tg\/wp-content\/uploads\/2025\/07\/Wang-Min-presence-ses-lettres-de-creance-a-Jean-Lucien-Savi-de-Tove.jpeg\",\"width\":1280,\"height\":893},{\"@type\":\"BreadcrumbList\",\"@id\":\"https:\/\/lavoixdelanation.tg\/index.php\/2025\/07\/29\/diplomatie-la-nouvelle-ambassadrice-de-chine-wang-min-presence-ses-lettres-de-creance-a-jean-lucien-savi-de-tove\/#breadcrumb\",\"itemListElement\":[{\"@type\":\"ListItem\",\"position\":1,\"name\":\"Accueil\",\"item\":\"https:\/\/lavoixdelanation.tg\/\"},{\"@type\":\"ListItem\",\"position\":2,\"name\":\"Diplomatie\u00a0: La nouvelle ambassadrice de Chine,\u00a0Wang Min pr\u00e9sence ses lettres de cr\u00e9ance \u00e0 Jean-Lucien Savi de Tov\u00e9\"}]},{\"@type\":\"WebSite\",\"@id\":\"https:\/\/lavoixdelanation.tg\/#website\",\"url\":\"https:\/\/lavoixdelanation.tg\/\",\"name\":\"La Voix de la Nation\",\"description\":\"R\u00e9c\u00e9piss\u00e9 n\u00b00108\/HAAC\/01-2024\/pl\/P\",\"publisher\":{\"@id\":\"https:\/\/lavoixdelanation.tg\/#organization\"},\"alternateName\":\"VON\",\"potentialAction\":[{\"@type\":\"SearchAction\",\"target\":{\"@type\":\"EntryPoint\",\"urlTemplate\":\"https:\/\/lavoixdelanation.tg\/?s={search_term_string}\"},\"query-input\":{\"@type\":\"PropertyValueSpecification\",\"valueRequired\":true,\"valueName\":\"search_term_string\"}}],\"inLanguage\":\"fr-FR\"},{\"@type\":\"Organization\",\"@id\":\"https:\/\/lavoixdelanation.tg\/#organization\",\"name\":\"La Voix de la Nation\",\"url\":\"https:\/\/lavoixdelanation.tg\/\",\"logo\":{\"@type\":\"ImageObject\",\"inLanguage\":\"fr-FR\",\"@id\":\"https:\/\/lavoixdelanation.tg\/#\/schema\/logo\/image\/\",\"url\":\"https:\/\/lavoixdelanation.tg\/wp-content\/uploads\/2024\/12\/lavn-1.png\",\"contentUrl\":\"https:\/\/lavoixdelanation.tg\/wp-content\/uploads\/2024\/12\/lavn-1.png\",\"width\":1024,\"height\":464,\"caption\":\"La Voix de la Nation\"},\"image\":{\"@id\":\"https:\/\/lavoixdelanation.tg\/#\/schema\/logo\/image\/\"},\"sameAs\":[\"https:\/\/www.facebook.com\/lavoixdelanation\"]},{\"@type\":\"Person\",\"@id\":\"https:\/\/lavoixdelanation.tg\/#\/schema\/person\/6c489293aa38053673a9e554acb6e224\",\"name\":\"La voix de la nation\",\"image\":{\"@type\":\"ImageObject\",\"inLanguage\":\"fr-FR\",\"@id\":\"https:\/\/lavoixdelanation.tg\/#\/schema\/person\/image\/\",\"url\":\"https:\/\/secure.gravatar.com\/avatar\/8aa135d4bbc794494cecaa8d483f6d6cc1023624868deaff686baed5e727a5a1?s=96&d=mm&r=g\",\"contentUrl\":\"https:\/\/secure.gravatar.com\/avatar\/8aa135d4bbc794494cecaa8d483f6d6cc1023624868deaff686baed5e727a5a1?s=96&d=mm&r=g\",\"caption\":\"La voix de la nation\"},\"sameAs\":[\"https:\/\/lavoixdelanation.tg\"],\"url\":\"https:\/\/lavoixdelanation.tg\/index.php\/author\/lavn\/\"}]}<\/script>\n<!-- \/ Yoast SEO plugin. -->","yoast_head_json":{"title":"Diplomatie\u00a0: La nouvelle ambassadrice de Chine,\u00a0Wang Min pr\u00e9sence ses lettres de cr\u00e9ance \u00e0 Jean-Lucien Savi de Tov\u00e9 - La Voix de la Nation","robots":{"index":"index","follow":"follow","max-snippet":"max-snippet:-1","max-image-preview":"max-image-preview:large","max-video-preview":"max-video-preview:-1"},"canonical":"https:\/\/lavoixdelanation.tg\/index.php\/2025\/07\/29\/diplomatie-la-nouvelle-ambassadrice-de-chine-wang-min-presence-ses-lettres-de-creance-a-jean-lucien-savi-de-tove\/","og_locale":"fr_FR","og_type":"article","og_title":"Diplomatie\u00a0: La nouvelle ambassadrice de Chine,\u00a0Wang Min pr\u00e9sence ses lettres de cr\u00e9ance \u00e0 Jean-Lucien Savi de Tov\u00e9 - La Voix de la Nation","og_description":"La nouvelle&nbsp;ambassadrice de Chine au Togo,&nbsp;Wang Min a pr\u00e9sent\u00e9 ce mardi 29 juillet 2025 \u00e0 Lom\u00e9, ses lettres de cr\u00e9ance au Pr\u00e9sident de la R\u00e9publique,&nbsp;Jean-Lucien Kwassi Lanyo&nbsp;Savi de Tov\u00e9. La&hellip;","og_url":"https:\/\/lavoixdelanation.tg\/index.php\/2025\/07\/29\/diplomatie-la-nouvelle-ambassadrice-de-chine-wang-min-presence-ses-lettres-de-creance-a-jean-lucien-savi-de-tove\/","og_site_name":"La Voix de la Nation","article_publisher":"https:\/\/www.facebook.com\/lavoixdelanation","article_published_time":"2025-07-29T20:16:00+00:00","article_modified_time":"2025-07-30T07:21:58+00:00","og_image":[{"width":1280,"height":893,"url":"https:\/\/lavoixdelanation.tg\/wp-content\/uploads\/2025\/07\/Wang-Min-presence-ses-lettres-de-creance-a-Jean-Lucien-Savi-de-Tove.jpeg","type":"image\/jpeg"}],"author":"La voix de la nation","twitter_card":"summary_large_image","twitter_misc":{"\u00c9crit par":"La voix de la nation","Dur\u00e9e de lecture estim\u00e9e":"2 minutes"},"schema":{"@context":"https:\/\/schema.org","@graph":[{"@type":"Article","@id":"https:\/\/lavoixdelanation.tg\/index.php\/2025\/07\/29\/diplomatie-la-nouvelle-ambassadrice-de-chine-wang-min-presence-ses-lettres-de-creance-a-jean-lucien-savi-de-tove\/#article","isPartOf":{"@id":"https:\/\/lavoixdelanation.tg\/index.php\/2025\/07\/29\/diplomatie-la-nouvelle-ambassadrice-de-chine-wang-min-presence-ses-lettres-de-creance-a-jean-lucien-savi-de-tove\/"},"author":{"name":"La voix de la nation","@id":"https:\/\/lavoixdelanation.tg\/#\/schema\/person\/6c489293aa38053673a9e554acb6e224"},"headline":"Diplomatie\u00a0: La nouvelle ambassadrice de Chine,\u00a0Wang Min pr\u00e9sence ses lettres de cr\u00e9ance \u00e0 Jean-Lucien Savi de Tov\u00e9","datePublished":"2025-07-29T20:16:00+00:00","dateModified":"2025-07-30T07:21:58+00:00","mainEntityOfPage":{"@id":"https:\/\/lavoixdelanation.tg\/index.php\/2025\/07\/29\/diplomatie-la-nouvelle-ambassadrice-de-chine-wang-min-presence-ses-lettres-de-creance-a-jean-lucien-savi-de-tove\/"},"wordCount":324,"commentCount":0,"publisher":{"@id":"https:\/\/lavoixdelanation.tg\/#organization"},"image":{"@id":"https:\/\/lavoixdelanation.tg\/index.php\/2025\/07\/29\/diplomatie-la-nouvelle-ambassadrice-de-chine-wang-min-presence-ses-lettres-de-creance-a-jean-lucien-savi-de-tove\/#primaryimage"},"thumbnailUrl":"https:\/\/lavoixdelanation.tg\/wp-content\/uploads\/2025\/07\/Wang-Min-presence-ses-lettres-de-creance-a-Jean-Lucien-Savi-de-Tove.jpeg","keywords":["Ambassadrice","Chine","Jean-Lucien Savi de Tov\u00e9","Togo","Wang Min"],"articleSection":["Diplomatie"],"inLanguage":"fr-FR","potentialAction":[{"@type":"CommentAction","name":"Comment","target":["https:\/\/lavoixdelanation.tg\/index.php\/2025\/07\/29\/diplomatie-la-nouvelle-ambassadrice-de-chine-wang-min-presence-ses-lettres-de-creance-a-jean-lucien-savi-de-tove\/#respond"]}]},{"@type":"WebPage","@id":"https:\/\/lavoixdelanation.tg\/index.php\/2025\/07\/29\/diplomatie-la-nouvelle-ambassadrice-de-chine-wang-min-presence-ses-lettres-de-creance-a-jean-lucien-savi-de-tove\/","url":"https:\/\/lavoixdelanation.tg\/index.php\/2025\/07\/29\/diplomatie-la-nouvelle-ambassadrice-de-chine-wang-min-presence-ses-lettres-de-creance-a-jean-lucien-savi-de-tove\/","name":"Diplomatie\u00a0: La nouvelle ambassadrice de Chine,\u00a0Wang Min pr\u00e9sence ses lettres de cr\u00e9ance \u00e0 Jean-Lucien Savi de Tov\u00e9 - La Voix de la Nation","isPartOf":{"@id":"https:\/\/lavoixdelanation.tg\/#website"},"primaryImageOfPage":{"@id":"https:\/\/lavoixdelanation.tg\/index.php\/2025\/07\/29\/diplomatie-la-nouvelle-ambassadrice-de-chine-wang-min-presence-ses-lettres-de-creance-a-jean-lucien-savi-de-tove\/#primaryimage"},"image":{"@id":"https:\/\/lavoixdelanation.tg\/index.php\/2025\/07\/29\/diplomatie-la-nouvelle-ambassadrice-de-chine-wang-min-presence-ses-lettres-de-creance-a-jean-lucien-savi-de-tove\/#primaryimage"},"thumbnailUrl":"https:\/\/lavoixdelanation.tg\/wp-content\/uploads\/2025\/07\/Wang-Min-presence-ses-lettres-de-creance-a-Jean-Lucien-Savi-de-Tove.jpeg","datePublished":"2025-07-29T20:16:00+00:00","dateModified":"2025-07-30T07:21:58+00:00","breadcrumb":{"@id":"https:\/\/lavoixdelanation.tg\/index.php\/2025\/07\/29\/diplomatie-la-nouvelle-ambassadrice-de-chine-wang-min-presence-ses-lettres-de-creance-a-jean-lucien-savi-de-tove\/#breadcrumb"},"inLanguage":"fr-FR","potentialAction":[{"@type":"ReadAction","target":["https:\/\/lavoixdelanation.tg\/index.php\/2025\/07\/29\/diplomatie-la-nouvelle-ambassadrice-de-chine-wang-min-presence-ses-lettres-de-creance-a-jean-lucien-savi-de-tove\/"]}]},{"@type":"ImageObject","inLanguage":"fr-FR","@id":"https:\/\/lavoixdelanation.tg\/index.php\/2025\/07\/29\/diplomatie-la-nouvelle-ambassadrice-de-chine-wang-min-presence-ses-lettres-de-creance-a-jean-lucien-savi-de-tove\/#primaryimage","url":"https:\/\/lavoixdelanation.tg\/wp-content\/uploads\/2025\/07\/Wang-Min-presence-ses-lettres-de-creance-a-Jean-Lucien-Savi-de-Tove.jpeg","contentUrl":"https:\/\/lavoixdelanation.tg\/wp-content\/uploads\/2025\/07\/Wang-Min-presence-ses-lettres-de-creance-a-Jean-Lucien-Savi-de-Tove.jpeg","width":1280,"height":893},{"@type":"BreadcrumbList","@id":"https:\/\/lavoixdelanation.tg\/index.php\/2025\/07\/29\/diplomatie-la-nouvelle-ambassadrice-de-chine-wang-min-presence-ses-lettres-de-creance-a-jean-lucien-savi-de-tove\/#breadcrumb","itemListElement":[{"@type":"ListItem","position":1,"name":"Accueil","item":"https:\/\/lavoixdelanation.tg\/"},{"@type":"ListItem","position":2,"name":"Diplomatie\u00a0: La nouvelle ambassadrice de Chine,\u00a0Wang Min pr\u00e9sence ses lettres de cr\u00e9ance \u00e0 Jean-Lucien Savi de Tov\u00e9"}]},{"@type":"WebSite","@id":"https:\/\/lavoixdelanation.tg\/#website","url":"https:\/\/lavoixdelanation.tg\/","name":"La Voix de la Nation","description":"R\u00e9c\u00e9piss\u00e9 n\u00b00108\/HAAC\/01-2024\/pl\/P","publisher":{"@id":"https:\/\/lavoixdelanation.tg\/#organization"},"alternateName":"VON","potentialAction":[{"@type":"SearchAction","target":{"@type":"EntryPoint","urlTemplate":"https:\/\/lavoixdelanation.tg\/?s={search_term_string}"},"query-input":{"@type":"PropertyValueSpecification","valueRequired":true,"valueName":"search_term_string"}}],"inLanguage":"fr-FR"},{"@type":"Organization","@id":"https:\/\/lavoixdelanation.tg\/#organization","name":"La Voix de la Nation","url":"https:\/\/lavoixdelanation.tg\/","logo":{"@type":"ImageObject","inLanguage":"fr-FR","@id":"https:\/\/lavoixdelanation.tg\/#\/schema\/logo\/image\/","url":"https:\/\/lavoixdelanation.tg\/wp-content\/uploads\/2024\/12\/lavn-1.png","contentUrl":"https:\/\/lavoixdelanation.tg\/wp-content\/uploads\/2024\/12\/lavn-1.png","width":1024,"height":464,"caption":"La Voix de la Nation"},"image":{"@id":"https:\/\/lavoixdelanation.tg\/#\/schema\/logo\/image\/"},"sameAs":["https:\/\/www.facebook.com\/lavoixdelanation"]},{"@type":"Person","@id":"https:\/\/lavoixdelanation.tg\/#\/schema\/person\/6c489293aa38053673a9e554acb6e224","name":"La voix de la nation","image":{"@type":"ImageObject","inLanguage":"fr-FR","@id":"https:\/\/lavoixdelanation.tg\/#\/schema\/person\/image\/","url":"https:\/\/secure.gravatar.com\/avatar\/8aa135d4bbc794494cecaa8d483f6d6cc1023624868deaff686baed5e727a5a1?s=96&d=mm&r=g","contentUrl":"https:\/\/secure.gravatar.com\/avatar\/8aa135d4bbc794494cecaa8d483f6d6cc1023624868deaff686baed5e727a5a1?s=96&d=mm&r=g","caption":"La voix de la nation"},"sameAs":["https:\/\/lavoixdelanation.tg"],"url":"https:\/\/lavoixdelanation.tg\/index.php\/author\/lavn\/"}]}},"_links":{"self":[{"href":"https:\/\/lavoixdelanation.tg\/index.php\/wp-json\/wp\/v2\/posts\/4369","targetHints":{"allow":["GET"]}}],"collection":[{"href":"https:\/\/lavoixdelanation.tg\/index.php\/wp-json\/wp\/v2\/posts"}],"about":[{"href":"https:\/\/lavoixdelanation.tg\/index.php\/wp-json\/wp\/v2\/types\/post"}],"author":[{"embeddable":true,"href":"https:\/\/lavoixdelanation.tg\/index.php\/wp-json\/wp\/v2\/users\/1"}],"replies":[{"embeddable":true,"href":"https:\/\/lavoixdelanation.tg\/index.php\/wp-json\/wp\/v2\/comments?post=4369"}],"version-history":[{"count":1,"href":"https:\/\/lavoixdelanation.tg\/index.php\/wp-json\/wp\/v2\/posts\/4369\/revisions"}],"predecessor-version":[{"id":4372,"href":"https:\/\/lavoixdelanation.tg\/index.php\/wp-json\/wp\/v2\/posts\/4369\/revisions\/4372"}],"wp:featuredmedia":[{"embeddable":true,"href":"https:\/\/lavoixdelanation.tg\/index.php\/wp-json\/wp\/v2\/media\/4370"}],"wp:attachment":[{"href":"https:\/\/lavoixdelanation.tg\/index.php\/wp-json\/wp\/v2\/media?parent=4369"}],"wp:term":[{"taxonomy":"category","embeddable":true,"href":"https:\/\/lavoixdelanation.tg\/index.php\/wp-json\/wp\/v2\/categories?post=4369"},{"taxonomy":"post_tag","embeddable":true,"href":"https:\/\/lavoixdelanation.tg\/index.php\/wp-json\/wp\/v2\/tags?post=4369"}],"curies":[{"name":"wp","href":"https:\/\/api.w.org\/{rel}","templated":true}]}}