{"id":4173,"date":"2025-07-15T21:54:00","date_gmt":"2025-07-15T19:54:00","guid":{"rendered":"https:\/\/lavoixdelanation.tg\/?p=4173"},"modified":"2025-07-18T18:02:44","modified_gmt":"2025-07-18T16:02:44","slug":"municipales-2025-les-observateurs-internationaux-eclaires-sur-le-processus-electoral","status":"publish","type":"post","link":"https:\/\/lavoixdelanation.tg\/index.php\/2025\/07\/15\/municipales-2025-les-observateurs-internationaux-eclaires-sur-le-processus-electoral\/","title":{"rendered":"Municipales 2025 : Les observateurs internationaux \u00e9clair\u00e9s sur le processus \u00e9lectoral"},"content":{"rendered":"\n<p><strong>Pr\u00e9sents au Togo dans le cadre des \u00e9lections municipales du 17 juillet prochain, des observateurs internationaux principalement de la mission du Conseil de l\u2019Entente, ont \u00e9t\u00e9 \u00e9clair\u00e9s ce mardi 15 juillet 2025 sur le processus \u00e9lectoral notamment les dispositions prises par le gouvernement et les parties prenantes pour garantir un scrutin d\u00e9mocratique, transparent et apais\u00e9.<\/strong><\/p>\n\n\n\n<p>Cette r\u00e9union de d\u00e9briefing est une initiative du minist\u00e8re des Affaires \u00e9trang\u00e8res, de l\u2019Int\u00e9gration africaine et des Togolais de l\u2019Ext\u00e9rieur.<\/p>\n\n\n\n<p>Le secr\u00e9taire g\u00e9n\u00e9ral du minist\u00e8re, Afo Salifou a expliqu\u00e9 que le gouvernement togolais, fid\u00e8le \u00e0 son engagement pour ces \u00e9lections libres, transparentes et apais\u00e9es, a pris toutes les dispositions n\u00e9cessaires, pour garantir un scrutin cr\u00e9dible et conforme aux standards internationaux.<\/p>\n\n\n\n<p>\u00ab Votre accr\u00e9ditation, en tant qu\u2019observateurs internationaux, s\u2019inscrit dans cette dynamique d\u2019ouverture, de transparence et de dialogue. Elle traduit notre volont\u00e9 de faire observer notre processus \u00e9lectoral avec vigueur, dans un esprit de coop\u00e9ration constructive&nbsp;\u00bb, a-t-il d\u00e9clar\u00e9 aux observateurs, avant de leur rappeler les principes essentiels qui encadrent toute mission d\u2019observation \u00e9lectorale.<\/p>\n\n\n\n<figure class=\"wp-block-image size-full is-resized\"><img loading=\"lazy\" decoding=\"async\" width=\"660\" height=\"400\" src=\"https:\/\/lavoixdelanation.tg\/wp-content\/uploads\/2025\/07\/Les-officiels-togolais-face-aux-observateurs-internationaux.jpg\" alt=\"\" class=\"wp-image-4175\" style=\"width:840px;height:auto\" srcset=\"https:\/\/lavoixdelanation.tg\/wp-content\/uploads\/2025\/07\/Les-officiels-togolais-face-aux-observateurs-internationaux.jpg 660w, https:\/\/lavoixdelanation.tg\/wp-content\/uploads\/2025\/07\/Les-officiels-togolais-face-aux-observateurs-internationaux-300x182.jpg 300w\" sizes=\"auto, (max-width: 660px) 100vw, 660px\" \/><\/figure>\n\n\n\n<p>Le repr\u00e9sentant de la Commission Electorale Nationale Ind\u00e9pendante (CENI), H\u00e9yitou Tchinguili a pr\u00e9sent\u00e9 les diff\u00e9rentes \u00e9tapes du processus, notamment la mise \u00e0 niveau du fichier \u00e9lectoral suite au \u00e0 la r\u00e9vision des listes \u00e9lectorales, recensement, la formation des agents \u00e9lectoraux, l\u2019affichage des listes \u00e9lectorales, l\u2019enregistrement des candidatures, l\u2019\u00e9dition des bulletins de vote, la formation et le d\u00e9ploiement du personnel \u00e9lectoral, la logistique des mat\u00e9riels et fournitures \u00e9lectoraux, l\u2019accr\u00e9ditation des observateurs nationaux, et la campagne \u00e9lectorale.<\/p>\n\n\n\n<p>Quant au dispositif s\u00e9curitaire, la Force S\u00e9curit\u00e9 Elections Municipales (FOSEM 2025), cr\u00e9\u00e9e par d\u00e9cret en Conseil des ministres, se dit pr\u00eate pour la s\u00e9curisation du scrutin.<\/p>\n\n\n\n<p>Forte de 12 000 gendarmes et policiers, la FOSEM 2025 est mise sous la supervision de la CENI et la tutelle du minist\u00e8re de la S\u00e9curit\u00e9 et de la Protection civile et d\u00e9ploy\u00e9e sur toute l\u2019\u00e9tendue du territoire national.<\/p>\n\n\n\n<p>Selon le Cdt adjoint de Gendarmerie FOSEM 2025, Col Iniw\u00e9 Koura, le bilan de la Force, \u00e0 ce jour, est satisfaisant car les meetings, caravanes et autres activit\u00e9s li\u00e9es se d\u00e9roulent dans un climat apais\u00e9 et serein. Il a fait savoir que ce dispositif s\u2019inscrit dans la volont\u00e9 des autorit\u00e9s togolaises de pr\u00e9venir les troubles, rassurer les \u00e9lecteurs et garantir le bon d\u00e9roulement du scrutin.<\/p>\n\n\n\n<p>Pour sa part, le chef de la mission d\u2019observation du Conseil de l\u2019Entente, Pr Ouattara Adama a salu\u00e9 le gouvernement pour cette d\u00e9marche communication et l\u2019a f\u00e9licit\u00e9 pour toutes les dispositions prises, en vue de la r\u00e9ussite du scrutin.<\/p>\n\n\n\n<p>Ouattara Adama a indiqu\u00e9 avoir pris acte des informations qui leur ont \u00e9t\u00e9 donn\u00e9es, leur permettant de mieux comprendre les dispositions prises. Il a soulign\u00e9 \u00e0 cet effet soulign\u00e9 que la mission est suffisamment outill\u00e9e, pour mener \u00e0 bien sa mission, tout en \u00e9mettant le v\u0153u que triomphe la d\u00e9mocratie, afin que le pays serve d\u2019exemple dans la zone ouest africaine.<\/p>\n\n\n\n<p>Il faut rappeler que ces \u00e9lections permettront de renouveler les 1527 conseillers municipaux, r\u00e9partis dans les 117 communes du pays. Le corps \u00e9lectoral \u00e9valu\u00e9 \u00e0 4 637 998 \u00e9lecteurs, est appel\u00e9 aux urnes dans 4 609 centres de recensement et de vote, et r\u00e9partis dans 12 541 bureaux de vote.<\/p>\n\n\n\n<p><strong>La R\u00e9daction<\/strong><\/p>\n","protected":false},"excerpt":{"rendered":"<p>Pr\u00e9sents au Togo dans le cadre des \u00e9lections municipales du 17 juillet prochain, des observateurs internationaux principalement de la mission du Conseil de l\u2019Entente, ont \u00e9t\u00e9 \u00e9clair\u00e9s ce mardi 15&hellip; <\/p>\n","protected":false},"author":1,"featured_media":4174,"comment_status":"open","ping_status":"open","sticky":false,"template":"","format":"standard","meta":{"footnotes":""},"categories":[21],"tags":[654,823,824,39],"class_list":["post-4173","post","type-post","status-publish","format-standard","has-post-thumbnail","hentry","category-politique","tag-municipales-2025","tag-observateurs-internationaux","tag-processus-electoral","tag-togo"],"yoast_head":"<!-- This site is optimized with the Yoast SEO plugin v26.4 - https:\/\/yoast.com\/wordpress\/plugins\/seo\/ -->\n<title>Municipales 2025 : Les observateurs internationaux \u00e9clair\u00e9s sur le processus \u00e9lectoral - La Voix de la Nation<\/title>\n<meta name=\"robots\" content=\"index, follow, max-snippet:-1, max-image-preview:large, max-video-preview:-1\" \/>\n<link rel=\"canonical\" href=\"https:\/\/lavoixdelanation.tg\/index.php\/2025\/07\/15\/municipales-2025-les-observateurs-internationaux-eclaires-sur-le-processus-electoral\/\" \/>\n<meta property=\"og:locale\" content=\"fr_FR\" \/>\n<meta property=\"og:type\" content=\"article\" \/>\n<meta property=\"og:title\" content=\"Municipales 2025 : Les observateurs internationaux \u00e9clair\u00e9s sur le processus \u00e9lectoral - La Voix de la Nation\" \/>\n<meta property=\"og:description\" content=\"Pr\u00e9sents au Togo dans le cadre des \u00e9lections municipales du 17 juillet prochain, des observateurs internationaux principalement de la mission du Conseil de l\u2019Entente, ont \u00e9t\u00e9 \u00e9clair\u00e9s ce mardi 15&hellip;\" \/>\n<meta property=\"og:url\" content=\"https:\/\/lavoixdelanation.tg\/index.php\/2025\/07\/15\/municipales-2025-les-observateurs-internationaux-eclaires-sur-le-processus-electoral\/\" \/>\n<meta property=\"og:site_name\" content=\"La Voix de la Nation\" \/>\n<meta property=\"article:publisher\" content=\"https:\/\/www.facebook.com\/lavoixdelanation\" \/>\n<meta property=\"article:published_time\" content=\"2025-07-15T19:54:00+00:00\" \/>\n<meta property=\"article:modified_time\" content=\"2025-07-18T16:02:44+00:00\" \/>\n<meta property=\"og:image\" content=\"https:\/\/lavoixdelanation.tg\/wp-content\/uploads\/2025\/07\/Les-observateurs-internationaux-eclaires-sur-le-processus-electoral-au-Togo.jpg\" \/>\n\t<meta property=\"og:image:width\" content=\"650\" \/>\n\t<meta property=\"og:image:height\" content=\"414\" \/>\n\t<meta property=\"og:image:type\" content=\"image\/jpeg\" \/>\n<meta name=\"author\" content=\"La voix de la nation\" \/>\n<meta name=\"twitter:card\" content=\"summary_large_image\" \/>\n<meta name=\"twitter:label1\" content=\"\u00c9crit par\" \/>\n\t<meta name=\"twitter:data1\" content=\"La voix de la nation\" \/>\n\t<meta name=\"twitter:label2\" content=\"Dur\u00e9e de lecture estim\u00e9e\" \/>\n\t<meta name=\"twitter:data2\" content=\"4 minutes\" \/>\n<script type=\"application\/ld+json\" class=\"yoast-schema-graph\">{\"@context\":\"https:\/\/schema.org\",\"@graph\":[{\"@type\":\"Article\",\"@id\":\"https:\/\/lavoixdelanation.tg\/index.php\/2025\/07\/15\/municipales-2025-les-observateurs-internationaux-eclaires-sur-le-processus-electoral\/#article\",\"isPartOf\":{\"@id\":\"https:\/\/lavoixdelanation.tg\/index.php\/2025\/07\/15\/municipales-2025-les-observateurs-internationaux-eclaires-sur-le-processus-electoral\/\"},\"author\":{\"name\":\"La voix de la nation\",\"@id\":\"https:\/\/lavoixdelanation.tg\/#\/schema\/person\/6c489293aa38053673a9e554acb6e224\"},\"headline\":\"Municipales 2025 : Les observateurs internationaux \u00e9clair\u00e9s sur le processus \u00e9lectoral\",\"datePublished\":\"2025-07-15T19:54:00+00:00\",\"dateModified\":\"2025-07-18T16:02:44+00:00\",\"mainEntityOfPage\":{\"@id\":\"https:\/\/lavoixdelanation.tg\/index.php\/2025\/07\/15\/municipales-2025-les-observateurs-internationaux-eclaires-sur-le-processus-electoral\/\"},\"wordCount\":582,\"commentCount\":0,\"publisher\":{\"@id\":\"https:\/\/lavoixdelanation.tg\/#organization\"},\"image\":{\"@id\":\"https:\/\/lavoixdelanation.tg\/index.php\/2025\/07\/15\/municipales-2025-les-observateurs-internationaux-eclaires-sur-le-processus-electoral\/#primaryimage\"},\"thumbnailUrl\":\"https:\/\/lavoixdelanation.tg\/wp-content\/uploads\/2025\/07\/Les-observateurs-internationaux-eclaires-sur-le-processus-electoral-au-Togo.jpg\",\"keywords\":[\"Municipales 2025\",\"observateurs internationaux\",\"processus \u00e9lectoral\",\"Togo\"],\"articleSection\":[\"Politique\"],\"inLanguage\":\"fr-FR\",\"potentialAction\":[{\"@type\":\"CommentAction\",\"name\":\"Comment\",\"target\":[\"https:\/\/lavoixdelanation.tg\/index.php\/2025\/07\/15\/municipales-2025-les-observateurs-internationaux-eclaires-sur-le-processus-electoral\/#respond\"]}]},{\"@type\":\"WebPage\",\"@id\":\"https:\/\/lavoixdelanation.tg\/index.php\/2025\/07\/15\/municipales-2025-les-observateurs-internationaux-eclaires-sur-le-processus-electoral\/\",\"url\":\"https:\/\/lavoixdelanation.tg\/index.php\/2025\/07\/15\/municipales-2025-les-observateurs-internationaux-eclaires-sur-le-processus-electoral\/\",\"name\":\"Municipales 2025 : Les observateurs internationaux \u00e9clair\u00e9s sur le processus \u00e9lectoral - La Voix de la Nation\",\"isPartOf\":{\"@id\":\"https:\/\/lavoixdelanation.tg\/#website\"},\"primaryImageOfPage\":{\"@id\":\"https:\/\/lavoixdelanation.tg\/index.php\/2025\/07\/15\/municipales-2025-les-observateurs-internationaux-eclaires-sur-le-processus-electoral\/#primaryimage\"},\"image\":{\"@id\":\"https:\/\/lavoixdelanation.tg\/index.php\/2025\/07\/15\/municipales-2025-les-observateurs-internationaux-eclaires-sur-le-processus-electoral\/#primaryimage\"},\"thumbnailUrl\":\"https:\/\/lavoixdelanation.tg\/wp-content\/uploads\/2025\/07\/Les-observateurs-internationaux-eclaires-sur-le-processus-electoral-au-Togo.jpg\",\"datePublished\":\"2025-07-15T19:54:00+00:00\",\"dateModified\":\"2025-07-18T16:02:44+00:00\",\"breadcrumb\":{\"@id\":\"https:\/\/lavoixdelanation.tg\/index.php\/2025\/07\/15\/municipales-2025-les-observateurs-internationaux-eclaires-sur-le-processus-electoral\/#breadcrumb\"},\"inLanguage\":\"fr-FR\",\"potentialAction\":[{\"@type\":\"ReadAction\",\"target\":[\"https:\/\/lavoixdelanation.tg\/index.php\/2025\/07\/15\/municipales-2025-les-observateurs-internationaux-eclaires-sur-le-processus-electoral\/\"]}]},{\"@type\":\"ImageObject\",\"inLanguage\":\"fr-FR\",\"@id\":\"https:\/\/lavoixdelanation.tg\/index.php\/2025\/07\/15\/municipales-2025-les-observateurs-internationaux-eclaires-sur-le-processus-electoral\/#primaryimage\",\"url\":\"https:\/\/lavoixdelanation.tg\/wp-content\/uploads\/2025\/07\/Les-observateurs-internationaux-eclaires-sur-le-processus-electoral-au-Togo.jpg\",\"contentUrl\":\"https:\/\/lavoixdelanation.tg\/wp-content\/uploads\/2025\/07\/Les-observateurs-internationaux-eclaires-sur-le-processus-electoral-au-Togo.jpg\",\"width\":650,\"height\":414,\"caption\":\"Une vue partielle des observateurs internationaux \u00e0 Lom\u00e9\"},{\"@type\":\"BreadcrumbList\",\"@id\":\"https:\/\/lavoixdelanation.tg\/index.php\/2025\/07\/15\/municipales-2025-les-observateurs-internationaux-eclaires-sur-le-processus-electoral\/#breadcrumb\",\"itemListElement\":[{\"@type\":\"ListItem\",\"position\":1,\"name\":\"Accueil\",\"item\":\"https:\/\/lavoixdelanation.tg\/\"},{\"@type\":\"ListItem\",\"position\":2,\"name\":\"Municipales 2025 : Les observateurs internationaux \u00e9clair\u00e9s sur le processus \u00e9lectoral\"}]},{\"@type\":\"WebSite\",\"@id\":\"https:\/\/lavoixdelanation.tg\/#website\",\"url\":\"https:\/\/lavoixdelanation.tg\/\",\"name\":\"La Voix de la Nation\",\"description\":\"R\u00e9c\u00e9piss\u00e9 n\u00b00108\/HAAC\/01-2024\/pl\/P\",\"publisher\":{\"@id\":\"https:\/\/lavoixdelanation.tg\/#organization\"},\"alternateName\":\"VON\",\"potentialAction\":[{\"@type\":\"SearchAction\",\"target\":{\"@type\":\"EntryPoint\",\"urlTemplate\":\"https:\/\/lavoixdelanation.tg\/?s={search_term_string}\"},\"query-input\":{\"@type\":\"PropertyValueSpecification\",\"valueRequired\":true,\"valueName\":\"search_term_string\"}}],\"inLanguage\":\"fr-FR\"},{\"@type\":\"Organization\",\"@id\":\"https:\/\/lavoixdelanation.tg\/#organization\",\"name\":\"La Voix de la Nation\",\"url\":\"https:\/\/lavoixdelanation.tg\/\",\"logo\":{\"@type\":\"ImageObject\",\"inLanguage\":\"fr-FR\",\"@id\":\"https:\/\/lavoixdelanation.tg\/#\/schema\/logo\/image\/\",\"url\":\"https:\/\/lavoixdelanation.tg\/wp-content\/uploads\/2024\/12\/lavn-1.png\",\"contentUrl\":\"https:\/\/lavoixdelanation.tg\/wp-content\/uploads\/2024\/12\/lavn-1.png\",\"width\":1024,\"height\":464,\"caption\":\"La Voix de la Nation\"},\"image\":{\"@id\":\"https:\/\/lavoixdelanation.tg\/#\/schema\/logo\/image\/\"},\"sameAs\":[\"https:\/\/www.facebook.com\/lavoixdelanation\"]},{\"@type\":\"Person\",\"@id\":\"https:\/\/lavoixdelanation.tg\/#\/schema\/person\/6c489293aa38053673a9e554acb6e224\",\"name\":\"La voix de la nation\",\"image\":{\"@type\":\"ImageObject\",\"inLanguage\":\"fr-FR\",\"@id\":\"https:\/\/lavoixdelanation.tg\/#\/schema\/person\/image\/\",\"url\":\"https:\/\/secure.gravatar.com\/avatar\/8aa135d4bbc794494cecaa8d483f6d6cc1023624868deaff686baed5e727a5a1?s=96&d=mm&r=g\",\"contentUrl\":\"https:\/\/secure.gravatar.com\/avatar\/8aa135d4bbc794494cecaa8d483f6d6cc1023624868deaff686baed5e727a5a1?s=96&d=mm&r=g\",\"caption\":\"La voix de la nation\"},\"sameAs\":[\"https:\/\/lavoixdelanation.tg\"],\"url\":\"https:\/\/lavoixdelanation.tg\/index.php\/author\/lavn\/\"}]}<\/script>\n<!-- \/ Yoast SEO plugin. -->","yoast_head_json":{"title":"Municipales 2025 : Les observateurs internationaux \u00e9clair\u00e9s sur le processus \u00e9lectoral - La Voix de la Nation","robots":{"index":"index","follow":"follow","max-snippet":"max-snippet:-1","max-image-preview":"max-image-preview:large","max-video-preview":"max-video-preview:-1"},"canonical":"https:\/\/lavoixdelanation.tg\/index.php\/2025\/07\/15\/municipales-2025-les-observateurs-internationaux-eclaires-sur-le-processus-electoral\/","og_locale":"fr_FR","og_type":"article","og_title":"Municipales 2025 : Les observateurs internationaux \u00e9clair\u00e9s sur le processus \u00e9lectoral - La Voix de la Nation","og_description":"Pr\u00e9sents au Togo dans le cadre des \u00e9lections municipales du 17 juillet prochain, des observateurs internationaux principalement de la mission du Conseil de l\u2019Entente, ont \u00e9t\u00e9 \u00e9clair\u00e9s ce mardi 15&hellip;","og_url":"https:\/\/lavoixdelanation.tg\/index.php\/2025\/07\/15\/municipales-2025-les-observateurs-internationaux-eclaires-sur-le-processus-electoral\/","og_site_name":"La Voix de la Nation","article_publisher":"https:\/\/www.facebook.com\/lavoixdelanation","article_published_time":"2025-07-15T19:54:00+00:00","article_modified_time":"2025-07-18T16:02:44+00:00","og_image":[{"width":650,"height":414,"url":"https:\/\/lavoixdelanation.tg\/wp-content\/uploads\/2025\/07\/Les-observateurs-internationaux-eclaires-sur-le-processus-electoral-au-Togo.jpg","type":"image\/jpeg"}],"author":"La voix de la nation","twitter_card":"summary_large_image","twitter_misc":{"\u00c9crit par":"La voix de la nation","Dur\u00e9e de lecture estim\u00e9e":"4 minutes"},"schema":{"@context":"https:\/\/schema.org","@graph":[{"@type":"Article","@id":"https:\/\/lavoixdelanation.tg\/index.php\/2025\/07\/15\/municipales-2025-les-observateurs-internationaux-eclaires-sur-le-processus-electoral\/#article","isPartOf":{"@id":"https:\/\/lavoixdelanation.tg\/index.php\/2025\/07\/15\/municipales-2025-les-observateurs-internationaux-eclaires-sur-le-processus-electoral\/"},"author":{"name":"La voix de la nation","@id":"https:\/\/lavoixdelanation.tg\/#\/schema\/person\/6c489293aa38053673a9e554acb6e224"},"headline":"Municipales 2025 : Les observateurs internationaux \u00e9clair\u00e9s sur le processus \u00e9lectoral","datePublished":"2025-07-15T19:54:00+00:00","dateModified":"2025-07-18T16:02:44+00:00","mainEntityOfPage":{"@id":"https:\/\/lavoixdelanation.tg\/index.php\/2025\/07\/15\/municipales-2025-les-observateurs-internationaux-eclaires-sur-le-processus-electoral\/"},"wordCount":582,"commentCount":0,"publisher":{"@id":"https:\/\/lavoixdelanation.tg\/#organization"},"image":{"@id":"https:\/\/lavoixdelanation.tg\/index.php\/2025\/07\/15\/municipales-2025-les-observateurs-internationaux-eclaires-sur-le-processus-electoral\/#primaryimage"},"thumbnailUrl":"https:\/\/lavoixdelanation.tg\/wp-content\/uploads\/2025\/07\/Les-observateurs-internationaux-eclaires-sur-le-processus-electoral-au-Togo.jpg","keywords":["Municipales 2025","observateurs internationaux","processus \u00e9lectoral","Togo"],"articleSection":["Politique"],"inLanguage":"fr-FR","potentialAction":[{"@type":"CommentAction","name":"Comment","target":["https:\/\/lavoixdelanation.tg\/index.php\/2025\/07\/15\/municipales-2025-les-observateurs-internationaux-eclaires-sur-le-processus-electoral\/#respond"]}]},{"@type":"WebPage","@id":"https:\/\/lavoixdelanation.tg\/index.php\/2025\/07\/15\/municipales-2025-les-observateurs-internationaux-eclaires-sur-le-processus-electoral\/","url":"https:\/\/lavoixdelanation.tg\/index.php\/2025\/07\/15\/municipales-2025-les-observateurs-internationaux-eclaires-sur-le-processus-electoral\/","name":"Municipales 2025 : Les observateurs internationaux \u00e9clair\u00e9s sur le processus \u00e9lectoral - La Voix de la Nation","isPartOf":{"@id":"https:\/\/lavoixdelanation.tg\/#website"},"primaryImageOfPage":{"@id":"https:\/\/lavoixdelanation.tg\/index.php\/2025\/07\/15\/municipales-2025-les-observateurs-internationaux-eclaires-sur-le-processus-electoral\/#primaryimage"},"image":{"@id":"https:\/\/lavoixdelanation.tg\/index.php\/2025\/07\/15\/municipales-2025-les-observateurs-internationaux-eclaires-sur-le-processus-electoral\/#primaryimage"},"thumbnailUrl":"https:\/\/lavoixdelanation.tg\/wp-content\/uploads\/2025\/07\/Les-observateurs-internationaux-eclaires-sur-le-processus-electoral-au-Togo.jpg","datePublished":"2025-07-15T19:54:00+00:00","dateModified":"2025-07-18T16:02:44+00:00","breadcrumb":{"@id":"https:\/\/lavoixdelanation.tg\/index.php\/2025\/07\/15\/municipales-2025-les-observateurs-internationaux-eclaires-sur-le-processus-electoral\/#breadcrumb"},"inLanguage":"fr-FR","potentialAction":[{"@type":"ReadAction","target":["https:\/\/lavoixdelanation.tg\/index.php\/2025\/07\/15\/municipales-2025-les-observateurs-internationaux-eclaires-sur-le-processus-electoral\/"]}]},{"@type":"ImageObject","inLanguage":"fr-FR","@id":"https:\/\/lavoixdelanation.tg\/index.php\/2025\/07\/15\/municipales-2025-les-observateurs-internationaux-eclaires-sur-le-processus-electoral\/#primaryimage","url":"https:\/\/lavoixdelanation.tg\/wp-content\/uploads\/2025\/07\/Les-observateurs-internationaux-eclaires-sur-le-processus-electoral-au-Togo.jpg","contentUrl":"https:\/\/lavoixdelanation.tg\/wp-content\/uploads\/2025\/07\/Les-observateurs-internationaux-eclaires-sur-le-processus-electoral-au-Togo.jpg","width":650,"height":414,"caption":"Une vue partielle des observateurs internationaux \u00e0 Lom\u00e9"},{"@type":"BreadcrumbList","@id":"https:\/\/lavoixdelanation.tg\/index.php\/2025\/07\/15\/municipales-2025-les-observateurs-internationaux-eclaires-sur-le-processus-electoral\/#breadcrumb","itemListElement":[{"@type":"ListItem","position":1,"name":"Accueil","item":"https:\/\/lavoixdelanation.tg\/"},{"@type":"ListItem","position":2,"name":"Municipales 2025 : Les observateurs internationaux \u00e9clair\u00e9s sur le processus \u00e9lectoral"}]},{"@type":"WebSite","@id":"https:\/\/lavoixdelanation.tg\/#website","url":"https:\/\/lavoixdelanation.tg\/","name":"La Voix de la Nation","description":"R\u00e9c\u00e9piss\u00e9 n\u00b00108\/HAAC\/01-2024\/pl\/P","publisher":{"@id":"https:\/\/lavoixdelanation.tg\/#organization"},"alternateName":"VON","potentialAction":[{"@type":"SearchAction","target":{"@type":"EntryPoint","urlTemplate":"https:\/\/lavoixdelanation.tg\/?s={search_term_string}"},"query-input":{"@type":"PropertyValueSpecification","valueRequired":true,"valueName":"search_term_string"}}],"inLanguage":"fr-FR"},{"@type":"Organization","@id":"https:\/\/lavoixdelanation.tg\/#organization","name":"La Voix de la Nation","url":"https:\/\/lavoixdelanation.tg\/","logo":{"@type":"ImageObject","inLanguage":"fr-FR","@id":"https:\/\/lavoixdelanation.tg\/#\/schema\/logo\/image\/","url":"https:\/\/lavoixdelanation.tg\/wp-content\/uploads\/2024\/12\/lavn-1.png","contentUrl":"https:\/\/lavoixdelanation.tg\/wp-content\/uploads\/2024\/12\/lavn-1.png","width":1024,"height":464,"caption":"La Voix de la Nation"},"image":{"@id":"https:\/\/lavoixdelanation.tg\/#\/schema\/logo\/image\/"},"sameAs":["https:\/\/www.facebook.com\/lavoixdelanation"]},{"@type":"Person","@id":"https:\/\/lavoixdelanation.tg\/#\/schema\/person\/6c489293aa38053673a9e554acb6e224","name":"La voix de la nation","image":{"@type":"ImageObject","inLanguage":"fr-FR","@id":"https:\/\/lavoixdelanation.tg\/#\/schema\/person\/image\/","url":"https:\/\/secure.gravatar.com\/avatar\/8aa135d4bbc794494cecaa8d483f6d6cc1023624868deaff686baed5e727a5a1?s=96&d=mm&r=g","contentUrl":"https:\/\/secure.gravatar.com\/avatar\/8aa135d4bbc794494cecaa8d483f6d6cc1023624868deaff686baed5e727a5a1?s=96&d=mm&r=g","caption":"La voix de la nation"},"sameAs":["https:\/\/lavoixdelanation.tg"],"url":"https:\/\/lavoixdelanation.tg\/index.php\/author\/lavn\/"}]}},"_links":{"self":[{"href":"https:\/\/lavoixdelanation.tg\/index.php\/wp-json\/wp\/v2\/posts\/4173","targetHints":{"allow":["GET"]}}],"collection":[{"href":"https:\/\/lavoixdelanation.tg\/index.php\/wp-json\/wp\/v2\/posts"}],"about":[{"href":"https:\/\/lavoixdelanation.tg\/index.php\/wp-json\/wp\/v2\/types\/post"}],"author":[{"embeddable":true,"href":"https:\/\/lavoixdelanation.tg\/index.php\/wp-json\/wp\/v2\/users\/1"}],"replies":[{"embeddable":true,"href":"https:\/\/lavoixdelanation.tg\/index.php\/wp-json\/wp\/v2\/comments?post=4173"}],"version-history":[{"count":1,"href":"https:\/\/lavoixdelanation.tg\/index.php\/wp-json\/wp\/v2\/posts\/4173\/revisions"}],"predecessor-version":[{"id":4176,"href":"https:\/\/lavoixdelanation.tg\/index.php\/wp-json\/wp\/v2\/posts\/4173\/revisions\/4176"}],"wp:featuredmedia":[{"embeddable":true,"href":"https:\/\/lavoixdelanation.tg\/index.php\/wp-json\/wp\/v2\/media\/4174"}],"wp:attachment":[{"href":"https:\/\/lavoixdelanation.tg\/index.php\/wp-json\/wp\/v2\/media?parent=4173"}],"wp:term":[{"taxonomy":"category","embeddable":true,"href":"https:\/\/lavoixdelanation.tg\/index.php\/wp-json\/wp\/v2\/categories?post=4173"},{"taxonomy":"post_tag","embeddable":true,"href":"https:\/\/lavoixdelanation.tg\/index.php\/wp-json\/wp\/v2\/tags?post=4173"}],"curies":[{"name":"wp","href":"https:\/\/api.w.org\/{rel}","templated":true}]}}