{"id":4165,"date":"2025-07-15T15:37:00","date_gmt":"2025-07-15T13:37:00","guid":{"rendered":"https:\/\/lavoixdelanation.tg\/?p=4165"},"modified":"2025-07-18T17:44:57","modified_gmt":"2025-07-18T15:44:57","slug":"campagne-electorale-les-cadres-unir-de-la-keran-accueillis-dans-lallegresse","status":"publish","type":"post","link":"https:\/\/lavoixdelanation.tg\/index.php\/2025\/07\/15\/campagne-electorale-les-cadres-unir-de-la-keran-accueillis-dans-lallegresse\/","title":{"rendered":"Campagne \u00e9lectorale\u00a0: Les cadres UNIR de la K\u00e9ran accueillis dans l\u2019all\u00e9gresse"},"content":{"rendered":"\n<p>C\u2019est dans l\u2019all\u00e9gresse et la fiert\u00e9 collective que la population de la K\u00e9ran est sortie assez nombreuse pour accueillir les cadres du parti Union pour la R\u00e9publique (UNIR) du milieu, dans le cadre de la campagne \u00e9lectorale pour les \u00e9lections municipales du 17 juillet prochain.<\/p>\n\n\n\n<p>Votez le parti UNIR&nbsp;pour la paix et le d\u00e9veloppement : c\u2019est le message essentiel port\u00e9 \u00e0 l\u2019endroit de la population. Dans sa prise de parole, Dr Singo Tchapo (cadre du parti) a d\u2019abord remerci\u00e9 la population pour leur d\u00e9termination et engagement \u00e0 la politique de paix pr\u00f4n\u00e9e par le Pr\u00e9sident du Conseil Faure Gnassingb\u00e9.<\/p>\n\n\n\n<p>Il a ensuite exhort\u00e9 la population \u00e0 sortir massivement pour accomplir leur devoir civique avec le \u00ab&nbsp;OUI \u00e0 UNIR&nbsp;\u00bb. \u00ab&nbsp;Nous avons le devoir de conserver la paix, la stabilit\u00e9 passerelle de d\u00e9veloppement engag\u00e9 par le Pr\u00e9sident du Conseil&nbsp;\u00bb, a soulign\u00e9 Dr Singo.<\/p>\n","protected":false},"excerpt":{"rendered":"<p>C\u2019est dans l\u2019all\u00e9gresse et la fiert\u00e9 collective que la population de la K\u00e9ran est sortie assez nombreuse pour accueillir les cadres du parti Union pour la R\u00e9publique (UNIR) du milieu,&hellip; <\/p>\n","protected":false},"author":1,"featured_media":4166,"comment_status":"open","ping_status":"open","sticky":false,"template":"","format":"standard","meta":{"footnotes":""},"categories":[21],"tags":[822,39,141],"class_list":["post-4165","post","type-post","status-publish","format-standard","has-post-thumbnail","hentry","category-politique","tag-keran","tag-togo","tag-unir"],"yoast_head":"<!-- This site is optimized with the Yoast SEO plugin v26.4 - https:\/\/yoast.com\/wordpress\/plugins\/seo\/ -->\n<title>Campagne \u00e9lectorale\u00a0: Les cadres UNIR de la K\u00e9ran accueillis dans l\u2019all\u00e9gresse - La Voix de la Nation<\/title>\n<meta name=\"robots\" content=\"index, follow, max-snippet:-1, max-image-preview:large, max-video-preview:-1\" \/>\n<link rel=\"canonical\" href=\"https:\/\/lavoixdelanation.tg\/index.php\/2025\/07\/15\/campagne-electorale-les-cadres-unir-de-la-keran-accueillis-dans-lallegresse\/\" \/>\n<meta property=\"og:locale\" content=\"fr_FR\" \/>\n<meta property=\"og:type\" content=\"article\" \/>\n<meta property=\"og:title\" content=\"Campagne \u00e9lectorale\u00a0: Les cadres UNIR de la K\u00e9ran accueillis dans l\u2019all\u00e9gresse - La Voix de la Nation\" \/>\n<meta property=\"og:description\" content=\"C\u2019est dans l\u2019all\u00e9gresse et la fiert\u00e9 collective que la population de la K\u00e9ran est sortie assez nombreuse pour accueillir les cadres du parti Union pour la R\u00e9publique (UNIR) du milieu,&hellip;\" \/>\n<meta property=\"og:url\" content=\"https:\/\/lavoixdelanation.tg\/index.php\/2025\/07\/15\/campagne-electorale-les-cadres-unir-de-la-keran-accueillis-dans-lallegresse\/\" \/>\n<meta property=\"og:site_name\" content=\"La Voix de la Nation\" \/>\n<meta property=\"article:publisher\" content=\"https:\/\/www.facebook.com\/lavoixdelanation\" \/>\n<meta property=\"article:published_time\" content=\"2025-07-15T13:37:00+00:00\" \/>\n<meta property=\"article:modified_time\" content=\"2025-07-18T15:44:57+00:00\" \/>\n<meta property=\"og:image\" content=\"https:\/\/lavoixdelanation.tg\/wp-content\/uploads\/2025\/07\/Les-cadres-UNIR-de-la-Keran-accueillis-dans-lallegresse.jpeg\" \/>\n\t<meta property=\"og:image:width\" content=\"650\" \/>\n\t<meta property=\"og:image:height\" content=\"414\" \/>\n\t<meta property=\"og:image:type\" content=\"image\/jpeg\" \/>\n<meta name=\"author\" content=\"La voix de la nation\" \/>\n<meta name=\"twitter:card\" content=\"summary_large_image\" \/>\n<meta name=\"twitter:label1\" content=\"\u00c9crit par\" \/>\n\t<meta name=\"twitter:data1\" content=\"La voix de la nation\" \/>\n\t<meta name=\"twitter:label2\" content=\"Dur\u00e9e de lecture estim\u00e9e\" \/>\n\t<meta name=\"twitter:data2\" content=\"1 minute\" \/>\n<script type=\"application\/ld+json\" class=\"yoast-schema-graph\">{\"@context\":\"https:\/\/schema.org\",\"@graph\":[{\"@type\":\"Article\",\"@id\":\"https:\/\/lavoixdelanation.tg\/index.php\/2025\/07\/15\/campagne-electorale-les-cadres-unir-de-la-keran-accueillis-dans-lallegresse\/#article\",\"isPartOf\":{\"@id\":\"https:\/\/lavoixdelanation.tg\/index.php\/2025\/07\/15\/campagne-electorale-les-cadres-unir-de-la-keran-accueillis-dans-lallegresse\/\"},\"author\":{\"name\":\"La voix de la nation\",\"@id\":\"https:\/\/lavoixdelanation.tg\/#\/schema\/person\/6c489293aa38053673a9e554acb6e224\"},\"headline\":\"Campagne \u00e9lectorale\u00a0: Les cadres UNIR de la K\u00e9ran accueillis dans l\u2019all\u00e9gresse\",\"datePublished\":\"2025-07-15T13:37:00+00:00\",\"dateModified\":\"2025-07-18T15:44:57+00:00\",\"mainEntityOfPage\":{\"@id\":\"https:\/\/lavoixdelanation.tg\/index.php\/2025\/07\/15\/campagne-electorale-les-cadres-unir-de-la-keran-accueillis-dans-lallegresse\/\"},\"wordCount\":170,\"commentCount\":0,\"publisher\":{\"@id\":\"https:\/\/lavoixdelanation.tg\/#organization\"},\"image\":{\"@id\":\"https:\/\/lavoixdelanation.tg\/index.php\/2025\/07\/15\/campagne-electorale-les-cadres-unir-de-la-keran-accueillis-dans-lallegresse\/#primaryimage\"},\"thumbnailUrl\":\"https:\/\/lavoixdelanation.tg\/wp-content\/uploads\/2025\/07\/Les-cadres-UNIR-de-la-Keran-accueillis-dans-lallegresse.jpeg\",\"keywords\":[\"KERAN\",\"Togo\",\"UNIR\"],\"articleSection\":[\"Politique\"],\"inLanguage\":\"fr-FR\",\"potentialAction\":[{\"@type\":\"CommentAction\",\"name\":\"Comment\",\"target\":[\"https:\/\/lavoixdelanation.tg\/index.php\/2025\/07\/15\/campagne-electorale-les-cadres-unir-de-la-keran-accueillis-dans-lallegresse\/#respond\"]}]},{\"@type\":\"WebPage\",\"@id\":\"https:\/\/lavoixdelanation.tg\/index.php\/2025\/07\/15\/campagne-electorale-les-cadres-unir-de-la-keran-accueillis-dans-lallegresse\/\",\"url\":\"https:\/\/lavoixdelanation.tg\/index.php\/2025\/07\/15\/campagne-electorale-les-cadres-unir-de-la-keran-accueillis-dans-lallegresse\/\",\"name\":\"Campagne \u00e9lectorale\u00a0: Les cadres UNIR de la K\u00e9ran accueillis dans l\u2019all\u00e9gresse - La Voix de la Nation\",\"isPartOf\":{\"@id\":\"https:\/\/lavoixdelanation.tg\/#website\"},\"primaryImageOfPage\":{\"@id\":\"https:\/\/lavoixdelanation.tg\/index.php\/2025\/07\/15\/campagne-electorale-les-cadres-unir-de-la-keran-accueillis-dans-lallegresse\/#primaryimage\"},\"image\":{\"@id\":\"https:\/\/lavoixdelanation.tg\/index.php\/2025\/07\/15\/campagne-electorale-les-cadres-unir-de-la-keran-accueillis-dans-lallegresse\/#primaryimage\"},\"thumbnailUrl\":\"https:\/\/lavoixdelanation.tg\/wp-content\/uploads\/2025\/07\/Les-cadres-UNIR-de-la-Keran-accueillis-dans-lallegresse.jpeg\",\"datePublished\":\"2025-07-15T13:37:00+00:00\",\"dateModified\":\"2025-07-18T15:44:57+00:00\",\"breadcrumb\":{\"@id\":\"https:\/\/lavoixdelanation.tg\/index.php\/2025\/07\/15\/campagne-electorale-les-cadres-unir-de-la-keran-accueillis-dans-lallegresse\/#breadcrumb\"},\"inLanguage\":\"fr-FR\",\"potentialAction\":[{\"@type\":\"ReadAction\",\"target\":[\"https:\/\/lavoixdelanation.tg\/index.php\/2025\/07\/15\/campagne-electorale-les-cadres-unir-de-la-keran-accueillis-dans-lallegresse\/\"]}]},{\"@type\":\"ImageObject\",\"inLanguage\":\"fr-FR\",\"@id\":\"https:\/\/lavoixdelanation.tg\/index.php\/2025\/07\/15\/campagne-electorale-les-cadres-unir-de-la-keran-accueillis-dans-lallegresse\/#primaryimage\",\"url\":\"https:\/\/lavoixdelanation.tg\/wp-content\/uploads\/2025\/07\/Les-cadres-UNIR-de-la-Keran-accueillis-dans-lallegresse.jpeg\",\"contentUrl\":\"https:\/\/lavoixdelanation.tg\/wp-content\/uploads\/2025\/07\/Les-cadres-UNIR-de-la-Keran-accueillis-dans-lallegresse.jpeg\",\"width\":650,\"height\":414},{\"@type\":\"BreadcrumbList\",\"@id\":\"https:\/\/lavoixdelanation.tg\/index.php\/2025\/07\/15\/campagne-electorale-les-cadres-unir-de-la-keran-accueillis-dans-lallegresse\/#breadcrumb\",\"itemListElement\":[{\"@type\":\"ListItem\",\"position\":1,\"name\":\"Accueil\",\"item\":\"https:\/\/lavoixdelanation.tg\/\"},{\"@type\":\"ListItem\",\"position\":2,\"name\":\"Campagne \u00e9lectorale\u00a0: Les cadres UNIR de la K\u00e9ran accueillis dans l\u2019all\u00e9gresse\"}]},{\"@type\":\"WebSite\",\"@id\":\"https:\/\/lavoixdelanation.tg\/#website\",\"url\":\"https:\/\/lavoixdelanation.tg\/\",\"name\":\"La Voix de la Nation\",\"description\":\"R\u00e9c\u00e9piss\u00e9 n\u00b00108\/HAAC\/01-2024\/pl\/P\",\"publisher\":{\"@id\":\"https:\/\/lavoixdelanation.tg\/#organization\"},\"alternateName\":\"VON\",\"potentialAction\":[{\"@type\":\"SearchAction\",\"target\":{\"@type\":\"EntryPoint\",\"urlTemplate\":\"https:\/\/lavoixdelanation.tg\/?s={search_term_string}\"},\"query-input\":{\"@type\":\"PropertyValueSpecification\",\"valueRequired\":true,\"valueName\":\"search_term_string\"}}],\"inLanguage\":\"fr-FR\"},{\"@type\":\"Organization\",\"@id\":\"https:\/\/lavoixdelanation.tg\/#organization\",\"name\":\"La Voix de la Nation\",\"url\":\"https:\/\/lavoixdelanation.tg\/\",\"logo\":{\"@type\":\"ImageObject\",\"inLanguage\":\"fr-FR\",\"@id\":\"https:\/\/lavoixdelanation.tg\/#\/schema\/logo\/image\/\",\"url\":\"https:\/\/lavoixdelanation.tg\/wp-content\/uploads\/2024\/12\/lavn-1.png\",\"contentUrl\":\"https:\/\/lavoixdelanation.tg\/wp-content\/uploads\/2024\/12\/lavn-1.png\",\"width\":1024,\"height\":464,\"caption\":\"La Voix de la Nation\"},\"image\":{\"@id\":\"https:\/\/lavoixdelanation.tg\/#\/schema\/logo\/image\/\"},\"sameAs\":[\"https:\/\/www.facebook.com\/lavoixdelanation\"]},{\"@type\":\"Person\",\"@id\":\"https:\/\/lavoixdelanation.tg\/#\/schema\/person\/6c489293aa38053673a9e554acb6e224\",\"name\":\"La voix de la nation\",\"image\":{\"@type\":\"ImageObject\",\"inLanguage\":\"fr-FR\",\"@id\":\"https:\/\/lavoixdelanation.tg\/#\/schema\/person\/image\/\",\"url\":\"https:\/\/secure.gravatar.com\/avatar\/8aa135d4bbc794494cecaa8d483f6d6cc1023624868deaff686baed5e727a5a1?s=96&d=mm&r=g\",\"contentUrl\":\"https:\/\/secure.gravatar.com\/avatar\/8aa135d4bbc794494cecaa8d483f6d6cc1023624868deaff686baed5e727a5a1?s=96&d=mm&r=g\",\"caption\":\"La voix de la nation\"},\"sameAs\":[\"https:\/\/lavoixdelanation.tg\"],\"url\":\"https:\/\/lavoixdelanation.tg\/index.php\/author\/lavn\/\"}]}<\/script>\n<!-- \/ Yoast SEO plugin. -->","yoast_head_json":{"title":"Campagne \u00e9lectorale\u00a0: Les cadres UNIR de la K\u00e9ran accueillis dans l\u2019all\u00e9gresse - La Voix de la Nation","robots":{"index":"index","follow":"follow","max-snippet":"max-snippet:-1","max-image-preview":"max-image-preview:large","max-video-preview":"max-video-preview:-1"},"canonical":"https:\/\/lavoixdelanation.tg\/index.php\/2025\/07\/15\/campagne-electorale-les-cadres-unir-de-la-keran-accueillis-dans-lallegresse\/","og_locale":"fr_FR","og_type":"article","og_title":"Campagne \u00e9lectorale\u00a0: Les cadres UNIR de la K\u00e9ran accueillis dans l\u2019all\u00e9gresse - La Voix de la Nation","og_description":"C\u2019est dans l\u2019all\u00e9gresse et la fiert\u00e9 collective que la population de la K\u00e9ran est sortie assez nombreuse pour accueillir les cadres du parti Union pour la R\u00e9publique (UNIR) du milieu,&hellip;","og_url":"https:\/\/lavoixdelanation.tg\/index.php\/2025\/07\/15\/campagne-electorale-les-cadres-unir-de-la-keran-accueillis-dans-lallegresse\/","og_site_name":"La Voix de la Nation","article_publisher":"https:\/\/www.facebook.com\/lavoixdelanation","article_published_time":"2025-07-15T13:37:00+00:00","article_modified_time":"2025-07-18T15:44:57+00:00","og_image":[{"width":650,"height":414,"url":"https:\/\/lavoixdelanation.tg\/wp-content\/uploads\/2025\/07\/Les-cadres-UNIR-de-la-Keran-accueillis-dans-lallegresse.jpeg","type":"image\/jpeg"}],"author":"La voix de la nation","twitter_card":"summary_large_image","twitter_misc":{"\u00c9crit par":"La voix de la nation","Dur\u00e9e de lecture estim\u00e9e":"1 minute"},"schema":{"@context":"https:\/\/schema.org","@graph":[{"@type":"Article","@id":"https:\/\/lavoixdelanation.tg\/index.php\/2025\/07\/15\/campagne-electorale-les-cadres-unir-de-la-keran-accueillis-dans-lallegresse\/#article","isPartOf":{"@id":"https:\/\/lavoixdelanation.tg\/index.php\/2025\/07\/15\/campagne-electorale-les-cadres-unir-de-la-keran-accueillis-dans-lallegresse\/"},"author":{"name":"La voix de la nation","@id":"https:\/\/lavoixdelanation.tg\/#\/schema\/person\/6c489293aa38053673a9e554acb6e224"},"headline":"Campagne \u00e9lectorale\u00a0: Les cadres UNIR de la K\u00e9ran accueillis dans l\u2019all\u00e9gresse","datePublished":"2025-07-15T13:37:00+00:00","dateModified":"2025-07-18T15:44:57+00:00","mainEntityOfPage":{"@id":"https:\/\/lavoixdelanation.tg\/index.php\/2025\/07\/15\/campagne-electorale-les-cadres-unir-de-la-keran-accueillis-dans-lallegresse\/"},"wordCount":170,"commentCount":0,"publisher":{"@id":"https:\/\/lavoixdelanation.tg\/#organization"},"image":{"@id":"https:\/\/lavoixdelanation.tg\/index.php\/2025\/07\/15\/campagne-electorale-les-cadres-unir-de-la-keran-accueillis-dans-lallegresse\/#primaryimage"},"thumbnailUrl":"https:\/\/lavoixdelanation.tg\/wp-content\/uploads\/2025\/07\/Les-cadres-UNIR-de-la-Keran-accueillis-dans-lallegresse.jpeg","keywords":["KERAN","Togo","UNIR"],"articleSection":["Politique"],"inLanguage":"fr-FR","potentialAction":[{"@type":"CommentAction","name":"Comment","target":["https:\/\/lavoixdelanation.tg\/index.php\/2025\/07\/15\/campagne-electorale-les-cadres-unir-de-la-keran-accueillis-dans-lallegresse\/#respond"]}]},{"@type":"WebPage","@id":"https:\/\/lavoixdelanation.tg\/index.php\/2025\/07\/15\/campagne-electorale-les-cadres-unir-de-la-keran-accueillis-dans-lallegresse\/","url":"https:\/\/lavoixdelanation.tg\/index.php\/2025\/07\/15\/campagne-electorale-les-cadres-unir-de-la-keran-accueillis-dans-lallegresse\/","name":"Campagne \u00e9lectorale\u00a0: Les cadres UNIR de la K\u00e9ran accueillis dans l\u2019all\u00e9gresse - La Voix de la Nation","isPartOf":{"@id":"https:\/\/lavoixdelanation.tg\/#website"},"primaryImageOfPage":{"@id":"https:\/\/lavoixdelanation.tg\/index.php\/2025\/07\/15\/campagne-electorale-les-cadres-unir-de-la-keran-accueillis-dans-lallegresse\/#primaryimage"},"image":{"@id":"https:\/\/lavoixdelanation.tg\/index.php\/2025\/07\/15\/campagne-electorale-les-cadres-unir-de-la-keran-accueillis-dans-lallegresse\/#primaryimage"},"thumbnailUrl":"https:\/\/lavoixdelanation.tg\/wp-content\/uploads\/2025\/07\/Les-cadres-UNIR-de-la-Keran-accueillis-dans-lallegresse.jpeg","datePublished":"2025-07-15T13:37:00+00:00","dateModified":"2025-07-18T15:44:57+00:00","breadcrumb":{"@id":"https:\/\/lavoixdelanation.tg\/index.php\/2025\/07\/15\/campagne-electorale-les-cadres-unir-de-la-keran-accueillis-dans-lallegresse\/#breadcrumb"},"inLanguage":"fr-FR","potentialAction":[{"@type":"ReadAction","target":["https:\/\/lavoixdelanation.tg\/index.php\/2025\/07\/15\/campagne-electorale-les-cadres-unir-de-la-keran-accueillis-dans-lallegresse\/"]}]},{"@type":"ImageObject","inLanguage":"fr-FR","@id":"https:\/\/lavoixdelanation.tg\/index.php\/2025\/07\/15\/campagne-electorale-les-cadres-unir-de-la-keran-accueillis-dans-lallegresse\/#primaryimage","url":"https:\/\/lavoixdelanation.tg\/wp-content\/uploads\/2025\/07\/Les-cadres-UNIR-de-la-Keran-accueillis-dans-lallegresse.jpeg","contentUrl":"https:\/\/lavoixdelanation.tg\/wp-content\/uploads\/2025\/07\/Les-cadres-UNIR-de-la-Keran-accueillis-dans-lallegresse.jpeg","width":650,"height":414},{"@type":"BreadcrumbList","@id":"https:\/\/lavoixdelanation.tg\/index.php\/2025\/07\/15\/campagne-electorale-les-cadres-unir-de-la-keran-accueillis-dans-lallegresse\/#breadcrumb","itemListElement":[{"@type":"ListItem","position":1,"name":"Accueil","item":"https:\/\/lavoixdelanation.tg\/"},{"@type":"ListItem","position":2,"name":"Campagne \u00e9lectorale\u00a0: Les cadres UNIR de la K\u00e9ran accueillis dans l\u2019all\u00e9gresse"}]},{"@type":"WebSite","@id":"https:\/\/lavoixdelanation.tg\/#website","url":"https:\/\/lavoixdelanation.tg\/","name":"La Voix de la Nation","description":"R\u00e9c\u00e9piss\u00e9 n\u00b00108\/HAAC\/01-2024\/pl\/P","publisher":{"@id":"https:\/\/lavoixdelanation.tg\/#organization"},"alternateName":"VON","potentialAction":[{"@type":"SearchAction","target":{"@type":"EntryPoint","urlTemplate":"https:\/\/lavoixdelanation.tg\/?s={search_term_string}"},"query-input":{"@type":"PropertyValueSpecification","valueRequired":true,"valueName":"search_term_string"}}],"inLanguage":"fr-FR"},{"@type":"Organization","@id":"https:\/\/lavoixdelanation.tg\/#organization","name":"La Voix de la Nation","url":"https:\/\/lavoixdelanation.tg\/","logo":{"@type":"ImageObject","inLanguage":"fr-FR","@id":"https:\/\/lavoixdelanation.tg\/#\/schema\/logo\/image\/","url":"https:\/\/lavoixdelanation.tg\/wp-content\/uploads\/2024\/12\/lavn-1.png","contentUrl":"https:\/\/lavoixdelanation.tg\/wp-content\/uploads\/2024\/12\/lavn-1.png","width":1024,"height":464,"caption":"La Voix de la Nation"},"image":{"@id":"https:\/\/lavoixdelanation.tg\/#\/schema\/logo\/image\/"},"sameAs":["https:\/\/www.facebook.com\/lavoixdelanation"]},{"@type":"Person","@id":"https:\/\/lavoixdelanation.tg\/#\/schema\/person\/6c489293aa38053673a9e554acb6e224","name":"La voix de la nation","image":{"@type":"ImageObject","inLanguage":"fr-FR","@id":"https:\/\/lavoixdelanation.tg\/#\/schema\/person\/image\/","url":"https:\/\/secure.gravatar.com\/avatar\/8aa135d4bbc794494cecaa8d483f6d6cc1023624868deaff686baed5e727a5a1?s=96&d=mm&r=g","contentUrl":"https:\/\/secure.gravatar.com\/avatar\/8aa135d4bbc794494cecaa8d483f6d6cc1023624868deaff686baed5e727a5a1?s=96&d=mm&r=g","caption":"La voix de la nation"},"sameAs":["https:\/\/lavoixdelanation.tg"],"url":"https:\/\/lavoixdelanation.tg\/index.php\/author\/lavn\/"}]}},"_links":{"self":[{"href":"https:\/\/lavoixdelanation.tg\/index.php\/wp-json\/wp\/v2\/posts\/4165","targetHints":{"allow":["GET"]}}],"collection":[{"href":"https:\/\/lavoixdelanation.tg\/index.php\/wp-json\/wp\/v2\/posts"}],"about":[{"href":"https:\/\/lavoixdelanation.tg\/index.php\/wp-json\/wp\/v2\/types\/post"}],"author":[{"embeddable":true,"href":"https:\/\/lavoixdelanation.tg\/index.php\/wp-json\/wp\/v2\/users\/1"}],"replies":[{"embeddable":true,"href":"https:\/\/lavoixdelanation.tg\/index.php\/wp-json\/wp\/v2\/comments?post=4165"}],"version-history":[{"count":1,"href":"https:\/\/lavoixdelanation.tg\/index.php\/wp-json\/wp\/v2\/posts\/4165\/revisions"}],"predecessor-version":[{"id":4167,"href":"https:\/\/lavoixdelanation.tg\/index.php\/wp-json\/wp\/v2\/posts\/4165\/revisions\/4167"}],"wp:featuredmedia":[{"embeddable":true,"href":"https:\/\/lavoixdelanation.tg\/index.php\/wp-json\/wp\/v2\/media\/4166"}],"wp:attachment":[{"href":"https:\/\/lavoixdelanation.tg\/index.php\/wp-json\/wp\/v2\/media?parent=4165"}],"wp:term":[{"taxonomy":"category","embeddable":true,"href":"https:\/\/lavoixdelanation.tg\/index.php\/wp-json\/wp\/v2\/categories?post=4165"},{"taxonomy":"post_tag","embeddable":true,"href":"https:\/\/lavoixdelanation.tg\/index.php\/wp-json\/wp\/v2\/tags?post=4165"}],"curies":[{"name":"wp","href":"https:\/\/api.w.org\/{rel}","templated":true}]}}