{"id":4146,"date":"2025-07-17T19:06:43","date_gmt":"2025-07-17T17:06:43","guid":{"rendered":"https:\/\/lavoixdelanation.tg\/?p=4146"},"modified":"2025-07-17T19:06:43","modified_gmt":"2025-07-17T17:06:43","slug":"elections-municipales-2025-faure-gnassingbe-a-exerce-son-droit-de-vote-a-pya","status":"publish","type":"post","link":"https:\/\/lavoixdelanation.tg\/index.php\/2025\/07\/17\/elections-municipales-2025-faure-gnassingbe-a-exerce-son-droit-de-vote-a-pya\/","title":{"rendered":"Elections municipales 2025 :\u00a0 Faure Gnassingb\u00e9 a exerc\u00e9 son droit de vote \u00e0 Pya"},"content":{"rendered":"\n<p>Les Togolais sont aux urnes ce jeudi 17 juillet 2025 pour des \u00e9lections municipales. Le Pr\u00e9sident du Conseil, Faure Gnassingb\u00e9 a accompli \u00e0 cet effet, son devoir citoyen au bureau de vote n\u00b01 du Lyc\u00e9e Maman N\u2019Danida de Pya dans la commune Kozah 2.<\/p>\n\n\n\n<p>Le Pr\u00e9sident du Conseil r\u00e9affirme \u00e0 travers ce geste, son attachement aux valeurs d\u00e9mocratiques avec l\u2019instauration d\u2019une gouvernance plus inclusive et plus participative. Les \u00e9lections municipales de 2025 s\u2019inscrivent en effet dans la dynamique de la gouvernance locale et du renforcement du processus de d\u00e9centralisation entam\u00e9 il y a quelques ann\u00e9es.<\/p>\n\n\n\n<p>Il faut souligner qu\u2019\u00e0 l\u2019issue de ce scrutin, au total 1527 Conseillers municipaux seront \u00e9lus pour repr\u00e9senter les 117 communes du pays.<\/p>\n","protected":false},"excerpt":{"rendered":"<p>Les Togolais sont aux urnes ce jeudi 17 juillet 2025 pour des \u00e9lections municipales. Le Pr\u00e9sident du Conseil, Faure Gnassingb\u00e9 a accompli \u00e0 cet effet, son devoir citoyen au bureau&hellip; <\/p>\n","protected":false},"author":1,"featured_media":4147,"comment_status":"open","ping_status":"open","sticky":false,"template":"","format":"standard","meta":{"footnotes":""},"categories":[21],"tags":[45,654,39],"class_list":["post-4146","post","type-post","status-publish","format-standard","has-post-thumbnail","hentry","category-politique","tag-faure-gnassingbe","tag-municipales-2025","tag-togo"],"yoast_head":"<!-- This site is optimized with the Yoast SEO plugin v26.4 - https:\/\/yoast.com\/wordpress\/plugins\/seo\/ -->\n<title>Elections municipales 2025 :\u00a0 Faure Gnassingb\u00e9 a exerc\u00e9 son droit de vote \u00e0 Pya - La Voix de la Nation<\/title>\n<meta name=\"robots\" content=\"index, follow, max-snippet:-1, max-image-preview:large, max-video-preview:-1\" \/>\n<link rel=\"canonical\" href=\"https:\/\/lavoixdelanation.tg\/index.php\/2025\/07\/17\/elections-municipales-2025-faure-gnassingbe-a-exerce-son-droit-de-vote-a-pya\/\" \/>\n<meta property=\"og:locale\" content=\"fr_FR\" \/>\n<meta property=\"og:type\" content=\"article\" \/>\n<meta property=\"og:title\" content=\"Elections municipales 2025 :\u00a0 Faure Gnassingb\u00e9 a exerc\u00e9 son droit de vote \u00e0 Pya - La Voix de la Nation\" \/>\n<meta property=\"og:description\" content=\"Les Togolais sont aux urnes ce jeudi 17 juillet 2025 pour des \u00e9lections municipales. Le Pr\u00e9sident du Conseil, Faure Gnassingb\u00e9 a accompli \u00e0 cet effet, son devoir citoyen au bureau&hellip;\" \/>\n<meta property=\"og:url\" content=\"https:\/\/lavoixdelanation.tg\/index.php\/2025\/07\/17\/elections-municipales-2025-faure-gnassingbe-a-exerce-son-droit-de-vote-a-pya\/\" \/>\n<meta property=\"og:site_name\" content=\"La Voix de la Nation\" \/>\n<meta property=\"article:publisher\" content=\"https:\/\/www.facebook.com\/lavoixdelanation\" \/>\n<meta property=\"article:published_time\" content=\"2025-07-17T17:06:43+00:00\" \/>\n<meta property=\"og:image\" content=\"https:\/\/lavoixdelanation.tg\/wp-content\/uploads\/2025\/07\/Faure-Gnassingbe-a-vote-a-Pya.jpg\" \/>\n\t<meta property=\"og:image:width\" content=\"639\" \/>\n\t<meta property=\"og:image:height\" content=\"415\" \/>\n\t<meta property=\"og:image:type\" content=\"image\/jpeg\" \/>\n<meta name=\"author\" content=\"La voix de la nation\" \/>\n<meta name=\"twitter:card\" content=\"summary_large_image\" \/>\n<meta name=\"twitter:label1\" content=\"\u00c9crit par\" \/>\n\t<meta name=\"twitter:data1\" content=\"La voix de la nation\" \/>\n\t<meta name=\"twitter:label2\" content=\"Dur\u00e9e de lecture estim\u00e9e\" \/>\n\t<meta name=\"twitter:data2\" content=\"1 minute\" \/>\n<script type=\"application\/ld+json\" class=\"yoast-schema-graph\">{\"@context\":\"https:\/\/schema.org\",\"@graph\":[{\"@type\":\"Article\",\"@id\":\"https:\/\/lavoixdelanation.tg\/index.php\/2025\/07\/17\/elections-municipales-2025-faure-gnassingbe-a-exerce-son-droit-de-vote-a-pya\/#article\",\"isPartOf\":{\"@id\":\"https:\/\/lavoixdelanation.tg\/index.php\/2025\/07\/17\/elections-municipales-2025-faure-gnassingbe-a-exerce-son-droit-de-vote-a-pya\/\"},\"author\":{\"name\":\"La voix de la nation\",\"@id\":\"https:\/\/lavoixdelanation.tg\/#\/schema\/person\/6c489293aa38053673a9e554acb6e224\"},\"headline\":\"Elections municipales 2025 :\u00a0 Faure Gnassingb\u00e9 a exerc\u00e9 son droit de vote \u00e0 Pya\",\"datePublished\":\"2025-07-17T17:06:43+00:00\",\"mainEntityOfPage\":{\"@id\":\"https:\/\/lavoixdelanation.tg\/index.php\/2025\/07\/17\/elections-municipales-2025-faure-gnassingbe-a-exerce-son-droit-de-vote-a-pya\/\"},\"wordCount\":133,\"commentCount\":0,\"publisher\":{\"@id\":\"https:\/\/lavoixdelanation.tg\/#organization\"},\"image\":{\"@id\":\"https:\/\/lavoixdelanation.tg\/index.php\/2025\/07\/17\/elections-municipales-2025-faure-gnassingbe-a-exerce-son-droit-de-vote-a-pya\/#primaryimage\"},\"thumbnailUrl\":\"https:\/\/lavoixdelanation.tg\/wp-content\/uploads\/2025\/07\/Faure-Gnassingbe-a-vote-a-Pya.jpg\",\"keywords\":[\"Faure Gnassingb\u00e9\",\"Municipales 2025\",\"Togo\"],\"articleSection\":[\"Politique\"],\"inLanguage\":\"fr-FR\",\"potentialAction\":[{\"@type\":\"CommentAction\",\"name\":\"Comment\",\"target\":[\"https:\/\/lavoixdelanation.tg\/index.php\/2025\/07\/17\/elections-municipales-2025-faure-gnassingbe-a-exerce-son-droit-de-vote-a-pya\/#respond\"]}]},{\"@type\":\"WebPage\",\"@id\":\"https:\/\/lavoixdelanation.tg\/index.php\/2025\/07\/17\/elections-municipales-2025-faure-gnassingbe-a-exerce-son-droit-de-vote-a-pya\/\",\"url\":\"https:\/\/lavoixdelanation.tg\/index.php\/2025\/07\/17\/elections-municipales-2025-faure-gnassingbe-a-exerce-son-droit-de-vote-a-pya\/\",\"name\":\"Elections municipales 2025 :\u00a0 Faure Gnassingb\u00e9 a exerc\u00e9 son droit de vote \u00e0 Pya - La Voix de la Nation\",\"isPartOf\":{\"@id\":\"https:\/\/lavoixdelanation.tg\/#website\"},\"primaryImageOfPage\":{\"@id\":\"https:\/\/lavoixdelanation.tg\/index.php\/2025\/07\/17\/elections-municipales-2025-faure-gnassingbe-a-exerce-son-droit-de-vote-a-pya\/#primaryimage\"},\"image\":{\"@id\":\"https:\/\/lavoixdelanation.tg\/index.php\/2025\/07\/17\/elections-municipales-2025-faure-gnassingbe-a-exerce-son-droit-de-vote-a-pya\/#primaryimage\"},\"thumbnailUrl\":\"https:\/\/lavoixdelanation.tg\/wp-content\/uploads\/2025\/07\/Faure-Gnassingbe-a-vote-a-Pya.jpg\",\"datePublished\":\"2025-07-17T17:06:43+00:00\",\"breadcrumb\":{\"@id\":\"https:\/\/lavoixdelanation.tg\/index.php\/2025\/07\/17\/elections-municipales-2025-faure-gnassingbe-a-exerce-son-droit-de-vote-a-pya\/#breadcrumb\"},\"inLanguage\":\"fr-FR\",\"potentialAction\":[{\"@type\":\"ReadAction\",\"target\":[\"https:\/\/lavoixdelanation.tg\/index.php\/2025\/07\/17\/elections-municipales-2025-faure-gnassingbe-a-exerce-son-droit-de-vote-a-pya\/\"]}]},{\"@type\":\"ImageObject\",\"inLanguage\":\"fr-FR\",\"@id\":\"https:\/\/lavoixdelanation.tg\/index.php\/2025\/07\/17\/elections-municipales-2025-faure-gnassingbe-a-exerce-son-droit-de-vote-a-pya\/#primaryimage\",\"url\":\"https:\/\/lavoixdelanation.tg\/wp-content\/uploads\/2025\/07\/Faure-Gnassingbe-a-vote-a-Pya.jpg\",\"contentUrl\":\"https:\/\/lavoixdelanation.tg\/wp-content\/uploads\/2025\/07\/Faure-Gnassingbe-a-vote-a-Pya.jpg\",\"width\":639,\"height\":415,\"caption\":\"Faure Gnassingb\u00e9 a vot\u00e9 \u00e0 Pya\"},{\"@type\":\"BreadcrumbList\",\"@id\":\"https:\/\/lavoixdelanation.tg\/index.php\/2025\/07\/17\/elections-municipales-2025-faure-gnassingbe-a-exerce-son-droit-de-vote-a-pya\/#breadcrumb\",\"itemListElement\":[{\"@type\":\"ListItem\",\"position\":1,\"name\":\"Accueil\",\"item\":\"https:\/\/lavoixdelanation.tg\/\"},{\"@type\":\"ListItem\",\"position\":2,\"name\":\"Elections municipales 2025 :\u00a0 Faure Gnassingb\u00e9 a exerc\u00e9 son droit de vote \u00e0 Pya\"}]},{\"@type\":\"WebSite\",\"@id\":\"https:\/\/lavoixdelanation.tg\/#website\",\"url\":\"https:\/\/lavoixdelanation.tg\/\",\"name\":\"La Voix de la Nation\",\"description\":\"R\u00e9c\u00e9piss\u00e9 n\u00b00108\/HAAC\/01-2024\/pl\/P\",\"publisher\":{\"@id\":\"https:\/\/lavoixdelanation.tg\/#organization\"},\"alternateName\":\"VON\",\"potentialAction\":[{\"@type\":\"SearchAction\",\"target\":{\"@type\":\"EntryPoint\",\"urlTemplate\":\"https:\/\/lavoixdelanation.tg\/?s={search_term_string}\"},\"query-input\":{\"@type\":\"PropertyValueSpecification\",\"valueRequired\":true,\"valueName\":\"search_term_string\"}}],\"inLanguage\":\"fr-FR\"},{\"@type\":\"Organization\",\"@id\":\"https:\/\/lavoixdelanation.tg\/#organization\",\"name\":\"La Voix de la Nation\",\"url\":\"https:\/\/lavoixdelanation.tg\/\",\"logo\":{\"@type\":\"ImageObject\",\"inLanguage\":\"fr-FR\",\"@id\":\"https:\/\/lavoixdelanation.tg\/#\/schema\/logo\/image\/\",\"url\":\"https:\/\/lavoixdelanation.tg\/wp-content\/uploads\/2024\/12\/lavn-1.png\",\"contentUrl\":\"https:\/\/lavoixdelanation.tg\/wp-content\/uploads\/2024\/12\/lavn-1.png\",\"width\":1024,\"height\":464,\"caption\":\"La Voix de la Nation\"},\"image\":{\"@id\":\"https:\/\/lavoixdelanation.tg\/#\/schema\/logo\/image\/\"},\"sameAs\":[\"https:\/\/www.facebook.com\/lavoixdelanation\"]},{\"@type\":\"Person\",\"@id\":\"https:\/\/lavoixdelanation.tg\/#\/schema\/person\/6c489293aa38053673a9e554acb6e224\",\"name\":\"La voix de la nation\",\"image\":{\"@type\":\"ImageObject\",\"inLanguage\":\"fr-FR\",\"@id\":\"https:\/\/lavoixdelanation.tg\/#\/schema\/person\/image\/\",\"url\":\"https:\/\/secure.gravatar.com\/avatar\/8aa135d4bbc794494cecaa8d483f6d6cc1023624868deaff686baed5e727a5a1?s=96&d=mm&r=g\",\"contentUrl\":\"https:\/\/secure.gravatar.com\/avatar\/8aa135d4bbc794494cecaa8d483f6d6cc1023624868deaff686baed5e727a5a1?s=96&d=mm&r=g\",\"caption\":\"La voix de la nation\"},\"sameAs\":[\"https:\/\/lavoixdelanation.tg\"],\"url\":\"https:\/\/lavoixdelanation.tg\/index.php\/author\/lavn\/\"}]}<\/script>\n<!-- \/ Yoast SEO plugin. -->","yoast_head_json":{"title":"Elections municipales 2025 :\u00a0 Faure Gnassingb\u00e9 a exerc\u00e9 son droit de vote \u00e0 Pya - La Voix de la Nation","robots":{"index":"index","follow":"follow","max-snippet":"max-snippet:-1","max-image-preview":"max-image-preview:large","max-video-preview":"max-video-preview:-1"},"canonical":"https:\/\/lavoixdelanation.tg\/index.php\/2025\/07\/17\/elections-municipales-2025-faure-gnassingbe-a-exerce-son-droit-de-vote-a-pya\/","og_locale":"fr_FR","og_type":"article","og_title":"Elections municipales 2025 :\u00a0 Faure Gnassingb\u00e9 a exerc\u00e9 son droit de vote \u00e0 Pya - La Voix de la Nation","og_description":"Les Togolais sont aux urnes ce jeudi 17 juillet 2025 pour des \u00e9lections municipales. Le Pr\u00e9sident du Conseil, Faure Gnassingb\u00e9 a accompli \u00e0 cet effet, son devoir citoyen au bureau&hellip;","og_url":"https:\/\/lavoixdelanation.tg\/index.php\/2025\/07\/17\/elections-municipales-2025-faure-gnassingbe-a-exerce-son-droit-de-vote-a-pya\/","og_site_name":"La Voix de la Nation","article_publisher":"https:\/\/www.facebook.com\/lavoixdelanation","article_published_time":"2025-07-17T17:06:43+00:00","og_image":[{"width":639,"height":415,"url":"https:\/\/lavoixdelanation.tg\/wp-content\/uploads\/2025\/07\/Faure-Gnassingbe-a-vote-a-Pya.jpg","type":"image\/jpeg"}],"author":"La voix de la nation","twitter_card":"summary_large_image","twitter_misc":{"\u00c9crit par":"La voix de la nation","Dur\u00e9e de lecture estim\u00e9e":"1 minute"},"schema":{"@context":"https:\/\/schema.org","@graph":[{"@type":"Article","@id":"https:\/\/lavoixdelanation.tg\/index.php\/2025\/07\/17\/elections-municipales-2025-faure-gnassingbe-a-exerce-son-droit-de-vote-a-pya\/#article","isPartOf":{"@id":"https:\/\/lavoixdelanation.tg\/index.php\/2025\/07\/17\/elections-municipales-2025-faure-gnassingbe-a-exerce-son-droit-de-vote-a-pya\/"},"author":{"name":"La voix de la nation","@id":"https:\/\/lavoixdelanation.tg\/#\/schema\/person\/6c489293aa38053673a9e554acb6e224"},"headline":"Elections municipales 2025 :\u00a0 Faure Gnassingb\u00e9 a exerc\u00e9 son droit de vote \u00e0 Pya","datePublished":"2025-07-17T17:06:43+00:00","mainEntityOfPage":{"@id":"https:\/\/lavoixdelanation.tg\/index.php\/2025\/07\/17\/elections-municipales-2025-faure-gnassingbe-a-exerce-son-droit-de-vote-a-pya\/"},"wordCount":133,"commentCount":0,"publisher":{"@id":"https:\/\/lavoixdelanation.tg\/#organization"},"image":{"@id":"https:\/\/lavoixdelanation.tg\/index.php\/2025\/07\/17\/elections-municipales-2025-faure-gnassingbe-a-exerce-son-droit-de-vote-a-pya\/#primaryimage"},"thumbnailUrl":"https:\/\/lavoixdelanation.tg\/wp-content\/uploads\/2025\/07\/Faure-Gnassingbe-a-vote-a-Pya.jpg","keywords":["Faure Gnassingb\u00e9","Municipales 2025","Togo"],"articleSection":["Politique"],"inLanguage":"fr-FR","potentialAction":[{"@type":"CommentAction","name":"Comment","target":["https:\/\/lavoixdelanation.tg\/index.php\/2025\/07\/17\/elections-municipales-2025-faure-gnassingbe-a-exerce-son-droit-de-vote-a-pya\/#respond"]}]},{"@type":"WebPage","@id":"https:\/\/lavoixdelanation.tg\/index.php\/2025\/07\/17\/elections-municipales-2025-faure-gnassingbe-a-exerce-son-droit-de-vote-a-pya\/","url":"https:\/\/lavoixdelanation.tg\/index.php\/2025\/07\/17\/elections-municipales-2025-faure-gnassingbe-a-exerce-son-droit-de-vote-a-pya\/","name":"Elections municipales 2025 :\u00a0 Faure Gnassingb\u00e9 a exerc\u00e9 son droit de vote \u00e0 Pya - La Voix de la Nation","isPartOf":{"@id":"https:\/\/lavoixdelanation.tg\/#website"},"primaryImageOfPage":{"@id":"https:\/\/lavoixdelanation.tg\/index.php\/2025\/07\/17\/elections-municipales-2025-faure-gnassingbe-a-exerce-son-droit-de-vote-a-pya\/#primaryimage"},"image":{"@id":"https:\/\/lavoixdelanation.tg\/index.php\/2025\/07\/17\/elections-municipales-2025-faure-gnassingbe-a-exerce-son-droit-de-vote-a-pya\/#primaryimage"},"thumbnailUrl":"https:\/\/lavoixdelanation.tg\/wp-content\/uploads\/2025\/07\/Faure-Gnassingbe-a-vote-a-Pya.jpg","datePublished":"2025-07-17T17:06:43+00:00","breadcrumb":{"@id":"https:\/\/lavoixdelanation.tg\/index.php\/2025\/07\/17\/elections-municipales-2025-faure-gnassingbe-a-exerce-son-droit-de-vote-a-pya\/#breadcrumb"},"inLanguage":"fr-FR","potentialAction":[{"@type":"ReadAction","target":["https:\/\/lavoixdelanation.tg\/index.php\/2025\/07\/17\/elections-municipales-2025-faure-gnassingbe-a-exerce-son-droit-de-vote-a-pya\/"]}]},{"@type":"ImageObject","inLanguage":"fr-FR","@id":"https:\/\/lavoixdelanation.tg\/index.php\/2025\/07\/17\/elections-municipales-2025-faure-gnassingbe-a-exerce-son-droit-de-vote-a-pya\/#primaryimage","url":"https:\/\/lavoixdelanation.tg\/wp-content\/uploads\/2025\/07\/Faure-Gnassingbe-a-vote-a-Pya.jpg","contentUrl":"https:\/\/lavoixdelanation.tg\/wp-content\/uploads\/2025\/07\/Faure-Gnassingbe-a-vote-a-Pya.jpg","width":639,"height":415,"caption":"Faure Gnassingb\u00e9 a vot\u00e9 \u00e0 Pya"},{"@type":"BreadcrumbList","@id":"https:\/\/lavoixdelanation.tg\/index.php\/2025\/07\/17\/elections-municipales-2025-faure-gnassingbe-a-exerce-son-droit-de-vote-a-pya\/#breadcrumb","itemListElement":[{"@type":"ListItem","position":1,"name":"Accueil","item":"https:\/\/lavoixdelanation.tg\/"},{"@type":"ListItem","position":2,"name":"Elections municipales 2025 :\u00a0 Faure Gnassingb\u00e9 a exerc\u00e9 son droit de vote \u00e0 Pya"}]},{"@type":"WebSite","@id":"https:\/\/lavoixdelanation.tg\/#website","url":"https:\/\/lavoixdelanation.tg\/","name":"La Voix de la Nation","description":"R\u00e9c\u00e9piss\u00e9 n\u00b00108\/HAAC\/01-2024\/pl\/P","publisher":{"@id":"https:\/\/lavoixdelanation.tg\/#organization"},"alternateName":"VON","potentialAction":[{"@type":"SearchAction","target":{"@type":"EntryPoint","urlTemplate":"https:\/\/lavoixdelanation.tg\/?s={search_term_string}"},"query-input":{"@type":"PropertyValueSpecification","valueRequired":true,"valueName":"search_term_string"}}],"inLanguage":"fr-FR"},{"@type":"Organization","@id":"https:\/\/lavoixdelanation.tg\/#organization","name":"La Voix de la Nation","url":"https:\/\/lavoixdelanation.tg\/","logo":{"@type":"ImageObject","inLanguage":"fr-FR","@id":"https:\/\/lavoixdelanation.tg\/#\/schema\/logo\/image\/","url":"https:\/\/lavoixdelanation.tg\/wp-content\/uploads\/2024\/12\/lavn-1.png","contentUrl":"https:\/\/lavoixdelanation.tg\/wp-content\/uploads\/2024\/12\/lavn-1.png","width":1024,"height":464,"caption":"La Voix de la Nation"},"image":{"@id":"https:\/\/lavoixdelanation.tg\/#\/schema\/logo\/image\/"},"sameAs":["https:\/\/www.facebook.com\/lavoixdelanation"]},{"@type":"Person","@id":"https:\/\/lavoixdelanation.tg\/#\/schema\/person\/6c489293aa38053673a9e554acb6e224","name":"La voix de la nation","image":{"@type":"ImageObject","inLanguage":"fr-FR","@id":"https:\/\/lavoixdelanation.tg\/#\/schema\/person\/image\/","url":"https:\/\/secure.gravatar.com\/avatar\/8aa135d4bbc794494cecaa8d483f6d6cc1023624868deaff686baed5e727a5a1?s=96&d=mm&r=g","contentUrl":"https:\/\/secure.gravatar.com\/avatar\/8aa135d4bbc794494cecaa8d483f6d6cc1023624868deaff686baed5e727a5a1?s=96&d=mm&r=g","caption":"La voix de la nation"},"sameAs":["https:\/\/lavoixdelanation.tg"],"url":"https:\/\/lavoixdelanation.tg\/index.php\/author\/lavn\/"}]}},"_links":{"self":[{"href":"https:\/\/lavoixdelanation.tg\/index.php\/wp-json\/wp\/v2\/posts\/4146","targetHints":{"allow":["GET"]}}],"collection":[{"href":"https:\/\/lavoixdelanation.tg\/index.php\/wp-json\/wp\/v2\/posts"}],"about":[{"href":"https:\/\/lavoixdelanation.tg\/index.php\/wp-json\/wp\/v2\/types\/post"}],"author":[{"embeddable":true,"href":"https:\/\/lavoixdelanation.tg\/index.php\/wp-json\/wp\/v2\/users\/1"}],"replies":[{"embeddable":true,"href":"https:\/\/lavoixdelanation.tg\/index.php\/wp-json\/wp\/v2\/comments?post=4146"}],"version-history":[{"count":1,"href":"https:\/\/lavoixdelanation.tg\/index.php\/wp-json\/wp\/v2\/posts\/4146\/revisions"}],"predecessor-version":[{"id":4148,"href":"https:\/\/lavoixdelanation.tg\/index.php\/wp-json\/wp\/v2\/posts\/4146\/revisions\/4148"}],"wp:featuredmedia":[{"embeddable":true,"href":"https:\/\/lavoixdelanation.tg\/index.php\/wp-json\/wp\/v2\/media\/4147"}],"wp:attachment":[{"href":"https:\/\/lavoixdelanation.tg\/index.php\/wp-json\/wp\/v2\/media?parent=4146"}],"wp:term":[{"taxonomy":"category","embeddable":true,"href":"https:\/\/lavoixdelanation.tg\/index.php\/wp-json\/wp\/v2\/categories?post=4146"},{"taxonomy":"post_tag","embeddable":true,"href":"https:\/\/lavoixdelanation.tg\/index.php\/wp-json\/wp\/v2\/tags?post=4146"}],"curies":[{"name":"wp","href":"https:\/\/api.w.org\/{rel}","templated":true}]}}