{"id":3972,"date":"2025-07-15T17:51:05","date_gmt":"2025-07-15T15:51:05","guid":{"rendered":"https:\/\/lavoixdelanation.tg\/?p=3972"},"modified":"2025-07-15T17:51:06","modified_gmt":"2025-07-15T15:51:06","slug":"togo-les-frontieres-terrestres-seront-fermees-le-jeudi-17-juillet-2025","status":"publish","type":"post","link":"https:\/\/lavoixdelanation.tg\/index.php\/2025\/07\/15\/togo-les-frontieres-terrestres-seront-fermees-le-jeudi-17-juillet-2025\/","title":{"rendered":"Togo\u00a0: Les fronti\u00e8res terrestres seront ferm\u00e9es le jeudi 17 juillet 2025"},"content":{"rendered":"\n<p><strong>Les fronti\u00e8res terrestres togolaises seront ferm\u00e9es le jeudi 17 juillet 2025 de z\u00e9ro heure \u00e0 23 heures 59 minutes. C\u2019est une d\u00e9cision du gouvernement qui rentre dans le cadre des prochaines \u00e9lections municipales, en vue d\u2019optimiser la s\u00e9curit\u00e9 du d\u00e9roulement du vote.<\/strong><\/p>\n\n\n\n<p>L\u2019information est port\u00e9e \u00e0 la connaissance de la population ce mardi 15 juillet \u00e0 travers un communiqu\u00e9 conjoint sign\u00e9 du Ministre de l\u2019administration territoriale, de la d\u00e9centralisation et de la chefferie coutumi\u00e8re Colonel Hodabalo Awat\u00e9, et celui de la s\u00e9curit\u00e9 et de la protection civile Ambassadeur Calixte Batossie Madjoulba<\/p>\n\n\n\n<p>\u00ab&nbsp;Les ministres en charge de l&rsquo;administration territoriale et de la s\u00e9curit\u00e9 comptent sur la bonne compr\u00e9hension et le sens de responsabilit\u00e9 de tous les usagers des fronti\u00e8res togolaises et de toute la population, pour le respect de cette disposition permettant le d\u00e9roulement du vote des conseillers municipaux, dans la s\u00e9r\u00e9nit\u00e9, la coh\u00e9sion sociale, la paix et la s\u00e9curit\u00e9&nbsp;\u00bb, pr\u00e9cise le document.<\/p>\n\n\n\n<p>Pour rappel, les togolais sont appel\u00e9s aux urnes le 17 juillet prochain pour des \u00e9lections municipales dans les 117 communes du pays. Le vote par anticipation des Forces de d\u00e9fense et de s\u00e9curit\u00e9 s\u2019est quant \u00e0 lui d\u00e9roul\u00e9 hier lundi 14 juillet sur l\u2019ensemble du territoire. Ce vote par anticipation concernait uniquement les membres des forces arm\u00e9es togolaises, des forces de s\u00e9curit\u00e9, des forces paramilitaires et de la r\u00e9serve op\u00e9rationnelle, appel\u00e9s \u00e0 garantir la s\u00e9curit\u00e9 des \u00e9lecteurs et des op\u00e9rations \u00e9lectorales le jour du scrutin.<\/p>\n\n\n\n<p><strong>La R\u00e9daction<\/strong><\/p>\n","protected":false},"excerpt":{"rendered":"<p>Les fronti\u00e8res terrestres togolaises seront ferm\u00e9es le jeudi 17 juillet 2025 de z\u00e9ro heure \u00e0 23 heures 59 minutes. C\u2019est une d\u00e9cision du gouvernement qui rentre dans le cadre des&hellip; <\/p>\n","protected":false},"author":1,"featured_media":3973,"comment_status":"open","ping_status":"open","sticky":false,"template":"","format":"standard","meta":{"footnotes":""},"categories":[21],"tags":[532,555,819,39],"class_list":["post-3972","post","type-post","status-publish","format-standard","has-post-thumbnail","hentry","category-politique","tag-administration-territoriale","tag-elections-municipales-2","tag-frontieres-terrestres","tag-togo"],"yoast_head":"<!-- This site is optimized with the Yoast SEO plugin v26.4 - https:\/\/yoast.com\/wordpress\/plugins\/seo\/ -->\n<title>Togo\u00a0: Les fronti\u00e8res terrestres seront ferm\u00e9es le jeudi 17 juillet 2025 - La Voix de la Nation<\/title>\n<meta name=\"description\" content=\"Les fronti\u00e8res terrestres togolaises seront ferm\u00e9es le jeudi 17 juillet 2025 de z\u00e9ro heure \u00e0 23 heures 59 minutes. C\u2019est une d\u00e9cision du gouvernement qui rentre dans le cadre des prochaines \u00e9lections municipales, en vue d\u2019optimiser la s\u00e9curit\u00e9 du d\u00e9roulement du vote.\" \/>\n<meta name=\"robots\" content=\"index, follow, max-snippet:-1, max-image-preview:large, max-video-preview:-1\" \/>\n<link rel=\"canonical\" href=\"https:\/\/lavoixdelanation.tg\/index.php\/2025\/07\/15\/togo-les-frontieres-terrestres-seront-fermees-le-jeudi-17-juillet-2025\/\" \/>\n<meta property=\"og:locale\" content=\"fr_FR\" \/>\n<meta property=\"og:type\" content=\"article\" \/>\n<meta property=\"og:title\" content=\"Togo\u00a0: Les fronti\u00e8res terrestres seront ferm\u00e9es le jeudi 17 juillet 2025 - La Voix de la Nation\" \/>\n<meta property=\"og:description\" content=\"Les fronti\u00e8res terrestres togolaises seront ferm\u00e9es le jeudi 17 juillet 2025 de z\u00e9ro heure \u00e0 23 heures 59 minutes. C\u2019est une d\u00e9cision du gouvernement qui rentre dans le cadre des prochaines \u00e9lections municipales, en vue d\u2019optimiser la s\u00e9curit\u00e9 du d\u00e9roulement du vote.\" \/>\n<meta property=\"og:url\" content=\"https:\/\/lavoixdelanation.tg\/index.php\/2025\/07\/15\/togo-les-frontieres-terrestres-seront-fermees-le-jeudi-17-juillet-2025\/\" \/>\n<meta property=\"og:site_name\" content=\"La Voix de la Nation\" \/>\n<meta property=\"article:publisher\" content=\"https:\/\/www.facebook.com\/lavoixdelanation\" \/>\n<meta property=\"article:published_time\" content=\"2025-07-15T15:51:05+00:00\" \/>\n<meta property=\"article:modified_time\" content=\"2025-07-15T15:51:06+00:00\" \/>\n<meta property=\"og:image\" content=\"https:\/\/lavoixdelanation.tg\/wp-content\/uploads\/2025\/07\/Fermeture-des-frontieres-terrestres-au-Togo-le-17-juillet-2025.jpeg\" \/>\n\t<meta property=\"og:image:width\" content=\"650\" \/>\n\t<meta property=\"og:image:height\" content=\"427\" \/>\n\t<meta property=\"og:image:type\" content=\"image\/jpeg\" \/>\n<meta name=\"author\" content=\"La voix de la nation\" \/>\n<meta name=\"twitter:card\" content=\"summary_large_image\" \/>\n<meta name=\"twitter:label1\" content=\"\u00c9crit par\" \/>\n\t<meta name=\"twitter:data1\" content=\"La voix de la nation\" \/>\n\t<meta name=\"twitter:label2\" content=\"Dur\u00e9e de lecture estim\u00e9e\" \/>\n\t<meta name=\"twitter:data2\" content=\"2 minutes\" \/>\n<script type=\"application\/ld+json\" class=\"yoast-schema-graph\">{\"@context\":\"https:\/\/schema.org\",\"@graph\":[{\"@type\":\"Article\",\"@id\":\"https:\/\/lavoixdelanation.tg\/index.php\/2025\/07\/15\/togo-les-frontieres-terrestres-seront-fermees-le-jeudi-17-juillet-2025\/#article\",\"isPartOf\":{\"@id\":\"https:\/\/lavoixdelanation.tg\/index.php\/2025\/07\/15\/togo-les-frontieres-terrestres-seront-fermees-le-jeudi-17-juillet-2025\/\"},\"author\":{\"name\":\"La voix de la nation\",\"@id\":\"https:\/\/lavoixdelanation.tg\/#\/schema\/person\/6c489293aa38053673a9e554acb6e224\"},\"headline\":\"Togo\u00a0: Les fronti\u00e8res terrestres seront ferm\u00e9es le jeudi 17 juillet 2025\",\"datePublished\":\"2025-07-15T15:51:05+00:00\",\"dateModified\":\"2025-07-15T15:51:06+00:00\",\"mainEntityOfPage\":{\"@id\":\"https:\/\/lavoixdelanation.tg\/index.php\/2025\/07\/15\/togo-les-frontieres-terrestres-seront-fermees-le-jeudi-17-juillet-2025\/\"},\"wordCount\":277,\"commentCount\":0,\"publisher\":{\"@id\":\"https:\/\/lavoixdelanation.tg\/#organization\"},\"image\":{\"@id\":\"https:\/\/lavoixdelanation.tg\/index.php\/2025\/07\/15\/togo-les-frontieres-terrestres-seront-fermees-le-jeudi-17-juillet-2025\/#primaryimage\"},\"thumbnailUrl\":\"https:\/\/lavoixdelanation.tg\/wp-content\/uploads\/2025\/07\/Fermeture-des-frontieres-terrestres-au-Togo-le-17-juillet-2025.jpeg\",\"keywords\":[\"Administration territoriale\",\"\u00e9lections municipales\",\"fronti\u00e8res terrestres\",\"Togo\"],\"articleSection\":[\"Politique\"],\"inLanguage\":\"fr-FR\",\"potentialAction\":[{\"@type\":\"CommentAction\",\"name\":\"Comment\",\"target\":[\"https:\/\/lavoixdelanation.tg\/index.php\/2025\/07\/15\/togo-les-frontieres-terrestres-seront-fermees-le-jeudi-17-juillet-2025\/#respond\"]}]},{\"@type\":\"WebPage\",\"@id\":\"https:\/\/lavoixdelanation.tg\/index.php\/2025\/07\/15\/togo-les-frontieres-terrestres-seront-fermees-le-jeudi-17-juillet-2025\/\",\"url\":\"https:\/\/lavoixdelanation.tg\/index.php\/2025\/07\/15\/togo-les-frontieres-terrestres-seront-fermees-le-jeudi-17-juillet-2025\/\",\"name\":\"Togo\u00a0: Les fronti\u00e8res terrestres seront ferm\u00e9es le jeudi 17 juillet 2025 - La Voix de la Nation\",\"isPartOf\":{\"@id\":\"https:\/\/lavoixdelanation.tg\/#website\"},\"primaryImageOfPage\":{\"@id\":\"https:\/\/lavoixdelanation.tg\/index.php\/2025\/07\/15\/togo-les-frontieres-terrestres-seront-fermees-le-jeudi-17-juillet-2025\/#primaryimage\"},\"image\":{\"@id\":\"https:\/\/lavoixdelanation.tg\/index.php\/2025\/07\/15\/togo-les-frontieres-terrestres-seront-fermees-le-jeudi-17-juillet-2025\/#primaryimage\"},\"thumbnailUrl\":\"https:\/\/lavoixdelanation.tg\/wp-content\/uploads\/2025\/07\/Fermeture-des-frontieres-terrestres-au-Togo-le-17-juillet-2025.jpeg\",\"datePublished\":\"2025-07-15T15:51:05+00:00\",\"dateModified\":\"2025-07-15T15:51:06+00:00\",\"description\":\"Les fronti\u00e8res terrestres togolaises seront ferm\u00e9es le jeudi 17 juillet 2025 de z\u00e9ro heure \u00e0 23 heures 59 minutes. C\u2019est une d\u00e9cision du gouvernement qui rentre dans le cadre des prochaines \u00e9lections municipales, en vue d\u2019optimiser la s\u00e9curit\u00e9 du d\u00e9roulement du vote.\",\"breadcrumb\":{\"@id\":\"https:\/\/lavoixdelanation.tg\/index.php\/2025\/07\/15\/togo-les-frontieres-terrestres-seront-fermees-le-jeudi-17-juillet-2025\/#breadcrumb\"},\"inLanguage\":\"fr-FR\",\"potentialAction\":[{\"@type\":\"ReadAction\",\"target\":[\"https:\/\/lavoixdelanation.tg\/index.php\/2025\/07\/15\/togo-les-frontieres-terrestres-seront-fermees-le-jeudi-17-juillet-2025\/\"]}]},{\"@type\":\"ImageObject\",\"inLanguage\":\"fr-FR\",\"@id\":\"https:\/\/lavoixdelanation.tg\/index.php\/2025\/07\/15\/togo-les-frontieres-terrestres-seront-fermees-le-jeudi-17-juillet-2025\/#primaryimage\",\"url\":\"https:\/\/lavoixdelanation.tg\/wp-content\/uploads\/2025\/07\/Fermeture-des-frontieres-terrestres-au-Togo-le-17-juillet-2025.jpeg\",\"contentUrl\":\"https:\/\/lavoixdelanation.tg\/wp-content\/uploads\/2025\/07\/Fermeture-des-frontieres-terrestres-au-Togo-le-17-juillet-2025.jpeg\",\"width\":650,\"height\":427},{\"@type\":\"BreadcrumbList\",\"@id\":\"https:\/\/lavoixdelanation.tg\/index.php\/2025\/07\/15\/togo-les-frontieres-terrestres-seront-fermees-le-jeudi-17-juillet-2025\/#breadcrumb\",\"itemListElement\":[{\"@type\":\"ListItem\",\"position\":1,\"name\":\"Accueil\",\"item\":\"https:\/\/lavoixdelanation.tg\/\"},{\"@type\":\"ListItem\",\"position\":2,\"name\":\"Togo\u00a0: Les fronti\u00e8res terrestres seront ferm\u00e9es le jeudi 17 juillet 2025\"}]},{\"@type\":\"WebSite\",\"@id\":\"https:\/\/lavoixdelanation.tg\/#website\",\"url\":\"https:\/\/lavoixdelanation.tg\/\",\"name\":\"La Voix de la Nation\",\"description\":\"R\u00e9c\u00e9piss\u00e9 n\u00b00108\/HAAC\/01-2024\/pl\/P\",\"publisher\":{\"@id\":\"https:\/\/lavoixdelanation.tg\/#organization\"},\"alternateName\":\"VON\",\"potentialAction\":[{\"@type\":\"SearchAction\",\"target\":{\"@type\":\"EntryPoint\",\"urlTemplate\":\"https:\/\/lavoixdelanation.tg\/?s={search_term_string}\"},\"query-input\":{\"@type\":\"PropertyValueSpecification\",\"valueRequired\":true,\"valueName\":\"search_term_string\"}}],\"inLanguage\":\"fr-FR\"},{\"@type\":\"Organization\",\"@id\":\"https:\/\/lavoixdelanation.tg\/#organization\",\"name\":\"La Voix de la Nation\",\"url\":\"https:\/\/lavoixdelanation.tg\/\",\"logo\":{\"@type\":\"ImageObject\",\"inLanguage\":\"fr-FR\",\"@id\":\"https:\/\/lavoixdelanation.tg\/#\/schema\/logo\/image\/\",\"url\":\"https:\/\/lavoixdelanation.tg\/wp-content\/uploads\/2024\/12\/lavn-1.png\",\"contentUrl\":\"https:\/\/lavoixdelanation.tg\/wp-content\/uploads\/2024\/12\/lavn-1.png\",\"width\":1024,\"height\":464,\"caption\":\"La Voix de la Nation\"},\"image\":{\"@id\":\"https:\/\/lavoixdelanation.tg\/#\/schema\/logo\/image\/\"},\"sameAs\":[\"https:\/\/www.facebook.com\/lavoixdelanation\"]},{\"@type\":\"Person\",\"@id\":\"https:\/\/lavoixdelanation.tg\/#\/schema\/person\/6c489293aa38053673a9e554acb6e224\",\"name\":\"La voix de la nation\",\"image\":{\"@type\":\"ImageObject\",\"inLanguage\":\"fr-FR\",\"@id\":\"https:\/\/lavoixdelanation.tg\/#\/schema\/person\/image\/\",\"url\":\"https:\/\/secure.gravatar.com\/avatar\/8aa135d4bbc794494cecaa8d483f6d6cc1023624868deaff686baed5e727a5a1?s=96&d=mm&r=g\",\"contentUrl\":\"https:\/\/secure.gravatar.com\/avatar\/8aa135d4bbc794494cecaa8d483f6d6cc1023624868deaff686baed5e727a5a1?s=96&d=mm&r=g\",\"caption\":\"La voix de la nation\"},\"sameAs\":[\"https:\/\/lavoixdelanation.tg\"],\"url\":\"https:\/\/lavoixdelanation.tg\/index.php\/author\/lavn\/\"}]}<\/script>\n<!-- \/ Yoast SEO plugin. -->","yoast_head_json":{"title":"Togo\u00a0: Les fronti\u00e8res terrestres seront ferm\u00e9es le jeudi 17 juillet 2025 - La Voix de la Nation","description":"Les fronti\u00e8res terrestres togolaises seront ferm\u00e9es le jeudi 17 juillet 2025 de z\u00e9ro heure \u00e0 23 heures 59 minutes. C\u2019est une d\u00e9cision du gouvernement qui rentre dans le cadre des prochaines \u00e9lections municipales, en vue d\u2019optimiser la s\u00e9curit\u00e9 du d\u00e9roulement du vote.","robots":{"index":"index","follow":"follow","max-snippet":"max-snippet:-1","max-image-preview":"max-image-preview:large","max-video-preview":"max-video-preview:-1"},"canonical":"https:\/\/lavoixdelanation.tg\/index.php\/2025\/07\/15\/togo-les-frontieres-terrestres-seront-fermees-le-jeudi-17-juillet-2025\/","og_locale":"fr_FR","og_type":"article","og_title":"Togo\u00a0: Les fronti\u00e8res terrestres seront ferm\u00e9es le jeudi 17 juillet 2025 - La Voix de la Nation","og_description":"Les fronti\u00e8res terrestres togolaises seront ferm\u00e9es le jeudi 17 juillet 2025 de z\u00e9ro heure \u00e0 23 heures 59 minutes. C\u2019est une d\u00e9cision du gouvernement qui rentre dans le cadre des prochaines \u00e9lections municipales, en vue d\u2019optimiser la s\u00e9curit\u00e9 du d\u00e9roulement du vote.","og_url":"https:\/\/lavoixdelanation.tg\/index.php\/2025\/07\/15\/togo-les-frontieres-terrestres-seront-fermees-le-jeudi-17-juillet-2025\/","og_site_name":"La Voix de la Nation","article_publisher":"https:\/\/www.facebook.com\/lavoixdelanation","article_published_time":"2025-07-15T15:51:05+00:00","article_modified_time":"2025-07-15T15:51:06+00:00","og_image":[{"width":650,"height":427,"url":"https:\/\/lavoixdelanation.tg\/wp-content\/uploads\/2025\/07\/Fermeture-des-frontieres-terrestres-au-Togo-le-17-juillet-2025.jpeg","type":"image\/jpeg"}],"author":"La voix de la nation","twitter_card":"summary_large_image","twitter_misc":{"\u00c9crit par":"La voix de la nation","Dur\u00e9e de lecture estim\u00e9e":"2 minutes"},"schema":{"@context":"https:\/\/schema.org","@graph":[{"@type":"Article","@id":"https:\/\/lavoixdelanation.tg\/index.php\/2025\/07\/15\/togo-les-frontieres-terrestres-seront-fermees-le-jeudi-17-juillet-2025\/#article","isPartOf":{"@id":"https:\/\/lavoixdelanation.tg\/index.php\/2025\/07\/15\/togo-les-frontieres-terrestres-seront-fermees-le-jeudi-17-juillet-2025\/"},"author":{"name":"La voix de la nation","@id":"https:\/\/lavoixdelanation.tg\/#\/schema\/person\/6c489293aa38053673a9e554acb6e224"},"headline":"Togo\u00a0: Les fronti\u00e8res terrestres seront ferm\u00e9es le jeudi 17 juillet 2025","datePublished":"2025-07-15T15:51:05+00:00","dateModified":"2025-07-15T15:51:06+00:00","mainEntityOfPage":{"@id":"https:\/\/lavoixdelanation.tg\/index.php\/2025\/07\/15\/togo-les-frontieres-terrestres-seront-fermees-le-jeudi-17-juillet-2025\/"},"wordCount":277,"commentCount":0,"publisher":{"@id":"https:\/\/lavoixdelanation.tg\/#organization"},"image":{"@id":"https:\/\/lavoixdelanation.tg\/index.php\/2025\/07\/15\/togo-les-frontieres-terrestres-seront-fermees-le-jeudi-17-juillet-2025\/#primaryimage"},"thumbnailUrl":"https:\/\/lavoixdelanation.tg\/wp-content\/uploads\/2025\/07\/Fermeture-des-frontieres-terrestres-au-Togo-le-17-juillet-2025.jpeg","keywords":["Administration territoriale","\u00e9lections municipales","fronti\u00e8res terrestres","Togo"],"articleSection":["Politique"],"inLanguage":"fr-FR","potentialAction":[{"@type":"CommentAction","name":"Comment","target":["https:\/\/lavoixdelanation.tg\/index.php\/2025\/07\/15\/togo-les-frontieres-terrestres-seront-fermees-le-jeudi-17-juillet-2025\/#respond"]}]},{"@type":"WebPage","@id":"https:\/\/lavoixdelanation.tg\/index.php\/2025\/07\/15\/togo-les-frontieres-terrestres-seront-fermees-le-jeudi-17-juillet-2025\/","url":"https:\/\/lavoixdelanation.tg\/index.php\/2025\/07\/15\/togo-les-frontieres-terrestres-seront-fermees-le-jeudi-17-juillet-2025\/","name":"Togo\u00a0: Les fronti\u00e8res terrestres seront ferm\u00e9es le jeudi 17 juillet 2025 - La Voix de la Nation","isPartOf":{"@id":"https:\/\/lavoixdelanation.tg\/#website"},"primaryImageOfPage":{"@id":"https:\/\/lavoixdelanation.tg\/index.php\/2025\/07\/15\/togo-les-frontieres-terrestres-seront-fermees-le-jeudi-17-juillet-2025\/#primaryimage"},"image":{"@id":"https:\/\/lavoixdelanation.tg\/index.php\/2025\/07\/15\/togo-les-frontieres-terrestres-seront-fermees-le-jeudi-17-juillet-2025\/#primaryimage"},"thumbnailUrl":"https:\/\/lavoixdelanation.tg\/wp-content\/uploads\/2025\/07\/Fermeture-des-frontieres-terrestres-au-Togo-le-17-juillet-2025.jpeg","datePublished":"2025-07-15T15:51:05+00:00","dateModified":"2025-07-15T15:51:06+00:00","description":"Les fronti\u00e8res terrestres togolaises seront ferm\u00e9es le jeudi 17 juillet 2025 de z\u00e9ro heure \u00e0 23 heures 59 minutes. C\u2019est une d\u00e9cision du gouvernement qui rentre dans le cadre des prochaines \u00e9lections municipales, en vue d\u2019optimiser la s\u00e9curit\u00e9 du d\u00e9roulement du vote.","breadcrumb":{"@id":"https:\/\/lavoixdelanation.tg\/index.php\/2025\/07\/15\/togo-les-frontieres-terrestres-seront-fermees-le-jeudi-17-juillet-2025\/#breadcrumb"},"inLanguage":"fr-FR","potentialAction":[{"@type":"ReadAction","target":["https:\/\/lavoixdelanation.tg\/index.php\/2025\/07\/15\/togo-les-frontieres-terrestres-seront-fermees-le-jeudi-17-juillet-2025\/"]}]},{"@type":"ImageObject","inLanguage":"fr-FR","@id":"https:\/\/lavoixdelanation.tg\/index.php\/2025\/07\/15\/togo-les-frontieres-terrestres-seront-fermees-le-jeudi-17-juillet-2025\/#primaryimage","url":"https:\/\/lavoixdelanation.tg\/wp-content\/uploads\/2025\/07\/Fermeture-des-frontieres-terrestres-au-Togo-le-17-juillet-2025.jpeg","contentUrl":"https:\/\/lavoixdelanation.tg\/wp-content\/uploads\/2025\/07\/Fermeture-des-frontieres-terrestres-au-Togo-le-17-juillet-2025.jpeg","width":650,"height":427},{"@type":"BreadcrumbList","@id":"https:\/\/lavoixdelanation.tg\/index.php\/2025\/07\/15\/togo-les-frontieres-terrestres-seront-fermees-le-jeudi-17-juillet-2025\/#breadcrumb","itemListElement":[{"@type":"ListItem","position":1,"name":"Accueil","item":"https:\/\/lavoixdelanation.tg\/"},{"@type":"ListItem","position":2,"name":"Togo\u00a0: Les fronti\u00e8res terrestres seront ferm\u00e9es le jeudi 17 juillet 2025"}]},{"@type":"WebSite","@id":"https:\/\/lavoixdelanation.tg\/#website","url":"https:\/\/lavoixdelanation.tg\/","name":"La Voix de la Nation","description":"R\u00e9c\u00e9piss\u00e9 n\u00b00108\/HAAC\/01-2024\/pl\/P","publisher":{"@id":"https:\/\/lavoixdelanation.tg\/#organization"},"alternateName":"VON","potentialAction":[{"@type":"SearchAction","target":{"@type":"EntryPoint","urlTemplate":"https:\/\/lavoixdelanation.tg\/?s={search_term_string}"},"query-input":{"@type":"PropertyValueSpecification","valueRequired":true,"valueName":"search_term_string"}}],"inLanguage":"fr-FR"},{"@type":"Organization","@id":"https:\/\/lavoixdelanation.tg\/#organization","name":"La Voix de la Nation","url":"https:\/\/lavoixdelanation.tg\/","logo":{"@type":"ImageObject","inLanguage":"fr-FR","@id":"https:\/\/lavoixdelanation.tg\/#\/schema\/logo\/image\/","url":"https:\/\/lavoixdelanation.tg\/wp-content\/uploads\/2024\/12\/lavn-1.png","contentUrl":"https:\/\/lavoixdelanation.tg\/wp-content\/uploads\/2024\/12\/lavn-1.png","width":1024,"height":464,"caption":"La Voix de la Nation"},"image":{"@id":"https:\/\/lavoixdelanation.tg\/#\/schema\/logo\/image\/"},"sameAs":["https:\/\/www.facebook.com\/lavoixdelanation"]},{"@type":"Person","@id":"https:\/\/lavoixdelanation.tg\/#\/schema\/person\/6c489293aa38053673a9e554acb6e224","name":"La voix de la nation","image":{"@type":"ImageObject","inLanguage":"fr-FR","@id":"https:\/\/lavoixdelanation.tg\/#\/schema\/person\/image\/","url":"https:\/\/secure.gravatar.com\/avatar\/8aa135d4bbc794494cecaa8d483f6d6cc1023624868deaff686baed5e727a5a1?s=96&d=mm&r=g","contentUrl":"https:\/\/secure.gravatar.com\/avatar\/8aa135d4bbc794494cecaa8d483f6d6cc1023624868deaff686baed5e727a5a1?s=96&d=mm&r=g","caption":"La voix de la nation"},"sameAs":["https:\/\/lavoixdelanation.tg"],"url":"https:\/\/lavoixdelanation.tg\/index.php\/author\/lavn\/"}]}},"_links":{"self":[{"href":"https:\/\/lavoixdelanation.tg\/index.php\/wp-json\/wp\/v2\/posts\/3972","targetHints":{"allow":["GET"]}}],"collection":[{"href":"https:\/\/lavoixdelanation.tg\/index.php\/wp-json\/wp\/v2\/posts"}],"about":[{"href":"https:\/\/lavoixdelanation.tg\/index.php\/wp-json\/wp\/v2\/types\/post"}],"author":[{"embeddable":true,"href":"https:\/\/lavoixdelanation.tg\/index.php\/wp-json\/wp\/v2\/users\/1"}],"replies":[{"embeddable":true,"href":"https:\/\/lavoixdelanation.tg\/index.php\/wp-json\/wp\/v2\/comments?post=3972"}],"version-history":[{"count":1,"href":"https:\/\/lavoixdelanation.tg\/index.php\/wp-json\/wp\/v2\/posts\/3972\/revisions"}],"predecessor-version":[{"id":3974,"href":"https:\/\/lavoixdelanation.tg\/index.php\/wp-json\/wp\/v2\/posts\/3972\/revisions\/3974"}],"wp:featuredmedia":[{"embeddable":true,"href":"https:\/\/lavoixdelanation.tg\/index.php\/wp-json\/wp\/v2\/media\/3973"}],"wp:attachment":[{"href":"https:\/\/lavoixdelanation.tg\/index.php\/wp-json\/wp\/v2\/media?parent=3972"}],"wp:term":[{"taxonomy":"category","embeddable":true,"href":"https:\/\/lavoixdelanation.tg\/index.php\/wp-json\/wp\/v2\/categories?post=3972"},{"taxonomy":"post_tag","embeddable":true,"href":"https:\/\/lavoixdelanation.tg\/index.php\/wp-json\/wp\/v2\/tags?post=3972"}],"curies":[{"name":"wp","href":"https:\/\/api.w.org\/{rel}","templated":true}]}}