{"id":3968,"date":"2025-07-15T13:37:35","date_gmt":"2025-07-15T11:37:35","guid":{"rendered":"https:\/\/lavoixdelanation.tg\/?p=3968"},"modified":"2025-07-15T13:38:11","modified_gmt":"2025-07-15T11:38:11","slug":"faure-gnassingbe-salue-la-memoire-de-muhammadu-buhari","status":"publish","type":"post","link":"https:\/\/lavoixdelanation.tg\/index.php\/2025\/07\/15\/faure-gnassingbe-salue-la-memoire-de-muhammadu-buhari\/","title":{"rendered":"Faure Gnassingb\u00e9 salue la m\u00e9moire de Muhammadu Buhari"},"content":{"rendered":"\n<p>Le Pr\u00e9sident du Conseil Faure Gnassingb\u00e9 a exprim\u00e9 sa \u00ab&nbsp;profonde tristesse&nbsp;\u00bb suite au d\u00e9c\u00e8s de l\u2019ancien Pr\u00e9sident du Nigeria Muhammadu Buhari.<\/p>\n\n\n\n<p>\u00ab&nbsp;Nous honorons la m\u00e9moire d\u2019un patriote et homme d\u2019\u00c9tat, engag\u00e9 toute sa vie pour le Nig\u00e9ria, notre r\u00e9gion et notre continent&nbsp;\u00bb, a-t-il indiqu\u00e9 sur son compte X, tout en pr\u00e9sentant ses \u00ab&nbsp;sinc\u00e8res condol\u00e9ances&nbsp;\u00bb \u00e0 la famille \u00e9plor\u00e9e et au peuple fr\u00e8re du Nig\u00e9ria.<\/p>\n\n\n\n<p>Figure marquante de la vie politique du Nigeria, Muhammadu Buhari, n\u00e9 le 17 d\u00e9cembre 1942 est le 13 juillet 2025 \u00e0 Londres (Royaume-Uni).<\/p>\n\n\n\n<p>Militaire et homme d&rsquo;\u00c9tat, il avait dirig\u00e9 son pays \u00e0 deux reprises : en tant que chef de la junte militaire de 1983 \u00e0 1985, puis d\u00e9mocratiquement \u00e9lu comme pr\u00e9sident de la R\u00e9publique de 2015 \u00e0 2023.<\/p>\n\n\n\n<figure class=\"wp-block-image size-large\"><img loading=\"lazy\" decoding=\"async\" width=\"763\" height=\"1024\" src=\"https:\/\/lavoixdelanation.tg\/wp-content\/uploads\/2025\/07\/Faure-Gnassingbe-salue-la-memoire-de-Muhammadu-Buhari-1-763x1024.jpg\" alt=\"\" class=\"wp-image-3970\" srcset=\"https:\/\/lavoixdelanation.tg\/wp-content\/uploads\/2025\/07\/Faure-Gnassingbe-salue-la-memoire-de-Muhammadu-Buhari-1-763x1024.jpg 763w, https:\/\/lavoixdelanation.tg\/wp-content\/uploads\/2025\/07\/Faure-Gnassingbe-salue-la-memoire-de-Muhammadu-Buhari-1-224x300.jpg 224w, https:\/\/lavoixdelanation.tg\/wp-content\/uploads\/2025\/07\/Faure-Gnassingbe-salue-la-memoire-de-Muhammadu-Buhari-1-768x1031.jpg 768w, https:\/\/lavoixdelanation.tg\/wp-content\/uploads\/2025\/07\/Faure-Gnassingbe-salue-la-memoire-de-Muhammadu-Buhari-1.jpg 894w\" sizes=\"auto, (max-width: 763px) 100vw, 763px\" \/><\/figure>\n","protected":false},"excerpt":{"rendered":"<p>Le Pr\u00e9sident du Conseil Faure Gnassingb\u00e9 a exprim\u00e9 sa \u00ab&nbsp;profonde tristesse&nbsp;\u00bb suite au d\u00e9c\u00e8s de l\u2019ancien Pr\u00e9sident du Nigeria Muhammadu Buhari. \u00ab&nbsp;Nous honorons la m\u00e9moire d\u2019un patriote et homme d\u2019\u00c9tat,&hellip; <\/p>\n","protected":false},"author":1,"featured_media":3969,"comment_status":"open","ping_status":"open","sticky":false,"template":"","format":"standard","meta":{"footnotes":""},"categories":[12],"tags":[45,818],"class_list":["post-3968","post","type-post","status-publish","format-standard","has-post-thumbnail","hentry","category-diplomatie","tag-faure-gnassingbe","tag-muhammadu-buhari"],"yoast_head":"<!-- This site is optimized with the Yoast SEO plugin v26.4 - https:\/\/yoast.com\/wordpress\/plugins\/seo\/ -->\n<title>Faure Gnassingb\u00e9 salue la m\u00e9moire de Muhammadu Buhari - La Voix de la Nation<\/title>\n<meta name=\"description\" content=\"Le Pr\u00e9sident du Conseil Faure Gnassingb\u00e9 a exprim\u00e9 sa \u00ab\u00a0profonde tristesse\u00a0\u00bb suite au d\u00e9c\u00e8s de l\u2019ancien Pr\u00e9sident du Nigeria Muhammadu Buhari.\" \/>\n<meta name=\"robots\" content=\"index, follow, max-snippet:-1, max-image-preview:large, max-video-preview:-1\" \/>\n<link rel=\"canonical\" href=\"https:\/\/lavoixdelanation.tg\/index.php\/2025\/07\/15\/faure-gnassingbe-salue-la-memoire-de-muhammadu-buhari\/\" \/>\n<meta property=\"og:locale\" content=\"fr_FR\" \/>\n<meta property=\"og:type\" content=\"article\" \/>\n<meta property=\"og:title\" content=\"Faure Gnassingb\u00e9 salue la m\u00e9moire de Muhammadu Buhari - La Voix de la Nation\" \/>\n<meta property=\"og:description\" content=\"Le Pr\u00e9sident du Conseil Faure Gnassingb\u00e9 a exprim\u00e9 sa \u00ab\u00a0profonde tristesse\u00a0\u00bb suite au d\u00e9c\u00e8s de l\u2019ancien Pr\u00e9sident du Nigeria Muhammadu Buhari.\" \/>\n<meta property=\"og:url\" content=\"https:\/\/lavoixdelanation.tg\/index.php\/2025\/07\/15\/faure-gnassingbe-salue-la-memoire-de-muhammadu-buhari\/\" \/>\n<meta property=\"og:site_name\" content=\"La Voix de la Nation\" \/>\n<meta property=\"article:publisher\" content=\"https:\/\/www.facebook.com\/lavoixdelanation\" \/>\n<meta property=\"article:published_time\" content=\"2025-07-15T11:37:35+00:00\" \/>\n<meta property=\"article:modified_time\" content=\"2025-07-15T11:38:11+00:00\" \/>\n<meta property=\"og:image\" content=\"https:\/\/lavoixdelanation.tg\/wp-content\/uploads\/2025\/07\/Faure-Gnassingbe-salue-la-memoire-de-Muhammadu-Buhari.jpg\" \/>\n\t<meta property=\"og:image:width\" content=\"650\" \/>\n\t<meta property=\"og:image:height\" content=\"426\" \/>\n\t<meta property=\"og:image:type\" content=\"image\/jpeg\" \/>\n<meta name=\"author\" content=\"La voix de la nation\" \/>\n<meta name=\"twitter:card\" content=\"summary_large_image\" \/>\n<meta name=\"twitter:label1\" content=\"\u00c9crit par\" \/>\n\t<meta name=\"twitter:data1\" content=\"La voix de la nation\" \/>\n\t<meta name=\"twitter:label2\" content=\"Dur\u00e9e de lecture estim\u00e9e\" \/>\n\t<meta name=\"twitter:data2\" content=\"2 minutes\" \/>\n<script type=\"application\/ld+json\" class=\"yoast-schema-graph\">{\"@context\":\"https:\/\/schema.org\",\"@graph\":[{\"@type\":\"Article\",\"@id\":\"https:\/\/lavoixdelanation.tg\/index.php\/2025\/07\/15\/faure-gnassingbe-salue-la-memoire-de-muhammadu-buhari\/#article\",\"isPartOf\":{\"@id\":\"https:\/\/lavoixdelanation.tg\/index.php\/2025\/07\/15\/faure-gnassingbe-salue-la-memoire-de-muhammadu-buhari\/\"},\"author\":{\"name\":\"La voix de la nation\",\"@id\":\"https:\/\/lavoixdelanation.tg\/#\/schema\/person\/6c489293aa38053673a9e554acb6e224\"},\"headline\":\"Faure Gnassingb\u00e9 salue la m\u00e9moire de Muhammadu Buhari\",\"datePublished\":\"2025-07-15T11:37:35+00:00\",\"dateModified\":\"2025-07-15T11:38:11+00:00\",\"mainEntityOfPage\":{\"@id\":\"https:\/\/lavoixdelanation.tg\/index.php\/2025\/07\/15\/faure-gnassingbe-salue-la-memoire-de-muhammadu-buhari\/\"},\"wordCount\":146,\"commentCount\":0,\"publisher\":{\"@id\":\"https:\/\/lavoixdelanation.tg\/#organization\"},\"image\":{\"@id\":\"https:\/\/lavoixdelanation.tg\/index.php\/2025\/07\/15\/faure-gnassingbe-salue-la-memoire-de-muhammadu-buhari\/#primaryimage\"},\"thumbnailUrl\":\"https:\/\/lavoixdelanation.tg\/wp-content\/uploads\/2025\/07\/Faure-Gnassingbe-salue-la-memoire-de-Muhammadu-Buhari.jpg\",\"keywords\":[\"Faure Gnassingb\u00e9\",\"Muhammadu Buhari\"],\"articleSection\":[\"Diplomatie\"],\"inLanguage\":\"fr-FR\",\"potentialAction\":[{\"@type\":\"CommentAction\",\"name\":\"Comment\",\"target\":[\"https:\/\/lavoixdelanation.tg\/index.php\/2025\/07\/15\/faure-gnassingbe-salue-la-memoire-de-muhammadu-buhari\/#respond\"]}]},{\"@type\":\"WebPage\",\"@id\":\"https:\/\/lavoixdelanation.tg\/index.php\/2025\/07\/15\/faure-gnassingbe-salue-la-memoire-de-muhammadu-buhari\/\",\"url\":\"https:\/\/lavoixdelanation.tg\/index.php\/2025\/07\/15\/faure-gnassingbe-salue-la-memoire-de-muhammadu-buhari\/\",\"name\":\"Faure Gnassingb\u00e9 salue la m\u00e9moire de Muhammadu Buhari - La Voix de la Nation\",\"isPartOf\":{\"@id\":\"https:\/\/lavoixdelanation.tg\/#website\"},\"primaryImageOfPage\":{\"@id\":\"https:\/\/lavoixdelanation.tg\/index.php\/2025\/07\/15\/faure-gnassingbe-salue-la-memoire-de-muhammadu-buhari\/#primaryimage\"},\"image\":{\"@id\":\"https:\/\/lavoixdelanation.tg\/index.php\/2025\/07\/15\/faure-gnassingbe-salue-la-memoire-de-muhammadu-buhari\/#primaryimage\"},\"thumbnailUrl\":\"https:\/\/lavoixdelanation.tg\/wp-content\/uploads\/2025\/07\/Faure-Gnassingbe-salue-la-memoire-de-Muhammadu-Buhari.jpg\",\"datePublished\":\"2025-07-15T11:37:35+00:00\",\"dateModified\":\"2025-07-15T11:38:11+00:00\",\"description\":\"Le Pr\u00e9sident du Conseil Faure Gnassingb\u00e9 a exprim\u00e9 sa \u00ab\u00a0profonde tristesse\u00a0\u00bb suite au d\u00e9c\u00e8s de l\u2019ancien Pr\u00e9sident du Nigeria Muhammadu Buhari.\",\"breadcrumb\":{\"@id\":\"https:\/\/lavoixdelanation.tg\/index.php\/2025\/07\/15\/faure-gnassingbe-salue-la-memoire-de-muhammadu-buhari\/#breadcrumb\"},\"inLanguage\":\"fr-FR\",\"potentialAction\":[{\"@type\":\"ReadAction\",\"target\":[\"https:\/\/lavoixdelanation.tg\/index.php\/2025\/07\/15\/faure-gnassingbe-salue-la-memoire-de-muhammadu-buhari\/\"]}]},{\"@type\":\"ImageObject\",\"inLanguage\":\"fr-FR\",\"@id\":\"https:\/\/lavoixdelanation.tg\/index.php\/2025\/07\/15\/faure-gnassingbe-salue-la-memoire-de-muhammadu-buhari\/#primaryimage\",\"url\":\"https:\/\/lavoixdelanation.tg\/wp-content\/uploads\/2025\/07\/Faure-Gnassingbe-salue-la-memoire-de-Muhammadu-Buhari.jpg\",\"contentUrl\":\"https:\/\/lavoixdelanation.tg\/wp-content\/uploads\/2025\/07\/Faure-Gnassingbe-salue-la-memoire-de-Muhammadu-Buhari.jpg\",\"width\":650,\"height\":426},{\"@type\":\"BreadcrumbList\",\"@id\":\"https:\/\/lavoixdelanation.tg\/index.php\/2025\/07\/15\/faure-gnassingbe-salue-la-memoire-de-muhammadu-buhari\/#breadcrumb\",\"itemListElement\":[{\"@type\":\"ListItem\",\"position\":1,\"name\":\"Accueil\",\"item\":\"https:\/\/lavoixdelanation.tg\/\"},{\"@type\":\"ListItem\",\"position\":2,\"name\":\"Faure Gnassingb\u00e9 salue la m\u00e9moire de Muhammadu Buhari\"}]},{\"@type\":\"WebSite\",\"@id\":\"https:\/\/lavoixdelanation.tg\/#website\",\"url\":\"https:\/\/lavoixdelanation.tg\/\",\"name\":\"La Voix de la Nation\",\"description\":\"R\u00e9c\u00e9piss\u00e9 n\u00b00108\/HAAC\/01-2024\/pl\/P\",\"publisher\":{\"@id\":\"https:\/\/lavoixdelanation.tg\/#organization\"},\"alternateName\":\"VON\",\"potentialAction\":[{\"@type\":\"SearchAction\",\"target\":{\"@type\":\"EntryPoint\",\"urlTemplate\":\"https:\/\/lavoixdelanation.tg\/?s={search_term_string}\"},\"query-input\":{\"@type\":\"PropertyValueSpecification\",\"valueRequired\":true,\"valueName\":\"search_term_string\"}}],\"inLanguage\":\"fr-FR\"},{\"@type\":\"Organization\",\"@id\":\"https:\/\/lavoixdelanation.tg\/#organization\",\"name\":\"La Voix de la Nation\",\"url\":\"https:\/\/lavoixdelanation.tg\/\",\"logo\":{\"@type\":\"ImageObject\",\"inLanguage\":\"fr-FR\",\"@id\":\"https:\/\/lavoixdelanation.tg\/#\/schema\/logo\/image\/\",\"url\":\"https:\/\/lavoixdelanation.tg\/wp-content\/uploads\/2024\/12\/lavn-1.png\",\"contentUrl\":\"https:\/\/lavoixdelanation.tg\/wp-content\/uploads\/2024\/12\/lavn-1.png\",\"width\":1024,\"height\":464,\"caption\":\"La Voix de la Nation\"},\"image\":{\"@id\":\"https:\/\/lavoixdelanation.tg\/#\/schema\/logo\/image\/\"},\"sameAs\":[\"https:\/\/www.facebook.com\/lavoixdelanation\"]},{\"@type\":\"Person\",\"@id\":\"https:\/\/lavoixdelanation.tg\/#\/schema\/person\/6c489293aa38053673a9e554acb6e224\",\"name\":\"La voix de la nation\",\"image\":{\"@type\":\"ImageObject\",\"inLanguage\":\"fr-FR\",\"@id\":\"https:\/\/lavoixdelanation.tg\/#\/schema\/person\/image\/\",\"url\":\"https:\/\/secure.gravatar.com\/avatar\/8aa135d4bbc794494cecaa8d483f6d6cc1023624868deaff686baed5e727a5a1?s=96&d=mm&r=g\",\"contentUrl\":\"https:\/\/secure.gravatar.com\/avatar\/8aa135d4bbc794494cecaa8d483f6d6cc1023624868deaff686baed5e727a5a1?s=96&d=mm&r=g\",\"caption\":\"La voix de la nation\"},\"sameAs\":[\"https:\/\/lavoixdelanation.tg\"],\"url\":\"https:\/\/lavoixdelanation.tg\/index.php\/author\/lavn\/\"}]}<\/script>\n<!-- \/ Yoast SEO plugin. -->","yoast_head_json":{"title":"Faure Gnassingb\u00e9 salue la m\u00e9moire de Muhammadu Buhari - La Voix de la Nation","description":"Le Pr\u00e9sident du Conseil Faure Gnassingb\u00e9 a exprim\u00e9 sa \u00ab\u00a0profonde tristesse\u00a0\u00bb suite au d\u00e9c\u00e8s de l\u2019ancien Pr\u00e9sident du Nigeria Muhammadu Buhari.","robots":{"index":"index","follow":"follow","max-snippet":"max-snippet:-1","max-image-preview":"max-image-preview:large","max-video-preview":"max-video-preview:-1"},"canonical":"https:\/\/lavoixdelanation.tg\/index.php\/2025\/07\/15\/faure-gnassingbe-salue-la-memoire-de-muhammadu-buhari\/","og_locale":"fr_FR","og_type":"article","og_title":"Faure Gnassingb\u00e9 salue la m\u00e9moire de Muhammadu Buhari - La Voix de la Nation","og_description":"Le Pr\u00e9sident du Conseil Faure Gnassingb\u00e9 a exprim\u00e9 sa \u00ab\u00a0profonde tristesse\u00a0\u00bb suite au d\u00e9c\u00e8s de l\u2019ancien Pr\u00e9sident du Nigeria Muhammadu Buhari.","og_url":"https:\/\/lavoixdelanation.tg\/index.php\/2025\/07\/15\/faure-gnassingbe-salue-la-memoire-de-muhammadu-buhari\/","og_site_name":"La Voix de la Nation","article_publisher":"https:\/\/www.facebook.com\/lavoixdelanation","article_published_time":"2025-07-15T11:37:35+00:00","article_modified_time":"2025-07-15T11:38:11+00:00","og_image":[{"width":650,"height":426,"url":"https:\/\/lavoixdelanation.tg\/wp-content\/uploads\/2025\/07\/Faure-Gnassingbe-salue-la-memoire-de-Muhammadu-Buhari.jpg","type":"image\/jpeg"}],"author":"La voix de la nation","twitter_card":"summary_large_image","twitter_misc":{"\u00c9crit par":"La voix de la nation","Dur\u00e9e de lecture estim\u00e9e":"2 minutes"},"schema":{"@context":"https:\/\/schema.org","@graph":[{"@type":"Article","@id":"https:\/\/lavoixdelanation.tg\/index.php\/2025\/07\/15\/faure-gnassingbe-salue-la-memoire-de-muhammadu-buhari\/#article","isPartOf":{"@id":"https:\/\/lavoixdelanation.tg\/index.php\/2025\/07\/15\/faure-gnassingbe-salue-la-memoire-de-muhammadu-buhari\/"},"author":{"name":"La voix de la nation","@id":"https:\/\/lavoixdelanation.tg\/#\/schema\/person\/6c489293aa38053673a9e554acb6e224"},"headline":"Faure Gnassingb\u00e9 salue la m\u00e9moire de Muhammadu Buhari","datePublished":"2025-07-15T11:37:35+00:00","dateModified":"2025-07-15T11:38:11+00:00","mainEntityOfPage":{"@id":"https:\/\/lavoixdelanation.tg\/index.php\/2025\/07\/15\/faure-gnassingbe-salue-la-memoire-de-muhammadu-buhari\/"},"wordCount":146,"commentCount":0,"publisher":{"@id":"https:\/\/lavoixdelanation.tg\/#organization"},"image":{"@id":"https:\/\/lavoixdelanation.tg\/index.php\/2025\/07\/15\/faure-gnassingbe-salue-la-memoire-de-muhammadu-buhari\/#primaryimage"},"thumbnailUrl":"https:\/\/lavoixdelanation.tg\/wp-content\/uploads\/2025\/07\/Faure-Gnassingbe-salue-la-memoire-de-Muhammadu-Buhari.jpg","keywords":["Faure Gnassingb\u00e9","Muhammadu Buhari"],"articleSection":["Diplomatie"],"inLanguage":"fr-FR","potentialAction":[{"@type":"CommentAction","name":"Comment","target":["https:\/\/lavoixdelanation.tg\/index.php\/2025\/07\/15\/faure-gnassingbe-salue-la-memoire-de-muhammadu-buhari\/#respond"]}]},{"@type":"WebPage","@id":"https:\/\/lavoixdelanation.tg\/index.php\/2025\/07\/15\/faure-gnassingbe-salue-la-memoire-de-muhammadu-buhari\/","url":"https:\/\/lavoixdelanation.tg\/index.php\/2025\/07\/15\/faure-gnassingbe-salue-la-memoire-de-muhammadu-buhari\/","name":"Faure Gnassingb\u00e9 salue la m\u00e9moire de Muhammadu Buhari - La Voix de la Nation","isPartOf":{"@id":"https:\/\/lavoixdelanation.tg\/#website"},"primaryImageOfPage":{"@id":"https:\/\/lavoixdelanation.tg\/index.php\/2025\/07\/15\/faure-gnassingbe-salue-la-memoire-de-muhammadu-buhari\/#primaryimage"},"image":{"@id":"https:\/\/lavoixdelanation.tg\/index.php\/2025\/07\/15\/faure-gnassingbe-salue-la-memoire-de-muhammadu-buhari\/#primaryimage"},"thumbnailUrl":"https:\/\/lavoixdelanation.tg\/wp-content\/uploads\/2025\/07\/Faure-Gnassingbe-salue-la-memoire-de-Muhammadu-Buhari.jpg","datePublished":"2025-07-15T11:37:35+00:00","dateModified":"2025-07-15T11:38:11+00:00","description":"Le Pr\u00e9sident du Conseil Faure Gnassingb\u00e9 a exprim\u00e9 sa \u00ab\u00a0profonde tristesse\u00a0\u00bb suite au d\u00e9c\u00e8s de l\u2019ancien Pr\u00e9sident du Nigeria Muhammadu Buhari.","breadcrumb":{"@id":"https:\/\/lavoixdelanation.tg\/index.php\/2025\/07\/15\/faure-gnassingbe-salue-la-memoire-de-muhammadu-buhari\/#breadcrumb"},"inLanguage":"fr-FR","potentialAction":[{"@type":"ReadAction","target":["https:\/\/lavoixdelanation.tg\/index.php\/2025\/07\/15\/faure-gnassingbe-salue-la-memoire-de-muhammadu-buhari\/"]}]},{"@type":"ImageObject","inLanguage":"fr-FR","@id":"https:\/\/lavoixdelanation.tg\/index.php\/2025\/07\/15\/faure-gnassingbe-salue-la-memoire-de-muhammadu-buhari\/#primaryimage","url":"https:\/\/lavoixdelanation.tg\/wp-content\/uploads\/2025\/07\/Faure-Gnassingbe-salue-la-memoire-de-Muhammadu-Buhari.jpg","contentUrl":"https:\/\/lavoixdelanation.tg\/wp-content\/uploads\/2025\/07\/Faure-Gnassingbe-salue-la-memoire-de-Muhammadu-Buhari.jpg","width":650,"height":426},{"@type":"BreadcrumbList","@id":"https:\/\/lavoixdelanation.tg\/index.php\/2025\/07\/15\/faure-gnassingbe-salue-la-memoire-de-muhammadu-buhari\/#breadcrumb","itemListElement":[{"@type":"ListItem","position":1,"name":"Accueil","item":"https:\/\/lavoixdelanation.tg\/"},{"@type":"ListItem","position":2,"name":"Faure Gnassingb\u00e9 salue la m\u00e9moire de Muhammadu Buhari"}]},{"@type":"WebSite","@id":"https:\/\/lavoixdelanation.tg\/#website","url":"https:\/\/lavoixdelanation.tg\/","name":"La Voix de la Nation","description":"R\u00e9c\u00e9piss\u00e9 n\u00b00108\/HAAC\/01-2024\/pl\/P","publisher":{"@id":"https:\/\/lavoixdelanation.tg\/#organization"},"alternateName":"VON","potentialAction":[{"@type":"SearchAction","target":{"@type":"EntryPoint","urlTemplate":"https:\/\/lavoixdelanation.tg\/?s={search_term_string}"},"query-input":{"@type":"PropertyValueSpecification","valueRequired":true,"valueName":"search_term_string"}}],"inLanguage":"fr-FR"},{"@type":"Organization","@id":"https:\/\/lavoixdelanation.tg\/#organization","name":"La Voix de la Nation","url":"https:\/\/lavoixdelanation.tg\/","logo":{"@type":"ImageObject","inLanguage":"fr-FR","@id":"https:\/\/lavoixdelanation.tg\/#\/schema\/logo\/image\/","url":"https:\/\/lavoixdelanation.tg\/wp-content\/uploads\/2024\/12\/lavn-1.png","contentUrl":"https:\/\/lavoixdelanation.tg\/wp-content\/uploads\/2024\/12\/lavn-1.png","width":1024,"height":464,"caption":"La Voix de la Nation"},"image":{"@id":"https:\/\/lavoixdelanation.tg\/#\/schema\/logo\/image\/"},"sameAs":["https:\/\/www.facebook.com\/lavoixdelanation"]},{"@type":"Person","@id":"https:\/\/lavoixdelanation.tg\/#\/schema\/person\/6c489293aa38053673a9e554acb6e224","name":"La voix de la nation","image":{"@type":"ImageObject","inLanguage":"fr-FR","@id":"https:\/\/lavoixdelanation.tg\/#\/schema\/person\/image\/","url":"https:\/\/secure.gravatar.com\/avatar\/8aa135d4bbc794494cecaa8d483f6d6cc1023624868deaff686baed5e727a5a1?s=96&d=mm&r=g","contentUrl":"https:\/\/secure.gravatar.com\/avatar\/8aa135d4bbc794494cecaa8d483f6d6cc1023624868deaff686baed5e727a5a1?s=96&d=mm&r=g","caption":"La voix de la nation"},"sameAs":["https:\/\/lavoixdelanation.tg"],"url":"https:\/\/lavoixdelanation.tg\/index.php\/author\/lavn\/"}]}},"_links":{"self":[{"href":"https:\/\/lavoixdelanation.tg\/index.php\/wp-json\/wp\/v2\/posts\/3968","targetHints":{"allow":["GET"]}}],"collection":[{"href":"https:\/\/lavoixdelanation.tg\/index.php\/wp-json\/wp\/v2\/posts"}],"about":[{"href":"https:\/\/lavoixdelanation.tg\/index.php\/wp-json\/wp\/v2\/types\/post"}],"author":[{"embeddable":true,"href":"https:\/\/lavoixdelanation.tg\/index.php\/wp-json\/wp\/v2\/users\/1"}],"replies":[{"embeddable":true,"href":"https:\/\/lavoixdelanation.tg\/index.php\/wp-json\/wp\/v2\/comments?post=3968"}],"version-history":[{"count":1,"href":"https:\/\/lavoixdelanation.tg\/index.php\/wp-json\/wp\/v2\/posts\/3968\/revisions"}],"predecessor-version":[{"id":3971,"href":"https:\/\/lavoixdelanation.tg\/index.php\/wp-json\/wp\/v2\/posts\/3968\/revisions\/3971"}],"wp:featuredmedia":[{"embeddable":true,"href":"https:\/\/lavoixdelanation.tg\/index.php\/wp-json\/wp\/v2\/media\/3969"}],"wp:attachment":[{"href":"https:\/\/lavoixdelanation.tg\/index.php\/wp-json\/wp\/v2\/media?parent=3968"}],"wp:term":[{"taxonomy":"category","embeddable":true,"href":"https:\/\/lavoixdelanation.tg\/index.php\/wp-json\/wp\/v2\/categories?post=3968"},{"taxonomy":"post_tag","embeddable":true,"href":"https:\/\/lavoixdelanation.tg\/index.php\/wp-json\/wp\/v2\/tags?post=3968"}],"curies":[{"name":"wp","href":"https:\/\/api.w.org\/{rel}","templated":true}]}}