{"id":3964,"date":"2025-07-14T19:09:00","date_gmt":"2025-07-14T17:09:00","guid":{"rendered":"https:\/\/lavoixdelanation.tg\/?p=3964"},"modified":"2025-07-15T13:19:35","modified_gmt":"2025-07-15T11:19:35","slug":"offensive-diplomatique-de-kodjo-adedze-a-paris","status":"publish","type":"post","link":"https:\/\/lavoixdelanation.tg\/index.php\/2025\/07\/14\/offensive-diplomatique-de-kodjo-adedze-a-paris\/","title":{"rendered":"Offensive diplomatique de Kodjo Adedze \u00e0 Paris"},"content":{"rendered":"\n<p>En marge de sa participation \u00e0 la 50<sup>\u00e8me<\/sup> session de l\u2019Assembl\u00e9e Parlementaire de la Francophonie (APF) tenue \u00e0 Paris en France, le Pr\u00e9sident de l\u2019Assembl\u00e9e nationale togolaise Kodjo Adedze s\u2019est entretenu avec Mme Ya\u00ebl Braun-Pivet, Pr\u00e9sidente de l\u2019Assembl\u00e9e nationale fran\u00e7aise.<\/p>\n\n\n\n<p>Cette rencontre, empreinte de cordialit\u00e9, d\u2019\u00e9coute mutuelle et de respect r\u00e9ciproque, a permis aux deux personnalit\u00e9s parlementaires de r\u00e9affirmer leur volont\u00e9 commune de renforcer la coop\u00e9ration entre les deux institutions, dans le cadre d\u2019une diplomatie parlementaire dynamique et constructive.<\/p>\n\n\n\n<p>Kodjo Adedze et son homologue Ya\u00ebl Braun-Pivet ont soulign\u00e9 l\u2019importance de consolider les relations interparlementaires, en tant que levier de dialogue entre les peuples, de d\u00e9fense des valeurs d\u00e9mocratiques et de promotion d\u2019une Francophonie politique solidaire et engag\u00e9e.<\/p>\n\n\n\n<p>Accueillie conjointement par l\u2019Assembl\u00e9e nationale et le S\u00e9nat fran\u00e7ais, cette 50<sup>\u00e8me<\/sup> session de l\u2019Assembl\u00e9e Parlementaire de la Francophonie s\u2019est tenu du 09 au 13 juillet 2025 avec la participation des parlementaires de l\u2019ensemble de l\u2019espace francophone.<\/p>\n","protected":false},"excerpt":{"rendered":"<p>En marge de sa participation \u00e0 la 50\u00e8me session de l\u2019Assembl\u00e9e Parlementaire de la Francophonie (APF) tenue \u00e0 Paris en France, le Pr\u00e9sident de l\u2019Assembl\u00e9e nationale togolaise Kodjo Adedze s\u2019est&hellip; <\/p>\n","protected":false},"author":1,"featured_media":3965,"comment_status":"open","ping_status":"open","sticky":false,"template":"","format":"standard","meta":{"footnotes":""},"categories":[21],"tags":[705,816,817],"class_list":["post-3964","post","type-post","status-publish","format-standard","has-post-thumbnail","hentry","category-politique","tag-assemblee-parlementaire-de-la-francophonie","tag-kodjo-adedze-3","tag-yael-braun-pivet"],"yoast_head":"<!-- This site is optimized with the Yoast SEO plugin v26.4 - https:\/\/yoast.com\/wordpress\/plugins\/seo\/ -->\n<title>Offensive diplomatique de Kodjo Adedze \u00e0 Paris - La Voix de la Nation<\/title>\n<meta name=\"robots\" content=\"index, follow, max-snippet:-1, max-image-preview:large, max-video-preview:-1\" \/>\n<link rel=\"canonical\" href=\"https:\/\/lavoixdelanation.tg\/index.php\/2025\/07\/14\/offensive-diplomatique-de-kodjo-adedze-a-paris\/\" \/>\n<meta property=\"og:locale\" content=\"fr_FR\" \/>\n<meta property=\"og:type\" content=\"article\" \/>\n<meta property=\"og:title\" content=\"Offensive diplomatique de Kodjo Adedze \u00e0 Paris - La Voix de la Nation\" \/>\n<meta property=\"og:description\" content=\"En marge de sa participation \u00e0 la 50\u00e8me session de l\u2019Assembl\u00e9e Parlementaire de la Francophonie (APF) tenue \u00e0 Paris en France, le Pr\u00e9sident de l\u2019Assembl\u00e9e nationale togolaise Kodjo Adedze s\u2019est&hellip;\" \/>\n<meta property=\"og:url\" content=\"https:\/\/lavoixdelanation.tg\/index.php\/2025\/07\/14\/offensive-diplomatique-de-kodjo-adedze-a-paris\/\" \/>\n<meta property=\"og:site_name\" content=\"La Voix de la Nation\" \/>\n<meta property=\"article:publisher\" content=\"https:\/\/www.facebook.com\/lavoixdelanation\" \/>\n<meta property=\"article:published_time\" content=\"2025-07-14T17:09:00+00:00\" \/>\n<meta property=\"article:modified_time\" content=\"2025-07-15T11:19:35+00:00\" \/>\n<meta property=\"og:image\" content=\"https:\/\/lavoixdelanation.tg\/wp-content\/uploads\/2025\/07\/Kodjo-Adedze-et-Yael-Braun-Pivet-a-Paris.jpg\" \/>\n\t<meta property=\"og:image:width\" content=\"650\" \/>\n\t<meta property=\"og:image:height\" content=\"427\" \/>\n\t<meta property=\"og:image:type\" content=\"image\/jpeg\" \/>\n<meta name=\"author\" content=\"La voix de la nation\" \/>\n<meta name=\"twitter:card\" content=\"summary_large_image\" \/>\n<meta name=\"twitter:label1\" content=\"\u00c9crit par\" \/>\n\t<meta name=\"twitter:data1\" content=\"La voix de la nation\" \/>\n\t<meta name=\"twitter:label2\" content=\"Dur\u00e9e de lecture estim\u00e9e\" \/>\n\t<meta name=\"twitter:data2\" content=\"1 minute\" \/>\n<script type=\"application\/ld+json\" class=\"yoast-schema-graph\">{\"@context\":\"https:\/\/schema.org\",\"@graph\":[{\"@type\":\"Article\",\"@id\":\"https:\/\/lavoixdelanation.tg\/index.php\/2025\/07\/14\/offensive-diplomatique-de-kodjo-adedze-a-paris\/#article\",\"isPartOf\":{\"@id\":\"https:\/\/lavoixdelanation.tg\/index.php\/2025\/07\/14\/offensive-diplomatique-de-kodjo-adedze-a-paris\/\"},\"author\":{\"name\":\"La voix de la nation\",\"@id\":\"https:\/\/lavoixdelanation.tg\/#\/schema\/person\/6c489293aa38053673a9e554acb6e224\"},\"headline\":\"Offensive diplomatique de Kodjo Adedze \u00e0 Paris\",\"datePublished\":\"2025-07-14T17:09:00+00:00\",\"dateModified\":\"2025-07-15T11:19:35+00:00\",\"mainEntityOfPage\":{\"@id\":\"https:\/\/lavoixdelanation.tg\/index.php\/2025\/07\/14\/offensive-diplomatique-de-kodjo-adedze-a-paris\/\"},\"wordCount\":186,\"commentCount\":0,\"publisher\":{\"@id\":\"https:\/\/lavoixdelanation.tg\/#organization\"},\"image\":{\"@id\":\"https:\/\/lavoixdelanation.tg\/index.php\/2025\/07\/14\/offensive-diplomatique-de-kodjo-adedze-a-paris\/#primaryimage\"},\"thumbnailUrl\":\"https:\/\/lavoixdelanation.tg\/wp-content\/uploads\/2025\/07\/Kodjo-Adedze-et-Yael-Braun-Pivet-a-Paris.jpg\",\"keywords\":[\"Assembl\u00e9e parlementaire de la Francophonie\",\"Kodjo Adedze\",\"Ya\u00ebl Braun-Pivet\"],\"articleSection\":[\"Politique\"],\"inLanguage\":\"fr-FR\",\"potentialAction\":[{\"@type\":\"CommentAction\",\"name\":\"Comment\",\"target\":[\"https:\/\/lavoixdelanation.tg\/index.php\/2025\/07\/14\/offensive-diplomatique-de-kodjo-adedze-a-paris\/#respond\"]}]},{\"@type\":\"WebPage\",\"@id\":\"https:\/\/lavoixdelanation.tg\/index.php\/2025\/07\/14\/offensive-diplomatique-de-kodjo-adedze-a-paris\/\",\"url\":\"https:\/\/lavoixdelanation.tg\/index.php\/2025\/07\/14\/offensive-diplomatique-de-kodjo-adedze-a-paris\/\",\"name\":\"Offensive diplomatique de Kodjo Adedze \u00e0 Paris - La Voix de la Nation\",\"isPartOf\":{\"@id\":\"https:\/\/lavoixdelanation.tg\/#website\"},\"primaryImageOfPage\":{\"@id\":\"https:\/\/lavoixdelanation.tg\/index.php\/2025\/07\/14\/offensive-diplomatique-de-kodjo-adedze-a-paris\/#primaryimage\"},\"image\":{\"@id\":\"https:\/\/lavoixdelanation.tg\/index.php\/2025\/07\/14\/offensive-diplomatique-de-kodjo-adedze-a-paris\/#primaryimage\"},\"thumbnailUrl\":\"https:\/\/lavoixdelanation.tg\/wp-content\/uploads\/2025\/07\/Kodjo-Adedze-et-Yael-Braun-Pivet-a-Paris.jpg\",\"datePublished\":\"2025-07-14T17:09:00+00:00\",\"dateModified\":\"2025-07-15T11:19:35+00:00\",\"breadcrumb\":{\"@id\":\"https:\/\/lavoixdelanation.tg\/index.php\/2025\/07\/14\/offensive-diplomatique-de-kodjo-adedze-a-paris\/#breadcrumb\"},\"inLanguage\":\"fr-FR\",\"potentialAction\":[{\"@type\":\"ReadAction\",\"target\":[\"https:\/\/lavoixdelanation.tg\/index.php\/2025\/07\/14\/offensive-diplomatique-de-kodjo-adedze-a-paris\/\"]}]},{\"@type\":\"ImageObject\",\"inLanguage\":\"fr-FR\",\"@id\":\"https:\/\/lavoixdelanation.tg\/index.php\/2025\/07\/14\/offensive-diplomatique-de-kodjo-adedze-a-paris\/#primaryimage\",\"url\":\"https:\/\/lavoixdelanation.tg\/wp-content\/uploads\/2025\/07\/Kodjo-Adedze-et-Yael-Braun-Pivet-a-Paris.jpg\",\"contentUrl\":\"https:\/\/lavoixdelanation.tg\/wp-content\/uploads\/2025\/07\/Kodjo-Adedze-et-Yael-Braun-Pivet-a-Paris.jpg\",\"width\":650,\"height\":427,\"caption\":\"Kodjo Adedze et Ya\u00ebl Braun-Pivet \u00e0 Paris\"},{\"@type\":\"BreadcrumbList\",\"@id\":\"https:\/\/lavoixdelanation.tg\/index.php\/2025\/07\/14\/offensive-diplomatique-de-kodjo-adedze-a-paris\/#breadcrumb\",\"itemListElement\":[{\"@type\":\"ListItem\",\"position\":1,\"name\":\"Accueil\",\"item\":\"https:\/\/lavoixdelanation.tg\/\"},{\"@type\":\"ListItem\",\"position\":2,\"name\":\"Offensive diplomatique de Kodjo Adedze \u00e0 Paris\"}]},{\"@type\":\"WebSite\",\"@id\":\"https:\/\/lavoixdelanation.tg\/#website\",\"url\":\"https:\/\/lavoixdelanation.tg\/\",\"name\":\"La Voix de la Nation\",\"description\":\"R\u00e9c\u00e9piss\u00e9 n\u00b00108\/HAAC\/01-2024\/pl\/P\",\"publisher\":{\"@id\":\"https:\/\/lavoixdelanation.tg\/#organization\"},\"alternateName\":\"VON\",\"potentialAction\":[{\"@type\":\"SearchAction\",\"target\":{\"@type\":\"EntryPoint\",\"urlTemplate\":\"https:\/\/lavoixdelanation.tg\/?s={search_term_string}\"},\"query-input\":{\"@type\":\"PropertyValueSpecification\",\"valueRequired\":true,\"valueName\":\"search_term_string\"}}],\"inLanguage\":\"fr-FR\"},{\"@type\":\"Organization\",\"@id\":\"https:\/\/lavoixdelanation.tg\/#organization\",\"name\":\"La Voix de la Nation\",\"url\":\"https:\/\/lavoixdelanation.tg\/\",\"logo\":{\"@type\":\"ImageObject\",\"inLanguage\":\"fr-FR\",\"@id\":\"https:\/\/lavoixdelanation.tg\/#\/schema\/logo\/image\/\",\"url\":\"https:\/\/lavoixdelanation.tg\/wp-content\/uploads\/2024\/12\/lavn-1.png\",\"contentUrl\":\"https:\/\/lavoixdelanation.tg\/wp-content\/uploads\/2024\/12\/lavn-1.png\",\"width\":1024,\"height\":464,\"caption\":\"La Voix de la Nation\"},\"image\":{\"@id\":\"https:\/\/lavoixdelanation.tg\/#\/schema\/logo\/image\/\"},\"sameAs\":[\"https:\/\/www.facebook.com\/lavoixdelanation\"]},{\"@type\":\"Person\",\"@id\":\"https:\/\/lavoixdelanation.tg\/#\/schema\/person\/6c489293aa38053673a9e554acb6e224\",\"name\":\"La voix de la nation\",\"image\":{\"@type\":\"ImageObject\",\"inLanguage\":\"fr-FR\",\"@id\":\"https:\/\/lavoixdelanation.tg\/#\/schema\/person\/image\/\",\"url\":\"https:\/\/secure.gravatar.com\/avatar\/8aa135d4bbc794494cecaa8d483f6d6cc1023624868deaff686baed5e727a5a1?s=96&d=mm&r=g\",\"contentUrl\":\"https:\/\/secure.gravatar.com\/avatar\/8aa135d4bbc794494cecaa8d483f6d6cc1023624868deaff686baed5e727a5a1?s=96&d=mm&r=g\",\"caption\":\"La voix de la nation\"},\"sameAs\":[\"https:\/\/lavoixdelanation.tg\"],\"url\":\"https:\/\/lavoixdelanation.tg\/index.php\/author\/lavn\/\"}]}<\/script>\n<!-- \/ Yoast SEO plugin. -->","yoast_head_json":{"title":"Offensive diplomatique de Kodjo Adedze \u00e0 Paris - La Voix de la Nation","robots":{"index":"index","follow":"follow","max-snippet":"max-snippet:-1","max-image-preview":"max-image-preview:large","max-video-preview":"max-video-preview:-1"},"canonical":"https:\/\/lavoixdelanation.tg\/index.php\/2025\/07\/14\/offensive-diplomatique-de-kodjo-adedze-a-paris\/","og_locale":"fr_FR","og_type":"article","og_title":"Offensive diplomatique de Kodjo Adedze \u00e0 Paris - La Voix de la Nation","og_description":"En marge de sa participation \u00e0 la 50\u00e8me session de l\u2019Assembl\u00e9e Parlementaire de la Francophonie (APF) tenue \u00e0 Paris en France, le Pr\u00e9sident de l\u2019Assembl\u00e9e nationale togolaise Kodjo Adedze s\u2019est&hellip;","og_url":"https:\/\/lavoixdelanation.tg\/index.php\/2025\/07\/14\/offensive-diplomatique-de-kodjo-adedze-a-paris\/","og_site_name":"La Voix de la Nation","article_publisher":"https:\/\/www.facebook.com\/lavoixdelanation","article_published_time":"2025-07-14T17:09:00+00:00","article_modified_time":"2025-07-15T11:19:35+00:00","og_image":[{"width":650,"height":427,"url":"https:\/\/lavoixdelanation.tg\/wp-content\/uploads\/2025\/07\/Kodjo-Adedze-et-Yael-Braun-Pivet-a-Paris.jpg","type":"image\/jpeg"}],"author":"La voix de la nation","twitter_card":"summary_large_image","twitter_misc":{"\u00c9crit par":"La voix de la nation","Dur\u00e9e de lecture estim\u00e9e":"1 minute"},"schema":{"@context":"https:\/\/schema.org","@graph":[{"@type":"Article","@id":"https:\/\/lavoixdelanation.tg\/index.php\/2025\/07\/14\/offensive-diplomatique-de-kodjo-adedze-a-paris\/#article","isPartOf":{"@id":"https:\/\/lavoixdelanation.tg\/index.php\/2025\/07\/14\/offensive-diplomatique-de-kodjo-adedze-a-paris\/"},"author":{"name":"La voix de la nation","@id":"https:\/\/lavoixdelanation.tg\/#\/schema\/person\/6c489293aa38053673a9e554acb6e224"},"headline":"Offensive diplomatique de Kodjo Adedze \u00e0 Paris","datePublished":"2025-07-14T17:09:00+00:00","dateModified":"2025-07-15T11:19:35+00:00","mainEntityOfPage":{"@id":"https:\/\/lavoixdelanation.tg\/index.php\/2025\/07\/14\/offensive-diplomatique-de-kodjo-adedze-a-paris\/"},"wordCount":186,"commentCount":0,"publisher":{"@id":"https:\/\/lavoixdelanation.tg\/#organization"},"image":{"@id":"https:\/\/lavoixdelanation.tg\/index.php\/2025\/07\/14\/offensive-diplomatique-de-kodjo-adedze-a-paris\/#primaryimage"},"thumbnailUrl":"https:\/\/lavoixdelanation.tg\/wp-content\/uploads\/2025\/07\/Kodjo-Adedze-et-Yael-Braun-Pivet-a-Paris.jpg","keywords":["Assembl\u00e9e parlementaire de la Francophonie","Kodjo Adedze","Ya\u00ebl Braun-Pivet"],"articleSection":["Politique"],"inLanguage":"fr-FR","potentialAction":[{"@type":"CommentAction","name":"Comment","target":["https:\/\/lavoixdelanation.tg\/index.php\/2025\/07\/14\/offensive-diplomatique-de-kodjo-adedze-a-paris\/#respond"]}]},{"@type":"WebPage","@id":"https:\/\/lavoixdelanation.tg\/index.php\/2025\/07\/14\/offensive-diplomatique-de-kodjo-adedze-a-paris\/","url":"https:\/\/lavoixdelanation.tg\/index.php\/2025\/07\/14\/offensive-diplomatique-de-kodjo-adedze-a-paris\/","name":"Offensive diplomatique de Kodjo Adedze \u00e0 Paris - La Voix de la Nation","isPartOf":{"@id":"https:\/\/lavoixdelanation.tg\/#website"},"primaryImageOfPage":{"@id":"https:\/\/lavoixdelanation.tg\/index.php\/2025\/07\/14\/offensive-diplomatique-de-kodjo-adedze-a-paris\/#primaryimage"},"image":{"@id":"https:\/\/lavoixdelanation.tg\/index.php\/2025\/07\/14\/offensive-diplomatique-de-kodjo-adedze-a-paris\/#primaryimage"},"thumbnailUrl":"https:\/\/lavoixdelanation.tg\/wp-content\/uploads\/2025\/07\/Kodjo-Adedze-et-Yael-Braun-Pivet-a-Paris.jpg","datePublished":"2025-07-14T17:09:00+00:00","dateModified":"2025-07-15T11:19:35+00:00","breadcrumb":{"@id":"https:\/\/lavoixdelanation.tg\/index.php\/2025\/07\/14\/offensive-diplomatique-de-kodjo-adedze-a-paris\/#breadcrumb"},"inLanguage":"fr-FR","potentialAction":[{"@type":"ReadAction","target":["https:\/\/lavoixdelanation.tg\/index.php\/2025\/07\/14\/offensive-diplomatique-de-kodjo-adedze-a-paris\/"]}]},{"@type":"ImageObject","inLanguage":"fr-FR","@id":"https:\/\/lavoixdelanation.tg\/index.php\/2025\/07\/14\/offensive-diplomatique-de-kodjo-adedze-a-paris\/#primaryimage","url":"https:\/\/lavoixdelanation.tg\/wp-content\/uploads\/2025\/07\/Kodjo-Adedze-et-Yael-Braun-Pivet-a-Paris.jpg","contentUrl":"https:\/\/lavoixdelanation.tg\/wp-content\/uploads\/2025\/07\/Kodjo-Adedze-et-Yael-Braun-Pivet-a-Paris.jpg","width":650,"height":427,"caption":"Kodjo Adedze et Ya\u00ebl Braun-Pivet \u00e0 Paris"},{"@type":"BreadcrumbList","@id":"https:\/\/lavoixdelanation.tg\/index.php\/2025\/07\/14\/offensive-diplomatique-de-kodjo-adedze-a-paris\/#breadcrumb","itemListElement":[{"@type":"ListItem","position":1,"name":"Accueil","item":"https:\/\/lavoixdelanation.tg\/"},{"@type":"ListItem","position":2,"name":"Offensive diplomatique de Kodjo Adedze \u00e0 Paris"}]},{"@type":"WebSite","@id":"https:\/\/lavoixdelanation.tg\/#website","url":"https:\/\/lavoixdelanation.tg\/","name":"La Voix de la Nation","description":"R\u00e9c\u00e9piss\u00e9 n\u00b00108\/HAAC\/01-2024\/pl\/P","publisher":{"@id":"https:\/\/lavoixdelanation.tg\/#organization"},"alternateName":"VON","potentialAction":[{"@type":"SearchAction","target":{"@type":"EntryPoint","urlTemplate":"https:\/\/lavoixdelanation.tg\/?s={search_term_string}"},"query-input":{"@type":"PropertyValueSpecification","valueRequired":true,"valueName":"search_term_string"}}],"inLanguage":"fr-FR"},{"@type":"Organization","@id":"https:\/\/lavoixdelanation.tg\/#organization","name":"La Voix de la Nation","url":"https:\/\/lavoixdelanation.tg\/","logo":{"@type":"ImageObject","inLanguage":"fr-FR","@id":"https:\/\/lavoixdelanation.tg\/#\/schema\/logo\/image\/","url":"https:\/\/lavoixdelanation.tg\/wp-content\/uploads\/2024\/12\/lavn-1.png","contentUrl":"https:\/\/lavoixdelanation.tg\/wp-content\/uploads\/2024\/12\/lavn-1.png","width":1024,"height":464,"caption":"La Voix de la Nation"},"image":{"@id":"https:\/\/lavoixdelanation.tg\/#\/schema\/logo\/image\/"},"sameAs":["https:\/\/www.facebook.com\/lavoixdelanation"]},{"@type":"Person","@id":"https:\/\/lavoixdelanation.tg\/#\/schema\/person\/6c489293aa38053673a9e554acb6e224","name":"La voix de la nation","image":{"@type":"ImageObject","inLanguage":"fr-FR","@id":"https:\/\/lavoixdelanation.tg\/#\/schema\/person\/image\/","url":"https:\/\/secure.gravatar.com\/avatar\/8aa135d4bbc794494cecaa8d483f6d6cc1023624868deaff686baed5e727a5a1?s=96&d=mm&r=g","contentUrl":"https:\/\/secure.gravatar.com\/avatar\/8aa135d4bbc794494cecaa8d483f6d6cc1023624868deaff686baed5e727a5a1?s=96&d=mm&r=g","caption":"La voix de la nation"},"sameAs":["https:\/\/lavoixdelanation.tg"],"url":"https:\/\/lavoixdelanation.tg\/index.php\/author\/lavn\/"}]}},"_links":{"self":[{"href":"https:\/\/lavoixdelanation.tg\/index.php\/wp-json\/wp\/v2\/posts\/3964","targetHints":{"allow":["GET"]}}],"collection":[{"href":"https:\/\/lavoixdelanation.tg\/index.php\/wp-json\/wp\/v2\/posts"}],"about":[{"href":"https:\/\/lavoixdelanation.tg\/index.php\/wp-json\/wp\/v2\/types\/post"}],"author":[{"embeddable":true,"href":"https:\/\/lavoixdelanation.tg\/index.php\/wp-json\/wp\/v2\/users\/1"}],"replies":[{"embeddable":true,"href":"https:\/\/lavoixdelanation.tg\/index.php\/wp-json\/wp\/v2\/comments?post=3964"}],"version-history":[{"count":2,"href":"https:\/\/lavoixdelanation.tg\/index.php\/wp-json\/wp\/v2\/posts\/3964\/revisions"}],"predecessor-version":[{"id":3967,"href":"https:\/\/lavoixdelanation.tg\/index.php\/wp-json\/wp\/v2\/posts\/3964\/revisions\/3967"}],"wp:featuredmedia":[{"embeddable":true,"href":"https:\/\/lavoixdelanation.tg\/index.php\/wp-json\/wp\/v2\/media\/3965"}],"wp:attachment":[{"href":"https:\/\/lavoixdelanation.tg\/index.php\/wp-json\/wp\/v2\/media?parent=3964"}],"wp:term":[{"taxonomy":"category","embeddable":true,"href":"https:\/\/lavoixdelanation.tg\/index.php\/wp-json\/wp\/v2\/categories?post=3964"},{"taxonomy":"post_tag","embeddable":true,"href":"https:\/\/lavoixdelanation.tg\/index.php\/wp-json\/wp\/v2\/tags?post=3964"}],"curies":[{"name":"wp","href":"https:\/\/api.w.org\/{rel}","templated":true}]}}