{"id":3961,"date":"2025-07-14T20:43:00","date_gmt":"2025-07-14T18:43:00","guid":{"rendered":"https:\/\/lavoixdelanation.tg\/?p=3961"},"modified":"2025-07-15T13:13:00","modified_gmt":"2025-07-15T11:13:00","slug":"municipales-2025-au-togo-vote-par-anticipation-des-forces-de-defense-et-de-securite","status":"publish","type":"post","link":"https:\/\/lavoixdelanation.tg\/index.php\/2025\/07\/14\/municipales-2025-au-togo-vote-par-anticipation-des-forces-de-defense-et-de-securite\/","title":{"rendered":"Municipales 2025\u00a0au Togo : Vote par anticipation des Forces de D\u00e9fense et de S\u00e9curit\u00e9"},"content":{"rendered":"\n<p><strong>Au Togo, les Forces de d\u00e9fense et de s\u00e9curit\u00e9 (FDS) ont vot\u00e9 par anticipation ce lundi 14 juillet pour le compte des \u00e9lections municipales dont le vote g\u00e9n\u00e9ral est pr\u00e9vu le 17 juillet prochain.<\/strong><\/p>\n\n\n\n<p>Cet exercice du vote par anticipation, est pr\u00e9vu par les dispositions de l\u2019article 117 de l\u2019ordonnance N\u00b0 003\/PR du 05\/11\/2024 portant code \u00e9lectoral au Togo, qui stipule que&nbsp;<em>: \u00ab&nbsp;Les membres des forces arm\u00e9es et de s\u00e9curit\u00e9 peuvent, en cas de besoin, exercer leur droit de vote par anticipation&nbsp;\u00bb<\/em>.<\/p>\n\n\n\n<p>Ce vote concerne uniquement les membres des forces arm\u00e9es togolaises, des forces de s\u00e9curit\u00e9, des forces paramilitaires et de la r\u00e9serve op\u00e9rationnelle, appel\u00e9s \u00e0 garantir la s\u00e9curit\u00e9 des \u00e9lecteurs et des op\u00e9rations \u00e9lectorales le jour du scrutin.<\/p>\n\n\n\n<p>Ainsi, nombreux \u00e9taient les membres des forces arm\u00e9es togolaises, des forces de s\u00e9curit\u00e9, des forces paramilitaires et de la r\u00e9serve op\u00e9rationnelle, \u00e0 faire le d\u00e9placement des diff\u00e9rents bureaux de vote ouverts pour la circonstance par la CENI sur toute l\u2019\u00e9tendue du territoire national, pour accomplir leur devoir civique et citoyen de choisir librement les futurs conseillers municipaux dans les 117 communes du pays.<\/p>\n\n\n\n<p>En sa qualit\u00e9 de membre de la famille des forces arm\u00e9es et de s\u00e9curit\u00e9 togolaises, le ministre de l\u2019administration territoriale, de la d\u00e9centralisation et de la chefferie coutumi\u00e8re, le Colonel Awat\u00e9 Hodabalo, a \u00e9galement accompli son devoir civique dans le bureau de vote (BV) N\u00b01 du centre de recensement et de vote (CRV) Jean Jacques Rousseau sis dans la commune Ago\u00e8-Nyiv\u00e9 1, pr\u00e9fecture d\u2019Ago\u00e8-Nyiv\u00e9.<\/p>\n\n\n\n<p><strong>David S.<\/strong><\/p>\n","protected":false},"excerpt":{"rendered":"<p>Au Togo, les Forces de d\u00e9fense et de s\u00e9curit\u00e9 (FDS) ont vot\u00e9 par anticipation ce lundi 14 juillet pour le compte des \u00e9lections municipales dont le vote g\u00e9n\u00e9ral est pr\u00e9vu&hellip; <\/p>\n","protected":false},"author":1,"featured_media":3962,"comment_status":"open","ping_status":"open","sticky":false,"template":"","format":"standard","meta":{"footnotes":""},"categories":[21],"tags":[555,814,39,815],"class_list":["post-3961","post","type-post","status-publish","format-standard","has-post-thumbnail","hentry","category-politique","tag-elections-municipales-2","tag-forces-de-defense-et-de-securite","tag-togo","tag-vote-par-anticipation"],"yoast_head":"<!-- This site is optimized with the Yoast SEO plugin v26.4 - https:\/\/yoast.com\/wordpress\/plugins\/seo\/ -->\n<title>Municipales 2025\u00a0au Togo : Vote par anticipation des Forces de D\u00e9fense et de S\u00e9curit\u00e9 - La Voix de la Nation<\/title>\n<meta name=\"robots\" content=\"index, follow, max-snippet:-1, max-image-preview:large, max-video-preview:-1\" \/>\n<link rel=\"canonical\" href=\"https:\/\/lavoixdelanation.tg\/index.php\/2025\/07\/14\/municipales-2025-au-togo-vote-par-anticipation-des-forces-de-defense-et-de-securite\/\" \/>\n<meta property=\"og:locale\" content=\"fr_FR\" \/>\n<meta property=\"og:type\" content=\"article\" \/>\n<meta property=\"og:title\" content=\"Municipales 2025\u00a0au Togo : Vote par anticipation des Forces de D\u00e9fense et de S\u00e9curit\u00e9 - La Voix de la Nation\" \/>\n<meta property=\"og:description\" content=\"Au Togo, les Forces de d\u00e9fense et de s\u00e9curit\u00e9 (FDS) ont vot\u00e9 par anticipation ce lundi 14 juillet pour le compte des \u00e9lections municipales dont le vote g\u00e9n\u00e9ral est pr\u00e9vu&hellip;\" \/>\n<meta property=\"og:url\" content=\"https:\/\/lavoixdelanation.tg\/index.php\/2025\/07\/14\/municipales-2025-au-togo-vote-par-anticipation-des-forces-de-defense-et-de-securite\/\" \/>\n<meta property=\"og:site_name\" content=\"La Voix de la Nation\" \/>\n<meta property=\"article:publisher\" content=\"https:\/\/www.facebook.com\/lavoixdelanation\" \/>\n<meta property=\"article:published_time\" content=\"2025-07-14T18:43:00+00:00\" \/>\n<meta property=\"article:modified_time\" content=\"2025-07-15T11:13:00+00:00\" \/>\n<meta property=\"og:image\" content=\"https:\/\/lavoixdelanation.tg\/wp-content\/uploads\/2025\/07\/Vote-par-anticipation-des-FDS-au-Togo.jpg\" \/>\n\t<meta property=\"og:image:width\" content=\"650\" \/>\n\t<meta property=\"og:image:height\" content=\"433\" \/>\n\t<meta property=\"og:image:type\" content=\"image\/jpeg\" \/>\n<meta name=\"author\" content=\"La voix de la nation\" \/>\n<meta name=\"twitter:card\" content=\"summary_large_image\" \/>\n<meta name=\"twitter:label1\" content=\"\u00c9crit par\" \/>\n\t<meta name=\"twitter:data1\" content=\"La voix de la nation\" \/>\n\t<meta name=\"twitter:label2\" content=\"Dur\u00e9e de lecture estim\u00e9e\" \/>\n\t<meta name=\"twitter:data2\" content=\"2 minutes\" \/>\n<script type=\"application\/ld+json\" class=\"yoast-schema-graph\">{\"@context\":\"https:\/\/schema.org\",\"@graph\":[{\"@type\":\"Article\",\"@id\":\"https:\/\/lavoixdelanation.tg\/index.php\/2025\/07\/14\/municipales-2025-au-togo-vote-par-anticipation-des-forces-de-defense-et-de-securite\/#article\",\"isPartOf\":{\"@id\":\"https:\/\/lavoixdelanation.tg\/index.php\/2025\/07\/14\/municipales-2025-au-togo-vote-par-anticipation-des-forces-de-defense-et-de-securite\/\"},\"author\":{\"name\":\"La voix de la nation\",\"@id\":\"https:\/\/lavoixdelanation.tg\/#\/schema\/person\/6c489293aa38053673a9e554acb6e224\"},\"headline\":\"Municipales 2025\u00a0au Togo : Vote par anticipation des Forces de D\u00e9fense et de S\u00e9curit\u00e9\",\"datePublished\":\"2025-07-14T18:43:00+00:00\",\"dateModified\":\"2025-07-15T11:13:00+00:00\",\"mainEntityOfPage\":{\"@id\":\"https:\/\/lavoixdelanation.tg\/index.php\/2025\/07\/14\/municipales-2025-au-togo-vote-par-anticipation-des-forces-de-defense-et-de-securite\/\"},\"wordCount\":291,\"commentCount\":0,\"publisher\":{\"@id\":\"https:\/\/lavoixdelanation.tg\/#organization\"},\"image\":{\"@id\":\"https:\/\/lavoixdelanation.tg\/index.php\/2025\/07\/14\/municipales-2025-au-togo-vote-par-anticipation-des-forces-de-defense-et-de-securite\/#primaryimage\"},\"thumbnailUrl\":\"https:\/\/lavoixdelanation.tg\/wp-content\/uploads\/2025\/07\/Vote-par-anticipation-des-FDS-au-Togo.jpg\",\"keywords\":[\"\u00e9lections municipales\",\"Forces de d\u00e9fense et de s\u00e9curit\u00e9\",\"Togo\",\"Vote par anticipation\"],\"articleSection\":[\"Politique\"],\"inLanguage\":\"fr-FR\",\"potentialAction\":[{\"@type\":\"CommentAction\",\"name\":\"Comment\",\"target\":[\"https:\/\/lavoixdelanation.tg\/index.php\/2025\/07\/14\/municipales-2025-au-togo-vote-par-anticipation-des-forces-de-defense-et-de-securite\/#respond\"]}]},{\"@type\":\"WebPage\",\"@id\":\"https:\/\/lavoixdelanation.tg\/index.php\/2025\/07\/14\/municipales-2025-au-togo-vote-par-anticipation-des-forces-de-defense-et-de-securite\/\",\"url\":\"https:\/\/lavoixdelanation.tg\/index.php\/2025\/07\/14\/municipales-2025-au-togo-vote-par-anticipation-des-forces-de-defense-et-de-securite\/\",\"name\":\"Municipales 2025\u00a0au Togo : Vote par anticipation des Forces de D\u00e9fense et de S\u00e9curit\u00e9 - La Voix de la Nation\",\"isPartOf\":{\"@id\":\"https:\/\/lavoixdelanation.tg\/#website\"},\"primaryImageOfPage\":{\"@id\":\"https:\/\/lavoixdelanation.tg\/index.php\/2025\/07\/14\/municipales-2025-au-togo-vote-par-anticipation-des-forces-de-defense-et-de-securite\/#primaryimage\"},\"image\":{\"@id\":\"https:\/\/lavoixdelanation.tg\/index.php\/2025\/07\/14\/municipales-2025-au-togo-vote-par-anticipation-des-forces-de-defense-et-de-securite\/#primaryimage\"},\"thumbnailUrl\":\"https:\/\/lavoixdelanation.tg\/wp-content\/uploads\/2025\/07\/Vote-par-anticipation-des-FDS-au-Togo.jpg\",\"datePublished\":\"2025-07-14T18:43:00+00:00\",\"dateModified\":\"2025-07-15T11:13:00+00:00\",\"breadcrumb\":{\"@id\":\"https:\/\/lavoixdelanation.tg\/index.php\/2025\/07\/14\/municipales-2025-au-togo-vote-par-anticipation-des-forces-de-defense-et-de-securite\/#breadcrumb\"},\"inLanguage\":\"fr-FR\",\"potentialAction\":[{\"@type\":\"ReadAction\",\"target\":[\"https:\/\/lavoixdelanation.tg\/index.php\/2025\/07\/14\/municipales-2025-au-togo-vote-par-anticipation-des-forces-de-defense-et-de-securite\/\"]}]},{\"@type\":\"ImageObject\",\"inLanguage\":\"fr-FR\",\"@id\":\"https:\/\/lavoixdelanation.tg\/index.php\/2025\/07\/14\/municipales-2025-au-togo-vote-par-anticipation-des-forces-de-defense-et-de-securite\/#primaryimage\",\"url\":\"https:\/\/lavoixdelanation.tg\/wp-content\/uploads\/2025\/07\/Vote-par-anticipation-des-FDS-au-Togo.jpg\",\"contentUrl\":\"https:\/\/lavoixdelanation.tg\/wp-content\/uploads\/2025\/07\/Vote-par-anticipation-des-FDS-au-Togo.jpg\",\"width\":650,\"height\":433,\"caption\":\"Vote par anticipation des FDS au Togo\"},{\"@type\":\"BreadcrumbList\",\"@id\":\"https:\/\/lavoixdelanation.tg\/index.php\/2025\/07\/14\/municipales-2025-au-togo-vote-par-anticipation-des-forces-de-defense-et-de-securite\/#breadcrumb\",\"itemListElement\":[{\"@type\":\"ListItem\",\"position\":1,\"name\":\"Accueil\",\"item\":\"https:\/\/lavoixdelanation.tg\/\"},{\"@type\":\"ListItem\",\"position\":2,\"name\":\"Municipales 2025\u00a0au Togo : Vote par anticipation des Forces de D\u00e9fense et de S\u00e9curit\u00e9\"}]},{\"@type\":\"WebSite\",\"@id\":\"https:\/\/lavoixdelanation.tg\/#website\",\"url\":\"https:\/\/lavoixdelanation.tg\/\",\"name\":\"La Voix de la Nation\",\"description\":\"R\u00e9c\u00e9piss\u00e9 n\u00b00108\/HAAC\/01-2024\/pl\/P\",\"publisher\":{\"@id\":\"https:\/\/lavoixdelanation.tg\/#organization\"},\"alternateName\":\"VON\",\"potentialAction\":[{\"@type\":\"SearchAction\",\"target\":{\"@type\":\"EntryPoint\",\"urlTemplate\":\"https:\/\/lavoixdelanation.tg\/?s={search_term_string}\"},\"query-input\":{\"@type\":\"PropertyValueSpecification\",\"valueRequired\":true,\"valueName\":\"search_term_string\"}}],\"inLanguage\":\"fr-FR\"},{\"@type\":\"Organization\",\"@id\":\"https:\/\/lavoixdelanation.tg\/#organization\",\"name\":\"La Voix de la Nation\",\"url\":\"https:\/\/lavoixdelanation.tg\/\",\"logo\":{\"@type\":\"ImageObject\",\"inLanguage\":\"fr-FR\",\"@id\":\"https:\/\/lavoixdelanation.tg\/#\/schema\/logo\/image\/\",\"url\":\"https:\/\/lavoixdelanation.tg\/wp-content\/uploads\/2024\/12\/lavn-1.png\",\"contentUrl\":\"https:\/\/lavoixdelanation.tg\/wp-content\/uploads\/2024\/12\/lavn-1.png\",\"width\":1024,\"height\":464,\"caption\":\"La Voix de la Nation\"},\"image\":{\"@id\":\"https:\/\/lavoixdelanation.tg\/#\/schema\/logo\/image\/\"},\"sameAs\":[\"https:\/\/www.facebook.com\/lavoixdelanation\"]},{\"@type\":\"Person\",\"@id\":\"https:\/\/lavoixdelanation.tg\/#\/schema\/person\/6c489293aa38053673a9e554acb6e224\",\"name\":\"La voix de la nation\",\"image\":{\"@type\":\"ImageObject\",\"inLanguage\":\"fr-FR\",\"@id\":\"https:\/\/lavoixdelanation.tg\/#\/schema\/person\/image\/\",\"url\":\"https:\/\/secure.gravatar.com\/avatar\/8aa135d4bbc794494cecaa8d483f6d6cc1023624868deaff686baed5e727a5a1?s=96&d=mm&r=g\",\"contentUrl\":\"https:\/\/secure.gravatar.com\/avatar\/8aa135d4bbc794494cecaa8d483f6d6cc1023624868deaff686baed5e727a5a1?s=96&d=mm&r=g\",\"caption\":\"La voix de la nation\"},\"sameAs\":[\"https:\/\/lavoixdelanation.tg\"],\"url\":\"https:\/\/lavoixdelanation.tg\/index.php\/author\/lavn\/\"}]}<\/script>\n<!-- \/ Yoast SEO plugin. -->","yoast_head_json":{"title":"Municipales 2025\u00a0au Togo : Vote par anticipation des Forces de D\u00e9fense et de S\u00e9curit\u00e9 - La Voix de la Nation","robots":{"index":"index","follow":"follow","max-snippet":"max-snippet:-1","max-image-preview":"max-image-preview:large","max-video-preview":"max-video-preview:-1"},"canonical":"https:\/\/lavoixdelanation.tg\/index.php\/2025\/07\/14\/municipales-2025-au-togo-vote-par-anticipation-des-forces-de-defense-et-de-securite\/","og_locale":"fr_FR","og_type":"article","og_title":"Municipales 2025\u00a0au Togo : Vote par anticipation des Forces de D\u00e9fense et de S\u00e9curit\u00e9 - La Voix de la Nation","og_description":"Au Togo, les Forces de d\u00e9fense et de s\u00e9curit\u00e9 (FDS) ont vot\u00e9 par anticipation ce lundi 14 juillet pour le compte des \u00e9lections municipales dont le vote g\u00e9n\u00e9ral est pr\u00e9vu&hellip;","og_url":"https:\/\/lavoixdelanation.tg\/index.php\/2025\/07\/14\/municipales-2025-au-togo-vote-par-anticipation-des-forces-de-defense-et-de-securite\/","og_site_name":"La Voix de la Nation","article_publisher":"https:\/\/www.facebook.com\/lavoixdelanation","article_published_time":"2025-07-14T18:43:00+00:00","article_modified_time":"2025-07-15T11:13:00+00:00","og_image":[{"width":650,"height":433,"url":"https:\/\/lavoixdelanation.tg\/wp-content\/uploads\/2025\/07\/Vote-par-anticipation-des-FDS-au-Togo.jpg","type":"image\/jpeg"}],"author":"La voix de la nation","twitter_card":"summary_large_image","twitter_misc":{"\u00c9crit par":"La voix de la nation","Dur\u00e9e de lecture estim\u00e9e":"2 minutes"},"schema":{"@context":"https:\/\/schema.org","@graph":[{"@type":"Article","@id":"https:\/\/lavoixdelanation.tg\/index.php\/2025\/07\/14\/municipales-2025-au-togo-vote-par-anticipation-des-forces-de-defense-et-de-securite\/#article","isPartOf":{"@id":"https:\/\/lavoixdelanation.tg\/index.php\/2025\/07\/14\/municipales-2025-au-togo-vote-par-anticipation-des-forces-de-defense-et-de-securite\/"},"author":{"name":"La voix de la nation","@id":"https:\/\/lavoixdelanation.tg\/#\/schema\/person\/6c489293aa38053673a9e554acb6e224"},"headline":"Municipales 2025\u00a0au Togo : Vote par anticipation des Forces de D\u00e9fense et de S\u00e9curit\u00e9","datePublished":"2025-07-14T18:43:00+00:00","dateModified":"2025-07-15T11:13:00+00:00","mainEntityOfPage":{"@id":"https:\/\/lavoixdelanation.tg\/index.php\/2025\/07\/14\/municipales-2025-au-togo-vote-par-anticipation-des-forces-de-defense-et-de-securite\/"},"wordCount":291,"commentCount":0,"publisher":{"@id":"https:\/\/lavoixdelanation.tg\/#organization"},"image":{"@id":"https:\/\/lavoixdelanation.tg\/index.php\/2025\/07\/14\/municipales-2025-au-togo-vote-par-anticipation-des-forces-de-defense-et-de-securite\/#primaryimage"},"thumbnailUrl":"https:\/\/lavoixdelanation.tg\/wp-content\/uploads\/2025\/07\/Vote-par-anticipation-des-FDS-au-Togo.jpg","keywords":["\u00e9lections municipales","Forces de d\u00e9fense et de s\u00e9curit\u00e9","Togo","Vote par anticipation"],"articleSection":["Politique"],"inLanguage":"fr-FR","potentialAction":[{"@type":"CommentAction","name":"Comment","target":["https:\/\/lavoixdelanation.tg\/index.php\/2025\/07\/14\/municipales-2025-au-togo-vote-par-anticipation-des-forces-de-defense-et-de-securite\/#respond"]}]},{"@type":"WebPage","@id":"https:\/\/lavoixdelanation.tg\/index.php\/2025\/07\/14\/municipales-2025-au-togo-vote-par-anticipation-des-forces-de-defense-et-de-securite\/","url":"https:\/\/lavoixdelanation.tg\/index.php\/2025\/07\/14\/municipales-2025-au-togo-vote-par-anticipation-des-forces-de-defense-et-de-securite\/","name":"Municipales 2025\u00a0au Togo : Vote par anticipation des Forces de D\u00e9fense et de S\u00e9curit\u00e9 - La Voix de la Nation","isPartOf":{"@id":"https:\/\/lavoixdelanation.tg\/#website"},"primaryImageOfPage":{"@id":"https:\/\/lavoixdelanation.tg\/index.php\/2025\/07\/14\/municipales-2025-au-togo-vote-par-anticipation-des-forces-de-defense-et-de-securite\/#primaryimage"},"image":{"@id":"https:\/\/lavoixdelanation.tg\/index.php\/2025\/07\/14\/municipales-2025-au-togo-vote-par-anticipation-des-forces-de-defense-et-de-securite\/#primaryimage"},"thumbnailUrl":"https:\/\/lavoixdelanation.tg\/wp-content\/uploads\/2025\/07\/Vote-par-anticipation-des-FDS-au-Togo.jpg","datePublished":"2025-07-14T18:43:00+00:00","dateModified":"2025-07-15T11:13:00+00:00","breadcrumb":{"@id":"https:\/\/lavoixdelanation.tg\/index.php\/2025\/07\/14\/municipales-2025-au-togo-vote-par-anticipation-des-forces-de-defense-et-de-securite\/#breadcrumb"},"inLanguage":"fr-FR","potentialAction":[{"@type":"ReadAction","target":["https:\/\/lavoixdelanation.tg\/index.php\/2025\/07\/14\/municipales-2025-au-togo-vote-par-anticipation-des-forces-de-defense-et-de-securite\/"]}]},{"@type":"ImageObject","inLanguage":"fr-FR","@id":"https:\/\/lavoixdelanation.tg\/index.php\/2025\/07\/14\/municipales-2025-au-togo-vote-par-anticipation-des-forces-de-defense-et-de-securite\/#primaryimage","url":"https:\/\/lavoixdelanation.tg\/wp-content\/uploads\/2025\/07\/Vote-par-anticipation-des-FDS-au-Togo.jpg","contentUrl":"https:\/\/lavoixdelanation.tg\/wp-content\/uploads\/2025\/07\/Vote-par-anticipation-des-FDS-au-Togo.jpg","width":650,"height":433,"caption":"Vote par anticipation des FDS au Togo"},{"@type":"BreadcrumbList","@id":"https:\/\/lavoixdelanation.tg\/index.php\/2025\/07\/14\/municipales-2025-au-togo-vote-par-anticipation-des-forces-de-defense-et-de-securite\/#breadcrumb","itemListElement":[{"@type":"ListItem","position":1,"name":"Accueil","item":"https:\/\/lavoixdelanation.tg\/"},{"@type":"ListItem","position":2,"name":"Municipales 2025\u00a0au Togo : Vote par anticipation des Forces de D\u00e9fense et de S\u00e9curit\u00e9"}]},{"@type":"WebSite","@id":"https:\/\/lavoixdelanation.tg\/#website","url":"https:\/\/lavoixdelanation.tg\/","name":"La Voix de la Nation","description":"R\u00e9c\u00e9piss\u00e9 n\u00b00108\/HAAC\/01-2024\/pl\/P","publisher":{"@id":"https:\/\/lavoixdelanation.tg\/#organization"},"alternateName":"VON","potentialAction":[{"@type":"SearchAction","target":{"@type":"EntryPoint","urlTemplate":"https:\/\/lavoixdelanation.tg\/?s={search_term_string}"},"query-input":{"@type":"PropertyValueSpecification","valueRequired":true,"valueName":"search_term_string"}}],"inLanguage":"fr-FR"},{"@type":"Organization","@id":"https:\/\/lavoixdelanation.tg\/#organization","name":"La Voix de la Nation","url":"https:\/\/lavoixdelanation.tg\/","logo":{"@type":"ImageObject","inLanguage":"fr-FR","@id":"https:\/\/lavoixdelanation.tg\/#\/schema\/logo\/image\/","url":"https:\/\/lavoixdelanation.tg\/wp-content\/uploads\/2024\/12\/lavn-1.png","contentUrl":"https:\/\/lavoixdelanation.tg\/wp-content\/uploads\/2024\/12\/lavn-1.png","width":1024,"height":464,"caption":"La Voix de la Nation"},"image":{"@id":"https:\/\/lavoixdelanation.tg\/#\/schema\/logo\/image\/"},"sameAs":["https:\/\/www.facebook.com\/lavoixdelanation"]},{"@type":"Person","@id":"https:\/\/lavoixdelanation.tg\/#\/schema\/person\/6c489293aa38053673a9e554acb6e224","name":"La voix de la nation","image":{"@type":"ImageObject","inLanguage":"fr-FR","@id":"https:\/\/lavoixdelanation.tg\/#\/schema\/person\/image\/","url":"https:\/\/secure.gravatar.com\/avatar\/8aa135d4bbc794494cecaa8d483f6d6cc1023624868deaff686baed5e727a5a1?s=96&d=mm&r=g","contentUrl":"https:\/\/secure.gravatar.com\/avatar\/8aa135d4bbc794494cecaa8d483f6d6cc1023624868deaff686baed5e727a5a1?s=96&d=mm&r=g","caption":"La voix de la nation"},"sameAs":["https:\/\/lavoixdelanation.tg"],"url":"https:\/\/lavoixdelanation.tg\/index.php\/author\/lavn\/"}]}},"_links":{"self":[{"href":"https:\/\/lavoixdelanation.tg\/index.php\/wp-json\/wp\/v2\/posts\/3961","targetHints":{"allow":["GET"]}}],"collection":[{"href":"https:\/\/lavoixdelanation.tg\/index.php\/wp-json\/wp\/v2\/posts"}],"about":[{"href":"https:\/\/lavoixdelanation.tg\/index.php\/wp-json\/wp\/v2\/types\/post"}],"author":[{"embeddable":true,"href":"https:\/\/lavoixdelanation.tg\/index.php\/wp-json\/wp\/v2\/users\/1"}],"replies":[{"embeddable":true,"href":"https:\/\/lavoixdelanation.tg\/index.php\/wp-json\/wp\/v2\/comments?post=3961"}],"version-history":[{"count":1,"href":"https:\/\/lavoixdelanation.tg\/index.php\/wp-json\/wp\/v2\/posts\/3961\/revisions"}],"predecessor-version":[{"id":3963,"href":"https:\/\/lavoixdelanation.tg\/index.php\/wp-json\/wp\/v2\/posts\/3961\/revisions\/3963"}],"wp:featuredmedia":[{"embeddable":true,"href":"https:\/\/lavoixdelanation.tg\/index.php\/wp-json\/wp\/v2\/media\/3962"}],"wp:attachment":[{"href":"https:\/\/lavoixdelanation.tg\/index.php\/wp-json\/wp\/v2\/media?parent=3961"}],"wp:term":[{"taxonomy":"category","embeddable":true,"href":"https:\/\/lavoixdelanation.tg\/index.php\/wp-json\/wp\/v2\/categories?post=3961"},{"taxonomy":"post_tag","embeddable":true,"href":"https:\/\/lavoixdelanation.tg\/index.php\/wp-json\/wp\/v2\/tags?post=3961"}],"curies":[{"name":"wp","href":"https:\/\/api.w.org\/{rel}","templated":true}]}}