{"id":3358,"date":"2025-07-11T12:39:38","date_gmt":"2025-07-11T10:39:38","guid":{"rendered":"https:\/\/lavoixdelanation.tg\/?p=3358"},"modified":"2025-07-11T12:39:39","modified_gmt":"2025-07-11T10:39:39","slug":"municipales-2025-voici-les-bv-retenus-pour-le-vote-par-anticipation","status":"publish","type":"post","link":"https:\/\/lavoixdelanation.tg\/index.php\/2025\/07\/11\/municipales-2025-voici-les-bv-retenus-pour-le-vote-par-anticipation\/","title":{"rendered":"Municipales 2025\u00a0: Voici les BV retenus pour le vote par anticipation"},"content":{"rendered":"\n<p>La Commission Electorale Nationale Ind\u00e9pendante (CENI) a publi\u00e9 ce 10 juillet 2025, la liste des Centres et Bureaux de vote (BV) retenus pour le vote par anticipation du 14 juillet prochain.<\/p>\n\n\n\n<p>Le vote par anticipation concerne les membres des forces arm\u00e9es togolaises, des forces de s\u00e9curit\u00e9, des forces paramilitaires et de la r\u00e9serve op\u00e9rationnelle, appel\u00e9s \u00e0 garantir la s\u00e9curit\u00e9 des \u00e9lecteurs et des op\u00e9rations \u00e9lectorales le jour du scrutin \u00e0 savoir le 17 juillet 2025.<\/p>\n\n\n\n<figure class=\"wp-block-table\"><table class=\"has-fixed-layout\"><tbody><tr><td><strong>PREFECTURE<\/strong><\/td><td><strong>CEL<\/strong>I<\/td><td><strong>COMMUNE<\/strong><\/td><td><strong>LOCALITE<\/strong><\/td><td><strong>CRV<\/strong><\/td><\/tr><tr><td>CINKASSE<\/td><td>CINKASSE<\/td><td>CINKASSE 1<\/td><td>CINKASSE<\/td><td>EPP CINKASSE<\/td><\/tr><tr><td>CINKASSE<\/td><td>CINKASSE<\/td><td>CINKASSE 1<\/td><td>MOSS]<\/td><td>JARDIN DTENFANTS CINKASSE (FAT)<\/td><\/tr><tr><td>CINKASSE<\/td><td>CINKASSE<\/td><td>CINKASSE 2<\/td><td>ZONGO<\/td><td>LYCEE NADJOUNDI<\/td><\/tr><tr><td>TONE<\/td><td>TONE 1-4<\/td><td>TONE 1<\/td><td>BOUMONGA<\/td><td>EPP CAMP GENDARMERIE<\/td><\/tr><tr><td>TONE<\/td><td>TONE 1-4<\/td><td>TONE 4<\/td><td>KORBONGOU CENTRE<\/td><td>EPP KORBONGOU CENTRE<\/td><\/tr><tr><td>TONE<\/td><td>TONE 2-3<\/td><td>TONE 2<\/td><td>NANERGOU<\/td><td>AFFA1RE SOCIALS NANERGOU<\/td><\/tr><tr><td>TONE<\/td><td>TONE 2-3<\/td><td>TONE 3<\/td><td>DJAMIERE<\/td><td>4EME RIA NIOUKPOURMA<\/td><\/tr><tr><td>TANDJOUARE<\/td><td>TANDJOUARE<\/td><td>TANDJOUARE 1<\/td><td>TANDJOUARE-CENTRE<\/td><td>AFFAIRES SOCIALES TANDJOARE<\/td><\/tr><tr><td>TANDJOUARE<\/td><td>TANDJOUARE<\/td><td>TANDJOUARE 2<\/td><td>NANO-CENTRE<\/td><td>LYCEE NANO<\/td><\/tr><tr><td>KPENDJAL<\/td><td>KPENDJAL<\/td><td>KPENDJAL 1<\/td><td>KOUNDJOARE<\/td><td>EPP KOUNDJOARE<\/td><\/tr><tr><td>KPENDJAL<\/td><td>KPENDJAL<\/td><td>KPENDJAL 1<\/td><td>TOLONGOU<\/td><td>EPP TOLONGOU<\/td><\/tr><tr><td>KPENDJAL<\/td><td>KPENDJAL<\/td><td>KPENDJAL 2<\/td><td>YIEGOU<\/td><td>EPP YIEGOU A<\/td><\/tr><tr><td>KPENDJAL QUEST<\/td><td>KPENDJAL OUEST<\/td><td>KPENDJAL QUEST 1<\/td><td>NAKI-EST CENTRE<\/td><td>LYCEE NAKI-EST<\/td><\/tr><tr><td>KPENDJAL QUEST<\/td><td>KPENDJAL QUEST<\/td><td>KPENDJAL OUEST 2<\/td><td>TAMBONGA<\/td><td>CEG TAMBONGA<\/td><\/tr><tr><td>OTI<\/td><td>OTI<\/td><td>OTI 1<\/td><td>SANSANNE-MANGO<\/td><td>EPP EYADEMA<\/td><\/tr><tr><td>OTI<\/td><td>OTI<\/td><td>OTI 2<\/td><td>BARKOISSI<\/td><td>LYCEE BARKOISSI<\/td><\/tr><tr><td>OTI SUD<\/td><td>Oil SUD<\/td><td>OTI SUD 1<\/td><td>GANDO<\/td><td>EPP CENTRALE GANDO<\/td><\/tr><tr><td>OTI SUD<\/td><td>OT1 SUD<\/td><td>OTI SUD 1<\/td><td>TCHAMONGA<\/td><td>EPP TCHAMONGA<\/td><\/tr><tr><td>OTI SUD<\/td><td>Oil SUD<\/td><td>OTI SUD 2<\/td><td>KOUMONGOU<\/td><td>CEG KOUMONGOU<\/td><\/tr><tr><td>KERAN<\/td><td>KERAN<\/td><td>KERAN 1<\/td><td>ANATOUA<\/td><td>CET KANDE I<\/td><\/tr><tr><td>KERAN<\/td><td>KERAN<\/td><td>KERAN 2<\/td><td>OSSACRE<\/td><td>EPP OSSACRE<\/td><\/tr><tr><td>KERAN<\/td><td>KERAN<\/td><td>KERAN 3<\/td><td>NADOBA<\/td><td>CEG NADOBA<\/td><\/tr><tr><td>BINAH<\/td><td>BINAH<\/td><td>BINAH 1<\/td><td>WAZE<\/td><td>LYCEE DE PAGOUDA<\/td><\/tr><tr><td>BINAH<\/td><td>BINAH<\/td><td>BINAH 2<\/td><td>EGUIMDE<\/td><td>EPP GENDARMERIE<\/td><\/tr><tr><td>DOUFELGOU<\/td><td>DOUFELGOU<\/td><td>DOUFELGOU 1<\/td><td>KOULINTE<\/td><td>BCN<\/td><\/tr><tr><td>DOUFELGOU<\/td><td>DOUFELGOU<\/td><td>DOUFELGOU 1<\/td><td>BONTIGA<\/td><td>EPP BONTIGA<\/td><\/tr><tr><td>DOUFELGOU<\/td><td>DOUFELGOU<\/td><td>DOUFELGOU 2<\/td><td>TAMDE<\/td><td>LYCEE DEFALE<\/td><\/tr><tr><td>DOUFELGOU<\/td><td>DOUFELGOU<\/td><td>DOUFELGOU 3<\/td><td>BROUKOU<\/td><td>LYCEE BROUKOU<\/td><\/tr><tr><td>KOZAH<\/td><td>KOZAH 1-2<\/td><td>KOZAH 1<\/td><td>BATASCOME<\/td><td>EPP CENTRALE KARA<\/td><\/tr><tr><td>KOZAH<\/td><td>KOZAH 1-2<\/td><td>KOZAH 1<\/td><td>POUDE<\/td><td>CEG CAMP GENERAL AMEYI<\/td><\/tr><tr><td>KOZAH<\/td><td>KOZAH 1-2<\/td><td>KOZAH 2<\/td><td>AKEI<\/td><td>CEG PYA AKEI<\/td><\/tr><tr><td>KOZAH<\/td><td>KOZAH 3-4<\/td><td>KOZAH 3<\/td><td>WELOU<\/td><td>EPP WELOU<\/td><\/tr><tr><td>KOZAH<\/td><td>KOZAH 3-4<\/td><td>KOZAH 4<\/td><td>ATCHANGBADE<\/td><td>EPP ATCHANGBADE G\/A<\/td><\/tr><tr><td>ASSOLI<\/td><td>ASSOLI<\/td><td>ASSOLI 1<\/td><td>BAFILO<\/td><td>CEG BAFILO VILLE 1<\/td><\/tr><tr><td>ASSOLI<\/td><td>ASSOLI<\/td><td>ASSOLI 2<\/td><td>KOUMONDE<\/td><td>CEG KOUMONDE<\/td><\/tr><tr><td>ASSOLI<\/td><td>ASSOLI<\/td><td>ASSOLI 3<\/td><td>SOUDOU<\/td><td>EPP SOUDOU<\/td><\/tr><tr><td>DANKPEN<\/td><td>DANKPEN<\/td><td>DANKPEN 1<\/td><td>GUERIN-KOUKA<\/td><td>EPP CENTRALE GUERIN-KOUKA G\/A<\/td><\/tr><tr><td>DANKPEN<\/td><td>DANKPEN<\/td><td>DANKPEN 2<\/td><td>NAMON<\/td><td>CEG NAMON&nbsp;&nbsp;&nbsp;&nbsp;&nbsp;&nbsp;&nbsp;&nbsp;&nbsp;&nbsp;&nbsp;&nbsp;&nbsp;&nbsp;&nbsp;&nbsp;&nbsp;&nbsp;&nbsp;&nbsp;&nbsp;&nbsp;&nbsp; &#8212;&rsquo;17A7),-<\/td><\/tr><tr><td>DANKPEN<\/td><td>DANKPEN<\/td><td>DANKPEN 3<\/td><td>BAPURE<\/td><td>CEG BAPURE&nbsp;&nbsp;&nbsp;&nbsp;&nbsp;&nbsp;&nbsp;&nbsp;&nbsp;&nbsp;&nbsp;&nbsp;&nbsp;&nbsp;&nbsp; lir)93;<\/td><\/tr><\/tbody><\/table><\/figure>\n\n\n\n<figure class=\"wp-block-table\"><table class=\"has-fixed-layout\"><tbody><tr><td><strong>Boulevard Eyadema &#8211; Cite QUA, 02 B.P. 20400 Lome-Togo &#8211; Tel. 22 53 61 00 &#8211; Email :&nbsp;<\/strong><a href=\"http:\/\/cenitogolomefagmail.com\/\"><strong>cenitogolomefagmail.com<\/strong><\/a><\/td><td><img loading=\"lazy\" decoding=\"async\" width=\"90\" height=\"61\" src=\"blob:https:\/\/lavoixdelanation.tg\/da2e4e7c-93b2-453e-969f-773540bf2f07\"><\/td><\/tr><\/tbody><\/table><\/figure>\n\n\n\n<figure class=\"wp-block-table\"><table class=\"has-fixed-layout\"><tbody><tr><td><strong>PREFECTURE<\/strong><\/td><td><strong>CELI<\/strong><\/td><td><strong>COMMUNE<\/strong><\/td><td><strong>LOCALITE<\/strong><\/td><td><strong>CRV<\/strong><\/td><\/tr><tr><td>BASSAR<\/td><td>BASSAR 1<\/td><td>BASSAR I<\/td><td>BIKOUNDJIB<\/td><td>EPP BIKOUNDJIB<\/td><\/tr><tr><td>BASSAR<\/td><td>BASSAR 2-3-4<\/td><td>BASSAR 2<\/td><td>SANSALE<\/td><td>LYCEE BANGELI<\/td><\/tr><tr><td>BASSAR<\/td><td>BASSAR 2-3-4<\/td><td>BASSAR 3<\/td><td>OUKPANDOUMPOU<\/td><td>LYCEE DE KABOU<\/td><\/tr><tr><td>BASSAR<\/td><td>BASSAR 2-3-4<\/td><td>BASSAR 4<\/td><td>LAMA TESSI<\/td><td>CEG SANDA AFOHOU<\/td><\/tr><tr><td>TCHAOUDJO<\/td><td>TCHAOUDJO 1-2<\/td><td>TCHAOUDJO 1<\/td><td>CAMP-GENDARMERIE<\/td><td>EPP CAMP GENDARMERIE<\/td><\/tr><tr><td>TCHAOUDJO<\/td><td>TCHAOUDJO 1-2<\/td><td>TCHAOUDJO 1<\/td><td>KOMAH<\/td><td>EPP KOMAH I<\/td><\/tr><tr><td>TCHAOUDJO<\/td><td>TCHAOUDJO 1-2<\/td><td>TCHAOUDJO 2<\/td><td>KASSENA I<\/td><td>EPP KASSENA I<\/td><\/tr><tr><td>TCHAOUDJO<\/td><td>TCHAOUDJO 3-4<\/td><td>TCHAOUDJO 3<\/td><td>ALEHER1DE WADE<\/td><td>EPP ALEHER1DE KPAIDE<\/td><\/tr><tr><td>TCHAOUDJO<\/td><td>TCHAOUDJO 3-4<\/td><td>TCHAOUDJO 4<\/td><td>AGOULOUDE<\/td><td>EPP AGOULOUDE 1 CENTRALE<\/td><\/tr><tr><td>TCHAMBA<\/td><td>TCHAMBA<\/td><td>TCHAMBA 1<\/td><td>EYIWA<\/td><td>SERVICE AFFAIRE SOCIALE<\/td><\/tr><tr><td>TCHAMBA<\/td><td>TCHAMBA<\/td><td>TCHAMBA 2<\/td><td>KOUSSOUNTOU<\/td><td>LYCEE KOUSSOUNTOU<\/td><\/tr><tr><td>TCHAMBA<\/td><td>TCHAMBA<\/td><td>TCHAMBA 3<\/td><td>KABOLI<\/td><td>CEG KABOLI<\/td><\/tr><tr><td>SOTOUBOUA<\/td><td>SOTOUBOUA<\/td><td>SOTOUBOUA 1<\/td><td>KERE<\/td><td>EPP CENTRALE<\/td><\/tr><tr><td>SOTOUBOUA<\/td><td>SOTOUBOUA<\/td><td>SOTOUBOUA 2<\/td><td>ADJENGRE CENTRE<\/td><td>EPP ADJENGRE CENTRE<\/td><\/tr><tr><td>SOTOUBOUA<\/td><td>SOTOUBOUA<\/td><td>SOTOUBOUA 3<\/td><td>DJOULAMEGOU<\/td><td>CEG TCHEBEBE<\/td><\/tr><tr><td>MO<\/td><td>MO<\/td><td>MO 1<\/td><td>DJARKPANGA<\/td><td>EPP DJARKPANGA<\/td><\/tr><tr><td>Mb<\/td><td>MO<\/td><td>MO 2<\/td><td>NABOU<\/td><td>EPP NABOU<\/td><\/tr><tr><td>BLITTA<\/td><td>BLITTA<\/td><td>BLITTA 1<\/td><td>BLITTA-CAMPEMENT<\/td><td>EPP BLITTA CAMPEMENT<\/td><\/tr><tr><td>BLITTA<\/td><td>BLITTA<\/td><td>BLITTA 2<\/td><td>AGBANDI<\/td><td>EPP AGBANDI<\/td><\/tr><tr><td>BLITTA<\/td><td>BLITTA<\/td><td>BLITTA 3<\/td><td>TCHIFAMA<\/td><td>EPP TCHIFAMA<\/td><\/tr><tr><td>ANIE<\/td><td>ANIE<\/td><td>ANIE 1<\/td><td>ANIE CAMP<\/td><td>EPP ANIE CAMP<\/td><\/tr><tr><td>ANIE<\/td><td>ANIE<\/td><td>ANIE 2<\/td><td>ADOGBENOU<\/td><td>EPP ADOGBENOU<\/td><\/tr><tr><td>OGOU<\/td><td>OGOU 1-4<\/td><td>OGOU 1<\/td><td>ATAKPAME<\/td><td>AFFAIRES SOCIALES<\/td><\/tr><tr><td>OGOU<\/td><td>OGOU 1-4<\/td><td>OGOU 4<\/td><td>HOMA<\/td><td>EPP HOMA<\/td><\/tr><tr><td>OGOU<\/td><td>OGOU 2-3<\/td><td>OGOU 2<\/td><td>AKPARE<\/td><td>EPP AKPARE-CENTRE<\/td><\/tr><tr><td>OGOU<\/td><td>OGOU 2-3<\/td><td>OGOU 3<\/td><td>FON-KOME<\/td><td>LYCEE GLEI<\/td><\/tr><tr><td>AMOU<\/td><td>AMOU<\/td><td>AMOU 1<\/td><td>AGADJI<\/td><td>EPP AGADJI II<\/td><\/tr><tr><td>AMOU<\/td><td>AMOU<\/td><td>AMOU 2<\/td><td>AMOU GODO<\/td><td>LYCEE AMOU-OBLO<\/td><\/tr><tr><td>AMOU<\/td><td>AMOU<\/td><td>AMOU 3<\/td><td>TEMEDJA<\/td><td>EPP CAMP TEMEDJA<\/td><\/tr><tr><td>HAHO<\/td><td>HAHO 1-2<\/td><td>HAHO 1<\/td><td>TEGBE<\/td><td>CEG NOISE VILLE 1 A<\/td><\/tr><tr><td>HAHO<\/td><td>HAHO 1-2<\/td><td>HAHO 2<\/td><td>ASRAMA-MARCHE<\/td><td>EP AID ASRAMA-MARCHE<\/td><\/tr><tr><td>HAHO<\/td><td>HAHO 3-4<\/td><td>HAHO 3<\/td><td>KPEDOME<\/td><td>EPP KPEDOME<\/td><\/tr><tr><td>HAHO<\/td><td>HAHO 3-4<\/td><td>HAHO 4<\/td><td>KPOTA<\/td><td>LYCEE WAHALA<\/td><\/tr><tr><td>EST-MONO<\/td><td>EST-MONO<\/td><td>EST-MONO I<\/td><td>ELAVAGNON<\/td><td>EPP CENTRALE (FORS) 1<\/td><\/tr><tr><td>EST-MONO<\/td><td>EST-MONO<\/td><td>EST-MONO 2<\/td><td>MORETAN<\/td><td>LYCEE MORETAN<\/td><\/tr><tr><td>EST-MONO<\/td><td>EST-MONO<\/td><td>EST-MONO 3<\/td><td>NYAMASSILA<\/td><td>LYCEE NYAMASSILA 1<\/td><\/tr><tr><td>MOYEN-MONO<\/td><td>MOYEN-MONO<\/td><td>MOYEN-MONO 1<\/td><td>KOUTSIN<\/td><td>LYCEE TOHOUN<\/td><\/tr><tr><td>MOYEN-MONO<\/td><td>MOYEN-MONO<\/td><td>MOYEN-MONO 2<\/td><td>SALIGBE<\/td><td>EPE SALIGBE<\/td><\/tr><tr><td>AGOU<\/td><td>AGOU<\/td><td>AGOU 1<\/td><td>AGOU GADZEFE<\/td><td>EPP AGOU GADZEFE<\/td><\/tr><tr><td>AGOU<\/td><td>AGOU<\/td><td>AGOU 2<\/td><td>AMOUSSOUKOPE<\/td><td>EPP AMOUSSOUKOPE<\/td><\/tr><tr><td>KLOTO<\/td><td>KLOTO<\/td><td>KLOTO 1<\/td><td>DOME<\/td><td>EPP CENTRALE<\/td><\/tr><tr><td>KLOTO<\/td><td>KLOTO<\/td><td>KLOTO 2<\/td><td>LAVIE-APEDOME<\/td><td>LYCEE LAVIE<\/td><\/tr><tr><td>KLOTO<\/td><td>KLOTO<\/td><td>KLOTO 3<\/td><td>KUSUNTU<\/td><td>EPC KUSUNTU<\/td><\/tr><tr><td>KPELE<\/td><td>KPELE<\/td><td>KPELE 1<\/td><td>ADETA-KPOTAME<\/td><td>EPP KPOTAME<\/td><\/tr><tr><td>KPELE<\/td><td>KPELE<\/td><td>KPELE 2<\/td><td>KPELE-AGAVE<\/td><td>EPP AGAVE<\/td><\/tr><tr><td>DANYI<\/td><td>DANYI<\/td><td>DANYI 1<\/td><td>TODOME<\/td><td>EPC TODOME<\/td><\/tr><tr><td>DANYI<\/td><td>DANYI<\/td><td>DANYI 2<\/td><td>SASSANOU<\/td><td>EPC SASSANOU<\/td><\/tr><tr><td>WAWA<\/td><td>WAWA<\/td><td>WAWA 1<\/td><td>ALOUNA<\/td><td>EPC BADOU<\/td><\/tr><tr><td>WAWA<\/td><td>WAWA<\/td><td>WAWA 2<\/td><td>GBADI-N1KOUGNA<\/td><td>EPP GBADI NIKOUGNA G\/A<\/td><\/tr><tr><td>WAWA<\/td><td>WAWA<\/td><td>WAWA 3<\/td><td>DOUME<\/td><td>LYCEE DOUME<\/td><\/tr><tr><td>AKEBOU<\/td><td>AKEBOU<\/td><td>AKEBOU 1<\/td><td>KOUGNOHOU<\/td><td>EPC KOUGNOHOU<\/td><\/tr><tr><td>AKEBOU<\/td><td>AKEBOU<\/td><td>AKEBOU 2<\/td><td>KAMINA<\/td><td>EPC KAMINA<\/td><\/tr><tr><td>LACS<\/td><td>LACS 1-3<\/td><td>LACS 1<\/td><td>ZOWLAGAN<\/td><td>EPP ZOWLAGAN<\/td><\/tr><tr><td>LACS<\/td><td>LACS 1-3<\/td><td>LACS 3<\/td><td>GBODJOME<\/td><td>LYCEE DE GBODJOME<\/td><\/tr><tr><td>LACS<\/td><td>LACS 2-4<\/td><td>LACS 2<\/td><td>ABLOGAME<\/td><td>EPP SEKO&nbsp;&nbsp;&nbsp;&nbsp;&nbsp;&nbsp;&nbsp;&nbsp;&nbsp;&nbsp;&nbsp;&nbsp;&nbsp;&nbsp;&nbsp;&nbsp;&nbsp;&nbsp;&nbsp;&nbsp;&nbsp;&nbsp;&nbsp;&nbsp;&nbsp;&nbsp;&nbsp;&nbsp;&nbsp;&nbsp;&nbsp;&nbsp; &#8212;<\/td><\/tr><tr><td>LACS<\/td><td>LACS 2-4<\/td><td>LACS 4<\/td><td>GABIAN CONDJI<\/td><td>CEG ANFOIN&nbsp;&nbsp;&nbsp;&nbsp;&nbsp;&nbsp;&nbsp;&nbsp;&nbsp;&nbsp;&nbsp;&nbsp;&nbsp;&nbsp;&nbsp;&nbsp;&nbsp;&nbsp;&nbsp;&nbsp;&nbsp;&nbsp;&nbsp; ,,,,..+1,<\/td><\/tr><tr><td>BAS-MONO<\/td><td>BAS-MONO<\/td><td>BAS-MONO 1<\/td><td>AFAGNAN-GBLETA<\/td><td>EPP AFAGNAN-GBLETTA<\/td><\/tr><\/tbody><\/table><\/figure>\n\n\n\n<figure class=\"wp-block-table\"><table class=\"has-fixed-layout\"><tbody><tr><td><strong>PREFECTURE<\/strong><\/td><td><strong>CELL<\/strong><\/td><td><strong>COMMUNE<\/strong><\/td><td><strong>LOCALITE<\/strong><\/td><td><strong>CRV<\/strong><\/td><\/tr><tr><td>BAS-MONO<\/td><td>BAS-MONO<\/td><td>BAS-MONO 2<\/td><td>APOUVI-KOPE<\/td><td>CEG APOUVI-KOPE<\/td><\/tr><tr><td>VO<\/td><td>VO 1-3<\/td><td>VO 1<\/td><td>VOGAN<\/td><td>COLLEGE CATHOLIQUE MINYANOU<\/td><\/tr><tr><td>VO<\/td><td>VO 1-3<\/td><td>VO 3<\/td><td>AGNIHENOU<\/td><td>EPP AGNIHENOU<\/td><\/tr><tr><td>VO<\/td><td>VO 2-4<\/td><td>VO 2<\/td><td>KETA-AKODA<\/td><td>LYCEE KETA AKODA<\/td><\/tr><tr><td>VO<\/td><td>VO 2-4<\/td><td>VO 4<\/td><td>HAHOTOE<\/td><td>LYCEE HAHOTOE<\/td><\/tr><tr><td>ZIO<\/td><td>ZIO 1-2<\/td><td>210 1<\/td><td>BEGBE<\/td><td>MAIRIE<\/td><\/tr><tr><td>210<\/td><td>ZIO 1-2<\/td><td>ZIO 1<\/td><td>DAVIEMODJI<\/td><td>EPP DAVIEMODJI<\/td><\/tr><tr><td>ZIO<\/td><td>ZIO 1-2<\/td><td>210 2<\/td><td>KOVIE<\/td><td>EPC KOVIE G\/A<\/td><\/tr><tr><td>ZIO<\/td><td>ZIO 3-4<\/td><td>ZIO 3<\/td><td>AGBELOUVE<\/td><td>EPC AGBELOUVE<\/td><\/tr><tr><td>ZIO<\/td><td>ZIO 3-4<\/td><td>ZIO 4<\/td><td>GAPE CENTRE<\/td><td>CEG GAPE CENTRE A<\/td><\/tr><tr><td>YOTO<\/td><td>YOTO<\/td><td>YOTO 1<\/td><td>TABLIGBO<\/td><td>EPP N\u00b011AGBOKOME<\/td><\/tr><tr><td>YOTO<\/td><td>YOTO<\/td><td>YOTO 1<\/td><td>TABLIGBO<\/td><td>LYCEE DE TABLIGBO 1<\/td><\/tr><tr><td>YOTO<\/td><td>YOTO<\/td><td>YOTO 2<\/td><td>AHEPE<\/td><td>LYCEE AHEPE<\/td><\/tr><tr><td>YOTO<\/td><td>YOTO<\/td><td>YOTO 3<\/td><td>ASSIGAME<\/td><td>EPP GBOTO ASSIGAME<\/td><\/tr><tr><td>AVE<\/td><td>AVE<\/td><td>AVE 1<\/td><td>QUARTIER LATIN<\/td><td>CEG KEVE<\/td><\/tr><tr><td>AVE<\/td><td>AVE<\/td><td>AVE 2<\/td><td>AKEPE<\/td><td>EPP AKEPE<\/td><\/tr><tr><td>AGOE-NYIVE<\/td><td>AGOE-NYIVE 1<\/td><td>AGOE-NYIVE 1<\/td><td>AGOE-NYIVE<\/td><td>EPP CACAVELI 1<\/td><\/tr><tr><td>AGOE-NYIVE<\/td><td>AGOE-NYIVE 1<\/td><td>AGOE-NYIVE 1<\/td><td>DEMAKPOE<\/td><td>COMPLEXE SCOLAIRE JEAN\u00adJACQUES ROUSSEAU<\/td><\/tr><tr><td>AGOE-NYIVE<\/td><td>AGOE-NYIVE 1<\/td><td>AGOE-NYIVE 1<\/td><td>KITIDJAN<\/td><td>EPP KITIDJAN<\/td><\/tr><tr><td>AGOE-NYIVE<\/td><td>AGOE-NYIVE 4-6<\/td><td>AGOE-NYIVE 4<\/td><td>TOGBLEKOPE<\/td><td>LYCEE DE TOGBLEKOPE<\/td><\/tr><tr><td>AGOE-NYIVE<\/td><td>AGOE-NYIVE 4-6<\/td><td>AGOE-NYIVE 6<\/td><td>ADETIKOPE<\/td><td>EPP ADETIKOPE<\/td><\/tr><tr><td>AGOE-NYIVE<\/td><td>AGOE-NYIVE 2-3-5<\/td><td>AGOE-NYIVE 2<\/td><td>DALIKO<\/td><td>CEG LA SEMENCE<\/td><\/tr><tr><td>AGOE-NYIVE<\/td><td>AGOE-NYIVE 2-3-5<\/td><td>AGOE-NYIVE 3<\/td><td>VAKPOSSITO<\/td><td>EPP VAKPOSSITO<\/td><\/tr><tr><td>AGOE-NYIVE<\/td><td>AGOE-NYIVE 2-3-5<\/td><td>AGOE-NYIVE 5<\/td><td>TROKPOSSIME<\/td><td>EPP CAMP GP<\/td><\/tr><tr><td>GOLFE<\/td><td>GOLFE 1 (Be-Est)<\/td><td>GOLFE 1 (BE EST)<\/td><td>BE-KPOTA-TOKOIN\u00adN&rsquo;TIFAFA KOME NORD<\/td><td>INSTITUT TECHNIQUE ST JOSEPH<\/td><\/tr><tr><td>GOLFE<\/td><td>GOLFE 2 (Be-Centre)<\/td><td>GOLFE 2 (BE CENTRE)<\/td><td>ATIEGOU<\/td><td>CEG ATTIEGOU<\/td><\/tr><tr><td>GOLFE<\/td><td>GOLFE 3 (136-Ouest)<\/td><td>r GOLFE 3 (BE OUEST)<\/td><td>AHANOUKOPE-EST Camp ( Gendarmerie)<\/td><td>EPP GENDARMERIE<\/td><\/tr><tr><td>GOLFE<\/td><td>GOLFE 3 (Be-Ouest)<\/td><td>GOLFE 3 (BE OUEST)<\/td><td>TOKOIN ELAVAGNON Lycee (Camp General EYADEMA, CICA TOYOTA, SOTED)<\/td><td>EPP CAMP G.G.E<\/td><\/tr><tr><td>GOLFE<\/td><td>GOLFE 4 (Amoutive)<\/td><td>GOLFE 4<\/td><td>GBADAGO<\/td><td>EPC TOKOIN RAILS<\/td><\/tr><tr><td>GOLFE<\/td><td>GOLFE 5 (Aflao-Gakli)<\/td><td>GOLFE 5<\/td><td>AMADAHOME<\/td><td>LYCEE TECHNIQUE ADIDOGOME<\/td><\/tr><tr><td>GOLFE<\/td><td>GOLFE 6 (Baguida)<\/td><td>GOLFE 6<\/td><td>AVEPOZO<\/td><td>EPP AVEPOZO<\/td><\/tr><tr><td>GOLFE<\/td><td>GOLFE 7 (Aflao\u00adSagbado)<\/td><td>GOLFE 7<\/td><td>WONYOME<\/td><td>LYCEE MODERNE ADIDOGOME 1<\/td><\/tr><\/tbody><\/table><\/figure>\n\n\n\n<div class=\"wp-block-file\"><a href=\"https:\/\/lavoixdelanation.tg\/wp-content\/uploads\/2025\/07\/Decision-N\u00b0-079-portant-publication-des-centres-et-BV-du-vote-par-anticipation-2025.docx\" class=\"wp-block-file__button wp-element-button\" download>T\u00e9l\u00e9charger<\/a><\/div>\n","protected":false},"excerpt":{"rendered":"<p>La Commission Electorale Nationale Ind\u00e9pendante (CENI) a publi\u00e9 ce 10 juillet 2025, la liste des Centres et Bureaux de vote (BV) retenus pour le vote par anticipation du 14 juillet&hellip; <\/p>\n","protected":false},"author":1,"featured_media":3360,"comment_status":"open","ping_status":"open","sticky":false,"template":"","format":"standard","meta":{"footnotes":""},"categories":[1],"tags":[],"class_list":["post-3358","post","type-post","status-publish","format-standard","has-post-thumbnail","hentry","category-top-actualites"],"yoast_head":"<!-- This site is optimized with the Yoast SEO plugin v26.4 - https:\/\/yoast.com\/wordpress\/plugins\/seo\/ -->\n<title>Municipales 2025\u00a0: Voici les BV retenus pour le vote par anticipation - La Voix de la Nation<\/title>\n<meta name=\"description\" content=\"La Commission Electorale Nationale Ind\u00e9pendante (CENI) a publi\u00e9 ce 10 juillet 2025, la liste des Centres et Bureaux de vote (BV) retenus pour le vote par anticipation du 14 juillet prochain.\" \/>\n<meta name=\"robots\" content=\"index, follow, max-snippet:-1, max-image-preview:large, max-video-preview:-1\" \/>\n<link rel=\"canonical\" href=\"https:\/\/lavoixdelanation.tg\/index.php\/2025\/07\/11\/municipales-2025-voici-les-bv-retenus-pour-le-vote-par-anticipation\/\" \/>\n<meta property=\"og:locale\" content=\"fr_FR\" \/>\n<meta property=\"og:type\" content=\"article\" \/>\n<meta property=\"og:title\" content=\"Municipales 2025\u00a0: Voici les BV retenus pour le vote par anticipation - La Voix de la Nation\" \/>\n<meta property=\"og:description\" content=\"La Commission Electorale Nationale Ind\u00e9pendante (CENI) a publi\u00e9 ce 10 juillet 2025, la liste des Centres et Bureaux de vote (BV) retenus pour le vote par anticipation du 14 juillet prochain.\" \/>\n<meta property=\"og:url\" content=\"https:\/\/lavoixdelanation.tg\/index.php\/2025\/07\/11\/municipales-2025-voici-les-bv-retenus-pour-le-vote-par-anticipation\/\" \/>\n<meta property=\"og:site_name\" content=\"La Voix de la Nation\" \/>\n<meta property=\"article:publisher\" content=\"https:\/\/www.facebook.com\/lavoixdelanation\" \/>\n<meta property=\"article:published_time\" content=\"2025-07-11T10:39:38+00:00\" \/>\n<meta property=\"article:modified_time\" content=\"2025-07-11T10:39:39+00:00\" \/>\n<meta property=\"og:image\" content=\"https:\/\/lavoixdelanation.tg\/wp-content\/uploads\/2025\/07\/Voici-les-BV-retenus-pour-le-vote-par-anticipation-pour-les-municipales-de-2025-au-Togo.jpg\" \/>\n\t<meta property=\"og:image:width\" content=\"650\" \/>\n\t<meta property=\"og:image:height\" content=\"425\" \/>\n\t<meta property=\"og:image:type\" content=\"image\/jpeg\" \/>\n<meta name=\"author\" content=\"La voix de la nation\" \/>\n<meta name=\"twitter:card\" content=\"summary_large_image\" \/>\n<meta name=\"twitter:label1\" content=\"\u00c9crit par\" \/>\n\t<meta name=\"twitter:data1\" content=\"La voix de la nation\" \/>\n\t<meta name=\"twitter:label2\" content=\"Dur\u00e9e de lecture estim\u00e9e\" \/>\n\t<meta name=\"twitter:data2\" content=\"7 minutes\" \/>\n<script type=\"application\/ld+json\" class=\"yoast-schema-graph\">{\"@context\":\"https:\/\/schema.org\",\"@graph\":[{\"@type\":\"Article\",\"@id\":\"https:\/\/lavoixdelanation.tg\/index.php\/2025\/07\/11\/municipales-2025-voici-les-bv-retenus-pour-le-vote-par-anticipation\/#article\",\"isPartOf\":{\"@id\":\"https:\/\/lavoixdelanation.tg\/index.php\/2025\/07\/11\/municipales-2025-voici-les-bv-retenus-pour-le-vote-par-anticipation\/\"},\"author\":{\"name\":\"La voix de la nation\",\"@id\":\"https:\/\/lavoixdelanation.tg\/#\/schema\/person\/6c489293aa38053673a9e554acb6e224\"},\"headline\":\"Municipales 2025\u00a0: Voici les BV retenus pour le vote par anticipation\",\"datePublished\":\"2025-07-11T10:39:38+00:00\",\"dateModified\":\"2025-07-11T10:39:39+00:00\",\"mainEntityOfPage\":{\"@id\":\"https:\/\/lavoixdelanation.tg\/index.php\/2025\/07\/11\/municipales-2025-voici-les-bv-retenus-pour-le-vote-par-anticipation\/\"},\"wordCount\":1160,\"commentCount\":0,\"publisher\":{\"@id\":\"https:\/\/lavoixdelanation.tg\/#organization\"},\"image\":{\"@id\":\"https:\/\/lavoixdelanation.tg\/index.php\/2025\/07\/11\/municipales-2025-voici-les-bv-retenus-pour-le-vote-par-anticipation\/#primaryimage\"},\"thumbnailUrl\":\"https:\/\/lavoixdelanation.tg\/wp-content\/uploads\/2025\/07\/Voici-les-BV-retenus-pour-le-vote-par-anticipation-pour-les-municipales-de-2025-au-Togo.jpg\",\"articleSection\":[\"Top actualit\u00e9s\"],\"inLanguage\":\"fr-FR\",\"potentialAction\":[{\"@type\":\"CommentAction\",\"name\":\"Comment\",\"target\":[\"https:\/\/lavoixdelanation.tg\/index.php\/2025\/07\/11\/municipales-2025-voici-les-bv-retenus-pour-le-vote-par-anticipation\/#respond\"]}]},{\"@type\":\"WebPage\",\"@id\":\"https:\/\/lavoixdelanation.tg\/index.php\/2025\/07\/11\/municipales-2025-voici-les-bv-retenus-pour-le-vote-par-anticipation\/\",\"url\":\"https:\/\/lavoixdelanation.tg\/index.php\/2025\/07\/11\/municipales-2025-voici-les-bv-retenus-pour-le-vote-par-anticipation\/\",\"name\":\"Municipales 2025\u00a0: Voici les BV retenus pour le vote par anticipation - La Voix de la Nation\",\"isPartOf\":{\"@id\":\"https:\/\/lavoixdelanation.tg\/#website\"},\"primaryImageOfPage\":{\"@id\":\"https:\/\/lavoixdelanation.tg\/index.php\/2025\/07\/11\/municipales-2025-voici-les-bv-retenus-pour-le-vote-par-anticipation\/#primaryimage\"},\"image\":{\"@id\":\"https:\/\/lavoixdelanation.tg\/index.php\/2025\/07\/11\/municipales-2025-voici-les-bv-retenus-pour-le-vote-par-anticipation\/#primaryimage\"},\"thumbnailUrl\":\"https:\/\/lavoixdelanation.tg\/wp-content\/uploads\/2025\/07\/Voici-les-BV-retenus-pour-le-vote-par-anticipation-pour-les-municipales-de-2025-au-Togo.jpg\",\"datePublished\":\"2025-07-11T10:39:38+00:00\",\"dateModified\":\"2025-07-11T10:39:39+00:00\",\"description\":\"La Commission Electorale Nationale Ind\u00e9pendante (CENI) a publi\u00e9 ce 10 juillet 2025, la liste des Centres et Bureaux de vote (BV) retenus pour le vote par anticipation du 14 juillet prochain.\",\"breadcrumb\":{\"@id\":\"https:\/\/lavoixdelanation.tg\/index.php\/2025\/07\/11\/municipales-2025-voici-les-bv-retenus-pour-le-vote-par-anticipation\/#breadcrumb\"},\"inLanguage\":\"fr-FR\",\"potentialAction\":[{\"@type\":\"ReadAction\",\"target\":[\"https:\/\/lavoixdelanation.tg\/index.php\/2025\/07\/11\/municipales-2025-voici-les-bv-retenus-pour-le-vote-par-anticipation\/\"]}]},{\"@type\":\"ImageObject\",\"inLanguage\":\"fr-FR\",\"@id\":\"https:\/\/lavoixdelanation.tg\/index.php\/2025\/07\/11\/municipales-2025-voici-les-bv-retenus-pour-le-vote-par-anticipation\/#primaryimage\",\"url\":\"https:\/\/lavoixdelanation.tg\/wp-content\/uploads\/2025\/07\/Voici-les-BV-retenus-pour-le-vote-par-anticipation-pour-les-municipales-de-2025-au-Togo.jpg\",\"contentUrl\":\"https:\/\/lavoixdelanation.tg\/wp-content\/uploads\/2025\/07\/Voici-les-BV-retenus-pour-le-vote-par-anticipation-pour-les-municipales-de-2025-au-Togo.jpg\",\"width\":650,\"height\":425},{\"@type\":\"BreadcrumbList\",\"@id\":\"https:\/\/lavoixdelanation.tg\/index.php\/2025\/07\/11\/municipales-2025-voici-les-bv-retenus-pour-le-vote-par-anticipation\/#breadcrumb\",\"itemListElement\":[{\"@type\":\"ListItem\",\"position\":1,\"name\":\"Accueil\",\"item\":\"https:\/\/lavoixdelanation.tg\/\"},{\"@type\":\"ListItem\",\"position\":2,\"name\":\"Municipales 2025\u00a0: Voici les BV retenus pour le vote par anticipation\"}]},{\"@type\":\"WebSite\",\"@id\":\"https:\/\/lavoixdelanation.tg\/#website\",\"url\":\"https:\/\/lavoixdelanation.tg\/\",\"name\":\"La Voix de la Nation\",\"description\":\"R\u00e9c\u00e9piss\u00e9 n\u00b00108\/HAAC\/01-2024\/pl\/P\",\"publisher\":{\"@id\":\"https:\/\/lavoixdelanation.tg\/#organization\"},\"alternateName\":\"VON\",\"potentialAction\":[{\"@type\":\"SearchAction\",\"target\":{\"@type\":\"EntryPoint\",\"urlTemplate\":\"https:\/\/lavoixdelanation.tg\/?s={search_term_string}\"},\"query-input\":{\"@type\":\"PropertyValueSpecification\",\"valueRequired\":true,\"valueName\":\"search_term_string\"}}],\"inLanguage\":\"fr-FR\"},{\"@type\":\"Organization\",\"@id\":\"https:\/\/lavoixdelanation.tg\/#organization\",\"name\":\"La Voix de la Nation\",\"url\":\"https:\/\/lavoixdelanation.tg\/\",\"logo\":{\"@type\":\"ImageObject\",\"inLanguage\":\"fr-FR\",\"@id\":\"https:\/\/lavoixdelanation.tg\/#\/schema\/logo\/image\/\",\"url\":\"https:\/\/lavoixdelanation.tg\/wp-content\/uploads\/2024\/12\/lavn-1.png\",\"contentUrl\":\"https:\/\/lavoixdelanation.tg\/wp-content\/uploads\/2024\/12\/lavn-1.png\",\"width\":1024,\"height\":464,\"caption\":\"La Voix de la Nation\"},\"image\":{\"@id\":\"https:\/\/lavoixdelanation.tg\/#\/schema\/logo\/image\/\"},\"sameAs\":[\"https:\/\/www.facebook.com\/lavoixdelanation\"]},{\"@type\":\"Person\",\"@id\":\"https:\/\/lavoixdelanation.tg\/#\/schema\/person\/6c489293aa38053673a9e554acb6e224\",\"name\":\"La voix de la nation\",\"image\":{\"@type\":\"ImageObject\",\"inLanguage\":\"fr-FR\",\"@id\":\"https:\/\/lavoixdelanation.tg\/#\/schema\/person\/image\/\",\"url\":\"https:\/\/secure.gravatar.com\/avatar\/8aa135d4bbc794494cecaa8d483f6d6cc1023624868deaff686baed5e727a5a1?s=96&d=mm&r=g\",\"contentUrl\":\"https:\/\/secure.gravatar.com\/avatar\/8aa135d4bbc794494cecaa8d483f6d6cc1023624868deaff686baed5e727a5a1?s=96&d=mm&r=g\",\"caption\":\"La voix de la nation\"},\"sameAs\":[\"https:\/\/lavoixdelanation.tg\"],\"url\":\"https:\/\/lavoixdelanation.tg\/index.php\/author\/lavn\/\"}]}<\/script>\n<!-- \/ Yoast SEO plugin. -->","yoast_head_json":{"title":"Municipales 2025\u00a0: Voici les BV retenus pour le vote par anticipation - La Voix de la Nation","description":"La Commission Electorale Nationale Ind\u00e9pendante (CENI) a publi\u00e9 ce 10 juillet 2025, la liste des Centres et Bureaux de vote (BV) retenus pour le vote par anticipation du 14 juillet prochain.","robots":{"index":"index","follow":"follow","max-snippet":"max-snippet:-1","max-image-preview":"max-image-preview:large","max-video-preview":"max-video-preview:-1"},"canonical":"https:\/\/lavoixdelanation.tg\/index.php\/2025\/07\/11\/municipales-2025-voici-les-bv-retenus-pour-le-vote-par-anticipation\/","og_locale":"fr_FR","og_type":"article","og_title":"Municipales 2025\u00a0: Voici les BV retenus pour le vote par anticipation - La Voix de la Nation","og_description":"La Commission Electorale Nationale Ind\u00e9pendante (CENI) a publi\u00e9 ce 10 juillet 2025, la liste des Centres et Bureaux de vote (BV) retenus pour le vote par anticipation du 14 juillet prochain.","og_url":"https:\/\/lavoixdelanation.tg\/index.php\/2025\/07\/11\/municipales-2025-voici-les-bv-retenus-pour-le-vote-par-anticipation\/","og_site_name":"La Voix de la Nation","article_publisher":"https:\/\/www.facebook.com\/lavoixdelanation","article_published_time":"2025-07-11T10:39:38+00:00","article_modified_time":"2025-07-11T10:39:39+00:00","og_image":[{"width":650,"height":425,"url":"https:\/\/lavoixdelanation.tg\/wp-content\/uploads\/2025\/07\/Voici-les-BV-retenus-pour-le-vote-par-anticipation-pour-les-municipales-de-2025-au-Togo.jpg","type":"image\/jpeg"}],"author":"La voix de la nation","twitter_card":"summary_large_image","twitter_misc":{"\u00c9crit par":"La voix de la nation","Dur\u00e9e de lecture estim\u00e9e":"7 minutes"},"schema":{"@context":"https:\/\/schema.org","@graph":[{"@type":"Article","@id":"https:\/\/lavoixdelanation.tg\/index.php\/2025\/07\/11\/municipales-2025-voici-les-bv-retenus-pour-le-vote-par-anticipation\/#article","isPartOf":{"@id":"https:\/\/lavoixdelanation.tg\/index.php\/2025\/07\/11\/municipales-2025-voici-les-bv-retenus-pour-le-vote-par-anticipation\/"},"author":{"name":"La voix de la nation","@id":"https:\/\/lavoixdelanation.tg\/#\/schema\/person\/6c489293aa38053673a9e554acb6e224"},"headline":"Municipales 2025\u00a0: Voici les BV retenus pour le vote par anticipation","datePublished":"2025-07-11T10:39:38+00:00","dateModified":"2025-07-11T10:39:39+00:00","mainEntityOfPage":{"@id":"https:\/\/lavoixdelanation.tg\/index.php\/2025\/07\/11\/municipales-2025-voici-les-bv-retenus-pour-le-vote-par-anticipation\/"},"wordCount":1160,"commentCount":0,"publisher":{"@id":"https:\/\/lavoixdelanation.tg\/#organization"},"image":{"@id":"https:\/\/lavoixdelanation.tg\/index.php\/2025\/07\/11\/municipales-2025-voici-les-bv-retenus-pour-le-vote-par-anticipation\/#primaryimage"},"thumbnailUrl":"https:\/\/lavoixdelanation.tg\/wp-content\/uploads\/2025\/07\/Voici-les-BV-retenus-pour-le-vote-par-anticipation-pour-les-municipales-de-2025-au-Togo.jpg","articleSection":["Top actualit\u00e9s"],"inLanguage":"fr-FR","potentialAction":[{"@type":"CommentAction","name":"Comment","target":["https:\/\/lavoixdelanation.tg\/index.php\/2025\/07\/11\/municipales-2025-voici-les-bv-retenus-pour-le-vote-par-anticipation\/#respond"]}]},{"@type":"WebPage","@id":"https:\/\/lavoixdelanation.tg\/index.php\/2025\/07\/11\/municipales-2025-voici-les-bv-retenus-pour-le-vote-par-anticipation\/","url":"https:\/\/lavoixdelanation.tg\/index.php\/2025\/07\/11\/municipales-2025-voici-les-bv-retenus-pour-le-vote-par-anticipation\/","name":"Municipales 2025\u00a0: Voici les BV retenus pour le vote par anticipation - La Voix de la Nation","isPartOf":{"@id":"https:\/\/lavoixdelanation.tg\/#website"},"primaryImageOfPage":{"@id":"https:\/\/lavoixdelanation.tg\/index.php\/2025\/07\/11\/municipales-2025-voici-les-bv-retenus-pour-le-vote-par-anticipation\/#primaryimage"},"image":{"@id":"https:\/\/lavoixdelanation.tg\/index.php\/2025\/07\/11\/municipales-2025-voici-les-bv-retenus-pour-le-vote-par-anticipation\/#primaryimage"},"thumbnailUrl":"https:\/\/lavoixdelanation.tg\/wp-content\/uploads\/2025\/07\/Voici-les-BV-retenus-pour-le-vote-par-anticipation-pour-les-municipales-de-2025-au-Togo.jpg","datePublished":"2025-07-11T10:39:38+00:00","dateModified":"2025-07-11T10:39:39+00:00","description":"La Commission Electorale Nationale Ind\u00e9pendante (CENI) a publi\u00e9 ce 10 juillet 2025, la liste des Centres et Bureaux de vote (BV) retenus pour le vote par anticipation du 14 juillet prochain.","breadcrumb":{"@id":"https:\/\/lavoixdelanation.tg\/index.php\/2025\/07\/11\/municipales-2025-voici-les-bv-retenus-pour-le-vote-par-anticipation\/#breadcrumb"},"inLanguage":"fr-FR","potentialAction":[{"@type":"ReadAction","target":["https:\/\/lavoixdelanation.tg\/index.php\/2025\/07\/11\/municipales-2025-voici-les-bv-retenus-pour-le-vote-par-anticipation\/"]}]},{"@type":"ImageObject","inLanguage":"fr-FR","@id":"https:\/\/lavoixdelanation.tg\/index.php\/2025\/07\/11\/municipales-2025-voici-les-bv-retenus-pour-le-vote-par-anticipation\/#primaryimage","url":"https:\/\/lavoixdelanation.tg\/wp-content\/uploads\/2025\/07\/Voici-les-BV-retenus-pour-le-vote-par-anticipation-pour-les-municipales-de-2025-au-Togo.jpg","contentUrl":"https:\/\/lavoixdelanation.tg\/wp-content\/uploads\/2025\/07\/Voici-les-BV-retenus-pour-le-vote-par-anticipation-pour-les-municipales-de-2025-au-Togo.jpg","width":650,"height":425},{"@type":"BreadcrumbList","@id":"https:\/\/lavoixdelanation.tg\/index.php\/2025\/07\/11\/municipales-2025-voici-les-bv-retenus-pour-le-vote-par-anticipation\/#breadcrumb","itemListElement":[{"@type":"ListItem","position":1,"name":"Accueil","item":"https:\/\/lavoixdelanation.tg\/"},{"@type":"ListItem","position":2,"name":"Municipales 2025\u00a0: Voici les BV retenus pour le vote par anticipation"}]},{"@type":"WebSite","@id":"https:\/\/lavoixdelanation.tg\/#website","url":"https:\/\/lavoixdelanation.tg\/","name":"La Voix de la Nation","description":"R\u00e9c\u00e9piss\u00e9 n\u00b00108\/HAAC\/01-2024\/pl\/P","publisher":{"@id":"https:\/\/lavoixdelanation.tg\/#organization"},"alternateName":"VON","potentialAction":[{"@type":"SearchAction","target":{"@type":"EntryPoint","urlTemplate":"https:\/\/lavoixdelanation.tg\/?s={search_term_string}"},"query-input":{"@type":"PropertyValueSpecification","valueRequired":true,"valueName":"search_term_string"}}],"inLanguage":"fr-FR"},{"@type":"Organization","@id":"https:\/\/lavoixdelanation.tg\/#organization","name":"La Voix de la Nation","url":"https:\/\/lavoixdelanation.tg\/","logo":{"@type":"ImageObject","inLanguage":"fr-FR","@id":"https:\/\/lavoixdelanation.tg\/#\/schema\/logo\/image\/","url":"https:\/\/lavoixdelanation.tg\/wp-content\/uploads\/2024\/12\/lavn-1.png","contentUrl":"https:\/\/lavoixdelanation.tg\/wp-content\/uploads\/2024\/12\/lavn-1.png","width":1024,"height":464,"caption":"La Voix de la Nation"},"image":{"@id":"https:\/\/lavoixdelanation.tg\/#\/schema\/logo\/image\/"},"sameAs":["https:\/\/www.facebook.com\/lavoixdelanation"]},{"@type":"Person","@id":"https:\/\/lavoixdelanation.tg\/#\/schema\/person\/6c489293aa38053673a9e554acb6e224","name":"La voix de la nation","image":{"@type":"ImageObject","inLanguage":"fr-FR","@id":"https:\/\/lavoixdelanation.tg\/#\/schema\/person\/image\/","url":"https:\/\/secure.gravatar.com\/avatar\/8aa135d4bbc794494cecaa8d483f6d6cc1023624868deaff686baed5e727a5a1?s=96&d=mm&r=g","contentUrl":"https:\/\/secure.gravatar.com\/avatar\/8aa135d4bbc794494cecaa8d483f6d6cc1023624868deaff686baed5e727a5a1?s=96&d=mm&r=g","caption":"La voix de la nation"},"sameAs":["https:\/\/lavoixdelanation.tg"],"url":"https:\/\/lavoixdelanation.tg\/index.php\/author\/lavn\/"}]}},"_links":{"self":[{"href":"https:\/\/lavoixdelanation.tg\/index.php\/wp-json\/wp\/v2\/posts\/3358","targetHints":{"allow":["GET"]}}],"collection":[{"href":"https:\/\/lavoixdelanation.tg\/index.php\/wp-json\/wp\/v2\/posts"}],"about":[{"href":"https:\/\/lavoixdelanation.tg\/index.php\/wp-json\/wp\/v2\/types\/post"}],"author":[{"embeddable":true,"href":"https:\/\/lavoixdelanation.tg\/index.php\/wp-json\/wp\/v2\/users\/1"}],"replies":[{"embeddable":true,"href":"https:\/\/lavoixdelanation.tg\/index.php\/wp-json\/wp\/v2\/comments?post=3358"}],"version-history":[{"count":1,"href":"https:\/\/lavoixdelanation.tg\/index.php\/wp-json\/wp\/v2\/posts\/3358\/revisions"}],"predecessor-version":[{"id":3361,"href":"https:\/\/lavoixdelanation.tg\/index.php\/wp-json\/wp\/v2\/posts\/3358\/revisions\/3361"}],"wp:featuredmedia":[{"embeddable":true,"href":"https:\/\/lavoixdelanation.tg\/index.php\/wp-json\/wp\/v2\/media\/3360"}],"wp:attachment":[{"href":"https:\/\/lavoixdelanation.tg\/index.php\/wp-json\/wp\/v2\/media?parent=3358"}],"wp:term":[{"taxonomy":"category","embeddable":true,"href":"https:\/\/lavoixdelanation.tg\/index.php\/wp-json\/wp\/v2\/categories?post=3358"},{"taxonomy":"post_tag","embeddable":true,"href":"https:\/\/lavoixdelanation.tg\/index.php\/wp-json\/wp\/v2\/tags?post=3358"}],"curies":[{"name":"wp","href":"https:\/\/api.w.org\/{rel}","templated":true}]}}