{"id":3341,"date":"2025-07-08T17:33:13","date_gmt":"2025-07-08T15:33:13","guid":{"rendered":"https:\/\/lavoixdelanation.tg\/?p=3341"},"modified":"2025-07-08T17:33:13","modified_gmt":"2025-07-08T15:33:13","slug":"togo-les-acteurs-politiques-du-cpc-pas-pour-le-report-des-elections-municipales","status":"publish","type":"post","link":"https:\/\/lavoixdelanation.tg\/index.php\/2025\/07\/08\/togo-les-acteurs-politiques-du-cpc-pas-pour-le-report-des-elections-municipales\/","title":{"rendered":"Togo\u00a0: Les acteurs politiques du CPC pas pour le report des \u00e9lections municipales"},"content":{"rendered":"\n<p><strong>Les acteurs politiques r\u00e9unis au sein du Cadre permanent de concertation (CPC) ont tenu leur 22<sup>\u00e8me<\/sup>&nbsp;r\u00e9union ce lundi 07 juillet 2025 \u00e0 Lom\u00e9. Au rang des sujets abord\u00e9s, figure celui du processus \u00e9lectoral pour les municipales du 17 juillet prochain.<\/strong><\/p>\n\n\n\n<p>L\u2019essentiel \u00e0 retenir sur ce volet \u00e9lectoral est que les acteurs du CPC ne sont pas dans une dynamique de report des \u00e9lections, comme le souhaitent d\u2019autres acteurs de la sc\u00e8ne politique du pays.<\/p>\n\n\n\n<p>A propos du processus \u00e9lectoral dont la campagne pour la qu\u00eate de l\u2019\u00e9lectorat d\u00e9j\u00e0 ouverte depuis le mardi 1<sup>er<\/sup>&nbsp;juillet dernier, les voies sont unanimes pour la tenue effective des \u00e9lections \u00e0 la date pr\u00e9vue.<\/p>\n\n\n\n<p>\u00ab&nbsp;Pas question de reporter les \u00e9lections \u00bb, a en effet martel\u00e9 le Pr\u00e9sident du CPC, Me Mouhamed Tchassona Traor\u00e9, estimant que le terrain pour la tenue des \u00e9lections est \u00ab&nbsp;globalement favorable&nbsp;\u00bb, bien que \u00ab&nbsp;la mobilisation reste encore timide \u00bb.<\/p>\n\n\n\n<figure class=\"wp-block-image size-full\"><img loading=\"lazy\" decoding=\"async\" width=\"1016\" height=\"762\" src=\"https:\/\/lavoixdelanation.tg\/wp-content\/uploads\/2025\/07\/cpc.jpg\" alt=\"\" class=\"wp-image-3343\" srcset=\"https:\/\/lavoixdelanation.tg\/wp-content\/uploads\/2025\/07\/cpc.jpg 1016w, https:\/\/lavoixdelanation.tg\/wp-content\/uploads\/2025\/07\/cpc-300x225.jpg 300w, https:\/\/lavoixdelanation.tg\/wp-content\/uploads\/2025\/07\/cpc-768x576.jpg 768w\" sizes=\"auto, (max-width: 1016px) 100vw, 1016px\" \/><\/figure>\n\n\n\n<p>Le Pr\u00e9sident du CPC a par ailleurs relev\u00e9 que certains partis appellent au report des \u00e9lections, alors qu\u2019ils ont activement pris part aux discussions ayant conduit \u00e0 l\u2019adoption du calendrier \u00e9lectoral.<\/p>\n\n\n\n<p>Il a soulign\u00e9 que le processus \u00e9tant lanc\u00e9, les r\u00e8gles du jeu ne peuvent \u00eatre modifi\u00e9es en cours de route. Me Mouhamed Tchassona Traor\u00e9 estime d\u2019ailleurs que les partis ayant re\u00e7u un financement public pour leur campagne doivent restituer les fonds, s\u2019ils renoncent \u00e0 participer aux \u00e9lections.<\/p>\n\n\n\n<p>Toujours au chapitre du processus \u00e9lectoral, nombreuses voix se sont manifest\u00e9es pour lancer un appel solennel en faveur d\u2019une relecture de la loi portant charte des politiques au Togo devenue aujourd\u2019hui inadapt\u00e9e au nouveau contexte institutionnel togolais.<\/p>\n\n\n\n<p>Il a \u00e9t\u00e9 par ailleurs exprim\u00e9 dans les rangs des acteurs politiques membres du CPC, \u00e0 l\u2019endroit du gouvernement, de mettre \u00e0 disposition des formations politiques un appui qui puisse permettre d\u2019entreprendre une large campagne de sensibilisation de la population \u00e0 la culture de la paix et \u00e0 la non-violence. Ceci, dans le contexte actuel marqu\u00e9 par des tensions politiques avec les manifestations de juin dernier dont les informations officielles ont \u00e9t\u00e9 \u00e9galement partag\u00e9es avec les membres du CPC.<\/p>\n\n\n\n<p><strong>David S.<\/strong><\/p>\n","protected":false},"excerpt":{"rendered":"<p>Les acteurs politiques r\u00e9unis au sein du Cadre permanent de concertation (CPC) ont tenu leur 22\u00e8me&nbsp;r\u00e9union ce lundi 07 juillet 2025 \u00e0 Lom\u00e9. Au rang des sujets abord\u00e9s, figure celui&hellip; <\/p>\n","protected":false},"author":1,"featured_media":3342,"comment_status":"open","ping_status":"open","sticky":false,"template":"","format":"standard","meta":{"footnotes":""},"categories":[21],"tags":[796,678,555,39],"class_list":["post-3341","post","type-post","status-publish","format-standard","has-post-thumbnail","hentry","category-politique","tag-acteurs-politiques","tag-cadre-permanent-de-concertation","tag-elections-municipales-2","tag-togo"],"yoast_head":"<!-- This site is optimized with the Yoast SEO plugin v26.4 - https:\/\/yoast.com\/wordpress\/plugins\/seo\/ -->\n<title>Togo\u00a0: Les acteurs politiques du CPC pas pour le report des \u00e9lections municipales - La Voix de la Nation<\/title>\n<meta name=\"description\" content=\"Les acteurs politiques r\u00e9unis au sein du Cadre permanent de concertation (CPC) ont tenu leur 22\u00e8me\u00a0r\u00e9union ce lundi 07 juillet 2025 \u00e0 Lom\u00e9. Au rang des sujets abord\u00e9s, figure celui du processus \u00e9lectoral pour les municipales du 17 juillet prochain.\" \/>\n<meta name=\"robots\" content=\"index, follow, max-snippet:-1, max-image-preview:large, max-video-preview:-1\" \/>\n<link rel=\"canonical\" href=\"https:\/\/lavoixdelanation.tg\/index.php\/2025\/07\/08\/togo-les-acteurs-politiques-du-cpc-pas-pour-le-report-des-elections-municipales\/\" \/>\n<meta property=\"og:locale\" content=\"fr_FR\" \/>\n<meta property=\"og:type\" content=\"article\" \/>\n<meta property=\"og:title\" content=\"Togo\u00a0: Les acteurs politiques du CPC pas pour le report des \u00e9lections municipales - La Voix de la Nation\" \/>\n<meta property=\"og:description\" content=\"Les acteurs politiques r\u00e9unis au sein du Cadre permanent de concertation (CPC) ont tenu leur 22\u00e8me\u00a0r\u00e9union ce lundi 07 juillet 2025 \u00e0 Lom\u00e9. Au rang des sujets abord\u00e9s, figure celui du processus \u00e9lectoral pour les municipales du 17 juillet prochain.\" \/>\n<meta property=\"og:url\" content=\"https:\/\/lavoixdelanation.tg\/index.php\/2025\/07\/08\/togo-les-acteurs-politiques-du-cpc-pas-pour-le-report-des-elections-municipales\/\" \/>\n<meta property=\"og:site_name\" content=\"La Voix de la Nation\" \/>\n<meta property=\"article:publisher\" content=\"https:\/\/www.facebook.com\/lavoixdelanation\" \/>\n<meta property=\"article:published_time\" content=\"2025-07-08T15:33:13+00:00\" \/>\n<meta property=\"og:image\" content=\"https:\/\/lavoixdelanation.tg\/wp-content\/uploads\/2025\/07\/Me-Tchassona-Traore-Mouhamed-President-du-CPC.jpg\" \/>\n\t<meta property=\"og:image:width\" content=\"650\" \/>\n\t<meta property=\"og:image:height\" content=\"408\" \/>\n\t<meta property=\"og:image:type\" content=\"image\/jpeg\" \/>\n<meta name=\"author\" content=\"La voix de la nation\" \/>\n<meta name=\"twitter:card\" content=\"summary_large_image\" \/>\n<meta name=\"twitter:label1\" content=\"\u00c9crit par\" \/>\n\t<meta name=\"twitter:data1\" content=\"La voix de la nation\" \/>\n\t<meta name=\"twitter:label2\" content=\"Dur\u00e9e de lecture estim\u00e9e\" \/>\n\t<meta name=\"twitter:data2\" content=\"3 minutes\" \/>\n<script type=\"application\/ld+json\" class=\"yoast-schema-graph\">{\"@context\":\"https:\/\/schema.org\",\"@graph\":[{\"@type\":\"Article\",\"@id\":\"https:\/\/lavoixdelanation.tg\/index.php\/2025\/07\/08\/togo-les-acteurs-politiques-du-cpc-pas-pour-le-report-des-elections-municipales\/#article\",\"isPartOf\":{\"@id\":\"https:\/\/lavoixdelanation.tg\/index.php\/2025\/07\/08\/togo-les-acteurs-politiques-du-cpc-pas-pour-le-report-des-elections-municipales\/\"},\"author\":{\"name\":\"La voix de la nation\",\"@id\":\"https:\/\/lavoixdelanation.tg\/#\/schema\/person\/6c489293aa38053673a9e554acb6e224\"},\"headline\":\"Togo\u00a0: Les acteurs politiques du CPC pas pour le report des \u00e9lections municipales\",\"datePublished\":\"2025-07-08T15:33:13+00:00\",\"mainEntityOfPage\":{\"@id\":\"https:\/\/lavoixdelanation.tg\/index.php\/2025\/07\/08\/togo-les-acteurs-politiques-du-cpc-pas-pour-le-report-des-elections-municipales\/\"},\"wordCount\":376,\"commentCount\":0,\"publisher\":{\"@id\":\"https:\/\/lavoixdelanation.tg\/#organization\"},\"image\":{\"@id\":\"https:\/\/lavoixdelanation.tg\/index.php\/2025\/07\/08\/togo-les-acteurs-politiques-du-cpc-pas-pour-le-report-des-elections-municipales\/#primaryimage\"},\"thumbnailUrl\":\"https:\/\/lavoixdelanation.tg\/wp-content\/uploads\/2025\/07\/Me-Tchassona-Traore-Mouhamed-President-du-CPC.jpg\",\"keywords\":[\"acteurs politiques\",\"Cadre permanent de concertation\",\"\u00e9lections municipales\",\"Togo\"],\"articleSection\":[\"Politique\"],\"inLanguage\":\"fr-FR\",\"potentialAction\":[{\"@type\":\"CommentAction\",\"name\":\"Comment\",\"target\":[\"https:\/\/lavoixdelanation.tg\/index.php\/2025\/07\/08\/togo-les-acteurs-politiques-du-cpc-pas-pour-le-report-des-elections-municipales\/#respond\"]}]},{\"@type\":\"WebPage\",\"@id\":\"https:\/\/lavoixdelanation.tg\/index.php\/2025\/07\/08\/togo-les-acteurs-politiques-du-cpc-pas-pour-le-report-des-elections-municipales\/\",\"url\":\"https:\/\/lavoixdelanation.tg\/index.php\/2025\/07\/08\/togo-les-acteurs-politiques-du-cpc-pas-pour-le-report-des-elections-municipales\/\",\"name\":\"Togo\u00a0: Les acteurs politiques du CPC pas pour le report des \u00e9lections municipales - La Voix de la Nation\",\"isPartOf\":{\"@id\":\"https:\/\/lavoixdelanation.tg\/#website\"},\"primaryImageOfPage\":{\"@id\":\"https:\/\/lavoixdelanation.tg\/index.php\/2025\/07\/08\/togo-les-acteurs-politiques-du-cpc-pas-pour-le-report-des-elections-municipales\/#primaryimage\"},\"image\":{\"@id\":\"https:\/\/lavoixdelanation.tg\/index.php\/2025\/07\/08\/togo-les-acteurs-politiques-du-cpc-pas-pour-le-report-des-elections-municipales\/#primaryimage\"},\"thumbnailUrl\":\"https:\/\/lavoixdelanation.tg\/wp-content\/uploads\/2025\/07\/Me-Tchassona-Traore-Mouhamed-President-du-CPC.jpg\",\"datePublished\":\"2025-07-08T15:33:13+00:00\",\"description\":\"Les acteurs politiques r\u00e9unis au sein du Cadre permanent de concertation (CPC) ont tenu leur 22\u00e8me\u00a0r\u00e9union ce lundi 07 juillet 2025 \u00e0 Lom\u00e9. Au rang des sujets abord\u00e9s, figure celui du processus \u00e9lectoral pour les municipales du 17 juillet prochain.\",\"breadcrumb\":{\"@id\":\"https:\/\/lavoixdelanation.tg\/index.php\/2025\/07\/08\/togo-les-acteurs-politiques-du-cpc-pas-pour-le-report-des-elections-municipales\/#breadcrumb\"},\"inLanguage\":\"fr-FR\",\"potentialAction\":[{\"@type\":\"ReadAction\",\"target\":[\"https:\/\/lavoixdelanation.tg\/index.php\/2025\/07\/08\/togo-les-acteurs-politiques-du-cpc-pas-pour-le-report-des-elections-municipales\/\"]}]},{\"@type\":\"ImageObject\",\"inLanguage\":\"fr-FR\",\"@id\":\"https:\/\/lavoixdelanation.tg\/index.php\/2025\/07\/08\/togo-les-acteurs-politiques-du-cpc-pas-pour-le-report-des-elections-municipales\/#primaryimage\",\"url\":\"https:\/\/lavoixdelanation.tg\/wp-content\/uploads\/2025\/07\/Me-Tchassona-Traore-Mouhamed-President-du-CPC.jpg\",\"contentUrl\":\"https:\/\/lavoixdelanation.tg\/wp-content\/uploads\/2025\/07\/Me-Tchassona-Traore-Mouhamed-President-du-CPC.jpg\",\"width\":650,\"height\":408,\"caption\":\"Me Tchassona Traor\u00e9 Mouhamed, Pr\u00e9sident du CPC\"},{\"@type\":\"BreadcrumbList\",\"@id\":\"https:\/\/lavoixdelanation.tg\/index.php\/2025\/07\/08\/togo-les-acteurs-politiques-du-cpc-pas-pour-le-report-des-elections-municipales\/#breadcrumb\",\"itemListElement\":[{\"@type\":\"ListItem\",\"position\":1,\"name\":\"Accueil\",\"item\":\"https:\/\/lavoixdelanation.tg\/\"},{\"@type\":\"ListItem\",\"position\":2,\"name\":\"Togo\u00a0: Les acteurs politiques du CPC pas pour le report des \u00e9lections municipales\"}]},{\"@type\":\"WebSite\",\"@id\":\"https:\/\/lavoixdelanation.tg\/#website\",\"url\":\"https:\/\/lavoixdelanation.tg\/\",\"name\":\"La Voix de la Nation\",\"description\":\"R\u00e9c\u00e9piss\u00e9 n\u00b00108\/HAAC\/01-2024\/pl\/P\",\"publisher\":{\"@id\":\"https:\/\/lavoixdelanation.tg\/#organization\"},\"alternateName\":\"VON\",\"potentialAction\":[{\"@type\":\"SearchAction\",\"target\":{\"@type\":\"EntryPoint\",\"urlTemplate\":\"https:\/\/lavoixdelanation.tg\/?s={search_term_string}\"},\"query-input\":{\"@type\":\"PropertyValueSpecification\",\"valueRequired\":true,\"valueName\":\"search_term_string\"}}],\"inLanguage\":\"fr-FR\"},{\"@type\":\"Organization\",\"@id\":\"https:\/\/lavoixdelanation.tg\/#organization\",\"name\":\"La Voix de la Nation\",\"url\":\"https:\/\/lavoixdelanation.tg\/\",\"logo\":{\"@type\":\"ImageObject\",\"inLanguage\":\"fr-FR\",\"@id\":\"https:\/\/lavoixdelanation.tg\/#\/schema\/logo\/image\/\",\"url\":\"https:\/\/lavoixdelanation.tg\/wp-content\/uploads\/2024\/12\/lavn-1.png\",\"contentUrl\":\"https:\/\/lavoixdelanation.tg\/wp-content\/uploads\/2024\/12\/lavn-1.png\",\"width\":1024,\"height\":464,\"caption\":\"La Voix de la Nation\"},\"image\":{\"@id\":\"https:\/\/lavoixdelanation.tg\/#\/schema\/logo\/image\/\"},\"sameAs\":[\"https:\/\/www.facebook.com\/lavoixdelanation\"]},{\"@type\":\"Person\",\"@id\":\"https:\/\/lavoixdelanation.tg\/#\/schema\/person\/6c489293aa38053673a9e554acb6e224\",\"name\":\"La voix de la nation\",\"image\":{\"@type\":\"ImageObject\",\"inLanguage\":\"fr-FR\",\"@id\":\"https:\/\/lavoixdelanation.tg\/#\/schema\/person\/image\/\",\"url\":\"https:\/\/secure.gravatar.com\/avatar\/8aa135d4bbc794494cecaa8d483f6d6cc1023624868deaff686baed5e727a5a1?s=96&d=mm&r=g\",\"contentUrl\":\"https:\/\/secure.gravatar.com\/avatar\/8aa135d4bbc794494cecaa8d483f6d6cc1023624868deaff686baed5e727a5a1?s=96&d=mm&r=g\",\"caption\":\"La voix de la nation\"},\"sameAs\":[\"https:\/\/lavoixdelanation.tg\"],\"url\":\"https:\/\/lavoixdelanation.tg\/index.php\/author\/lavn\/\"}]}<\/script>\n<!-- \/ Yoast SEO plugin. -->","yoast_head_json":{"title":"Togo\u00a0: Les acteurs politiques du CPC pas pour le report des \u00e9lections municipales - La Voix de la Nation","description":"Les acteurs politiques r\u00e9unis au sein du Cadre permanent de concertation (CPC) ont tenu leur 22\u00e8me\u00a0r\u00e9union ce lundi 07 juillet 2025 \u00e0 Lom\u00e9. Au rang des sujets abord\u00e9s, figure celui du processus \u00e9lectoral pour les municipales du 17 juillet prochain.","robots":{"index":"index","follow":"follow","max-snippet":"max-snippet:-1","max-image-preview":"max-image-preview:large","max-video-preview":"max-video-preview:-1"},"canonical":"https:\/\/lavoixdelanation.tg\/index.php\/2025\/07\/08\/togo-les-acteurs-politiques-du-cpc-pas-pour-le-report-des-elections-municipales\/","og_locale":"fr_FR","og_type":"article","og_title":"Togo\u00a0: Les acteurs politiques du CPC pas pour le report des \u00e9lections municipales - La Voix de la Nation","og_description":"Les acteurs politiques r\u00e9unis au sein du Cadre permanent de concertation (CPC) ont tenu leur 22\u00e8me\u00a0r\u00e9union ce lundi 07 juillet 2025 \u00e0 Lom\u00e9. Au rang des sujets abord\u00e9s, figure celui du processus \u00e9lectoral pour les municipales du 17 juillet prochain.","og_url":"https:\/\/lavoixdelanation.tg\/index.php\/2025\/07\/08\/togo-les-acteurs-politiques-du-cpc-pas-pour-le-report-des-elections-municipales\/","og_site_name":"La Voix de la Nation","article_publisher":"https:\/\/www.facebook.com\/lavoixdelanation","article_published_time":"2025-07-08T15:33:13+00:00","og_image":[{"width":650,"height":408,"url":"https:\/\/lavoixdelanation.tg\/wp-content\/uploads\/2025\/07\/Me-Tchassona-Traore-Mouhamed-President-du-CPC.jpg","type":"image\/jpeg"}],"author":"La voix de la nation","twitter_card":"summary_large_image","twitter_misc":{"\u00c9crit par":"La voix de la nation","Dur\u00e9e de lecture estim\u00e9e":"3 minutes"},"schema":{"@context":"https:\/\/schema.org","@graph":[{"@type":"Article","@id":"https:\/\/lavoixdelanation.tg\/index.php\/2025\/07\/08\/togo-les-acteurs-politiques-du-cpc-pas-pour-le-report-des-elections-municipales\/#article","isPartOf":{"@id":"https:\/\/lavoixdelanation.tg\/index.php\/2025\/07\/08\/togo-les-acteurs-politiques-du-cpc-pas-pour-le-report-des-elections-municipales\/"},"author":{"name":"La voix de la nation","@id":"https:\/\/lavoixdelanation.tg\/#\/schema\/person\/6c489293aa38053673a9e554acb6e224"},"headline":"Togo\u00a0: Les acteurs politiques du CPC pas pour le report des \u00e9lections municipales","datePublished":"2025-07-08T15:33:13+00:00","mainEntityOfPage":{"@id":"https:\/\/lavoixdelanation.tg\/index.php\/2025\/07\/08\/togo-les-acteurs-politiques-du-cpc-pas-pour-le-report-des-elections-municipales\/"},"wordCount":376,"commentCount":0,"publisher":{"@id":"https:\/\/lavoixdelanation.tg\/#organization"},"image":{"@id":"https:\/\/lavoixdelanation.tg\/index.php\/2025\/07\/08\/togo-les-acteurs-politiques-du-cpc-pas-pour-le-report-des-elections-municipales\/#primaryimage"},"thumbnailUrl":"https:\/\/lavoixdelanation.tg\/wp-content\/uploads\/2025\/07\/Me-Tchassona-Traore-Mouhamed-President-du-CPC.jpg","keywords":["acteurs politiques","Cadre permanent de concertation","\u00e9lections municipales","Togo"],"articleSection":["Politique"],"inLanguage":"fr-FR","potentialAction":[{"@type":"CommentAction","name":"Comment","target":["https:\/\/lavoixdelanation.tg\/index.php\/2025\/07\/08\/togo-les-acteurs-politiques-du-cpc-pas-pour-le-report-des-elections-municipales\/#respond"]}]},{"@type":"WebPage","@id":"https:\/\/lavoixdelanation.tg\/index.php\/2025\/07\/08\/togo-les-acteurs-politiques-du-cpc-pas-pour-le-report-des-elections-municipales\/","url":"https:\/\/lavoixdelanation.tg\/index.php\/2025\/07\/08\/togo-les-acteurs-politiques-du-cpc-pas-pour-le-report-des-elections-municipales\/","name":"Togo\u00a0: Les acteurs politiques du CPC pas pour le report des \u00e9lections municipales - La Voix de la Nation","isPartOf":{"@id":"https:\/\/lavoixdelanation.tg\/#website"},"primaryImageOfPage":{"@id":"https:\/\/lavoixdelanation.tg\/index.php\/2025\/07\/08\/togo-les-acteurs-politiques-du-cpc-pas-pour-le-report-des-elections-municipales\/#primaryimage"},"image":{"@id":"https:\/\/lavoixdelanation.tg\/index.php\/2025\/07\/08\/togo-les-acteurs-politiques-du-cpc-pas-pour-le-report-des-elections-municipales\/#primaryimage"},"thumbnailUrl":"https:\/\/lavoixdelanation.tg\/wp-content\/uploads\/2025\/07\/Me-Tchassona-Traore-Mouhamed-President-du-CPC.jpg","datePublished":"2025-07-08T15:33:13+00:00","description":"Les acteurs politiques r\u00e9unis au sein du Cadre permanent de concertation (CPC) ont tenu leur 22\u00e8me\u00a0r\u00e9union ce lundi 07 juillet 2025 \u00e0 Lom\u00e9. Au rang des sujets abord\u00e9s, figure celui du processus \u00e9lectoral pour les municipales du 17 juillet prochain.","breadcrumb":{"@id":"https:\/\/lavoixdelanation.tg\/index.php\/2025\/07\/08\/togo-les-acteurs-politiques-du-cpc-pas-pour-le-report-des-elections-municipales\/#breadcrumb"},"inLanguage":"fr-FR","potentialAction":[{"@type":"ReadAction","target":["https:\/\/lavoixdelanation.tg\/index.php\/2025\/07\/08\/togo-les-acteurs-politiques-du-cpc-pas-pour-le-report-des-elections-municipales\/"]}]},{"@type":"ImageObject","inLanguage":"fr-FR","@id":"https:\/\/lavoixdelanation.tg\/index.php\/2025\/07\/08\/togo-les-acteurs-politiques-du-cpc-pas-pour-le-report-des-elections-municipales\/#primaryimage","url":"https:\/\/lavoixdelanation.tg\/wp-content\/uploads\/2025\/07\/Me-Tchassona-Traore-Mouhamed-President-du-CPC.jpg","contentUrl":"https:\/\/lavoixdelanation.tg\/wp-content\/uploads\/2025\/07\/Me-Tchassona-Traore-Mouhamed-President-du-CPC.jpg","width":650,"height":408,"caption":"Me Tchassona Traor\u00e9 Mouhamed, Pr\u00e9sident du CPC"},{"@type":"BreadcrumbList","@id":"https:\/\/lavoixdelanation.tg\/index.php\/2025\/07\/08\/togo-les-acteurs-politiques-du-cpc-pas-pour-le-report-des-elections-municipales\/#breadcrumb","itemListElement":[{"@type":"ListItem","position":1,"name":"Accueil","item":"https:\/\/lavoixdelanation.tg\/"},{"@type":"ListItem","position":2,"name":"Togo\u00a0: Les acteurs politiques du CPC pas pour le report des \u00e9lections municipales"}]},{"@type":"WebSite","@id":"https:\/\/lavoixdelanation.tg\/#website","url":"https:\/\/lavoixdelanation.tg\/","name":"La Voix de la Nation","description":"R\u00e9c\u00e9piss\u00e9 n\u00b00108\/HAAC\/01-2024\/pl\/P","publisher":{"@id":"https:\/\/lavoixdelanation.tg\/#organization"},"alternateName":"VON","potentialAction":[{"@type":"SearchAction","target":{"@type":"EntryPoint","urlTemplate":"https:\/\/lavoixdelanation.tg\/?s={search_term_string}"},"query-input":{"@type":"PropertyValueSpecification","valueRequired":true,"valueName":"search_term_string"}}],"inLanguage":"fr-FR"},{"@type":"Organization","@id":"https:\/\/lavoixdelanation.tg\/#organization","name":"La Voix de la Nation","url":"https:\/\/lavoixdelanation.tg\/","logo":{"@type":"ImageObject","inLanguage":"fr-FR","@id":"https:\/\/lavoixdelanation.tg\/#\/schema\/logo\/image\/","url":"https:\/\/lavoixdelanation.tg\/wp-content\/uploads\/2024\/12\/lavn-1.png","contentUrl":"https:\/\/lavoixdelanation.tg\/wp-content\/uploads\/2024\/12\/lavn-1.png","width":1024,"height":464,"caption":"La Voix de la Nation"},"image":{"@id":"https:\/\/lavoixdelanation.tg\/#\/schema\/logo\/image\/"},"sameAs":["https:\/\/www.facebook.com\/lavoixdelanation"]},{"@type":"Person","@id":"https:\/\/lavoixdelanation.tg\/#\/schema\/person\/6c489293aa38053673a9e554acb6e224","name":"La voix de la nation","image":{"@type":"ImageObject","inLanguage":"fr-FR","@id":"https:\/\/lavoixdelanation.tg\/#\/schema\/person\/image\/","url":"https:\/\/secure.gravatar.com\/avatar\/8aa135d4bbc794494cecaa8d483f6d6cc1023624868deaff686baed5e727a5a1?s=96&d=mm&r=g","contentUrl":"https:\/\/secure.gravatar.com\/avatar\/8aa135d4bbc794494cecaa8d483f6d6cc1023624868deaff686baed5e727a5a1?s=96&d=mm&r=g","caption":"La voix de la nation"},"sameAs":["https:\/\/lavoixdelanation.tg"],"url":"https:\/\/lavoixdelanation.tg\/index.php\/author\/lavn\/"}]}},"_links":{"self":[{"href":"https:\/\/lavoixdelanation.tg\/index.php\/wp-json\/wp\/v2\/posts\/3341","targetHints":{"allow":["GET"]}}],"collection":[{"href":"https:\/\/lavoixdelanation.tg\/index.php\/wp-json\/wp\/v2\/posts"}],"about":[{"href":"https:\/\/lavoixdelanation.tg\/index.php\/wp-json\/wp\/v2\/types\/post"}],"author":[{"embeddable":true,"href":"https:\/\/lavoixdelanation.tg\/index.php\/wp-json\/wp\/v2\/users\/1"}],"replies":[{"embeddable":true,"href":"https:\/\/lavoixdelanation.tg\/index.php\/wp-json\/wp\/v2\/comments?post=3341"}],"version-history":[{"count":1,"href":"https:\/\/lavoixdelanation.tg\/index.php\/wp-json\/wp\/v2\/posts\/3341\/revisions"}],"predecessor-version":[{"id":3344,"href":"https:\/\/lavoixdelanation.tg\/index.php\/wp-json\/wp\/v2\/posts\/3341\/revisions\/3344"}],"wp:featuredmedia":[{"embeddable":true,"href":"https:\/\/lavoixdelanation.tg\/index.php\/wp-json\/wp\/v2\/media\/3342"}],"wp:attachment":[{"href":"https:\/\/lavoixdelanation.tg\/index.php\/wp-json\/wp\/v2\/media?parent=3341"}],"wp:term":[{"taxonomy":"category","embeddable":true,"href":"https:\/\/lavoixdelanation.tg\/index.php\/wp-json\/wp\/v2\/categories?post=3341"},{"taxonomy":"post_tag","embeddable":true,"href":"https:\/\/lavoixdelanation.tg\/index.php\/wp-json\/wp\/v2\/tags?post=3341"}],"curies":[{"name":"wp","href":"https:\/\/api.w.org\/{rel}","templated":true}]}}