{"id":3334,"date":"2025-07-08T11:18:00","date_gmt":"2025-07-08T09:18:00","guid":{"rendered":"https:\/\/lavoixdelanation.tg\/?p=3334"},"modified":"2025-07-09T15:34:05","modified_gmt":"2025-07-09T13:34:05","slug":"togo-le-centre-de-formation-etincelle-light-renforce-les-capacites-des-dirigeants-dentreprises-en-gestion-des-reunions-statutaires","status":"publish","type":"post","link":"https:\/\/lavoixdelanation.tg\/index.php\/2025\/07\/08\/togo-le-centre-de-formation-etincelle-light-renforce-les-capacites-des-dirigeants-dentreprises-en-gestion-des-reunions-statutaires\/","title":{"rendered":"Togo\u00a0: Le Centre de Formation \u00ab\u00a0\u00c9tincelle Light\u00a0\u00bb renforce les capacit\u00e9s des dirigeants d\u2019entreprises en gestion des r\u00e9unions statutaires"},"content":{"rendered":"\n<p><strong>Le Centre de Formation \u00ab&nbsp;\u00c9tincelle Light&nbsp;\u00bb (CFEL) a organis\u00e9 ce 05 juillet 2025 \u00e0 l\u2019h\u00f4tel du 2 F\u00e9vrier \u00e0 Lom\u00e9, une session de formation \u00e0 l\u2019endroit des dirigeants d\u2019entreprises publiques et priv\u00e9es autour du th\u00e8me : \u00ab Am\u00e9liorer votre leadership dans la pr\u00e9paration et la gestion des r\u00e9unions statutaires \u00bb.<\/strong><\/p>\n\n\n\n<p>Cette formation a permis au CFEL de doter les participants d\u2019outils concrets, de m\u00e9thodes \u00e9prouv\u00e9es et d\u2019attitudes efficaces pour faire de chaque r\u00e9union statutaire, un levier strat\u00e9gique de gouvernance et de performance.<\/p>\n\n\n\n<p>Des experts et consultants de haut niveau aux parcours diversifi\u00e9s et aux exp\u00e9riences riches, ont \u00e9t\u00e9 mobilis\u00e9s \u00e0 cet effet pour faire de cette formation, un moment de transformation personnelle et organisationnelle. Il s\u2019agit notamment de Komlan Mensah AWUNO (Administrateur Civil de Classe exceptionnelle, ancien Directeur G\u00e9n\u00e9ral de la Fonction Publique du Togo, Consultant international), de Koku Vignon ABOKI (Expert financier, Pr\u00e9sident du Groupement Togolais des Petites et Moyennes Entreprises, Administrateur au Conseil National du Patronat, Consultant) et de Gilles Lazare AKOMAGNI, (Consultant international, Expert en leadership).<\/p>\n\n\n\n<p>La session a connu la participation de divers acteurs notamment des cadres, des dirigeants des entreprises publiques et priv\u00e9es et ceux des organisations sociales.<\/p>\n\n\n\n<p>Les participants ont pu comprendre le r\u00f4le du leadership dans la gouvernance des diff\u00e9rentes formes d\u2019organisations publiques, priv\u00e9es et sociales, et identifier les \u00e9cueils qui entourent la pr\u00e9paration et la gestion des r\u00e9unions statutaires.<\/p>\n\n\n\n<figure class=\"wp-block-image size-full\"><img loading=\"lazy\" decoding=\"async\" width=\"1000\" height=\"750\" src=\"https:\/\/lavoixdelanation.tg\/wp-content\/uploads\/2025\/07\/Le-Centre-de-Formation-Etincelle-Light.jpeg\" alt=\"\" class=\"wp-image-3337\" srcset=\"https:\/\/lavoixdelanation.tg\/wp-content\/uploads\/2025\/07\/Le-Centre-de-Formation-Etincelle-Light.jpeg 1000w, https:\/\/lavoixdelanation.tg\/wp-content\/uploads\/2025\/07\/Le-Centre-de-Formation-Etincelle-Light-300x225.jpeg 300w, https:\/\/lavoixdelanation.tg\/wp-content\/uploads\/2025\/07\/Le-Centre-de-Formation-Etincelle-Light-768x576.jpeg 768w\" sizes=\"auto, (max-width: 1000px) 100vw, 1000px\" \/><\/figure>\n\n\n\n<p>Des mod\u00e8les de gestion efficace des r\u00e9unions statutaires adaptables au contexte des organisations (publiques, collectivit\u00e9s, priv\u00e9es, sociales) et des projets et programmes ont \u00e9t\u00e9 \u00e9galement partag\u00e9s avec les participants.<\/p>\n\n\n\n<p>Le Directeur g\u00e9n\u00e9ral du Centre de Formation \u00ab&nbsp;\u00c9tincelle Light&nbsp;\u00bb, Ako\u00e9t\u00e9 Adj\u00e9wonu a en effet expliqu\u00e9 que la performance et la durabilit\u00e9 d\u2019une organisation reposent en grande partie sur la qualit\u00e9 de sa gouvernance, dont la gestion efficace des r\u00e9unions statutaires est un \u00e9l\u00e9ment central.<\/p>\n\n\n\n<p>\u00ab&nbsp;L\u2019efficacit\u00e9 de ces r\u00e9unions conditionne la pertinence des d\u00e9cisions prises, lesquelles influencent directement la performance, la p\u00e9rennit\u00e9 et la capacit\u00e9 de l\u2019organisation \u00e0 satisfaire les attentes de ses parties prenantes&nbsp;\u00bb, a-t-il pr\u00e9cis\u00e9.<\/p>\n\n\n\n<p>Il a \u00e9mis le souhait que cette session soit pour les participants, un tournant, une inspiration et un tremplin, et que ces participants soient des catalyseurs de gouvernance efficace et inclusive de retour dans leurs structures respectives.<\/p>\n\n\n\n<p>Pour rappel, le Centre de Formation \u00ab&nbsp;\u00c9tincelle Light&nbsp;\u00bb a \u00e9t\u00e9 cr\u00e9\u00e9 en 2023. Il est agr\u00e9\u00e9 par le minist\u00e8re de l\u2019enseignement technique et de la formation professionnelle pour dispenser des formations certifiantes notamment dans les domaines de l\u2019\u00e9ducation financi\u00e8re, le d\u00e9veloppement personnel et le leadership.<\/p>\n\n\n\n<p>Le CFEL a \u00e9galement pour objet, la recherche, la repr\u00e9sentation, l\u2019accompagnement des individus et des entreprises publiques, commerciales et sociales, et les prestations de services.<\/p>\n\n\n\n<p><strong>David S.<\/strong><\/p>\n","protected":false},"excerpt":{"rendered":"<p>Le Centre de Formation \u00ab&nbsp;\u00c9tincelle Light&nbsp;\u00bb (CFEL) a organis\u00e9 ce 05 juillet 2025 \u00e0 l\u2019h\u00f4tel du 2 F\u00e9vrier \u00e0 Lom\u00e9, une session de formation \u00e0 l\u2019endroit des dirigeants d\u2019entreprises publiques&hellip; <\/p>\n","protected":false},"author":1,"featured_media":3335,"comment_status":"open","ping_status":"open","sticky":false,"template":"","format":"standard","meta":{"footnotes":""},"categories":[10],"tags":[793,794,795,39],"class_list":["post-3334","post","type-post","status-publish","format-standard","has-post-thumbnail","hentry","category-education","tag-centre-de-formation","tag-etincelle-light","tag-leadership","tag-togo"],"yoast_head":"<!-- This site is optimized with the Yoast SEO plugin v26.4 - https:\/\/yoast.com\/wordpress\/plugins\/seo\/ -->\n<title>Togo\u00a0: Le Centre de Formation \u00ab\u00a0\u00c9tincelle Light\u00a0\u00bb renforce les capacit\u00e9s des dirigeants d\u2019entreprises en gestion des r\u00e9unions statutaires - La Voix de la Nation<\/title>\n<meta name=\"robots\" content=\"index, follow, max-snippet:-1, max-image-preview:large, max-video-preview:-1\" \/>\n<link rel=\"canonical\" href=\"https:\/\/lavoixdelanation.tg\/index.php\/2025\/07\/08\/togo-le-centre-de-formation-etincelle-light-renforce-les-capacites-des-dirigeants-dentreprises-en-gestion-des-reunions-statutaires\/\" \/>\n<meta property=\"og:locale\" content=\"fr_FR\" \/>\n<meta property=\"og:type\" content=\"article\" \/>\n<meta property=\"og:title\" content=\"Togo\u00a0: Le Centre de Formation \u00ab\u00a0\u00c9tincelle Light\u00a0\u00bb renforce les capacit\u00e9s des dirigeants d\u2019entreprises en gestion des r\u00e9unions statutaires - La Voix de la Nation\" \/>\n<meta property=\"og:description\" content=\"Le Centre de Formation \u00ab&nbsp;\u00c9tincelle Light&nbsp;\u00bb (CFEL) a organis\u00e9 ce 05 juillet 2025 \u00e0 l\u2019h\u00f4tel du 2 F\u00e9vrier \u00e0 Lom\u00e9, une session de formation \u00e0 l\u2019endroit des dirigeants d\u2019entreprises publiques&hellip;\" \/>\n<meta property=\"og:url\" content=\"https:\/\/lavoixdelanation.tg\/index.php\/2025\/07\/08\/togo-le-centre-de-formation-etincelle-light-renforce-les-capacites-des-dirigeants-dentreprises-en-gestion-des-reunions-statutaires\/\" \/>\n<meta property=\"og:site_name\" content=\"La Voix de la Nation\" \/>\n<meta property=\"article:publisher\" content=\"https:\/\/www.facebook.com\/lavoixdelanation\" \/>\n<meta property=\"article:published_time\" content=\"2025-07-08T09:18:00+00:00\" \/>\n<meta property=\"article:modified_time\" content=\"2025-07-09T13:34:05+00:00\" \/>\n<meta property=\"og:image\" content=\"https:\/\/lavoixdelanation.tg\/wp-content\/uploads\/2025\/07\/Le-Centre-de-Formation-Etincelle-Light-renforce-les-capacites-des-dirigeants-dentreprises-en-leadership.jpeg\" \/>\n\t<meta property=\"og:image:width\" content=\"700\" \/>\n\t<meta property=\"og:image:height\" content=\"436\" \/>\n\t<meta property=\"og:image:type\" content=\"image\/jpeg\" \/>\n<meta name=\"author\" content=\"La voix de la nation\" \/>\n<meta name=\"twitter:card\" content=\"summary_large_image\" \/>\n<meta name=\"twitter:label1\" content=\"\u00c9crit par\" \/>\n\t<meta name=\"twitter:data1\" content=\"La voix de la nation\" \/>\n\t<meta name=\"twitter:label2\" content=\"Dur\u00e9e de lecture estim\u00e9e\" \/>\n\t<meta name=\"twitter:data2\" content=\"3 minutes\" \/>\n<script type=\"application\/ld+json\" class=\"yoast-schema-graph\">{\"@context\":\"https:\/\/schema.org\",\"@graph\":[{\"@type\":\"Article\",\"@id\":\"https:\/\/lavoixdelanation.tg\/index.php\/2025\/07\/08\/togo-le-centre-de-formation-etincelle-light-renforce-les-capacites-des-dirigeants-dentreprises-en-gestion-des-reunions-statutaires\/#article\",\"isPartOf\":{\"@id\":\"https:\/\/lavoixdelanation.tg\/index.php\/2025\/07\/08\/togo-le-centre-de-formation-etincelle-light-renforce-les-capacites-des-dirigeants-dentreprises-en-gestion-des-reunions-statutaires\/\"},\"author\":{\"name\":\"La voix de la nation\",\"@id\":\"https:\/\/lavoixdelanation.tg\/#\/schema\/person\/6c489293aa38053673a9e554acb6e224\"},\"headline\":\"Togo\u00a0: Le Centre de Formation \u00ab\u00a0\u00c9tincelle Light\u00a0\u00bb renforce les capacit\u00e9s des dirigeants d\u2019entreprises en gestion des r\u00e9unions statutaires\",\"datePublished\":\"2025-07-08T09:18:00+00:00\",\"dateModified\":\"2025-07-09T13:34:05+00:00\",\"mainEntityOfPage\":{\"@id\":\"https:\/\/lavoixdelanation.tg\/index.php\/2025\/07\/08\/togo-le-centre-de-formation-etincelle-light-renforce-les-capacites-des-dirigeants-dentreprises-en-gestion-des-reunions-statutaires\/\"},\"wordCount\":513,\"commentCount\":0,\"publisher\":{\"@id\":\"https:\/\/lavoixdelanation.tg\/#organization\"},\"image\":{\"@id\":\"https:\/\/lavoixdelanation.tg\/index.php\/2025\/07\/08\/togo-le-centre-de-formation-etincelle-light-renforce-les-capacites-des-dirigeants-dentreprises-en-gestion-des-reunions-statutaires\/#primaryimage\"},\"thumbnailUrl\":\"https:\/\/lavoixdelanation.tg\/wp-content\/uploads\/2025\/07\/Le-Centre-de-Formation-Etincelle-Light-renforce-les-capacites-des-dirigeants-dentreprises-en-leadership.jpeg\",\"keywords\":[\"Centre de Formation\",\"\u00c9tincelle Light\",\"Leadership\",\"Togo\"],\"articleSection\":[\"Education\"],\"inLanguage\":\"fr-FR\",\"potentialAction\":[{\"@type\":\"CommentAction\",\"name\":\"Comment\",\"target\":[\"https:\/\/lavoixdelanation.tg\/index.php\/2025\/07\/08\/togo-le-centre-de-formation-etincelle-light-renforce-les-capacites-des-dirigeants-dentreprises-en-gestion-des-reunions-statutaires\/#respond\"]}]},{\"@type\":\"WebPage\",\"@id\":\"https:\/\/lavoixdelanation.tg\/index.php\/2025\/07\/08\/togo-le-centre-de-formation-etincelle-light-renforce-les-capacites-des-dirigeants-dentreprises-en-gestion-des-reunions-statutaires\/\",\"url\":\"https:\/\/lavoixdelanation.tg\/index.php\/2025\/07\/08\/togo-le-centre-de-formation-etincelle-light-renforce-les-capacites-des-dirigeants-dentreprises-en-gestion-des-reunions-statutaires\/\",\"name\":\"Togo\u00a0: Le Centre de Formation \u00ab\u00a0\u00c9tincelle Light\u00a0\u00bb renforce les capacit\u00e9s des dirigeants d\u2019entreprises en gestion des r\u00e9unions statutaires - La Voix de la Nation\",\"isPartOf\":{\"@id\":\"https:\/\/lavoixdelanation.tg\/#website\"},\"primaryImageOfPage\":{\"@id\":\"https:\/\/lavoixdelanation.tg\/index.php\/2025\/07\/08\/togo-le-centre-de-formation-etincelle-light-renforce-les-capacites-des-dirigeants-dentreprises-en-gestion-des-reunions-statutaires\/#primaryimage\"},\"image\":{\"@id\":\"https:\/\/lavoixdelanation.tg\/index.php\/2025\/07\/08\/togo-le-centre-de-formation-etincelle-light-renforce-les-capacites-des-dirigeants-dentreprises-en-gestion-des-reunions-statutaires\/#primaryimage\"},\"thumbnailUrl\":\"https:\/\/lavoixdelanation.tg\/wp-content\/uploads\/2025\/07\/Le-Centre-de-Formation-Etincelle-Light-renforce-les-capacites-des-dirigeants-dentreprises-en-leadership.jpeg\",\"datePublished\":\"2025-07-08T09:18:00+00:00\",\"dateModified\":\"2025-07-09T13:34:05+00:00\",\"breadcrumb\":{\"@id\":\"https:\/\/lavoixdelanation.tg\/index.php\/2025\/07\/08\/togo-le-centre-de-formation-etincelle-light-renforce-les-capacites-des-dirigeants-dentreprises-en-gestion-des-reunions-statutaires\/#breadcrumb\"},\"inLanguage\":\"fr-FR\",\"potentialAction\":[{\"@type\":\"ReadAction\",\"target\":[\"https:\/\/lavoixdelanation.tg\/index.php\/2025\/07\/08\/togo-le-centre-de-formation-etincelle-light-renforce-les-capacites-des-dirigeants-dentreprises-en-gestion-des-reunions-statutaires\/\"]}]},{\"@type\":\"ImageObject\",\"inLanguage\":\"fr-FR\",\"@id\":\"https:\/\/lavoixdelanation.tg\/index.php\/2025\/07\/08\/togo-le-centre-de-formation-etincelle-light-renforce-les-capacites-des-dirigeants-dentreprises-en-gestion-des-reunions-statutaires\/#primaryimage\",\"url\":\"https:\/\/lavoixdelanation.tg\/wp-content\/uploads\/2025\/07\/Le-Centre-de-Formation-Etincelle-Light-renforce-les-capacites-des-dirigeants-dentreprises-en-leadership.jpeg\",\"contentUrl\":\"https:\/\/lavoixdelanation.tg\/wp-content\/uploads\/2025\/07\/Le-Centre-de-Formation-Etincelle-Light-renforce-les-capacites-des-dirigeants-dentreprises-en-leadership.jpeg\",\"width\":700,\"height\":436},{\"@type\":\"BreadcrumbList\",\"@id\":\"https:\/\/lavoixdelanation.tg\/index.php\/2025\/07\/08\/togo-le-centre-de-formation-etincelle-light-renforce-les-capacites-des-dirigeants-dentreprises-en-gestion-des-reunions-statutaires\/#breadcrumb\",\"itemListElement\":[{\"@type\":\"ListItem\",\"position\":1,\"name\":\"Accueil\",\"item\":\"https:\/\/lavoixdelanation.tg\/\"},{\"@type\":\"ListItem\",\"position\":2,\"name\":\"Togo\u00a0: Le Centre de Formation \u00ab\u00a0\u00c9tincelle Light\u00a0\u00bb renforce les capacit\u00e9s des dirigeants d\u2019entreprises en gestion des r\u00e9unions statutaires\"}]},{\"@type\":\"WebSite\",\"@id\":\"https:\/\/lavoixdelanation.tg\/#website\",\"url\":\"https:\/\/lavoixdelanation.tg\/\",\"name\":\"La Voix de la Nation\",\"description\":\"R\u00e9c\u00e9piss\u00e9 n\u00b00108\/HAAC\/01-2024\/pl\/P\",\"publisher\":{\"@id\":\"https:\/\/lavoixdelanation.tg\/#organization\"},\"alternateName\":\"VON\",\"potentialAction\":[{\"@type\":\"SearchAction\",\"target\":{\"@type\":\"EntryPoint\",\"urlTemplate\":\"https:\/\/lavoixdelanation.tg\/?s={search_term_string}\"},\"query-input\":{\"@type\":\"PropertyValueSpecification\",\"valueRequired\":true,\"valueName\":\"search_term_string\"}}],\"inLanguage\":\"fr-FR\"},{\"@type\":\"Organization\",\"@id\":\"https:\/\/lavoixdelanation.tg\/#organization\",\"name\":\"La Voix de la Nation\",\"url\":\"https:\/\/lavoixdelanation.tg\/\",\"logo\":{\"@type\":\"ImageObject\",\"inLanguage\":\"fr-FR\",\"@id\":\"https:\/\/lavoixdelanation.tg\/#\/schema\/logo\/image\/\",\"url\":\"https:\/\/lavoixdelanation.tg\/wp-content\/uploads\/2024\/12\/lavn-1.png\",\"contentUrl\":\"https:\/\/lavoixdelanation.tg\/wp-content\/uploads\/2024\/12\/lavn-1.png\",\"width\":1024,\"height\":464,\"caption\":\"La Voix de la Nation\"},\"image\":{\"@id\":\"https:\/\/lavoixdelanation.tg\/#\/schema\/logo\/image\/\"},\"sameAs\":[\"https:\/\/www.facebook.com\/lavoixdelanation\"]},{\"@type\":\"Person\",\"@id\":\"https:\/\/lavoixdelanation.tg\/#\/schema\/person\/6c489293aa38053673a9e554acb6e224\",\"name\":\"La voix de la nation\",\"image\":{\"@type\":\"ImageObject\",\"inLanguage\":\"fr-FR\",\"@id\":\"https:\/\/lavoixdelanation.tg\/#\/schema\/person\/image\/\",\"url\":\"https:\/\/secure.gravatar.com\/avatar\/8aa135d4bbc794494cecaa8d483f6d6cc1023624868deaff686baed5e727a5a1?s=96&d=mm&r=g\",\"contentUrl\":\"https:\/\/secure.gravatar.com\/avatar\/8aa135d4bbc794494cecaa8d483f6d6cc1023624868deaff686baed5e727a5a1?s=96&d=mm&r=g\",\"caption\":\"La voix de la nation\"},\"sameAs\":[\"https:\/\/lavoixdelanation.tg\"],\"url\":\"https:\/\/lavoixdelanation.tg\/index.php\/author\/lavn\/\"}]}<\/script>\n<!-- \/ Yoast SEO plugin. -->","yoast_head_json":{"title":"Togo\u00a0: Le Centre de Formation \u00ab\u00a0\u00c9tincelle Light\u00a0\u00bb renforce les capacit\u00e9s des dirigeants d\u2019entreprises en gestion des r\u00e9unions statutaires - La Voix de la Nation","robots":{"index":"index","follow":"follow","max-snippet":"max-snippet:-1","max-image-preview":"max-image-preview:large","max-video-preview":"max-video-preview:-1"},"canonical":"https:\/\/lavoixdelanation.tg\/index.php\/2025\/07\/08\/togo-le-centre-de-formation-etincelle-light-renforce-les-capacites-des-dirigeants-dentreprises-en-gestion-des-reunions-statutaires\/","og_locale":"fr_FR","og_type":"article","og_title":"Togo\u00a0: Le Centre de Formation \u00ab\u00a0\u00c9tincelle Light\u00a0\u00bb renforce les capacit\u00e9s des dirigeants d\u2019entreprises en gestion des r\u00e9unions statutaires - La Voix de la Nation","og_description":"Le Centre de Formation \u00ab&nbsp;\u00c9tincelle Light&nbsp;\u00bb (CFEL) a organis\u00e9 ce 05 juillet 2025 \u00e0 l\u2019h\u00f4tel du 2 F\u00e9vrier \u00e0 Lom\u00e9, une session de formation \u00e0 l\u2019endroit des dirigeants d\u2019entreprises publiques&hellip;","og_url":"https:\/\/lavoixdelanation.tg\/index.php\/2025\/07\/08\/togo-le-centre-de-formation-etincelle-light-renforce-les-capacites-des-dirigeants-dentreprises-en-gestion-des-reunions-statutaires\/","og_site_name":"La Voix de la Nation","article_publisher":"https:\/\/www.facebook.com\/lavoixdelanation","article_published_time":"2025-07-08T09:18:00+00:00","article_modified_time":"2025-07-09T13:34:05+00:00","og_image":[{"width":700,"height":436,"url":"https:\/\/lavoixdelanation.tg\/wp-content\/uploads\/2025\/07\/Le-Centre-de-Formation-Etincelle-Light-renforce-les-capacites-des-dirigeants-dentreprises-en-leadership.jpeg","type":"image\/jpeg"}],"author":"La voix de la nation","twitter_card":"summary_large_image","twitter_misc":{"\u00c9crit par":"La voix de la nation","Dur\u00e9e de lecture estim\u00e9e":"3 minutes"},"schema":{"@context":"https:\/\/schema.org","@graph":[{"@type":"Article","@id":"https:\/\/lavoixdelanation.tg\/index.php\/2025\/07\/08\/togo-le-centre-de-formation-etincelle-light-renforce-les-capacites-des-dirigeants-dentreprises-en-gestion-des-reunions-statutaires\/#article","isPartOf":{"@id":"https:\/\/lavoixdelanation.tg\/index.php\/2025\/07\/08\/togo-le-centre-de-formation-etincelle-light-renforce-les-capacites-des-dirigeants-dentreprises-en-gestion-des-reunions-statutaires\/"},"author":{"name":"La voix de la nation","@id":"https:\/\/lavoixdelanation.tg\/#\/schema\/person\/6c489293aa38053673a9e554acb6e224"},"headline":"Togo\u00a0: Le Centre de Formation \u00ab\u00a0\u00c9tincelle Light\u00a0\u00bb renforce les capacit\u00e9s des dirigeants d\u2019entreprises en gestion des r\u00e9unions statutaires","datePublished":"2025-07-08T09:18:00+00:00","dateModified":"2025-07-09T13:34:05+00:00","mainEntityOfPage":{"@id":"https:\/\/lavoixdelanation.tg\/index.php\/2025\/07\/08\/togo-le-centre-de-formation-etincelle-light-renforce-les-capacites-des-dirigeants-dentreprises-en-gestion-des-reunions-statutaires\/"},"wordCount":513,"commentCount":0,"publisher":{"@id":"https:\/\/lavoixdelanation.tg\/#organization"},"image":{"@id":"https:\/\/lavoixdelanation.tg\/index.php\/2025\/07\/08\/togo-le-centre-de-formation-etincelle-light-renforce-les-capacites-des-dirigeants-dentreprises-en-gestion-des-reunions-statutaires\/#primaryimage"},"thumbnailUrl":"https:\/\/lavoixdelanation.tg\/wp-content\/uploads\/2025\/07\/Le-Centre-de-Formation-Etincelle-Light-renforce-les-capacites-des-dirigeants-dentreprises-en-leadership.jpeg","keywords":["Centre de Formation","\u00c9tincelle Light","Leadership","Togo"],"articleSection":["Education"],"inLanguage":"fr-FR","potentialAction":[{"@type":"CommentAction","name":"Comment","target":["https:\/\/lavoixdelanation.tg\/index.php\/2025\/07\/08\/togo-le-centre-de-formation-etincelle-light-renforce-les-capacites-des-dirigeants-dentreprises-en-gestion-des-reunions-statutaires\/#respond"]}]},{"@type":"WebPage","@id":"https:\/\/lavoixdelanation.tg\/index.php\/2025\/07\/08\/togo-le-centre-de-formation-etincelle-light-renforce-les-capacites-des-dirigeants-dentreprises-en-gestion-des-reunions-statutaires\/","url":"https:\/\/lavoixdelanation.tg\/index.php\/2025\/07\/08\/togo-le-centre-de-formation-etincelle-light-renforce-les-capacites-des-dirigeants-dentreprises-en-gestion-des-reunions-statutaires\/","name":"Togo\u00a0: Le Centre de Formation \u00ab\u00a0\u00c9tincelle Light\u00a0\u00bb renforce les capacit\u00e9s des dirigeants d\u2019entreprises en gestion des r\u00e9unions statutaires - La Voix de la Nation","isPartOf":{"@id":"https:\/\/lavoixdelanation.tg\/#website"},"primaryImageOfPage":{"@id":"https:\/\/lavoixdelanation.tg\/index.php\/2025\/07\/08\/togo-le-centre-de-formation-etincelle-light-renforce-les-capacites-des-dirigeants-dentreprises-en-gestion-des-reunions-statutaires\/#primaryimage"},"image":{"@id":"https:\/\/lavoixdelanation.tg\/index.php\/2025\/07\/08\/togo-le-centre-de-formation-etincelle-light-renforce-les-capacites-des-dirigeants-dentreprises-en-gestion-des-reunions-statutaires\/#primaryimage"},"thumbnailUrl":"https:\/\/lavoixdelanation.tg\/wp-content\/uploads\/2025\/07\/Le-Centre-de-Formation-Etincelle-Light-renforce-les-capacites-des-dirigeants-dentreprises-en-leadership.jpeg","datePublished":"2025-07-08T09:18:00+00:00","dateModified":"2025-07-09T13:34:05+00:00","breadcrumb":{"@id":"https:\/\/lavoixdelanation.tg\/index.php\/2025\/07\/08\/togo-le-centre-de-formation-etincelle-light-renforce-les-capacites-des-dirigeants-dentreprises-en-gestion-des-reunions-statutaires\/#breadcrumb"},"inLanguage":"fr-FR","potentialAction":[{"@type":"ReadAction","target":["https:\/\/lavoixdelanation.tg\/index.php\/2025\/07\/08\/togo-le-centre-de-formation-etincelle-light-renforce-les-capacites-des-dirigeants-dentreprises-en-gestion-des-reunions-statutaires\/"]}]},{"@type":"ImageObject","inLanguage":"fr-FR","@id":"https:\/\/lavoixdelanation.tg\/index.php\/2025\/07\/08\/togo-le-centre-de-formation-etincelle-light-renforce-les-capacites-des-dirigeants-dentreprises-en-gestion-des-reunions-statutaires\/#primaryimage","url":"https:\/\/lavoixdelanation.tg\/wp-content\/uploads\/2025\/07\/Le-Centre-de-Formation-Etincelle-Light-renforce-les-capacites-des-dirigeants-dentreprises-en-leadership.jpeg","contentUrl":"https:\/\/lavoixdelanation.tg\/wp-content\/uploads\/2025\/07\/Le-Centre-de-Formation-Etincelle-Light-renforce-les-capacites-des-dirigeants-dentreprises-en-leadership.jpeg","width":700,"height":436},{"@type":"BreadcrumbList","@id":"https:\/\/lavoixdelanation.tg\/index.php\/2025\/07\/08\/togo-le-centre-de-formation-etincelle-light-renforce-les-capacites-des-dirigeants-dentreprises-en-gestion-des-reunions-statutaires\/#breadcrumb","itemListElement":[{"@type":"ListItem","position":1,"name":"Accueil","item":"https:\/\/lavoixdelanation.tg\/"},{"@type":"ListItem","position":2,"name":"Togo\u00a0: Le Centre de Formation \u00ab\u00a0\u00c9tincelle Light\u00a0\u00bb renforce les capacit\u00e9s des dirigeants d\u2019entreprises en gestion des r\u00e9unions statutaires"}]},{"@type":"WebSite","@id":"https:\/\/lavoixdelanation.tg\/#website","url":"https:\/\/lavoixdelanation.tg\/","name":"La Voix de la Nation","description":"R\u00e9c\u00e9piss\u00e9 n\u00b00108\/HAAC\/01-2024\/pl\/P","publisher":{"@id":"https:\/\/lavoixdelanation.tg\/#organization"},"alternateName":"VON","potentialAction":[{"@type":"SearchAction","target":{"@type":"EntryPoint","urlTemplate":"https:\/\/lavoixdelanation.tg\/?s={search_term_string}"},"query-input":{"@type":"PropertyValueSpecification","valueRequired":true,"valueName":"search_term_string"}}],"inLanguage":"fr-FR"},{"@type":"Organization","@id":"https:\/\/lavoixdelanation.tg\/#organization","name":"La Voix de la Nation","url":"https:\/\/lavoixdelanation.tg\/","logo":{"@type":"ImageObject","inLanguage":"fr-FR","@id":"https:\/\/lavoixdelanation.tg\/#\/schema\/logo\/image\/","url":"https:\/\/lavoixdelanation.tg\/wp-content\/uploads\/2024\/12\/lavn-1.png","contentUrl":"https:\/\/lavoixdelanation.tg\/wp-content\/uploads\/2024\/12\/lavn-1.png","width":1024,"height":464,"caption":"La Voix de la Nation"},"image":{"@id":"https:\/\/lavoixdelanation.tg\/#\/schema\/logo\/image\/"},"sameAs":["https:\/\/www.facebook.com\/lavoixdelanation"]},{"@type":"Person","@id":"https:\/\/lavoixdelanation.tg\/#\/schema\/person\/6c489293aa38053673a9e554acb6e224","name":"La voix de la nation","image":{"@type":"ImageObject","inLanguage":"fr-FR","@id":"https:\/\/lavoixdelanation.tg\/#\/schema\/person\/image\/","url":"https:\/\/secure.gravatar.com\/avatar\/8aa135d4bbc794494cecaa8d483f6d6cc1023624868deaff686baed5e727a5a1?s=96&d=mm&r=g","contentUrl":"https:\/\/secure.gravatar.com\/avatar\/8aa135d4bbc794494cecaa8d483f6d6cc1023624868deaff686baed5e727a5a1?s=96&d=mm&r=g","caption":"La voix de la nation"},"sameAs":["https:\/\/lavoixdelanation.tg"],"url":"https:\/\/lavoixdelanation.tg\/index.php\/author\/lavn\/"}]}},"_links":{"self":[{"href":"https:\/\/lavoixdelanation.tg\/index.php\/wp-json\/wp\/v2\/posts\/3334","targetHints":{"allow":["GET"]}}],"collection":[{"href":"https:\/\/lavoixdelanation.tg\/index.php\/wp-json\/wp\/v2\/posts"}],"about":[{"href":"https:\/\/lavoixdelanation.tg\/index.php\/wp-json\/wp\/v2\/types\/post"}],"author":[{"embeddable":true,"href":"https:\/\/lavoixdelanation.tg\/index.php\/wp-json\/wp\/v2\/users\/1"}],"replies":[{"embeddable":true,"href":"https:\/\/lavoixdelanation.tg\/index.php\/wp-json\/wp\/v2\/comments?post=3334"}],"version-history":[{"count":7,"href":"https:\/\/lavoixdelanation.tg\/index.php\/wp-json\/wp\/v2\/posts\/3334\/revisions"}],"predecessor-version":[{"id":3350,"href":"https:\/\/lavoixdelanation.tg\/index.php\/wp-json\/wp\/v2\/posts\/3334\/revisions\/3350"}],"wp:featuredmedia":[{"embeddable":true,"href":"https:\/\/lavoixdelanation.tg\/index.php\/wp-json\/wp\/v2\/media\/3335"}],"wp:attachment":[{"href":"https:\/\/lavoixdelanation.tg\/index.php\/wp-json\/wp\/v2\/media?parent=3334"}],"wp:term":[{"taxonomy":"category","embeddable":true,"href":"https:\/\/lavoixdelanation.tg\/index.php\/wp-json\/wp\/v2\/categories?post=3334"},{"taxonomy":"post_tag","embeddable":true,"href":"https:\/\/lavoixdelanation.tg\/index.php\/wp-json\/wp\/v2\/tags?post=3334"}],"curies":[{"name":"wp","href":"https:\/\/api.w.org\/{rel}","templated":true}]}}