{"id":3323,"date":"2025-07-05T11:55:00","date_gmt":"2025-07-05T09:55:00","guid":{"rendered":"https:\/\/lavoixdelanation.tg\/?p=3323"},"modified":"2025-07-05T19:03:36","modified_gmt":"2025-07-05T17:03:36","slug":"gestion-des-refugies-au-togo-faure-gnassingbe-felicite-par-le-hcr","status":"publish","type":"post","link":"https:\/\/lavoixdelanation.tg\/index.php\/2025\/07\/05\/gestion-des-refugies-au-togo-faure-gnassingbe-felicite-par-le-hcr\/","title":{"rendered":"Gestion des r\u00e9fugi\u00e9s au Togo\u00a0: Faure Gnassingb\u00e9 f\u00e9licit\u00e9 par le HCR"},"content":{"rendered":"\n<p><strong>Une d\u00e9l\u00e9gation du Haut-Commissariat des Nations unies pour les r\u00e9fugi\u00e9s (UNHCR) a \u00e9t\u00e9 re\u00e7ue en audience ce 04 juillet 2025 \u00e0 Lom\u00e9 par le Pr\u00e9sident du Conseil, Faure Gnassingb\u00e9.<\/strong><\/p>\n\n\n\n<p>Conduite par Mme Barrie Freeman, Repr\u00e9sentante-r\u00e9sidente sp\u00e9ciale adjointe du Secr\u00e9taire g\u00e9n\u00e9ral des Nations unies pour l\u2019Afrique de l\u2019ouest et le Sahel, cette visite intervient \u00e0 l\u2019issue d\u2019une r\u00e9union minist\u00e9rielle r\u00e9gionale tenue \u00e0 Lom\u00e9 sur la s\u00e9curit\u00e9 nationale et la protection des r\u00e9fugi\u00e9s.<\/p>\n\n\n\n<p>La d\u00e9l\u00e9gation a exprim\u00e9 sa profonde gratitude au Pr\u00e9sident du Conseil pour l\u2019accueil de cet important \u00e9v\u00e9nement au Togo, qui s\u2019est sold\u00e9 par la signature de la D\u00e9claration de Lom\u00e9, un engagement fort en faveur d\u2019une gestion optimale des mouvements de r\u00e9fugi\u00e9s en Afrique de l\u2019Ouest et au Sahel.<\/p>\n\n\n\n<p>Elle s\u2019est \u00e9galement f\u00e9licit\u00e9e des nombreuses initiatives prises au niveau national pour am\u00e9liorer la protection des r\u00e9fugi\u00e9s.<\/p>\n\n\n\n<p>\u00ab&nbsp;L\u2019objectif \u00e9tait de remercier le Pr\u00e9sident du Conseil pour la tenue au Togo de cette rencontre et pour les initiatives mises en place en vue d\u2019une meilleure gestion des questions d\u2019asile et de s\u00e9curit\u00e9 dans la r\u00e9gion, parce que la r\u00e9ponse aux situations d\u2019asile et aux mouvements de r\u00e9fugi\u00e9s est une r\u00e9ponse qui va au-del\u00e0 de l\u2019aspect s\u00e9curitaire&nbsp;\u00bb, a pr\u00e9cis\u00e9 Raouf Mazou, Haut-Commissaire assistant en charge des op\u00e9rations du HCR, membre de la d\u00e9l\u00e9gation.<\/p>\n\n\n\n<p>La r\u00e9union minist\u00e9rielle r\u00e9gionale sur la s\u00e9curit\u00e9 nationale et la protection des r\u00e9fugi\u00e9s a r\u00e9uni les acteurs de la s\u00e9curit\u00e9 et les gestionnaires des mouvements de r\u00e9fugi\u00e9s du Togo, du B\u00e9nin, du Burkina Faso, de la C\u00f4te d\u2019Ivoire et du Ghana. Les \u00e9changes ont port\u00e9 sur l\u2019appui des Nations unies aux gouvernements, \u00e0 travers une coordination r\u00e9gionale et une approche int\u00e9gr\u00e9e visant \u00e0 soutenir les moyens d\u2019existence des personnes d\u00e9plac\u00e9es de force et des familles h\u00f4tes.<\/p>\n","protected":false},"excerpt":{"rendered":"<p>Une d\u00e9l\u00e9gation du Haut-Commissariat des Nations unies pour les r\u00e9fugi\u00e9s (UNHCR) a \u00e9t\u00e9 re\u00e7ue en audience ce 04 juillet 2025 \u00e0 Lom\u00e9 par le Pr\u00e9sident du Conseil, Faure Gnassingb\u00e9. Conduite&hellip; <\/p>\n","protected":false},"author":1,"featured_media":3324,"comment_status":"open","ping_status":"open","sticky":false,"template":"","format":"standard","meta":{"footnotes":""},"categories":[29],"tags":[786,788,39,787],"class_list":["post-3323","post","type-post","status-publish","format-standard","has-post-thumbnail","hentry","category-societe","tag-hcr","tag-refugies","tag-togo","tag-unhcr"],"yoast_head":"<!-- This site is optimized with the Yoast SEO plugin v26.4 - https:\/\/yoast.com\/wordpress\/plugins\/seo\/ -->\n<title>Gestion des r\u00e9fugi\u00e9s au Togo\u00a0: Faure Gnassingb\u00e9 f\u00e9licit\u00e9 par le HCR - La Voix de la Nation<\/title>\n<meta name=\"description\" content=\"Une d\u00e9l\u00e9gation du Haut-Commissariat des Nations unies pour les r\u00e9fugi\u00e9s (UNHCR) a \u00e9t\u00e9 re\u00e7ue en audience ce 04 juillet 2025 \u00e0 Lom\u00e9 par le Pr\u00e9sident du Conseil, Faure Gnassingb\u00e9.\" \/>\n<meta name=\"robots\" content=\"index, follow, max-snippet:-1, max-image-preview:large, max-video-preview:-1\" \/>\n<link rel=\"canonical\" href=\"https:\/\/lavoixdelanation.tg\/index.php\/2025\/07\/05\/gestion-des-refugies-au-togo-faure-gnassingbe-felicite-par-le-hcr\/\" \/>\n<meta property=\"og:locale\" content=\"fr_FR\" \/>\n<meta property=\"og:type\" content=\"article\" \/>\n<meta property=\"og:title\" content=\"Gestion des r\u00e9fugi\u00e9s au Togo\u00a0: Faure Gnassingb\u00e9 f\u00e9licit\u00e9 par le HCR - La Voix de la Nation\" \/>\n<meta property=\"og:description\" content=\"Une d\u00e9l\u00e9gation du Haut-Commissariat des Nations unies pour les r\u00e9fugi\u00e9s (UNHCR) a \u00e9t\u00e9 re\u00e7ue en audience ce 04 juillet 2025 \u00e0 Lom\u00e9 par le Pr\u00e9sident du Conseil, Faure Gnassingb\u00e9.\" \/>\n<meta property=\"og:url\" content=\"https:\/\/lavoixdelanation.tg\/index.php\/2025\/07\/05\/gestion-des-refugies-au-togo-faure-gnassingbe-felicite-par-le-hcr\/\" \/>\n<meta property=\"og:site_name\" content=\"La Voix de la Nation\" \/>\n<meta property=\"article:publisher\" content=\"https:\/\/www.facebook.com\/lavoixdelanation\" \/>\n<meta property=\"article:published_time\" content=\"2025-07-05T09:55:00+00:00\" \/>\n<meta property=\"article:modified_time\" content=\"2025-07-05T17:03:36+00:00\" \/>\n<meta property=\"og:image\" content=\"https:\/\/lavoixdelanation.tg\/wp-content\/uploads\/2025\/07\/Faure-Gnassingbe-avec-Mme-Barrie-Freeman-a-Lome.jpg\" \/>\n\t<meta property=\"og:image:width\" content=\"650\" \/>\n\t<meta property=\"og:image:height\" content=\"425\" \/>\n\t<meta property=\"og:image:type\" content=\"image\/jpeg\" \/>\n<meta name=\"author\" content=\"La voix de la nation\" \/>\n<meta name=\"twitter:card\" content=\"summary_large_image\" \/>\n<meta name=\"twitter:label1\" content=\"\u00c9crit par\" \/>\n\t<meta name=\"twitter:data1\" content=\"La voix de la nation\" \/>\n\t<meta name=\"twitter:label2\" content=\"Dur\u00e9e de lecture estim\u00e9e\" \/>\n\t<meta name=\"twitter:data2\" content=\"2 minutes\" \/>\n<script type=\"application\/ld+json\" class=\"yoast-schema-graph\">{\"@context\":\"https:\/\/schema.org\",\"@graph\":[{\"@type\":\"Article\",\"@id\":\"https:\/\/lavoixdelanation.tg\/index.php\/2025\/07\/05\/gestion-des-refugies-au-togo-faure-gnassingbe-felicite-par-le-hcr\/#article\",\"isPartOf\":{\"@id\":\"https:\/\/lavoixdelanation.tg\/index.php\/2025\/07\/05\/gestion-des-refugies-au-togo-faure-gnassingbe-felicite-par-le-hcr\/\"},\"author\":{\"name\":\"La voix de la nation\",\"@id\":\"https:\/\/lavoixdelanation.tg\/#\/schema\/person\/6c489293aa38053673a9e554acb6e224\"},\"headline\":\"Gestion des r\u00e9fugi\u00e9s au Togo\u00a0: Faure Gnassingb\u00e9 f\u00e9licit\u00e9 par le HCR\",\"datePublished\":\"2025-07-05T09:55:00+00:00\",\"dateModified\":\"2025-07-05T17:03:36+00:00\",\"mainEntityOfPage\":{\"@id\":\"https:\/\/lavoixdelanation.tg\/index.php\/2025\/07\/05\/gestion-des-refugies-au-togo-faure-gnassingbe-felicite-par-le-hcr\/\"},\"wordCount\":373,\"commentCount\":0,\"publisher\":{\"@id\":\"https:\/\/lavoixdelanation.tg\/#organization\"},\"image\":{\"@id\":\"https:\/\/lavoixdelanation.tg\/index.php\/2025\/07\/05\/gestion-des-refugies-au-togo-faure-gnassingbe-felicite-par-le-hcr\/#primaryimage\"},\"thumbnailUrl\":\"https:\/\/lavoixdelanation.tg\/wp-content\/uploads\/2025\/07\/Faure-Gnassingbe-avec-Mme-Barrie-Freeman-a-Lome.jpg\",\"keywords\":[\"HCR\",\"r\u00e9fugi\u00e9s\",\"Togo\",\"UNHCR\"],\"articleSection\":[\"Soci\u00e9t\u00e9\"],\"inLanguage\":\"fr-FR\",\"potentialAction\":[{\"@type\":\"CommentAction\",\"name\":\"Comment\",\"target\":[\"https:\/\/lavoixdelanation.tg\/index.php\/2025\/07\/05\/gestion-des-refugies-au-togo-faure-gnassingbe-felicite-par-le-hcr\/#respond\"]}]},{\"@type\":\"WebPage\",\"@id\":\"https:\/\/lavoixdelanation.tg\/index.php\/2025\/07\/05\/gestion-des-refugies-au-togo-faure-gnassingbe-felicite-par-le-hcr\/\",\"url\":\"https:\/\/lavoixdelanation.tg\/index.php\/2025\/07\/05\/gestion-des-refugies-au-togo-faure-gnassingbe-felicite-par-le-hcr\/\",\"name\":\"Gestion des r\u00e9fugi\u00e9s au Togo\u00a0: Faure Gnassingb\u00e9 f\u00e9licit\u00e9 par le HCR - La Voix de la Nation\",\"isPartOf\":{\"@id\":\"https:\/\/lavoixdelanation.tg\/#website\"},\"primaryImageOfPage\":{\"@id\":\"https:\/\/lavoixdelanation.tg\/index.php\/2025\/07\/05\/gestion-des-refugies-au-togo-faure-gnassingbe-felicite-par-le-hcr\/#primaryimage\"},\"image\":{\"@id\":\"https:\/\/lavoixdelanation.tg\/index.php\/2025\/07\/05\/gestion-des-refugies-au-togo-faure-gnassingbe-felicite-par-le-hcr\/#primaryimage\"},\"thumbnailUrl\":\"https:\/\/lavoixdelanation.tg\/wp-content\/uploads\/2025\/07\/Faure-Gnassingbe-avec-Mme-Barrie-Freeman-a-Lome.jpg\",\"datePublished\":\"2025-07-05T09:55:00+00:00\",\"dateModified\":\"2025-07-05T17:03:36+00:00\",\"description\":\"Une d\u00e9l\u00e9gation du Haut-Commissariat des Nations unies pour les r\u00e9fugi\u00e9s (UNHCR) a \u00e9t\u00e9 re\u00e7ue en audience ce 04 juillet 2025 \u00e0 Lom\u00e9 par le Pr\u00e9sident du Conseil, Faure Gnassingb\u00e9.\",\"breadcrumb\":{\"@id\":\"https:\/\/lavoixdelanation.tg\/index.php\/2025\/07\/05\/gestion-des-refugies-au-togo-faure-gnassingbe-felicite-par-le-hcr\/#breadcrumb\"},\"inLanguage\":\"fr-FR\",\"potentialAction\":[{\"@type\":\"ReadAction\",\"target\":[\"https:\/\/lavoixdelanation.tg\/index.php\/2025\/07\/05\/gestion-des-refugies-au-togo-faure-gnassingbe-felicite-par-le-hcr\/\"]}]},{\"@type\":\"ImageObject\",\"inLanguage\":\"fr-FR\",\"@id\":\"https:\/\/lavoixdelanation.tg\/index.php\/2025\/07\/05\/gestion-des-refugies-au-togo-faure-gnassingbe-felicite-par-le-hcr\/#primaryimage\",\"url\":\"https:\/\/lavoixdelanation.tg\/wp-content\/uploads\/2025\/07\/Faure-Gnassingbe-avec-Mme-Barrie-Freeman-a-Lome.jpg\",\"contentUrl\":\"https:\/\/lavoixdelanation.tg\/wp-content\/uploads\/2025\/07\/Faure-Gnassingbe-avec-Mme-Barrie-Freeman-a-Lome.jpg\",\"width\":650,\"height\":425,\"caption\":\"Faure Gnassingb\u00e9 avec Mme Barrie Freeman \u00e0 Lom\u00e9\"},{\"@type\":\"BreadcrumbList\",\"@id\":\"https:\/\/lavoixdelanation.tg\/index.php\/2025\/07\/05\/gestion-des-refugies-au-togo-faure-gnassingbe-felicite-par-le-hcr\/#breadcrumb\",\"itemListElement\":[{\"@type\":\"ListItem\",\"position\":1,\"name\":\"Accueil\",\"item\":\"https:\/\/lavoixdelanation.tg\/\"},{\"@type\":\"ListItem\",\"position\":2,\"name\":\"Gestion des r\u00e9fugi\u00e9s au Togo\u00a0: Faure Gnassingb\u00e9 f\u00e9licit\u00e9 par le HCR\"}]},{\"@type\":\"WebSite\",\"@id\":\"https:\/\/lavoixdelanation.tg\/#website\",\"url\":\"https:\/\/lavoixdelanation.tg\/\",\"name\":\"La Voix de la Nation\",\"description\":\"R\u00e9c\u00e9piss\u00e9 n\u00b00108\/HAAC\/01-2024\/pl\/P\",\"publisher\":{\"@id\":\"https:\/\/lavoixdelanation.tg\/#organization\"},\"alternateName\":\"VON\",\"potentialAction\":[{\"@type\":\"SearchAction\",\"target\":{\"@type\":\"EntryPoint\",\"urlTemplate\":\"https:\/\/lavoixdelanation.tg\/?s={search_term_string}\"},\"query-input\":{\"@type\":\"PropertyValueSpecification\",\"valueRequired\":true,\"valueName\":\"search_term_string\"}}],\"inLanguage\":\"fr-FR\"},{\"@type\":\"Organization\",\"@id\":\"https:\/\/lavoixdelanation.tg\/#organization\",\"name\":\"La Voix de la Nation\",\"url\":\"https:\/\/lavoixdelanation.tg\/\",\"logo\":{\"@type\":\"ImageObject\",\"inLanguage\":\"fr-FR\",\"@id\":\"https:\/\/lavoixdelanation.tg\/#\/schema\/logo\/image\/\",\"url\":\"https:\/\/lavoixdelanation.tg\/wp-content\/uploads\/2024\/12\/lavn-1.png\",\"contentUrl\":\"https:\/\/lavoixdelanation.tg\/wp-content\/uploads\/2024\/12\/lavn-1.png\",\"width\":1024,\"height\":464,\"caption\":\"La Voix de la Nation\"},\"image\":{\"@id\":\"https:\/\/lavoixdelanation.tg\/#\/schema\/logo\/image\/\"},\"sameAs\":[\"https:\/\/www.facebook.com\/lavoixdelanation\"]},{\"@type\":\"Person\",\"@id\":\"https:\/\/lavoixdelanation.tg\/#\/schema\/person\/6c489293aa38053673a9e554acb6e224\",\"name\":\"La voix de la nation\",\"image\":{\"@type\":\"ImageObject\",\"inLanguage\":\"fr-FR\",\"@id\":\"https:\/\/lavoixdelanation.tg\/#\/schema\/person\/image\/\",\"url\":\"https:\/\/secure.gravatar.com\/avatar\/8aa135d4bbc794494cecaa8d483f6d6cc1023624868deaff686baed5e727a5a1?s=96&d=mm&r=g\",\"contentUrl\":\"https:\/\/secure.gravatar.com\/avatar\/8aa135d4bbc794494cecaa8d483f6d6cc1023624868deaff686baed5e727a5a1?s=96&d=mm&r=g\",\"caption\":\"La voix de la nation\"},\"sameAs\":[\"https:\/\/lavoixdelanation.tg\"],\"url\":\"https:\/\/lavoixdelanation.tg\/index.php\/author\/lavn\/\"}]}<\/script>\n<!-- \/ Yoast SEO plugin. -->","yoast_head_json":{"title":"Gestion des r\u00e9fugi\u00e9s au Togo\u00a0: Faure Gnassingb\u00e9 f\u00e9licit\u00e9 par le HCR - La Voix de la Nation","description":"Une d\u00e9l\u00e9gation du Haut-Commissariat des Nations unies pour les r\u00e9fugi\u00e9s (UNHCR) a \u00e9t\u00e9 re\u00e7ue en audience ce 04 juillet 2025 \u00e0 Lom\u00e9 par le Pr\u00e9sident du Conseil, Faure Gnassingb\u00e9.","robots":{"index":"index","follow":"follow","max-snippet":"max-snippet:-1","max-image-preview":"max-image-preview:large","max-video-preview":"max-video-preview:-1"},"canonical":"https:\/\/lavoixdelanation.tg\/index.php\/2025\/07\/05\/gestion-des-refugies-au-togo-faure-gnassingbe-felicite-par-le-hcr\/","og_locale":"fr_FR","og_type":"article","og_title":"Gestion des r\u00e9fugi\u00e9s au Togo\u00a0: Faure Gnassingb\u00e9 f\u00e9licit\u00e9 par le HCR - La Voix de la Nation","og_description":"Une d\u00e9l\u00e9gation du Haut-Commissariat des Nations unies pour les r\u00e9fugi\u00e9s (UNHCR) a \u00e9t\u00e9 re\u00e7ue en audience ce 04 juillet 2025 \u00e0 Lom\u00e9 par le Pr\u00e9sident du Conseil, Faure Gnassingb\u00e9.","og_url":"https:\/\/lavoixdelanation.tg\/index.php\/2025\/07\/05\/gestion-des-refugies-au-togo-faure-gnassingbe-felicite-par-le-hcr\/","og_site_name":"La Voix de la Nation","article_publisher":"https:\/\/www.facebook.com\/lavoixdelanation","article_published_time":"2025-07-05T09:55:00+00:00","article_modified_time":"2025-07-05T17:03:36+00:00","og_image":[{"width":650,"height":425,"url":"https:\/\/lavoixdelanation.tg\/wp-content\/uploads\/2025\/07\/Faure-Gnassingbe-avec-Mme-Barrie-Freeman-a-Lome.jpg","type":"image\/jpeg"}],"author":"La voix de la nation","twitter_card":"summary_large_image","twitter_misc":{"\u00c9crit par":"La voix de la nation","Dur\u00e9e de lecture estim\u00e9e":"2 minutes"},"schema":{"@context":"https:\/\/schema.org","@graph":[{"@type":"Article","@id":"https:\/\/lavoixdelanation.tg\/index.php\/2025\/07\/05\/gestion-des-refugies-au-togo-faure-gnassingbe-felicite-par-le-hcr\/#article","isPartOf":{"@id":"https:\/\/lavoixdelanation.tg\/index.php\/2025\/07\/05\/gestion-des-refugies-au-togo-faure-gnassingbe-felicite-par-le-hcr\/"},"author":{"name":"La voix de la nation","@id":"https:\/\/lavoixdelanation.tg\/#\/schema\/person\/6c489293aa38053673a9e554acb6e224"},"headline":"Gestion des r\u00e9fugi\u00e9s au Togo\u00a0: Faure Gnassingb\u00e9 f\u00e9licit\u00e9 par le HCR","datePublished":"2025-07-05T09:55:00+00:00","dateModified":"2025-07-05T17:03:36+00:00","mainEntityOfPage":{"@id":"https:\/\/lavoixdelanation.tg\/index.php\/2025\/07\/05\/gestion-des-refugies-au-togo-faure-gnassingbe-felicite-par-le-hcr\/"},"wordCount":373,"commentCount":0,"publisher":{"@id":"https:\/\/lavoixdelanation.tg\/#organization"},"image":{"@id":"https:\/\/lavoixdelanation.tg\/index.php\/2025\/07\/05\/gestion-des-refugies-au-togo-faure-gnassingbe-felicite-par-le-hcr\/#primaryimage"},"thumbnailUrl":"https:\/\/lavoixdelanation.tg\/wp-content\/uploads\/2025\/07\/Faure-Gnassingbe-avec-Mme-Barrie-Freeman-a-Lome.jpg","keywords":["HCR","r\u00e9fugi\u00e9s","Togo","UNHCR"],"articleSection":["Soci\u00e9t\u00e9"],"inLanguage":"fr-FR","potentialAction":[{"@type":"CommentAction","name":"Comment","target":["https:\/\/lavoixdelanation.tg\/index.php\/2025\/07\/05\/gestion-des-refugies-au-togo-faure-gnassingbe-felicite-par-le-hcr\/#respond"]}]},{"@type":"WebPage","@id":"https:\/\/lavoixdelanation.tg\/index.php\/2025\/07\/05\/gestion-des-refugies-au-togo-faure-gnassingbe-felicite-par-le-hcr\/","url":"https:\/\/lavoixdelanation.tg\/index.php\/2025\/07\/05\/gestion-des-refugies-au-togo-faure-gnassingbe-felicite-par-le-hcr\/","name":"Gestion des r\u00e9fugi\u00e9s au Togo\u00a0: Faure Gnassingb\u00e9 f\u00e9licit\u00e9 par le HCR - La Voix de la Nation","isPartOf":{"@id":"https:\/\/lavoixdelanation.tg\/#website"},"primaryImageOfPage":{"@id":"https:\/\/lavoixdelanation.tg\/index.php\/2025\/07\/05\/gestion-des-refugies-au-togo-faure-gnassingbe-felicite-par-le-hcr\/#primaryimage"},"image":{"@id":"https:\/\/lavoixdelanation.tg\/index.php\/2025\/07\/05\/gestion-des-refugies-au-togo-faure-gnassingbe-felicite-par-le-hcr\/#primaryimage"},"thumbnailUrl":"https:\/\/lavoixdelanation.tg\/wp-content\/uploads\/2025\/07\/Faure-Gnassingbe-avec-Mme-Barrie-Freeman-a-Lome.jpg","datePublished":"2025-07-05T09:55:00+00:00","dateModified":"2025-07-05T17:03:36+00:00","description":"Une d\u00e9l\u00e9gation du Haut-Commissariat des Nations unies pour les r\u00e9fugi\u00e9s (UNHCR) a \u00e9t\u00e9 re\u00e7ue en audience ce 04 juillet 2025 \u00e0 Lom\u00e9 par le Pr\u00e9sident du Conseil, Faure Gnassingb\u00e9.","breadcrumb":{"@id":"https:\/\/lavoixdelanation.tg\/index.php\/2025\/07\/05\/gestion-des-refugies-au-togo-faure-gnassingbe-felicite-par-le-hcr\/#breadcrumb"},"inLanguage":"fr-FR","potentialAction":[{"@type":"ReadAction","target":["https:\/\/lavoixdelanation.tg\/index.php\/2025\/07\/05\/gestion-des-refugies-au-togo-faure-gnassingbe-felicite-par-le-hcr\/"]}]},{"@type":"ImageObject","inLanguage":"fr-FR","@id":"https:\/\/lavoixdelanation.tg\/index.php\/2025\/07\/05\/gestion-des-refugies-au-togo-faure-gnassingbe-felicite-par-le-hcr\/#primaryimage","url":"https:\/\/lavoixdelanation.tg\/wp-content\/uploads\/2025\/07\/Faure-Gnassingbe-avec-Mme-Barrie-Freeman-a-Lome.jpg","contentUrl":"https:\/\/lavoixdelanation.tg\/wp-content\/uploads\/2025\/07\/Faure-Gnassingbe-avec-Mme-Barrie-Freeman-a-Lome.jpg","width":650,"height":425,"caption":"Faure Gnassingb\u00e9 avec Mme Barrie Freeman \u00e0 Lom\u00e9"},{"@type":"BreadcrumbList","@id":"https:\/\/lavoixdelanation.tg\/index.php\/2025\/07\/05\/gestion-des-refugies-au-togo-faure-gnassingbe-felicite-par-le-hcr\/#breadcrumb","itemListElement":[{"@type":"ListItem","position":1,"name":"Accueil","item":"https:\/\/lavoixdelanation.tg\/"},{"@type":"ListItem","position":2,"name":"Gestion des r\u00e9fugi\u00e9s au Togo\u00a0: Faure Gnassingb\u00e9 f\u00e9licit\u00e9 par le HCR"}]},{"@type":"WebSite","@id":"https:\/\/lavoixdelanation.tg\/#website","url":"https:\/\/lavoixdelanation.tg\/","name":"La Voix de la Nation","description":"R\u00e9c\u00e9piss\u00e9 n\u00b00108\/HAAC\/01-2024\/pl\/P","publisher":{"@id":"https:\/\/lavoixdelanation.tg\/#organization"},"alternateName":"VON","potentialAction":[{"@type":"SearchAction","target":{"@type":"EntryPoint","urlTemplate":"https:\/\/lavoixdelanation.tg\/?s={search_term_string}"},"query-input":{"@type":"PropertyValueSpecification","valueRequired":true,"valueName":"search_term_string"}}],"inLanguage":"fr-FR"},{"@type":"Organization","@id":"https:\/\/lavoixdelanation.tg\/#organization","name":"La Voix de la Nation","url":"https:\/\/lavoixdelanation.tg\/","logo":{"@type":"ImageObject","inLanguage":"fr-FR","@id":"https:\/\/lavoixdelanation.tg\/#\/schema\/logo\/image\/","url":"https:\/\/lavoixdelanation.tg\/wp-content\/uploads\/2024\/12\/lavn-1.png","contentUrl":"https:\/\/lavoixdelanation.tg\/wp-content\/uploads\/2024\/12\/lavn-1.png","width":1024,"height":464,"caption":"La Voix de la Nation"},"image":{"@id":"https:\/\/lavoixdelanation.tg\/#\/schema\/logo\/image\/"},"sameAs":["https:\/\/www.facebook.com\/lavoixdelanation"]},{"@type":"Person","@id":"https:\/\/lavoixdelanation.tg\/#\/schema\/person\/6c489293aa38053673a9e554acb6e224","name":"La voix de la nation","image":{"@type":"ImageObject","inLanguage":"fr-FR","@id":"https:\/\/lavoixdelanation.tg\/#\/schema\/person\/image\/","url":"https:\/\/secure.gravatar.com\/avatar\/8aa135d4bbc794494cecaa8d483f6d6cc1023624868deaff686baed5e727a5a1?s=96&d=mm&r=g","contentUrl":"https:\/\/secure.gravatar.com\/avatar\/8aa135d4bbc794494cecaa8d483f6d6cc1023624868deaff686baed5e727a5a1?s=96&d=mm&r=g","caption":"La voix de la nation"},"sameAs":["https:\/\/lavoixdelanation.tg"],"url":"https:\/\/lavoixdelanation.tg\/index.php\/author\/lavn\/"}]}},"_links":{"self":[{"href":"https:\/\/lavoixdelanation.tg\/index.php\/wp-json\/wp\/v2\/posts\/3323","targetHints":{"allow":["GET"]}}],"collection":[{"href":"https:\/\/lavoixdelanation.tg\/index.php\/wp-json\/wp\/v2\/posts"}],"about":[{"href":"https:\/\/lavoixdelanation.tg\/index.php\/wp-json\/wp\/v2\/types\/post"}],"author":[{"embeddable":true,"href":"https:\/\/lavoixdelanation.tg\/index.php\/wp-json\/wp\/v2\/users\/1"}],"replies":[{"embeddable":true,"href":"https:\/\/lavoixdelanation.tg\/index.php\/wp-json\/wp\/v2\/comments?post=3323"}],"version-history":[{"count":1,"href":"https:\/\/lavoixdelanation.tg\/index.php\/wp-json\/wp\/v2\/posts\/3323\/revisions"}],"predecessor-version":[{"id":3325,"href":"https:\/\/lavoixdelanation.tg\/index.php\/wp-json\/wp\/v2\/posts\/3323\/revisions\/3325"}],"wp:featuredmedia":[{"embeddable":true,"href":"https:\/\/lavoixdelanation.tg\/index.php\/wp-json\/wp\/v2\/media\/3324"}],"wp:attachment":[{"href":"https:\/\/lavoixdelanation.tg\/index.php\/wp-json\/wp\/v2\/media?parent=3323"}],"wp:term":[{"taxonomy":"category","embeddable":true,"href":"https:\/\/lavoixdelanation.tg\/index.php\/wp-json\/wp\/v2\/categories?post=3323"},{"taxonomy":"post_tag","embeddable":true,"href":"https:\/\/lavoixdelanation.tg\/index.php\/wp-json\/wp\/v2\/tags?post=3323"}],"curies":[{"name":"wp","href":"https:\/\/api.w.org\/{rel}","templated":true}]}}