{"id":3284,"date":"2025-07-02T09:32:00","date_gmt":"2025-07-02T07:32:00","guid":{"rendered":"https:\/\/lavoixdelanation.tg\/?p=3284"},"modified":"2025-07-02T20:37:11","modified_gmt":"2025-07-02T18:37:11","slug":"mediation-en-rdc-lunion-europeenne-apporte-son-soutien-au-togo","status":"publish","type":"post","link":"https:\/\/lavoixdelanation.tg\/index.php\/2025\/07\/02\/mediation-en-rdc-lunion-europeenne-apporte-son-soutien-au-togo\/","title":{"rendered":"M\u00e9diation en RDC\u00a0: L\u2019Union europ\u00e9enne apporte son soutien au Togo"},"content":{"rendered":"\n<p>L\u2019Union europ\u00e9enne r\u00e9affirme sa volont\u00e9 d\u2019accompagner pleinement la m\u00e9diation togolaise en cours pour la stabilit\u00e9 et la paix durable dans la r\u00e9gion des Grands Lacs, en particulier \u00e0 l\u2019Est de la RDC.<\/p>\n\n\n\n<p>C\u2019est \u00e0 travers la voix de son Repr\u00e9sentant sp\u00e9cial pour la r\u00e9gion des Grands Lacs, Johan Borgstam re\u00e7u ce 1\u1d49\u02b3 juillet 2025 \u00e0 Lom\u00e9 par Faure Gnassingb\u00e9, M\u00e9diateur de l\u2019Union africaine dans la crise en R\u00e9publique D\u00e9mocratique du Congo (RDC).<\/p>\n\n\n\n<p>\u00ab&nbsp;J\u2019ai eu des \u00e9changes chaleureux et tr\u00e8s fructueux avec le Pr\u00e9sident du Conseil au vu de son mandat de l\u2019Union africaine en tant que m\u00e9diateur. J\u2019ai fortement soulign\u00e9 l\u2019importance qu\u2019attache l\u2019Union europ\u00e9enne \u00e0 ce que tous les efforts de m\u00e9diation pour la r\u00e9gion des Grands Lacs soient bien coordonn\u00e9s. J\u2019ai aussi r\u00e9affirm\u00e9 au Pr\u00e9sident du Conseil la volont\u00e9 de l\u2019Union europ\u00e9enne de soutenir les diff\u00e9rents efforts de m\u00e9diation&nbsp;en cours \u00bb a en effet d\u00e9clar\u00e9 Johan Borgstam \u00e0 l\u2019issue de l\u2019audience.<\/p>\n\n\n\n<figure class=\"wp-block-embed is-type-rich is-provider-twitter wp-block-embed-twitter\"><div class=\"wp-block-embed__wrapper\">\n<blockquote class=\"twitter-tweet\" data-width=\"550\" data-dnt=\"true\"><p lang=\"fr\" dir=\"ltr\">Le Pr\u00e9sident du Conseil, <a href=\"https:\/\/twitter.com\/FEGnassingbe?ref_src=twsrc%5Etfw\">@FEGnassingbe<\/a>, M\u00e9diateur de l\u2019Union africaine dans la crise en R\u00e9publique D\u00e9mocratique du Congo s\u2019est entretenu ce 1\u1d49\u02b3 juillet 2025 avec Johan Borgstam, Repr\u00e9sentant sp\u00e9cial de l\u2019Union europ\u00e9enne pour la r\u00e9gion des Grands Lacs. <a href=\"https:\/\/t.co\/oik0J9dVLy\">https:\/\/t.co\/oik0J9dVLy<\/a> <a href=\"https:\/\/t.co\/19JyzfY6ge\">pic.twitter.com\/19JyzfY6ge<\/a><\/p>&mdash; Pr\u00e9sidence du Conseil du Togo (@presidencecstg) <a href=\"https:\/\/twitter.com\/presidencecstg\/status\/1940098405776466326?ref_src=twsrc%5Etfw\">July 1, 2025<\/a><\/blockquote><script async src=\"https:\/\/platform.twitter.com\/widgets.js\" charset=\"utf-8\"><\/script>\n<\/div><\/figure>\n\n\n\n<p>Il a salu\u00e9 la signature le 27 juin dernier \u00e0 Washington aux USA d\u2019un Accord de paix entre la R\u00e9publique D\u00e9mocratique du Congo (RDC) et le Rwanda, en pr\u00e9sence d\u2019une d\u00e9l\u00e9gation minist\u00e9rielle du Togo.<\/p>\n\n\n\n<p>Johan Borgstam estime que la mise en \u0153uvre effective de cet accord, constitue d\u00e9sormais l\u2019enjeu principal des efforts de m\u00e9diation pour garantir la viabilit\u00e9 et la durabilit\u00e9 du processus de paix dans l\u2019Est de la RDC.<\/p>\n\n\n\n<p>\u00ab&nbsp;J\u2019ai soulign\u00e9 l\u2019importance pour l\u2019Union europ\u00e9enne de cet accord de paix. C\u2019est un pas important dans la bonne direction, mais ce qui compte maintenant, c\u2019est la mise en \u0153uvre avec l\u2019implication et la participation des populations concern\u00e9es&nbsp;afin qu\u2019on puisse s\u00e9curiser la viabilit\u00e9 et la durabilit\u00e9 de cet accord de paix \u00bb a-t-il fait savoir.<\/p>\n\n\n\n<p><strong>La R\u00e9daction<\/strong><\/p>\n","protected":false},"excerpt":{"rendered":"<p>L\u2019Union europ\u00e9enne r\u00e9affirme sa volont\u00e9 d\u2019accompagner pleinement la m\u00e9diation togolaise en cours pour la stabilit\u00e9 et la paix durable dans la r\u00e9gion des Grands Lacs, en particulier \u00e0 l\u2019Est de&hellip; <\/p>\n","protected":false},"author":1,"featured_media":3285,"comment_status":"open","ping_status":"open","sticky":false,"template":"","format":"standard","meta":{"footnotes":""},"categories":[12],"tags":[],"class_list":["post-3284","post","type-post","status-publish","format-standard","has-post-thumbnail","hentry","category-diplomatie"],"yoast_head":"<!-- This site is optimized with the Yoast SEO plugin v26.4 - https:\/\/yoast.com\/wordpress\/plugins\/seo\/ -->\n<title>M\u00e9diation en RDC\u00a0: L\u2019Union europ\u00e9enne apporte son soutien au Togo - La Voix de la Nation<\/title>\n<meta name=\"description\" content=\"L\u2019Union europ\u00e9enne r\u00e9affirme sa volont\u00e9 d\u2019accompagner pleinement la m\u00e9diation togolaise en cours pour la stabilit\u00e9 et la paix durable dans la r\u00e9gion des Grands Lacs, en particulier \u00e0 l\u2019Est de la RDC.\" \/>\n<meta name=\"robots\" content=\"index, follow, max-snippet:-1, max-image-preview:large, max-video-preview:-1\" \/>\n<link rel=\"canonical\" href=\"https:\/\/lavoixdelanation.tg\/index.php\/2025\/07\/02\/mediation-en-rdc-lunion-europeenne-apporte-son-soutien-au-togo\/\" \/>\n<meta property=\"og:locale\" content=\"fr_FR\" \/>\n<meta property=\"og:type\" content=\"article\" \/>\n<meta property=\"og:title\" content=\"M\u00e9diation en RDC\u00a0: L\u2019Union europ\u00e9enne apporte son soutien au Togo - La Voix de la Nation\" \/>\n<meta property=\"og:description\" content=\"L\u2019Union europ\u00e9enne r\u00e9affirme sa volont\u00e9 d\u2019accompagner pleinement la m\u00e9diation togolaise en cours pour la stabilit\u00e9 et la paix durable dans la r\u00e9gion des Grands Lacs, en particulier \u00e0 l\u2019Est de la RDC.\" \/>\n<meta property=\"og:url\" content=\"https:\/\/lavoixdelanation.tg\/index.php\/2025\/07\/02\/mediation-en-rdc-lunion-europeenne-apporte-son-soutien-au-togo\/\" \/>\n<meta property=\"og:site_name\" content=\"La Voix de la Nation\" \/>\n<meta property=\"article:publisher\" content=\"https:\/\/www.facebook.com\/lavoixdelanation\" \/>\n<meta property=\"article:published_time\" content=\"2025-07-02T07:32:00+00:00\" \/>\n<meta property=\"article:modified_time\" content=\"2025-07-02T18:37:11+00:00\" \/>\n<meta property=\"og:image\" content=\"https:\/\/lavoixdelanation.tg\/wp-content\/uploads\/2025\/07\/Faure-Gnassingbe-avec-Johan-Borgstam-a-Lome.jpg\" \/>\n\t<meta property=\"og:image:width\" content=\"650\" \/>\n\t<meta property=\"og:image:height\" content=\"450\" \/>\n\t<meta property=\"og:image:type\" content=\"image\/jpeg\" \/>\n<meta name=\"author\" content=\"La voix de la nation\" \/>\n<meta name=\"twitter:card\" content=\"summary_large_image\" \/>\n<meta name=\"twitter:label1\" content=\"\u00c9crit par\" \/>\n\t<meta name=\"twitter:data1\" content=\"La voix de la nation\" \/>\n\t<meta name=\"twitter:label2\" content=\"Dur\u00e9e de lecture estim\u00e9e\" \/>\n\t<meta name=\"twitter:data2\" content=\"2 minutes\" \/>\n<script type=\"application\/ld+json\" class=\"yoast-schema-graph\">{\"@context\":\"https:\/\/schema.org\",\"@graph\":[{\"@type\":\"Article\",\"@id\":\"https:\/\/lavoixdelanation.tg\/index.php\/2025\/07\/02\/mediation-en-rdc-lunion-europeenne-apporte-son-soutien-au-togo\/#article\",\"isPartOf\":{\"@id\":\"https:\/\/lavoixdelanation.tg\/index.php\/2025\/07\/02\/mediation-en-rdc-lunion-europeenne-apporte-son-soutien-au-togo\/\"},\"author\":{\"name\":\"La voix de la nation\",\"@id\":\"https:\/\/lavoixdelanation.tg\/#\/schema\/person\/6c489293aa38053673a9e554acb6e224\"},\"headline\":\"M\u00e9diation en RDC\u00a0: L\u2019Union europ\u00e9enne apporte son soutien au Togo\",\"datePublished\":\"2025-07-02T07:32:00+00:00\",\"dateModified\":\"2025-07-02T18:37:11+00:00\",\"mainEntityOfPage\":{\"@id\":\"https:\/\/lavoixdelanation.tg\/index.php\/2025\/07\/02\/mediation-en-rdc-lunion-europeenne-apporte-son-soutien-au-togo\/\"},\"wordCount\":385,\"commentCount\":0,\"publisher\":{\"@id\":\"https:\/\/lavoixdelanation.tg\/#organization\"},\"image\":{\"@id\":\"https:\/\/lavoixdelanation.tg\/index.php\/2025\/07\/02\/mediation-en-rdc-lunion-europeenne-apporte-son-soutien-au-togo\/#primaryimage\"},\"thumbnailUrl\":\"https:\/\/lavoixdelanation.tg\/wp-content\/uploads\/2025\/07\/Faure-Gnassingbe-avec-Johan-Borgstam-a-Lome.jpg\",\"articleSection\":[\"Diplomatie\"],\"inLanguage\":\"fr-FR\",\"potentialAction\":[{\"@type\":\"CommentAction\",\"name\":\"Comment\",\"target\":[\"https:\/\/lavoixdelanation.tg\/index.php\/2025\/07\/02\/mediation-en-rdc-lunion-europeenne-apporte-son-soutien-au-togo\/#respond\"]}]},{\"@type\":\"WebPage\",\"@id\":\"https:\/\/lavoixdelanation.tg\/index.php\/2025\/07\/02\/mediation-en-rdc-lunion-europeenne-apporte-son-soutien-au-togo\/\",\"url\":\"https:\/\/lavoixdelanation.tg\/index.php\/2025\/07\/02\/mediation-en-rdc-lunion-europeenne-apporte-son-soutien-au-togo\/\",\"name\":\"M\u00e9diation en RDC\u00a0: L\u2019Union europ\u00e9enne apporte son soutien au Togo - La Voix de la Nation\",\"isPartOf\":{\"@id\":\"https:\/\/lavoixdelanation.tg\/#website\"},\"primaryImageOfPage\":{\"@id\":\"https:\/\/lavoixdelanation.tg\/index.php\/2025\/07\/02\/mediation-en-rdc-lunion-europeenne-apporte-son-soutien-au-togo\/#primaryimage\"},\"image\":{\"@id\":\"https:\/\/lavoixdelanation.tg\/index.php\/2025\/07\/02\/mediation-en-rdc-lunion-europeenne-apporte-son-soutien-au-togo\/#primaryimage\"},\"thumbnailUrl\":\"https:\/\/lavoixdelanation.tg\/wp-content\/uploads\/2025\/07\/Faure-Gnassingbe-avec-Johan-Borgstam-a-Lome.jpg\",\"datePublished\":\"2025-07-02T07:32:00+00:00\",\"dateModified\":\"2025-07-02T18:37:11+00:00\",\"description\":\"L\u2019Union europ\u00e9enne r\u00e9affirme sa volont\u00e9 d\u2019accompagner pleinement la m\u00e9diation togolaise en cours pour la stabilit\u00e9 et la paix durable dans la r\u00e9gion des Grands Lacs, en particulier \u00e0 l\u2019Est de la RDC.\",\"breadcrumb\":{\"@id\":\"https:\/\/lavoixdelanation.tg\/index.php\/2025\/07\/02\/mediation-en-rdc-lunion-europeenne-apporte-son-soutien-au-togo\/#breadcrumb\"},\"inLanguage\":\"fr-FR\",\"potentialAction\":[{\"@type\":\"ReadAction\",\"target\":[\"https:\/\/lavoixdelanation.tg\/index.php\/2025\/07\/02\/mediation-en-rdc-lunion-europeenne-apporte-son-soutien-au-togo\/\"]}]},{\"@type\":\"ImageObject\",\"inLanguage\":\"fr-FR\",\"@id\":\"https:\/\/lavoixdelanation.tg\/index.php\/2025\/07\/02\/mediation-en-rdc-lunion-europeenne-apporte-son-soutien-au-togo\/#primaryimage\",\"url\":\"https:\/\/lavoixdelanation.tg\/wp-content\/uploads\/2025\/07\/Faure-Gnassingbe-avec-Johan-Borgstam-a-Lome.jpg\",\"contentUrl\":\"https:\/\/lavoixdelanation.tg\/wp-content\/uploads\/2025\/07\/Faure-Gnassingbe-avec-Johan-Borgstam-a-Lome.jpg\",\"width\":650,\"height\":450,\"caption\":\"Faure Gnassingb\u00e9 avec Johan Borgstam \u00e0 Lom\u00e9\"},{\"@type\":\"BreadcrumbList\",\"@id\":\"https:\/\/lavoixdelanation.tg\/index.php\/2025\/07\/02\/mediation-en-rdc-lunion-europeenne-apporte-son-soutien-au-togo\/#breadcrumb\",\"itemListElement\":[{\"@type\":\"ListItem\",\"position\":1,\"name\":\"Accueil\",\"item\":\"https:\/\/lavoixdelanation.tg\/\"},{\"@type\":\"ListItem\",\"position\":2,\"name\":\"M\u00e9diation en RDC\u00a0: L\u2019Union europ\u00e9enne apporte son soutien au Togo\"}]},{\"@type\":\"WebSite\",\"@id\":\"https:\/\/lavoixdelanation.tg\/#website\",\"url\":\"https:\/\/lavoixdelanation.tg\/\",\"name\":\"La Voix de la Nation\",\"description\":\"R\u00e9c\u00e9piss\u00e9 n\u00b00108\/HAAC\/01-2024\/pl\/P\",\"publisher\":{\"@id\":\"https:\/\/lavoixdelanation.tg\/#organization\"},\"alternateName\":\"VON\",\"potentialAction\":[{\"@type\":\"SearchAction\",\"target\":{\"@type\":\"EntryPoint\",\"urlTemplate\":\"https:\/\/lavoixdelanation.tg\/?s={search_term_string}\"},\"query-input\":{\"@type\":\"PropertyValueSpecification\",\"valueRequired\":true,\"valueName\":\"search_term_string\"}}],\"inLanguage\":\"fr-FR\"},{\"@type\":\"Organization\",\"@id\":\"https:\/\/lavoixdelanation.tg\/#organization\",\"name\":\"La Voix de la Nation\",\"url\":\"https:\/\/lavoixdelanation.tg\/\",\"logo\":{\"@type\":\"ImageObject\",\"inLanguage\":\"fr-FR\",\"@id\":\"https:\/\/lavoixdelanation.tg\/#\/schema\/logo\/image\/\",\"url\":\"https:\/\/lavoixdelanation.tg\/wp-content\/uploads\/2024\/12\/lavn-1.png\",\"contentUrl\":\"https:\/\/lavoixdelanation.tg\/wp-content\/uploads\/2024\/12\/lavn-1.png\",\"width\":1024,\"height\":464,\"caption\":\"La Voix de la Nation\"},\"image\":{\"@id\":\"https:\/\/lavoixdelanation.tg\/#\/schema\/logo\/image\/\"},\"sameAs\":[\"https:\/\/www.facebook.com\/lavoixdelanation\"]},{\"@type\":\"Person\",\"@id\":\"https:\/\/lavoixdelanation.tg\/#\/schema\/person\/6c489293aa38053673a9e554acb6e224\",\"name\":\"La voix de la nation\",\"image\":{\"@type\":\"ImageObject\",\"inLanguage\":\"fr-FR\",\"@id\":\"https:\/\/lavoixdelanation.tg\/#\/schema\/person\/image\/\",\"url\":\"https:\/\/secure.gravatar.com\/avatar\/8aa135d4bbc794494cecaa8d483f6d6cc1023624868deaff686baed5e727a5a1?s=96&d=mm&r=g\",\"contentUrl\":\"https:\/\/secure.gravatar.com\/avatar\/8aa135d4bbc794494cecaa8d483f6d6cc1023624868deaff686baed5e727a5a1?s=96&d=mm&r=g\",\"caption\":\"La voix de la nation\"},\"sameAs\":[\"https:\/\/lavoixdelanation.tg\"],\"url\":\"https:\/\/lavoixdelanation.tg\/index.php\/author\/lavn\/\"}]}<\/script>\n<!-- \/ Yoast SEO plugin. -->","yoast_head_json":{"title":"M\u00e9diation en RDC\u00a0: L\u2019Union europ\u00e9enne apporte son soutien au Togo - La Voix de la Nation","description":"L\u2019Union europ\u00e9enne r\u00e9affirme sa volont\u00e9 d\u2019accompagner pleinement la m\u00e9diation togolaise en cours pour la stabilit\u00e9 et la paix durable dans la r\u00e9gion des Grands Lacs, en particulier \u00e0 l\u2019Est de la RDC.","robots":{"index":"index","follow":"follow","max-snippet":"max-snippet:-1","max-image-preview":"max-image-preview:large","max-video-preview":"max-video-preview:-1"},"canonical":"https:\/\/lavoixdelanation.tg\/index.php\/2025\/07\/02\/mediation-en-rdc-lunion-europeenne-apporte-son-soutien-au-togo\/","og_locale":"fr_FR","og_type":"article","og_title":"M\u00e9diation en RDC\u00a0: L\u2019Union europ\u00e9enne apporte son soutien au Togo - La Voix de la Nation","og_description":"L\u2019Union europ\u00e9enne r\u00e9affirme sa volont\u00e9 d\u2019accompagner pleinement la m\u00e9diation togolaise en cours pour la stabilit\u00e9 et la paix durable dans la r\u00e9gion des Grands Lacs, en particulier \u00e0 l\u2019Est de la RDC.","og_url":"https:\/\/lavoixdelanation.tg\/index.php\/2025\/07\/02\/mediation-en-rdc-lunion-europeenne-apporte-son-soutien-au-togo\/","og_site_name":"La Voix de la Nation","article_publisher":"https:\/\/www.facebook.com\/lavoixdelanation","article_published_time":"2025-07-02T07:32:00+00:00","article_modified_time":"2025-07-02T18:37:11+00:00","og_image":[{"width":650,"height":450,"url":"https:\/\/lavoixdelanation.tg\/wp-content\/uploads\/2025\/07\/Faure-Gnassingbe-avec-Johan-Borgstam-a-Lome.jpg","type":"image\/jpeg"}],"author":"La voix de la nation","twitter_card":"summary_large_image","twitter_misc":{"\u00c9crit par":"La voix de la nation","Dur\u00e9e de lecture estim\u00e9e":"2 minutes"},"schema":{"@context":"https:\/\/schema.org","@graph":[{"@type":"Article","@id":"https:\/\/lavoixdelanation.tg\/index.php\/2025\/07\/02\/mediation-en-rdc-lunion-europeenne-apporte-son-soutien-au-togo\/#article","isPartOf":{"@id":"https:\/\/lavoixdelanation.tg\/index.php\/2025\/07\/02\/mediation-en-rdc-lunion-europeenne-apporte-son-soutien-au-togo\/"},"author":{"name":"La voix de la nation","@id":"https:\/\/lavoixdelanation.tg\/#\/schema\/person\/6c489293aa38053673a9e554acb6e224"},"headline":"M\u00e9diation en RDC\u00a0: L\u2019Union europ\u00e9enne apporte son soutien au Togo","datePublished":"2025-07-02T07:32:00+00:00","dateModified":"2025-07-02T18:37:11+00:00","mainEntityOfPage":{"@id":"https:\/\/lavoixdelanation.tg\/index.php\/2025\/07\/02\/mediation-en-rdc-lunion-europeenne-apporte-son-soutien-au-togo\/"},"wordCount":385,"commentCount":0,"publisher":{"@id":"https:\/\/lavoixdelanation.tg\/#organization"},"image":{"@id":"https:\/\/lavoixdelanation.tg\/index.php\/2025\/07\/02\/mediation-en-rdc-lunion-europeenne-apporte-son-soutien-au-togo\/#primaryimage"},"thumbnailUrl":"https:\/\/lavoixdelanation.tg\/wp-content\/uploads\/2025\/07\/Faure-Gnassingbe-avec-Johan-Borgstam-a-Lome.jpg","articleSection":["Diplomatie"],"inLanguage":"fr-FR","potentialAction":[{"@type":"CommentAction","name":"Comment","target":["https:\/\/lavoixdelanation.tg\/index.php\/2025\/07\/02\/mediation-en-rdc-lunion-europeenne-apporte-son-soutien-au-togo\/#respond"]}]},{"@type":"WebPage","@id":"https:\/\/lavoixdelanation.tg\/index.php\/2025\/07\/02\/mediation-en-rdc-lunion-europeenne-apporte-son-soutien-au-togo\/","url":"https:\/\/lavoixdelanation.tg\/index.php\/2025\/07\/02\/mediation-en-rdc-lunion-europeenne-apporte-son-soutien-au-togo\/","name":"M\u00e9diation en RDC\u00a0: L\u2019Union europ\u00e9enne apporte son soutien au Togo - La Voix de la Nation","isPartOf":{"@id":"https:\/\/lavoixdelanation.tg\/#website"},"primaryImageOfPage":{"@id":"https:\/\/lavoixdelanation.tg\/index.php\/2025\/07\/02\/mediation-en-rdc-lunion-europeenne-apporte-son-soutien-au-togo\/#primaryimage"},"image":{"@id":"https:\/\/lavoixdelanation.tg\/index.php\/2025\/07\/02\/mediation-en-rdc-lunion-europeenne-apporte-son-soutien-au-togo\/#primaryimage"},"thumbnailUrl":"https:\/\/lavoixdelanation.tg\/wp-content\/uploads\/2025\/07\/Faure-Gnassingbe-avec-Johan-Borgstam-a-Lome.jpg","datePublished":"2025-07-02T07:32:00+00:00","dateModified":"2025-07-02T18:37:11+00:00","description":"L\u2019Union europ\u00e9enne r\u00e9affirme sa volont\u00e9 d\u2019accompagner pleinement la m\u00e9diation togolaise en cours pour la stabilit\u00e9 et la paix durable dans la r\u00e9gion des Grands Lacs, en particulier \u00e0 l\u2019Est de la RDC.","breadcrumb":{"@id":"https:\/\/lavoixdelanation.tg\/index.php\/2025\/07\/02\/mediation-en-rdc-lunion-europeenne-apporte-son-soutien-au-togo\/#breadcrumb"},"inLanguage":"fr-FR","potentialAction":[{"@type":"ReadAction","target":["https:\/\/lavoixdelanation.tg\/index.php\/2025\/07\/02\/mediation-en-rdc-lunion-europeenne-apporte-son-soutien-au-togo\/"]}]},{"@type":"ImageObject","inLanguage":"fr-FR","@id":"https:\/\/lavoixdelanation.tg\/index.php\/2025\/07\/02\/mediation-en-rdc-lunion-europeenne-apporte-son-soutien-au-togo\/#primaryimage","url":"https:\/\/lavoixdelanation.tg\/wp-content\/uploads\/2025\/07\/Faure-Gnassingbe-avec-Johan-Borgstam-a-Lome.jpg","contentUrl":"https:\/\/lavoixdelanation.tg\/wp-content\/uploads\/2025\/07\/Faure-Gnassingbe-avec-Johan-Borgstam-a-Lome.jpg","width":650,"height":450,"caption":"Faure Gnassingb\u00e9 avec Johan Borgstam \u00e0 Lom\u00e9"},{"@type":"BreadcrumbList","@id":"https:\/\/lavoixdelanation.tg\/index.php\/2025\/07\/02\/mediation-en-rdc-lunion-europeenne-apporte-son-soutien-au-togo\/#breadcrumb","itemListElement":[{"@type":"ListItem","position":1,"name":"Accueil","item":"https:\/\/lavoixdelanation.tg\/"},{"@type":"ListItem","position":2,"name":"M\u00e9diation en RDC\u00a0: L\u2019Union europ\u00e9enne apporte son soutien au Togo"}]},{"@type":"WebSite","@id":"https:\/\/lavoixdelanation.tg\/#website","url":"https:\/\/lavoixdelanation.tg\/","name":"La Voix de la Nation","description":"R\u00e9c\u00e9piss\u00e9 n\u00b00108\/HAAC\/01-2024\/pl\/P","publisher":{"@id":"https:\/\/lavoixdelanation.tg\/#organization"},"alternateName":"VON","potentialAction":[{"@type":"SearchAction","target":{"@type":"EntryPoint","urlTemplate":"https:\/\/lavoixdelanation.tg\/?s={search_term_string}"},"query-input":{"@type":"PropertyValueSpecification","valueRequired":true,"valueName":"search_term_string"}}],"inLanguage":"fr-FR"},{"@type":"Organization","@id":"https:\/\/lavoixdelanation.tg\/#organization","name":"La Voix de la Nation","url":"https:\/\/lavoixdelanation.tg\/","logo":{"@type":"ImageObject","inLanguage":"fr-FR","@id":"https:\/\/lavoixdelanation.tg\/#\/schema\/logo\/image\/","url":"https:\/\/lavoixdelanation.tg\/wp-content\/uploads\/2024\/12\/lavn-1.png","contentUrl":"https:\/\/lavoixdelanation.tg\/wp-content\/uploads\/2024\/12\/lavn-1.png","width":1024,"height":464,"caption":"La Voix de la Nation"},"image":{"@id":"https:\/\/lavoixdelanation.tg\/#\/schema\/logo\/image\/"},"sameAs":["https:\/\/www.facebook.com\/lavoixdelanation"]},{"@type":"Person","@id":"https:\/\/lavoixdelanation.tg\/#\/schema\/person\/6c489293aa38053673a9e554acb6e224","name":"La voix de la nation","image":{"@type":"ImageObject","inLanguage":"fr-FR","@id":"https:\/\/lavoixdelanation.tg\/#\/schema\/person\/image\/","url":"https:\/\/secure.gravatar.com\/avatar\/8aa135d4bbc794494cecaa8d483f6d6cc1023624868deaff686baed5e727a5a1?s=96&d=mm&r=g","contentUrl":"https:\/\/secure.gravatar.com\/avatar\/8aa135d4bbc794494cecaa8d483f6d6cc1023624868deaff686baed5e727a5a1?s=96&d=mm&r=g","caption":"La voix de la nation"},"sameAs":["https:\/\/lavoixdelanation.tg"],"url":"https:\/\/lavoixdelanation.tg\/index.php\/author\/lavn\/"}]}},"_links":{"self":[{"href":"https:\/\/lavoixdelanation.tg\/index.php\/wp-json\/wp\/v2\/posts\/3284","targetHints":{"allow":["GET"]}}],"collection":[{"href":"https:\/\/lavoixdelanation.tg\/index.php\/wp-json\/wp\/v2\/posts"}],"about":[{"href":"https:\/\/lavoixdelanation.tg\/index.php\/wp-json\/wp\/v2\/types\/post"}],"author":[{"embeddable":true,"href":"https:\/\/lavoixdelanation.tg\/index.php\/wp-json\/wp\/v2\/users\/1"}],"replies":[{"embeddable":true,"href":"https:\/\/lavoixdelanation.tg\/index.php\/wp-json\/wp\/v2\/comments?post=3284"}],"version-history":[{"count":1,"href":"https:\/\/lavoixdelanation.tg\/index.php\/wp-json\/wp\/v2\/posts\/3284\/revisions"}],"predecessor-version":[{"id":3286,"href":"https:\/\/lavoixdelanation.tg\/index.php\/wp-json\/wp\/v2\/posts\/3284\/revisions\/3286"}],"wp:featuredmedia":[{"embeddable":true,"href":"https:\/\/lavoixdelanation.tg\/index.php\/wp-json\/wp\/v2\/media\/3285"}],"wp:attachment":[{"href":"https:\/\/lavoixdelanation.tg\/index.php\/wp-json\/wp\/v2\/media?parent=3284"}],"wp:term":[{"taxonomy":"category","embeddable":true,"href":"https:\/\/lavoixdelanation.tg\/index.php\/wp-json\/wp\/v2\/categories?post=3284"},{"taxonomy":"post_tag","embeddable":true,"href":"https:\/\/lavoixdelanation.tg\/index.php\/wp-json\/wp\/v2\/tags?post=3284"}],"curies":[{"name":"wp","href":"https:\/\/api.w.org\/{rel}","templated":true}]}}