{"id":3269,"date":"2025-07-01T16:24:00","date_gmt":"2025-07-01T14:24:00","guid":{"rendered":"https:\/\/lavoixdelanation.tg\/?p=3269"},"modified":"2025-07-01T18:26:41","modified_gmt":"2025-07-01T16:26:41","slug":"togo-demarrage-des-activites-de-la-force-securite-elections-municipales-2025","status":"publish","type":"post","link":"https:\/\/lavoixdelanation.tg\/index.php\/2025\/07\/01\/togo-demarrage-des-activites-de-la-force-securite-elections-municipales-2025\/","title":{"rendered":"Togo\u00a0: D\u00e9marrage des activit\u00e9s de la Force S\u00e9curit\u00e9 \u00c9lections Municipales 2025"},"content":{"rendered":"\n<p>Cr\u00e9\u00e9e par d\u00e9cret n\u00b0 2025-007\/PC le 26 juin 2025, la Force S\u00e9curit\u00e9 \u00c9lections Municipales 2025 (FOSEM 2025) a officiellement d\u00e9marr\u00e9 ses activit\u00e9s le lundi 30 juin 2025 par l\u2019activation de ses centres op\u00e9rationnels national et r\u00e9gionaux avec un d\u00e9ploiement de son personnel sur toute l\u2019\u00e9tendue du territoire national.<\/p>\n\n\n\n<p>Cette Force cr\u00e9\u00e9e dans le cadre de la s\u00e9curisation des \u00e9lections municipales qui auront lieu le 17 juillet 2025, se met \u00e0 la disposition de tous les candidats \u00e0 ces \u00e9lections et compte sur la bonne collaboration des diff\u00e9rents partis politiques pour mener \u00e0 bien sa mission.<\/p>\n\n\n\n<p>Elle appelle par ailleurs la population \u00e0 un comportement citoyen et \u00e0 proscrire toute forme de violence durant cette p\u00e9riode \u00e9lectorale.<\/p>\n\n\n\n<p><strong><u>Elle est joignable \u00e0 travers les num\u00e9ros suivants :<\/u><\/strong><\/p>\n\n\n\n<p>\u2022 \u00c9tat-major FOSEM 2025 : 71 31 90 01 \/ 96 52 33 01<\/p>\n\n\n\n<p>\u2022 District Autonome Grand Lom\u00e9 : 70 58 50 20<\/p>\n\n\n\n<p>\u2022 R\u00e9gion Maritime : 70 58 51 10<\/p>\n\n\n\n<p>\u2022 R\u00e9gion des Plateaux Ouest 93 08 67 02<\/p>\n\n\n\n<p>\u2022 R\u00e9gion Plateau Est 93 26 47 85 ;<\/p>\n\n\n\n<p>\u2022 R\u00e9gion Central : 70 58 53 10<\/p>\n\n\n\n<p>\u2022 R\u00e9gion de La Kara : 93 26 47 83<\/p>\n\n\n\n<p>\u2022 R\u00e9gion des Savanes : 93 26 47 82<\/p>\n","protected":false},"excerpt":{"rendered":"<p>Cr\u00e9\u00e9e par d\u00e9cret n\u00b0 2025-007\/PC le 26 juin 2025, la Force S\u00e9curit\u00e9 \u00c9lections Municipales 2025 (FOSEM 2025) a officiellement d\u00e9marr\u00e9 ses activit\u00e9s le lundi 30 juin 2025 par l\u2019activation de&hellip; <\/p>\n","protected":false},"author":1,"featured_media":3270,"comment_status":"open","ping_status":"open","sticky":false,"template":"","format":"standard","meta":{"footnotes":""},"categories":[21],"tags":[776,777,39],"class_list":["post-3269","post","type-post","status-publish","format-standard","has-post-thumbnail","hentry","category-politique","tag-force-securite-elections-municipales","tag-fosem-2025","tag-togo"],"yoast_head":"<!-- This site is optimized with the Yoast SEO plugin v26.4 - https:\/\/yoast.com\/wordpress\/plugins\/seo\/ -->\n<title>Togo\u00a0: D\u00e9marrage des activit\u00e9s de la Force S\u00e9curit\u00e9 \u00c9lections Municipales 2025 - La Voix de la Nation<\/title>\n<meta name=\"description\" content=\"Cr\u00e9\u00e9e par d\u00e9cret n\u00b0 2025-007\/PC le 26 juin 2025, la Force S\u00e9curit\u00e9 \u00c9lections Municipales 2025 (FOSEM 2025) a officiellement d\u00e9marr\u00e9 ses activit\u00e9s le lundi 30 juin 2025 par l\u2019activation de ses centres op\u00e9rationnels national et r\u00e9gionaux avec un d\u00e9ploiement de son personnel sur toute l\u2019\u00e9tendue du territoire national.\" \/>\n<meta name=\"robots\" content=\"index, follow, max-snippet:-1, max-image-preview:large, max-video-preview:-1\" \/>\n<link rel=\"canonical\" href=\"https:\/\/lavoixdelanation.tg\/index.php\/2025\/07\/01\/togo-demarrage-des-activites-de-la-force-securite-elections-municipales-2025\/\" \/>\n<meta property=\"og:locale\" content=\"fr_FR\" \/>\n<meta property=\"og:type\" content=\"article\" \/>\n<meta property=\"og:title\" content=\"Togo\u00a0: D\u00e9marrage des activit\u00e9s de la Force S\u00e9curit\u00e9 \u00c9lections Municipales 2025 - La Voix de la Nation\" \/>\n<meta property=\"og:description\" content=\"Cr\u00e9\u00e9e par d\u00e9cret n\u00b0 2025-007\/PC le 26 juin 2025, la Force S\u00e9curit\u00e9 \u00c9lections Municipales 2025 (FOSEM 2025) a officiellement d\u00e9marr\u00e9 ses activit\u00e9s le lundi 30 juin 2025 par l\u2019activation de ses centres op\u00e9rationnels national et r\u00e9gionaux avec un d\u00e9ploiement de son personnel sur toute l\u2019\u00e9tendue du territoire national.\" \/>\n<meta property=\"og:url\" content=\"https:\/\/lavoixdelanation.tg\/index.php\/2025\/07\/01\/togo-demarrage-des-activites-de-la-force-securite-elections-municipales-2025\/\" \/>\n<meta property=\"og:site_name\" content=\"La Voix de la Nation\" \/>\n<meta property=\"article:publisher\" content=\"https:\/\/www.facebook.com\/lavoixdelanation\" \/>\n<meta property=\"article:published_time\" content=\"2025-07-01T14:24:00+00:00\" \/>\n<meta property=\"article:modified_time\" content=\"2025-07-01T16:26:41+00:00\" \/>\n<meta property=\"og:image\" content=\"https:\/\/lavoixdelanation.tg\/wp-content\/uploads\/2025\/07\/Force-Securite-Elections-Municipales-2025.png\" \/>\n\t<meta property=\"og:image:width\" content=\"643\" \/>\n\t<meta property=\"og:image:height\" content=\"347\" \/>\n\t<meta property=\"og:image:type\" content=\"image\/png\" \/>\n<meta name=\"author\" content=\"La voix de la nation\" \/>\n<meta name=\"twitter:card\" content=\"summary_large_image\" \/>\n<meta name=\"twitter:label1\" content=\"\u00c9crit par\" \/>\n\t<meta name=\"twitter:data1\" content=\"La voix de la nation\" \/>\n\t<meta name=\"twitter:label2\" content=\"Dur\u00e9e de lecture estim\u00e9e\" \/>\n\t<meta name=\"twitter:data2\" content=\"2 minutes\" \/>\n<script type=\"application\/ld+json\" class=\"yoast-schema-graph\">{\"@context\":\"https:\/\/schema.org\",\"@graph\":[{\"@type\":\"Article\",\"@id\":\"https:\/\/lavoixdelanation.tg\/index.php\/2025\/07\/01\/togo-demarrage-des-activites-de-la-force-securite-elections-municipales-2025\/#article\",\"isPartOf\":{\"@id\":\"https:\/\/lavoixdelanation.tg\/index.php\/2025\/07\/01\/togo-demarrage-des-activites-de-la-force-securite-elections-municipales-2025\/\"},\"author\":{\"name\":\"La voix de la nation\",\"@id\":\"https:\/\/lavoixdelanation.tg\/#\/schema\/person\/6c489293aa38053673a9e554acb6e224\"},\"headline\":\"Togo\u00a0: D\u00e9marrage des activit\u00e9s de la Force S\u00e9curit\u00e9 \u00c9lections Municipales 2025\",\"datePublished\":\"2025-07-01T14:24:00+00:00\",\"dateModified\":\"2025-07-01T16:26:41+00:00\",\"mainEntityOfPage\":{\"@id\":\"https:\/\/lavoixdelanation.tg\/index.php\/2025\/07\/01\/togo-demarrage-des-activites-de-la-force-securite-elections-municipales-2025\/\"},\"wordCount\":169,\"commentCount\":0,\"publisher\":{\"@id\":\"https:\/\/lavoixdelanation.tg\/#organization\"},\"image\":{\"@id\":\"https:\/\/lavoixdelanation.tg\/index.php\/2025\/07\/01\/togo-demarrage-des-activites-de-la-force-securite-elections-municipales-2025\/#primaryimage\"},\"thumbnailUrl\":\"https:\/\/lavoixdelanation.tg\/wp-content\/uploads\/2025\/07\/Force-Securite-Elections-Municipales-2025.png\",\"keywords\":[\"Force S\u00e9curit\u00e9 \u00c9lections Municipales\",\"FOSEM 2025\",\"Togo\"],\"articleSection\":[\"Politique\"],\"inLanguage\":\"fr-FR\",\"potentialAction\":[{\"@type\":\"CommentAction\",\"name\":\"Comment\",\"target\":[\"https:\/\/lavoixdelanation.tg\/index.php\/2025\/07\/01\/togo-demarrage-des-activites-de-la-force-securite-elections-municipales-2025\/#respond\"]}]},{\"@type\":\"WebPage\",\"@id\":\"https:\/\/lavoixdelanation.tg\/index.php\/2025\/07\/01\/togo-demarrage-des-activites-de-la-force-securite-elections-municipales-2025\/\",\"url\":\"https:\/\/lavoixdelanation.tg\/index.php\/2025\/07\/01\/togo-demarrage-des-activites-de-la-force-securite-elections-municipales-2025\/\",\"name\":\"Togo\u00a0: D\u00e9marrage des activit\u00e9s de la Force S\u00e9curit\u00e9 \u00c9lections Municipales 2025 - La Voix de la Nation\",\"isPartOf\":{\"@id\":\"https:\/\/lavoixdelanation.tg\/#website\"},\"primaryImageOfPage\":{\"@id\":\"https:\/\/lavoixdelanation.tg\/index.php\/2025\/07\/01\/togo-demarrage-des-activites-de-la-force-securite-elections-municipales-2025\/#primaryimage\"},\"image\":{\"@id\":\"https:\/\/lavoixdelanation.tg\/index.php\/2025\/07\/01\/togo-demarrage-des-activites-de-la-force-securite-elections-municipales-2025\/#primaryimage\"},\"thumbnailUrl\":\"https:\/\/lavoixdelanation.tg\/wp-content\/uploads\/2025\/07\/Force-Securite-Elections-Municipales-2025.png\",\"datePublished\":\"2025-07-01T14:24:00+00:00\",\"dateModified\":\"2025-07-01T16:26:41+00:00\",\"description\":\"Cr\u00e9\u00e9e par d\u00e9cret n\u00b0 2025-007\/PC le 26 juin 2025, la Force S\u00e9curit\u00e9 \u00c9lections Municipales 2025 (FOSEM 2025) a officiellement d\u00e9marr\u00e9 ses activit\u00e9s le lundi 30 juin 2025 par l\u2019activation de ses centres op\u00e9rationnels national et r\u00e9gionaux avec un d\u00e9ploiement de son personnel sur toute l\u2019\u00e9tendue du territoire national.\",\"breadcrumb\":{\"@id\":\"https:\/\/lavoixdelanation.tg\/index.php\/2025\/07\/01\/togo-demarrage-des-activites-de-la-force-securite-elections-municipales-2025\/#breadcrumb\"},\"inLanguage\":\"fr-FR\",\"potentialAction\":[{\"@type\":\"ReadAction\",\"target\":[\"https:\/\/lavoixdelanation.tg\/index.php\/2025\/07\/01\/togo-demarrage-des-activites-de-la-force-securite-elections-municipales-2025\/\"]}]},{\"@type\":\"ImageObject\",\"inLanguage\":\"fr-FR\",\"@id\":\"https:\/\/lavoixdelanation.tg\/index.php\/2025\/07\/01\/togo-demarrage-des-activites-de-la-force-securite-elections-municipales-2025\/#primaryimage\",\"url\":\"https:\/\/lavoixdelanation.tg\/wp-content\/uploads\/2025\/07\/Force-Securite-Elections-Municipales-2025.png\",\"contentUrl\":\"https:\/\/lavoixdelanation.tg\/wp-content\/uploads\/2025\/07\/Force-Securite-Elections-Municipales-2025.png\",\"width\":643,\"height\":347},{\"@type\":\"BreadcrumbList\",\"@id\":\"https:\/\/lavoixdelanation.tg\/index.php\/2025\/07\/01\/togo-demarrage-des-activites-de-la-force-securite-elections-municipales-2025\/#breadcrumb\",\"itemListElement\":[{\"@type\":\"ListItem\",\"position\":1,\"name\":\"Accueil\",\"item\":\"https:\/\/lavoixdelanation.tg\/\"},{\"@type\":\"ListItem\",\"position\":2,\"name\":\"Togo\u00a0: D\u00e9marrage des activit\u00e9s de la Force S\u00e9curit\u00e9 \u00c9lections Municipales 2025\"}]},{\"@type\":\"WebSite\",\"@id\":\"https:\/\/lavoixdelanation.tg\/#website\",\"url\":\"https:\/\/lavoixdelanation.tg\/\",\"name\":\"La Voix de la Nation\",\"description\":\"R\u00e9c\u00e9piss\u00e9 n\u00b00108\/HAAC\/01-2024\/pl\/P\",\"publisher\":{\"@id\":\"https:\/\/lavoixdelanation.tg\/#organization\"},\"alternateName\":\"VON\",\"potentialAction\":[{\"@type\":\"SearchAction\",\"target\":{\"@type\":\"EntryPoint\",\"urlTemplate\":\"https:\/\/lavoixdelanation.tg\/?s={search_term_string}\"},\"query-input\":{\"@type\":\"PropertyValueSpecification\",\"valueRequired\":true,\"valueName\":\"search_term_string\"}}],\"inLanguage\":\"fr-FR\"},{\"@type\":\"Organization\",\"@id\":\"https:\/\/lavoixdelanation.tg\/#organization\",\"name\":\"La Voix de la Nation\",\"url\":\"https:\/\/lavoixdelanation.tg\/\",\"logo\":{\"@type\":\"ImageObject\",\"inLanguage\":\"fr-FR\",\"@id\":\"https:\/\/lavoixdelanation.tg\/#\/schema\/logo\/image\/\",\"url\":\"https:\/\/lavoixdelanation.tg\/wp-content\/uploads\/2024\/12\/lavn-1.png\",\"contentUrl\":\"https:\/\/lavoixdelanation.tg\/wp-content\/uploads\/2024\/12\/lavn-1.png\",\"width\":1024,\"height\":464,\"caption\":\"La Voix de la Nation\"},\"image\":{\"@id\":\"https:\/\/lavoixdelanation.tg\/#\/schema\/logo\/image\/\"},\"sameAs\":[\"https:\/\/www.facebook.com\/lavoixdelanation\"]},{\"@type\":\"Person\",\"@id\":\"https:\/\/lavoixdelanation.tg\/#\/schema\/person\/6c489293aa38053673a9e554acb6e224\",\"name\":\"La voix de la nation\",\"image\":{\"@type\":\"ImageObject\",\"inLanguage\":\"fr-FR\",\"@id\":\"https:\/\/lavoixdelanation.tg\/#\/schema\/person\/image\/\",\"url\":\"https:\/\/secure.gravatar.com\/avatar\/8aa135d4bbc794494cecaa8d483f6d6cc1023624868deaff686baed5e727a5a1?s=96&d=mm&r=g\",\"contentUrl\":\"https:\/\/secure.gravatar.com\/avatar\/8aa135d4bbc794494cecaa8d483f6d6cc1023624868deaff686baed5e727a5a1?s=96&d=mm&r=g\",\"caption\":\"La voix de la nation\"},\"sameAs\":[\"https:\/\/lavoixdelanation.tg\"],\"url\":\"https:\/\/lavoixdelanation.tg\/index.php\/author\/lavn\/\"}]}<\/script>\n<!-- \/ Yoast SEO plugin. -->","yoast_head_json":{"title":"Togo\u00a0: D\u00e9marrage des activit\u00e9s de la Force S\u00e9curit\u00e9 \u00c9lections Municipales 2025 - La Voix de la Nation","description":"Cr\u00e9\u00e9e par d\u00e9cret n\u00b0 2025-007\/PC le 26 juin 2025, la Force S\u00e9curit\u00e9 \u00c9lections Municipales 2025 (FOSEM 2025) a officiellement d\u00e9marr\u00e9 ses activit\u00e9s le lundi 30 juin 2025 par l\u2019activation de ses centres op\u00e9rationnels national et r\u00e9gionaux avec un d\u00e9ploiement de son personnel sur toute l\u2019\u00e9tendue du territoire national.","robots":{"index":"index","follow":"follow","max-snippet":"max-snippet:-1","max-image-preview":"max-image-preview:large","max-video-preview":"max-video-preview:-1"},"canonical":"https:\/\/lavoixdelanation.tg\/index.php\/2025\/07\/01\/togo-demarrage-des-activites-de-la-force-securite-elections-municipales-2025\/","og_locale":"fr_FR","og_type":"article","og_title":"Togo\u00a0: D\u00e9marrage des activit\u00e9s de la Force S\u00e9curit\u00e9 \u00c9lections Municipales 2025 - La Voix de la Nation","og_description":"Cr\u00e9\u00e9e par d\u00e9cret n\u00b0 2025-007\/PC le 26 juin 2025, la Force S\u00e9curit\u00e9 \u00c9lections Municipales 2025 (FOSEM 2025) a officiellement d\u00e9marr\u00e9 ses activit\u00e9s le lundi 30 juin 2025 par l\u2019activation de ses centres op\u00e9rationnels national et r\u00e9gionaux avec un d\u00e9ploiement de son personnel sur toute l\u2019\u00e9tendue du territoire national.","og_url":"https:\/\/lavoixdelanation.tg\/index.php\/2025\/07\/01\/togo-demarrage-des-activites-de-la-force-securite-elections-municipales-2025\/","og_site_name":"La Voix de la Nation","article_publisher":"https:\/\/www.facebook.com\/lavoixdelanation","article_published_time":"2025-07-01T14:24:00+00:00","article_modified_time":"2025-07-01T16:26:41+00:00","og_image":[{"width":643,"height":347,"url":"https:\/\/lavoixdelanation.tg\/wp-content\/uploads\/2025\/07\/Force-Securite-Elections-Municipales-2025.png","type":"image\/png"}],"author":"La voix de la nation","twitter_card":"summary_large_image","twitter_misc":{"\u00c9crit par":"La voix de la nation","Dur\u00e9e de lecture estim\u00e9e":"2 minutes"},"schema":{"@context":"https:\/\/schema.org","@graph":[{"@type":"Article","@id":"https:\/\/lavoixdelanation.tg\/index.php\/2025\/07\/01\/togo-demarrage-des-activites-de-la-force-securite-elections-municipales-2025\/#article","isPartOf":{"@id":"https:\/\/lavoixdelanation.tg\/index.php\/2025\/07\/01\/togo-demarrage-des-activites-de-la-force-securite-elections-municipales-2025\/"},"author":{"name":"La voix de la nation","@id":"https:\/\/lavoixdelanation.tg\/#\/schema\/person\/6c489293aa38053673a9e554acb6e224"},"headline":"Togo\u00a0: D\u00e9marrage des activit\u00e9s de la Force S\u00e9curit\u00e9 \u00c9lections Municipales 2025","datePublished":"2025-07-01T14:24:00+00:00","dateModified":"2025-07-01T16:26:41+00:00","mainEntityOfPage":{"@id":"https:\/\/lavoixdelanation.tg\/index.php\/2025\/07\/01\/togo-demarrage-des-activites-de-la-force-securite-elections-municipales-2025\/"},"wordCount":169,"commentCount":0,"publisher":{"@id":"https:\/\/lavoixdelanation.tg\/#organization"},"image":{"@id":"https:\/\/lavoixdelanation.tg\/index.php\/2025\/07\/01\/togo-demarrage-des-activites-de-la-force-securite-elections-municipales-2025\/#primaryimage"},"thumbnailUrl":"https:\/\/lavoixdelanation.tg\/wp-content\/uploads\/2025\/07\/Force-Securite-Elections-Municipales-2025.png","keywords":["Force S\u00e9curit\u00e9 \u00c9lections Municipales","FOSEM 2025","Togo"],"articleSection":["Politique"],"inLanguage":"fr-FR","potentialAction":[{"@type":"CommentAction","name":"Comment","target":["https:\/\/lavoixdelanation.tg\/index.php\/2025\/07\/01\/togo-demarrage-des-activites-de-la-force-securite-elections-municipales-2025\/#respond"]}]},{"@type":"WebPage","@id":"https:\/\/lavoixdelanation.tg\/index.php\/2025\/07\/01\/togo-demarrage-des-activites-de-la-force-securite-elections-municipales-2025\/","url":"https:\/\/lavoixdelanation.tg\/index.php\/2025\/07\/01\/togo-demarrage-des-activites-de-la-force-securite-elections-municipales-2025\/","name":"Togo\u00a0: D\u00e9marrage des activit\u00e9s de la Force S\u00e9curit\u00e9 \u00c9lections Municipales 2025 - La Voix de la Nation","isPartOf":{"@id":"https:\/\/lavoixdelanation.tg\/#website"},"primaryImageOfPage":{"@id":"https:\/\/lavoixdelanation.tg\/index.php\/2025\/07\/01\/togo-demarrage-des-activites-de-la-force-securite-elections-municipales-2025\/#primaryimage"},"image":{"@id":"https:\/\/lavoixdelanation.tg\/index.php\/2025\/07\/01\/togo-demarrage-des-activites-de-la-force-securite-elections-municipales-2025\/#primaryimage"},"thumbnailUrl":"https:\/\/lavoixdelanation.tg\/wp-content\/uploads\/2025\/07\/Force-Securite-Elections-Municipales-2025.png","datePublished":"2025-07-01T14:24:00+00:00","dateModified":"2025-07-01T16:26:41+00:00","description":"Cr\u00e9\u00e9e par d\u00e9cret n\u00b0 2025-007\/PC le 26 juin 2025, la Force S\u00e9curit\u00e9 \u00c9lections Municipales 2025 (FOSEM 2025) a officiellement d\u00e9marr\u00e9 ses activit\u00e9s le lundi 30 juin 2025 par l\u2019activation de ses centres op\u00e9rationnels national et r\u00e9gionaux avec un d\u00e9ploiement de son personnel sur toute l\u2019\u00e9tendue du territoire national.","breadcrumb":{"@id":"https:\/\/lavoixdelanation.tg\/index.php\/2025\/07\/01\/togo-demarrage-des-activites-de-la-force-securite-elections-municipales-2025\/#breadcrumb"},"inLanguage":"fr-FR","potentialAction":[{"@type":"ReadAction","target":["https:\/\/lavoixdelanation.tg\/index.php\/2025\/07\/01\/togo-demarrage-des-activites-de-la-force-securite-elections-municipales-2025\/"]}]},{"@type":"ImageObject","inLanguage":"fr-FR","@id":"https:\/\/lavoixdelanation.tg\/index.php\/2025\/07\/01\/togo-demarrage-des-activites-de-la-force-securite-elections-municipales-2025\/#primaryimage","url":"https:\/\/lavoixdelanation.tg\/wp-content\/uploads\/2025\/07\/Force-Securite-Elections-Municipales-2025.png","contentUrl":"https:\/\/lavoixdelanation.tg\/wp-content\/uploads\/2025\/07\/Force-Securite-Elections-Municipales-2025.png","width":643,"height":347},{"@type":"BreadcrumbList","@id":"https:\/\/lavoixdelanation.tg\/index.php\/2025\/07\/01\/togo-demarrage-des-activites-de-la-force-securite-elections-municipales-2025\/#breadcrumb","itemListElement":[{"@type":"ListItem","position":1,"name":"Accueil","item":"https:\/\/lavoixdelanation.tg\/"},{"@type":"ListItem","position":2,"name":"Togo\u00a0: D\u00e9marrage des activit\u00e9s de la Force S\u00e9curit\u00e9 \u00c9lections Municipales 2025"}]},{"@type":"WebSite","@id":"https:\/\/lavoixdelanation.tg\/#website","url":"https:\/\/lavoixdelanation.tg\/","name":"La Voix de la Nation","description":"R\u00e9c\u00e9piss\u00e9 n\u00b00108\/HAAC\/01-2024\/pl\/P","publisher":{"@id":"https:\/\/lavoixdelanation.tg\/#organization"},"alternateName":"VON","potentialAction":[{"@type":"SearchAction","target":{"@type":"EntryPoint","urlTemplate":"https:\/\/lavoixdelanation.tg\/?s={search_term_string}"},"query-input":{"@type":"PropertyValueSpecification","valueRequired":true,"valueName":"search_term_string"}}],"inLanguage":"fr-FR"},{"@type":"Organization","@id":"https:\/\/lavoixdelanation.tg\/#organization","name":"La Voix de la Nation","url":"https:\/\/lavoixdelanation.tg\/","logo":{"@type":"ImageObject","inLanguage":"fr-FR","@id":"https:\/\/lavoixdelanation.tg\/#\/schema\/logo\/image\/","url":"https:\/\/lavoixdelanation.tg\/wp-content\/uploads\/2024\/12\/lavn-1.png","contentUrl":"https:\/\/lavoixdelanation.tg\/wp-content\/uploads\/2024\/12\/lavn-1.png","width":1024,"height":464,"caption":"La Voix de la Nation"},"image":{"@id":"https:\/\/lavoixdelanation.tg\/#\/schema\/logo\/image\/"},"sameAs":["https:\/\/www.facebook.com\/lavoixdelanation"]},{"@type":"Person","@id":"https:\/\/lavoixdelanation.tg\/#\/schema\/person\/6c489293aa38053673a9e554acb6e224","name":"La voix de la nation","image":{"@type":"ImageObject","inLanguage":"fr-FR","@id":"https:\/\/lavoixdelanation.tg\/#\/schema\/person\/image\/","url":"https:\/\/secure.gravatar.com\/avatar\/8aa135d4bbc794494cecaa8d483f6d6cc1023624868deaff686baed5e727a5a1?s=96&d=mm&r=g","contentUrl":"https:\/\/secure.gravatar.com\/avatar\/8aa135d4bbc794494cecaa8d483f6d6cc1023624868deaff686baed5e727a5a1?s=96&d=mm&r=g","caption":"La voix de la nation"},"sameAs":["https:\/\/lavoixdelanation.tg"],"url":"https:\/\/lavoixdelanation.tg\/index.php\/author\/lavn\/"}]}},"_links":{"self":[{"href":"https:\/\/lavoixdelanation.tg\/index.php\/wp-json\/wp\/v2\/posts\/3269","targetHints":{"allow":["GET"]}}],"collection":[{"href":"https:\/\/lavoixdelanation.tg\/index.php\/wp-json\/wp\/v2\/posts"}],"about":[{"href":"https:\/\/lavoixdelanation.tg\/index.php\/wp-json\/wp\/v2\/types\/post"}],"author":[{"embeddable":true,"href":"https:\/\/lavoixdelanation.tg\/index.php\/wp-json\/wp\/v2\/users\/1"}],"replies":[{"embeddable":true,"href":"https:\/\/lavoixdelanation.tg\/index.php\/wp-json\/wp\/v2\/comments?post=3269"}],"version-history":[{"count":1,"href":"https:\/\/lavoixdelanation.tg\/index.php\/wp-json\/wp\/v2\/posts\/3269\/revisions"}],"predecessor-version":[{"id":3271,"href":"https:\/\/lavoixdelanation.tg\/index.php\/wp-json\/wp\/v2\/posts\/3269\/revisions\/3271"}],"wp:featuredmedia":[{"embeddable":true,"href":"https:\/\/lavoixdelanation.tg\/index.php\/wp-json\/wp\/v2\/media\/3270"}],"wp:attachment":[{"href":"https:\/\/lavoixdelanation.tg\/index.php\/wp-json\/wp\/v2\/media?parent=3269"}],"wp:term":[{"taxonomy":"category","embeddable":true,"href":"https:\/\/lavoixdelanation.tg\/index.php\/wp-json\/wp\/v2\/categories?post=3269"},{"taxonomy":"post_tag","embeddable":true,"href":"https:\/\/lavoixdelanation.tg\/index.php\/wp-json\/wp\/v2\/tags?post=3269"}],"curies":[{"name":"wp","href":"https:\/\/api.w.org\/{rel}","templated":true}]}}