{"id":3265,"date":"2025-07-01T18:23:34","date_gmt":"2025-07-01T16:23:34","guid":{"rendered":"https:\/\/lavoixdelanation.tg\/?p=3265"},"modified":"2025-07-01T18:23:34","modified_gmt":"2025-07-01T16:23:34","slug":"campagne-electorale-les-cantons-dadjengre-et-daouda-aux-couleurs-du-parti-unir","status":"publish","type":"post","link":"https:\/\/lavoixdelanation.tg\/index.php\/2025\/07\/01\/campagne-electorale-les-cantons-dadjengre-et-daouda-aux-couleurs-du-parti-unir\/","title":{"rendered":"Campagne \u00e9lectorale\u00a0: Les cantons d\u2019Adjengr\u00e9 et d\u2019Aouda aux couleurs du parti UNIR"},"content":{"rendered":"\n<p>Dans le cadre de la campagne \u00e9lectorale pour les \u00e9lections municipales du 17 juillet prochain, le parti Union pour la R\u00e9publique (UNIR) a organis\u00e9 ce mardi, une caravane dans les cantons d\u2019Adjengr\u00e9 et d\u2019Aouda dans la commune Sotouboua 2 (r\u00e9gion centrale).<\/p>\n\n\n\n<p>La caravane a parcouru les art\u00e8res d\u2019Adjengr\u00e9 et a chut\u00e9 \u00e0 Aouda o\u00f9 l\u2019honorable d\u00e9put\u00e9 PASSOLI et la t\u00eate de liste PANETO ont entretenu le public.<\/p>\n\n\n\n<p>Pour ces militants cadres du parti UNIR, la paix, la stabilit\u00e9 et la s\u00e9curit\u00e9 sont des acquis qu\u2019il faut pr\u00e9server.<\/p>\n\n\n\n<figure class=\"wp-block-image size-full is-resized\"><img loading=\"lazy\" decoding=\"async\" width=\"650\" height=\"366\" src=\"https:\/\/lavoixdelanation.tg\/wp-content\/uploads\/2025\/07\/Campagne-electorale-du-parti-UNIR-a-Sotouboua-2-au-Togo.jpeg\" alt=\"\" class=\"wp-image-3267\" style=\"width:840px;height:auto\" srcset=\"https:\/\/lavoixdelanation.tg\/wp-content\/uploads\/2025\/07\/Campagne-electorale-du-parti-UNIR-a-Sotouboua-2-au-Togo.jpeg 650w, https:\/\/lavoixdelanation.tg\/wp-content\/uploads\/2025\/07\/Campagne-electorale-du-parti-UNIR-a-Sotouboua-2-au-Togo-300x169.jpeg 300w\" sizes=\"auto, (max-width: 650px) 100vw, 650px\" \/><\/figure>\n\n\n\n<p>Pour ces \u00e9lections communales, les listes du parti UNIR sont tr\u00e8s riches en ressources humaines, selon les responsables du parti qui compte sur ces ressources pour rempiler les si\u00e8ges n\u00e9cessaires afin de continuer \u00e0 soutenir la politique du Pr\u00e9sident du conseil, Faure Gnassingb\u00e9.<\/p>\n","protected":false},"excerpt":{"rendered":"<p>Dans le cadre de la campagne \u00e9lectorale pour les \u00e9lections municipales du 17 juillet prochain, le parti Union pour la R\u00e9publique (UNIR) a organis\u00e9 ce mardi, une caravane dans les&hellip; <\/p>\n","protected":false},"author":1,"featured_media":3266,"comment_status":"open","ping_status":"open","sticky":false,"template":"","format":"standard","meta":{"footnotes":""},"categories":[21],"tags":[771,555,39,141],"class_list":["post-3265","post","type-post","status-publish","format-standard","has-post-thumbnail","hentry","category-politique","tag-campagne-electorale","tag-elections-municipales-2","tag-togo","tag-unir"],"yoast_head":"<!-- This site is optimized with the Yoast SEO plugin v26.4 - https:\/\/yoast.com\/wordpress\/plugins\/seo\/ -->\n<title>Campagne \u00e9lectorale\u00a0: Les cantons d\u2019Adjengr\u00e9 et d\u2019Aouda aux couleurs du parti UNIR - La Voix de la Nation<\/title>\n<meta name=\"robots\" content=\"index, follow, max-snippet:-1, max-image-preview:large, max-video-preview:-1\" \/>\n<link rel=\"canonical\" href=\"https:\/\/lavoixdelanation.tg\/index.php\/2025\/07\/01\/campagne-electorale-les-cantons-dadjengre-et-daouda-aux-couleurs-du-parti-unir\/\" \/>\n<meta property=\"og:locale\" content=\"fr_FR\" \/>\n<meta property=\"og:type\" content=\"article\" \/>\n<meta property=\"og:title\" content=\"Campagne \u00e9lectorale\u00a0: Les cantons d\u2019Adjengr\u00e9 et d\u2019Aouda aux couleurs du parti UNIR - La Voix de la Nation\" \/>\n<meta property=\"og:description\" content=\"Dans le cadre de la campagne \u00e9lectorale pour les \u00e9lections municipales du 17 juillet prochain, le parti Union pour la R\u00e9publique (UNIR) a organis\u00e9 ce mardi, une caravane dans les&hellip;\" \/>\n<meta property=\"og:url\" content=\"https:\/\/lavoixdelanation.tg\/index.php\/2025\/07\/01\/campagne-electorale-les-cantons-dadjengre-et-daouda-aux-couleurs-du-parti-unir\/\" \/>\n<meta property=\"og:site_name\" content=\"La Voix de la Nation\" \/>\n<meta property=\"article:publisher\" content=\"https:\/\/www.facebook.com\/lavoixdelanation\" \/>\n<meta property=\"article:published_time\" content=\"2025-07-01T16:23:34+00:00\" \/>\n<meta property=\"og:image\" content=\"https:\/\/lavoixdelanation.tg\/wp-content\/uploads\/2025\/07\/Campagne-electorale-du-parti-UNIR-a-Sotouboua-2.jpeg\" \/>\n\t<meta property=\"og:image:width\" content=\"650\" \/>\n\t<meta property=\"og:image:height\" content=\"359\" \/>\n\t<meta property=\"og:image:type\" content=\"image\/jpeg\" \/>\n<meta name=\"author\" content=\"La voix de la nation\" \/>\n<meta name=\"twitter:card\" content=\"summary_large_image\" \/>\n<meta name=\"twitter:label1\" content=\"\u00c9crit par\" \/>\n\t<meta name=\"twitter:data1\" content=\"La voix de la nation\" \/>\n\t<meta name=\"twitter:label2\" content=\"Dur\u00e9e de lecture estim\u00e9e\" \/>\n\t<meta name=\"twitter:data2\" content=\"2 minutes\" \/>\n<script type=\"application\/ld+json\" class=\"yoast-schema-graph\">{\"@context\":\"https:\/\/schema.org\",\"@graph\":[{\"@type\":\"Article\",\"@id\":\"https:\/\/lavoixdelanation.tg\/index.php\/2025\/07\/01\/campagne-electorale-les-cantons-dadjengre-et-daouda-aux-couleurs-du-parti-unir\/#article\",\"isPartOf\":{\"@id\":\"https:\/\/lavoixdelanation.tg\/index.php\/2025\/07\/01\/campagne-electorale-les-cantons-dadjengre-et-daouda-aux-couleurs-du-parti-unir\/\"},\"author\":{\"name\":\"La voix de la nation\",\"@id\":\"https:\/\/lavoixdelanation.tg\/#\/schema\/person\/6c489293aa38053673a9e554acb6e224\"},\"headline\":\"Campagne \u00e9lectorale\u00a0: Les cantons d\u2019Adjengr\u00e9 et d\u2019Aouda aux couleurs du parti UNIR\",\"datePublished\":\"2025-07-01T16:23:34+00:00\",\"mainEntityOfPage\":{\"@id\":\"https:\/\/lavoixdelanation.tg\/index.php\/2025\/07\/01\/campagne-electorale-les-cantons-dadjengre-et-daouda-aux-couleurs-du-parti-unir\/\"},\"wordCount\":156,\"commentCount\":0,\"publisher\":{\"@id\":\"https:\/\/lavoixdelanation.tg\/#organization\"},\"image\":{\"@id\":\"https:\/\/lavoixdelanation.tg\/index.php\/2025\/07\/01\/campagne-electorale-les-cantons-dadjengre-et-daouda-aux-couleurs-du-parti-unir\/#primaryimage\"},\"thumbnailUrl\":\"https:\/\/lavoixdelanation.tg\/wp-content\/uploads\/2025\/07\/Campagne-electorale-du-parti-UNIR-a-Sotouboua-2.jpeg\",\"keywords\":[\"campagne \u00e9lectorale\",\"\u00e9lections municipales\",\"Togo\",\"UNIR\"],\"articleSection\":[\"Politique\"],\"inLanguage\":\"fr-FR\",\"potentialAction\":[{\"@type\":\"CommentAction\",\"name\":\"Comment\",\"target\":[\"https:\/\/lavoixdelanation.tg\/index.php\/2025\/07\/01\/campagne-electorale-les-cantons-dadjengre-et-daouda-aux-couleurs-du-parti-unir\/#respond\"]}]},{\"@type\":\"WebPage\",\"@id\":\"https:\/\/lavoixdelanation.tg\/index.php\/2025\/07\/01\/campagne-electorale-les-cantons-dadjengre-et-daouda-aux-couleurs-du-parti-unir\/\",\"url\":\"https:\/\/lavoixdelanation.tg\/index.php\/2025\/07\/01\/campagne-electorale-les-cantons-dadjengre-et-daouda-aux-couleurs-du-parti-unir\/\",\"name\":\"Campagne \u00e9lectorale\u00a0: Les cantons d\u2019Adjengr\u00e9 et d\u2019Aouda aux couleurs du parti UNIR - La Voix de la Nation\",\"isPartOf\":{\"@id\":\"https:\/\/lavoixdelanation.tg\/#website\"},\"primaryImageOfPage\":{\"@id\":\"https:\/\/lavoixdelanation.tg\/index.php\/2025\/07\/01\/campagne-electorale-les-cantons-dadjengre-et-daouda-aux-couleurs-du-parti-unir\/#primaryimage\"},\"image\":{\"@id\":\"https:\/\/lavoixdelanation.tg\/index.php\/2025\/07\/01\/campagne-electorale-les-cantons-dadjengre-et-daouda-aux-couleurs-du-parti-unir\/#primaryimage\"},\"thumbnailUrl\":\"https:\/\/lavoixdelanation.tg\/wp-content\/uploads\/2025\/07\/Campagne-electorale-du-parti-UNIR-a-Sotouboua-2.jpeg\",\"datePublished\":\"2025-07-01T16:23:34+00:00\",\"breadcrumb\":{\"@id\":\"https:\/\/lavoixdelanation.tg\/index.php\/2025\/07\/01\/campagne-electorale-les-cantons-dadjengre-et-daouda-aux-couleurs-du-parti-unir\/#breadcrumb\"},\"inLanguage\":\"fr-FR\",\"potentialAction\":[{\"@type\":\"ReadAction\",\"target\":[\"https:\/\/lavoixdelanation.tg\/index.php\/2025\/07\/01\/campagne-electorale-les-cantons-dadjengre-et-daouda-aux-couleurs-du-parti-unir\/\"]}]},{\"@type\":\"ImageObject\",\"inLanguage\":\"fr-FR\",\"@id\":\"https:\/\/lavoixdelanation.tg\/index.php\/2025\/07\/01\/campagne-electorale-les-cantons-dadjengre-et-daouda-aux-couleurs-du-parti-unir\/#primaryimage\",\"url\":\"https:\/\/lavoixdelanation.tg\/wp-content\/uploads\/2025\/07\/Campagne-electorale-du-parti-UNIR-a-Sotouboua-2.jpeg\",\"contentUrl\":\"https:\/\/lavoixdelanation.tg\/wp-content\/uploads\/2025\/07\/Campagne-electorale-du-parti-UNIR-a-Sotouboua-2.jpeg\",\"width\":650,\"height\":359},{\"@type\":\"BreadcrumbList\",\"@id\":\"https:\/\/lavoixdelanation.tg\/index.php\/2025\/07\/01\/campagne-electorale-les-cantons-dadjengre-et-daouda-aux-couleurs-du-parti-unir\/#breadcrumb\",\"itemListElement\":[{\"@type\":\"ListItem\",\"position\":1,\"name\":\"Accueil\",\"item\":\"https:\/\/lavoixdelanation.tg\/\"},{\"@type\":\"ListItem\",\"position\":2,\"name\":\"Campagne \u00e9lectorale\u00a0: Les cantons d\u2019Adjengr\u00e9 et d\u2019Aouda aux couleurs du parti UNIR\"}]},{\"@type\":\"WebSite\",\"@id\":\"https:\/\/lavoixdelanation.tg\/#website\",\"url\":\"https:\/\/lavoixdelanation.tg\/\",\"name\":\"La Voix de la Nation\",\"description\":\"R\u00e9c\u00e9piss\u00e9 n\u00b00108\/HAAC\/01-2024\/pl\/P\",\"publisher\":{\"@id\":\"https:\/\/lavoixdelanation.tg\/#organization\"},\"alternateName\":\"VON\",\"potentialAction\":[{\"@type\":\"SearchAction\",\"target\":{\"@type\":\"EntryPoint\",\"urlTemplate\":\"https:\/\/lavoixdelanation.tg\/?s={search_term_string}\"},\"query-input\":{\"@type\":\"PropertyValueSpecification\",\"valueRequired\":true,\"valueName\":\"search_term_string\"}}],\"inLanguage\":\"fr-FR\"},{\"@type\":\"Organization\",\"@id\":\"https:\/\/lavoixdelanation.tg\/#organization\",\"name\":\"La Voix de la Nation\",\"url\":\"https:\/\/lavoixdelanation.tg\/\",\"logo\":{\"@type\":\"ImageObject\",\"inLanguage\":\"fr-FR\",\"@id\":\"https:\/\/lavoixdelanation.tg\/#\/schema\/logo\/image\/\",\"url\":\"https:\/\/lavoixdelanation.tg\/wp-content\/uploads\/2024\/12\/lavn-1.png\",\"contentUrl\":\"https:\/\/lavoixdelanation.tg\/wp-content\/uploads\/2024\/12\/lavn-1.png\",\"width\":1024,\"height\":464,\"caption\":\"La Voix de la Nation\"},\"image\":{\"@id\":\"https:\/\/lavoixdelanation.tg\/#\/schema\/logo\/image\/\"},\"sameAs\":[\"https:\/\/www.facebook.com\/lavoixdelanation\"]},{\"@type\":\"Person\",\"@id\":\"https:\/\/lavoixdelanation.tg\/#\/schema\/person\/6c489293aa38053673a9e554acb6e224\",\"name\":\"La voix de la nation\",\"image\":{\"@type\":\"ImageObject\",\"inLanguage\":\"fr-FR\",\"@id\":\"https:\/\/lavoixdelanation.tg\/#\/schema\/person\/image\/\",\"url\":\"https:\/\/secure.gravatar.com\/avatar\/8aa135d4bbc794494cecaa8d483f6d6cc1023624868deaff686baed5e727a5a1?s=96&d=mm&r=g\",\"contentUrl\":\"https:\/\/secure.gravatar.com\/avatar\/8aa135d4bbc794494cecaa8d483f6d6cc1023624868deaff686baed5e727a5a1?s=96&d=mm&r=g\",\"caption\":\"La voix de la nation\"},\"sameAs\":[\"https:\/\/lavoixdelanation.tg\"],\"url\":\"https:\/\/lavoixdelanation.tg\/index.php\/author\/lavn\/\"}]}<\/script>\n<!-- \/ Yoast SEO plugin. -->","yoast_head_json":{"title":"Campagne \u00e9lectorale\u00a0: Les cantons d\u2019Adjengr\u00e9 et d\u2019Aouda aux couleurs du parti UNIR - La Voix de la Nation","robots":{"index":"index","follow":"follow","max-snippet":"max-snippet:-1","max-image-preview":"max-image-preview:large","max-video-preview":"max-video-preview:-1"},"canonical":"https:\/\/lavoixdelanation.tg\/index.php\/2025\/07\/01\/campagne-electorale-les-cantons-dadjengre-et-daouda-aux-couleurs-du-parti-unir\/","og_locale":"fr_FR","og_type":"article","og_title":"Campagne \u00e9lectorale\u00a0: Les cantons d\u2019Adjengr\u00e9 et d\u2019Aouda aux couleurs du parti UNIR - La Voix de la Nation","og_description":"Dans le cadre de la campagne \u00e9lectorale pour les \u00e9lections municipales du 17 juillet prochain, le parti Union pour la R\u00e9publique (UNIR) a organis\u00e9 ce mardi, une caravane dans les&hellip;","og_url":"https:\/\/lavoixdelanation.tg\/index.php\/2025\/07\/01\/campagne-electorale-les-cantons-dadjengre-et-daouda-aux-couleurs-du-parti-unir\/","og_site_name":"La Voix de la Nation","article_publisher":"https:\/\/www.facebook.com\/lavoixdelanation","article_published_time":"2025-07-01T16:23:34+00:00","og_image":[{"width":650,"height":359,"url":"https:\/\/lavoixdelanation.tg\/wp-content\/uploads\/2025\/07\/Campagne-electorale-du-parti-UNIR-a-Sotouboua-2.jpeg","type":"image\/jpeg"}],"author":"La voix de la nation","twitter_card":"summary_large_image","twitter_misc":{"\u00c9crit par":"La voix de la nation","Dur\u00e9e de lecture estim\u00e9e":"2 minutes"},"schema":{"@context":"https:\/\/schema.org","@graph":[{"@type":"Article","@id":"https:\/\/lavoixdelanation.tg\/index.php\/2025\/07\/01\/campagne-electorale-les-cantons-dadjengre-et-daouda-aux-couleurs-du-parti-unir\/#article","isPartOf":{"@id":"https:\/\/lavoixdelanation.tg\/index.php\/2025\/07\/01\/campagne-electorale-les-cantons-dadjengre-et-daouda-aux-couleurs-du-parti-unir\/"},"author":{"name":"La voix de la nation","@id":"https:\/\/lavoixdelanation.tg\/#\/schema\/person\/6c489293aa38053673a9e554acb6e224"},"headline":"Campagne \u00e9lectorale\u00a0: Les cantons d\u2019Adjengr\u00e9 et d\u2019Aouda aux couleurs du parti UNIR","datePublished":"2025-07-01T16:23:34+00:00","mainEntityOfPage":{"@id":"https:\/\/lavoixdelanation.tg\/index.php\/2025\/07\/01\/campagne-electorale-les-cantons-dadjengre-et-daouda-aux-couleurs-du-parti-unir\/"},"wordCount":156,"commentCount":0,"publisher":{"@id":"https:\/\/lavoixdelanation.tg\/#organization"},"image":{"@id":"https:\/\/lavoixdelanation.tg\/index.php\/2025\/07\/01\/campagne-electorale-les-cantons-dadjengre-et-daouda-aux-couleurs-du-parti-unir\/#primaryimage"},"thumbnailUrl":"https:\/\/lavoixdelanation.tg\/wp-content\/uploads\/2025\/07\/Campagne-electorale-du-parti-UNIR-a-Sotouboua-2.jpeg","keywords":["campagne \u00e9lectorale","\u00e9lections municipales","Togo","UNIR"],"articleSection":["Politique"],"inLanguage":"fr-FR","potentialAction":[{"@type":"CommentAction","name":"Comment","target":["https:\/\/lavoixdelanation.tg\/index.php\/2025\/07\/01\/campagne-electorale-les-cantons-dadjengre-et-daouda-aux-couleurs-du-parti-unir\/#respond"]}]},{"@type":"WebPage","@id":"https:\/\/lavoixdelanation.tg\/index.php\/2025\/07\/01\/campagne-electorale-les-cantons-dadjengre-et-daouda-aux-couleurs-du-parti-unir\/","url":"https:\/\/lavoixdelanation.tg\/index.php\/2025\/07\/01\/campagne-electorale-les-cantons-dadjengre-et-daouda-aux-couleurs-du-parti-unir\/","name":"Campagne \u00e9lectorale\u00a0: Les cantons d\u2019Adjengr\u00e9 et d\u2019Aouda aux couleurs du parti UNIR - La Voix de la Nation","isPartOf":{"@id":"https:\/\/lavoixdelanation.tg\/#website"},"primaryImageOfPage":{"@id":"https:\/\/lavoixdelanation.tg\/index.php\/2025\/07\/01\/campagne-electorale-les-cantons-dadjengre-et-daouda-aux-couleurs-du-parti-unir\/#primaryimage"},"image":{"@id":"https:\/\/lavoixdelanation.tg\/index.php\/2025\/07\/01\/campagne-electorale-les-cantons-dadjengre-et-daouda-aux-couleurs-du-parti-unir\/#primaryimage"},"thumbnailUrl":"https:\/\/lavoixdelanation.tg\/wp-content\/uploads\/2025\/07\/Campagne-electorale-du-parti-UNIR-a-Sotouboua-2.jpeg","datePublished":"2025-07-01T16:23:34+00:00","breadcrumb":{"@id":"https:\/\/lavoixdelanation.tg\/index.php\/2025\/07\/01\/campagne-electorale-les-cantons-dadjengre-et-daouda-aux-couleurs-du-parti-unir\/#breadcrumb"},"inLanguage":"fr-FR","potentialAction":[{"@type":"ReadAction","target":["https:\/\/lavoixdelanation.tg\/index.php\/2025\/07\/01\/campagne-electorale-les-cantons-dadjengre-et-daouda-aux-couleurs-du-parti-unir\/"]}]},{"@type":"ImageObject","inLanguage":"fr-FR","@id":"https:\/\/lavoixdelanation.tg\/index.php\/2025\/07\/01\/campagne-electorale-les-cantons-dadjengre-et-daouda-aux-couleurs-du-parti-unir\/#primaryimage","url":"https:\/\/lavoixdelanation.tg\/wp-content\/uploads\/2025\/07\/Campagne-electorale-du-parti-UNIR-a-Sotouboua-2.jpeg","contentUrl":"https:\/\/lavoixdelanation.tg\/wp-content\/uploads\/2025\/07\/Campagne-electorale-du-parti-UNIR-a-Sotouboua-2.jpeg","width":650,"height":359},{"@type":"BreadcrumbList","@id":"https:\/\/lavoixdelanation.tg\/index.php\/2025\/07\/01\/campagne-electorale-les-cantons-dadjengre-et-daouda-aux-couleurs-du-parti-unir\/#breadcrumb","itemListElement":[{"@type":"ListItem","position":1,"name":"Accueil","item":"https:\/\/lavoixdelanation.tg\/"},{"@type":"ListItem","position":2,"name":"Campagne \u00e9lectorale\u00a0: Les cantons d\u2019Adjengr\u00e9 et d\u2019Aouda aux couleurs du parti UNIR"}]},{"@type":"WebSite","@id":"https:\/\/lavoixdelanation.tg\/#website","url":"https:\/\/lavoixdelanation.tg\/","name":"La Voix de la Nation","description":"R\u00e9c\u00e9piss\u00e9 n\u00b00108\/HAAC\/01-2024\/pl\/P","publisher":{"@id":"https:\/\/lavoixdelanation.tg\/#organization"},"alternateName":"VON","potentialAction":[{"@type":"SearchAction","target":{"@type":"EntryPoint","urlTemplate":"https:\/\/lavoixdelanation.tg\/?s={search_term_string}"},"query-input":{"@type":"PropertyValueSpecification","valueRequired":true,"valueName":"search_term_string"}}],"inLanguage":"fr-FR"},{"@type":"Organization","@id":"https:\/\/lavoixdelanation.tg\/#organization","name":"La Voix de la Nation","url":"https:\/\/lavoixdelanation.tg\/","logo":{"@type":"ImageObject","inLanguage":"fr-FR","@id":"https:\/\/lavoixdelanation.tg\/#\/schema\/logo\/image\/","url":"https:\/\/lavoixdelanation.tg\/wp-content\/uploads\/2024\/12\/lavn-1.png","contentUrl":"https:\/\/lavoixdelanation.tg\/wp-content\/uploads\/2024\/12\/lavn-1.png","width":1024,"height":464,"caption":"La Voix de la Nation"},"image":{"@id":"https:\/\/lavoixdelanation.tg\/#\/schema\/logo\/image\/"},"sameAs":["https:\/\/www.facebook.com\/lavoixdelanation"]},{"@type":"Person","@id":"https:\/\/lavoixdelanation.tg\/#\/schema\/person\/6c489293aa38053673a9e554acb6e224","name":"La voix de la nation","image":{"@type":"ImageObject","inLanguage":"fr-FR","@id":"https:\/\/lavoixdelanation.tg\/#\/schema\/person\/image\/","url":"https:\/\/secure.gravatar.com\/avatar\/8aa135d4bbc794494cecaa8d483f6d6cc1023624868deaff686baed5e727a5a1?s=96&d=mm&r=g","contentUrl":"https:\/\/secure.gravatar.com\/avatar\/8aa135d4bbc794494cecaa8d483f6d6cc1023624868deaff686baed5e727a5a1?s=96&d=mm&r=g","caption":"La voix de la nation"},"sameAs":["https:\/\/lavoixdelanation.tg"],"url":"https:\/\/lavoixdelanation.tg\/index.php\/author\/lavn\/"}]}},"_links":{"self":[{"href":"https:\/\/lavoixdelanation.tg\/index.php\/wp-json\/wp\/v2\/posts\/3265","targetHints":{"allow":["GET"]}}],"collection":[{"href":"https:\/\/lavoixdelanation.tg\/index.php\/wp-json\/wp\/v2\/posts"}],"about":[{"href":"https:\/\/lavoixdelanation.tg\/index.php\/wp-json\/wp\/v2\/types\/post"}],"author":[{"embeddable":true,"href":"https:\/\/lavoixdelanation.tg\/index.php\/wp-json\/wp\/v2\/users\/1"}],"replies":[{"embeddable":true,"href":"https:\/\/lavoixdelanation.tg\/index.php\/wp-json\/wp\/v2\/comments?post=3265"}],"version-history":[{"count":1,"href":"https:\/\/lavoixdelanation.tg\/index.php\/wp-json\/wp\/v2\/posts\/3265\/revisions"}],"predecessor-version":[{"id":3268,"href":"https:\/\/lavoixdelanation.tg\/index.php\/wp-json\/wp\/v2\/posts\/3265\/revisions\/3268"}],"wp:featuredmedia":[{"embeddable":true,"href":"https:\/\/lavoixdelanation.tg\/index.php\/wp-json\/wp\/v2\/media\/3266"}],"wp:attachment":[{"href":"https:\/\/lavoixdelanation.tg\/index.php\/wp-json\/wp\/v2\/media?parent=3265"}],"wp:term":[{"taxonomy":"category","embeddable":true,"href":"https:\/\/lavoixdelanation.tg\/index.php\/wp-json\/wp\/v2\/categories?post=3265"},{"taxonomy":"post_tag","embeddable":true,"href":"https:\/\/lavoixdelanation.tg\/index.php\/wp-json\/wp\/v2\/tags?post=3265"}],"curies":[{"name":"wp","href":"https:\/\/api.w.org\/{rel}","templated":true}]}}