{"id":3250,"date":"2025-06-17T09:18:23","date_gmt":"2025-06-17T07:18:23","guid":{"rendered":"https:\/\/lavoixdelanation.tg\/?p=3250"},"modified":"2025-07-01T09:21:18","modified_gmt":"2025-07-01T07:21:18","slug":"assemblee-nationale-les-droits-de-lenfant-au-centre-dun-debat-parlementaire","status":"publish","type":"post","link":"https:\/\/lavoixdelanation.tg\/index.php\/2025\/06\/17\/assemblee-nationale-les-droits-de-lenfant-au-centre-dun-debat-parlementaire\/","title":{"rendered":"Assembl\u00e9e nationale\u00a0: Les droits de l\u2019enfant au centre d\u2019un d\u00e9bat parlementaire"},"content":{"rendered":"\n<p><strong>\u00ab Planification et budg\u00e9tisation pour les droits de l\u2019enfant : Progr\u00e8s depuis 2010 \u00bb\u00a0: c\u2019est le th\u00e8me au centre d\u2019une journ\u00e9e d\u2019\u00e9changes entre les parlementaires et les enfants, organis\u00e9e ce lundi 16 Juin 2025 au si\u00e8ge de l\u2019Assembl\u00e9e nationale \u00e0 Lom\u00e9.<\/strong><\/p>\n\n\n\n<p>Organis\u00e9e \u00e0 l\u2019occasion de la journ\u00e9e de l\u2019enfant Africain, cette rencontre avait pour objectif de promouvoir la participation active des enfants aux processus d\u00e9cisionnels les concernant.<\/p>\n\n\n\n<p>Il s\u2019agit \u00e9galement d\u2019acc\u00e9l\u00e9rer l\u2019adoption ou la r\u00e9vision de lois, de codes et de budgets en faveur des enfants, de dresser un \u00e9tat des lieux, et de documenter les progr\u00e8s r\u00e9alis\u00e9s depuis 2010, mais surtout d\u2019\u00e9couter les voix des enfants eux-m\u00eames.<\/p>\n\n\n\n<p>A travers des d\u00e9bats, les enfants ont pu d\u00e9voiler plusieurs pr\u00e9occupations, \u00e0 savoir : le r\u00f4le que jouent les d\u00e9put\u00e9s, la part du budget allou\u00e9 aux questions relatives aux enfants ainsi que l\u2019implication des enfants dans les travaux en commission portant sur les projets de loi les concernant.<\/p>\n\n\n\n<p>\u00ab En mettant l\u2019accent sur l\u2019\u00e9ducation, la formation, la sant\u00e9 maternelle et infantile, la protection des enfants vuln\u00e9rables dans les diff\u00e9rentes strat\u00e9gies de d\u00e9veloppement et de r\u00e9duction de la pauvret\u00e9, le Togo a pos\u00e9 les bases d\u2019une approche sans pression et la feuille de route gouvernementale Togo 2025 qui vise entre autres un acc\u00e8s, universel \u00e0 une \u00e9ducation de qualit\u00e9, une couverture de sant\u00e9 universelle, l\u2019\u00e9largissement des filets sociaux et la protection des enfants contre toutes les formes de violences et d\u2019exploitation \u00bb a soulign\u00e9 Dr Erinna Corinne Dia, Repr\u00e9sentante r\u00e9sidente de l\u2019UNICEF au Togo.<\/p>\n\n\n\n<figure class=\"wp-block-image size-full\"><img loading=\"lazy\" decoding=\"async\" width=\"1024\" height=\"569\" src=\"https:\/\/lavoixdelanation.tg\/wp-content\/uploads\/2025\/07\/Les-droits-de-lenfant-au-centre-dun-debat-parlementaire-au-Togo.jpg\" alt=\"\" class=\"wp-image-3252\" srcset=\"https:\/\/lavoixdelanation.tg\/wp-content\/uploads\/2025\/07\/Les-droits-de-lenfant-au-centre-dun-debat-parlementaire-au-Togo.jpg 1024w, https:\/\/lavoixdelanation.tg\/wp-content\/uploads\/2025\/07\/Les-droits-de-lenfant-au-centre-dun-debat-parlementaire-au-Togo-300x167.jpg 300w, https:\/\/lavoixdelanation.tg\/wp-content\/uploads\/2025\/07\/Les-droits-de-lenfant-au-centre-dun-debat-parlementaire-au-Togo-768x427.jpg 768w\" sizes=\"auto, (max-width: 1024px) 100vw, 1024px\" \/><\/figure>\n\n\n\n<p>Pr\u00e9sent \u00e0 cette s\u00e9ance d\u2019\u00e9changes, le Pr\u00e9sident de l\u2019Assembl\u00e9e nationale Kodjo Ad\u00e9dz\u00e9 n\u2019a pas manqu\u00e9 de r\u00e9pondre aux questions pos\u00e9es par les enfants notamment sur le r\u00f4le des d\u00e9put\u00e9s.<\/p>\n\n\n\n<p>Il a pr\u00e9cis\u00e9 que si les d\u00e9put\u00e9s ont pour mission de voter les lois, ils ont \u00e9galement, dans le cadre du contr\u00f4le de l\u2019action gouvernementale, la responsabilit\u00e9 de s\u2019assurer que les lois vot\u00e9es sont effectivement appliqu\u00e9es sur le terrain.<\/p>\n\n\n\n<p>\u00ab Voil\u00e0 donc ce que nous faisons. Lorsqu\u2019il y a une loi qui est vot\u00e9e et dont l\u2019essence est la protection de l\u2019enfant, les d\u00e9put\u00e9s veillent \u00e0 s\u2019assurer que, sur le terrain, les enfants sont v\u00e9ritablement prot\u00e9g\u00e9s. C\u2019est dans cette dynamique que nous nous inscrivons \u00bb, a-t-il expliqu\u00e9 aux enfants pr\u00e9sents.<\/p>\n\n\n\n<p>Dans son allocution, le Professeur Kossiwa Zinsou-Klassou, ministre de l\u2019Action sociale, de la Solidarit\u00e9 et de la Promotion de la Femme, a relev\u00e9 que malgr\u00e9 les actions fortes men\u00e9es, \u00ab les d\u00e9fis restent nombreux \u00bb, \u00e0 savoir : l\u2019insuffisance de coordination des initiatives ainsi que des ressources, et les difficult\u00e9s \u00e0 int\u00e9grer pleinement les voix des enfants dans les processus de d\u00e9cision ; autant de chantiers \u00e0 poursuivre.<\/p>\n\n\n\n<p>Ainsi, affirme-t-elle, \u00ab en acceptant d\u2019\u00e9changer directement avec les enfants \u00bb, les parlementaires d\u00e9montrent \u00ab que leur voix compte dans l\u2019\u00e9laboration des politiques publiques \u00bb.<\/p>\n\n\n\n<p>\u00c0 travers cette initiative qui a permis aux enfants de prendre la parole devant les plus hautes autorit\u00e9s de la R\u00e9publique, cette journ\u00e9e d\u2019\u00e9changes a \u00e9t\u00e9 l\u2019occasion pour r\u00e9fl\u00e9chir \u00e0 la mise en place d\u2019un cadre renforc\u00e9 de participation des enfants et des jeunes aux questions structurelles qui sont les leurs.<\/p>\n\n\n\n<p>Les enfants ont notamment plaid\u00e9 pour une budg\u00e9tisation prenant en compte leur besoin et pour la cr\u00e9ation d\u2019un parlement des enfants. D\u2019autres sujets sp\u00e9cifiques ont \u00e9t\u00e9 \u00e9galement touch\u00e9s du doigt.<\/p>\n\n\n\n<p>Par ailleurs, un document consolid\u00e9 reprenant le plaidoyer des enfants a \u00e9t\u00e9 soumis \u00e0 l\u2019attention des d\u00e9put\u00e9s, afin que les futurs projets de loi et arbitrages budg\u00e9taires int\u00e8grent, de mani\u00e8re plus structur\u00e9e, les pr\u00e9occupations sp\u00e9cifiques de l\u2019enfance.<\/p>\n\n\n\n<p>Il faut souligner que la journ\u00e9e d\u2019\u00e9changes a \u00e9t\u00e9 conjointement organis\u00e9e par le Minist\u00e8re de l\u2019Action Sociale, le parlement togolais, l\u2019UNICEF, le Syst\u00e8me des Nations Unies au Togo, Plan International Togo, la Ligue Togolaise pour la Protection de l\u2019Enfance et diverses associations de la soci\u00e9t\u00e9 civile.<\/p>\n\n\n\n<p><strong>Cris DADA<\/strong><\/p>\n","protected":false},"excerpt":{"rendered":"<p>\u00ab Planification et budg\u00e9tisation pour les droits de l\u2019enfant : Progr\u00e8s depuis 2010 \u00bb\u00a0: c\u2019est le th\u00e8me au centre d\u2019une journ\u00e9e d\u2019\u00e9changes entre les parlementaires et les enfants, organis\u00e9e ce&hellip; <\/p>\n","protected":false},"author":1,"featured_media":3251,"comment_status":"open","ping_status":"open","sticky":false,"template":"","format":"standard","meta":{"footnotes":""},"categories":[29],"tags":[43,774,39],"class_list":["post-3250","post","type-post","status-publish","format-standard","has-post-thumbnail","hentry","category-societe","tag-assemblee-nationale","tag-droits-de-lenfant","tag-togo"],"yoast_head":"<!-- This site is optimized with the Yoast SEO plugin v26.4 - https:\/\/yoast.com\/wordpress\/plugins\/seo\/ -->\n<title>Assembl\u00e9e nationale\u00a0: Les droits de l\u2019enfant au centre d\u2019un d\u00e9bat parlementaire - La Voix de la Nation<\/title>\n<meta name=\"robots\" content=\"index, follow, max-snippet:-1, max-image-preview:large, max-video-preview:-1\" \/>\n<link rel=\"canonical\" href=\"https:\/\/lavoixdelanation.tg\/index.php\/2025\/06\/17\/assemblee-nationale-les-droits-de-lenfant-au-centre-dun-debat-parlementaire\/\" \/>\n<meta property=\"og:locale\" content=\"fr_FR\" \/>\n<meta property=\"og:type\" content=\"article\" \/>\n<meta property=\"og:title\" content=\"Assembl\u00e9e nationale\u00a0: Les droits de l\u2019enfant au centre d\u2019un d\u00e9bat parlementaire - La Voix de la Nation\" \/>\n<meta property=\"og:description\" content=\"\u00ab Planification et budg\u00e9tisation pour les droits de l\u2019enfant : Progr\u00e8s depuis 2010 \u00bb\u00a0: c\u2019est le th\u00e8me au centre d\u2019une journ\u00e9e d\u2019\u00e9changes entre les parlementaires et les enfants, organis\u00e9e ce&hellip;\" \/>\n<meta property=\"og:url\" content=\"https:\/\/lavoixdelanation.tg\/index.php\/2025\/06\/17\/assemblee-nationale-les-droits-de-lenfant-au-centre-dun-debat-parlementaire\/\" \/>\n<meta property=\"og:site_name\" content=\"La Voix de la Nation\" \/>\n<meta property=\"article:publisher\" content=\"https:\/\/www.facebook.com\/lavoixdelanation\" \/>\n<meta property=\"article:published_time\" content=\"2025-06-17T07:18:23+00:00\" \/>\n<meta property=\"article:modified_time\" content=\"2025-07-01T07:21:18+00:00\" \/>\n<meta property=\"og:image\" content=\"https:\/\/lavoixdelanation.tg\/wp-content\/uploads\/2025\/07\/Les-droits-de-lenfant-au-centre-dun-debat-parlementaire.jpg\" \/>\n\t<meta property=\"og:image:width\" content=\"1024\" \/>\n\t<meta property=\"og:image:height\" content=\"709\" \/>\n\t<meta property=\"og:image:type\" content=\"image\/jpeg\" \/>\n<meta name=\"author\" content=\"La voix de la nation\" \/>\n<meta name=\"twitter:card\" content=\"summary_large_image\" \/>\n<meta name=\"twitter:label1\" content=\"\u00c9crit par\" \/>\n\t<meta name=\"twitter:data1\" content=\"La voix de la nation\" \/>\n\t<meta name=\"twitter:label2\" content=\"Dur\u00e9e de lecture estim\u00e9e\" \/>\n\t<meta name=\"twitter:data2\" content=\"4 minutes\" \/>\n<script type=\"application\/ld+json\" class=\"yoast-schema-graph\">{\"@context\":\"https:\/\/schema.org\",\"@graph\":[{\"@type\":\"Article\",\"@id\":\"https:\/\/lavoixdelanation.tg\/index.php\/2025\/06\/17\/assemblee-nationale-les-droits-de-lenfant-au-centre-dun-debat-parlementaire\/#article\",\"isPartOf\":{\"@id\":\"https:\/\/lavoixdelanation.tg\/index.php\/2025\/06\/17\/assemblee-nationale-les-droits-de-lenfant-au-centre-dun-debat-parlementaire\/\"},\"author\":{\"name\":\"La voix de la nation\",\"@id\":\"https:\/\/lavoixdelanation.tg\/#\/schema\/person\/6c489293aa38053673a9e554acb6e224\"},\"headline\":\"Assembl\u00e9e nationale\u00a0: Les droits de l\u2019enfant au centre d\u2019un d\u00e9bat parlementaire\",\"datePublished\":\"2025-06-17T07:18:23+00:00\",\"dateModified\":\"2025-07-01T07:21:18+00:00\",\"mainEntityOfPage\":{\"@id\":\"https:\/\/lavoixdelanation.tg\/index.php\/2025\/06\/17\/assemblee-nationale-les-droits-de-lenfant-au-centre-dun-debat-parlementaire\/\"},\"wordCount\":736,\"commentCount\":0,\"publisher\":{\"@id\":\"https:\/\/lavoixdelanation.tg\/#organization\"},\"image\":{\"@id\":\"https:\/\/lavoixdelanation.tg\/index.php\/2025\/06\/17\/assemblee-nationale-les-droits-de-lenfant-au-centre-dun-debat-parlementaire\/#primaryimage\"},\"thumbnailUrl\":\"https:\/\/lavoixdelanation.tg\/wp-content\/uploads\/2025\/07\/Les-droits-de-lenfant-au-centre-dun-debat-parlementaire.jpg\",\"keywords\":[\"Assembl\u00e9e nationale\",\"droits de l\u2019enfant\",\"Togo\"],\"articleSection\":[\"Soci\u00e9t\u00e9\"],\"inLanguage\":\"fr-FR\",\"potentialAction\":[{\"@type\":\"CommentAction\",\"name\":\"Comment\",\"target\":[\"https:\/\/lavoixdelanation.tg\/index.php\/2025\/06\/17\/assemblee-nationale-les-droits-de-lenfant-au-centre-dun-debat-parlementaire\/#respond\"]}]},{\"@type\":\"WebPage\",\"@id\":\"https:\/\/lavoixdelanation.tg\/index.php\/2025\/06\/17\/assemblee-nationale-les-droits-de-lenfant-au-centre-dun-debat-parlementaire\/\",\"url\":\"https:\/\/lavoixdelanation.tg\/index.php\/2025\/06\/17\/assemblee-nationale-les-droits-de-lenfant-au-centre-dun-debat-parlementaire\/\",\"name\":\"Assembl\u00e9e nationale\u00a0: Les droits de l\u2019enfant au centre d\u2019un d\u00e9bat parlementaire - La Voix de la Nation\",\"isPartOf\":{\"@id\":\"https:\/\/lavoixdelanation.tg\/#website\"},\"primaryImageOfPage\":{\"@id\":\"https:\/\/lavoixdelanation.tg\/index.php\/2025\/06\/17\/assemblee-nationale-les-droits-de-lenfant-au-centre-dun-debat-parlementaire\/#primaryimage\"},\"image\":{\"@id\":\"https:\/\/lavoixdelanation.tg\/index.php\/2025\/06\/17\/assemblee-nationale-les-droits-de-lenfant-au-centre-dun-debat-parlementaire\/#primaryimage\"},\"thumbnailUrl\":\"https:\/\/lavoixdelanation.tg\/wp-content\/uploads\/2025\/07\/Les-droits-de-lenfant-au-centre-dun-debat-parlementaire.jpg\",\"datePublished\":\"2025-06-17T07:18:23+00:00\",\"dateModified\":\"2025-07-01T07:21:18+00:00\",\"breadcrumb\":{\"@id\":\"https:\/\/lavoixdelanation.tg\/index.php\/2025\/06\/17\/assemblee-nationale-les-droits-de-lenfant-au-centre-dun-debat-parlementaire\/#breadcrumb\"},\"inLanguage\":\"fr-FR\",\"potentialAction\":[{\"@type\":\"ReadAction\",\"target\":[\"https:\/\/lavoixdelanation.tg\/index.php\/2025\/06\/17\/assemblee-nationale-les-droits-de-lenfant-au-centre-dun-debat-parlementaire\/\"]}]},{\"@type\":\"ImageObject\",\"inLanguage\":\"fr-FR\",\"@id\":\"https:\/\/lavoixdelanation.tg\/index.php\/2025\/06\/17\/assemblee-nationale-les-droits-de-lenfant-au-centre-dun-debat-parlementaire\/#primaryimage\",\"url\":\"https:\/\/lavoixdelanation.tg\/wp-content\/uploads\/2025\/07\/Les-droits-de-lenfant-au-centre-dun-debat-parlementaire.jpg\",\"contentUrl\":\"https:\/\/lavoixdelanation.tg\/wp-content\/uploads\/2025\/07\/Les-droits-de-lenfant-au-centre-dun-debat-parlementaire.jpg\",\"width\":1024,\"height\":709},{\"@type\":\"BreadcrumbList\",\"@id\":\"https:\/\/lavoixdelanation.tg\/index.php\/2025\/06\/17\/assemblee-nationale-les-droits-de-lenfant-au-centre-dun-debat-parlementaire\/#breadcrumb\",\"itemListElement\":[{\"@type\":\"ListItem\",\"position\":1,\"name\":\"Accueil\",\"item\":\"https:\/\/lavoixdelanation.tg\/\"},{\"@type\":\"ListItem\",\"position\":2,\"name\":\"Assembl\u00e9e nationale\u00a0: Les droits de l\u2019enfant au centre d\u2019un d\u00e9bat parlementaire\"}]},{\"@type\":\"WebSite\",\"@id\":\"https:\/\/lavoixdelanation.tg\/#website\",\"url\":\"https:\/\/lavoixdelanation.tg\/\",\"name\":\"La Voix de la Nation\",\"description\":\"R\u00e9c\u00e9piss\u00e9 n\u00b00108\/HAAC\/01-2024\/pl\/P\",\"publisher\":{\"@id\":\"https:\/\/lavoixdelanation.tg\/#organization\"},\"alternateName\":\"VON\",\"potentialAction\":[{\"@type\":\"SearchAction\",\"target\":{\"@type\":\"EntryPoint\",\"urlTemplate\":\"https:\/\/lavoixdelanation.tg\/?s={search_term_string}\"},\"query-input\":{\"@type\":\"PropertyValueSpecification\",\"valueRequired\":true,\"valueName\":\"search_term_string\"}}],\"inLanguage\":\"fr-FR\"},{\"@type\":\"Organization\",\"@id\":\"https:\/\/lavoixdelanation.tg\/#organization\",\"name\":\"La Voix de la Nation\",\"url\":\"https:\/\/lavoixdelanation.tg\/\",\"logo\":{\"@type\":\"ImageObject\",\"inLanguage\":\"fr-FR\",\"@id\":\"https:\/\/lavoixdelanation.tg\/#\/schema\/logo\/image\/\",\"url\":\"https:\/\/lavoixdelanation.tg\/wp-content\/uploads\/2024\/12\/lavn-1.png\",\"contentUrl\":\"https:\/\/lavoixdelanation.tg\/wp-content\/uploads\/2024\/12\/lavn-1.png\",\"width\":1024,\"height\":464,\"caption\":\"La Voix de la Nation\"},\"image\":{\"@id\":\"https:\/\/lavoixdelanation.tg\/#\/schema\/logo\/image\/\"},\"sameAs\":[\"https:\/\/www.facebook.com\/lavoixdelanation\"]},{\"@type\":\"Person\",\"@id\":\"https:\/\/lavoixdelanation.tg\/#\/schema\/person\/6c489293aa38053673a9e554acb6e224\",\"name\":\"La voix de la nation\",\"image\":{\"@type\":\"ImageObject\",\"inLanguage\":\"fr-FR\",\"@id\":\"https:\/\/lavoixdelanation.tg\/#\/schema\/person\/image\/\",\"url\":\"https:\/\/secure.gravatar.com\/avatar\/8aa135d4bbc794494cecaa8d483f6d6cc1023624868deaff686baed5e727a5a1?s=96&d=mm&r=g\",\"contentUrl\":\"https:\/\/secure.gravatar.com\/avatar\/8aa135d4bbc794494cecaa8d483f6d6cc1023624868deaff686baed5e727a5a1?s=96&d=mm&r=g\",\"caption\":\"La voix de la nation\"},\"sameAs\":[\"https:\/\/lavoixdelanation.tg\"],\"url\":\"https:\/\/lavoixdelanation.tg\/index.php\/author\/lavn\/\"}]}<\/script>\n<!-- \/ Yoast SEO plugin. -->","yoast_head_json":{"title":"Assembl\u00e9e nationale\u00a0: Les droits de l\u2019enfant au centre d\u2019un d\u00e9bat parlementaire - La Voix de la Nation","robots":{"index":"index","follow":"follow","max-snippet":"max-snippet:-1","max-image-preview":"max-image-preview:large","max-video-preview":"max-video-preview:-1"},"canonical":"https:\/\/lavoixdelanation.tg\/index.php\/2025\/06\/17\/assemblee-nationale-les-droits-de-lenfant-au-centre-dun-debat-parlementaire\/","og_locale":"fr_FR","og_type":"article","og_title":"Assembl\u00e9e nationale\u00a0: Les droits de l\u2019enfant au centre d\u2019un d\u00e9bat parlementaire - La Voix de la Nation","og_description":"\u00ab Planification et budg\u00e9tisation pour les droits de l\u2019enfant : Progr\u00e8s depuis 2010 \u00bb\u00a0: c\u2019est le th\u00e8me au centre d\u2019une journ\u00e9e d\u2019\u00e9changes entre les parlementaires et les enfants, organis\u00e9e ce&hellip;","og_url":"https:\/\/lavoixdelanation.tg\/index.php\/2025\/06\/17\/assemblee-nationale-les-droits-de-lenfant-au-centre-dun-debat-parlementaire\/","og_site_name":"La Voix de la Nation","article_publisher":"https:\/\/www.facebook.com\/lavoixdelanation","article_published_time":"2025-06-17T07:18:23+00:00","article_modified_time":"2025-07-01T07:21:18+00:00","og_image":[{"width":1024,"height":709,"url":"https:\/\/lavoixdelanation.tg\/wp-content\/uploads\/2025\/07\/Les-droits-de-lenfant-au-centre-dun-debat-parlementaire.jpg","type":"image\/jpeg"}],"author":"La voix de la nation","twitter_card":"summary_large_image","twitter_misc":{"\u00c9crit par":"La voix de la nation","Dur\u00e9e de lecture estim\u00e9e":"4 minutes"},"schema":{"@context":"https:\/\/schema.org","@graph":[{"@type":"Article","@id":"https:\/\/lavoixdelanation.tg\/index.php\/2025\/06\/17\/assemblee-nationale-les-droits-de-lenfant-au-centre-dun-debat-parlementaire\/#article","isPartOf":{"@id":"https:\/\/lavoixdelanation.tg\/index.php\/2025\/06\/17\/assemblee-nationale-les-droits-de-lenfant-au-centre-dun-debat-parlementaire\/"},"author":{"name":"La voix de la nation","@id":"https:\/\/lavoixdelanation.tg\/#\/schema\/person\/6c489293aa38053673a9e554acb6e224"},"headline":"Assembl\u00e9e nationale\u00a0: Les droits de l\u2019enfant au centre d\u2019un d\u00e9bat parlementaire","datePublished":"2025-06-17T07:18:23+00:00","dateModified":"2025-07-01T07:21:18+00:00","mainEntityOfPage":{"@id":"https:\/\/lavoixdelanation.tg\/index.php\/2025\/06\/17\/assemblee-nationale-les-droits-de-lenfant-au-centre-dun-debat-parlementaire\/"},"wordCount":736,"commentCount":0,"publisher":{"@id":"https:\/\/lavoixdelanation.tg\/#organization"},"image":{"@id":"https:\/\/lavoixdelanation.tg\/index.php\/2025\/06\/17\/assemblee-nationale-les-droits-de-lenfant-au-centre-dun-debat-parlementaire\/#primaryimage"},"thumbnailUrl":"https:\/\/lavoixdelanation.tg\/wp-content\/uploads\/2025\/07\/Les-droits-de-lenfant-au-centre-dun-debat-parlementaire.jpg","keywords":["Assembl\u00e9e nationale","droits de l\u2019enfant","Togo"],"articleSection":["Soci\u00e9t\u00e9"],"inLanguage":"fr-FR","potentialAction":[{"@type":"CommentAction","name":"Comment","target":["https:\/\/lavoixdelanation.tg\/index.php\/2025\/06\/17\/assemblee-nationale-les-droits-de-lenfant-au-centre-dun-debat-parlementaire\/#respond"]}]},{"@type":"WebPage","@id":"https:\/\/lavoixdelanation.tg\/index.php\/2025\/06\/17\/assemblee-nationale-les-droits-de-lenfant-au-centre-dun-debat-parlementaire\/","url":"https:\/\/lavoixdelanation.tg\/index.php\/2025\/06\/17\/assemblee-nationale-les-droits-de-lenfant-au-centre-dun-debat-parlementaire\/","name":"Assembl\u00e9e nationale\u00a0: Les droits de l\u2019enfant au centre d\u2019un d\u00e9bat parlementaire - La Voix de la Nation","isPartOf":{"@id":"https:\/\/lavoixdelanation.tg\/#website"},"primaryImageOfPage":{"@id":"https:\/\/lavoixdelanation.tg\/index.php\/2025\/06\/17\/assemblee-nationale-les-droits-de-lenfant-au-centre-dun-debat-parlementaire\/#primaryimage"},"image":{"@id":"https:\/\/lavoixdelanation.tg\/index.php\/2025\/06\/17\/assemblee-nationale-les-droits-de-lenfant-au-centre-dun-debat-parlementaire\/#primaryimage"},"thumbnailUrl":"https:\/\/lavoixdelanation.tg\/wp-content\/uploads\/2025\/07\/Les-droits-de-lenfant-au-centre-dun-debat-parlementaire.jpg","datePublished":"2025-06-17T07:18:23+00:00","dateModified":"2025-07-01T07:21:18+00:00","breadcrumb":{"@id":"https:\/\/lavoixdelanation.tg\/index.php\/2025\/06\/17\/assemblee-nationale-les-droits-de-lenfant-au-centre-dun-debat-parlementaire\/#breadcrumb"},"inLanguage":"fr-FR","potentialAction":[{"@type":"ReadAction","target":["https:\/\/lavoixdelanation.tg\/index.php\/2025\/06\/17\/assemblee-nationale-les-droits-de-lenfant-au-centre-dun-debat-parlementaire\/"]}]},{"@type":"ImageObject","inLanguage":"fr-FR","@id":"https:\/\/lavoixdelanation.tg\/index.php\/2025\/06\/17\/assemblee-nationale-les-droits-de-lenfant-au-centre-dun-debat-parlementaire\/#primaryimage","url":"https:\/\/lavoixdelanation.tg\/wp-content\/uploads\/2025\/07\/Les-droits-de-lenfant-au-centre-dun-debat-parlementaire.jpg","contentUrl":"https:\/\/lavoixdelanation.tg\/wp-content\/uploads\/2025\/07\/Les-droits-de-lenfant-au-centre-dun-debat-parlementaire.jpg","width":1024,"height":709},{"@type":"BreadcrumbList","@id":"https:\/\/lavoixdelanation.tg\/index.php\/2025\/06\/17\/assemblee-nationale-les-droits-de-lenfant-au-centre-dun-debat-parlementaire\/#breadcrumb","itemListElement":[{"@type":"ListItem","position":1,"name":"Accueil","item":"https:\/\/lavoixdelanation.tg\/"},{"@type":"ListItem","position":2,"name":"Assembl\u00e9e nationale\u00a0: Les droits de l\u2019enfant au centre d\u2019un d\u00e9bat parlementaire"}]},{"@type":"WebSite","@id":"https:\/\/lavoixdelanation.tg\/#website","url":"https:\/\/lavoixdelanation.tg\/","name":"La Voix de la Nation","description":"R\u00e9c\u00e9piss\u00e9 n\u00b00108\/HAAC\/01-2024\/pl\/P","publisher":{"@id":"https:\/\/lavoixdelanation.tg\/#organization"},"alternateName":"VON","potentialAction":[{"@type":"SearchAction","target":{"@type":"EntryPoint","urlTemplate":"https:\/\/lavoixdelanation.tg\/?s={search_term_string}"},"query-input":{"@type":"PropertyValueSpecification","valueRequired":true,"valueName":"search_term_string"}}],"inLanguage":"fr-FR"},{"@type":"Organization","@id":"https:\/\/lavoixdelanation.tg\/#organization","name":"La Voix de la Nation","url":"https:\/\/lavoixdelanation.tg\/","logo":{"@type":"ImageObject","inLanguage":"fr-FR","@id":"https:\/\/lavoixdelanation.tg\/#\/schema\/logo\/image\/","url":"https:\/\/lavoixdelanation.tg\/wp-content\/uploads\/2024\/12\/lavn-1.png","contentUrl":"https:\/\/lavoixdelanation.tg\/wp-content\/uploads\/2024\/12\/lavn-1.png","width":1024,"height":464,"caption":"La Voix de la Nation"},"image":{"@id":"https:\/\/lavoixdelanation.tg\/#\/schema\/logo\/image\/"},"sameAs":["https:\/\/www.facebook.com\/lavoixdelanation"]},{"@type":"Person","@id":"https:\/\/lavoixdelanation.tg\/#\/schema\/person\/6c489293aa38053673a9e554acb6e224","name":"La voix de la nation","image":{"@type":"ImageObject","inLanguage":"fr-FR","@id":"https:\/\/lavoixdelanation.tg\/#\/schema\/person\/image\/","url":"https:\/\/secure.gravatar.com\/avatar\/8aa135d4bbc794494cecaa8d483f6d6cc1023624868deaff686baed5e727a5a1?s=96&d=mm&r=g","contentUrl":"https:\/\/secure.gravatar.com\/avatar\/8aa135d4bbc794494cecaa8d483f6d6cc1023624868deaff686baed5e727a5a1?s=96&d=mm&r=g","caption":"La voix de la nation"},"sameAs":["https:\/\/lavoixdelanation.tg"],"url":"https:\/\/lavoixdelanation.tg\/index.php\/author\/lavn\/"}]}},"_links":{"self":[{"href":"https:\/\/lavoixdelanation.tg\/index.php\/wp-json\/wp\/v2\/posts\/3250","targetHints":{"allow":["GET"]}}],"collection":[{"href":"https:\/\/lavoixdelanation.tg\/index.php\/wp-json\/wp\/v2\/posts"}],"about":[{"href":"https:\/\/lavoixdelanation.tg\/index.php\/wp-json\/wp\/v2\/types\/post"}],"author":[{"embeddable":true,"href":"https:\/\/lavoixdelanation.tg\/index.php\/wp-json\/wp\/v2\/users\/1"}],"replies":[{"embeddable":true,"href":"https:\/\/lavoixdelanation.tg\/index.php\/wp-json\/wp\/v2\/comments?post=3250"}],"version-history":[{"count":1,"href":"https:\/\/lavoixdelanation.tg\/index.php\/wp-json\/wp\/v2\/posts\/3250\/revisions"}],"predecessor-version":[{"id":3253,"href":"https:\/\/lavoixdelanation.tg\/index.php\/wp-json\/wp\/v2\/posts\/3250\/revisions\/3253"}],"wp:featuredmedia":[{"embeddable":true,"href":"https:\/\/lavoixdelanation.tg\/index.php\/wp-json\/wp\/v2\/media\/3251"}],"wp:attachment":[{"href":"https:\/\/lavoixdelanation.tg\/index.php\/wp-json\/wp\/v2\/media?parent=3250"}],"wp:term":[{"taxonomy":"category","embeddable":true,"href":"https:\/\/lavoixdelanation.tg\/index.php\/wp-json\/wp\/v2\/categories?post=3250"},{"taxonomy":"post_tag","embeddable":true,"href":"https:\/\/lavoixdelanation.tg\/index.php\/wp-json\/wp\/v2\/tags?post=3250"}],"curies":[{"name":"wp","href":"https:\/\/api.w.org\/{rel}","templated":true}]}}