{"id":3233,"date":"2025-06-30T22:03:08","date_gmt":"2025-06-30T20:03:08","guid":{"rendered":"https:\/\/lavoixdelanation.tg\/?p=3233"},"modified":"2025-06-30T22:10:51","modified_gmt":"2025-06-30T20:10:51","slug":"assemblee-nationale-cloture-de-la-premiere-session-ordinaire-de-lannee-2025","status":"publish","type":"post","link":"https:\/\/lavoixdelanation.tg\/index.php\/2025\/06\/30\/assemblee-nationale-cloture-de-la-premiere-session-ordinaire-de-lannee-2025\/","title":{"rendered":"Assembl\u00e9e nationale\u00a0: Cl\u00f4ture de la premi\u00e8re session ordinaire de l\u2019ann\u00e9e 2025"},"content":{"rendered":"\n<p><strong>Ouverte le 1<sup>er<\/sup> avril dernier, la premi\u00e8re session ordinaire de l\u2019ann\u00e9e 2025 de l\u2019Assembl\u00e9e nationale a pris fin ce lundi 30 juin 2025 au si\u00e8ge de l\u2019institution \u00e0 Lom\u00e9.<\/strong><\/p>\n\n\n\n<p>La s\u00e9ance de cl\u00f4ture pr\u00e9sid\u00e9e par le pr\u00e9sident de l\u2019Assembl\u00e9e Kodjo Adedz\u00e9, a servi de cadre aux d\u00e9put\u00e9s de revenir sur les travaux de cette session et d\u2019aborder les perspectives qui se profilent pour le Togo.<\/p>\n\n\n\n<p>La s\u00e9ance de cl\u00f4ture a \u00e9t\u00e9 marqu\u00e9e par plusieurs points dont la pr\u00e9sentation \u00e0 huis clos du rapport d\u2019activit\u00e9s de juin 2024 \u00e0 mars 2025 par l\u2019honorable Kodjo Adedz\u00e9.<\/p>\n\n\n\n<p>Les comptes rendus relatifs \u00e0 la 6<sup>e<\/sup> s\u00e9ance pl\u00e9ni\u00e8re de la 1<sup>re<\/sup> session extraordinaire de l\u2019ann\u00e9e 2025, la s\u00e9ance pl\u00e9ni\u00e8re d\u2019ouverture de la premi\u00e8re session ordinaire de l\u2019ann\u00e9e 2025, et la s\u00e9ance pl\u00e9ni\u00e8re relative \u00e0 l\u2019information de la d\u00e9signation du Pr\u00e9sident du Conseil, ont \u00e9t\u00e9 adopt\u00e9s par les d\u00e9put\u00e9s.<\/p>\n\n\n\n<p>Le Pr\u00e9sident de l\u2019Assembl\u00e9e nationale a indiqu\u00e9 que cette premi\u00e8re session a \u00e9t\u00e9 riche en \u00e9changes constructifs et en actes importants pour l\u2019avenir de la nation et le bien-\u00eatre de la population.<\/p>\n\n\n\n<p>Il s\u2019agit notamment des s\u00e9ances pl\u00e9ni\u00e8res et les s\u00e9minaires parlementaires, et surtout par un \u00e9v\u00e8nement qui restera grav\u00e9 dans l\u2019histoire politique du Togo : la d\u00e9signation, pour la premi\u00e8re fois dans le pays, du Pr\u00e9sident du Conseil.<\/p>\n\n\n\n<p>\u00ab Ce choix, fruit d\u2019un processus d\u00e9mocratique m\u00fbrement r\u00e9fl\u00e9chi et conforme \u00e0 nos institutions r\u00e9publicaines, marque une \u00e9tape essentielle dans le renforcement de notre gouvernance. Ce moment historique t\u00e9moigne de notre engagement collectif \u00e0 b\u00e2tir un Etat de droit solide, r\u00e9silient, o\u00f9 les principes d\u00e9mocratiques sont respect\u00e9s et valoris\u00e9s \u00bb, a d\u00e9clar\u00e9 Kodjo Adedz\u00e9.<\/p>\n\n\n\n<p>D\u00e9sormais en vacances parlementaires, les d\u00e9put\u00e9s sont invit\u00e9s \u00e0 profiter de cette p\u00e9riode d\u2019intercession pour se rapprocher davantage des populations, en vue d\u2019\u00e9couter leurs pr\u00e9occupations et pr\u00e9parer les travaux futurs.<\/p>\n\n\n\n<p>Pr\u00e9cisons que cette session de cl\u00f4ture s\u2019est d\u00e9roul\u00e9e en pr\u00e9sence du ministre des Droits de l\u2019Homme, de la Formation \u00e0 la Citoyennet\u00e9, des Relations avec les Institutions de la R\u00e9publique, Pac\u00f4me Yawovi Adjourouvi.<\/p>\n\n\n\n<p>La seconde session de l\u2019ann\u00e9e d\u00e9butera le premier mardi du mois d\u2019octobre prochain.<\/p>\n\n\n\n<p><strong>La R\u00e9daction<\/strong><\/p>\n","protected":false},"excerpt":{"rendered":"<p>Ouverte le 1er avril dernier, la premi\u00e8re session ordinaire de l\u2019ann\u00e9e 2025 de l\u2019Assembl\u00e9e nationale a pris fin ce lundi 30 juin 2025 au si\u00e8ge de l\u2019institution \u00e0 Lom\u00e9. La&hellip; <\/p>\n","protected":false},"author":1,"featured_media":3234,"comment_status":"open","ping_status":"open","sticky":false,"template":"","format":"standard","meta":{"footnotes":""},"categories":[21],"tags":[43,768,39],"class_list":["post-3233","post","type-post","status-publish","format-standard","has-post-thumbnail","hentry","category-politique","tag-assemblee-nationale","tag-kodjo-adedze-2","tag-togo"],"yoast_head":"<!-- This site is optimized with the Yoast SEO plugin v26.4 - https:\/\/yoast.com\/wordpress\/plugins\/seo\/ -->\n<title>Assembl\u00e9e nationale\u00a0: Cl\u00f4ture de la premi\u00e8re session ordinaire de l\u2019ann\u00e9e 2025 - La Voix de la Nation<\/title>\n<meta name=\"description\" content=\"Ouverte le 1er avril dernier, la premi\u00e8re session ordinaire de l\u2019ann\u00e9e 2025 de l\u2019Assembl\u00e9e nationale a pris fin ce lundi 30 juin 2025 au si\u00e8ge de l\u2019institution \u00e0 Lom\u00e9.\" \/>\n<meta name=\"robots\" content=\"index, follow, max-snippet:-1, max-image-preview:large, max-video-preview:-1\" \/>\n<link rel=\"canonical\" href=\"https:\/\/lavoixdelanation.tg\/index.php\/2025\/06\/30\/assemblee-nationale-cloture-de-la-premiere-session-ordinaire-de-lannee-2025\/\" \/>\n<meta property=\"og:locale\" content=\"fr_FR\" \/>\n<meta property=\"og:type\" content=\"article\" \/>\n<meta property=\"og:title\" content=\"Assembl\u00e9e nationale\u00a0: Cl\u00f4ture de la premi\u00e8re session ordinaire de l\u2019ann\u00e9e 2025 - La Voix de la Nation\" \/>\n<meta property=\"og:description\" content=\"Ouverte le 1er avril dernier, la premi\u00e8re session ordinaire de l\u2019ann\u00e9e 2025 de l\u2019Assembl\u00e9e nationale a pris fin ce lundi 30 juin 2025 au si\u00e8ge de l\u2019institution \u00e0 Lom\u00e9.\" \/>\n<meta property=\"og:url\" content=\"https:\/\/lavoixdelanation.tg\/index.php\/2025\/06\/30\/assemblee-nationale-cloture-de-la-premiere-session-ordinaire-de-lannee-2025\/\" \/>\n<meta property=\"og:site_name\" content=\"La Voix de la Nation\" \/>\n<meta property=\"article:publisher\" content=\"https:\/\/www.facebook.com\/lavoixdelanation\" \/>\n<meta property=\"article:published_time\" content=\"2025-06-30T20:03:08+00:00\" \/>\n<meta property=\"article:modified_time\" content=\"2025-06-30T20:10:51+00:00\" \/>\n<meta property=\"og:image\" content=\"https:\/\/lavoixdelanation.tg\/wp-content\/uploads\/2025\/06\/Cloture-de-la-premiere-session-ordinaire-de-lannee-2025-de-lAssemblee-nationale.jpg\" \/>\n\t<meta property=\"og:image:width\" content=\"1000\" \/>\n\t<meta property=\"og:image:height\" content=\"592\" \/>\n\t<meta property=\"og:image:type\" content=\"image\/jpeg\" \/>\n<meta name=\"author\" content=\"La voix de la nation\" \/>\n<meta name=\"twitter:card\" content=\"summary_large_image\" \/>\n<meta name=\"twitter:label1\" content=\"\u00c9crit par\" \/>\n\t<meta name=\"twitter:data1\" content=\"La voix de la nation\" \/>\n\t<meta name=\"twitter:label2\" content=\"Dur\u00e9e de lecture estim\u00e9e\" \/>\n\t<meta name=\"twitter:data2\" content=\"2 minutes\" \/>\n<script type=\"application\/ld+json\" class=\"yoast-schema-graph\">{\"@context\":\"https:\/\/schema.org\",\"@graph\":[{\"@type\":\"Article\",\"@id\":\"https:\/\/lavoixdelanation.tg\/index.php\/2025\/06\/30\/assemblee-nationale-cloture-de-la-premiere-session-ordinaire-de-lannee-2025\/#article\",\"isPartOf\":{\"@id\":\"https:\/\/lavoixdelanation.tg\/index.php\/2025\/06\/30\/assemblee-nationale-cloture-de-la-premiere-session-ordinaire-de-lannee-2025\/\"},\"author\":{\"name\":\"La voix de la nation\",\"@id\":\"https:\/\/lavoixdelanation.tg\/#\/schema\/person\/6c489293aa38053673a9e554acb6e224\"},\"headline\":\"Assembl\u00e9e nationale\u00a0: Cl\u00f4ture de la premi\u00e8re session ordinaire de l\u2019ann\u00e9e 2025\",\"datePublished\":\"2025-06-30T20:03:08+00:00\",\"dateModified\":\"2025-06-30T20:10:51+00:00\",\"mainEntityOfPage\":{\"@id\":\"https:\/\/lavoixdelanation.tg\/index.php\/2025\/06\/30\/assemblee-nationale-cloture-de-la-premiere-session-ordinaire-de-lannee-2025\/\"},\"wordCount\":437,\"commentCount\":0,\"publisher\":{\"@id\":\"https:\/\/lavoixdelanation.tg\/#organization\"},\"image\":{\"@id\":\"https:\/\/lavoixdelanation.tg\/index.php\/2025\/06\/30\/assemblee-nationale-cloture-de-la-premiere-session-ordinaire-de-lannee-2025\/#primaryimage\"},\"thumbnailUrl\":\"https:\/\/lavoixdelanation.tg\/wp-content\/uploads\/2025\/06\/Cloture-de-la-premiere-session-ordinaire-de-lannee-2025-de-lAssemblee-nationale.jpg\",\"keywords\":[\"Assembl\u00e9e nationale\",\"Kodjo Adedz\u00e9\",\"Togo\"],\"articleSection\":[\"Politique\"],\"inLanguage\":\"fr-FR\",\"potentialAction\":[{\"@type\":\"CommentAction\",\"name\":\"Comment\",\"target\":[\"https:\/\/lavoixdelanation.tg\/index.php\/2025\/06\/30\/assemblee-nationale-cloture-de-la-premiere-session-ordinaire-de-lannee-2025\/#respond\"]}]},{\"@type\":\"WebPage\",\"@id\":\"https:\/\/lavoixdelanation.tg\/index.php\/2025\/06\/30\/assemblee-nationale-cloture-de-la-premiere-session-ordinaire-de-lannee-2025\/\",\"url\":\"https:\/\/lavoixdelanation.tg\/index.php\/2025\/06\/30\/assemblee-nationale-cloture-de-la-premiere-session-ordinaire-de-lannee-2025\/\",\"name\":\"Assembl\u00e9e nationale\u00a0: Cl\u00f4ture de la premi\u00e8re session ordinaire de l\u2019ann\u00e9e 2025 - La Voix de la Nation\",\"isPartOf\":{\"@id\":\"https:\/\/lavoixdelanation.tg\/#website\"},\"primaryImageOfPage\":{\"@id\":\"https:\/\/lavoixdelanation.tg\/index.php\/2025\/06\/30\/assemblee-nationale-cloture-de-la-premiere-session-ordinaire-de-lannee-2025\/#primaryimage\"},\"image\":{\"@id\":\"https:\/\/lavoixdelanation.tg\/index.php\/2025\/06\/30\/assemblee-nationale-cloture-de-la-premiere-session-ordinaire-de-lannee-2025\/#primaryimage\"},\"thumbnailUrl\":\"https:\/\/lavoixdelanation.tg\/wp-content\/uploads\/2025\/06\/Cloture-de-la-premiere-session-ordinaire-de-lannee-2025-de-lAssemblee-nationale.jpg\",\"datePublished\":\"2025-06-30T20:03:08+00:00\",\"dateModified\":\"2025-06-30T20:10:51+00:00\",\"description\":\"Ouverte le 1er avril dernier, la premi\u00e8re session ordinaire de l\u2019ann\u00e9e 2025 de l\u2019Assembl\u00e9e nationale a pris fin ce lundi 30 juin 2025 au si\u00e8ge de l\u2019institution \u00e0 Lom\u00e9.\",\"breadcrumb\":{\"@id\":\"https:\/\/lavoixdelanation.tg\/index.php\/2025\/06\/30\/assemblee-nationale-cloture-de-la-premiere-session-ordinaire-de-lannee-2025\/#breadcrumb\"},\"inLanguage\":\"fr-FR\",\"potentialAction\":[{\"@type\":\"ReadAction\",\"target\":[\"https:\/\/lavoixdelanation.tg\/index.php\/2025\/06\/30\/assemblee-nationale-cloture-de-la-premiere-session-ordinaire-de-lannee-2025\/\"]}]},{\"@type\":\"ImageObject\",\"inLanguage\":\"fr-FR\",\"@id\":\"https:\/\/lavoixdelanation.tg\/index.php\/2025\/06\/30\/assemblee-nationale-cloture-de-la-premiere-session-ordinaire-de-lannee-2025\/#primaryimage\",\"url\":\"https:\/\/lavoixdelanation.tg\/wp-content\/uploads\/2025\/06\/Cloture-de-la-premiere-session-ordinaire-de-lannee-2025-de-lAssemblee-nationale.jpg\",\"contentUrl\":\"https:\/\/lavoixdelanation.tg\/wp-content\/uploads\/2025\/06\/Cloture-de-la-premiere-session-ordinaire-de-lannee-2025-de-lAssemblee-nationale.jpg\",\"width\":1000,\"height\":592},{\"@type\":\"BreadcrumbList\",\"@id\":\"https:\/\/lavoixdelanation.tg\/index.php\/2025\/06\/30\/assemblee-nationale-cloture-de-la-premiere-session-ordinaire-de-lannee-2025\/#breadcrumb\",\"itemListElement\":[{\"@type\":\"ListItem\",\"position\":1,\"name\":\"Accueil\",\"item\":\"https:\/\/lavoixdelanation.tg\/\"},{\"@type\":\"ListItem\",\"position\":2,\"name\":\"Assembl\u00e9e nationale\u00a0: Cl\u00f4ture de la premi\u00e8re session ordinaire de l\u2019ann\u00e9e 2025\"}]},{\"@type\":\"WebSite\",\"@id\":\"https:\/\/lavoixdelanation.tg\/#website\",\"url\":\"https:\/\/lavoixdelanation.tg\/\",\"name\":\"La Voix de la Nation\",\"description\":\"R\u00e9c\u00e9piss\u00e9 n\u00b00108\/HAAC\/01-2024\/pl\/P\",\"publisher\":{\"@id\":\"https:\/\/lavoixdelanation.tg\/#organization\"},\"alternateName\":\"VON\",\"potentialAction\":[{\"@type\":\"SearchAction\",\"target\":{\"@type\":\"EntryPoint\",\"urlTemplate\":\"https:\/\/lavoixdelanation.tg\/?s={search_term_string}\"},\"query-input\":{\"@type\":\"PropertyValueSpecification\",\"valueRequired\":true,\"valueName\":\"search_term_string\"}}],\"inLanguage\":\"fr-FR\"},{\"@type\":\"Organization\",\"@id\":\"https:\/\/lavoixdelanation.tg\/#organization\",\"name\":\"La Voix de la Nation\",\"url\":\"https:\/\/lavoixdelanation.tg\/\",\"logo\":{\"@type\":\"ImageObject\",\"inLanguage\":\"fr-FR\",\"@id\":\"https:\/\/lavoixdelanation.tg\/#\/schema\/logo\/image\/\",\"url\":\"https:\/\/lavoixdelanation.tg\/wp-content\/uploads\/2024\/12\/lavn-1.png\",\"contentUrl\":\"https:\/\/lavoixdelanation.tg\/wp-content\/uploads\/2024\/12\/lavn-1.png\",\"width\":1024,\"height\":464,\"caption\":\"La Voix de la Nation\"},\"image\":{\"@id\":\"https:\/\/lavoixdelanation.tg\/#\/schema\/logo\/image\/\"},\"sameAs\":[\"https:\/\/www.facebook.com\/lavoixdelanation\"]},{\"@type\":\"Person\",\"@id\":\"https:\/\/lavoixdelanation.tg\/#\/schema\/person\/6c489293aa38053673a9e554acb6e224\",\"name\":\"La voix de la nation\",\"image\":{\"@type\":\"ImageObject\",\"inLanguage\":\"fr-FR\",\"@id\":\"https:\/\/lavoixdelanation.tg\/#\/schema\/person\/image\/\",\"url\":\"https:\/\/secure.gravatar.com\/avatar\/8aa135d4bbc794494cecaa8d483f6d6cc1023624868deaff686baed5e727a5a1?s=96&d=mm&r=g\",\"contentUrl\":\"https:\/\/secure.gravatar.com\/avatar\/8aa135d4bbc794494cecaa8d483f6d6cc1023624868deaff686baed5e727a5a1?s=96&d=mm&r=g\",\"caption\":\"La voix de la nation\"},\"sameAs\":[\"https:\/\/lavoixdelanation.tg\"],\"url\":\"https:\/\/lavoixdelanation.tg\/index.php\/author\/lavn\/\"}]}<\/script>\n<!-- \/ Yoast SEO plugin. -->","yoast_head_json":{"title":"Assembl\u00e9e nationale\u00a0: Cl\u00f4ture de la premi\u00e8re session ordinaire de l\u2019ann\u00e9e 2025 - La Voix de la Nation","description":"Ouverte le 1er avril dernier, la premi\u00e8re session ordinaire de l\u2019ann\u00e9e 2025 de l\u2019Assembl\u00e9e nationale a pris fin ce lundi 30 juin 2025 au si\u00e8ge de l\u2019institution \u00e0 Lom\u00e9.","robots":{"index":"index","follow":"follow","max-snippet":"max-snippet:-1","max-image-preview":"max-image-preview:large","max-video-preview":"max-video-preview:-1"},"canonical":"https:\/\/lavoixdelanation.tg\/index.php\/2025\/06\/30\/assemblee-nationale-cloture-de-la-premiere-session-ordinaire-de-lannee-2025\/","og_locale":"fr_FR","og_type":"article","og_title":"Assembl\u00e9e nationale\u00a0: Cl\u00f4ture de la premi\u00e8re session ordinaire de l\u2019ann\u00e9e 2025 - La Voix de la Nation","og_description":"Ouverte le 1er avril dernier, la premi\u00e8re session ordinaire de l\u2019ann\u00e9e 2025 de l\u2019Assembl\u00e9e nationale a pris fin ce lundi 30 juin 2025 au si\u00e8ge de l\u2019institution \u00e0 Lom\u00e9.","og_url":"https:\/\/lavoixdelanation.tg\/index.php\/2025\/06\/30\/assemblee-nationale-cloture-de-la-premiere-session-ordinaire-de-lannee-2025\/","og_site_name":"La Voix de la Nation","article_publisher":"https:\/\/www.facebook.com\/lavoixdelanation","article_published_time":"2025-06-30T20:03:08+00:00","article_modified_time":"2025-06-30T20:10:51+00:00","og_image":[{"width":1000,"height":592,"url":"https:\/\/lavoixdelanation.tg\/wp-content\/uploads\/2025\/06\/Cloture-de-la-premiere-session-ordinaire-de-lannee-2025-de-lAssemblee-nationale.jpg","type":"image\/jpeg"}],"author":"La voix de la nation","twitter_card":"summary_large_image","twitter_misc":{"\u00c9crit par":"La voix de la nation","Dur\u00e9e de lecture estim\u00e9e":"2 minutes"},"schema":{"@context":"https:\/\/schema.org","@graph":[{"@type":"Article","@id":"https:\/\/lavoixdelanation.tg\/index.php\/2025\/06\/30\/assemblee-nationale-cloture-de-la-premiere-session-ordinaire-de-lannee-2025\/#article","isPartOf":{"@id":"https:\/\/lavoixdelanation.tg\/index.php\/2025\/06\/30\/assemblee-nationale-cloture-de-la-premiere-session-ordinaire-de-lannee-2025\/"},"author":{"name":"La voix de la nation","@id":"https:\/\/lavoixdelanation.tg\/#\/schema\/person\/6c489293aa38053673a9e554acb6e224"},"headline":"Assembl\u00e9e nationale\u00a0: Cl\u00f4ture de la premi\u00e8re session ordinaire de l\u2019ann\u00e9e 2025","datePublished":"2025-06-30T20:03:08+00:00","dateModified":"2025-06-30T20:10:51+00:00","mainEntityOfPage":{"@id":"https:\/\/lavoixdelanation.tg\/index.php\/2025\/06\/30\/assemblee-nationale-cloture-de-la-premiere-session-ordinaire-de-lannee-2025\/"},"wordCount":437,"commentCount":0,"publisher":{"@id":"https:\/\/lavoixdelanation.tg\/#organization"},"image":{"@id":"https:\/\/lavoixdelanation.tg\/index.php\/2025\/06\/30\/assemblee-nationale-cloture-de-la-premiere-session-ordinaire-de-lannee-2025\/#primaryimage"},"thumbnailUrl":"https:\/\/lavoixdelanation.tg\/wp-content\/uploads\/2025\/06\/Cloture-de-la-premiere-session-ordinaire-de-lannee-2025-de-lAssemblee-nationale.jpg","keywords":["Assembl\u00e9e nationale","Kodjo Adedz\u00e9","Togo"],"articleSection":["Politique"],"inLanguage":"fr-FR","potentialAction":[{"@type":"CommentAction","name":"Comment","target":["https:\/\/lavoixdelanation.tg\/index.php\/2025\/06\/30\/assemblee-nationale-cloture-de-la-premiere-session-ordinaire-de-lannee-2025\/#respond"]}]},{"@type":"WebPage","@id":"https:\/\/lavoixdelanation.tg\/index.php\/2025\/06\/30\/assemblee-nationale-cloture-de-la-premiere-session-ordinaire-de-lannee-2025\/","url":"https:\/\/lavoixdelanation.tg\/index.php\/2025\/06\/30\/assemblee-nationale-cloture-de-la-premiere-session-ordinaire-de-lannee-2025\/","name":"Assembl\u00e9e nationale\u00a0: Cl\u00f4ture de la premi\u00e8re session ordinaire de l\u2019ann\u00e9e 2025 - La Voix de la Nation","isPartOf":{"@id":"https:\/\/lavoixdelanation.tg\/#website"},"primaryImageOfPage":{"@id":"https:\/\/lavoixdelanation.tg\/index.php\/2025\/06\/30\/assemblee-nationale-cloture-de-la-premiere-session-ordinaire-de-lannee-2025\/#primaryimage"},"image":{"@id":"https:\/\/lavoixdelanation.tg\/index.php\/2025\/06\/30\/assemblee-nationale-cloture-de-la-premiere-session-ordinaire-de-lannee-2025\/#primaryimage"},"thumbnailUrl":"https:\/\/lavoixdelanation.tg\/wp-content\/uploads\/2025\/06\/Cloture-de-la-premiere-session-ordinaire-de-lannee-2025-de-lAssemblee-nationale.jpg","datePublished":"2025-06-30T20:03:08+00:00","dateModified":"2025-06-30T20:10:51+00:00","description":"Ouverte le 1er avril dernier, la premi\u00e8re session ordinaire de l\u2019ann\u00e9e 2025 de l\u2019Assembl\u00e9e nationale a pris fin ce lundi 30 juin 2025 au si\u00e8ge de l\u2019institution \u00e0 Lom\u00e9.","breadcrumb":{"@id":"https:\/\/lavoixdelanation.tg\/index.php\/2025\/06\/30\/assemblee-nationale-cloture-de-la-premiere-session-ordinaire-de-lannee-2025\/#breadcrumb"},"inLanguage":"fr-FR","potentialAction":[{"@type":"ReadAction","target":["https:\/\/lavoixdelanation.tg\/index.php\/2025\/06\/30\/assemblee-nationale-cloture-de-la-premiere-session-ordinaire-de-lannee-2025\/"]}]},{"@type":"ImageObject","inLanguage":"fr-FR","@id":"https:\/\/lavoixdelanation.tg\/index.php\/2025\/06\/30\/assemblee-nationale-cloture-de-la-premiere-session-ordinaire-de-lannee-2025\/#primaryimage","url":"https:\/\/lavoixdelanation.tg\/wp-content\/uploads\/2025\/06\/Cloture-de-la-premiere-session-ordinaire-de-lannee-2025-de-lAssemblee-nationale.jpg","contentUrl":"https:\/\/lavoixdelanation.tg\/wp-content\/uploads\/2025\/06\/Cloture-de-la-premiere-session-ordinaire-de-lannee-2025-de-lAssemblee-nationale.jpg","width":1000,"height":592},{"@type":"BreadcrumbList","@id":"https:\/\/lavoixdelanation.tg\/index.php\/2025\/06\/30\/assemblee-nationale-cloture-de-la-premiere-session-ordinaire-de-lannee-2025\/#breadcrumb","itemListElement":[{"@type":"ListItem","position":1,"name":"Accueil","item":"https:\/\/lavoixdelanation.tg\/"},{"@type":"ListItem","position":2,"name":"Assembl\u00e9e nationale\u00a0: Cl\u00f4ture de la premi\u00e8re session ordinaire de l\u2019ann\u00e9e 2025"}]},{"@type":"WebSite","@id":"https:\/\/lavoixdelanation.tg\/#website","url":"https:\/\/lavoixdelanation.tg\/","name":"La Voix de la Nation","description":"R\u00e9c\u00e9piss\u00e9 n\u00b00108\/HAAC\/01-2024\/pl\/P","publisher":{"@id":"https:\/\/lavoixdelanation.tg\/#organization"},"alternateName":"VON","potentialAction":[{"@type":"SearchAction","target":{"@type":"EntryPoint","urlTemplate":"https:\/\/lavoixdelanation.tg\/?s={search_term_string}"},"query-input":{"@type":"PropertyValueSpecification","valueRequired":true,"valueName":"search_term_string"}}],"inLanguage":"fr-FR"},{"@type":"Organization","@id":"https:\/\/lavoixdelanation.tg\/#organization","name":"La Voix de la Nation","url":"https:\/\/lavoixdelanation.tg\/","logo":{"@type":"ImageObject","inLanguage":"fr-FR","@id":"https:\/\/lavoixdelanation.tg\/#\/schema\/logo\/image\/","url":"https:\/\/lavoixdelanation.tg\/wp-content\/uploads\/2024\/12\/lavn-1.png","contentUrl":"https:\/\/lavoixdelanation.tg\/wp-content\/uploads\/2024\/12\/lavn-1.png","width":1024,"height":464,"caption":"La Voix de la Nation"},"image":{"@id":"https:\/\/lavoixdelanation.tg\/#\/schema\/logo\/image\/"},"sameAs":["https:\/\/www.facebook.com\/lavoixdelanation"]},{"@type":"Person","@id":"https:\/\/lavoixdelanation.tg\/#\/schema\/person\/6c489293aa38053673a9e554acb6e224","name":"La voix de la nation","image":{"@type":"ImageObject","inLanguage":"fr-FR","@id":"https:\/\/lavoixdelanation.tg\/#\/schema\/person\/image\/","url":"https:\/\/secure.gravatar.com\/avatar\/8aa135d4bbc794494cecaa8d483f6d6cc1023624868deaff686baed5e727a5a1?s=96&d=mm&r=g","contentUrl":"https:\/\/secure.gravatar.com\/avatar\/8aa135d4bbc794494cecaa8d483f6d6cc1023624868deaff686baed5e727a5a1?s=96&d=mm&r=g","caption":"La voix de la nation"},"sameAs":["https:\/\/lavoixdelanation.tg"],"url":"https:\/\/lavoixdelanation.tg\/index.php\/author\/lavn\/"}]}},"_links":{"self":[{"href":"https:\/\/lavoixdelanation.tg\/index.php\/wp-json\/wp\/v2\/posts\/3233","targetHints":{"allow":["GET"]}}],"collection":[{"href":"https:\/\/lavoixdelanation.tg\/index.php\/wp-json\/wp\/v2\/posts"}],"about":[{"href":"https:\/\/lavoixdelanation.tg\/index.php\/wp-json\/wp\/v2\/types\/post"}],"author":[{"embeddable":true,"href":"https:\/\/lavoixdelanation.tg\/index.php\/wp-json\/wp\/v2\/users\/1"}],"replies":[{"embeddable":true,"href":"https:\/\/lavoixdelanation.tg\/index.php\/wp-json\/wp\/v2\/comments?post=3233"}],"version-history":[{"count":2,"href":"https:\/\/lavoixdelanation.tg\/index.php\/wp-json\/wp\/v2\/posts\/3233\/revisions"}],"predecessor-version":[{"id":3236,"href":"https:\/\/lavoixdelanation.tg\/index.php\/wp-json\/wp\/v2\/posts\/3233\/revisions\/3236"}],"wp:featuredmedia":[{"embeddable":true,"href":"https:\/\/lavoixdelanation.tg\/index.php\/wp-json\/wp\/v2\/media\/3234"}],"wp:attachment":[{"href":"https:\/\/lavoixdelanation.tg\/index.php\/wp-json\/wp\/v2\/media?parent=3233"}],"wp:term":[{"taxonomy":"category","embeddable":true,"href":"https:\/\/lavoixdelanation.tg\/index.php\/wp-json\/wp\/v2\/categories?post=3233"},{"taxonomy":"post_tag","embeddable":true,"href":"https:\/\/lavoixdelanation.tg\/index.php\/wp-json\/wp\/v2\/tags?post=3233"}],"curies":[{"name":"wp","href":"https:\/\/api.w.org\/{rel}","templated":true}]}}