{"id":3198,"date":"2025-06-21T21:56:00","date_gmt":"2025-06-21T19:56:00","guid":{"rendered":"https:\/\/lavoixdelanation.tg\/?p=3198"},"modified":"2025-06-28T13:00:44","modified_gmt":"2025-06-28T11:00:44","slug":"togo-hommage-de-la-nation-aux-martyrs","status":"publish","type":"post","link":"https:\/\/lavoixdelanation.tg\/index.php\/2025\/06\/21\/togo-hommage-de-la-nation-aux-martyrs\/","title":{"rendered":"Togo\u00a0: Hommage de la Nation aux Martyrs"},"content":{"rendered":"\n<p><strong>Devoir de m\u00e9moire. Le Togo a comm\u00e9mor\u00e9 ce 21 juin 2025, la Journ\u00e9e des Martyrs pour rendre un hommage solennel \u00e0 ces dignes compatriotes tomb\u00e9s pour la libert\u00e9 et la naissance de la nation togolaise.<\/strong><\/p>\n\n\n\n<p>Cette journ\u00e9e consacr\u00e9e \u00e0 ces h\u00e9ros dont le courage a forg\u00e9 un destin commun, symbolise la m\u00e9moire collective, la fiert\u00e9 nationale et l\u2019engagement ind\u00e9fectible pour la justice, la libert\u00e9 et le vivre-ensemble.<\/p>\n\n\n\n<p>Des c\u00e9r\u00e9monies comm\u00e9moratives ont \u00e9t\u00e9 \u00e0 cet effet organis\u00e9es sur toute l\u2019\u00e9tendue du territoire \u00e0 travers l\u2019appel : \u00ab&nbsp;Peuple togolais, mobilisons-nous \u00e0 l\u2019image de nos Martyrs pour d\u00e9fendre notre patrie et sauvegarder la paix&nbsp;\u00bb.<\/p>\n\n\n\n<p>\u00c0 Lom\u00e9, la c\u00e9l\u00e9bration a \u00e9t\u00e9 marqu\u00e9e par un d\u00e9p\u00f4t de gerbes \u00e0 la Place des Martyrs. Le Pr\u00e9sident du Conseil, Faure Gnassingb\u00e9, Chef supr\u00eame des Arm\u00e9es a \u00e9t\u00e9 repr\u00e9sent\u00e9 \u00e0 cette c\u00e9l\u00e9bration par le ministre de l\u2019Administration territoriale, de la d\u00e9centralisation et de la chefferie traditionnelle, Colonel Awat\u00e9 Hodabalo, en pr\u00e9sence des autorit\u00e9s administratives, politiques, militaires et traditionnelles du pays.<\/p>\n\n\n\n<p>Les m\u00eames manifestations comm\u00e9moratives se sont d\u00e9roul\u00e9es dans les diff\u00e9rents chefs-lieux des r\u00e9gions et des pr\u00e9fectures. Par ces gestes symboliques et forts, c\u2019est toute la Nation togolaise qui exprime sa volont\u00e9 de faire revivre l\u2019id\u00e9al pour lequel ces martyrs se sont lev\u00e9s.<\/p>\n\n\n\n<p>Il faut souligner que la journ\u00e9e des Martyrs c\u00e9l\u00e9br\u00e9e chaque 21 juin au Togo, est une date symbole qui appelle \u00e0 plus d\u2019engagement et de patriotisme dont chaque Togolaise et chaque Togolais doit s\u2019inspirer pour apporter sa contribution \u00e0 l\u2019\u00e9dification de la Nation.<\/p>\n\n\n\n<p><strong>La R\u00e9daction<\/strong><\/p>\n","protected":false},"excerpt":{"rendered":"<p>Devoir de m\u00e9moire. Le Togo a comm\u00e9mor\u00e9 ce 21 juin 2025, la Journ\u00e9e des Martyrs pour rendre un hommage solennel \u00e0 ces dignes compatriotes tomb\u00e9s pour la libert\u00e9 et la&hellip; <\/p>\n","protected":false},"author":1,"featured_media":3199,"comment_status":"open","ping_status":"open","sticky":false,"template":"","format":"standard","meta":{"footnotes":""},"categories":[21,29],"tags":[762,39],"class_list":["post-3198","post","type-post","status-publish","format-standard","has-post-thumbnail","hentry","category-politique","category-societe","tag-journee-des-martyrs","tag-togo"],"yoast_head":"<!-- This site is optimized with the Yoast SEO plugin v26.4 - https:\/\/yoast.com\/wordpress\/plugins\/seo\/ -->\n<title>Togo\u00a0: Hommage de la Nation aux Martyrs - La Voix de la Nation<\/title>\n<meta name=\"robots\" content=\"index, follow, max-snippet:-1, max-image-preview:large, max-video-preview:-1\" \/>\n<link rel=\"canonical\" href=\"https:\/\/lavoixdelanation.tg\/index.php\/2025\/06\/21\/togo-hommage-de-la-nation-aux-martyrs\/\" \/>\n<meta property=\"og:locale\" content=\"fr_FR\" \/>\n<meta property=\"og:type\" content=\"article\" \/>\n<meta property=\"og:title\" content=\"Togo\u00a0: Hommage de la Nation aux Martyrs - La Voix de la Nation\" \/>\n<meta property=\"og:description\" content=\"Devoir de m\u00e9moire. Le Togo a comm\u00e9mor\u00e9 ce 21 juin 2025, la Journ\u00e9e des Martyrs pour rendre un hommage solennel \u00e0 ces dignes compatriotes tomb\u00e9s pour la libert\u00e9 et la&hellip;\" \/>\n<meta property=\"og:url\" content=\"https:\/\/lavoixdelanation.tg\/index.php\/2025\/06\/21\/togo-hommage-de-la-nation-aux-martyrs\/\" \/>\n<meta property=\"og:site_name\" content=\"La Voix de la Nation\" \/>\n<meta property=\"article:publisher\" content=\"https:\/\/www.facebook.com\/lavoixdelanation\" \/>\n<meta property=\"article:published_time\" content=\"2025-06-21T19:56:00+00:00\" \/>\n<meta property=\"article:modified_time\" content=\"2025-06-28T11:00:44+00:00\" \/>\n<meta property=\"og:image\" content=\"https:\/\/lavoixdelanation.tg\/wp-content\/uploads\/2025\/06\/Le-Togo-rend-hommage-a-ses-Martyrs.jpg\" \/>\n\t<meta property=\"og:image:width\" content=\"650\" \/>\n\t<meta property=\"og:image:height\" content=\"420\" \/>\n\t<meta property=\"og:image:type\" content=\"image\/jpeg\" \/>\n<meta name=\"author\" content=\"La voix de la nation\" \/>\n<meta name=\"twitter:card\" content=\"summary_large_image\" \/>\n<meta name=\"twitter:label1\" content=\"\u00c9crit par\" \/>\n\t<meta name=\"twitter:data1\" content=\"La voix de la nation\" \/>\n\t<meta name=\"twitter:label2\" content=\"Dur\u00e9e de lecture estim\u00e9e\" \/>\n\t<meta name=\"twitter:data2\" content=\"2 minutes\" \/>\n<script type=\"application\/ld+json\" class=\"yoast-schema-graph\">{\"@context\":\"https:\/\/schema.org\",\"@graph\":[{\"@type\":\"Article\",\"@id\":\"https:\/\/lavoixdelanation.tg\/index.php\/2025\/06\/21\/togo-hommage-de-la-nation-aux-martyrs\/#article\",\"isPartOf\":{\"@id\":\"https:\/\/lavoixdelanation.tg\/index.php\/2025\/06\/21\/togo-hommage-de-la-nation-aux-martyrs\/\"},\"author\":{\"name\":\"La voix de la nation\",\"@id\":\"https:\/\/lavoixdelanation.tg\/#\/schema\/person\/6c489293aa38053673a9e554acb6e224\"},\"headline\":\"Togo\u00a0: Hommage de la Nation aux Martyrs\",\"datePublished\":\"2025-06-21T19:56:00+00:00\",\"dateModified\":\"2025-06-28T11:00:44+00:00\",\"mainEntityOfPage\":{\"@id\":\"https:\/\/lavoixdelanation.tg\/index.php\/2025\/06\/21\/togo-hommage-de-la-nation-aux-martyrs\/\"},\"wordCount\":296,\"commentCount\":0,\"publisher\":{\"@id\":\"https:\/\/lavoixdelanation.tg\/#organization\"},\"image\":{\"@id\":\"https:\/\/lavoixdelanation.tg\/index.php\/2025\/06\/21\/togo-hommage-de-la-nation-aux-martyrs\/#primaryimage\"},\"thumbnailUrl\":\"https:\/\/lavoixdelanation.tg\/wp-content\/uploads\/2025\/06\/Le-Togo-rend-hommage-a-ses-Martyrs.jpg\",\"keywords\":[\"Journ\u00e9e des Martyrs\",\"Togo\"],\"articleSection\":[\"Politique\",\"Soci\u00e9t\u00e9\"],\"inLanguage\":\"fr-FR\",\"potentialAction\":[{\"@type\":\"CommentAction\",\"name\":\"Comment\",\"target\":[\"https:\/\/lavoixdelanation.tg\/index.php\/2025\/06\/21\/togo-hommage-de-la-nation-aux-martyrs\/#respond\"]}]},{\"@type\":\"WebPage\",\"@id\":\"https:\/\/lavoixdelanation.tg\/index.php\/2025\/06\/21\/togo-hommage-de-la-nation-aux-martyrs\/\",\"url\":\"https:\/\/lavoixdelanation.tg\/index.php\/2025\/06\/21\/togo-hommage-de-la-nation-aux-martyrs\/\",\"name\":\"Togo\u00a0: Hommage de la Nation aux Martyrs - La Voix de la Nation\",\"isPartOf\":{\"@id\":\"https:\/\/lavoixdelanation.tg\/#website\"},\"primaryImageOfPage\":{\"@id\":\"https:\/\/lavoixdelanation.tg\/index.php\/2025\/06\/21\/togo-hommage-de-la-nation-aux-martyrs\/#primaryimage\"},\"image\":{\"@id\":\"https:\/\/lavoixdelanation.tg\/index.php\/2025\/06\/21\/togo-hommage-de-la-nation-aux-martyrs\/#primaryimage\"},\"thumbnailUrl\":\"https:\/\/lavoixdelanation.tg\/wp-content\/uploads\/2025\/06\/Le-Togo-rend-hommage-a-ses-Martyrs.jpg\",\"datePublished\":\"2025-06-21T19:56:00+00:00\",\"dateModified\":\"2025-06-28T11:00:44+00:00\",\"breadcrumb\":{\"@id\":\"https:\/\/lavoixdelanation.tg\/index.php\/2025\/06\/21\/togo-hommage-de-la-nation-aux-martyrs\/#breadcrumb\"},\"inLanguage\":\"fr-FR\",\"potentialAction\":[{\"@type\":\"ReadAction\",\"target\":[\"https:\/\/lavoixdelanation.tg\/index.php\/2025\/06\/21\/togo-hommage-de-la-nation-aux-martyrs\/\"]}]},{\"@type\":\"ImageObject\",\"inLanguage\":\"fr-FR\",\"@id\":\"https:\/\/lavoixdelanation.tg\/index.php\/2025\/06\/21\/togo-hommage-de-la-nation-aux-martyrs\/#primaryimage\",\"url\":\"https:\/\/lavoixdelanation.tg\/wp-content\/uploads\/2025\/06\/Le-Togo-rend-hommage-a-ses-Martyrs.jpg\",\"contentUrl\":\"https:\/\/lavoixdelanation.tg\/wp-content\/uploads\/2025\/06\/Le-Togo-rend-hommage-a-ses-Martyrs.jpg\",\"width\":650,\"height\":420},{\"@type\":\"BreadcrumbList\",\"@id\":\"https:\/\/lavoixdelanation.tg\/index.php\/2025\/06\/21\/togo-hommage-de-la-nation-aux-martyrs\/#breadcrumb\",\"itemListElement\":[{\"@type\":\"ListItem\",\"position\":1,\"name\":\"Accueil\",\"item\":\"https:\/\/lavoixdelanation.tg\/\"},{\"@type\":\"ListItem\",\"position\":2,\"name\":\"Togo\u00a0: Hommage de la Nation aux Martyrs\"}]},{\"@type\":\"WebSite\",\"@id\":\"https:\/\/lavoixdelanation.tg\/#website\",\"url\":\"https:\/\/lavoixdelanation.tg\/\",\"name\":\"La Voix de la Nation\",\"description\":\"R\u00e9c\u00e9piss\u00e9 n\u00b00108\/HAAC\/01-2024\/pl\/P\",\"publisher\":{\"@id\":\"https:\/\/lavoixdelanation.tg\/#organization\"},\"alternateName\":\"VON\",\"potentialAction\":[{\"@type\":\"SearchAction\",\"target\":{\"@type\":\"EntryPoint\",\"urlTemplate\":\"https:\/\/lavoixdelanation.tg\/?s={search_term_string}\"},\"query-input\":{\"@type\":\"PropertyValueSpecification\",\"valueRequired\":true,\"valueName\":\"search_term_string\"}}],\"inLanguage\":\"fr-FR\"},{\"@type\":\"Organization\",\"@id\":\"https:\/\/lavoixdelanation.tg\/#organization\",\"name\":\"La Voix de la Nation\",\"url\":\"https:\/\/lavoixdelanation.tg\/\",\"logo\":{\"@type\":\"ImageObject\",\"inLanguage\":\"fr-FR\",\"@id\":\"https:\/\/lavoixdelanation.tg\/#\/schema\/logo\/image\/\",\"url\":\"https:\/\/lavoixdelanation.tg\/wp-content\/uploads\/2024\/12\/lavn-1.png\",\"contentUrl\":\"https:\/\/lavoixdelanation.tg\/wp-content\/uploads\/2024\/12\/lavn-1.png\",\"width\":1024,\"height\":464,\"caption\":\"La Voix de la Nation\"},\"image\":{\"@id\":\"https:\/\/lavoixdelanation.tg\/#\/schema\/logo\/image\/\"},\"sameAs\":[\"https:\/\/www.facebook.com\/lavoixdelanation\"]},{\"@type\":\"Person\",\"@id\":\"https:\/\/lavoixdelanation.tg\/#\/schema\/person\/6c489293aa38053673a9e554acb6e224\",\"name\":\"La voix de la nation\",\"image\":{\"@type\":\"ImageObject\",\"inLanguage\":\"fr-FR\",\"@id\":\"https:\/\/lavoixdelanation.tg\/#\/schema\/person\/image\/\",\"url\":\"https:\/\/secure.gravatar.com\/avatar\/8aa135d4bbc794494cecaa8d483f6d6cc1023624868deaff686baed5e727a5a1?s=96&d=mm&r=g\",\"contentUrl\":\"https:\/\/secure.gravatar.com\/avatar\/8aa135d4bbc794494cecaa8d483f6d6cc1023624868deaff686baed5e727a5a1?s=96&d=mm&r=g\",\"caption\":\"La voix de la nation\"},\"sameAs\":[\"https:\/\/lavoixdelanation.tg\"],\"url\":\"https:\/\/lavoixdelanation.tg\/index.php\/author\/lavn\/\"}]}<\/script>\n<!-- \/ Yoast SEO plugin. -->","yoast_head_json":{"title":"Togo\u00a0: Hommage de la Nation aux Martyrs - La Voix de la Nation","robots":{"index":"index","follow":"follow","max-snippet":"max-snippet:-1","max-image-preview":"max-image-preview:large","max-video-preview":"max-video-preview:-1"},"canonical":"https:\/\/lavoixdelanation.tg\/index.php\/2025\/06\/21\/togo-hommage-de-la-nation-aux-martyrs\/","og_locale":"fr_FR","og_type":"article","og_title":"Togo\u00a0: Hommage de la Nation aux Martyrs - La Voix de la Nation","og_description":"Devoir de m\u00e9moire. Le Togo a comm\u00e9mor\u00e9 ce 21 juin 2025, la Journ\u00e9e des Martyrs pour rendre un hommage solennel \u00e0 ces dignes compatriotes tomb\u00e9s pour la libert\u00e9 et la&hellip;","og_url":"https:\/\/lavoixdelanation.tg\/index.php\/2025\/06\/21\/togo-hommage-de-la-nation-aux-martyrs\/","og_site_name":"La Voix de la Nation","article_publisher":"https:\/\/www.facebook.com\/lavoixdelanation","article_published_time":"2025-06-21T19:56:00+00:00","article_modified_time":"2025-06-28T11:00:44+00:00","og_image":[{"width":650,"height":420,"url":"https:\/\/lavoixdelanation.tg\/wp-content\/uploads\/2025\/06\/Le-Togo-rend-hommage-a-ses-Martyrs.jpg","type":"image\/jpeg"}],"author":"La voix de la nation","twitter_card":"summary_large_image","twitter_misc":{"\u00c9crit par":"La voix de la nation","Dur\u00e9e de lecture estim\u00e9e":"2 minutes"},"schema":{"@context":"https:\/\/schema.org","@graph":[{"@type":"Article","@id":"https:\/\/lavoixdelanation.tg\/index.php\/2025\/06\/21\/togo-hommage-de-la-nation-aux-martyrs\/#article","isPartOf":{"@id":"https:\/\/lavoixdelanation.tg\/index.php\/2025\/06\/21\/togo-hommage-de-la-nation-aux-martyrs\/"},"author":{"name":"La voix de la nation","@id":"https:\/\/lavoixdelanation.tg\/#\/schema\/person\/6c489293aa38053673a9e554acb6e224"},"headline":"Togo\u00a0: Hommage de la Nation aux Martyrs","datePublished":"2025-06-21T19:56:00+00:00","dateModified":"2025-06-28T11:00:44+00:00","mainEntityOfPage":{"@id":"https:\/\/lavoixdelanation.tg\/index.php\/2025\/06\/21\/togo-hommage-de-la-nation-aux-martyrs\/"},"wordCount":296,"commentCount":0,"publisher":{"@id":"https:\/\/lavoixdelanation.tg\/#organization"},"image":{"@id":"https:\/\/lavoixdelanation.tg\/index.php\/2025\/06\/21\/togo-hommage-de-la-nation-aux-martyrs\/#primaryimage"},"thumbnailUrl":"https:\/\/lavoixdelanation.tg\/wp-content\/uploads\/2025\/06\/Le-Togo-rend-hommage-a-ses-Martyrs.jpg","keywords":["Journ\u00e9e des Martyrs","Togo"],"articleSection":["Politique","Soci\u00e9t\u00e9"],"inLanguage":"fr-FR","potentialAction":[{"@type":"CommentAction","name":"Comment","target":["https:\/\/lavoixdelanation.tg\/index.php\/2025\/06\/21\/togo-hommage-de-la-nation-aux-martyrs\/#respond"]}]},{"@type":"WebPage","@id":"https:\/\/lavoixdelanation.tg\/index.php\/2025\/06\/21\/togo-hommage-de-la-nation-aux-martyrs\/","url":"https:\/\/lavoixdelanation.tg\/index.php\/2025\/06\/21\/togo-hommage-de-la-nation-aux-martyrs\/","name":"Togo\u00a0: Hommage de la Nation aux Martyrs - La Voix de la Nation","isPartOf":{"@id":"https:\/\/lavoixdelanation.tg\/#website"},"primaryImageOfPage":{"@id":"https:\/\/lavoixdelanation.tg\/index.php\/2025\/06\/21\/togo-hommage-de-la-nation-aux-martyrs\/#primaryimage"},"image":{"@id":"https:\/\/lavoixdelanation.tg\/index.php\/2025\/06\/21\/togo-hommage-de-la-nation-aux-martyrs\/#primaryimage"},"thumbnailUrl":"https:\/\/lavoixdelanation.tg\/wp-content\/uploads\/2025\/06\/Le-Togo-rend-hommage-a-ses-Martyrs.jpg","datePublished":"2025-06-21T19:56:00+00:00","dateModified":"2025-06-28T11:00:44+00:00","breadcrumb":{"@id":"https:\/\/lavoixdelanation.tg\/index.php\/2025\/06\/21\/togo-hommage-de-la-nation-aux-martyrs\/#breadcrumb"},"inLanguage":"fr-FR","potentialAction":[{"@type":"ReadAction","target":["https:\/\/lavoixdelanation.tg\/index.php\/2025\/06\/21\/togo-hommage-de-la-nation-aux-martyrs\/"]}]},{"@type":"ImageObject","inLanguage":"fr-FR","@id":"https:\/\/lavoixdelanation.tg\/index.php\/2025\/06\/21\/togo-hommage-de-la-nation-aux-martyrs\/#primaryimage","url":"https:\/\/lavoixdelanation.tg\/wp-content\/uploads\/2025\/06\/Le-Togo-rend-hommage-a-ses-Martyrs.jpg","contentUrl":"https:\/\/lavoixdelanation.tg\/wp-content\/uploads\/2025\/06\/Le-Togo-rend-hommage-a-ses-Martyrs.jpg","width":650,"height":420},{"@type":"BreadcrumbList","@id":"https:\/\/lavoixdelanation.tg\/index.php\/2025\/06\/21\/togo-hommage-de-la-nation-aux-martyrs\/#breadcrumb","itemListElement":[{"@type":"ListItem","position":1,"name":"Accueil","item":"https:\/\/lavoixdelanation.tg\/"},{"@type":"ListItem","position":2,"name":"Togo\u00a0: Hommage de la Nation aux Martyrs"}]},{"@type":"WebSite","@id":"https:\/\/lavoixdelanation.tg\/#website","url":"https:\/\/lavoixdelanation.tg\/","name":"La Voix de la Nation","description":"R\u00e9c\u00e9piss\u00e9 n\u00b00108\/HAAC\/01-2024\/pl\/P","publisher":{"@id":"https:\/\/lavoixdelanation.tg\/#organization"},"alternateName":"VON","potentialAction":[{"@type":"SearchAction","target":{"@type":"EntryPoint","urlTemplate":"https:\/\/lavoixdelanation.tg\/?s={search_term_string}"},"query-input":{"@type":"PropertyValueSpecification","valueRequired":true,"valueName":"search_term_string"}}],"inLanguage":"fr-FR"},{"@type":"Organization","@id":"https:\/\/lavoixdelanation.tg\/#organization","name":"La Voix de la Nation","url":"https:\/\/lavoixdelanation.tg\/","logo":{"@type":"ImageObject","inLanguage":"fr-FR","@id":"https:\/\/lavoixdelanation.tg\/#\/schema\/logo\/image\/","url":"https:\/\/lavoixdelanation.tg\/wp-content\/uploads\/2024\/12\/lavn-1.png","contentUrl":"https:\/\/lavoixdelanation.tg\/wp-content\/uploads\/2024\/12\/lavn-1.png","width":1024,"height":464,"caption":"La Voix de la Nation"},"image":{"@id":"https:\/\/lavoixdelanation.tg\/#\/schema\/logo\/image\/"},"sameAs":["https:\/\/www.facebook.com\/lavoixdelanation"]},{"@type":"Person","@id":"https:\/\/lavoixdelanation.tg\/#\/schema\/person\/6c489293aa38053673a9e554acb6e224","name":"La voix de la nation","image":{"@type":"ImageObject","inLanguage":"fr-FR","@id":"https:\/\/lavoixdelanation.tg\/#\/schema\/person\/image\/","url":"https:\/\/secure.gravatar.com\/avatar\/8aa135d4bbc794494cecaa8d483f6d6cc1023624868deaff686baed5e727a5a1?s=96&d=mm&r=g","contentUrl":"https:\/\/secure.gravatar.com\/avatar\/8aa135d4bbc794494cecaa8d483f6d6cc1023624868deaff686baed5e727a5a1?s=96&d=mm&r=g","caption":"La voix de la nation"},"sameAs":["https:\/\/lavoixdelanation.tg"],"url":"https:\/\/lavoixdelanation.tg\/index.php\/author\/lavn\/"}]}},"_links":{"self":[{"href":"https:\/\/lavoixdelanation.tg\/index.php\/wp-json\/wp\/v2\/posts\/3198","targetHints":{"allow":["GET"]}}],"collection":[{"href":"https:\/\/lavoixdelanation.tg\/index.php\/wp-json\/wp\/v2\/posts"}],"about":[{"href":"https:\/\/lavoixdelanation.tg\/index.php\/wp-json\/wp\/v2\/types\/post"}],"author":[{"embeddable":true,"href":"https:\/\/lavoixdelanation.tg\/index.php\/wp-json\/wp\/v2\/users\/1"}],"replies":[{"embeddable":true,"href":"https:\/\/lavoixdelanation.tg\/index.php\/wp-json\/wp\/v2\/comments?post=3198"}],"version-history":[{"count":1,"href":"https:\/\/lavoixdelanation.tg\/index.php\/wp-json\/wp\/v2\/posts\/3198\/revisions"}],"predecessor-version":[{"id":3200,"href":"https:\/\/lavoixdelanation.tg\/index.php\/wp-json\/wp\/v2\/posts\/3198\/revisions\/3200"}],"wp:featuredmedia":[{"embeddable":true,"href":"https:\/\/lavoixdelanation.tg\/index.php\/wp-json\/wp\/v2\/media\/3199"}],"wp:attachment":[{"href":"https:\/\/lavoixdelanation.tg\/index.php\/wp-json\/wp\/v2\/media?parent=3198"}],"wp:term":[{"taxonomy":"category","embeddable":true,"href":"https:\/\/lavoixdelanation.tg\/index.php\/wp-json\/wp\/v2\/categories?post=3198"},{"taxonomy":"post_tag","embeddable":true,"href":"https:\/\/lavoixdelanation.tg\/index.php\/wp-json\/wp\/v2\/tags?post=3198"}],"curies":[{"name":"wp","href":"https:\/\/api.w.org\/{rel}","templated":true}]}}