{"id":3177,"date":"2025-06-22T18:55:58","date_gmt":"2025-06-22T16:55:58","guid":{"rendered":"https:\/\/lavoixdelanation.tg\/?p=3177"},"modified":"2025-06-23T19:00:21","modified_gmt":"2025-06-23T17:00:21","slug":"concours-enso-t-les-epreuves-ecrites-prevues-ce-samedi-28-juin-2025","status":"publish","type":"post","link":"https:\/\/lavoixdelanation.tg\/index.php\/2025\/06\/22\/concours-enso-t-les-epreuves-ecrites-prevues-ce-samedi-28-juin-2025\/","title":{"rendered":"Concours ENSO-T\u00a0: Les \u00e9preuves \u00e9crites pr\u00e9vues ce\u00a0samedi 28 juin 2025\u00a0"},"content":{"rendered":"\n<p>Les \u00e9preuves \u00e9crites du concours d\u2019entr\u00e9e \u00e0 l\u2019Ecole nationale des sous-officiers de T\u00e9m\u00e9dja (ENSO-T) au titre de l\u2019ann\u00e9e 2025 auront lieu le&nbsp;samedi 28 juin 2025.<\/p>\n\n\n\n<p>Les centres retenus sont l\u2019\u00e9cole du camp G\u00e9n\u00e9ral Gnassingb\u00e9 Eyadema \u00e0 Lom\u00e9 pour les candidats des r\u00e9gions maritime et des plateaux, et le lyc\u00e9e Kara 1 \u00e0 Kara, pour les candidats des r\u00e9gions Centrale, Kara et Savanes.<\/p>\n\n\n\n<p>Ces informations sont contenues dans un communiqu\u00e9 du Minist\u00e8re des Arm\u00e9es relatif aux candidats retenus. Voici la liste des candidats retenus&nbsp;et le programme des \u00e9preuves dans le document PDF ci-dessous :<\/p>\n\n\n\n<div data-wp-interactive=\"core\/file\" class=\"wp-block-file\"><object data-wp-bind--hidden=\"!state.hasPdfPreview\" hidden class=\"wp-block-file__embed\" data=\"https:\/\/lavoixdelanation.tg\/wp-content\/uploads\/2025\/06\/Communique-relatif-a-la-diffusion-de-la-liste-des-candidats-rerenus-pour-le-concours-dentree-a-lENSO-T.pdf\" type=\"application\/pdf\" style=\"width:100%;height:600px\" aria-label=\"PDF embarqu\u00e9\"><\/object><a href=\"https:\/\/lavoixdelanation.tg\/wp-content\/uploads\/2025\/06\/Communique-relatif-a-la-diffusion-de-la-liste-des-candidats-rerenus-pour-le-concours-dentree-a-lENSO-T.pdf\" class=\"wp-block-file__button wp-element-button\" download>T\u00e9l\u00e9charger<\/a><\/div>\n","protected":false},"excerpt":{"rendered":"<p>Les \u00e9preuves \u00e9crites du concours d\u2019entr\u00e9e \u00e0 l\u2019Ecole nationale des sous-officiers de T\u00e9m\u00e9dja (ENSO-T) au titre de l\u2019ann\u00e9e 2025 auront lieu le&nbsp;samedi 28 juin 2025. Les centres retenus sont l\u2019\u00e9cole&hellip; <\/p>\n","protected":false},"author":1,"featured_media":3179,"comment_status":"open","ping_status":"open","sticky":false,"template":"","format":"standard","meta":{"footnotes":""},"categories":[10],"tags":[754,635,39],"class_list":["post-3177","post","type-post","status-publish","format-standard","has-post-thumbnail","hentry","category-education","tag-concours-enso-t","tag-temedja","tag-togo"],"yoast_head":"<!-- This site is optimized with the Yoast SEO plugin v26.4 - https:\/\/yoast.com\/wordpress\/plugins\/seo\/ -->\n<title>Concours ENSO-T\u00a0: Les \u00e9preuves \u00e9crites pr\u00e9vues ce\u00a0samedi 28 juin 2025\u00a0 - La Voix de la Nation<\/title>\n<meta name=\"robots\" content=\"index, follow, max-snippet:-1, max-image-preview:large, max-video-preview:-1\" \/>\n<link rel=\"canonical\" href=\"https:\/\/lavoixdelanation.tg\/index.php\/2025\/06\/22\/concours-enso-t-les-epreuves-ecrites-prevues-ce-samedi-28-juin-2025\/\" \/>\n<meta property=\"og:locale\" content=\"fr_FR\" \/>\n<meta property=\"og:type\" content=\"article\" \/>\n<meta property=\"og:title\" content=\"Concours ENSO-T\u00a0: Les \u00e9preuves \u00e9crites pr\u00e9vues ce\u00a0samedi 28 juin 2025\u00a0 - La Voix de la Nation\" \/>\n<meta property=\"og:description\" content=\"Les \u00e9preuves \u00e9crites du concours d\u2019entr\u00e9e \u00e0 l\u2019Ecole nationale des sous-officiers de T\u00e9m\u00e9dja (ENSO-T) au titre de l\u2019ann\u00e9e 2025 auront lieu le&nbsp;samedi 28 juin 2025. Les centres retenus sont l\u2019\u00e9cole&hellip;\" \/>\n<meta property=\"og:url\" content=\"https:\/\/lavoixdelanation.tg\/index.php\/2025\/06\/22\/concours-enso-t-les-epreuves-ecrites-prevues-ce-samedi-28-juin-2025\/\" \/>\n<meta property=\"og:site_name\" content=\"La Voix de la Nation\" \/>\n<meta property=\"article:publisher\" content=\"https:\/\/www.facebook.com\/lavoixdelanation\" \/>\n<meta property=\"article:published_time\" content=\"2025-06-22T16:55:58+00:00\" \/>\n<meta property=\"article:modified_time\" content=\"2025-06-23T17:00:21+00:00\" \/>\n<meta property=\"og:image\" content=\"https:\/\/lavoixdelanation.tg\/wp-content\/uploads\/2025\/06\/Le-Concours-ENSO-T-au-Togo.jpeg\" \/>\n\t<meta property=\"og:image:width\" content=\"650\" \/>\n\t<meta property=\"og:image:height\" content=\"407\" \/>\n\t<meta property=\"og:image:type\" content=\"image\/jpeg\" \/>\n<meta name=\"author\" content=\"La voix de la nation\" \/>\n<meta name=\"twitter:card\" content=\"summary_large_image\" \/>\n<meta name=\"twitter:label1\" content=\"\u00c9crit par\" \/>\n\t<meta name=\"twitter:data1\" content=\"La voix de la nation\" \/>\n\t<meta name=\"twitter:label2\" content=\"Dur\u00e9e de lecture estim\u00e9e\" \/>\n\t<meta name=\"twitter:data2\" content=\"1 minute\" \/>\n<script type=\"application\/ld+json\" class=\"yoast-schema-graph\">{\"@context\":\"https:\/\/schema.org\",\"@graph\":[{\"@type\":\"Article\",\"@id\":\"https:\/\/lavoixdelanation.tg\/index.php\/2025\/06\/22\/concours-enso-t-les-epreuves-ecrites-prevues-ce-samedi-28-juin-2025\/#article\",\"isPartOf\":{\"@id\":\"https:\/\/lavoixdelanation.tg\/index.php\/2025\/06\/22\/concours-enso-t-les-epreuves-ecrites-prevues-ce-samedi-28-juin-2025\/\"},\"author\":{\"name\":\"La voix de la nation\",\"@id\":\"https:\/\/lavoixdelanation.tg\/#\/schema\/person\/6c489293aa38053673a9e554acb6e224\"},\"headline\":\"Concours ENSO-T\u00a0: Les \u00e9preuves \u00e9crites pr\u00e9vues ce\u00a0samedi 28 juin 2025\u00a0\",\"datePublished\":\"2025-06-22T16:55:58+00:00\",\"dateModified\":\"2025-06-23T17:00:21+00:00\",\"mainEntityOfPage\":{\"@id\":\"https:\/\/lavoixdelanation.tg\/index.php\/2025\/06\/22\/concours-enso-t-les-epreuves-ecrites-prevues-ce-samedi-28-juin-2025\/\"},\"wordCount\":117,\"commentCount\":0,\"publisher\":{\"@id\":\"https:\/\/lavoixdelanation.tg\/#organization\"},\"image\":{\"@id\":\"https:\/\/lavoixdelanation.tg\/index.php\/2025\/06\/22\/concours-enso-t-les-epreuves-ecrites-prevues-ce-samedi-28-juin-2025\/#primaryimage\"},\"thumbnailUrl\":\"https:\/\/lavoixdelanation.tg\/wp-content\/uploads\/2025\/06\/Le-Concours-ENSO-T-au-Togo.jpeg\",\"keywords\":[\"Concours ENSO-T\",\"T\u00e9m\u00e9dja\",\"Togo\"],\"articleSection\":[\"Education\"],\"inLanguage\":\"fr-FR\",\"potentialAction\":[{\"@type\":\"CommentAction\",\"name\":\"Comment\",\"target\":[\"https:\/\/lavoixdelanation.tg\/index.php\/2025\/06\/22\/concours-enso-t-les-epreuves-ecrites-prevues-ce-samedi-28-juin-2025\/#respond\"]}]},{\"@type\":\"WebPage\",\"@id\":\"https:\/\/lavoixdelanation.tg\/index.php\/2025\/06\/22\/concours-enso-t-les-epreuves-ecrites-prevues-ce-samedi-28-juin-2025\/\",\"url\":\"https:\/\/lavoixdelanation.tg\/index.php\/2025\/06\/22\/concours-enso-t-les-epreuves-ecrites-prevues-ce-samedi-28-juin-2025\/\",\"name\":\"Concours ENSO-T\u00a0: Les \u00e9preuves \u00e9crites pr\u00e9vues ce\u00a0samedi 28 juin 2025\u00a0 - La Voix de la Nation\",\"isPartOf\":{\"@id\":\"https:\/\/lavoixdelanation.tg\/#website\"},\"primaryImageOfPage\":{\"@id\":\"https:\/\/lavoixdelanation.tg\/index.php\/2025\/06\/22\/concours-enso-t-les-epreuves-ecrites-prevues-ce-samedi-28-juin-2025\/#primaryimage\"},\"image\":{\"@id\":\"https:\/\/lavoixdelanation.tg\/index.php\/2025\/06\/22\/concours-enso-t-les-epreuves-ecrites-prevues-ce-samedi-28-juin-2025\/#primaryimage\"},\"thumbnailUrl\":\"https:\/\/lavoixdelanation.tg\/wp-content\/uploads\/2025\/06\/Le-Concours-ENSO-T-au-Togo.jpeg\",\"datePublished\":\"2025-06-22T16:55:58+00:00\",\"dateModified\":\"2025-06-23T17:00:21+00:00\",\"breadcrumb\":{\"@id\":\"https:\/\/lavoixdelanation.tg\/index.php\/2025\/06\/22\/concours-enso-t-les-epreuves-ecrites-prevues-ce-samedi-28-juin-2025\/#breadcrumb\"},\"inLanguage\":\"fr-FR\",\"potentialAction\":[{\"@type\":\"ReadAction\",\"target\":[\"https:\/\/lavoixdelanation.tg\/index.php\/2025\/06\/22\/concours-enso-t-les-epreuves-ecrites-prevues-ce-samedi-28-juin-2025\/\"]}]},{\"@type\":\"ImageObject\",\"inLanguage\":\"fr-FR\",\"@id\":\"https:\/\/lavoixdelanation.tg\/index.php\/2025\/06\/22\/concours-enso-t-les-epreuves-ecrites-prevues-ce-samedi-28-juin-2025\/#primaryimage\",\"url\":\"https:\/\/lavoixdelanation.tg\/wp-content\/uploads\/2025\/06\/Le-Concours-ENSO-T-au-Togo.jpeg\",\"contentUrl\":\"https:\/\/lavoixdelanation.tg\/wp-content\/uploads\/2025\/06\/Le-Concours-ENSO-T-au-Togo.jpeg\",\"width\":650,\"height\":407},{\"@type\":\"BreadcrumbList\",\"@id\":\"https:\/\/lavoixdelanation.tg\/index.php\/2025\/06\/22\/concours-enso-t-les-epreuves-ecrites-prevues-ce-samedi-28-juin-2025\/#breadcrumb\",\"itemListElement\":[{\"@type\":\"ListItem\",\"position\":1,\"name\":\"Accueil\",\"item\":\"https:\/\/lavoixdelanation.tg\/\"},{\"@type\":\"ListItem\",\"position\":2,\"name\":\"Concours ENSO-T\u00a0: Les \u00e9preuves \u00e9crites pr\u00e9vues ce\u00a0samedi 28 juin 2025\u00a0\"}]},{\"@type\":\"WebSite\",\"@id\":\"https:\/\/lavoixdelanation.tg\/#website\",\"url\":\"https:\/\/lavoixdelanation.tg\/\",\"name\":\"La Voix de la Nation\",\"description\":\"R\u00e9c\u00e9piss\u00e9 n\u00b00108\/HAAC\/01-2024\/pl\/P\",\"publisher\":{\"@id\":\"https:\/\/lavoixdelanation.tg\/#organization\"},\"alternateName\":\"VON\",\"potentialAction\":[{\"@type\":\"SearchAction\",\"target\":{\"@type\":\"EntryPoint\",\"urlTemplate\":\"https:\/\/lavoixdelanation.tg\/?s={search_term_string}\"},\"query-input\":{\"@type\":\"PropertyValueSpecification\",\"valueRequired\":true,\"valueName\":\"search_term_string\"}}],\"inLanguage\":\"fr-FR\"},{\"@type\":\"Organization\",\"@id\":\"https:\/\/lavoixdelanation.tg\/#organization\",\"name\":\"La Voix de la Nation\",\"url\":\"https:\/\/lavoixdelanation.tg\/\",\"logo\":{\"@type\":\"ImageObject\",\"inLanguage\":\"fr-FR\",\"@id\":\"https:\/\/lavoixdelanation.tg\/#\/schema\/logo\/image\/\",\"url\":\"https:\/\/lavoixdelanation.tg\/wp-content\/uploads\/2024\/12\/lavn-1.png\",\"contentUrl\":\"https:\/\/lavoixdelanation.tg\/wp-content\/uploads\/2024\/12\/lavn-1.png\",\"width\":1024,\"height\":464,\"caption\":\"La Voix de la Nation\"},\"image\":{\"@id\":\"https:\/\/lavoixdelanation.tg\/#\/schema\/logo\/image\/\"},\"sameAs\":[\"https:\/\/www.facebook.com\/lavoixdelanation\"]},{\"@type\":\"Person\",\"@id\":\"https:\/\/lavoixdelanation.tg\/#\/schema\/person\/6c489293aa38053673a9e554acb6e224\",\"name\":\"La voix de la nation\",\"image\":{\"@type\":\"ImageObject\",\"inLanguage\":\"fr-FR\",\"@id\":\"https:\/\/lavoixdelanation.tg\/#\/schema\/person\/image\/\",\"url\":\"https:\/\/secure.gravatar.com\/avatar\/8aa135d4bbc794494cecaa8d483f6d6cc1023624868deaff686baed5e727a5a1?s=96&d=mm&r=g\",\"contentUrl\":\"https:\/\/secure.gravatar.com\/avatar\/8aa135d4bbc794494cecaa8d483f6d6cc1023624868deaff686baed5e727a5a1?s=96&d=mm&r=g\",\"caption\":\"La voix de la nation\"},\"sameAs\":[\"https:\/\/lavoixdelanation.tg\"],\"url\":\"https:\/\/lavoixdelanation.tg\/index.php\/author\/lavn\/\"}]}<\/script>\n<!-- \/ Yoast SEO plugin. -->","yoast_head_json":{"title":"Concours ENSO-T\u00a0: Les \u00e9preuves \u00e9crites pr\u00e9vues ce\u00a0samedi 28 juin 2025\u00a0 - La Voix de la Nation","robots":{"index":"index","follow":"follow","max-snippet":"max-snippet:-1","max-image-preview":"max-image-preview:large","max-video-preview":"max-video-preview:-1"},"canonical":"https:\/\/lavoixdelanation.tg\/index.php\/2025\/06\/22\/concours-enso-t-les-epreuves-ecrites-prevues-ce-samedi-28-juin-2025\/","og_locale":"fr_FR","og_type":"article","og_title":"Concours ENSO-T\u00a0: Les \u00e9preuves \u00e9crites pr\u00e9vues ce\u00a0samedi 28 juin 2025\u00a0 - La Voix de la Nation","og_description":"Les \u00e9preuves \u00e9crites du concours d\u2019entr\u00e9e \u00e0 l\u2019Ecole nationale des sous-officiers de T\u00e9m\u00e9dja (ENSO-T) au titre de l\u2019ann\u00e9e 2025 auront lieu le&nbsp;samedi 28 juin 2025. Les centres retenus sont l\u2019\u00e9cole&hellip;","og_url":"https:\/\/lavoixdelanation.tg\/index.php\/2025\/06\/22\/concours-enso-t-les-epreuves-ecrites-prevues-ce-samedi-28-juin-2025\/","og_site_name":"La Voix de la Nation","article_publisher":"https:\/\/www.facebook.com\/lavoixdelanation","article_published_time":"2025-06-22T16:55:58+00:00","article_modified_time":"2025-06-23T17:00:21+00:00","og_image":[{"width":650,"height":407,"url":"https:\/\/lavoixdelanation.tg\/wp-content\/uploads\/2025\/06\/Le-Concours-ENSO-T-au-Togo.jpeg","type":"image\/jpeg"}],"author":"La voix de la nation","twitter_card":"summary_large_image","twitter_misc":{"\u00c9crit par":"La voix de la nation","Dur\u00e9e de lecture estim\u00e9e":"1 minute"},"schema":{"@context":"https:\/\/schema.org","@graph":[{"@type":"Article","@id":"https:\/\/lavoixdelanation.tg\/index.php\/2025\/06\/22\/concours-enso-t-les-epreuves-ecrites-prevues-ce-samedi-28-juin-2025\/#article","isPartOf":{"@id":"https:\/\/lavoixdelanation.tg\/index.php\/2025\/06\/22\/concours-enso-t-les-epreuves-ecrites-prevues-ce-samedi-28-juin-2025\/"},"author":{"name":"La voix de la nation","@id":"https:\/\/lavoixdelanation.tg\/#\/schema\/person\/6c489293aa38053673a9e554acb6e224"},"headline":"Concours ENSO-T\u00a0: Les \u00e9preuves \u00e9crites pr\u00e9vues ce\u00a0samedi 28 juin 2025\u00a0","datePublished":"2025-06-22T16:55:58+00:00","dateModified":"2025-06-23T17:00:21+00:00","mainEntityOfPage":{"@id":"https:\/\/lavoixdelanation.tg\/index.php\/2025\/06\/22\/concours-enso-t-les-epreuves-ecrites-prevues-ce-samedi-28-juin-2025\/"},"wordCount":117,"commentCount":0,"publisher":{"@id":"https:\/\/lavoixdelanation.tg\/#organization"},"image":{"@id":"https:\/\/lavoixdelanation.tg\/index.php\/2025\/06\/22\/concours-enso-t-les-epreuves-ecrites-prevues-ce-samedi-28-juin-2025\/#primaryimage"},"thumbnailUrl":"https:\/\/lavoixdelanation.tg\/wp-content\/uploads\/2025\/06\/Le-Concours-ENSO-T-au-Togo.jpeg","keywords":["Concours ENSO-T","T\u00e9m\u00e9dja","Togo"],"articleSection":["Education"],"inLanguage":"fr-FR","potentialAction":[{"@type":"CommentAction","name":"Comment","target":["https:\/\/lavoixdelanation.tg\/index.php\/2025\/06\/22\/concours-enso-t-les-epreuves-ecrites-prevues-ce-samedi-28-juin-2025\/#respond"]}]},{"@type":"WebPage","@id":"https:\/\/lavoixdelanation.tg\/index.php\/2025\/06\/22\/concours-enso-t-les-epreuves-ecrites-prevues-ce-samedi-28-juin-2025\/","url":"https:\/\/lavoixdelanation.tg\/index.php\/2025\/06\/22\/concours-enso-t-les-epreuves-ecrites-prevues-ce-samedi-28-juin-2025\/","name":"Concours ENSO-T\u00a0: Les \u00e9preuves \u00e9crites pr\u00e9vues ce\u00a0samedi 28 juin 2025\u00a0 - La Voix de la Nation","isPartOf":{"@id":"https:\/\/lavoixdelanation.tg\/#website"},"primaryImageOfPage":{"@id":"https:\/\/lavoixdelanation.tg\/index.php\/2025\/06\/22\/concours-enso-t-les-epreuves-ecrites-prevues-ce-samedi-28-juin-2025\/#primaryimage"},"image":{"@id":"https:\/\/lavoixdelanation.tg\/index.php\/2025\/06\/22\/concours-enso-t-les-epreuves-ecrites-prevues-ce-samedi-28-juin-2025\/#primaryimage"},"thumbnailUrl":"https:\/\/lavoixdelanation.tg\/wp-content\/uploads\/2025\/06\/Le-Concours-ENSO-T-au-Togo.jpeg","datePublished":"2025-06-22T16:55:58+00:00","dateModified":"2025-06-23T17:00:21+00:00","breadcrumb":{"@id":"https:\/\/lavoixdelanation.tg\/index.php\/2025\/06\/22\/concours-enso-t-les-epreuves-ecrites-prevues-ce-samedi-28-juin-2025\/#breadcrumb"},"inLanguage":"fr-FR","potentialAction":[{"@type":"ReadAction","target":["https:\/\/lavoixdelanation.tg\/index.php\/2025\/06\/22\/concours-enso-t-les-epreuves-ecrites-prevues-ce-samedi-28-juin-2025\/"]}]},{"@type":"ImageObject","inLanguage":"fr-FR","@id":"https:\/\/lavoixdelanation.tg\/index.php\/2025\/06\/22\/concours-enso-t-les-epreuves-ecrites-prevues-ce-samedi-28-juin-2025\/#primaryimage","url":"https:\/\/lavoixdelanation.tg\/wp-content\/uploads\/2025\/06\/Le-Concours-ENSO-T-au-Togo.jpeg","contentUrl":"https:\/\/lavoixdelanation.tg\/wp-content\/uploads\/2025\/06\/Le-Concours-ENSO-T-au-Togo.jpeg","width":650,"height":407},{"@type":"BreadcrumbList","@id":"https:\/\/lavoixdelanation.tg\/index.php\/2025\/06\/22\/concours-enso-t-les-epreuves-ecrites-prevues-ce-samedi-28-juin-2025\/#breadcrumb","itemListElement":[{"@type":"ListItem","position":1,"name":"Accueil","item":"https:\/\/lavoixdelanation.tg\/"},{"@type":"ListItem","position":2,"name":"Concours ENSO-T\u00a0: Les \u00e9preuves \u00e9crites pr\u00e9vues ce\u00a0samedi 28 juin 2025\u00a0"}]},{"@type":"WebSite","@id":"https:\/\/lavoixdelanation.tg\/#website","url":"https:\/\/lavoixdelanation.tg\/","name":"La Voix de la Nation","description":"R\u00e9c\u00e9piss\u00e9 n\u00b00108\/HAAC\/01-2024\/pl\/P","publisher":{"@id":"https:\/\/lavoixdelanation.tg\/#organization"},"alternateName":"VON","potentialAction":[{"@type":"SearchAction","target":{"@type":"EntryPoint","urlTemplate":"https:\/\/lavoixdelanation.tg\/?s={search_term_string}"},"query-input":{"@type":"PropertyValueSpecification","valueRequired":true,"valueName":"search_term_string"}}],"inLanguage":"fr-FR"},{"@type":"Organization","@id":"https:\/\/lavoixdelanation.tg\/#organization","name":"La Voix de la Nation","url":"https:\/\/lavoixdelanation.tg\/","logo":{"@type":"ImageObject","inLanguage":"fr-FR","@id":"https:\/\/lavoixdelanation.tg\/#\/schema\/logo\/image\/","url":"https:\/\/lavoixdelanation.tg\/wp-content\/uploads\/2024\/12\/lavn-1.png","contentUrl":"https:\/\/lavoixdelanation.tg\/wp-content\/uploads\/2024\/12\/lavn-1.png","width":1024,"height":464,"caption":"La Voix de la Nation"},"image":{"@id":"https:\/\/lavoixdelanation.tg\/#\/schema\/logo\/image\/"},"sameAs":["https:\/\/www.facebook.com\/lavoixdelanation"]},{"@type":"Person","@id":"https:\/\/lavoixdelanation.tg\/#\/schema\/person\/6c489293aa38053673a9e554acb6e224","name":"La voix de la nation","image":{"@type":"ImageObject","inLanguage":"fr-FR","@id":"https:\/\/lavoixdelanation.tg\/#\/schema\/person\/image\/","url":"https:\/\/secure.gravatar.com\/avatar\/8aa135d4bbc794494cecaa8d483f6d6cc1023624868deaff686baed5e727a5a1?s=96&d=mm&r=g","contentUrl":"https:\/\/secure.gravatar.com\/avatar\/8aa135d4bbc794494cecaa8d483f6d6cc1023624868deaff686baed5e727a5a1?s=96&d=mm&r=g","caption":"La voix de la nation"},"sameAs":["https:\/\/lavoixdelanation.tg"],"url":"https:\/\/lavoixdelanation.tg\/index.php\/author\/lavn\/"}]}},"_links":{"self":[{"href":"https:\/\/lavoixdelanation.tg\/index.php\/wp-json\/wp\/v2\/posts\/3177","targetHints":{"allow":["GET"]}}],"collection":[{"href":"https:\/\/lavoixdelanation.tg\/index.php\/wp-json\/wp\/v2\/posts"}],"about":[{"href":"https:\/\/lavoixdelanation.tg\/index.php\/wp-json\/wp\/v2\/types\/post"}],"author":[{"embeddable":true,"href":"https:\/\/lavoixdelanation.tg\/index.php\/wp-json\/wp\/v2\/users\/1"}],"replies":[{"embeddable":true,"href":"https:\/\/lavoixdelanation.tg\/index.php\/wp-json\/wp\/v2\/comments?post=3177"}],"version-history":[{"count":1,"href":"https:\/\/lavoixdelanation.tg\/index.php\/wp-json\/wp\/v2\/posts\/3177\/revisions"}],"predecessor-version":[{"id":3180,"href":"https:\/\/lavoixdelanation.tg\/index.php\/wp-json\/wp\/v2\/posts\/3177\/revisions\/3180"}],"wp:featuredmedia":[{"embeddable":true,"href":"https:\/\/lavoixdelanation.tg\/index.php\/wp-json\/wp\/v2\/media\/3179"}],"wp:attachment":[{"href":"https:\/\/lavoixdelanation.tg\/index.php\/wp-json\/wp\/v2\/media?parent=3177"}],"wp:term":[{"taxonomy":"category","embeddable":true,"href":"https:\/\/lavoixdelanation.tg\/index.php\/wp-json\/wp\/v2\/categories?post=3177"},{"taxonomy":"post_tag","embeddable":true,"href":"https:\/\/lavoixdelanation.tg\/index.php\/wp-json\/wp\/v2\/tags?post=3177"}],"curies":[{"name":"wp","href":"https:\/\/api.w.org\/{rel}","templated":true}]}}