{"id":3174,"date":"2025-06-23T18:46:06","date_gmt":"2025-06-23T16:46:06","guid":{"rendered":"https:\/\/lavoixdelanation.tg\/?p=3174"},"modified":"2025-06-23T18:46:07","modified_gmt":"2025-06-23T16:46:07","slug":"recettes-fiscales-25806-milliards-f-cfa-mobilises-au-1er-trimestre-2025","status":"publish","type":"post","link":"https:\/\/lavoixdelanation.tg\/index.php\/2025\/06\/23\/recettes-fiscales-25806-milliards-f-cfa-mobilises-au-1er-trimestre-2025\/","title":{"rendered":"Recettes fiscales\u00a0: 258,06 milliards F CFA mobilis\u00e9s au 1er trimestre 2025"},"content":{"rendered":"\n<p><strong>Les recettes fiscales mobilis\u00e9es au premier trimestre de 2025 par l\u2019Office Togolais des Recettes (OTR) s\u2019\u00e9l\u00e8vent \u00e0 258,06 milliards de F CFA, selon les donn\u00e9es publi\u00e9es par la Direction g\u00e9n\u00e9rale du budget et des finances, dans son dernier rapport d\u2019ex\u00e9cution du budget de l\u2019Etat (\u00e0 fin mars 2025).&nbsp;<\/strong><\/p>\n\n\n\n<p>Les informations font \u00e9tat de ce que ce niveau de mobilisation repr\u00e9sente une progression de 5,81&nbsp;% par rapport aux 243,89 milliards FCFA collect\u00e9s \u00e0 la m\u00eame p\u00e9riode en 2024. Une dynamique positive de mobilisation, m\u00eame si ce niveau atteint ne repr\u00e9sente pour le moment que 21,36&nbsp;% des pr\u00e9visions annuelles fix\u00e9es \u00e0 1208,36 milliards F CFA.<\/p>\n\n\n\n<p>Selon l\u2019administration fiscale, la hausse enregistr\u00e9e s\u2019explique en partie par la progression des recettes issues de l\u2019imp\u00f4t sur les soci\u00e9t\u00e9s (IS), qui ont atteint 31,47 milliards FCFA, contre 27,30 milliards FCFA \u00e0 la m\u00eame p\u00e9riode en 2024, soit une hausse de 15,31&nbsp;%.<\/p>\n\n\n\n<p>Cette \u00e9volution est \u00e9galement soutenue par l\u2019\u00e9largissement de l\u2019assiette fiscale. Elle est en outre tir\u00e9e \u00e9galement par plusieurs r\u00e9formes structurelles, notamment la mise en \u0153uvre du tarif ext\u00e9rieur commun (TEC) r\u00e9vis\u00e9 de la CEDEAO dans le syst\u00e8me douanier SYDONIA, le renforcement de la surveillance du territoire ainsi que le renforcement des contr\u00f4les fiscaux et douaniers.<\/p>\n\n\n\n<p>Par ailleurs, l\u2019introduction par la loi de finances 2025, de la taxe sur les entreprises de t\u00e9l\u00e9communications et des technologies de l&rsquo;information et de la communication (TETTIC) a \u00e9galement contribu\u00e9 \u00e0 la hausse des recettes. Cette taxe, fix\u00e9e \u00e0 5&nbsp;% du chiffre d\u2019affaires hors taxes des op\u00e9rateurs t\u00e9l\u00e9coms, a permis de mobiliser 1,30 milliard FCFA toujours \u00e0 fin mars 2025.<\/p>\n","protected":false},"excerpt":{"rendered":"<p>Les recettes fiscales mobilis\u00e9es au premier trimestre de 2025 par l\u2019Office Togolais des Recettes (OTR) s\u2019\u00e9l\u00e8vent \u00e0 258,06 milliards de F CFA, selon les donn\u00e9es publi\u00e9es par la Direction g\u00e9n\u00e9rale&hellip; <\/p>\n","protected":false},"author":1,"featured_media":3175,"comment_status":"open","ping_status":"open","sticky":false,"template":"","format":"standard","meta":{"footnotes":""},"categories":[8],"tags":[752,753,39],"class_list":["post-3174","post","type-post","status-publish","format-standard","has-post-thumbnail","hentry","category-economie","tag-otr","tag-recettes-fiscales","tag-togo"],"yoast_head":"<!-- This site is optimized with the Yoast SEO plugin v26.4 - https:\/\/yoast.com\/wordpress\/plugins\/seo\/ -->\n<title>Recettes fiscales\u00a0: 258,06 milliards F CFA mobilis\u00e9s au 1er trimestre 2025 - La Voix de la Nation<\/title>\n<meta name=\"robots\" content=\"index, follow, max-snippet:-1, max-image-preview:large, max-video-preview:-1\" \/>\n<link rel=\"canonical\" href=\"https:\/\/lavoixdelanation.tg\/index.php\/2025\/06\/23\/recettes-fiscales-25806-milliards-f-cfa-mobilises-au-1er-trimestre-2025\/\" \/>\n<meta property=\"og:locale\" content=\"fr_FR\" \/>\n<meta property=\"og:type\" content=\"article\" \/>\n<meta property=\"og:title\" content=\"Recettes fiscales\u00a0: 258,06 milliards F CFA mobilis\u00e9s au 1er trimestre 2025 - La Voix de la Nation\" \/>\n<meta property=\"og:description\" content=\"Les recettes fiscales mobilis\u00e9es au premier trimestre de 2025 par l\u2019Office Togolais des Recettes (OTR) s\u2019\u00e9l\u00e8vent \u00e0 258,06 milliards de F CFA, selon les donn\u00e9es publi\u00e9es par la Direction g\u00e9n\u00e9rale&hellip;\" \/>\n<meta property=\"og:url\" content=\"https:\/\/lavoixdelanation.tg\/index.php\/2025\/06\/23\/recettes-fiscales-25806-milliards-f-cfa-mobilises-au-1er-trimestre-2025\/\" \/>\n<meta property=\"og:site_name\" content=\"La Voix de la Nation\" \/>\n<meta property=\"article:publisher\" content=\"https:\/\/www.facebook.com\/lavoixdelanation\" \/>\n<meta property=\"article:published_time\" content=\"2025-06-23T16:46:06+00:00\" \/>\n<meta property=\"article:modified_time\" content=\"2025-06-23T16:46:07+00:00\" \/>\n<meta property=\"og:image\" content=\"https:\/\/lavoixdelanation.tg\/wp-content\/uploads\/2025\/06\/Siege-de-lOTR-a-Lome.jpg\" \/>\n\t<meta property=\"og:image:width\" content=\"650\" \/>\n\t<meta property=\"og:image:height\" content=\"452\" \/>\n\t<meta property=\"og:image:type\" content=\"image\/jpeg\" \/>\n<meta name=\"author\" content=\"La voix de la nation\" \/>\n<meta name=\"twitter:card\" content=\"summary_large_image\" \/>\n<meta name=\"twitter:label1\" content=\"\u00c9crit par\" \/>\n\t<meta name=\"twitter:data1\" content=\"La voix de la nation\" \/>\n\t<meta name=\"twitter:label2\" content=\"Dur\u00e9e de lecture estim\u00e9e\" \/>\n\t<meta name=\"twitter:data2\" content=\"2 minutes\" \/>\n<script type=\"application\/ld+json\" class=\"yoast-schema-graph\">{\"@context\":\"https:\/\/schema.org\",\"@graph\":[{\"@type\":\"Article\",\"@id\":\"https:\/\/lavoixdelanation.tg\/index.php\/2025\/06\/23\/recettes-fiscales-25806-milliards-f-cfa-mobilises-au-1er-trimestre-2025\/#article\",\"isPartOf\":{\"@id\":\"https:\/\/lavoixdelanation.tg\/index.php\/2025\/06\/23\/recettes-fiscales-25806-milliards-f-cfa-mobilises-au-1er-trimestre-2025\/\"},\"author\":{\"name\":\"La voix de la nation\",\"@id\":\"https:\/\/lavoixdelanation.tg\/#\/schema\/person\/6c489293aa38053673a9e554acb6e224\"},\"headline\":\"Recettes fiscales\u00a0: 258,06 milliards F CFA mobilis\u00e9s au 1er trimestre 2025\",\"datePublished\":\"2025-06-23T16:46:06+00:00\",\"dateModified\":\"2025-06-23T16:46:07+00:00\",\"mainEntityOfPage\":{\"@id\":\"https:\/\/lavoixdelanation.tg\/index.php\/2025\/06\/23\/recettes-fiscales-25806-milliards-f-cfa-mobilises-au-1er-trimestre-2025\/\"},\"wordCount\":296,\"commentCount\":0,\"publisher\":{\"@id\":\"https:\/\/lavoixdelanation.tg\/#organization\"},\"image\":{\"@id\":\"https:\/\/lavoixdelanation.tg\/index.php\/2025\/06\/23\/recettes-fiscales-25806-milliards-f-cfa-mobilises-au-1er-trimestre-2025\/#primaryimage\"},\"thumbnailUrl\":\"https:\/\/lavoixdelanation.tg\/wp-content\/uploads\/2025\/06\/Siege-de-lOTR-a-Lome.jpg\",\"keywords\":[\"OTR\",\"Recettes fiscales\",\"Togo\"],\"articleSection\":[\"Economie\"],\"inLanguage\":\"fr-FR\",\"potentialAction\":[{\"@type\":\"CommentAction\",\"name\":\"Comment\",\"target\":[\"https:\/\/lavoixdelanation.tg\/index.php\/2025\/06\/23\/recettes-fiscales-25806-milliards-f-cfa-mobilises-au-1er-trimestre-2025\/#respond\"]}]},{\"@type\":\"WebPage\",\"@id\":\"https:\/\/lavoixdelanation.tg\/index.php\/2025\/06\/23\/recettes-fiscales-25806-milliards-f-cfa-mobilises-au-1er-trimestre-2025\/\",\"url\":\"https:\/\/lavoixdelanation.tg\/index.php\/2025\/06\/23\/recettes-fiscales-25806-milliards-f-cfa-mobilises-au-1er-trimestre-2025\/\",\"name\":\"Recettes fiscales\u00a0: 258,06 milliards F CFA mobilis\u00e9s au 1er trimestre 2025 - La Voix de la Nation\",\"isPartOf\":{\"@id\":\"https:\/\/lavoixdelanation.tg\/#website\"},\"primaryImageOfPage\":{\"@id\":\"https:\/\/lavoixdelanation.tg\/index.php\/2025\/06\/23\/recettes-fiscales-25806-milliards-f-cfa-mobilises-au-1er-trimestre-2025\/#primaryimage\"},\"image\":{\"@id\":\"https:\/\/lavoixdelanation.tg\/index.php\/2025\/06\/23\/recettes-fiscales-25806-milliards-f-cfa-mobilises-au-1er-trimestre-2025\/#primaryimage\"},\"thumbnailUrl\":\"https:\/\/lavoixdelanation.tg\/wp-content\/uploads\/2025\/06\/Siege-de-lOTR-a-Lome.jpg\",\"datePublished\":\"2025-06-23T16:46:06+00:00\",\"dateModified\":\"2025-06-23T16:46:07+00:00\",\"breadcrumb\":{\"@id\":\"https:\/\/lavoixdelanation.tg\/index.php\/2025\/06\/23\/recettes-fiscales-25806-milliards-f-cfa-mobilises-au-1er-trimestre-2025\/#breadcrumb\"},\"inLanguage\":\"fr-FR\",\"potentialAction\":[{\"@type\":\"ReadAction\",\"target\":[\"https:\/\/lavoixdelanation.tg\/index.php\/2025\/06\/23\/recettes-fiscales-25806-milliards-f-cfa-mobilises-au-1er-trimestre-2025\/\"]}]},{\"@type\":\"ImageObject\",\"inLanguage\":\"fr-FR\",\"@id\":\"https:\/\/lavoixdelanation.tg\/index.php\/2025\/06\/23\/recettes-fiscales-25806-milliards-f-cfa-mobilises-au-1er-trimestre-2025\/#primaryimage\",\"url\":\"https:\/\/lavoixdelanation.tg\/wp-content\/uploads\/2025\/06\/Siege-de-lOTR-a-Lome.jpg\",\"contentUrl\":\"https:\/\/lavoixdelanation.tg\/wp-content\/uploads\/2025\/06\/Siege-de-lOTR-a-Lome.jpg\",\"width\":650,\"height\":452},{\"@type\":\"BreadcrumbList\",\"@id\":\"https:\/\/lavoixdelanation.tg\/index.php\/2025\/06\/23\/recettes-fiscales-25806-milliards-f-cfa-mobilises-au-1er-trimestre-2025\/#breadcrumb\",\"itemListElement\":[{\"@type\":\"ListItem\",\"position\":1,\"name\":\"Accueil\",\"item\":\"https:\/\/lavoixdelanation.tg\/\"},{\"@type\":\"ListItem\",\"position\":2,\"name\":\"Recettes fiscales\u00a0: 258,06 milliards F CFA mobilis\u00e9s au 1er trimestre 2025\"}]},{\"@type\":\"WebSite\",\"@id\":\"https:\/\/lavoixdelanation.tg\/#website\",\"url\":\"https:\/\/lavoixdelanation.tg\/\",\"name\":\"La Voix de la Nation\",\"description\":\"R\u00e9c\u00e9piss\u00e9 n\u00b00108\/HAAC\/01-2024\/pl\/P\",\"publisher\":{\"@id\":\"https:\/\/lavoixdelanation.tg\/#organization\"},\"alternateName\":\"VON\",\"potentialAction\":[{\"@type\":\"SearchAction\",\"target\":{\"@type\":\"EntryPoint\",\"urlTemplate\":\"https:\/\/lavoixdelanation.tg\/?s={search_term_string}\"},\"query-input\":{\"@type\":\"PropertyValueSpecification\",\"valueRequired\":true,\"valueName\":\"search_term_string\"}}],\"inLanguage\":\"fr-FR\"},{\"@type\":\"Organization\",\"@id\":\"https:\/\/lavoixdelanation.tg\/#organization\",\"name\":\"La Voix de la Nation\",\"url\":\"https:\/\/lavoixdelanation.tg\/\",\"logo\":{\"@type\":\"ImageObject\",\"inLanguage\":\"fr-FR\",\"@id\":\"https:\/\/lavoixdelanation.tg\/#\/schema\/logo\/image\/\",\"url\":\"https:\/\/lavoixdelanation.tg\/wp-content\/uploads\/2024\/12\/lavn-1.png\",\"contentUrl\":\"https:\/\/lavoixdelanation.tg\/wp-content\/uploads\/2024\/12\/lavn-1.png\",\"width\":1024,\"height\":464,\"caption\":\"La Voix de la Nation\"},\"image\":{\"@id\":\"https:\/\/lavoixdelanation.tg\/#\/schema\/logo\/image\/\"},\"sameAs\":[\"https:\/\/www.facebook.com\/lavoixdelanation\"]},{\"@type\":\"Person\",\"@id\":\"https:\/\/lavoixdelanation.tg\/#\/schema\/person\/6c489293aa38053673a9e554acb6e224\",\"name\":\"La voix de la nation\",\"image\":{\"@type\":\"ImageObject\",\"inLanguage\":\"fr-FR\",\"@id\":\"https:\/\/lavoixdelanation.tg\/#\/schema\/person\/image\/\",\"url\":\"https:\/\/secure.gravatar.com\/avatar\/8aa135d4bbc794494cecaa8d483f6d6cc1023624868deaff686baed5e727a5a1?s=96&d=mm&r=g\",\"contentUrl\":\"https:\/\/secure.gravatar.com\/avatar\/8aa135d4bbc794494cecaa8d483f6d6cc1023624868deaff686baed5e727a5a1?s=96&d=mm&r=g\",\"caption\":\"La voix de la nation\"},\"sameAs\":[\"https:\/\/lavoixdelanation.tg\"],\"url\":\"https:\/\/lavoixdelanation.tg\/index.php\/author\/lavn\/\"}]}<\/script>\n<!-- \/ Yoast SEO plugin. -->","yoast_head_json":{"title":"Recettes fiscales\u00a0: 258,06 milliards F CFA mobilis\u00e9s au 1er trimestre 2025 - La Voix de la Nation","robots":{"index":"index","follow":"follow","max-snippet":"max-snippet:-1","max-image-preview":"max-image-preview:large","max-video-preview":"max-video-preview:-1"},"canonical":"https:\/\/lavoixdelanation.tg\/index.php\/2025\/06\/23\/recettes-fiscales-25806-milliards-f-cfa-mobilises-au-1er-trimestre-2025\/","og_locale":"fr_FR","og_type":"article","og_title":"Recettes fiscales\u00a0: 258,06 milliards F CFA mobilis\u00e9s au 1er trimestre 2025 - La Voix de la Nation","og_description":"Les recettes fiscales mobilis\u00e9es au premier trimestre de 2025 par l\u2019Office Togolais des Recettes (OTR) s\u2019\u00e9l\u00e8vent \u00e0 258,06 milliards de F CFA, selon les donn\u00e9es publi\u00e9es par la Direction g\u00e9n\u00e9rale&hellip;","og_url":"https:\/\/lavoixdelanation.tg\/index.php\/2025\/06\/23\/recettes-fiscales-25806-milliards-f-cfa-mobilises-au-1er-trimestre-2025\/","og_site_name":"La Voix de la Nation","article_publisher":"https:\/\/www.facebook.com\/lavoixdelanation","article_published_time":"2025-06-23T16:46:06+00:00","article_modified_time":"2025-06-23T16:46:07+00:00","og_image":[{"width":650,"height":452,"url":"https:\/\/lavoixdelanation.tg\/wp-content\/uploads\/2025\/06\/Siege-de-lOTR-a-Lome.jpg","type":"image\/jpeg"}],"author":"La voix de la nation","twitter_card":"summary_large_image","twitter_misc":{"\u00c9crit par":"La voix de la nation","Dur\u00e9e de lecture estim\u00e9e":"2 minutes"},"schema":{"@context":"https:\/\/schema.org","@graph":[{"@type":"Article","@id":"https:\/\/lavoixdelanation.tg\/index.php\/2025\/06\/23\/recettes-fiscales-25806-milliards-f-cfa-mobilises-au-1er-trimestre-2025\/#article","isPartOf":{"@id":"https:\/\/lavoixdelanation.tg\/index.php\/2025\/06\/23\/recettes-fiscales-25806-milliards-f-cfa-mobilises-au-1er-trimestre-2025\/"},"author":{"name":"La voix de la nation","@id":"https:\/\/lavoixdelanation.tg\/#\/schema\/person\/6c489293aa38053673a9e554acb6e224"},"headline":"Recettes fiscales\u00a0: 258,06 milliards F CFA mobilis\u00e9s au 1er trimestre 2025","datePublished":"2025-06-23T16:46:06+00:00","dateModified":"2025-06-23T16:46:07+00:00","mainEntityOfPage":{"@id":"https:\/\/lavoixdelanation.tg\/index.php\/2025\/06\/23\/recettes-fiscales-25806-milliards-f-cfa-mobilises-au-1er-trimestre-2025\/"},"wordCount":296,"commentCount":0,"publisher":{"@id":"https:\/\/lavoixdelanation.tg\/#organization"},"image":{"@id":"https:\/\/lavoixdelanation.tg\/index.php\/2025\/06\/23\/recettes-fiscales-25806-milliards-f-cfa-mobilises-au-1er-trimestre-2025\/#primaryimage"},"thumbnailUrl":"https:\/\/lavoixdelanation.tg\/wp-content\/uploads\/2025\/06\/Siege-de-lOTR-a-Lome.jpg","keywords":["OTR","Recettes fiscales","Togo"],"articleSection":["Economie"],"inLanguage":"fr-FR","potentialAction":[{"@type":"CommentAction","name":"Comment","target":["https:\/\/lavoixdelanation.tg\/index.php\/2025\/06\/23\/recettes-fiscales-25806-milliards-f-cfa-mobilises-au-1er-trimestre-2025\/#respond"]}]},{"@type":"WebPage","@id":"https:\/\/lavoixdelanation.tg\/index.php\/2025\/06\/23\/recettes-fiscales-25806-milliards-f-cfa-mobilises-au-1er-trimestre-2025\/","url":"https:\/\/lavoixdelanation.tg\/index.php\/2025\/06\/23\/recettes-fiscales-25806-milliards-f-cfa-mobilises-au-1er-trimestre-2025\/","name":"Recettes fiscales\u00a0: 258,06 milliards F CFA mobilis\u00e9s au 1er trimestre 2025 - La Voix de la Nation","isPartOf":{"@id":"https:\/\/lavoixdelanation.tg\/#website"},"primaryImageOfPage":{"@id":"https:\/\/lavoixdelanation.tg\/index.php\/2025\/06\/23\/recettes-fiscales-25806-milliards-f-cfa-mobilises-au-1er-trimestre-2025\/#primaryimage"},"image":{"@id":"https:\/\/lavoixdelanation.tg\/index.php\/2025\/06\/23\/recettes-fiscales-25806-milliards-f-cfa-mobilises-au-1er-trimestre-2025\/#primaryimage"},"thumbnailUrl":"https:\/\/lavoixdelanation.tg\/wp-content\/uploads\/2025\/06\/Siege-de-lOTR-a-Lome.jpg","datePublished":"2025-06-23T16:46:06+00:00","dateModified":"2025-06-23T16:46:07+00:00","breadcrumb":{"@id":"https:\/\/lavoixdelanation.tg\/index.php\/2025\/06\/23\/recettes-fiscales-25806-milliards-f-cfa-mobilises-au-1er-trimestre-2025\/#breadcrumb"},"inLanguage":"fr-FR","potentialAction":[{"@type":"ReadAction","target":["https:\/\/lavoixdelanation.tg\/index.php\/2025\/06\/23\/recettes-fiscales-25806-milliards-f-cfa-mobilises-au-1er-trimestre-2025\/"]}]},{"@type":"ImageObject","inLanguage":"fr-FR","@id":"https:\/\/lavoixdelanation.tg\/index.php\/2025\/06\/23\/recettes-fiscales-25806-milliards-f-cfa-mobilises-au-1er-trimestre-2025\/#primaryimage","url":"https:\/\/lavoixdelanation.tg\/wp-content\/uploads\/2025\/06\/Siege-de-lOTR-a-Lome.jpg","contentUrl":"https:\/\/lavoixdelanation.tg\/wp-content\/uploads\/2025\/06\/Siege-de-lOTR-a-Lome.jpg","width":650,"height":452},{"@type":"BreadcrumbList","@id":"https:\/\/lavoixdelanation.tg\/index.php\/2025\/06\/23\/recettes-fiscales-25806-milliards-f-cfa-mobilises-au-1er-trimestre-2025\/#breadcrumb","itemListElement":[{"@type":"ListItem","position":1,"name":"Accueil","item":"https:\/\/lavoixdelanation.tg\/"},{"@type":"ListItem","position":2,"name":"Recettes fiscales\u00a0: 258,06 milliards F CFA mobilis\u00e9s au 1er trimestre 2025"}]},{"@type":"WebSite","@id":"https:\/\/lavoixdelanation.tg\/#website","url":"https:\/\/lavoixdelanation.tg\/","name":"La Voix de la Nation","description":"R\u00e9c\u00e9piss\u00e9 n\u00b00108\/HAAC\/01-2024\/pl\/P","publisher":{"@id":"https:\/\/lavoixdelanation.tg\/#organization"},"alternateName":"VON","potentialAction":[{"@type":"SearchAction","target":{"@type":"EntryPoint","urlTemplate":"https:\/\/lavoixdelanation.tg\/?s={search_term_string}"},"query-input":{"@type":"PropertyValueSpecification","valueRequired":true,"valueName":"search_term_string"}}],"inLanguage":"fr-FR"},{"@type":"Organization","@id":"https:\/\/lavoixdelanation.tg\/#organization","name":"La Voix de la Nation","url":"https:\/\/lavoixdelanation.tg\/","logo":{"@type":"ImageObject","inLanguage":"fr-FR","@id":"https:\/\/lavoixdelanation.tg\/#\/schema\/logo\/image\/","url":"https:\/\/lavoixdelanation.tg\/wp-content\/uploads\/2024\/12\/lavn-1.png","contentUrl":"https:\/\/lavoixdelanation.tg\/wp-content\/uploads\/2024\/12\/lavn-1.png","width":1024,"height":464,"caption":"La Voix de la Nation"},"image":{"@id":"https:\/\/lavoixdelanation.tg\/#\/schema\/logo\/image\/"},"sameAs":["https:\/\/www.facebook.com\/lavoixdelanation"]},{"@type":"Person","@id":"https:\/\/lavoixdelanation.tg\/#\/schema\/person\/6c489293aa38053673a9e554acb6e224","name":"La voix de la nation","image":{"@type":"ImageObject","inLanguage":"fr-FR","@id":"https:\/\/lavoixdelanation.tg\/#\/schema\/person\/image\/","url":"https:\/\/secure.gravatar.com\/avatar\/8aa135d4bbc794494cecaa8d483f6d6cc1023624868deaff686baed5e727a5a1?s=96&d=mm&r=g","contentUrl":"https:\/\/secure.gravatar.com\/avatar\/8aa135d4bbc794494cecaa8d483f6d6cc1023624868deaff686baed5e727a5a1?s=96&d=mm&r=g","caption":"La voix de la nation"},"sameAs":["https:\/\/lavoixdelanation.tg"],"url":"https:\/\/lavoixdelanation.tg\/index.php\/author\/lavn\/"}]}},"_links":{"self":[{"href":"https:\/\/lavoixdelanation.tg\/index.php\/wp-json\/wp\/v2\/posts\/3174","targetHints":{"allow":["GET"]}}],"collection":[{"href":"https:\/\/lavoixdelanation.tg\/index.php\/wp-json\/wp\/v2\/posts"}],"about":[{"href":"https:\/\/lavoixdelanation.tg\/index.php\/wp-json\/wp\/v2\/types\/post"}],"author":[{"embeddable":true,"href":"https:\/\/lavoixdelanation.tg\/index.php\/wp-json\/wp\/v2\/users\/1"}],"replies":[{"embeddable":true,"href":"https:\/\/lavoixdelanation.tg\/index.php\/wp-json\/wp\/v2\/comments?post=3174"}],"version-history":[{"count":1,"href":"https:\/\/lavoixdelanation.tg\/index.php\/wp-json\/wp\/v2\/posts\/3174\/revisions"}],"predecessor-version":[{"id":3176,"href":"https:\/\/lavoixdelanation.tg\/index.php\/wp-json\/wp\/v2\/posts\/3174\/revisions\/3176"}],"wp:featuredmedia":[{"embeddable":true,"href":"https:\/\/lavoixdelanation.tg\/index.php\/wp-json\/wp\/v2\/media\/3175"}],"wp:attachment":[{"href":"https:\/\/lavoixdelanation.tg\/index.php\/wp-json\/wp\/v2\/media?parent=3174"}],"wp:term":[{"taxonomy":"category","embeddable":true,"href":"https:\/\/lavoixdelanation.tg\/index.php\/wp-json\/wp\/v2\/categories?post=3174"},{"taxonomy":"post_tag","embeddable":true,"href":"https:\/\/lavoixdelanation.tg\/index.php\/wp-json\/wp\/v2\/tags?post=3174"}],"curies":[{"name":"wp","href":"https:\/\/api.w.org\/{rel}","templated":true}]}}