{"id":3170,"date":"2025-06-15T17:09:27","date_gmt":"2025-06-15T15:09:27","guid":{"rendered":"https:\/\/lavoixdelanation.tg\/?p=3170"},"modified":"2025-06-19T17:12:02","modified_gmt":"2025-06-19T15:12:02","slug":"le-togo-lance-le-marquage-des-produits-petroliers-distribues-sur-son-territoire","status":"publish","type":"post","link":"https:\/\/lavoixdelanation.tg\/index.php\/2025\/06\/15\/le-togo-lance-le-marquage-des-produits-petroliers-distribues-sur-son-territoire\/","title":{"rendered":"Le Togo lance le marquage des produits p\u00e9troliers distribu\u00e9s sur son territoire"},"content":{"rendered":"\n<p><strong>Apr\u00e8s les produits de consommation courante, le Togo lance le marquage des produits p\u00e9troliers distribu\u00e9s sur le territoire national.<\/strong><\/p>\n\n\n\n<p>Ce programme entr\u00e9 en vigueur au cours du mois de mai 2025, a fait l\u2019objet d\u2019une campagne d\u2019information et de sensibilisation conduite par le Minist\u00e8re charg\u00e9 du commerce et la Soci\u00e9t\u00e9 suisse SICPA SA aupr\u00e8s des acteurs concern\u00e9s le jeudi 12 juin dernier \u00e0 Lom\u00e9.<\/p>\n\n\n\n<p>Le Directeur de Cabinet du Ministre du Commerce et le Pr\u00e9sident de la Commission interminist\u00e9rielle charg\u00e9e de suivi de l\u2019ex\u00e9cution du contrat entre l\u2019Etat togolais et la Soci\u00e9t\u00e9 SICPA SA ont d\u2019abord rappel\u00e9 les objectifs et avantages de ce programme pour l\u2019\u00e9conomie togolaise.<\/p>\n\n\n\n<p>La Soci\u00e9t\u00e9 SICPA a pr\u00e9sent\u00e9 le cadre r\u00e8glementaire, le processus op\u00e9rationnel ainsi que la solution de marquage et de tra\u00e7abilit\u00e9 d\u00e9ploy\u00e9e.<\/p>\n\n\n\n<p>Les \u00e9changes et discussions ont permis de clarifier les r\u00f4les et responsabilit\u00e9s de chaque acteur concern\u00e9 par cette nouvelle r\u00e9forme du secteur p\u00e9trolier au Togo.<\/p>\n\n\n\n<p>La premi\u00e8re phase de ce programme de marquage concerne le gasoil industriel et est appel\u00e9 \u00e0 s\u2019\u00e9tendre aux autres produits p\u00e9troliers tels le super et le gasoil routier. Il devra permettre de mieux r\u00e9guler ce secteur qui fait face aux importations ill\u00e9gales, le frelatage, et le d\u00e9tournement de produits p\u00e9troliers subventionn\u00e9s et en transit.<\/p>\n\n\n\n<p>Selon le gouvernement, le marquage vise justement \u00e0 renforcer la transparence et prot\u00e9ger l\u2019\u00e9conomie l\u00e9gitime tout en garantissant du carburant de qualit\u00e9 aux consommateurs.<\/p>\n","protected":false},"excerpt":{"rendered":"<p>Apr\u00e8s les produits de consommation courante, le Togo lance le marquage des produits p\u00e9troliers distribu\u00e9s sur le territoire national. Ce programme entr\u00e9 en vigueur au cours du mois de mai&hellip; <\/p>\n","protected":false},"author":1,"featured_media":3171,"comment_status":"open","ping_status":"open","sticky":false,"template":"","format":"standard","meta":{"footnotes":""},"categories":[8],"tags":[750,751,39],"class_list":["post-3170","post","type-post","status-publish","format-standard","has-post-thumbnail","hentry","category-economie","tag-marquage","tag-produits-petroliers","tag-togo"],"yoast_head":"<!-- This site is optimized with the Yoast SEO plugin v26.4 - https:\/\/yoast.com\/wordpress\/plugins\/seo\/ -->\n<title>Le Togo lance le marquage des produits p\u00e9troliers distribu\u00e9s sur son territoire - La Voix de la Nation<\/title>\n<meta name=\"description\" content=\"Apr\u00e8s les produits de consommation courante, le Togo lance le marquage des produits p\u00e9troliers distribu\u00e9s sur le territoire national.\" \/>\n<meta name=\"robots\" content=\"index, follow, max-snippet:-1, max-image-preview:large, max-video-preview:-1\" \/>\n<link rel=\"canonical\" href=\"https:\/\/lavoixdelanation.tg\/index.php\/2025\/06\/15\/le-togo-lance-le-marquage-des-produits-petroliers-distribues-sur-son-territoire\/\" \/>\n<meta property=\"og:locale\" content=\"fr_FR\" \/>\n<meta property=\"og:type\" content=\"article\" \/>\n<meta property=\"og:title\" content=\"Le Togo lance le marquage des produits p\u00e9troliers distribu\u00e9s sur son territoire - La Voix de la Nation\" \/>\n<meta property=\"og:description\" content=\"Apr\u00e8s les produits de consommation courante, le Togo lance le marquage des produits p\u00e9troliers distribu\u00e9s sur le territoire national.\" \/>\n<meta property=\"og:url\" content=\"https:\/\/lavoixdelanation.tg\/index.php\/2025\/06\/15\/le-togo-lance-le-marquage-des-produits-petroliers-distribues-sur-son-territoire\/\" \/>\n<meta property=\"og:site_name\" content=\"La Voix de la Nation\" \/>\n<meta property=\"article:publisher\" content=\"https:\/\/www.facebook.com\/lavoixdelanation\" \/>\n<meta property=\"article:published_time\" content=\"2025-06-15T15:09:27+00:00\" \/>\n<meta property=\"article:modified_time\" content=\"2025-06-19T15:12:02+00:00\" \/>\n<meta property=\"og:image\" content=\"https:\/\/lavoixdelanation.tg\/wp-content\/uploads\/2025\/06\/Le-Togo-lance-le-marquage-des-produits-petroliers-distribues-sur-son-territoire.jpg\" \/>\n\t<meta property=\"og:image:width\" content=\"650\" \/>\n\t<meta property=\"og:image:height\" content=\"398\" \/>\n\t<meta property=\"og:image:type\" content=\"image\/jpeg\" \/>\n<meta name=\"author\" content=\"La voix de la nation\" \/>\n<meta name=\"twitter:card\" content=\"summary_large_image\" \/>\n<meta name=\"twitter:label1\" content=\"\u00c9crit par\" \/>\n\t<meta name=\"twitter:data1\" content=\"La voix de la nation\" \/>\n\t<meta name=\"twitter:label2\" content=\"Dur\u00e9e de lecture estim\u00e9e\" \/>\n\t<meta name=\"twitter:data2\" content=\"2 minutes\" \/>\n<script type=\"application\/ld+json\" class=\"yoast-schema-graph\">{\"@context\":\"https:\/\/schema.org\",\"@graph\":[{\"@type\":\"Article\",\"@id\":\"https:\/\/lavoixdelanation.tg\/index.php\/2025\/06\/15\/le-togo-lance-le-marquage-des-produits-petroliers-distribues-sur-son-territoire\/#article\",\"isPartOf\":{\"@id\":\"https:\/\/lavoixdelanation.tg\/index.php\/2025\/06\/15\/le-togo-lance-le-marquage-des-produits-petroliers-distribues-sur-son-territoire\/\"},\"author\":{\"name\":\"La voix de la nation\",\"@id\":\"https:\/\/lavoixdelanation.tg\/#\/schema\/person\/6c489293aa38053673a9e554acb6e224\"},\"headline\":\"Le Togo lance le marquage des produits p\u00e9troliers distribu\u00e9s sur son territoire\",\"datePublished\":\"2025-06-15T15:09:27+00:00\",\"dateModified\":\"2025-06-19T15:12:02+00:00\",\"mainEntityOfPage\":{\"@id\":\"https:\/\/lavoixdelanation.tg\/index.php\/2025\/06\/15\/le-togo-lance-le-marquage-des-produits-petroliers-distribues-sur-son-territoire\/\"},\"wordCount\":281,\"commentCount\":0,\"publisher\":{\"@id\":\"https:\/\/lavoixdelanation.tg\/#organization\"},\"image\":{\"@id\":\"https:\/\/lavoixdelanation.tg\/index.php\/2025\/06\/15\/le-togo-lance-le-marquage-des-produits-petroliers-distribues-sur-son-territoire\/#primaryimage\"},\"thumbnailUrl\":\"https:\/\/lavoixdelanation.tg\/wp-content\/uploads\/2025\/06\/Le-Togo-lance-le-marquage-des-produits-petroliers-distribues-sur-son-territoire.jpg\",\"keywords\":[\"marquage\",\"produits p\u00e9troliers\",\"Togo\"],\"articleSection\":[\"Economie\"],\"inLanguage\":\"fr-FR\",\"potentialAction\":[{\"@type\":\"CommentAction\",\"name\":\"Comment\",\"target\":[\"https:\/\/lavoixdelanation.tg\/index.php\/2025\/06\/15\/le-togo-lance-le-marquage-des-produits-petroliers-distribues-sur-son-territoire\/#respond\"]}]},{\"@type\":\"WebPage\",\"@id\":\"https:\/\/lavoixdelanation.tg\/index.php\/2025\/06\/15\/le-togo-lance-le-marquage-des-produits-petroliers-distribues-sur-son-territoire\/\",\"url\":\"https:\/\/lavoixdelanation.tg\/index.php\/2025\/06\/15\/le-togo-lance-le-marquage-des-produits-petroliers-distribues-sur-son-territoire\/\",\"name\":\"Le Togo lance le marquage des produits p\u00e9troliers distribu\u00e9s sur son territoire - La Voix de la Nation\",\"isPartOf\":{\"@id\":\"https:\/\/lavoixdelanation.tg\/#website\"},\"primaryImageOfPage\":{\"@id\":\"https:\/\/lavoixdelanation.tg\/index.php\/2025\/06\/15\/le-togo-lance-le-marquage-des-produits-petroliers-distribues-sur-son-territoire\/#primaryimage\"},\"image\":{\"@id\":\"https:\/\/lavoixdelanation.tg\/index.php\/2025\/06\/15\/le-togo-lance-le-marquage-des-produits-petroliers-distribues-sur-son-territoire\/#primaryimage\"},\"thumbnailUrl\":\"https:\/\/lavoixdelanation.tg\/wp-content\/uploads\/2025\/06\/Le-Togo-lance-le-marquage-des-produits-petroliers-distribues-sur-son-territoire.jpg\",\"datePublished\":\"2025-06-15T15:09:27+00:00\",\"dateModified\":\"2025-06-19T15:12:02+00:00\",\"description\":\"Apr\u00e8s les produits de consommation courante, le Togo lance le marquage des produits p\u00e9troliers distribu\u00e9s sur le territoire national.\",\"breadcrumb\":{\"@id\":\"https:\/\/lavoixdelanation.tg\/index.php\/2025\/06\/15\/le-togo-lance-le-marquage-des-produits-petroliers-distribues-sur-son-territoire\/#breadcrumb\"},\"inLanguage\":\"fr-FR\",\"potentialAction\":[{\"@type\":\"ReadAction\",\"target\":[\"https:\/\/lavoixdelanation.tg\/index.php\/2025\/06\/15\/le-togo-lance-le-marquage-des-produits-petroliers-distribues-sur-son-territoire\/\"]}]},{\"@type\":\"ImageObject\",\"inLanguage\":\"fr-FR\",\"@id\":\"https:\/\/lavoixdelanation.tg\/index.php\/2025\/06\/15\/le-togo-lance-le-marquage-des-produits-petroliers-distribues-sur-son-territoire\/#primaryimage\",\"url\":\"https:\/\/lavoixdelanation.tg\/wp-content\/uploads\/2025\/06\/Le-Togo-lance-le-marquage-des-produits-petroliers-distribues-sur-son-territoire.jpg\",\"contentUrl\":\"https:\/\/lavoixdelanation.tg\/wp-content\/uploads\/2025\/06\/Le-Togo-lance-le-marquage-des-produits-petroliers-distribues-sur-son-territoire.jpg\",\"width\":650,\"height\":398},{\"@type\":\"BreadcrumbList\",\"@id\":\"https:\/\/lavoixdelanation.tg\/index.php\/2025\/06\/15\/le-togo-lance-le-marquage-des-produits-petroliers-distribues-sur-son-territoire\/#breadcrumb\",\"itemListElement\":[{\"@type\":\"ListItem\",\"position\":1,\"name\":\"Accueil\",\"item\":\"https:\/\/lavoixdelanation.tg\/\"},{\"@type\":\"ListItem\",\"position\":2,\"name\":\"Le Togo lance le marquage des produits p\u00e9troliers distribu\u00e9s sur son territoire\"}]},{\"@type\":\"WebSite\",\"@id\":\"https:\/\/lavoixdelanation.tg\/#website\",\"url\":\"https:\/\/lavoixdelanation.tg\/\",\"name\":\"La Voix de la Nation\",\"description\":\"R\u00e9c\u00e9piss\u00e9 n\u00b00108\/HAAC\/01-2024\/pl\/P\",\"publisher\":{\"@id\":\"https:\/\/lavoixdelanation.tg\/#organization\"},\"alternateName\":\"VON\",\"potentialAction\":[{\"@type\":\"SearchAction\",\"target\":{\"@type\":\"EntryPoint\",\"urlTemplate\":\"https:\/\/lavoixdelanation.tg\/?s={search_term_string}\"},\"query-input\":{\"@type\":\"PropertyValueSpecification\",\"valueRequired\":true,\"valueName\":\"search_term_string\"}}],\"inLanguage\":\"fr-FR\"},{\"@type\":\"Organization\",\"@id\":\"https:\/\/lavoixdelanation.tg\/#organization\",\"name\":\"La Voix de la Nation\",\"url\":\"https:\/\/lavoixdelanation.tg\/\",\"logo\":{\"@type\":\"ImageObject\",\"inLanguage\":\"fr-FR\",\"@id\":\"https:\/\/lavoixdelanation.tg\/#\/schema\/logo\/image\/\",\"url\":\"https:\/\/lavoixdelanation.tg\/wp-content\/uploads\/2024\/12\/lavn-1.png\",\"contentUrl\":\"https:\/\/lavoixdelanation.tg\/wp-content\/uploads\/2024\/12\/lavn-1.png\",\"width\":1024,\"height\":464,\"caption\":\"La Voix de la Nation\"},\"image\":{\"@id\":\"https:\/\/lavoixdelanation.tg\/#\/schema\/logo\/image\/\"},\"sameAs\":[\"https:\/\/www.facebook.com\/lavoixdelanation\"]},{\"@type\":\"Person\",\"@id\":\"https:\/\/lavoixdelanation.tg\/#\/schema\/person\/6c489293aa38053673a9e554acb6e224\",\"name\":\"La voix de la nation\",\"image\":{\"@type\":\"ImageObject\",\"inLanguage\":\"fr-FR\",\"@id\":\"https:\/\/lavoixdelanation.tg\/#\/schema\/person\/image\/\",\"url\":\"https:\/\/secure.gravatar.com\/avatar\/8aa135d4bbc794494cecaa8d483f6d6cc1023624868deaff686baed5e727a5a1?s=96&d=mm&r=g\",\"contentUrl\":\"https:\/\/secure.gravatar.com\/avatar\/8aa135d4bbc794494cecaa8d483f6d6cc1023624868deaff686baed5e727a5a1?s=96&d=mm&r=g\",\"caption\":\"La voix de la nation\"},\"sameAs\":[\"https:\/\/lavoixdelanation.tg\"],\"url\":\"https:\/\/lavoixdelanation.tg\/index.php\/author\/lavn\/\"}]}<\/script>\n<!-- \/ Yoast SEO plugin. -->","yoast_head_json":{"title":"Le Togo lance le marquage des produits p\u00e9troliers distribu\u00e9s sur son territoire - La Voix de la Nation","description":"Apr\u00e8s les produits de consommation courante, le Togo lance le marquage des produits p\u00e9troliers distribu\u00e9s sur le territoire national.","robots":{"index":"index","follow":"follow","max-snippet":"max-snippet:-1","max-image-preview":"max-image-preview:large","max-video-preview":"max-video-preview:-1"},"canonical":"https:\/\/lavoixdelanation.tg\/index.php\/2025\/06\/15\/le-togo-lance-le-marquage-des-produits-petroliers-distribues-sur-son-territoire\/","og_locale":"fr_FR","og_type":"article","og_title":"Le Togo lance le marquage des produits p\u00e9troliers distribu\u00e9s sur son territoire - La Voix de la Nation","og_description":"Apr\u00e8s les produits de consommation courante, le Togo lance le marquage des produits p\u00e9troliers distribu\u00e9s sur le territoire national.","og_url":"https:\/\/lavoixdelanation.tg\/index.php\/2025\/06\/15\/le-togo-lance-le-marquage-des-produits-petroliers-distribues-sur-son-territoire\/","og_site_name":"La Voix de la Nation","article_publisher":"https:\/\/www.facebook.com\/lavoixdelanation","article_published_time":"2025-06-15T15:09:27+00:00","article_modified_time":"2025-06-19T15:12:02+00:00","og_image":[{"width":650,"height":398,"url":"https:\/\/lavoixdelanation.tg\/wp-content\/uploads\/2025\/06\/Le-Togo-lance-le-marquage-des-produits-petroliers-distribues-sur-son-territoire.jpg","type":"image\/jpeg"}],"author":"La voix de la nation","twitter_card":"summary_large_image","twitter_misc":{"\u00c9crit par":"La voix de la nation","Dur\u00e9e de lecture estim\u00e9e":"2 minutes"},"schema":{"@context":"https:\/\/schema.org","@graph":[{"@type":"Article","@id":"https:\/\/lavoixdelanation.tg\/index.php\/2025\/06\/15\/le-togo-lance-le-marquage-des-produits-petroliers-distribues-sur-son-territoire\/#article","isPartOf":{"@id":"https:\/\/lavoixdelanation.tg\/index.php\/2025\/06\/15\/le-togo-lance-le-marquage-des-produits-petroliers-distribues-sur-son-territoire\/"},"author":{"name":"La voix de la nation","@id":"https:\/\/lavoixdelanation.tg\/#\/schema\/person\/6c489293aa38053673a9e554acb6e224"},"headline":"Le Togo lance le marquage des produits p\u00e9troliers distribu\u00e9s sur son territoire","datePublished":"2025-06-15T15:09:27+00:00","dateModified":"2025-06-19T15:12:02+00:00","mainEntityOfPage":{"@id":"https:\/\/lavoixdelanation.tg\/index.php\/2025\/06\/15\/le-togo-lance-le-marquage-des-produits-petroliers-distribues-sur-son-territoire\/"},"wordCount":281,"commentCount":0,"publisher":{"@id":"https:\/\/lavoixdelanation.tg\/#organization"},"image":{"@id":"https:\/\/lavoixdelanation.tg\/index.php\/2025\/06\/15\/le-togo-lance-le-marquage-des-produits-petroliers-distribues-sur-son-territoire\/#primaryimage"},"thumbnailUrl":"https:\/\/lavoixdelanation.tg\/wp-content\/uploads\/2025\/06\/Le-Togo-lance-le-marquage-des-produits-petroliers-distribues-sur-son-territoire.jpg","keywords":["marquage","produits p\u00e9troliers","Togo"],"articleSection":["Economie"],"inLanguage":"fr-FR","potentialAction":[{"@type":"CommentAction","name":"Comment","target":["https:\/\/lavoixdelanation.tg\/index.php\/2025\/06\/15\/le-togo-lance-le-marquage-des-produits-petroliers-distribues-sur-son-territoire\/#respond"]}]},{"@type":"WebPage","@id":"https:\/\/lavoixdelanation.tg\/index.php\/2025\/06\/15\/le-togo-lance-le-marquage-des-produits-petroliers-distribues-sur-son-territoire\/","url":"https:\/\/lavoixdelanation.tg\/index.php\/2025\/06\/15\/le-togo-lance-le-marquage-des-produits-petroliers-distribues-sur-son-territoire\/","name":"Le Togo lance le marquage des produits p\u00e9troliers distribu\u00e9s sur son territoire - La Voix de la Nation","isPartOf":{"@id":"https:\/\/lavoixdelanation.tg\/#website"},"primaryImageOfPage":{"@id":"https:\/\/lavoixdelanation.tg\/index.php\/2025\/06\/15\/le-togo-lance-le-marquage-des-produits-petroliers-distribues-sur-son-territoire\/#primaryimage"},"image":{"@id":"https:\/\/lavoixdelanation.tg\/index.php\/2025\/06\/15\/le-togo-lance-le-marquage-des-produits-petroliers-distribues-sur-son-territoire\/#primaryimage"},"thumbnailUrl":"https:\/\/lavoixdelanation.tg\/wp-content\/uploads\/2025\/06\/Le-Togo-lance-le-marquage-des-produits-petroliers-distribues-sur-son-territoire.jpg","datePublished":"2025-06-15T15:09:27+00:00","dateModified":"2025-06-19T15:12:02+00:00","description":"Apr\u00e8s les produits de consommation courante, le Togo lance le marquage des produits p\u00e9troliers distribu\u00e9s sur le territoire national.","breadcrumb":{"@id":"https:\/\/lavoixdelanation.tg\/index.php\/2025\/06\/15\/le-togo-lance-le-marquage-des-produits-petroliers-distribues-sur-son-territoire\/#breadcrumb"},"inLanguage":"fr-FR","potentialAction":[{"@type":"ReadAction","target":["https:\/\/lavoixdelanation.tg\/index.php\/2025\/06\/15\/le-togo-lance-le-marquage-des-produits-petroliers-distribues-sur-son-territoire\/"]}]},{"@type":"ImageObject","inLanguage":"fr-FR","@id":"https:\/\/lavoixdelanation.tg\/index.php\/2025\/06\/15\/le-togo-lance-le-marquage-des-produits-petroliers-distribues-sur-son-territoire\/#primaryimage","url":"https:\/\/lavoixdelanation.tg\/wp-content\/uploads\/2025\/06\/Le-Togo-lance-le-marquage-des-produits-petroliers-distribues-sur-son-territoire.jpg","contentUrl":"https:\/\/lavoixdelanation.tg\/wp-content\/uploads\/2025\/06\/Le-Togo-lance-le-marquage-des-produits-petroliers-distribues-sur-son-territoire.jpg","width":650,"height":398},{"@type":"BreadcrumbList","@id":"https:\/\/lavoixdelanation.tg\/index.php\/2025\/06\/15\/le-togo-lance-le-marquage-des-produits-petroliers-distribues-sur-son-territoire\/#breadcrumb","itemListElement":[{"@type":"ListItem","position":1,"name":"Accueil","item":"https:\/\/lavoixdelanation.tg\/"},{"@type":"ListItem","position":2,"name":"Le Togo lance le marquage des produits p\u00e9troliers distribu\u00e9s sur son territoire"}]},{"@type":"WebSite","@id":"https:\/\/lavoixdelanation.tg\/#website","url":"https:\/\/lavoixdelanation.tg\/","name":"La Voix de la Nation","description":"R\u00e9c\u00e9piss\u00e9 n\u00b00108\/HAAC\/01-2024\/pl\/P","publisher":{"@id":"https:\/\/lavoixdelanation.tg\/#organization"},"alternateName":"VON","potentialAction":[{"@type":"SearchAction","target":{"@type":"EntryPoint","urlTemplate":"https:\/\/lavoixdelanation.tg\/?s={search_term_string}"},"query-input":{"@type":"PropertyValueSpecification","valueRequired":true,"valueName":"search_term_string"}}],"inLanguage":"fr-FR"},{"@type":"Organization","@id":"https:\/\/lavoixdelanation.tg\/#organization","name":"La Voix de la Nation","url":"https:\/\/lavoixdelanation.tg\/","logo":{"@type":"ImageObject","inLanguage":"fr-FR","@id":"https:\/\/lavoixdelanation.tg\/#\/schema\/logo\/image\/","url":"https:\/\/lavoixdelanation.tg\/wp-content\/uploads\/2024\/12\/lavn-1.png","contentUrl":"https:\/\/lavoixdelanation.tg\/wp-content\/uploads\/2024\/12\/lavn-1.png","width":1024,"height":464,"caption":"La Voix de la Nation"},"image":{"@id":"https:\/\/lavoixdelanation.tg\/#\/schema\/logo\/image\/"},"sameAs":["https:\/\/www.facebook.com\/lavoixdelanation"]},{"@type":"Person","@id":"https:\/\/lavoixdelanation.tg\/#\/schema\/person\/6c489293aa38053673a9e554acb6e224","name":"La voix de la nation","image":{"@type":"ImageObject","inLanguage":"fr-FR","@id":"https:\/\/lavoixdelanation.tg\/#\/schema\/person\/image\/","url":"https:\/\/secure.gravatar.com\/avatar\/8aa135d4bbc794494cecaa8d483f6d6cc1023624868deaff686baed5e727a5a1?s=96&d=mm&r=g","contentUrl":"https:\/\/secure.gravatar.com\/avatar\/8aa135d4bbc794494cecaa8d483f6d6cc1023624868deaff686baed5e727a5a1?s=96&d=mm&r=g","caption":"La voix de la nation"},"sameAs":["https:\/\/lavoixdelanation.tg"],"url":"https:\/\/lavoixdelanation.tg\/index.php\/author\/lavn\/"}]}},"_links":{"self":[{"href":"https:\/\/lavoixdelanation.tg\/index.php\/wp-json\/wp\/v2\/posts\/3170","targetHints":{"allow":["GET"]}}],"collection":[{"href":"https:\/\/lavoixdelanation.tg\/index.php\/wp-json\/wp\/v2\/posts"}],"about":[{"href":"https:\/\/lavoixdelanation.tg\/index.php\/wp-json\/wp\/v2\/types\/post"}],"author":[{"embeddable":true,"href":"https:\/\/lavoixdelanation.tg\/index.php\/wp-json\/wp\/v2\/users\/1"}],"replies":[{"embeddable":true,"href":"https:\/\/lavoixdelanation.tg\/index.php\/wp-json\/wp\/v2\/comments?post=3170"}],"version-history":[{"count":1,"href":"https:\/\/lavoixdelanation.tg\/index.php\/wp-json\/wp\/v2\/posts\/3170\/revisions"}],"predecessor-version":[{"id":3172,"href":"https:\/\/lavoixdelanation.tg\/index.php\/wp-json\/wp\/v2\/posts\/3170\/revisions\/3172"}],"wp:featuredmedia":[{"embeddable":true,"href":"https:\/\/lavoixdelanation.tg\/index.php\/wp-json\/wp\/v2\/media\/3171"}],"wp:attachment":[{"href":"https:\/\/lavoixdelanation.tg\/index.php\/wp-json\/wp\/v2\/media?parent=3170"}],"wp:term":[{"taxonomy":"category","embeddable":true,"href":"https:\/\/lavoixdelanation.tg\/index.php\/wp-json\/wp\/v2\/categories?post=3170"},{"taxonomy":"post_tag","embeddable":true,"href":"https:\/\/lavoixdelanation.tg\/index.php\/wp-json\/wp\/v2\/tags?post=3170"}],"curies":[{"name":"wp","href":"https:\/\/api.w.org\/{rel}","templated":true}]}}